{"id":27539,"date":"2022-09-18T00:10:00","date_gmt":"2022-09-17T23:10:00","guid":{"rendered":"https:\/\/lasentinelle.dz\/?p=27539"},"modified":"2022-09-18T11:51:53","modified_gmt":"2022-09-18T10:51:53","slug":"rentree-scolaire-cap-sur-la-digitalisation","status":"publish","type":"post","link":"https:\/\/lasentinelle.dz\/index.php\/2022\/09\/18\/rentree-scolaire-cap-sur-la-digitalisation\/","title":{"rendered":"Rentr\u00e9e scolaire\u00a0: Cap sur la digitalisation"},"content":{"rendered":"\n<p>Plus que quelques jours avant la rentr\u00e9e scolaire pr\u00e9vue mercredi prochain. Et \u00e0 la veille du retour de nos ch\u00e8res t\u00eates brunes dans les \u00e9coles, le premier responsable du secteur a tenu \u00e0 faire le point hier sur les derniers pr\u00e9paratifs de la rentr\u00e9e 2022-2023.<\/p>\n\n\n\n<p>Et l\u2019agenda du ministre de l\u2019\u00c9ducation nationale est en ce sens surbook\u00e9. Hier, Abdelhakim Belabed a eu \u00e0 pr\u00e9sider deux rencontres nationales destin\u00e9es \u00e0 apporter les derni\u00e8res retouches aux pr\u00e9paratifs. Ainsi et intervenant lors d\u2019une rencontre nationale intitul\u00e9e \u00ab\u00a0Le livre num\u00e9rique, le E-paiement dans la vente du manuel scolaire et le syst\u00e8me de gestion des ressources des \u00e9tablissements\u00a0\u00bb, le ministre a affirm\u00e9, que le processus de distribution des tablettes num\u00e9riques aux \u00e9coles est en voie d&rsquo;ach\u00e8vement \u00bb. Et de pr\u00e9ciser que \u00able minist\u00e8re a pris plusieurs mesures pour r\u00e9duire la charge du cartable scolaire en dotant 1.629 \u00e9coles par des tablettes num\u00e9riques au profit des \u00e9l\u00e8ves des troisi\u00e8me, quatri\u00e8me et cinqui\u00e8me ann\u00e9es du primaire&nbsp;\u00bb. Le ministre a indiqu\u00e9 que l&rsquo;Office national des publications scolaires a \u00abachev\u00e9 les d\u00e9marches li\u00e9es \u00e0 la deuxi\u00e8me \u00e9dition du manuel, qui porte une \u00e9tiquette \u00e9crite\u00bb et existe actuellement au niveau des \u00ab centres r\u00e9gionaux et \u00e9tatiques de l\u2019Office\u00bb, sachant que \u00abcet exemplaire sera conserv\u00e9 dans les d\u00e9partements et ne fait pas l&rsquo;objet d&rsquo;une vente\u00bb. Le ministre a, au passage, a reconnu \u00abquelques difficult\u00e9s d&rsquo;organisation li\u00e9es aux espaces de placement du livre\u00bb, tout en saluant \u00able bon d\u00e9roulement du processus de livraison aux \u00e9tablissements d&rsquo;enseignement, qui se d\u00e9roule parfaitement gr\u00e2ce \u00e0 l&rsquo;intensification des efforts de chacun dans l&rsquo;accomplissement de cette t\u00e2che\u00bb. Il a par ailleurs not\u00e9 \u00ables autres mesures suppl\u00e9mentaires prises li\u00e9es \u00e0 l&rsquo;intensification des emplacements de ce livre et \u00e0 sa mise \u00e0 la disposition de tous\u00bb,&nbsp;<\/p>\n\n\n\n<p>L&rsquo;ONPS a pris plusieurs autres mesures pour garantir la disponibilit\u00e9 du manuel, notamment l&rsquo;accr\u00e9ditation de plus de 1300 librairies priv\u00e9es et des points de vente au sein des \u00e9tablissements \u00e9ducatifs, l&rsquo;organisation d&rsquo;expositions dans les 58 wilayas, la signature d&rsquo;un accord pour assurer sa livraison \u00e0 un prix symbolique, outre les 24 points de vente dont dispose l&rsquo;ONPS dans 21 wilayas. Belabed a rappel\u00e9, par ailleurs, la convention sign\u00e9e samedi matin entre l&rsquo;ONPS et Alg\u00e9rie Poste et qui permettra aux parents d&rsquo;\u00e9l\u00e8ves de payer en ligne le manuel scolaire, les exhortant \u00e0 s&rsquo;inscrire dans cet espace qui compte actuellement plus d&rsquo;un million de parent d&rsquo;\u00e9l\u00e8ve.<\/p>\n\n\n\n<p>Le ministre de l&rsquo;Education nationale a \u00e9galement supervis\u00e9 une r\u00e9union organis\u00e9e par le comit\u00e9 charg\u00e9 de la pr\u00e9paration d&rsquo;un examen d&rsquo;\u00e9valuation des acquis de l&rsquo;\u00e9l\u00e8ve \u00e0 la fin du cycle primaire. Il a soulign\u00e9 que cet examen, dont les r\u00e9sultats ne sont pas comptabilis\u00e9s dans la moyenne g\u00e9n\u00e9rale du passage au cycle interm\u00e9diaire, vise \u00e0 diagnostiquer les insuffisances que peuvent subir nos enfants en fin de cycle primaire \u00bb. \u00abCela permettra&nbsp; de garantir un traitement p\u00e9dagogique \u00bb, a-t-il expliqu\u00e9 soulignant que ce proc\u00e9d\u00e9 \u00abvise \u00e0 accorder aux \u00e9l\u00e8ves des chances de r\u00e9ussir leur parcours scolaire, notamment apr\u00e8s avoir corrig\u00e9 les d\u00e9s\u00e9quilibres que cette \u00e9preuve d&rsquo;\u00e9valuation montre \u00e0 la fin du cycle primaire\u00bb. \u00ab Cet examen d&rsquo;\u00e9valuation des acquis remplacera l&rsquo;examen du certificat de fin d&rsquo;\u00e9tudes primaires qui a \u00e9t\u00e9 abandonn\u00e9 depuis la derni\u00e8re rentr\u00e9e scolaire\u00bb, a t-il fait savoir, notant que \u00ab la d\u00e9cision d&rsquo;abandonner est intervenue apr\u00e8s une \u00e9tude approfondie qui a prouv\u00e9 qu&rsquo;il n&rsquo;y a aucun avantage p\u00e9dagogique \u00e0 en tirer, ainsi que l&rsquo;enregistrement de pressions psychologiques.&nbsp;<\/p>\n\n\n\n<p>La veille, le ministre avait \u00e9voqu\u00e9 les derniers pr\u00e9paratifs pour garantir l\u2019introduction de l\u2019enseignement de l\u2019anglais au cycle primaire.<\/p>\n\n\n\n<p>&nbsp;\u00abTous les aspects li\u00e9s \u00e0 l&rsquo;enseignement de la langue anglaise \u00e0 partir de la 3e ann\u00e9e primaire seront finalis\u00e9s dans les d\u00e9lais fix\u00e9s, notamment en ce qui a lien avec l&rsquo;encadrement, la formation et la disponibilit\u00e9 du manuel scolaire\u00bb, a indiqu\u00e9 le ministre lors d\u2019une conf\u00e9rence nationale ax\u00e9e sur les orientations n\u00e9cessaires \u00e0 prendre en compte en pr\u00e9vision de la rentr\u00e9e scolaire. &nbsp;Ayant mis l\u2019accent sur l\u2019ouverture des cantines scolaires au premier jour de la rentr\u00e9e scolaire et de veiller \u00e0 assurer des repas chauds aux \u00e9l\u00e8ves, le ministre a charg\u00e9 l&rsquo;inspection g\u00e9n\u00e9rale du suivi de l&rsquo;op\u00e9ration et de l&rsquo;\u00e9valuation de la situation des \u00e9tablissements \u00e9ducatifs au niveau national concernant toutes les d\u00e9marches li\u00e9es \u00e0 la rentr\u00e9e.<\/p>\n\n\n\n<p><strong>Amar Malki<\/strong><\/p>\n","protected":false},"excerpt":{"rendered":"<p>Plus que quelques jours avant la rentr\u00e9e scolaire pr\u00e9vue mercredi prochain. Et \u00e0 la veille du retour de nos ch\u00e8res<\/p>\n","protected":false},"author":3,"featured_media":27544,"comment_status":"open","ping_status":"closed","sticky":false,"template":"","format":"standard","meta":{"colormag_page_container_layout":"default_layout","colormag_page_sidebar_layout":"default_layout","om_disable_all_campaigns":false,"_monsterinsights_skip_tracking":false,"_monsterinsights_sitenote_active":false,"_monsterinsights_sitenote_note":"","_monsterinsights_sitenote_category":0,"footnotes":"","_wpscppro_dont_share_socialmedia":false,"_wpscppro_custom_social_share_image":0,"_facebook_share_type":"","_twitter_share_type":"","_linkedin_share_type":"","_pinterest_share_type":"","_linkedin_share_type_page":"","_instagram_share_type":"","_medium_share_type":"","_threads_share_type":"","_google_business_share_type":"","_selected_social_profile":[],"_wpsp_enable_custom_social_template":false,"_wpsp_social_scheduling":{"enabled":false,"datetime":null,"platforms":[],"status":"template_only","dateOption":"today","timeOption":"now","customDays":"","customHours":"","customDate":"","customTime":"","schedulingType":"absolute"},"_wpsp_active_default_template":true},"categories":[52,27],"tags":[],"class_list":["post-27539","post","type-post","status-publish","format-standard","has-post-thumbnail","hentry","category-a-la-une","category-actualite"],"aioseo_notices":[],"yoast_head":"<!-- This site is optimized with the Yoast SEO plugin v27.5 - https:\/\/yoast.com\/product\/yoast-seo-wordpress\/ -->\n<title>Rentr\u00e9e scolaire\u00a0: Cap sur la digitalisation - La Sentinelle<\/title>\n<meta name=\"robots\" content=\"index, follow, max-snippet:-1, max-image-preview:large, max-video-preview:-1\" \/>\n<link rel=\"canonical\" href=\"https:\/\/lasentinelle.dz\/index.php\/2022\/09\/18\/rentree-scolaire-cap-sur-la-digitalisation\/\" \/>\n<meta property=\"og:locale\" content=\"fr_FR\" \/>\n<meta property=\"og:type\" content=\"article\" \/>\n<meta property=\"og:title\" content=\"Rentr\u00e9e scolaire\u00a0: Cap sur la digitalisation - La Sentinelle\" \/>\n<meta property=\"og:description\" content=\"Plus que quelques jours avant la rentr\u00e9e scolaire pr\u00e9vue mercredi prochain. Et \u00e0 la veille du retour de nos ch\u00e8res\" \/>\n<meta property=\"og:url\" content=\"https:\/\/lasentinelle.dz\/index.php\/2022\/09\/18\/rentree-scolaire-cap-sur-la-digitalisation\/\" \/>\n<meta property=\"og:site_name\" content=\"La Sentinelle\" \/>\n<meta property=\"article:publisher\" content=\"https:\/\/www.facebook.com\/La-Sentinelle-104059864394773\" \/>\n<meta property=\"article:published_time\" content=\"2022-09-17T23:10:00+00:00\" \/>\n<meta property=\"article:modified_time\" content=\"2022-09-18T10:51:53+00:00\" \/>\n<meta property=\"og:image\" content=\"https:\/\/lasentinelle.dz\/wp-content\/uploads\/2022\/09\/tab.png\" \/>\n\t<meta property=\"og:image:width\" content=\"1491\" \/>\n\t<meta property=\"og:image:height\" content=\"900\" \/>\n\t<meta property=\"og:image:type\" content=\"image\/png\" \/>\n<meta name=\"author\" content=\"La Sentinelle\" \/>\n<meta name=\"twitter:card\" content=\"summary_large_image\" \/>\n<meta name=\"twitter:label1\" content=\"\u00c9crit par\" \/>\n\t<meta name=\"twitter:data1\" content=\"La Sentinelle\" \/>\n\t<meta name=\"twitter:label2\" content=\"Dur\u00e9e de lecture estim\u00e9e\" \/>\n\t<meta name=\"twitter:data2\" content=\"4 minutes\" \/>\n<script type=\"application\/ld+json\" class=\"yoast-schema-graph\">{\"@context\":\"https:\\\/\\\/schema.org\",\"@graph\":[{\"@type\":\"Article\",\"@id\":\"https:\\\/\\\/lasentinelle.dz\\\/index.php\\\/2022\\\/09\\\/18\\\/rentree-scolaire-cap-sur-la-digitalisation\\\/#article\",\"isPartOf\":{\"@id\":\"https:\\\/\\\/lasentinelle.dz\\\/index.php\\\/2022\\\/09\\\/18\\\/rentree-scolaire-cap-sur-la-digitalisation\\\/\"},\"author\":{\"name\":\"La Sentinelle\",\"@id\":\"https:\\\/\\\/lasentinelle.dz\\\/#\\\/schema\\\/person\\\/d865044e22e70a75174ce8bcad3acfb3\"},\"headline\":\"Rentr\u00e9e scolaire\u00a0: Cap sur la digitalisation\",\"datePublished\":\"2022-09-17T23:10:00+00:00\",\"dateModified\":\"2022-09-18T10:51:53+00:00\",\"mainEntityOfPage\":{\"@id\":\"https:\\\/\\\/lasentinelle.dz\\\/index.php\\\/2022\\\/09\\\/18\\\/rentree-scolaire-cap-sur-la-digitalisation\\\/\"},\"wordCount\":809,\"commentCount\":0,\"publisher\":{\"@id\":\"https:\\\/\\\/lasentinelle.dz\\\/#organization\"},\"image\":{\"@id\":\"https:\\\/\\\/lasentinelle.dz\\\/index.php\\\/2022\\\/09\\\/18\\\/rentree-scolaire-cap-sur-la-digitalisation\\\/#primaryimage\"},\"thumbnailUrl\":\"https:\\\/\\\/lasentinelle.dz\\\/wp-content\\\/uploads\\\/2022\\\/09\\\/tab.png\",\"articleSection\":[\"\u00c0 la Une\",\"Actualit\u00e9\"],\"inLanguage\":\"fr-FR\",\"potentialAction\":[{\"@type\":\"CommentAction\",\"name\":\"Comment\",\"target\":[\"https:\\\/\\\/lasentinelle.dz\\\/index.php\\\/2022\\\/09\\\/18\\\/rentree-scolaire-cap-sur-la-digitalisation\\\/#respond\"]}]},{\"@type\":\"WebPage\",\"@id\":\"https:\\\/\\\/lasentinelle.dz\\\/index.php\\\/2022\\\/09\\\/18\\\/rentree-scolaire-cap-sur-la-digitalisation\\\/\",\"url\":\"https:\\\/\\\/lasentinelle.dz\\\/index.php\\\/2022\\\/09\\\/18\\\/rentree-scolaire-cap-sur-la-digitalisation\\\/\",\"name\":\"Rentr\u00e9e scolaire\u00a0: Cap sur la digitalisation - La Sentinelle\",\"isPartOf\":{\"@id\":\"https:\\\/\\\/lasentinelle.dz\\\/#website\"},\"primaryImageOfPage\":{\"@id\":\"https:\\\/\\\/lasentinelle.dz\\\/index.php\\\/2022\\\/09\\\/18\\\/rentree-scolaire-cap-sur-la-digitalisation\\\/#primaryimage\"},\"image\":{\"@id\":\"https:\\\/\\\/lasentinelle.dz\\\/index.php\\\/2022\\\/09\\\/18\\\/rentree-scolaire-cap-sur-la-digitalisation\\\/#primaryimage\"},\"thumbnailUrl\":\"https:\\\/\\\/lasentinelle.dz\\\/wp-content\\\/uploads\\\/2022\\\/09\\\/tab.png\",\"datePublished\":\"2022-09-17T23:10:00+00:00\",\"dateModified\":\"2022-09-18T10:51:53+00:00\",\"breadcrumb\":{\"@id\":\"https:\\\/\\\/lasentinelle.dz\\\/index.php\\\/2022\\\/09\\\/18\\\/rentree-scolaire-cap-sur-la-digitalisation\\\/#breadcrumb\"},\"inLanguage\":\"fr-FR\",\"potentialAction\":[{\"@type\":\"ReadAction\",\"target\":[\"https:\\\/\\\/lasentinelle.dz\\\/index.php\\\/2022\\\/09\\\/18\\\/rentree-scolaire-cap-sur-la-digitalisation\\\/\"]}]},{\"@type\":\"ImageObject\",\"inLanguage\":\"fr-FR\",\"@id\":\"https:\\\/\\\/lasentinelle.dz\\\/index.php\\\/2022\\\/09\\\/18\\\/rentree-scolaire-cap-sur-la-digitalisation\\\/#primaryimage\",\"url\":\"https:\\\/\\\/lasentinelle.dz\\\/wp-content\\\/uploads\\\/2022\\\/09\\\/tab.png\",\"contentUrl\":\"https:\\\/\\\/lasentinelle.dz\\\/wp-content\\\/uploads\\\/2022\\\/09\\\/tab.png\",\"width\":1491,\"height\":900},{\"@type\":\"BreadcrumbList\",\"@id\":\"https:\\\/\\\/lasentinelle.dz\\\/index.php\\\/2022\\\/09\\\/18\\\/rentree-scolaire-cap-sur-la-digitalisation\\\/#breadcrumb\",\"itemListElement\":[{\"@type\":\"ListItem\",\"position\":1,\"name\":\"Accueil\",\"item\":\"https:\\\/\\\/lasentinelle.dz\\\/\"},{\"@type\":\"ListItem\",\"position\":2,\"name\":\"Rentr\u00e9e scolaire\u00a0: Cap sur la digitalisation\"}]},{\"@type\":\"WebSite\",\"@id\":\"https:\\\/\\\/lasentinelle.dz\\\/#website\",\"url\":\"https:\\\/\\\/lasentinelle.dz\\\/\",\"name\":\"La Sentinelle\",\"description\":\"Quotidien national d&#039;information\",\"publisher\":{\"@id\":\"https:\\\/\\\/lasentinelle.dz\\\/#organization\"},\"potentialAction\":[{\"@type\":\"SearchAction\",\"target\":{\"@type\":\"EntryPoint\",\"urlTemplate\":\"https:\\\/\\\/lasentinelle.dz\\\/?s={search_term_string}\"},\"query-input\":{\"@type\":\"PropertyValueSpecification\",\"valueRequired\":true,\"valueName\":\"search_term_string\"}}],\"inLanguage\":\"fr-FR\"},{\"@type\":\"Organization\",\"@id\":\"https:\\\/\\\/lasentinelle.dz\\\/#organization\",\"name\":\"Quotidien La Sentinelle\",\"url\":\"https:\\\/\\\/lasentinelle.dz\\\/\",\"logo\":{\"@type\":\"ImageObject\",\"inLanguage\":\"fr-FR\",\"@id\":\"https:\\\/\\\/lasentinelle.dz\\\/#\\\/schema\\\/logo\\\/image\\\/\",\"url\":\"https:\\\/\\\/lasentinelle.dz\\\/wp-content\\\/uploads\\\/2021\\\/09\\\/logo-sentinelleSLOGAN-1.png\",\"contentUrl\":\"https:\\\/\\\/lasentinelle.dz\\\/wp-content\\\/uploads\\\/2021\\\/09\\\/logo-sentinelleSLOGAN-1.png\",\"width\":615,\"height\":142,\"caption\":\"Quotidien La Sentinelle\"},\"image\":{\"@id\":\"https:\\\/\\\/lasentinelle.dz\\\/#\\\/schema\\\/logo\\\/image\\\/\"},\"sameAs\":[\"https:\\\/\\\/www.facebook.com\\\/La-Sentinelle-104059864394773\"]},{\"@type\":\"Person\",\"@id\":\"https:\\\/\\\/lasentinelle.dz\\\/#\\\/schema\\\/person\\\/d865044e22e70a75174ce8bcad3acfb3\",\"name\":\"La Sentinelle\",\"image\":{\"@type\":\"ImageObject\",\"inLanguage\":\"fr-FR\",\"@id\":\"https:\\\/\\\/secure.gravatar.com\\\/avatar\\\/57de8e5d4b15d43fb361a71fbb36338450fe67865b528a43dd10ef7c51a20392?s=96&d=mm&r=g\",\"url\":\"https:\\\/\\\/secure.gravatar.com\\\/avatar\\\/57de8e5d4b15d43fb361a71fbb36338450fe67865b528a43dd10ef7c51a20392?s=96&d=mm&r=g\",\"contentUrl\":\"https:\\\/\\\/secure.gravatar.com\\\/avatar\\\/57de8e5d4b15d43fb361a71fbb36338450fe67865b528a43dd10ef7c51a20392?s=96&d=mm&r=g\",\"caption\":\"La Sentinelle\"},\"sameAs\":[\"http:\\\/\\\/www.lasentinelle.dz\"],\"url\":\"https:\\\/\\\/lasentinelle.dz\\\/author\\\/redaction\\\/\"}]}<\/script>\n<!-- \/ Yoast SEO plugin. -->","yoast_head_json":{"title":"Rentr\u00e9e scolaire\u00a0: Cap sur la digitalisation - La Sentinelle","robots":{"index":"index","follow":"follow","max-snippet":"max-snippet:-1","max-image-preview":"max-image-preview:large","max-video-preview":"max-video-preview:-1"},"canonical":"https:\/\/lasentinelle.dz\/index.php\/2022\/09\/18\/rentree-scolaire-cap-sur-la-digitalisation\/","og_locale":"fr_FR","og_type":"article","og_title":"Rentr\u00e9e scolaire\u00a0: Cap sur la digitalisation - La Sentinelle","og_description":"Plus que quelques jours avant la rentr\u00e9e scolaire pr\u00e9vue mercredi prochain. Et \u00e0 la veille du retour de nos ch\u00e8res","og_url":"https:\/\/lasentinelle.dz\/index.php\/2022\/09\/18\/rentree-scolaire-cap-sur-la-digitalisation\/","og_site_name":"La Sentinelle","article_publisher":"https:\/\/www.facebook.com\/La-Sentinelle-104059864394773","article_published_time":"2022-09-17T23:10:00+00:00","article_modified_time":"2022-09-18T10:51:53+00:00","og_image":[{"width":1491,"height":900,"url":"https:\/\/lasentinelle.dz\/wp-content\/uploads\/2022\/09\/tab.png","type":"image\/png"}],"author":"La Sentinelle","twitter_card":"summary_large_image","twitter_misc":{"\u00c9crit par":"La Sentinelle","Dur\u00e9e de lecture estim\u00e9e":"4 minutes"},"schema":{"@context":"https:\/\/schema.org","@graph":[{"@type":"Article","@id":"https:\/\/lasentinelle.dz\/index.php\/2022\/09\/18\/rentree-scolaire-cap-sur-la-digitalisation\/#article","isPartOf":{"@id":"https:\/\/lasentinelle.dz\/index.php\/2022\/09\/18\/rentree-scolaire-cap-sur-la-digitalisation\/"},"author":{"name":"La Sentinelle","@id":"https:\/\/lasentinelle.dz\/#\/schema\/person\/d865044e22e70a75174ce8bcad3acfb3"},"headline":"Rentr\u00e9e scolaire\u00a0: Cap sur la digitalisation","datePublished":"2022-09-17T23:10:00+00:00","dateModified":"2022-09-18T10:51:53+00:00","mainEntityOfPage":{"@id":"https:\/\/lasentinelle.dz\/index.php\/2022\/09\/18\/rentree-scolaire-cap-sur-la-digitalisation\/"},"wordCount":809,"commentCount":0,"publisher":{"@id":"https:\/\/lasentinelle.dz\/#organization"},"image":{"@id":"https:\/\/lasentinelle.dz\/index.php\/2022\/09\/18\/rentree-scolaire-cap-sur-la-digitalisation\/#primaryimage"},"thumbnailUrl":"https:\/\/lasentinelle.dz\/wp-content\/uploads\/2022\/09\/tab.png","articleSection":["\u00c0 la Une","Actualit\u00e9"],"inLanguage":"fr-FR","potentialAction":[{"@type":"CommentAction","name":"Comment","target":["https:\/\/lasentinelle.dz\/index.php\/2022\/09\/18\/rentree-scolaire-cap-sur-la-digitalisation\/#respond"]}]},{"@type":"WebPage","@id":"https:\/\/lasentinelle.dz\/index.php\/2022\/09\/18\/rentree-scolaire-cap-sur-la-digitalisation\/","url":"https:\/\/lasentinelle.dz\/index.php\/2022\/09\/18\/rentree-scolaire-cap-sur-la-digitalisation\/","name":"Rentr\u00e9e scolaire\u00a0: Cap sur la digitalisation - La Sentinelle","isPartOf":{"@id":"https:\/\/lasentinelle.dz\/#website"},"primaryImageOfPage":{"@id":"https:\/\/lasentinelle.dz\/index.php\/2022\/09\/18\/rentree-scolaire-cap-sur-la-digitalisation\/#primaryimage"},"image":{"@id":"https:\/\/lasentinelle.dz\/index.php\/2022\/09\/18\/rentree-scolaire-cap-sur-la-digitalisation\/#primaryimage"},"thumbnailUrl":"https:\/\/lasentinelle.dz\/wp-content\/uploads\/2022\/09\/tab.png","datePublished":"2022-09-17T23:10:00+00:00","dateModified":"2022-09-18T10:51:53+00:00","breadcrumb":{"@id":"https:\/\/lasentinelle.dz\/index.php\/2022\/09\/18\/rentree-scolaire-cap-sur-la-digitalisation\/#breadcrumb"},"inLanguage":"fr-FR","potentialAction":[{"@type":"ReadAction","target":["https:\/\/lasentinelle.dz\/index.php\/2022\/09\/18\/rentree-scolaire-cap-sur-la-digitalisation\/"]}]},{"@type":"ImageObject","inLanguage":"fr-FR","@id":"https:\/\/lasentinelle.dz\/index.php\/2022\/09\/18\/rentree-scolaire-cap-sur-la-digitalisation\/#primaryimage","url":"https:\/\/lasentinelle.dz\/wp-content\/uploads\/2022\/09\/tab.png","contentUrl":"https:\/\/lasentinelle.dz\/wp-content\/uploads\/2022\/09\/tab.png","width":1491,"height":900},{"@type":"BreadcrumbList","@id":"https:\/\/lasentinelle.dz\/index.php\/2022\/09\/18\/rentree-scolaire-cap-sur-la-digitalisation\/#breadcrumb","itemListElement":[{"@type":"ListItem","position":1,"name":"Accueil","item":"https:\/\/lasentinelle.dz\/"},{"@type":"ListItem","position":2,"name":"Rentr\u00e9e scolaire\u00a0: Cap sur la digitalisation"}]},{"@type":"WebSite","@id":"https:\/\/lasentinelle.dz\/#website","url":"https:\/\/lasentinelle.dz\/","name":"La Sentinelle","description":"Quotidien national d&#039;information","publisher":{"@id":"https:\/\/lasentinelle.dz\/#organization"},"potentialAction":[{"@type":"SearchAction","target":{"@type":"EntryPoint","urlTemplate":"https:\/\/lasentinelle.dz\/?s={search_term_string}"},"query-input":{"@type":"PropertyValueSpecification","valueRequired":true,"valueName":"search_term_string"}}],"inLanguage":"fr-FR"},{"@type":"Organization","@id":"https:\/\/lasentinelle.dz\/#organization","name":"Quotidien La Sentinelle","url":"https:\/\/lasentinelle.dz\/","logo":{"@type":"ImageObject","inLanguage":"fr-FR","@id":"https:\/\/lasentinelle.dz\/#\/schema\/logo\/image\/","url":"https:\/\/lasentinelle.dz\/wp-content\/uploads\/2021\/09\/logo-sentinelleSLOGAN-1.png","contentUrl":"https:\/\/lasentinelle.dz\/wp-content\/uploads\/2021\/09\/logo-sentinelleSLOGAN-1.png","width":615,"height":142,"caption":"Quotidien La Sentinelle"},"image":{"@id":"https:\/\/lasentinelle.dz\/#\/schema\/logo\/image\/"},"sameAs":["https:\/\/www.facebook.com\/La-Sentinelle-104059864394773"]},{"@type":"Person","@id":"https:\/\/lasentinelle.dz\/#\/schema\/person\/d865044e22e70a75174ce8bcad3acfb3","name":"La Sentinelle","image":{"@type":"ImageObject","inLanguage":"fr-FR","@id":"https:\/\/secure.gravatar.com\/avatar\/57de8e5d4b15d43fb361a71fbb36338450fe67865b528a43dd10ef7c51a20392?s=96&d=mm&r=g","url":"https:\/\/secure.gravatar.com\/avatar\/57de8e5d4b15d43fb361a71fbb36338450fe67865b528a43dd10ef7c51a20392?s=96&d=mm&r=g","contentUrl":"https:\/\/secure.gravatar.com\/avatar\/57de8e5d4b15d43fb361a71fbb36338450fe67865b528a43dd10ef7c51a20392?s=96&d=mm&r=g","caption":"La Sentinelle"},"sameAs":["http:\/\/www.lasentinelle.dz"],"url":"https:\/\/lasentinelle.dz\/author\/redaction\/"}]}},"_links":{"self":[{"href":"https:\/\/lasentinelle.dz\/index.php\/wp-json\/wp\/v2\/posts\/27539","targetHints":{"allow":["GET"]}}],"collection":[{"href":"https:\/\/lasentinelle.dz\/index.php\/wp-json\/wp\/v2\/posts"}],"about":[{"href":"https:\/\/lasentinelle.dz\/index.php\/wp-json\/wp\/v2\/types\/post"}],"author":[{"embeddable":true,"href":"https:\/\/lasentinelle.dz\/index.php\/wp-json\/wp\/v2\/users\/3"}],"replies":[{"embeddable":true,"href":"https:\/\/lasentinelle.dz\/index.php\/wp-json\/wp\/v2\/comments?post=27539"}],"version-history":[{"count":2,"href":"https:\/\/lasentinelle.dz\/index.php\/wp-json\/wp\/v2\/posts\/27539\/revisions"}],"predecessor-version":[{"id":27562,"href":"https:\/\/lasentinelle.dz\/index.php\/wp-json\/wp\/v2\/posts\/27539\/revisions\/27562"}],"wp:featuredmedia":[{"embeddable":true,"href":"https:\/\/lasentinelle.dz\/index.php\/wp-json\/wp\/v2\/media\/27544"}],"wp:attachment":[{"href":"https:\/\/lasentinelle.dz\/index.php\/wp-json\/wp\/v2\/media?parent=27539"}],"wp:term":[{"taxonomy":"category","embeddable":true,"href":"https:\/\/lasentinelle.dz\/index.php\/wp-json\/wp\/v2\/categories?post=27539"},{"taxonomy":"post_tag","embeddable":true,"href":"https:\/\/lasentinelle.dz\/index.php\/wp-json\/wp\/v2\/tags?post=27539"}],"curies":[{"name":"wp","href":"https:\/\/api.w.org\/{rel}","templated":true}]}}