{"id":27649,"date":"2022-09-20T00:01:00","date_gmt":"2022-09-19T23:01:00","guid":{"rendered":"https:\/\/lasentinelle.dz\/?p=27649"},"modified":"2022-09-19T17:02:14","modified_gmt":"2022-09-19T16:02:14","slug":"asie-centrale-le-president-du-kirghizstan-appelle-a-lunite","status":"publish","type":"post","link":"https:\/\/lasentinelle.dz\/index.php\/2022\/09\/20\/asie-centrale-le-president-du-kirghizstan-appelle-a-lunite\/","title":{"rendered":"Asie Centrale\u00a0: Le pr\u00e9sident du Kirghizstan appelle \u00e0 l&rsquo;unit\u00e9"},"content":{"rendered":"\n<p>Le pr\u00e9sident du Kirghizstan a appel\u00e9 hier sa population \u00e0 l&rsquo;unit\u00e9 et affirm\u00e9 que son arm\u00e9e \u00e9tait capable de repousser toute invasion, apr\u00e8s des affrontements avec le Tadjikistan voisin qui ont fait pr\u00e8s de 100 morts. Dans une adresse \u00e0 la nation qui intervient un jour de deuil national, le pr\u00e9sident kirghiz Sadyr Japarov a aussi exhort\u00e9 sa population \u00e0 ignorer les \u00abprovocations\u00bb sur les r\u00e9seaux sociaux li\u00e9es au conflit.Des affrontements \u00e0 l&rsquo;arme lourde ont \u00e9clat\u00e9 la semaine derni\u00e8re \u00e0 la fronti\u00e8re entre le Kirghizstan et le Tadjikistan, deux pays aux relations min\u00e9es par des disputes territoriales li\u00e9es notamment \u00e0 l&rsquo;acc\u00e8s aux ressources en eau. Des combats ont r\u00e9guli\u00e8rement lieu le long des 970 kilom\u00e8tres de fronti\u00e8re commune. Les autorit\u00e9s des deux pays ont indiqu\u00e9 dimanche qu&rsquo;au moins 94 personnes avaient \u00e9t\u00e9 tu\u00e9es lors de la derni\u00e8re escalade.Le Kirghizstan a d\u00e9cr\u00e9t\u00e9 un jour de deuil national hier. \u00abNous continuons de faire des efforts pour r\u00e9gler les disputes \u00e0 la fronti\u00e8re entre le Kirghizstan et le Tadjikistan avec des moyens uniquement pacifiques\u00bb, a d\u00e9clar\u00e9 Sadyr Japarov lors de son adresse \u00e0 la nation. \u00abPour le moment, les fusillades meurtri\u00e8res \u00e0 la fronti\u00e8re ont cess\u00e9\u00bb, a-t-il poursuivi, d\u00e9non\u00e7ant toutefois les \u00abprovocations sur les r\u00e9seaux sociaux\u00bb visant \u00e0 \u00abcr\u00e9er la division entre nous et les pays voisins\u00bb. \u00abNous demandons \u00e0 notre peuple de garder son calme et de soutenir les initiatives des autorit\u00e9s et des forces arm\u00e9es \u00e0 travers leur unit\u00e9\u00bb, a lanc\u00e9 le pr\u00e9sident kirghiz. Selon des observateurs, cet appel illustre la crainte de troubles internes dans ce pays instable d&rsquo;Asie centrale qui a connu depuis 2005 trois r\u00e9volutions, dont la derni\u00e8re, en 2020, a port\u00e9 Sadyr Japarov au pouvoir l&rsquo;ann\u00e9e suivante.Il a aussi assur\u00e9 que l&rsquo;\u00c9tat disposait de suffisamment de fonds pour payer les salaires des militaires et leur fournir l&rsquo;\u00e9quipement n\u00e9cessaire, ainsi que pour financer la reconstruction des habitations d\u00e9truites dans les affrontements. \u00abNotre potentiel militaire est \u00e0 un tout autre niveau aujourd&rsquo;hui (&#8230;) La preuve : ceux qui ont envahi nos terres ont re\u00e7u leur punition\u00bb, a-t-il assur\u00e9.<\/p>\n\n\n\n<p>Agences<\/p>\n","protected":false},"excerpt":{"rendered":"<p>Le pr\u00e9sident du Kirghizstan a appel\u00e9 hier sa population \u00e0 l&rsquo;unit\u00e9 et affirm\u00e9 que son arm\u00e9e \u00e9tait capable de repousser<\/p>\n","protected":false},"author":3,"featured_media":27661,"comment_status":"open","ping_status":"closed","sticky":false,"template":"","format":"standard","meta":{"colormag_page_container_layout":"default_layout","colormag_page_sidebar_layout":"default_layout","om_disable_all_campaigns":false,"_monsterinsights_skip_tracking":false,"_monsterinsights_sitenote_active":false,"_monsterinsights_sitenote_note":"","_monsterinsights_sitenote_category":0,"footnotes":"","_wpscppro_dont_share_socialmedia":false,"_wpscppro_custom_social_share_image":0,"_facebook_share_type":"","_twitter_share_type":"","_linkedin_share_type":"","_pinterest_share_type":"","_linkedin_share_type_page":"","_instagram_share_type":"","_medium_share_type":"","_threads_share_type":"","_google_business_share_type":"","_selected_social_profile":[],"_wpsp_enable_custom_social_template":false,"_wpsp_social_scheduling":{"enabled":false,"datetime":null,"platforms":[],"status":"template_only","dateOption":"today","timeOption":"now","customDays":"","customHours":"","customDate":"","customTime":"","schedulingType":"absolute"},"_wpsp_active_default_template":true},"categories":[37],"tags":[],"class_list":["post-27649","post","type-post","status-publish","format-standard","has-post-thumbnail","hentry","category-monde"],"aioseo_notices":[],"yoast_head":"<!-- This site is optimized with the Yoast SEO plugin v27.4 - https:\/\/yoast.com\/product\/yoast-seo-wordpress\/ -->\n<title>Asie Centrale\u00a0: Le pr\u00e9sident du Kirghizstan appelle \u00e0 l&rsquo;unit\u00e9 - La Sentinelle<\/title>\n<meta name=\"robots\" content=\"index, follow, max-snippet:-1, max-image-preview:large, max-video-preview:-1\" \/>\n<link rel=\"canonical\" href=\"https:\/\/lasentinelle.dz\/index.php\/2022\/09\/20\/asie-centrale-le-president-du-kirghizstan-appelle-a-lunite\/\" \/>\n<meta property=\"og:locale\" content=\"fr_FR\" \/>\n<meta property=\"og:type\" content=\"article\" \/>\n<meta property=\"og:title\" content=\"Asie Centrale\u00a0: Le pr\u00e9sident du Kirghizstan appelle \u00e0 l&rsquo;unit\u00e9 - La Sentinelle\" \/>\n<meta property=\"og:description\" content=\"Le pr\u00e9sident du Kirghizstan a appel\u00e9 hier sa population \u00e0 l&rsquo;unit\u00e9 et affirm\u00e9 que son arm\u00e9e \u00e9tait capable de repousser\" \/>\n<meta property=\"og:url\" content=\"https:\/\/lasentinelle.dz\/index.php\/2022\/09\/20\/asie-centrale-le-president-du-kirghizstan-appelle-a-lunite\/\" \/>\n<meta property=\"og:site_name\" content=\"La Sentinelle\" \/>\n<meta property=\"article:publisher\" content=\"https:\/\/www.facebook.com\/La-Sentinelle-104059864394773\" \/>\n<meta property=\"article:published_time\" content=\"2022-09-19T23:01:00+00:00\" \/>\n<meta property=\"og:image\" content=\"https:\/\/lasentinelle.dz\/wp-content\/uploads\/2022\/09\/image_2022-09-19_170134034.png\" \/>\n\t<meta property=\"og:image:width\" content=\"768\" \/>\n\t<meta property=\"og:image:height\" content=\"512\" \/>\n\t<meta property=\"og:image:type\" content=\"image\/png\" \/>\n<meta name=\"author\" content=\"La Sentinelle\" \/>\n<meta name=\"twitter:card\" content=\"summary_large_image\" \/>\n<meta name=\"twitter:label1\" content=\"\u00c9crit par\" \/>\n\t<meta name=\"twitter:data1\" content=\"La Sentinelle\" \/>\n\t<meta name=\"twitter:label2\" content=\"Dur\u00e9e de lecture estim\u00e9e\" \/>\n\t<meta name=\"twitter:data2\" content=\"2 minutes\" \/>\n<script type=\"application\/ld+json\" class=\"yoast-schema-graph\">{\"@context\":\"https:\\\/\\\/schema.org\",\"@graph\":[{\"@type\":\"Article\",\"@id\":\"https:\\\/\\\/lasentinelle.dz\\\/index.php\\\/2022\\\/09\\\/20\\\/asie-centrale-le-president-du-kirghizstan-appelle-a-lunite\\\/#article\",\"isPartOf\":{\"@id\":\"https:\\\/\\\/lasentinelle.dz\\\/index.php\\\/2022\\\/09\\\/20\\\/asie-centrale-le-president-du-kirghizstan-appelle-a-lunite\\\/\"},\"author\":{\"name\":\"La Sentinelle\",\"@id\":\"https:\\\/\\\/lasentinelle.dz\\\/#\\\/schema\\\/person\\\/d865044e22e70a75174ce8bcad3acfb3\"},\"headline\":\"Asie Centrale\u00a0: Le pr\u00e9sident du Kirghizstan appelle \u00e0 l&rsquo;unit\u00e9\",\"datePublished\":\"2022-09-19T23:01:00+00:00\",\"mainEntityOfPage\":{\"@id\":\"https:\\\/\\\/lasentinelle.dz\\\/index.php\\\/2022\\\/09\\\/20\\\/asie-centrale-le-president-du-kirghizstan-appelle-a-lunite\\\/\"},\"wordCount\":382,\"commentCount\":0,\"publisher\":{\"@id\":\"https:\\\/\\\/lasentinelle.dz\\\/#organization\"},\"image\":{\"@id\":\"https:\\\/\\\/lasentinelle.dz\\\/index.php\\\/2022\\\/09\\\/20\\\/asie-centrale-le-president-du-kirghizstan-appelle-a-lunite\\\/#primaryimage\"},\"thumbnailUrl\":\"https:\\\/\\\/lasentinelle.dz\\\/wp-content\\\/uploads\\\/2022\\\/09\\\/image_2022-09-19_170134034.png\",\"articleSection\":[\"Monde\"],\"inLanguage\":\"fr-FR\",\"potentialAction\":[{\"@type\":\"CommentAction\",\"name\":\"Comment\",\"target\":[\"https:\\\/\\\/lasentinelle.dz\\\/index.php\\\/2022\\\/09\\\/20\\\/asie-centrale-le-president-du-kirghizstan-appelle-a-lunite\\\/#respond\"]}]},{\"@type\":\"WebPage\",\"@id\":\"https:\\\/\\\/lasentinelle.dz\\\/index.php\\\/2022\\\/09\\\/20\\\/asie-centrale-le-president-du-kirghizstan-appelle-a-lunite\\\/\",\"url\":\"https:\\\/\\\/lasentinelle.dz\\\/index.php\\\/2022\\\/09\\\/20\\\/asie-centrale-le-president-du-kirghizstan-appelle-a-lunite\\\/\",\"name\":\"Asie Centrale\u00a0: Le pr\u00e9sident du Kirghizstan appelle \u00e0 l&rsquo;unit\u00e9 - La Sentinelle\",\"isPartOf\":{\"@id\":\"https:\\\/\\\/lasentinelle.dz\\\/#website\"},\"primaryImageOfPage\":{\"@id\":\"https:\\\/\\\/lasentinelle.dz\\\/index.php\\\/2022\\\/09\\\/20\\\/asie-centrale-le-president-du-kirghizstan-appelle-a-lunite\\\/#primaryimage\"},\"image\":{\"@id\":\"https:\\\/\\\/lasentinelle.dz\\\/index.php\\\/2022\\\/09\\\/20\\\/asie-centrale-le-president-du-kirghizstan-appelle-a-lunite\\\/#primaryimage\"},\"thumbnailUrl\":\"https:\\\/\\\/lasentinelle.dz\\\/wp-content\\\/uploads\\\/2022\\\/09\\\/image_2022-09-19_170134034.png\",\"datePublished\":\"2022-09-19T23:01:00+00:00\",\"breadcrumb\":{\"@id\":\"https:\\\/\\\/lasentinelle.dz\\\/index.php\\\/2022\\\/09\\\/20\\\/asie-centrale-le-president-du-kirghizstan-appelle-a-lunite\\\/#breadcrumb\"},\"inLanguage\":\"fr-FR\",\"potentialAction\":[{\"@type\":\"ReadAction\",\"target\":[\"https:\\\/\\\/lasentinelle.dz\\\/index.php\\\/2022\\\/09\\\/20\\\/asie-centrale-le-president-du-kirghizstan-appelle-a-lunite\\\/\"]}]},{\"@type\":\"ImageObject\",\"inLanguage\":\"fr-FR\",\"@id\":\"https:\\\/\\\/lasentinelle.dz\\\/index.php\\\/2022\\\/09\\\/20\\\/asie-centrale-le-president-du-kirghizstan-appelle-a-lunite\\\/#primaryimage\",\"url\":\"https:\\\/\\\/lasentinelle.dz\\\/wp-content\\\/uploads\\\/2022\\\/09\\\/image_2022-09-19_170134034.png\",\"contentUrl\":\"https:\\\/\\\/lasentinelle.dz\\\/wp-content\\\/uploads\\\/2022\\\/09\\\/image_2022-09-19_170134034.png\",\"width\":768,\"height\":512},{\"@type\":\"BreadcrumbList\",\"@id\":\"https:\\\/\\\/lasentinelle.dz\\\/index.php\\\/2022\\\/09\\\/20\\\/asie-centrale-le-president-du-kirghizstan-appelle-a-lunite\\\/#breadcrumb\",\"itemListElement\":[{\"@type\":\"ListItem\",\"position\":1,\"name\":\"Accueil\",\"item\":\"https:\\\/\\\/lasentinelle.dz\\\/\"},{\"@type\":\"ListItem\",\"position\":2,\"name\":\"Asie Centrale\u00a0: Le pr\u00e9sident du Kirghizstan appelle \u00e0 l&rsquo;unit\u00e9\"}]},{\"@type\":\"WebSite\",\"@id\":\"https:\\\/\\\/lasentinelle.dz\\\/#website\",\"url\":\"https:\\\/\\\/lasentinelle.dz\\\/\",\"name\":\"La Sentinelle\",\"description\":\"Quotidien national d&#039;information\",\"publisher\":{\"@id\":\"https:\\\/\\\/lasentinelle.dz\\\/#organization\"},\"potentialAction\":[{\"@type\":\"SearchAction\",\"target\":{\"@type\":\"EntryPoint\",\"urlTemplate\":\"https:\\\/\\\/lasentinelle.dz\\\/?s={search_term_string}\"},\"query-input\":{\"@type\":\"PropertyValueSpecification\",\"valueRequired\":true,\"valueName\":\"search_term_string\"}}],\"inLanguage\":\"fr-FR\"},{\"@type\":\"Organization\",\"@id\":\"https:\\\/\\\/lasentinelle.dz\\\/#organization\",\"name\":\"Quotidien La Sentinelle\",\"url\":\"https:\\\/\\\/lasentinelle.dz\\\/\",\"logo\":{\"@type\":\"ImageObject\",\"inLanguage\":\"fr-FR\",\"@id\":\"https:\\\/\\\/lasentinelle.dz\\\/#\\\/schema\\\/logo\\\/image\\\/\",\"url\":\"https:\\\/\\\/lasentinelle.dz\\\/wp-content\\\/uploads\\\/2021\\\/09\\\/logo-sentinelleSLOGAN-1.png\",\"contentUrl\":\"https:\\\/\\\/lasentinelle.dz\\\/wp-content\\\/uploads\\\/2021\\\/09\\\/logo-sentinelleSLOGAN-1.png\",\"width\":615,\"height\":142,\"caption\":\"Quotidien La Sentinelle\"},\"image\":{\"@id\":\"https:\\\/\\\/lasentinelle.dz\\\/#\\\/schema\\\/logo\\\/image\\\/\"},\"sameAs\":[\"https:\\\/\\\/www.facebook.com\\\/La-Sentinelle-104059864394773\"]},{\"@type\":\"Person\",\"@id\":\"https:\\\/\\\/lasentinelle.dz\\\/#\\\/schema\\\/person\\\/d865044e22e70a75174ce8bcad3acfb3\",\"name\":\"La Sentinelle\",\"image\":{\"@type\":\"ImageObject\",\"inLanguage\":\"fr-FR\",\"@id\":\"https:\\\/\\\/secure.gravatar.com\\\/avatar\\\/57de8e5d4b15d43fb361a71fbb36338450fe67865b528a43dd10ef7c51a20392?s=96&d=mm&r=g\",\"url\":\"https:\\\/\\\/secure.gravatar.com\\\/avatar\\\/57de8e5d4b15d43fb361a71fbb36338450fe67865b528a43dd10ef7c51a20392?s=96&d=mm&r=g\",\"contentUrl\":\"https:\\\/\\\/secure.gravatar.com\\\/avatar\\\/57de8e5d4b15d43fb361a71fbb36338450fe67865b528a43dd10ef7c51a20392?s=96&d=mm&r=g\",\"caption\":\"La Sentinelle\"},\"sameAs\":[\"http:\\\/\\\/www.lasentinelle.dz\"],\"url\":\"https:\\\/\\\/lasentinelle.dz\\\/author\\\/redaction\\\/\"}]}<\/script>\n<!-- \/ Yoast SEO plugin. -->","yoast_head_json":{"title":"Asie Centrale\u00a0: Le pr\u00e9sident du Kirghizstan appelle \u00e0 l&rsquo;unit\u00e9 - La Sentinelle","robots":{"index":"index","follow":"follow","max-snippet":"max-snippet:-1","max-image-preview":"max-image-preview:large","max-video-preview":"max-video-preview:-1"},"canonical":"https:\/\/lasentinelle.dz\/index.php\/2022\/09\/20\/asie-centrale-le-president-du-kirghizstan-appelle-a-lunite\/","og_locale":"fr_FR","og_type":"article","og_title":"Asie Centrale\u00a0: Le pr\u00e9sident du Kirghizstan appelle \u00e0 l&rsquo;unit\u00e9 - La Sentinelle","og_description":"Le pr\u00e9sident du Kirghizstan a appel\u00e9 hier sa population \u00e0 l&rsquo;unit\u00e9 et affirm\u00e9 que son arm\u00e9e \u00e9tait capable de repousser","og_url":"https:\/\/lasentinelle.dz\/index.php\/2022\/09\/20\/asie-centrale-le-president-du-kirghizstan-appelle-a-lunite\/","og_site_name":"La Sentinelle","article_publisher":"https:\/\/www.facebook.com\/La-Sentinelle-104059864394773","article_published_time":"2022-09-19T23:01:00+00:00","og_image":[{"width":768,"height":512,"url":"https:\/\/lasentinelle.dz\/wp-content\/uploads\/2022\/09\/image_2022-09-19_170134034.png","type":"image\/png"}],"author":"La Sentinelle","twitter_card":"summary_large_image","twitter_misc":{"\u00c9crit par":"La Sentinelle","Dur\u00e9e de lecture estim\u00e9e":"2 minutes"},"schema":{"@context":"https:\/\/schema.org","@graph":[{"@type":"Article","@id":"https:\/\/lasentinelle.dz\/index.php\/2022\/09\/20\/asie-centrale-le-president-du-kirghizstan-appelle-a-lunite\/#article","isPartOf":{"@id":"https:\/\/lasentinelle.dz\/index.php\/2022\/09\/20\/asie-centrale-le-president-du-kirghizstan-appelle-a-lunite\/"},"author":{"name":"La Sentinelle","@id":"https:\/\/lasentinelle.dz\/#\/schema\/person\/d865044e22e70a75174ce8bcad3acfb3"},"headline":"Asie Centrale\u00a0: Le pr\u00e9sident du Kirghizstan appelle \u00e0 l&rsquo;unit\u00e9","datePublished":"2022-09-19T23:01:00+00:00","mainEntityOfPage":{"@id":"https:\/\/lasentinelle.dz\/index.php\/2022\/09\/20\/asie-centrale-le-president-du-kirghizstan-appelle-a-lunite\/"},"wordCount":382,"commentCount":0,"publisher":{"@id":"https:\/\/lasentinelle.dz\/#organization"},"image":{"@id":"https:\/\/lasentinelle.dz\/index.php\/2022\/09\/20\/asie-centrale-le-president-du-kirghizstan-appelle-a-lunite\/#primaryimage"},"thumbnailUrl":"https:\/\/lasentinelle.dz\/wp-content\/uploads\/2022\/09\/image_2022-09-19_170134034.png","articleSection":["Monde"],"inLanguage":"fr-FR","potentialAction":[{"@type":"CommentAction","name":"Comment","target":["https:\/\/lasentinelle.dz\/index.php\/2022\/09\/20\/asie-centrale-le-president-du-kirghizstan-appelle-a-lunite\/#respond"]}]},{"@type":"WebPage","@id":"https:\/\/lasentinelle.dz\/index.php\/2022\/09\/20\/asie-centrale-le-president-du-kirghizstan-appelle-a-lunite\/","url":"https:\/\/lasentinelle.dz\/index.php\/2022\/09\/20\/asie-centrale-le-president-du-kirghizstan-appelle-a-lunite\/","name":"Asie Centrale\u00a0: Le pr\u00e9sident du Kirghizstan appelle \u00e0 l&rsquo;unit\u00e9 - La Sentinelle","isPartOf":{"@id":"https:\/\/lasentinelle.dz\/#website"},"primaryImageOfPage":{"@id":"https:\/\/lasentinelle.dz\/index.php\/2022\/09\/20\/asie-centrale-le-president-du-kirghizstan-appelle-a-lunite\/#primaryimage"},"image":{"@id":"https:\/\/lasentinelle.dz\/index.php\/2022\/09\/20\/asie-centrale-le-president-du-kirghizstan-appelle-a-lunite\/#primaryimage"},"thumbnailUrl":"https:\/\/lasentinelle.dz\/wp-content\/uploads\/2022\/09\/image_2022-09-19_170134034.png","datePublished":"2022-09-19T23:01:00+00:00","breadcrumb":{"@id":"https:\/\/lasentinelle.dz\/index.php\/2022\/09\/20\/asie-centrale-le-president-du-kirghizstan-appelle-a-lunite\/#breadcrumb"},"inLanguage":"fr-FR","potentialAction":[{"@type":"ReadAction","target":["https:\/\/lasentinelle.dz\/index.php\/2022\/09\/20\/asie-centrale-le-president-du-kirghizstan-appelle-a-lunite\/"]}]},{"@type":"ImageObject","inLanguage":"fr-FR","@id":"https:\/\/lasentinelle.dz\/index.php\/2022\/09\/20\/asie-centrale-le-president-du-kirghizstan-appelle-a-lunite\/#primaryimage","url":"https:\/\/lasentinelle.dz\/wp-content\/uploads\/2022\/09\/image_2022-09-19_170134034.png","contentUrl":"https:\/\/lasentinelle.dz\/wp-content\/uploads\/2022\/09\/image_2022-09-19_170134034.png","width":768,"height":512},{"@type":"BreadcrumbList","@id":"https:\/\/lasentinelle.dz\/index.php\/2022\/09\/20\/asie-centrale-le-president-du-kirghizstan-appelle-a-lunite\/#breadcrumb","itemListElement":[{"@type":"ListItem","position":1,"name":"Accueil","item":"https:\/\/lasentinelle.dz\/"},{"@type":"ListItem","position":2,"name":"Asie Centrale\u00a0: Le pr\u00e9sident du Kirghizstan appelle \u00e0 l&rsquo;unit\u00e9"}]},{"@type":"WebSite","@id":"https:\/\/lasentinelle.dz\/#website","url":"https:\/\/lasentinelle.dz\/","name":"La Sentinelle","description":"Quotidien national d&#039;information","publisher":{"@id":"https:\/\/lasentinelle.dz\/#organization"},"potentialAction":[{"@type":"SearchAction","target":{"@type":"EntryPoint","urlTemplate":"https:\/\/lasentinelle.dz\/?s={search_term_string}"},"query-input":{"@type":"PropertyValueSpecification","valueRequired":true,"valueName":"search_term_string"}}],"inLanguage":"fr-FR"},{"@type":"Organization","@id":"https:\/\/lasentinelle.dz\/#organization","name":"Quotidien La Sentinelle","url":"https:\/\/lasentinelle.dz\/","logo":{"@type":"ImageObject","inLanguage":"fr-FR","@id":"https:\/\/lasentinelle.dz\/#\/schema\/logo\/image\/","url":"https:\/\/lasentinelle.dz\/wp-content\/uploads\/2021\/09\/logo-sentinelleSLOGAN-1.png","contentUrl":"https:\/\/lasentinelle.dz\/wp-content\/uploads\/2021\/09\/logo-sentinelleSLOGAN-1.png","width":615,"height":142,"caption":"Quotidien La Sentinelle"},"image":{"@id":"https:\/\/lasentinelle.dz\/#\/schema\/logo\/image\/"},"sameAs":["https:\/\/www.facebook.com\/La-Sentinelle-104059864394773"]},{"@type":"Person","@id":"https:\/\/lasentinelle.dz\/#\/schema\/person\/d865044e22e70a75174ce8bcad3acfb3","name":"La Sentinelle","image":{"@type":"ImageObject","inLanguage":"fr-FR","@id":"https:\/\/secure.gravatar.com\/avatar\/57de8e5d4b15d43fb361a71fbb36338450fe67865b528a43dd10ef7c51a20392?s=96&d=mm&r=g","url":"https:\/\/secure.gravatar.com\/avatar\/57de8e5d4b15d43fb361a71fbb36338450fe67865b528a43dd10ef7c51a20392?s=96&d=mm&r=g","contentUrl":"https:\/\/secure.gravatar.com\/avatar\/57de8e5d4b15d43fb361a71fbb36338450fe67865b528a43dd10ef7c51a20392?s=96&d=mm&r=g","caption":"La Sentinelle"},"sameAs":["http:\/\/www.lasentinelle.dz"],"url":"https:\/\/lasentinelle.dz\/author\/redaction\/"}]}},"_links":{"self":[{"href":"https:\/\/lasentinelle.dz\/index.php\/wp-json\/wp\/v2\/posts\/27649","targetHints":{"allow":["GET"]}}],"collection":[{"href":"https:\/\/lasentinelle.dz\/index.php\/wp-json\/wp\/v2\/posts"}],"about":[{"href":"https:\/\/lasentinelle.dz\/index.php\/wp-json\/wp\/v2\/types\/post"}],"author":[{"embeddable":true,"href":"https:\/\/lasentinelle.dz\/index.php\/wp-json\/wp\/v2\/users\/3"}],"replies":[{"embeddable":true,"href":"https:\/\/lasentinelle.dz\/index.php\/wp-json\/wp\/v2\/comments?post=27649"}],"version-history":[{"count":2,"href":"https:\/\/lasentinelle.dz\/index.php\/wp-json\/wp\/v2\/posts\/27649\/revisions"}],"predecessor-version":[{"id":27663,"href":"https:\/\/lasentinelle.dz\/index.php\/wp-json\/wp\/v2\/posts\/27649\/revisions\/27663"}],"wp:featuredmedia":[{"embeddable":true,"href":"https:\/\/lasentinelle.dz\/index.php\/wp-json\/wp\/v2\/media\/27661"}],"wp:attachment":[{"href":"https:\/\/lasentinelle.dz\/index.php\/wp-json\/wp\/v2\/media?parent=27649"}],"wp:term":[{"taxonomy":"category","embeddable":true,"href":"https:\/\/lasentinelle.dz\/index.php\/wp-json\/wp\/v2\/categories?post=27649"},{"taxonomy":"post_tag","embeddable":true,"href":"https:\/\/lasentinelle.dz\/index.php\/wp-json\/wp\/v2\/tags?post=27649"}],"curies":[{"name":"wp","href":"https:\/\/api.w.org\/{rel}","templated":true}]}}