{"id":27672,"date":"2022-09-20T00:08:00","date_gmt":"2022-09-19T23:08:00","guid":{"rendered":"https:\/\/lasentinelle.dz\/?p=27672"},"modified":"2022-09-19T20:15:19","modified_gmt":"2022-09-19T19:15:19","slug":"btph-les-entreprises-algeriennes-appelees-a-sexporter","status":"publish","type":"post","link":"https:\/\/lasentinelle.dz\/index.php\/2022\/09\/20\/btph-les-entreprises-algeriennes-appelees-a-sexporter\/","title":{"rendered":"BTPH\u00a0: Les entreprises alg\u00e9riennes appel\u00e9es \u00e0 s\u2019exporter"},"content":{"rendered":"\n<p>B\u00e9n\u00e9ficiant d\u2019un capital exp\u00e9rience appr\u00e9ciable dans le domaine de la r\u00e9alisation des infrastructures gr\u00e2ce aux programmes publics d\u2019investissement, les entreprises alg\u00e9riennes du BTPH sont appel\u00e9es aujourd\u2019hui \u00e0 valoriser leur savoir-faire et \u00e0 s\u2019exporter.<\/p>\n\n\n\n<p>\u00abLes entreprises alg\u00e9riennes de travaux publics ont acquis de grandes capacit\u00e9s techniques qui leur permettent de d\u00e9crocher des march\u00e9s \u00e0 l&rsquo;\u00e9tranger\u00bb, a indiqu\u00e9 hier le Premier ministre, Aimene Benabderrahmane. Dans un message lu en son nompar le ministre des Travaux publics, de l&rsquo;Hydraulique et des Infrastructures, Lakhdar Rakhroukh, \u00e0 l&rsquo;ouverture de la 18e \u00e9dition du Salon international des travaux publics, SITP, le chef de l\u2019Ex\u00e9cutif a rappel\u00e9 que \u00ables entreprises alg\u00e9riennes jouissent de grandes capacit\u00e9s techniques acquises au fil de 60 ans de r\u00e9alisations, ce qui leur permet de d\u00e9crocher des march\u00e9s \u00e0 l&rsquo;\u00e9tranger \u00bb, ajoutant que cette \u00abd\u00e9marche intervient en ad\u00e9quation avec la volont\u00e9 de diversifier l&rsquo;\u00e9conomie nationale dans l&rsquo;Alg\u00e9rie nouvelle \u00bb. Mettant en avant le r\u00f4le du secteur des Travaux publics et des infrastructures en tant que \u00ablevier de l&rsquo;\u00e9conomie mais aussi en tant que moteur du d\u00e9veloppement par excellence\u00bb, Benabderrahmane a ajout\u00e9&nbsp; \u00abl\u2019Etat qui se distingue par son d\u00e9veloppement et sa performance \u00e9conomique, est celui qui d\u00e9tient des r\u00e9seaux d&rsquo;infrastructures denses et efficaces contribuant \u00e0 la structuration et \u00e0 l&rsquo;am\u00e9nagement de son territoire tout en facilitant les \u00e9changes et la circulation des personnes et des marchandises, l&rsquo;objectif est d&rsquo;assurer un d\u00e9veloppement efficace et durable lui permettant d&rsquo;entrer dans la concurrence aux niveaux r\u00e9gional et international\u00bb. Saluant les techniques et le savoir faire acquis par des milliers de cadres, d&rsquo;ing\u00e9nieurs et de techniciens dipl\u00f4m\u00e9s des diff\u00e9rentes \u00e9coles et universit\u00e9s, et qui ont permis la r\u00e9alisation de divers projets pour la modernisation et le d\u00e9veloppement des infrastructures du pays, Benabderrahmane a estim\u00e9 que \u00able 18e salon international des travaux publics organis\u00e9 \u00e0 l&rsquo;occasion de la c\u00e9l\u00e9bration du soixantenaire du recouvrement de la souverainet\u00e9 nationale se veut une occasion propice pour \u00e9valuer le progr\u00e8s r\u00e9alis\u00e9 dans le secteur, en mati\u00e8re de routes, de voies express, d&rsquo;ouvrages d&rsquo;art, de ports et d&rsquo;a\u00e9roports\u00bb. Cette manifestation constitue une opportunit\u00e9 importante permettant la promotion des moyens de r\u00e9alisation et des \u00e9tudes nationales, et une occasion \u00e0 saisir pour l\u2019\u00e9tablissement des partenariats et des \u00e9changes fructueux selon les techniques et les nouvelles technologies usit\u00e9es dans ce domaine \u00e0 travers le monde, ce qui est \u00e0 m\u00eame d&rsquo;optimiser nos potentialit\u00e9s nationales de r\u00e9alisation au double plan national et r\u00e9gional. Evoquant la participation du Qatar au Salon en tant qu&rsquo;invit\u00e9 d&rsquo;honneur, le Premier ministre a soulign\u00e9 qu&rsquo;\u00abil s&rsquo;agit d&rsquo;une excellence opportunit\u00e9 pour renforcer la coop\u00e9ration entre les deux pays et la rendre plus active et prometteuse dans les domaines d&rsquo;int\u00e9r\u00eat commun, notamment dans le secteur des travaux publics et infrastructures de base\u00bb. Notons que 9 accords de partenariats et m\u00e9morandums d&rsquo;entente entre des entreprises alg\u00e9riennes et \u00e9trang\u00e8res ainsi que des documents de coop\u00e9ration entre des entreprisse nationales activant dans le domaine des travaux publics, notamment en mati\u00e8re d&rsquo;\u00e9tudes techniques, de recherche scientifique et de formation ont \u00e9t\u00e9 sign\u00e9s, hier en marge du Salon.<\/p>\n\n\n\n<p><strong>Amar Malki<\/strong><\/p>\n","protected":false},"excerpt":{"rendered":"<p>B\u00e9n\u00e9ficiant d\u2019un capital exp\u00e9rience appr\u00e9ciable dans le domaine de la r\u00e9alisation des infrastructures gr\u00e2ce aux programmes publics d\u2019investissement, les entreprises<\/p>\n","protected":false},"author":3,"featured_media":27709,"comment_status":"open","ping_status":"closed","sticky":false,"template":"","format":"standard","meta":{"colormag_page_container_layout":"default_layout","colormag_page_sidebar_layout":"default_layout","om_disable_all_campaigns":false,"_monsterinsights_skip_tracking":false,"_monsterinsights_sitenote_active":false,"_monsterinsights_sitenote_note":"","_monsterinsights_sitenote_category":0,"footnotes":"","_wpscppro_dont_share_socialmedia":false,"_wpscppro_custom_social_share_image":0,"_facebook_share_type":"","_twitter_share_type":"","_linkedin_share_type":"","_pinterest_share_type":"","_linkedin_share_type_page":"","_instagram_share_type":"","_medium_share_type":"","_threads_share_type":"","_google_business_share_type":"","_selected_social_profile":[],"_wpsp_enable_custom_social_template":false,"_wpsp_social_scheduling":{"enabled":false,"datetime":null,"platforms":[],"status":"template_only","dateOption":"today","timeOption":"now","customDays":"","customHours":"","customDate":"","customTime":"","schedulingType":"absolute"},"_wpsp_active_default_template":true},"categories":[52,29],"tags":[],"class_list":["post-27672","post","type-post","status-publish","format-standard","has-post-thumbnail","hentry","category-a-la-une","category-economie"],"aioseo_notices":[],"yoast_head":"<!-- This site is optimized with the Yoast SEO plugin v27.5 - https:\/\/yoast.com\/product\/yoast-seo-wordpress\/ -->\n<title>BTPH\u00a0: Les entreprises alg\u00e9riennes appel\u00e9es \u00e0 s\u2019exporter - La Sentinelle<\/title>\n<meta name=\"robots\" content=\"index, follow, max-snippet:-1, max-image-preview:large, max-video-preview:-1\" \/>\n<link rel=\"canonical\" href=\"https:\/\/lasentinelle.dz\/index.php\/2022\/09\/20\/btph-les-entreprises-algeriennes-appelees-a-sexporter\/\" \/>\n<meta property=\"og:locale\" content=\"fr_FR\" \/>\n<meta property=\"og:type\" content=\"article\" \/>\n<meta property=\"og:title\" content=\"BTPH\u00a0: Les entreprises alg\u00e9riennes appel\u00e9es \u00e0 s\u2019exporter - La Sentinelle\" \/>\n<meta property=\"og:description\" content=\"B\u00e9n\u00e9ficiant d\u2019un capital exp\u00e9rience appr\u00e9ciable dans le domaine de la r\u00e9alisation des infrastructures gr\u00e2ce aux programmes publics d\u2019investissement, les entreprises\" \/>\n<meta property=\"og:url\" content=\"https:\/\/lasentinelle.dz\/index.php\/2022\/09\/20\/btph-les-entreprises-algeriennes-appelees-a-sexporter\/\" \/>\n<meta property=\"og:site_name\" content=\"La Sentinelle\" \/>\n<meta property=\"article:publisher\" content=\"https:\/\/www.facebook.com\/La-Sentinelle-104059864394773\" \/>\n<meta property=\"article:published_time\" content=\"2022-09-19T23:08:00+00:00\" \/>\n<meta property=\"og:image\" content=\"https:\/\/lasentinelle.dz\/wp-content\/uploads\/2022\/09\/SITP.png\" \/>\n\t<meta property=\"og:image:width\" content=\"1350\" \/>\n\t<meta property=\"og:image:height\" content=\"900\" \/>\n\t<meta property=\"og:image:type\" content=\"image\/png\" \/>\n<meta name=\"author\" content=\"La Sentinelle\" \/>\n<meta name=\"twitter:card\" content=\"summary_large_image\" \/>\n<meta name=\"twitter:label1\" content=\"\u00c9crit par\" \/>\n\t<meta name=\"twitter:data1\" content=\"La Sentinelle\" \/>\n\t<meta name=\"twitter:label2\" content=\"Dur\u00e9e de lecture estim\u00e9e\" \/>\n\t<meta name=\"twitter:data2\" content=\"3 minutes\" \/>\n<script type=\"application\/ld+json\" class=\"yoast-schema-graph\">{\"@context\":\"https:\\\/\\\/schema.org\",\"@graph\":[{\"@type\":\"Article\",\"@id\":\"https:\\\/\\\/lasentinelle.dz\\\/index.php\\\/2022\\\/09\\\/20\\\/btph-les-entreprises-algeriennes-appelees-a-sexporter\\\/#article\",\"isPartOf\":{\"@id\":\"https:\\\/\\\/lasentinelle.dz\\\/index.php\\\/2022\\\/09\\\/20\\\/btph-les-entreprises-algeriennes-appelees-a-sexporter\\\/\"},\"author\":{\"name\":\"La Sentinelle\",\"@id\":\"https:\\\/\\\/lasentinelle.dz\\\/#\\\/schema\\\/person\\\/d865044e22e70a75174ce8bcad3acfb3\"},\"headline\":\"BTPH\u00a0: Les entreprises alg\u00e9riennes appel\u00e9es \u00e0 s\u2019exporter\",\"datePublished\":\"2022-09-19T23:08:00+00:00\",\"mainEntityOfPage\":{\"@id\":\"https:\\\/\\\/lasentinelle.dz\\\/index.php\\\/2022\\\/09\\\/20\\\/btph-les-entreprises-algeriennes-appelees-a-sexporter\\\/\"},\"wordCount\":586,\"commentCount\":0,\"publisher\":{\"@id\":\"https:\\\/\\\/lasentinelle.dz\\\/#organization\"},\"image\":{\"@id\":\"https:\\\/\\\/lasentinelle.dz\\\/index.php\\\/2022\\\/09\\\/20\\\/btph-les-entreprises-algeriennes-appelees-a-sexporter\\\/#primaryimage\"},\"thumbnailUrl\":\"https:\\\/\\\/lasentinelle.dz\\\/wp-content\\\/uploads\\\/2022\\\/09\\\/SITP.png\",\"articleSection\":[\"\u00c0 la Une\",\"\u00c9conomie\"],\"inLanguage\":\"fr-FR\",\"potentialAction\":[{\"@type\":\"CommentAction\",\"name\":\"Comment\",\"target\":[\"https:\\\/\\\/lasentinelle.dz\\\/index.php\\\/2022\\\/09\\\/20\\\/btph-les-entreprises-algeriennes-appelees-a-sexporter\\\/#respond\"]}]},{\"@type\":\"WebPage\",\"@id\":\"https:\\\/\\\/lasentinelle.dz\\\/index.php\\\/2022\\\/09\\\/20\\\/btph-les-entreprises-algeriennes-appelees-a-sexporter\\\/\",\"url\":\"https:\\\/\\\/lasentinelle.dz\\\/index.php\\\/2022\\\/09\\\/20\\\/btph-les-entreprises-algeriennes-appelees-a-sexporter\\\/\",\"name\":\"BTPH\u00a0: Les entreprises alg\u00e9riennes appel\u00e9es \u00e0 s\u2019exporter - La Sentinelle\",\"isPartOf\":{\"@id\":\"https:\\\/\\\/lasentinelle.dz\\\/#website\"},\"primaryImageOfPage\":{\"@id\":\"https:\\\/\\\/lasentinelle.dz\\\/index.php\\\/2022\\\/09\\\/20\\\/btph-les-entreprises-algeriennes-appelees-a-sexporter\\\/#primaryimage\"},\"image\":{\"@id\":\"https:\\\/\\\/lasentinelle.dz\\\/index.php\\\/2022\\\/09\\\/20\\\/btph-les-entreprises-algeriennes-appelees-a-sexporter\\\/#primaryimage\"},\"thumbnailUrl\":\"https:\\\/\\\/lasentinelle.dz\\\/wp-content\\\/uploads\\\/2022\\\/09\\\/SITP.png\",\"datePublished\":\"2022-09-19T23:08:00+00:00\",\"breadcrumb\":{\"@id\":\"https:\\\/\\\/lasentinelle.dz\\\/index.php\\\/2022\\\/09\\\/20\\\/btph-les-entreprises-algeriennes-appelees-a-sexporter\\\/#breadcrumb\"},\"inLanguage\":\"fr-FR\",\"potentialAction\":[{\"@type\":\"ReadAction\",\"target\":[\"https:\\\/\\\/lasentinelle.dz\\\/index.php\\\/2022\\\/09\\\/20\\\/btph-les-entreprises-algeriennes-appelees-a-sexporter\\\/\"]}]},{\"@type\":\"ImageObject\",\"inLanguage\":\"fr-FR\",\"@id\":\"https:\\\/\\\/lasentinelle.dz\\\/index.php\\\/2022\\\/09\\\/20\\\/btph-les-entreprises-algeriennes-appelees-a-sexporter\\\/#primaryimage\",\"url\":\"https:\\\/\\\/lasentinelle.dz\\\/wp-content\\\/uploads\\\/2022\\\/09\\\/SITP.png\",\"contentUrl\":\"https:\\\/\\\/lasentinelle.dz\\\/wp-content\\\/uploads\\\/2022\\\/09\\\/SITP.png\",\"width\":1350,\"height\":900},{\"@type\":\"BreadcrumbList\",\"@id\":\"https:\\\/\\\/lasentinelle.dz\\\/index.php\\\/2022\\\/09\\\/20\\\/btph-les-entreprises-algeriennes-appelees-a-sexporter\\\/#breadcrumb\",\"itemListElement\":[{\"@type\":\"ListItem\",\"position\":1,\"name\":\"Accueil\",\"item\":\"https:\\\/\\\/lasentinelle.dz\\\/\"},{\"@type\":\"ListItem\",\"position\":2,\"name\":\"BTPH\u00a0: Les entreprises alg\u00e9riennes appel\u00e9es \u00e0 s\u2019exporter\"}]},{\"@type\":\"WebSite\",\"@id\":\"https:\\\/\\\/lasentinelle.dz\\\/#website\",\"url\":\"https:\\\/\\\/lasentinelle.dz\\\/\",\"name\":\"La Sentinelle\",\"description\":\"Quotidien national d&#039;information\",\"publisher\":{\"@id\":\"https:\\\/\\\/lasentinelle.dz\\\/#organization\"},\"potentialAction\":[{\"@type\":\"SearchAction\",\"target\":{\"@type\":\"EntryPoint\",\"urlTemplate\":\"https:\\\/\\\/lasentinelle.dz\\\/?s={search_term_string}\"},\"query-input\":{\"@type\":\"PropertyValueSpecification\",\"valueRequired\":true,\"valueName\":\"search_term_string\"}}],\"inLanguage\":\"fr-FR\"},{\"@type\":\"Organization\",\"@id\":\"https:\\\/\\\/lasentinelle.dz\\\/#organization\",\"name\":\"Quotidien La Sentinelle\",\"url\":\"https:\\\/\\\/lasentinelle.dz\\\/\",\"logo\":{\"@type\":\"ImageObject\",\"inLanguage\":\"fr-FR\",\"@id\":\"https:\\\/\\\/lasentinelle.dz\\\/#\\\/schema\\\/logo\\\/image\\\/\",\"url\":\"https:\\\/\\\/lasentinelle.dz\\\/wp-content\\\/uploads\\\/2021\\\/09\\\/logo-sentinelleSLOGAN-1.png\",\"contentUrl\":\"https:\\\/\\\/lasentinelle.dz\\\/wp-content\\\/uploads\\\/2021\\\/09\\\/logo-sentinelleSLOGAN-1.png\",\"width\":615,\"height\":142,\"caption\":\"Quotidien La Sentinelle\"},\"image\":{\"@id\":\"https:\\\/\\\/lasentinelle.dz\\\/#\\\/schema\\\/logo\\\/image\\\/\"},\"sameAs\":[\"https:\\\/\\\/www.facebook.com\\\/La-Sentinelle-104059864394773\"]},{\"@type\":\"Person\",\"@id\":\"https:\\\/\\\/lasentinelle.dz\\\/#\\\/schema\\\/person\\\/d865044e22e70a75174ce8bcad3acfb3\",\"name\":\"La Sentinelle\",\"image\":{\"@type\":\"ImageObject\",\"inLanguage\":\"fr-FR\",\"@id\":\"https:\\\/\\\/secure.gravatar.com\\\/avatar\\\/57de8e5d4b15d43fb361a71fbb36338450fe67865b528a43dd10ef7c51a20392?s=96&d=mm&r=g\",\"url\":\"https:\\\/\\\/secure.gravatar.com\\\/avatar\\\/57de8e5d4b15d43fb361a71fbb36338450fe67865b528a43dd10ef7c51a20392?s=96&d=mm&r=g\",\"contentUrl\":\"https:\\\/\\\/secure.gravatar.com\\\/avatar\\\/57de8e5d4b15d43fb361a71fbb36338450fe67865b528a43dd10ef7c51a20392?s=96&d=mm&r=g\",\"caption\":\"La Sentinelle\"},\"sameAs\":[\"http:\\\/\\\/www.lasentinelle.dz\"],\"url\":\"https:\\\/\\\/lasentinelle.dz\\\/author\\\/redaction\\\/\"}]}<\/script>\n<!-- \/ Yoast SEO plugin. -->","yoast_head_json":{"title":"BTPH\u00a0: Les entreprises alg\u00e9riennes appel\u00e9es \u00e0 s\u2019exporter - La Sentinelle","robots":{"index":"index","follow":"follow","max-snippet":"max-snippet:-1","max-image-preview":"max-image-preview:large","max-video-preview":"max-video-preview:-1"},"canonical":"https:\/\/lasentinelle.dz\/index.php\/2022\/09\/20\/btph-les-entreprises-algeriennes-appelees-a-sexporter\/","og_locale":"fr_FR","og_type":"article","og_title":"BTPH\u00a0: Les entreprises alg\u00e9riennes appel\u00e9es \u00e0 s\u2019exporter - La Sentinelle","og_description":"B\u00e9n\u00e9ficiant d\u2019un capital exp\u00e9rience appr\u00e9ciable dans le domaine de la r\u00e9alisation des infrastructures gr\u00e2ce aux programmes publics d\u2019investissement, les entreprises","og_url":"https:\/\/lasentinelle.dz\/index.php\/2022\/09\/20\/btph-les-entreprises-algeriennes-appelees-a-sexporter\/","og_site_name":"La Sentinelle","article_publisher":"https:\/\/www.facebook.com\/La-Sentinelle-104059864394773","article_published_time":"2022-09-19T23:08:00+00:00","og_image":[{"width":1350,"height":900,"url":"https:\/\/lasentinelle.dz\/wp-content\/uploads\/2022\/09\/SITP.png","type":"image\/png"}],"author":"La Sentinelle","twitter_card":"summary_large_image","twitter_misc":{"\u00c9crit par":"La Sentinelle","Dur\u00e9e de lecture estim\u00e9e":"3 minutes"},"schema":{"@context":"https:\/\/schema.org","@graph":[{"@type":"Article","@id":"https:\/\/lasentinelle.dz\/index.php\/2022\/09\/20\/btph-les-entreprises-algeriennes-appelees-a-sexporter\/#article","isPartOf":{"@id":"https:\/\/lasentinelle.dz\/index.php\/2022\/09\/20\/btph-les-entreprises-algeriennes-appelees-a-sexporter\/"},"author":{"name":"La Sentinelle","@id":"https:\/\/lasentinelle.dz\/#\/schema\/person\/d865044e22e70a75174ce8bcad3acfb3"},"headline":"BTPH\u00a0: Les entreprises alg\u00e9riennes appel\u00e9es \u00e0 s\u2019exporter","datePublished":"2022-09-19T23:08:00+00:00","mainEntityOfPage":{"@id":"https:\/\/lasentinelle.dz\/index.php\/2022\/09\/20\/btph-les-entreprises-algeriennes-appelees-a-sexporter\/"},"wordCount":586,"commentCount":0,"publisher":{"@id":"https:\/\/lasentinelle.dz\/#organization"},"image":{"@id":"https:\/\/lasentinelle.dz\/index.php\/2022\/09\/20\/btph-les-entreprises-algeriennes-appelees-a-sexporter\/#primaryimage"},"thumbnailUrl":"https:\/\/lasentinelle.dz\/wp-content\/uploads\/2022\/09\/SITP.png","articleSection":["\u00c0 la Une","\u00c9conomie"],"inLanguage":"fr-FR","potentialAction":[{"@type":"CommentAction","name":"Comment","target":["https:\/\/lasentinelle.dz\/index.php\/2022\/09\/20\/btph-les-entreprises-algeriennes-appelees-a-sexporter\/#respond"]}]},{"@type":"WebPage","@id":"https:\/\/lasentinelle.dz\/index.php\/2022\/09\/20\/btph-les-entreprises-algeriennes-appelees-a-sexporter\/","url":"https:\/\/lasentinelle.dz\/index.php\/2022\/09\/20\/btph-les-entreprises-algeriennes-appelees-a-sexporter\/","name":"BTPH\u00a0: Les entreprises alg\u00e9riennes appel\u00e9es \u00e0 s\u2019exporter - La Sentinelle","isPartOf":{"@id":"https:\/\/lasentinelle.dz\/#website"},"primaryImageOfPage":{"@id":"https:\/\/lasentinelle.dz\/index.php\/2022\/09\/20\/btph-les-entreprises-algeriennes-appelees-a-sexporter\/#primaryimage"},"image":{"@id":"https:\/\/lasentinelle.dz\/index.php\/2022\/09\/20\/btph-les-entreprises-algeriennes-appelees-a-sexporter\/#primaryimage"},"thumbnailUrl":"https:\/\/lasentinelle.dz\/wp-content\/uploads\/2022\/09\/SITP.png","datePublished":"2022-09-19T23:08:00+00:00","breadcrumb":{"@id":"https:\/\/lasentinelle.dz\/index.php\/2022\/09\/20\/btph-les-entreprises-algeriennes-appelees-a-sexporter\/#breadcrumb"},"inLanguage":"fr-FR","potentialAction":[{"@type":"ReadAction","target":["https:\/\/lasentinelle.dz\/index.php\/2022\/09\/20\/btph-les-entreprises-algeriennes-appelees-a-sexporter\/"]}]},{"@type":"ImageObject","inLanguage":"fr-FR","@id":"https:\/\/lasentinelle.dz\/index.php\/2022\/09\/20\/btph-les-entreprises-algeriennes-appelees-a-sexporter\/#primaryimage","url":"https:\/\/lasentinelle.dz\/wp-content\/uploads\/2022\/09\/SITP.png","contentUrl":"https:\/\/lasentinelle.dz\/wp-content\/uploads\/2022\/09\/SITP.png","width":1350,"height":900},{"@type":"BreadcrumbList","@id":"https:\/\/lasentinelle.dz\/index.php\/2022\/09\/20\/btph-les-entreprises-algeriennes-appelees-a-sexporter\/#breadcrumb","itemListElement":[{"@type":"ListItem","position":1,"name":"Accueil","item":"https:\/\/lasentinelle.dz\/"},{"@type":"ListItem","position":2,"name":"BTPH\u00a0: Les entreprises alg\u00e9riennes appel\u00e9es \u00e0 s\u2019exporter"}]},{"@type":"WebSite","@id":"https:\/\/lasentinelle.dz\/#website","url":"https:\/\/lasentinelle.dz\/","name":"La Sentinelle","description":"Quotidien national d&#039;information","publisher":{"@id":"https:\/\/lasentinelle.dz\/#organization"},"potentialAction":[{"@type":"SearchAction","target":{"@type":"EntryPoint","urlTemplate":"https:\/\/lasentinelle.dz\/?s={search_term_string}"},"query-input":{"@type":"PropertyValueSpecification","valueRequired":true,"valueName":"search_term_string"}}],"inLanguage":"fr-FR"},{"@type":"Organization","@id":"https:\/\/lasentinelle.dz\/#organization","name":"Quotidien La Sentinelle","url":"https:\/\/lasentinelle.dz\/","logo":{"@type":"ImageObject","inLanguage":"fr-FR","@id":"https:\/\/lasentinelle.dz\/#\/schema\/logo\/image\/","url":"https:\/\/lasentinelle.dz\/wp-content\/uploads\/2021\/09\/logo-sentinelleSLOGAN-1.png","contentUrl":"https:\/\/lasentinelle.dz\/wp-content\/uploads\/2021\/09\/logo-sentinelleSLOGAN-1.png","width":615,"height":142,"caption":"Quotidien La Sentinelle"},"image":{"@id":"https:\/\/lasentinelle.dz\/#\/schema\/logo\/image\/"},"sameAs":["https:\/\/www.facebook.com\/La-Sentinelle-104059864394773"]},{"@type":"Person","@id":"https:\/\/lasentinelle.dz\/#\/schema\/person\/d865044e22e70a75174ce8bcad3acfb3","name":"La Sentinelle","image":{"@type":"ImageObject","inLanguage":"fr-FR","@id":"https:\/\/secure.gravatar.com\/avatar\/57de8e5d4b15d43fb361a71fbb36338450fe67865b528a43dd10ef7c51a20392?s=96&d=mm&r=g","url":"https:\/\/secure.gravatar.com\/avatar\/57de8e5d4b15d43fb361a71fbb36338450fe67865b528a43dd10ef7c51a20392?s=96&d=mm&r=g","contentUrl":"https:\/\/secure.gravatar.com\/avatar\/57de8e5d4b15d43fb361a71fbb36338450fe67865b528a43dd10ef7c51a20392?s=96&d=mm&r=g","caption":"La Sentinelle"},"sameAs":["http:\/\/www.lasentinelle.dz"],"url":"https:\/\/lasentinelle.dz\/author\/redaction\/"}]}},"_links":{"self":[{"href":"https:\/\/lasentinelle.dz\/index.php\/wp-json\/wp\/v2\/posts\/27672","targetHints":{"allow":["GET"]}}],"collection":[{"href":"https:\/\/lasentinelle.dz\/index.php\/wp-json\/wp\/v2\/posts"}],"about":[{"href":"https:\/\/lasentinelle.dz\/index.php\/wp-json\/wp\/v2\/types\/post"}],"author":[{"embeddable":true,"href":"https:\/\/lasentinelle.dz\/index.php\/wp-json\/wp\/v2\/users\/3"}],"replies":[{"embeddable":true,"href":"https:\/\/lasentinelle.dz\/index.php\/wp-json\/wp\/v2\/comments?post=27672"}],"version-history":[{"count":1,"href":"https:\/\/lasentinelle.dz\/index.php\/wp-json\/wp\/v2\/posts\/27672\/revisions"}],"predecessor-version":[{"id":27711,"href":"https:\/\/lasentinelle.dz\/index.php\/wp-json\/wp\/v2\/posts\/27672\/revisions\/27711"}],"wp:featuredmedia":[{"embeddable":true,"href":"https:\/\/lasentinelle.dz\/index.php\/wp-json\/wp\/v2\/media\/27709"}],"wp:attachment":[{"href":"https:\/\/lasentinelle.dz\/index.php\/wp-json\/wp\/v2\/media?parent=27672"}],"wp:term":[{"taxonomy":"category","embeddable":true,"href":"https:\/\/lasentinelle.dz\/index.php\/wp-json\/wp\/v2\/categories?post=27672"},{"taxonomy":"post_tag","embeddable":true,"href":"https:\/\/lasentinelle.dz\/index.php\/wp-json\/wp\/v2\/tags?post=27672"}],"curies":[{"name":"wp","href":"https:\/\/api.w.org\/{rel}","templated":true}]}}