{"id":27693,"date":"2022-09-20T00:08:00","date_gmt":"2022-09-19T23:08:00","guid":{"rendered":"https:\/\/lasentinelle.dz\/?p=27693"},"modified":"2022-09-20T17:22:54","modified_gmt":"2022-09-20T16:22:54","slug":"dr-lyes-akhamoukh-membre-du-comite-de-suivi-de-la-pandemie-de-covi-19-on-sachemine-vers-la-fin-du-covid-19","status":"publish","type":"post","link":"https:\/\/lasentinelle.dz\/index.php\/2022\/09\/20\/dr-lyes-akhamoukh-membre-du-comite-de-suivi-de-la-pandemie-de-covi-19-on-sachemine-vers-la-fin-du-covid-19\/","title":{"rendered":"Dr.Lyes Akhamoukh, membre du Comit\u00e9 de suivi de la pand\u00e9mie de covi-19\u00a0: \u00ab\u00a0On s\u2019achemine vers la fin du covid-19\u00a0\u00bb"},"content":{"rendered":"\n<p>Le monde d\u2019aujourd\u2019hui est s\u00e9rieusement sous la menace permanente des pand\u00e9mies, de toutes natures. La Covid 19 est, certes derri\u00e8re nous, d\u2019autres non moins virulentes guettent l\u2019Humanit\u00e9, notamment \u00e0 la faveur des chamboulements climatiques relev\u00e9s un peu partout dans le monde.&nbsp; C\u2019est dans ce contexte que le chef de service des maladies infectieuses \u00e0 l\u2019h\u00f4pital de Tamanrasset et membre du Comit\u00e9 scientifique de suivi de la pand\u00e9mie du Covid-19, le Dr Lyes Akhamoukh a plaid\u00e9 pour \u00abl\u2019installation de centres de r\u00e9f\u00e9rence r\u00e9gionaux, pour renforcer la pr\u00e9vention et lutter efficacement contre les maladies infectieuses\u00bb. Invit\u00e9 \u00e0 s\u2019exprimer sur les ondes de la Radio alg\u00e9rienne, le Dr Akhamoukh a indiqu\u00e9 que \u00abla la vigilance doit \u00eatre de mise\u00bb, m\u00eame si l\u2019Alg\u00e9rie a \u00e9radiqu\u00e9 plusieurs maladies. \u00abIl ne faut jamais baisser la garde contre ces maladies \u00e9mergentes ou r\u00e9\u00e9mergentes, parce que m\u00eame les maladies qualifi\u00e9es de moyen\u00e2geuses peuvent revenir \u00e0 n\u2019importe quel moment\u00bb, a-t-il mis en garde. Il s\u2019agit, selon l\u2019Invit\u00e9 de la Radio, du paludisme, particuli\u00e8rement avec l\u2019installation du moustique tigre.&nbsp; Pour le chef de service des maladies infectieuses, l\u2019installation des Centres de r\u00e9f\u00e9rence r\u00e9gionaux \u00ab&nbsp;permet de s\u2019adapter aux sp\u00e9cificit\u00e9s r\u00e9gionales et se pr\u00e9parer \u00e0 d\u2019\u00e9ventuelles \u00e9pid\u00e9mies, d\u2019autant plus que l\u2019Alg\u00e9rie est un pays continent. Et de poursuivre : \u00abil existe des maladies qu\u2019on ne voit qu\u2019au nord du pays, comme la fi\u00e8vre boutonneuse m\u00e9diterran\u00e9enne, alors que d\u2019autres infections apparaissent plut\u00f4t dans Sud\u00bb. Abordant la question li\u00e9e \u00e0 l\u2019\u00e9volution du coronavirus qui a \u00e9branl\u00e9 tous les pays du monde, le Dr Akhamoukh affirme que \u00abde nombreux indices montrent qu\u2019on s\u2019achemine vers la fin de la pand\u00e9mie du Covid19\u00bb, pr\u00e9cisant qu\u2019\u00aben finir avec la pand\u00e9mie ne signifie pas la disparition du virus\u00bb. \u00abCe dernier pourrait nous surprendre les prochaines ann\u00e9es et \u00abil faut s\u2019attendre \u00e0 l\u2019apparition d\u2019autres variants et sous-variants dans les prochains mois\u00bb, a-t-il encore une fois mis en garde.<\/p>\n\n\n\n<p><strong>Salim Abdenour<\/strong><\/p>\n","protected":false},"excerpt":{"rendered":"<p>Le monde d\u2019aujourd\u2019hui est s\u00e9rieusement sous la menace permanente des pand\u00e9mies, de toutes natures. La Covid 19 est, certes derri\u00e8re<\/p>\n","protected":false},"author":3,"featured_media":21618,"comment_status":"open","ping_status":"closed","sticky":false,"template":"","format":"standard","meta":{"colormag_page_container_layout":"default_layout","colormag_page_sidebar_layout":"default_layout","om_disable_all_campaigns":false,"_monsterinsights_skip_tracking":false,"_monsterinsights_sitenote_active":false,"_monsterinsights_sitenote_note":"","_monsterinsights_sitenote_category":0,"footnotes":"","_wpscppro_dont_share_socialmedia":false,"_wpscppro_custom_social_share_image":0,"_facebook_share_type":"","_twitter_share_type":"","_linkedin_share_type":"","_pinterest_share_type":"","_linkedin_share_type_page":"","_instagram_share_type":"","_medium_share_type":"","_threads_share_type":"","_google_business_share_type":"","_selected_social_profile":[],"_wpsp_enable_custom_social_template":false,"_wpsp_social_scheduling":{"enabled":false,"datetime":null,"platforms":[],"status":"template_only","dateOption":"today","timeOption":"now","customDays":"","customHours":"","customDate":"","customTime":"","schedulingType":"absolute"},"_wpsp_active_default_template":true},"categories":[52,27],"tags":[],"class_list":["post-27693","post","type-post","status-publish","format-standard","has-post-thumbnail","hentry","category-a-la-une","category-actualite"],"aioseo_notices":[],"yoast_head":"<!-- This site is optimized with the Yoast SEO plugin v27.5 - https:\/\/yoast.com\/product\/yoast-seo-wordpress\/ -->\n<title>Dr.Lyes Akhamoukh, membre du Comit\u00e9 de suivi de la pand\u00e9mie de covi-19\u00a0: \u00ab\u00a0On s\u2019achemine vers la fin du covid-19\u00a0\u00bb - La Sentinelle<\/title>\n<meta name=\"robots\" content=\"index, follow, max-snippet:-1, max-image-preview:large, max-video-preview:-1\" \/>\n<link rel=\"canonical\" href=\"https:\/\/lasentinelle.dz\/index.php\/2022\/09\/20\/dr-lyes-akhamoukh-membre-du-comite-de-suivi-de-la-pandemie-de-covi-19-on-sachemine-vers-la-fin-du-covid-19\/\" \/>\n<meta property=\"og:locale\" content=\"fr_FR\" \/>\n<meta property=\"og:type\" content=\"article\" \/>\n<meta property=\"og:title\" content=\"Dr.Lyes Akhamoukh, membre du Comit\u00e9 de suivi de la pand\u00e9mie de covi-19\u00a0: \u00ab\u00a0On s\u2019achemine vers la fin du covid-19\u00a0\u00bb - La Sentinelle\" \/>\n<meta property=\"og:description\" content=\"Le monde d\u2019aujourd\u2019hui est s\u00e9rieusement sous la menace permanente des pand\u00e9mies, de toutes natures. La Covid 19 est, certes derri\u00e8re\" \/>\n<meta property=\"og:url\" content=\"https:\/\/lasentinelle.dz\/index.php\/2022\/09\/20\/dr-lyes-akhamoukh-membre-du-comite-de-suivi-de-la-pandemie-de-covi-19-on-sachemine-vers-la-fin-du-covid-19\/\" \/>\n<meta property=\"og:site_name\" content=\"La Sentinelle\" \/>\n<meta property=\"article:publisher\" content=\"https:\/\/www.facebook.com\/La-Sentinelle-104059864394773\" \/>\n<meta property=\"article:published_time\" content=\"2022-09-19T23:08:00+00:00\" \/>\n<meta property=\"article:modified_time\" content=\"2022-09-20T16:22:54+00:00\" \/>\n<meta property=\"og:image\" content=\"https:\/\/lasentinelle.dz\/wp-content\/uploads\/2022\/05\/Elyas-Akhamokh.png\" \/>\n\t<meta property=\"og:image:width\" content=\"1529\" \/>\n\t<meta property=\"og:image:height\" content=\"900\" \/>\n\t<meta property=\"og:image:type\" content=\"image\/png\" \/>\n<meta name=\"author\" content=\"La Sentinelle\" \/>\n<meta name=\"twitter:card\" content=\"summary_large_image\" \/>\n<meta name=\"twitter:label1\" content=\"\u00c9crit par\" \/>\n\t<meta name=\"twitter:data1\" content=\"La Sentinelle\" \/>\n\t<meta name=\"twitter:label2\" content=\"Dur\u00e9e de lecture estim\u00e9e\" \/>\n\t<meta name=\"twitter:data2\" content=\"2 minutes\" \/>\n<script type=\"application\/ld+json\" class=\"yoast-schema-graph\">{\"@context\":\"https:\\\/\\\/schema.org\",\"@graph\":[{\"@type\":\"Article\",\"@id\":\"https:\\\/\\\/lasentinelle.dz\\\/index.php\\\/2022\\\/09\\\/20\\\/dr-lyes-akhamoukh-membre-du-comite-de-suivi-de-la-pandemie-de-covi-19-on-sachemine-vers-la-fin-du-covid-19\\\/#article\",\"isPartOf\":{\"@id\":\"https:\\\/\\\/lasentinelle.dz\\\/index.php\\\/2022\\\/09\\\/20\\\/dr-lyes-akhamoukh-membre-du-comite-de-suivi-de-la-pandemie-de-covi-19-on-sachemine-vers-la-fin-du-covid-19\\\/\"},\"author\":{\"name\":\"La Sentinelle\",\"@id\":\"https:\\\/\\\/lasentinelle.dz\\\/#\\\/schema\\\/person\\\/d865044e22e70a75174ce8bcad3acfb3\"},\"headline\":\"Dr.Lyes Akhamoukh, membre du Comit\u00e9 de suivi de la pand\u00e9mie de covi-19\u00a0: \u00ab\u00a0On s\u2019achemine vers la fin du covid-19\u00a0\u00bb\",\"datePublished\":\"2022-09-19T23:08:00+00:00\",\"dateModified\":\"2022-09-20T16:22:54+00:00\",\"mainEntityOfPage\":{\"@id\":\"https:\\\/\\\/lasentinelle.dz\\\/index.php\\\/2022\\\/09\\\/20\\\/dr-lyes-akhamoukh-membre-du-comite-de-suivi-de-la-pandemie-de-covi-19-on-sachemine-vers-la-fin-du-covid-19\\\/\"},\"wordCount\":390,\"commentCount\":0,\"publisher\":{\"@id\":\"https:\\\/\\\/lasentinelle.dz\\\/#organization\"},\"image\":{\"@id\":\"https:\\\/\\\/lasentinelle.dz\\\/index.php\\\/2022\\\/09\\\/20\\\/dr-lyes-akhamoukh-membre-du-comite-de-suivi-de-la-pandemie-de-covi-19-on-sachemine-vers-la-fin-du-covid-19\\\/#primaryimage\"},\"thumbnailUrl\":\"https:\\\/\\\/lasentinelle.dz\\\/wp-content\\\/uploads\\\/2022\\\/05\\\/Elyas-Akhamokh.png\",\"articleSection\":[\"\u00c0 la Une\",\"Actualit\u00e9\"],\"inLanguage\":\"fr-FR\",\"potentialAction\":[{\"@type\":\"CommentAction\",\"name\":\"Comment\",\"target\":[\"https:\\\/\\\/lasentinelle.dz\\\/index.php\\\/2022\\\/09\\\/20\\\/dr-lyes-akhamoukh-membre-du-comite-de-suivi-de-la-pandemie-de-covi-19-on-sachemine-vers-la-fin-du-covid-19\\\/#respond\"]}]},{\"@type\":\"WebPage\",\"@id\":\"https:\\\/\\\/lasentinelle.dz\\\/index.php\\\/2022\\\/09\\\/20\\\/dr-lyes-akhamoukh-membre-du-comite-de-suivi-de-la-pandemie-de-covi-19-on-sachemine-vers-la-fin-du-covid-19\\\/\",\"url\":\"https:\\\/\\\/lasentinelle.dz\\\/index.php\\\/2022\\\/09\\\/20\\\/dr-lyes-akhamoukh-membre-du-comite-de-suivi-de-la-pandemie-de-covi-19-on-sachemine-vers-la-fin-du-covid-19\\\/\",\"name\":\"Dr.Lyes Akhamoukh, membre du Comit\u00e9 de suivi de la pand\u00e9mie de covi-19\u00a0: \u00ab\u00a0On s\u2019achemine vers la fin du covid-19\u00a0\u00bb - La Sentinelle\",\"isPartOf\":{\"@id\":\"https:\\\/\\\/lasentinelle.dz\\\/#website\"},\"primaryImageOfPage\":{\"@id\":\"https:\\\/\\\/lasentinelle.dz\\\/index.php\\\/2022\\\/09\\\/20\\\/dr-lyes-akhamoukh-membre-du-comite-de-suivi-de-la-pandemie-de-covi-19-on-sachemine-vers-la-fin-du-covid-19\\\/#primaryimage\"},\"image\":{\"@id\":\"https:\\\/\\\/lasentinelle.dz\\\/index.php\\\/2022\\\/09\\\/20\\\/dr-lyes-akhamoukh-membre-du-comite-de-suivi-de-la-pandemie-de-covi-19-on-sachemine-vers-la-fin-du-covid-19\\\/#primaryimage\"},\"thumbnailUrl\":\"https:\\\/\\\/lasentinelle.dz\\\/wp-content\\\/uploads\\\/2022\\\/05\\\/Elyas-Akhamokh.png\",\"datePublished\":\"2022-09-19T23:08:00+00:00\",\"dateModified\":\"2022-09-20T16:22:54+00:00\",\"breadcrumb\":{\"@id\":\"https:\\\/\\\/lasentinelle.dz\\\/index.php\\\/2022\\\/09\\\/20\\\/dr-lyes-akhamoukh-membre-du-comite-de-suivi-de-la-pandemie-de-covi-19-on-sachemine-vers-la-fin-du-covid-19\\\/#breadcrumb\"},\"inLanguage\":\"fr-FR\",\"potentialAction\":[{\"@type\":\"ReadAction\",\"target\":[\"https:\\\/\\\/lasentinelle.dz\\\/index.php\\\/2022\\\/09\\\/20\\\/dr-lyes-akhamoukh-membre-du-comite-de-suivi-de-la-pandemie-de-covi-19-on-sachemine-vers-la-fin-du-covid-19\\\/\"]}]},{\"@type\":\"ImageObject\",\"inLanguage\":\"fr-FR\",\"@id\":\"https:\\\/\\\/lasentinelle.dz\\\/index.php\\\/2022\\\/09\\\/20\\\/dr-lyes-akhamoukh-membre-du-comite-de-suivi-de-la-pandemie-de-covi-19-on-sachemine-vers-la-fin-du-covid-19\\\/#primaryimage\",\"url\":\"https:\\\/\\\/lasentinelle.dz\\\/wp-content\\\/uploads\\\/2022\\\/05\\\/Elyas-Akhamokh.png\",\"contentUrl\":\"https:\\\/\\\/lasentinelle.dz\\\/wp-content\\\/uploads\\\/2022\\\/05\\\/Elyas-Akhamokh.png\",\"width\":1529,\"height\":900},{\"@type\":\"BreadcrumbList\",\"@id\":\"https:\\\/\\\/lasentinelle.dz\\\/index.php\\\/2022\\\/09\\\/20\\\/dr-lyes-akhamoukh-membre-du-comite-de-suivi-de-la-pandemie-de-covi-19-on-sachemine-vers-la-fin-du-covid-19\\\/#breadcrumb\",\"itemListElement\":[{\"@type\":\"ListItem\",\"position\":1,\"name\":\"Accueil\",\"item\":\"https:\\\/\\\/lasentinelle.dz\\\/\"},{\"@type\":\"ListItem\",\"position\":2,\"name\":\"Dr.Lyes Akhamoukh, membre du Comit\u00e9 de suivi de la pand\u00e9mie de covi-19\u00a0: \u00ab\u00a0On s\u2019achemine vers la fin du covid-19\u00a0\u00bb\"}]},{\"@type\":\"WebSite\",\"@id\":\"https:\\\/\\\/lasentinelle.dz\\\/#website\",\"url\":\"https:\\\/\\\/lasentinelle.dz\\\/\",\"name\":\"La Sentinelle\",\"description\":\"Quotidien national d&#039;information\",\"publisher\":{\"@id\":\"https:\\\/\\\/lasentinelle.dz\\\/#organization\"},\"potentialAction\":[{\"@type\":\"SearchAction\",\"target\":{\"@type\":\"EntryPoint\",\"urlTemplate\":\"https:\\\/\\\/lasentinelle.dz\\\/?s={search_term_string}\"},\"query-input\":{\"@type\":\"PropertyValueSpecification\",\"valueRequired\":true,\"valueName\":\"search_term_string\"}}],\"inLanguage\":\"fr-FR\"},{\"@type\":\"Organization\",\"@id\":\"https:\\\/\\\/lasentinelle.dz\\\/#organization\",\"name\":\"Quotidien La Sentinelle\",\"url\":\"https:\\\/\\\/lasentinelle.dz\\\/\",\"logo\":{\"@type\":\"ImageObject\",\"inLanguage\":\"fr-FR\",\"@id\":\"https:\\\/\\\/lasentinelle.dz\\\/#\\\/schema\\\/logo\\\/image\\\/\",\"url\":\"https:\\\/\\\/lasentinelle.dz\\\/wp-content\\\/uploads\\\/2021\\\/09\\\/logo-sentinelleSLOGAN-1.png\",\"contentUrl\":\"https:\\\/\\\/lasentinelle.dz\\\/wp-content\\\/uploads\\\/2021\\\/09\\\/logo-sentinelleSLOGAN-1.png\",\"width\":615,\"height\":142,\"caption\":\"Quotidien La Sentinelle\"},\"image\":{\"@id\":\"https:\\\/\\\/lasentinelle.dz\\\/#\\\/schema\\\/logo\\\/image\\\/\"},\"sameAs\":[\"https:\\\/\\\/www.facebook.com\\\/La-Sentinelle-104059864394773\"]},{\"@type\":\"Person\",\"@id\":\"https:\\\/\\\/lasentinelle.dz\\\/#\\\/schema\\\/person\\\/d865044e22e70a75174ce8bcad3acfb3\",\"name\":\"La Sentinelle\",\"image\":{\"@type\":\"ImageObject\",\"inLanguage\":\"fr-FR\",\"@id\":\"https:\\\/\\\/secure.gravatar.com\\\/avatar\\\/57de8e5d4b15d43fb361a71fbb36338450fe67865b528a43dd10ef7c51a20392?s=96&d=mm&r=g\",\"url\":\"https:\\\/\\\/secure.gravatar.com\\\/avatar\\\/57de8e5d4b15d43fb361a71fbb36338450fe67865b528a43dd10ef7c51a20392?s=96&d=mm&r=g\",\"contentUrl\":\"https:\\\/\\\/secure.gravatar.com\\\/avatar\\\/57de8e5d4b15d43fb361a71fbb36338450fe67865b528a43dd10ef7c51a20392?s=96&d=mm&r=g\",\"caption\":\"La Sentinelle\"},\"sameAs\":[\"http:\\\/\\\/www.lasentinelle.dz\"],\"url\":\"https:\\\/\\\/lasentinelle.dz\\\/author\\\/redaction\\\/\"}]}<\/script>\n<!-- \/ Yoast SEO plugin. -->","yoast_head_json":{"title":"Dr.Lyes Akhamoukh, membre du Comit\u00e9 de suivi de la pand\u00e9mie de covi-19\u00a0: \u00ab\u00a0On s\u2019achemine vers la fin du covid-19\u00a0\u00bb - La Sentinelle","robots":{"index":"index","follow":"follow","max-snippet":"max-snippet:-1","max-image-preview":"max-image-preview:large","max-video-preview":"max-video-preview:-1"},"canonical":"https:\/\/lasentinelle.dz\/index.php\/2022\/09\/20\/dr-lyes-akhamoukh-membre-du-comite-de-suivi-de-la-pandemie-de-covi-19-on-sachemine-vers-la-fin-du-covid-19\/","og_locale":"fr_FR","og_type":"article","og_title":"Dr.Lyes Akhamoukh, membre du Comit\u00e9 de suivi de la pand\u00e9mie de covi-19\u00a0: \u00ab\u00a0On s\u2019achemine vers la fin du covid-19\u00a0\u00bb - La Sentinelle","og_description":"Le monde d\u2019aujourd\u2019hui est s\u00e9rieusement sous la menace permanente des pand\u00e9mies, de toutes natures. La Covid 19 est, certes derri\u00e8re","og_url":"https:\/\/lasentinelle.dz\/index.php\/2022\/09\/20\/dr-lyes-akhamoukh-membre-du-comite-de-suivi-de-la-pandemie-de-covi-19-on-sachemine-vers-la-fin-du-covid-19\/","og_site_name":"La Sentinelle","article_publisher":"https:\/\/www.facebook.com\/La-Sentinelle-104059864394773","article_published_time":"2022-09-19T23:08:00+00:00","article_modified_time":"2022-09-20T16:22:54+00:00","og_image":[{"width":1529,"height":900,"url":"https:\/\/lasentinelle.dz\/wp-content\/uploads\/2022\/05\/Elyas-Akhamokh.png","type":"image\/png"}],"author":"La Sentinelle","twitter_card":"summary_large_image","twitter_misc":{"\u00c9crit par":"La Sentinelle","Dur\u00e9e de lecture estim\u00e9e":"2 minutes"},"schema":{"@context":"https:\/\/schema.org","@graph":[{"@type":"Article","@id":"https:\/\/lasentinelle.dz\/index.php\/2022\/09\/20\/dr-lyes-akhamoukh-membre-du-comite-de-suivi-de-la-pandemie-de-covi-19-on-sachemine-vers-la-fin-du-covid-19\/#article","isPartOf":{"@id":"https:\/\/lasentinelle.dz\/index.php\/2022\/09\/20\/dr-lyes-akhamoukh-membre-du-comite-de-suivi-de-la-pandemie-de-covi-19-on-sachemine-vers-la-fin-du-covid-19\/"},"author":{"name":"La Sentinelle","@id":"https:\/\/lasentinelle.dz\/#\/schema\/person\/d865044e22e70a75174ce8bcad3acfb3"},"headline":"Dr.Lyes Akhamoukh, membre du Comit\u00e9 de suivi de la pand\u00e9mie de covi-19\u00a0: \u00ab\u00a0On s\u2019achemine vers la fin du covid-19\u00a0\u00bb","datePublished":"2022-09-19T23:08:00+00:00","dateModified":"2022-09-20T16:22:54+00:00","mainEntityOfPage":{"@id":"https:\/\/lasentinelle.dz\/index.php\/2022\/09\/20\/dr-lyes-akhamoukh-membre-du-comite-de-suivi-de-la-pandemie-de-covi-19-on-sachemine-vers-la-fin-du-covid-19\/"},"wordCount":390,"commentCount":0,"publisher":{"@id":"https:\/\/lasentinelle.dz\/#organization"},"image":{"@id":"https:\/\/lasentinelle.dz\/index.php\/2022\/09\/20\/dr-lyes-akhamoukh-membre-du-comite-de-suivi-de-la-pandemie-de-covi-19-on-sachemine-vers-la-fin-du-covid-19\/#primaryimage"},"thumbnailUrl":"https:\/\/lasentinelle.dz\/wp-content\/uploads\/2022\/05\/Elyas-Akhamokh.png","articleSection":["\u00c0 la Une","Actualit\u00e9"],"inLanguage":"fr-FR","potentialAction":[{"@type":"CommentAction","name":"Comment","target":["https:\/\/lasentinelle.dz\/index.php\/2022\/09\/20\/dr-lyes-akhamoukh-membre-du-comite-de-suivi-de-la-pandemie-de-covi-19-on-sachemine-vers-la-fin-du-covid-19\/#respond"]}]},{"@type":"WebPage","@id":"https:\/\/lasentinelle.dz\/index.php\/2022\/09\/20\/dr-lyes-akhamoukh-membre-du-comite-de-suivi-de-la-pandemie-de-covi-19-on-sachemine-vers-la-fin-du-covid-19\/","url":"https:\/\/lasentinelle.dz\/index.php\/2022\/09\/20\/dr-lyes-akhamoukh-membre-du-comite-de-suivi-de-la-pandemie-de-covi-19-on-sachemine-vers-la-fin-du-covid-19\/","name":"Dr.Lyes Akhamoukh, membre du Comit\u00e9 de suivi de la pand\u00e9mie de covi-19\u00a0: \u00ab\u00a0On s\u2019achemine vers la fin du covid-19\u00a0\u00bb - La Sentinelle","isPartOf":{"@id":"https:\/\/lasentinelle.dz\/#website"},"primaryImageOfPage":{"@id":"https:\/\/lasentinelle.dz\/index.php\/2022\/09\/20\/dr-lyes-akhamoukh-membre-du-comite-de-suivi-de-la-pandemie-de-covi-19-on-sachemine-vers-la-fin-du-covid-19\/#primaryimage"},"image":{"@id":"https:\/\/lasentinelle.dz\/index.php\/2022\/09\/20\/dr-lyes-akhamoukh-membre-du-comite-de-suivi-de-la-pandemie-de-covi-19-on-sachemine-vers-la-fin-du-covid-19\/#primaryimage"},"thumbnailUrl":"https:\/\/lasentinelle.dz\/wp-content\/uploads\/2022\/05\/Elyas-Akhamokh.png","datePublished":"2022-09-19T23:08:00+00:00","dateModified":"2022-09-20T16:22:54+00:00","breadcrumb":{"@id":"https:\/\/lasentinelle.dz\/index.php\/2022\/09\/20\/dr-lyes-akhamoukh-membre-du-comite-de-suivi-de-la-pandemie-de-covi-19-on-sachemine-vers-la-fin-du-covid-19\/#breadcrumb"},"inLanguage":"fr-FR","potentialAction":[{"@type":"ReadAction","target":["https:\/\/lasentinelle.dz\/index.php\/2022\/09\/20\/dr-lyes-akhamoukh-membre-du-comite-de-suivi-de-la-pandemie-de-covi-19-on-sachemine-vers-la-fin-du-covid-19\/"]}]},{"@type":"ImageObject","inLanguage":"fr-FR","@id":"https:\/\/lasentinelle.dz\/index.php\/2022\/09\/20\/dr-lyes-akhamoukh-membre-du-comite-de-suivi-de-la-pandemie-de-covi-19-on-sachemine-vers-la-fin-du-covid-19\/#primaryimage","url":"https:\/\/lasentinelle.dz\/wp-content\/uploads\/2022\/05\/Elyas-Akhamokh.png","contentUrl":"https:\/\/lasentinelle.dz\/wp-content\/uploads\/2022\/05\/Elyas-Akhamokh.png","width":1529,"height":900},{"@type":"BreadcrumbList","@id":"https:\/\/lasentinelle.dz\/index.php\/2022\/09\/20\/dr-lyes-akhamoukh-membre-du-comite-de-suivi-de-la-pandemie-de-covi-19-on-sachemine-vers-la-fin-du-covid-19\/#breadcrumb","itemListElement":[{"@type":"ListItem","position":1,"name":"Accueil","item":"https:\/\/lasentinelle.dz\/"},{"@type":"ListItem","position":2,"name":"Dr.Lyes Akhamoukh, membre du Comit\u00e9 de suivi de la pand\u00e9mie de covi-19\u00a0: \u00ab\u00a0On s\u2019achemine vers la fin du covid-19\u00a0\u00bb"}]},{"@type":"WebSite","@id":"https:\/\/lasentinelle.dz\/#website","url":"https:\/\/lasentinelle.dz\/","name":"La Sentinelle","description":"Quotidien national d&#039;information","publisher":{"@id":"https:\/\/lasentinelle.dz\/#organization"},"potentialAction":[{"@type":"SearchAction","target":{"@type":"EntryPoint","urlTemplate":"https:\/\/lasentinelle.dz\/?s={search_term_string}"},"query-input":{"@type":"PropertyValueSpecification","valueRequired":true,"valueName":"search_term_string"}}],"inLanguage":"fr-FR"},{"@type":"Organization","@id":"https:\/\/lasentinelle.dz\/#organization","name":"Quotidien La Sentinelle","url":"https:\/\/lasentinelle.dz\/","logo":{"@type":"ImageObject","inLanguage":"fr-FR","@id":"https:\/\/lasentinelle.dz\/#\/schema\/logo\/image\/","url":"https:\/\/lasentinelle.dz\/wp-content\/uploads\/2021\/09\/logo-sentinelleSLOGAN-1.png","contentUrl":"https:\/\/lasentinelle.dz\/wp-content\/uploads\/2021\/09\/logo-sentinelleSLOGAN-1.png","width":615,"height":142,"caption":"Quotidien La Sentinelle"},"image":{"@id":"https:\/\/lasentinelle.dz\/#\/schema\/logo\/image\/"},"sameAs":["https:\/\/www.facebook.com\/La-Sentinelle-104059864394773"]},{"@type":"Person","@id":"https:\/\/lasentinelle.dz\/#\/schema\/person\/d865044e22e70a75174ce8bcad3acfb3","name":"La Sentinelle","image":{"@type":"ImageObject","inLanguage":"fr-FR","@id":"https:\/\/secure.gravatar.com\/avatar\/57de8e5d4b15d43fb361a71fbb36338450fe67865b528a43dd10ef7c51a20392?s=96&d=mm&r=g","url":"https:\/\/secure.gravatar.com\/avatar\/57de8e5d4b15d43fb361a71fbb36338450fe67865b528a43dd10ef7c51a20392?s=96&d=mm&r=g","contentUrl":"https:\/\/secure.gravatar.com\/avatar\/57de8e5d4b15d43fb361a71fbb36338450fe67865b528a43dd10ef7c51a20392?s=96&d=mm&r=g","caption":"La Sentinelle"},"sameAs":["http:\/\/www.lasentinelle.dz"],"url":"https:\/\/lasentinelle.dz\/author\/redaction\/"}]}},"_links":{"self":[{"href":"https:\/\/lasentinelle.dz\/index.php\/wp-json\/wp\/v2\/posts\/27693","targetHints":{"allow":["GET"]}}],"collection":[{"href":"https:\/\/lasentinelle.dz\/index.php\/wp-json\/wp\/v2\/posts"}],"about":[{"href":"https:\/\/lasentinelle.dz\/index.php\/wp-json\/wp\/v2\/types\/post"}],"author":[{"embeddable":true,"href":"https:\/\/lasentinelle.dz\/index.php\/wp-json\/wp\/v2\/users\/3"}],"replies":[{"embeddable":true,"href":"https:\/\/lasentinelle.dz\/index.php\/wp-json\/wp\/v2\/comments?post=27693"}],"version-history":[{"count":1,"href":"https:\/\/lasentinelle.dz\/index.php\/wp-json\/wp\/v2\/posts\/27693\/revisions"}],"predecessor-version":[{"id":27695,"href":"https:\/\/lasentinelle.dz\/index.php\/wp-json\/wp\/v2\/posts\/27693\/revisions\/27695"}],"wp:featuredmedia":[{"embeddable":true,"href":"https:\/\/lasentinelle.dz\/index.php\/wp-json\/wp\/v2\/media\/21618"}],"wp:attachment":[{"href":"https:\/\/lasentinelle.dz\/index.php\/wp-json\/wp\/v2\/media?parent=27693"}],"wp:term":[{"taxonomy":"category","embeddable":true,"href":"https:\/\/lasentinelle.dz\/index.php\/wp-json\/wp\/v2\/categories?post=27693"},{"taxonomy":"post_tag","embeddable":true,"href":"https:\/\/lasentinelle.dz\/index.php\/wp-json\/wp\/v2\/tags?post=27693"}],"curies":[{"name":"wp","href":"https:\/\/api.w.org\/{rel}","templated":true}]}}