{"id":27697,"date":"2022-09-20T00:05:00","date_gmt":"2022-09-19T23:05:00","guid":{"rendered":"https:\/\/lasentinelle.dz\/?p=27697"},"modified":"2022-09-19T19:45:46","modified_gmt":"2022-09-19T18:45:46","slug":"fiscalite-plusieurs-reformes-operees","status":"publish","type":"post","link":"https:\/\/lasentinelle.dz\/index.php\/2022\/09\/20\/fiscalite-plusieurs-reformes-operees\/","title":{"rendered":"Fiscalit\u00e9\u00a0: Plusieurs r\u00e9formes op\u00e9r\u00e9es"},"content":{"rendered":"\n<p>L&rsquo;Alg\u00e9rie a effectu\u00e9 plusieurs r\u00e9formes visant l&rsquo;administration fiscale, notamment \u00e0 travers la num\u00e9risation, pour renforcer la capacit\u00e9 du secteur des imp\u00f4ts dans sa contribution dans le financement de l&rsquo;\u00e9conomie nationale, a affirm\u00e9, hier \u00e0 Alger, le ministre des Finances, Brahim Djamel Kassali.Pr\u00e9sidant l&rsquo;ouverture du 3e forum du m\u00e9canisme multilat\u00e9ral de coop\u00e9ration fiscale administrative de l&rsquo;initiative \u00ab\u00a0La Ceinture et la Route\u00a0\u00bb, M. Kassali a soulign\u00e9 dans son allocution les retomb\u00e9es \u00ab\u00a0positives\u00a0\u00bb de la crise sanitaire qui ont permis de constater \u00ab\u00a0l&rsquo;importance de num\u00e9riser l&rsquo;administration publique, notamment celle du secteur fiscal\u00a0\u00bb.Intervenant devant une soixantaine de repr\u00e9sentants d&rsquo;Etats membres de l&rsquo;initiative \u00ab\u00a0La Ceinture et la Route\u00a0\u00bb et 200 autres participants, par visioconf\u00e9rence, le ministre a rappel\u00e9 que l&rsquo;Alg\u00e9rie a effectu\u00e9 plusieurs r\u00e9formes visant \u00ab\u00a0en premier lieu\u00a0\u00bb l&rsquo;administration fiscale \u00ab\u00a0qui constitue la premi\u00e8re ressource de recettes ordinaires du budget\u00a0\u00bb.\u00a0\u00bbLe but de ces r\u00e9formes est le soutien de la capacit\u00e9 du secteur des imp\u00f4ts dans sa contribution de mani\u00e8re efficace dans le financement de l&rsquo;\u00e9conomie nationale et de r\u00e9duire la d\u00e9pendance aux revenus des hydrocarbures\u00a0\u00bb, a-t-il affirm\u00e9.M.Kassali a, dans ce sens, cit\u00e9, notamment, la restructuration r\u00e9alis\u00e9e par la direction g\u00e9n\u00e9rale des imp\u00f4ts (DGI) \u00e0 travers la mise en \u0153uvre du syst\u00e8me de la t\u00e9l\u00e9-d\u00e9claration et t\u00e9l\u00e9paiement (Jibaya&rsquo;tic) qui contribue \u00e0 l&rsquo;am\u00e9lioration de la qualit\u00e9 du service fourni par l&rsquo;administration fiscale.<\/p>\n\n\n\n<p>Pour sa part, la Directrice g\u00e9n\u00e9rale des imp\u00f4ts, Amel Abdellatif, a estim\u00e9 que les changements enregistr\u00e9s dans ce secteur et les transformations sur les plans \u00e9conomique et social imposent la densification de la coop\u00e9ration et l&rsquo;\u00e9change des expertises entre les pays membres de l&rsquo;initiative \u00ab\u00a0La Ceinture et la Route\u00a0\u00bb.Soulignant les changements des pratiques fiscales depuis la crise sanitaire du Covid-19, Mme Abdellatif a affirm\u00e9 que l&rsquo;am\u00e9lioration des capacit\u00e9s fiscales et leur promotion rev\u00eatent \u00ab\u00a0une grande importance\u00a0\u00bb notamment pour \u00eatre en phase avec le d\u00e9veloppement informatique.\u00a0\u00bbLa num\u00e9risation des administrations fiscales et la diversification des services via internet constituent l&rsquo;alternative la plus efficace pour assurer la croissance \u00e9conomique et le d\u00e9veloppement durable. Sur cette base, il est n\u00e9cessaire d&rsquo;unir les efforts pour \u00e9changer les expertises dans le cadre du d\u00e9veloppement de la composante humaine\u00a0\u00bb, a-t-elle estim\u00e9, soulignant que la coop\u00e9ration dans le cadre de l&rsquo;initiative a contribu\u00e9 efficacement au renforcement de la coop\u00e9ration permettant la promotion de la bonne gouvernance des services fiscaux.<\/p>\n\n\n\n<p>R.E.<\/p>\n","protected":false},"excerpt":{"rendered":"<p>L&rsquo;Alg\u00e9rie a effectu\u00e9 plusieurs r\u00e9formes visant l&rsquo;administration fiscale, notamment \u00e0 travers la num\u00e9risation, pour renforcer la capacit\u00e9 du secteur des<\/p>\n","protected":false},"author":3,"featured_media":27704,"comment_status":"open","ping_status":"closed","sticky":false,"template":"","format":"standard","meta":{"colormag_page_container_layout":"default_layout","colormag_page_sidebar_layout":"default_layout","om_disable_all_campaigns":false,"_monsterinsights_skip_tracking":false,"_monsterinsights_sitenote_active":false,"_monsterinsights_sitenote_note":"","_monsterinsights_sitenote_category":0,"footnotes":"","_wpscppro_dont_share_socialmedia":false,"_wpscppro_custom_social_share_image":0,"_facebook_share_type":"","_twitter_share_type":"","_linkedin_share_type":"","_pinterest_share_type":"","_linkedin_share_type_page":"","_instagram_share_type":"","_medium_share_type":"","_threads_share_type":"","_google_business_share_type":"","_selected_social_profile":[],"_wpsp_enable_custom_social_template":false,"_wpsp_social_scheduling":{"enabled":false,"datetime":null,"platforms":[],"status":"template_only","dateOption":"today","timeOption":"now","customDays":"","customHours":"","customDate":"","customTime":"","schedulingType":"absolute"},"_wpsp_active_default_template":true},"categories":[29],"tags":[],"class_list":["post-27697","post","type-post","status-publish","format-standard","has-post-thumbnail","hentry","category-economie"],"aioseo_notices":[],"yoast_head":"<!-- This site is optimized with the Yoast SEO plugin v27.5 - https:\/\/yoast.com\/product\/yoast-seo-wordpress\/ -->\n<title>Fiscalit\u00e9\u00a0: Plusieurs r\u00e9formes op\u00e9r\u00e9es - La Sentinelle<\/title>\n<meta name=\"robots\" content=\"index, follow, max-snippet:-1, max-image-preview:large, max-video-preview:-1\" \/>\n<link rel=\"canonical\" href=\"https:\/\/lasentinelle.dz\/index.php\/2022\/09\/20\/fiscalite-plusieurs-reformes-operees\/\" \/>\n<meta property=\"og:locale\" content=\"fr_FR\" \/>\n<meta property=\"og:type\" content=\"article\" \/>\n<meta property=\"og:title\" content=\"Fiscalit\u00e9\u00a0: Plusieurs r\u00e9formes op\u00e9r\u00e9es - La Sentinelle\" \/>\n<meta property=\"og:description\" content=\"L&rsquo;Alg\u00e9rie a effectu\u00e9 plusieurs r\u00e9formes visant l&rsquo;administration fiscale, notamment \u00e0 travers la num\u00e9risation, pour renforcer la capacit\u00e9 du secteur des\" \/>\n<meta property=\"og:url\" content=\"https:\/\/lasentinelle.dz\/index.php\/2022\/09\/20\/fiscalite-plusieurs-reformes-operees\/\" \/>\n<meta property=\"og:site_name\" content=\"La Sentinelle\" \/>\n<meta property=\"article:publisher\" content=\"https:\/\/www.facebook.com\/La-Sentinelle-104059864394773\" \/>\n<meta property=\"article:published_time\" content=\"2022-09-19T23:05:00+00:00\" \/>\n<meta property=\"og:image\" content=\"https:\/\/lasentinelle.dz\/wp-content\/uploads\/2022\/09\/minister-des-finance.png\" \/>\n\t<meta property=\"og:image:width\" content=\"1491\" \/>\n\t<meta property=\"og:image:height\" content=\"900\" \/>\n\t<meta property=\"og:image:type\" content=\"image\/png\" \/>\n<meta name=\"author\" content=\"La Sentinelle\" \/>\n<meta name=\"twitter:card\" content=\"summary_large_image\" \/>\n<meta name=\"twitter:label1\" content=\"\u00c9crit par\" \/>\n\t<meta name=\"twitter:data1\" content=\"La Sentinelle\" \/>\n\t<meta name=\"twitter:label2\" content=\"Dur\u00e9e de lecture estim\u00e9e\" \/>\n\t<meta name=\"twitter:data2\" content=\"2 minutes\" \/>\n<script type=\"application\/ld+json\" class=\"yoast-schema-graph\">{\"@context\":\"https:\\\/\\\/schema.org\",\"@graph\":[{\"@type\":\"Article\",\"@id\":\"https:\\\/\\\/lasentinelle.dz\\\/index.php\\\/2022\\\/09\\\/20\\\/fiscalite-plusieurs-reformes-operees\\\/#article\",\"isPartOf\":{\"@id\":\"https:\\\/\\\/lasentinelle.dz\\\/index.php\\\/2022\\\/09\\\/20\\\/fiscalite-plusieurs-reformes-operees\\\/\"},\"author\":{\"name\":\"La Sentinelle\",\"@id\":\"https:\\\/\\\/lasentinelle.dz\\\/#\\\/schema\\\/person\\\/d865044e22e70a75174ce8bcad3acfb3\"},\"headline\":\"Fiscalit\u00e9\u00a0: Plusieurs r\u00e9formes op\u00e9r\u00e9es\",\"datePublished\":\"2022-09-19T23:05:00+00:00\",\"mainEntityOfPage\":{\"@id\":\"https:\\\/\\\/lasentinelle.dz\\\/index.php\\\/2022\\\/09\\\/20\\\/fiscalite-plusieurs-reformes-operees\\\/\"},\"wordCount\":455,\"commentCount\":0,\"publisher\":{\"@id\":\"https:\\\/\\\/lasentinelle.dz\\\/#organization\"},\"image\":{\"@id\":\"https:\\\/\\\/lasentinelle.dz\\\/index.php\\\/2022\\\/09\\\/20\\\/fiscalite-plusieurs-reformes-operees\\\/#primaryimage\"},\"thumbnailUrl\":\"https:\\\/\\\/lasentinelle.dz\\\/wp-content\\\/uploads\\\/2022\\\/09\\\/minister-des-finance.png\",\"articleSection\":[\"\u00c9conomie\"],\"inLanguage\":\"fr-FR\",\"potentialAction\":[{\"@type\":\"CommentAction\",\"name\":\"Comment\",\"target\":[\"https:\\\/\\\/lasentinelle.dz\\\/index.php\\\/2022\\\/09\\\/20\\\/fiscalite-plusieurs-reformes-operees\\\/#respond\"]}]},{\"@type\":\"WebPage\",\"@id\":\"https:\\\/\\\/lasentinelle.dz\\\/index.php\\\/2022\\\/09\\\/20\\\/fiscalite-plusieurs-reformes-operees\\\/\",\"url\":\"https:\\\/\\\/lasentinelle.dz\\\/index.php\\\/2022\\\/09\\\/20\\\/fiscalite-plusieurs-reformes-operees\\\/\",\"name\":\"Fiscalit\u00e9\u00a0: Plusieurs r\u00e9formes op\u00e9r\u00e9es - La Sentinelle\",\"isPartOf\":{\"@id\":\"https:\\\/\\\/lasentinelle.dz\\\/#website\"},\"primaryImageOfPage\":{\"@id\":\"https:\\\/\\\/lasentinelle.dz\\\/index.php\\\/2022\\\/09\\\/20\\\/fiscalite-plusieurs-reformes-operees\\\/#primaryimage\"},\"image\":{\"@id\":\"https:\\\/\\\/lasentinelle.dz\\\/index.php\\\/2022\\\/09\\\/20\\\/fiscalite-plusieurs-reformes-operees\\\/#primaryimage\"},\"thumbnailUrl\":\"https:\\\/\\\/lasentinelle.dz\\\/wp-content\\\/uploads\\\/2022\\\/09\\\/minister-des-finance.png\",\"datePublished\":\"2022-09-19T23:05:00+00:00\",\"breadcrumb\":{\"@id\":\"https:\\\/\\\/lasentinelle.dz\\\/index.php\\\/2022\\\/09\\\/20\\\/fiscalite-plusieurs-reformes-operees\\\/#breadcrumb\"},\"inLanguage\":\"fr-FR\",\"potentialAction\":[{\"@type\":\"ReadAction\",\"target\":[\"https:\\\/\\\/lasentinelle.dz\\\/index.php\\\/2022\\\/09\\\/20\\\/fiscalite-plusieurs-reformes-operees\\\/\"]}]},{\"@type\":\"ImageObject\",\"inLanguage\":\"fr-FR\",\"@id\":\"https:\\\/\\\/lasentinelle.dz\\\/index.php\\\/2022\\\/09\\\/20\\\/fiscalite-plusieurs-reformes-operees\\\/#primaryimage\",\"url\":\"https:\\\/\\\/lasentinelle.dz\\\/wp-content\\\/uploads\\\/2022\\\/09\\\/minister-des-finance.png\",\"contentUrl\":\"https:\\\/\\\/lasentinelle.dz\\\/wp-content\\\/uploads\\\/2022\\\/09\\\/minister-des-finance.png\",\"width\":1491,\"height\":900},{\"@type\":\"BreadcrumbList\",\"@id\":\"https:\\\/\\\/lasentinelle.dz\\\/index.php\\\/2022\\\/09\\\/20\\\/fiscalite-plusieurs-reformes-operees\\\/#breadcrumb\",\"itemListElement\":[{\"@type\":\"ListItem\",\"position\":1,\"name\":\"Accueil\",\"item\":\"https:\\\/\\\/lasentinelle.dz\\\/\"},{\"@type\":\"ListItem\",\"position\":2,\"name\":\"Fiscalit\u00e9\u00a0: Plusieurs r\u00e9formes op\u00e9r\u00e9es\"}]},{\"@type\":\"WebSite\",\"@id\":\"https:\\\/\\\/lasentinelle.dz\\\/#website\",\"url\":\"https:\\\/\\\/lasentinelle.dz\\\/\",\"name\":\"La Sentinelle\",\"description\":\"Quotidien national d&#039;information\",\"publisher\":{\"@id\":\"https:\\\/\\\/lasentinelle.dz\\\/#organization\"},\"potentialAction\":[{\"@type\":\"SearchAction\",\"target\":{\"@type\":\"EntryPoint\",\"urlTemplate\":\"https:\\\/\\\/lasentinelle.dz\\\/?s={search_term_string}\"},\"query-input\":{\"@type\":\"PropertyValueSpecification\",\"valueRequired\":true,\"valueName\":\"search_term_string\"}}],\"inLanguage\":\"fr-FR\"},{\"@type\":\"Organization\",\"@id\":\"https:\\\/\\\/lasentinelle.dz\\\/#organization\",\"name\":\"Quotidien La Sentinelle\",\"url\":\"https:\\\/\\\/lasentinelle.dz\\\/\",\"logo\":{\"@type\":\"ImageObject\",\"inLanguage\":\"fr-FR\",\"@id\":\"https:\\\/\\\/lasentinelle.dz\\\/#\\\/schema\\\/logo\\\/image\\\/\",\"url\":\"https:\\\/\\\/lasentinelle.dz\\\/wp-content\\\/uploads\\\/2021\\\/09\\\/logo-sentinelleSLOGAN-1.png\",\"contentUrl\":\"https:\\\/\\\/lasentinelle.dz\\\/wp-content\\\/uploads\\\/2021\\\/09\\\/logo-sentinelleSLOGAN-1.png\",\"width\":615,\"height\":142,\"caption\":\"Quotidien La Sentinelle\"},\"image\":{\"@id\":\"https:\\\/\\\/lasentinelle.dz\\\/#\\\/schema\\\/logo\\\/image\\\/\"},\"sameAs\":[\"https:\\\/\\\/www.facebook.com\\\/La-Sentinelle-104059864394773\"]},{\"@type\":\"Person\",\"@id\":\"https:\\\/\\\/lasentinelle.dz\\\/#\\\/schema\\\/person\\\/d865044e22e70a75174ce8bcad3acfb3\",\"name\":\"La Sentinelle\",\"image\":{\"@type\":\"ImageObject\",\"inLanguage\":\"fr-FR\",\"@id\":\"https:\\\/\\\/secure.gravatar.com\\\/avatar\\\/57de8e5d4b15d43fb361a71fbb36338450fe67865b528a43dd10ef7c51a20392?s=96&d=mm&r=g\",\"url\":\"https:\\\/\\\/secure.gravatar.com\\\/avatar\\\/57de8e5d4b15d43fb361a71fbb36338450fe67865b528a43dd10ef7c51a20392?s=96&d=mm&r=g\",\"contentUrl\":\"https:\\\/\\\/secure.gravatar.com\\\/avatar\\\/57de8e5d4b15d43fb361a71fbb36338450fe67865b528a43dd10ef7c51a20392?s=96&d=mm&r=g\",\"caption\":\"La Sentinelle\"},\"sameAs\":[\"http:\\\/\\\/www.lasentinelle.dz\"],\"url\":\"https:\\\/\\\/lasentinelle.dz\\\/author\\\/redaction\\\/\"}]}<\/script>\n<!-- \/ Yoast SEO plugin. -->","yoast_head_json":{"title":"Fiscalit\u00e9\u00a0: Plusieurs r\u00e9formes op\u00e9r\u00e9es - La Sentinelle","robots":{"index":"index","follow":"follow","max-snippet":"max-snippet:-1","max-image-preview":"max-image-preview:large","max-video-preview":"max-video-preview:-1"},"canonical":"https:\/\/lasentinelle.dz\/index.php\/2022\/09\/20\/fiscalite-plusieurs-reformes-operees\/","og_locale":"fr_FR","og_type":"article","og_title":"Fiscalit\u00e9\u00a0: Plusieurs r\u00e9formes op\u00e9r\u00e9es - La Sentinelle","og_description":"L&rsquo;Alg\u00e9rie a effectu\u00e9 plusieurs r\u00e9formes visant l&rsquo;administration fiscale, notamment \u00e0 travers la num\u00e9risation, pour renforcer la capacit\u00e9 du secteur des","og_url":"https:\/\/lasentinelle.dz\/index.php\/2022\/09\/20\/fiscalite-plusieurs-reformes-operees\/","og_site_name":"La Sentinelle","article_publisher":"https:\/\/www.facebook.com\/La-Sentinelle-104059864394773","article_published_time":"2022-09-19T23:05:00+00:00","og_image":[{"width":1491,"height":900,"url":"https:\/\/lasentinelle.dz\/wp-content\/uploads\/2022\/09\/minister-des-finance.png","type":"image\/png"}],"author":"La Sentinelle","twitter_card":"summary_large_image","twitter_misc":{"\u00c9crit par":"La Sentinelle","Dur\u00e9e de lecture estim\u00e9e":"2 minutes"},"schema":{"@context":"https:\/\/schema.org","@graph":[{"@type":"Article","@id":"https:\/\/lasentinelle.dz\/index.php\/2022\/09\/20\/fiscalite-plusieurs-reformes-operees\/#article","isPartOf":{"@id":"https:\/\/lasentinelle.dz\/index.php\/2022\/09\/20\/fiscalite-plusieurs-reformes-operees\/"},"author":{"name":"La Sentinelle","@id":"https:\/\/lasentinelle.dz\/#\/schema\/person\/d865044e22e70a75174ce8bcad3acfb3"},"headline":"Fiscalit\u00e9\u00a0: Plusieurs r\u00e9formes op\u00e9r\u00e9es","datePublished":"2022-09-19T23:05:00+00:00","mainEntityOfPage":{"@id":"https:\/\/lasentinelle.dz\/index.php\/2022\/09\/20\/fiscalite-plusieurs-reformes-operees\/"},"wordCount":455,"commentCount":0,"publisher":{"@id":"https:\/\/lasentinelle.dz\/#organization"},"image":{"@id":"https:\/\/lasentinelle.dz\/index.php\/2022\/09\/20\/fiscalite-plusieurs-reformes-operees\/#primaryimage"},"thumbnailUrl":"https:\/\/lasentinelle.dz\/wp-content\/uploads\/2022\/09\/minister-des-finance.png","articleSection":["\u00c9conomie"],"inLanguage":"fr-FR","potentialAction":[{"@type":"CommentAction","name":"Comment","target":["https:\/\/lasentinelle.dz\/index.php\/2022\/09\/20\/fiscalite-plusieurs-reformes-operees\/#respond"]}]},{"@type":"WebPage","@id":"https:\/\/lasentinelle.dz\/index.php\/2022\/09\/20\/fiscalite-plusieurs-reformes-operees\/","url":"https:\/\/lasentinelle.dz\/index.php\/2022\/09\/20\/fiscalite-plusieurs-reformes-operees\/","name":"Fiscalit\u00e9\u00a0: Plusieurs r\u00e9formes op\u00e9r\u00e9es - La Sentinelle","isPartOf":{"@id":"https:\/\/lasentinelle.dz\/#website"},"primaryImageOfPage":{"@id":"https:\/\/lasentinelle.dz\/index.php\/2022\/09\/20\/fiscalite-plusieurs-reformes-operees\/#primaryimage"},"image":{"@id":"https:\/\/lasentinelle.dz\/index.php\/2022\/09\/20\/fiscalite-plusieurs-reformes-operees\/#primaryimage"},"thumbnailUrl":"https:\/\/lasentinelle.dz\/wp-content\/uploads\/2022\/09\/minister-des-finance.png","datePublished":"2022-09-19T23:05:00+00:00","breadcrumb":{"@id":"https:\/\/lasentinelle.dz\/index.php\/2022\/09\/20\/fiscalite-plusieurs-reformes-operees\/#breadcrumb"},"inLanguage":"fr-FR","potentialAction":[{"@type":"ReadAction","target":["https:\/\/lasentinelle.dz\/index.php\/2022\/09\/20\/fiscalite-plusieurs-reformes-operees\/"]}]},{"@type":"ImageObject","inLanguage":"fr-FR","@id":"https:\/\/lasentinelle.dz\/index.php\/2022\/09\/20\/fiscalite-plusieurs-reformes-operees\/#primaryimage","url":"https:\/\/lasentinelle.dz\/wp-content\/uploads\/2022\/09\/minister-des-finance.png","contentUrl":"https:\/\/lasentinelle.dz\/wp-content\/uploads\/2022\/09\/minister-des-finance.png","width":1491,"height":900},{"@type":"BreadcrumbList","@id":"https:\/\/lasentinelle.dz\/index.php\/2022\/09\/20\/fiscalite-plusieurs-reformes-operees\/#breadcrumb","itemListElement":[{"@type":"ListItem","position":1,"name":"Accueil","item":"https:\/\/lasentinelle.dz\/"},{"@type":"ListItem","position":2,"name":"Fiscalit\u00e9\u00a0: Plusieurs r\u00e9formes op\u00e9r\u00e9es"}]},{"@type":"WebSite","@id":"https:\/\/lasentinelle.dz\/#website","url":"https:\/\/lasentinelle.dz\/","name":"La Sentinelle","description":"Quotidien national d&#039;information","publisher":{"@id":"https:\/\/lasentinelle.dz\/#organization"},"potentialAction":[{"@type":"SearchAction","target":{"@type":"EntryPoint","urlTemplate":"https:\/\/lasentinelle.dz\/?s={search_term_string}"},"query-input":{"@type":"PropertyValueSpecification","valueRequired":true,"valueName":"search_term_string"}}],"inLanguage":"fr-FR"},{"@type":"Organization","@id":"https:\/\/lasentinelle.dz\/#organization","name":"Quotidien La Sentinelle","url":"https:\/\/lasentinelle.dz\/","logo":{"@type":"ImageObject","inLanguage":"fr-FR","@id":"https:\/\/lasentinelle.dz\/#\/schema\/logo\/image\/","url":"https:\/\/lasentinelle.dz\/wp-content\/uploads\/2021\/09\/logo-sentinelleSLOGAN-1.png","contentUrl":"https:\/\/lasentinelle.dz\/wp-content\/uploads\/2021\/09\/logo-sentinelleSLOGAN-1.png","width":615,"height":142,"caption":"Quotidien La Sentinelle"},"image":{"@id":"https:\/\/lasentinelle.dz\/#\/schema\/logo\/image\/"},"sameAs":["https:\/\/www.facebook.com\/La-Sentinelle-104059864394773"]},{"@type":"Person","@id":"https:\/\/lasentinelle.dz\/#\/schema\/person\/d865044e22e70a75174ce8bcad3acfb3","name":"La Sentinelle","image":{"@type":"ImageObject","inLanguage":"fr-FR","@id":"https:\/\/secure.gravatar.com\/avatar\/57de8e5d4b15d43fb361a71fbb36338450fe67865b528a43dd10ef7c51a20392?s=96&d=mm&r=g","url":"https:\/\/secure.gravatar.com\/avatar\/57de8e5d4b15d43fb361a71fbb36338450fe67865b528a43dd10ef7c51a20392?s=96&d=mm&r=g","contentUrl":"https:\/\/secure.gravatar.com\/avatar\/57de8e5d4b15d43fb361a71fbb36338450fe67865b528a43dd10ef7c51a20392?s=96&d=mm&r=g","caption":"La Sentinelle"},"sameAs":["http:\/\/www.lasentinelle.dz"],"url":"https:\/\/lasentinelle.dz\/author\/redaction\/"}]}},"_links":{"self":[{"href":"https:\/\/lasentinelle.dz\/index.php\/wp-json\/wp\/v2\/posts\/27697","targetHints":{"allow":["GET"]}}],"collection":[{"href":"https:\/\/lasentinelle.dz\/index.php\/wp-json\/wp\/v2\/posts"}],"about":[{"href":"https:\/\/lasentinelle.dz\/index.php\/wp-json\/wp\/v2\/types\/post"}],"author":[{"embeddable":true,"href":"https:\/\/lasentinelle.dz\/index.php\/wp-json\/wp\/v2\/users\/3"}],"replies":[{"embeddable":true,"href":"https:\/\/lasentinelle.dz\/index.php\/wp-json\/wp\/v2\/comments?post=27697"}],"version-history":[{"count":1,"href":"https:\/\/lasentinelle.dz\/index.php\/wp-json\/wp\/v2\/posts\/27697\/revisions"}],"predecessor-version":[{"id":27707,"href":"https:\/\/lasentinelle.dz\/index.php\/wp-json\/wp\/v2\/posts\/27697\/revisions\/27707"}],"wp:featuredmedia":[{"embeddable":true,"href":"https:\/\/lasentinelle.dz\/index.php\/wp-json\/wp\/v2\/media\/27704"}],"wp:attachment":[{"href":"https:\/\/lasentinelle.dz\/index.php\/wp-json\/wp\/v2\/media?parent=27697"}],"wp:term":[{"taxonomy":"category","embeddable":true,"href":"https:\/\/lasentinelle.dz\/index.php\/wp-json\/wp\/v2\/categories?post=27697"},{"taxonomy":"post_tag","embeddable":true,"href":"https:\/\/lasentinelle.dz\/index.php\/wp-json\/wp\/v2\/tags?post=27697"}],"curies":[{"name":"wp","href":"https:\/\/api.w.org\/{rel}","templated":true}]}}