{"id":27719,"date":"2022-09-21T00:01:00","date_gmt":"2022-09-20T23:01:00","guid":{"rendered":"https:\/\/lasentinelle.dz\/?p=27719"},"modified":"2022-09-20T17:12:25","modified_gmt":"2022-09-20T16:12:25","slug":"donbass-des-referendums-dadhesion-a-la-russie-auront-lieu-du-23-au-27-septembre","status":"publish","type":"post","link":"https:\/\/lasentinelle.dz\/index.php\/2022\/09\/21\/donbass-des-referendums-dadhesion-a-la-russie-auront-lieu-du-23-au-27-septembre\/","title":{"rendered":"Donbass\u00a0: Des r\u00e9f\u00e9rendums d&rsquo;adh\u00e9sion \u00e0 la Russie auront lieu du 23 au 27 septembre"},"content":{"rendered":"\n<p>Les R\u00e9publiques de Donetsk et Lougansk, reconnues par Moscou, ont annonc\u00e9 qu&rsquo;un r\u00e9f\u00e9rendum aurait lieu prochainement afin de permettre \u00e0 la population de se prononcer sur une \u00e9ventuelle adh\u00e9sion \u00e0 la Russie. D&rsquo;autres r\u00e9gions sont concern\u00e9es. L&rsquo;agence de presse russe RIA, citant des m\u00e9dias locaux, qu&rsquo;un r\u00e9f\u00e9rendum d&rsquo;adh\u00e9sion \u00e0 la Russie aura lieu du 23 au 27 septembre dans les R\u00e9publiques populaires de Lougansk et de Donetsk. La veille, Denis Pouchiline, chef de cette R\u00e9publique reconnue par Moscou, avait appel\u00e9 son homologue de la R\u00e9publique populaire de Lougansk, Leonid Pasechnik, \u00e0 synchroniser leurs efforts en vue de l&rsquo;organisation de r\u00e9f\u00e9rendums. Plus t\u00f4t dans la journ\u00e9e, ce sont les Assembl\u00e9es des deux R\u00e9publiques qui avaient appel\u00e9 les deux dirigeants \u00e0 organiser imm\u00e9diatement ces r\u00e9f\u00e9rendums. Parall\u00e8lement, les autorit\u00e9s de la r\u00e9gion de Kherson ont annonc\u00e9 leur intention d&rsquo;organiser elles aussi un r\u00e9f\u00e9rendum sur l&rsquo;int\u00e9gration \u00e0 la Russie, comme le rapporte TASS. \u00abApr\u00e8s avoir examin\u00e9 les appels des organisations publiques et des habitants de la r\u00e9gion, les dirigeants de l&rsquo;administration de la r\u00e9gion de Kherson ont d\u00e9cid\u00e9 d&rsquo;organiser un r\u00e9f\u00e9rendum sur l&rsquo;adh\u00e9sion de la r\u00e9gion de Kherson \u00e0 la F\u00e9d\u00e9ration de Russie. Je suis s\u00fbr que les dirigeants de la F\u00e9d\u00e9ration de Russie accepteront les r\u00e9sultats du r\u00e9f\u00e9rendum et la r\u00e9gion de Kherson fera partie de la Russie\u00bb, a annonc\u00e9 sur sa cha\u00eene Telegram Vladimir Saldo, chef de l&rsquo;administration militaro-civile de la r\u00e9gion. Enfin, le responsable de l&rsquo;administration de Zaporoji\u00e9 Vladimir Rogov, a affirm\u00e9 \u00e0 RIA Novosti qu&rsquo;un r\u00e9f\u00e9rendum sur l&rsquo;entr\u00e9e de cette r\u00e9gion pourrait avoir lieu dans les jours \u00e0 venir.<\/p>\n\n\n\n<p>Dans un message publi\u00e9 sur Telegram hier, Dmitri Medvedev a estim\u00e9 que ces r\u00e9f\u00e9rendums rev\u00eatent une \u00abimmense importance\u00bb, d&rsquo;une part pour prot\u00e9ger les habitants de ces r\u00e9gions, mais aussi pour r\u00e9tablir une \u00abjustice historique\u00bb. Pour l&rsquo;ancien pr\u00e9sident russe, cela va au del\u00e0 de la seule situation r\u00e9gionale : \u00ab[Les r\u00e9f\u00e9rendums] changent compl\u00e8tement l&rsquo;orientation du d\u00e9veloppement de la Russie pour des d\u00e9cennies. Et pas seulement celle de notre pays. Car apr\u00e8s leur tenue et l\u2019adh\u00e9sion de nouveaux territoires \u00e0 la Russie, la transformation g\u00e9opolitique dans le monde sera irr\u00e9versible.\u00bb La cons\u00e9quence imm\u00e9diate, comme le fait remarquer Dmitri Medvedev, serait un changement majeur dans l&rsquo;op\u00e9ration militaire en Ukraine \u00e9tant donn\u00e9 que \u00ables agressions contre le territoire de la Russie sont un crime qui permet de recourir \u00e0 tous les moyens d\u2019autod\u00e9fense. R.I.<\/p>\n","protected":false},"excerpt":{"rendered":"<p>Les R\u00e9publiques de Donetsk et Lougansk, reconnues par Moscou, ont annonc\u00e9 qu&rsquo;un r\u00e9f\u00e9rendum aurait lieu prochainement afin de permettre \u00e0<\/p>\n","protected":false},"author":3,"featured_media":27724,"comment_status":"open","ping_status":"closed","sticky":false,"template":"","format":"standard","meta":{"colormag_page_container_layout":"default_layout","colormag_page_sidebar_layout":"default_layout","om_disable_all_campaigns":false,"_monsterinsights_skip_tracking":false,"_monsterinsights_sitenote_active":false,"_monsterinsights_sitenote_note":"","_monsterinsights_sitenote_category":0,"footnotes":"","_wpscppro_dont_share_socialmedia":false,"_wpscppro_custom_social_share_image":0,"_facebook_share_type":"","_twitter_share_type":"","_linkedin_share_type":"","_pinterest_share_type":"","_linkedin_share_type_page":"","_instagram_share_type":"","_medium_share_type":"","_threads_share_type":"","_google_business_share_type":"","_selected_social_profile":[],"_wpsp_enable_custom_social_template":false,"_wpsp_social_scheduling":{"enabled":false,"datetime":null,"platforms":[],"status":"template_only","dateOption":"today","timeOption":"now","customDays":"","customHours":"","customDate":"","customTime":"","schedulingType":"absolute"},"_wpsp_active_default_template":true},"categories":[37],"tags":[],"class_list":["post-27719","post","type-post","status-publish","format-standard","has-post-thumbnail","hentry","category-monde"],"aioseo_notices":[],"yoast_head":"<!-- This site is optimized with the Yoast SEO plugin v27.5 - https:\/\/yoast.com\/product\/yoast-seo-wordpress\/ -->\n<title>Donbass\u00a0: Des r\u00e9f\u00e9rendums d&#039;adh\u00e9sion \u00e0 la Russie auront lieu du 23 au 27 septembre - La Sentinelle<\/title>\n<meta name=\"robots\" content=\"index, follow, max-snippet:-1, max-image-preview:large, max-video-preview:-1\" \/>\n<link rel=\"canonical\" href=\"https:\/\/lasentinelle.dz\/index.php\/2022\/09\/21\/donbass-des-referendums-dadhesion-a-la-russie-auront-lieu-du-23-au-27-septembre\/\" \/>\n<meta property=\"og:locale\" content=\"fr_FR\" \/>\n<meta property=\"og:type\" content=\"article\" \/>\n<meta property=\"og:title\" content=\"Donbass\u00a0: Des r\u00e9f\u00e9rendums d&#039;adh\u00e9sion \u00e0 la Russie auront lieu du 23 au 27 septembre - La Sentinelle\" \/>\n<meta property=\"og:description\" content=\"Les R\u00e9publiques de Donetsk et Lougansk, reconnues par Moscou, ont annonc\u00e9 qu&rsquo;un r\u00e9f\u00e9rendum aurait lieu prochainement afin de permettre \u00e0\" \/>\n<meta property=\"og:url\" content=\"https:\/\/lasentinelle.dz\/index.php\/2022\/09\/21\/donbass-des-referendums-dadhesion-a-la-russie-auront-lieu-du-23-au-27-septembre\/\" \/>\n<meta property=\"og:site_name\" content=\"La Sentinelle\" \/>\n<meta property=\"article:publisher\" content=\"https:\/\/www.facebook.com\/La-Sentinelle-104059864394773\" \/>\n<meta property=\"article:published_time\" content=\"2022-09-20T23:01:00+00:00\" \/>\n<meta property=\"og:image\" content=\"https:\/\/lasentinelle.dz\/wp-content\/uploads\/2022\/09\/image_2022-09-20_171025243.png\" \/>\n\t<meta property=\"og:image:width\" content=\"588\" \/>\n\t<meta property=\"og:image:height\" content=\"368\" \/>\n\t<meta property=\"og:image:type\" content=\"image\/png\" \/>\n<meta name=\"author\" content=\"La Sentinelle\" \/>\n<meta name=\"twitter:card\" content=\"summary_large_image\" \/>\n<meta name=\"twitter:label1\" content=\"\u00c9crit par\" \/>\n\t<meta name=\"twitter:data1\" content=\"La Sentinelle\" \/>\n\t<meta name=\"twitter:label2\" content=\"Dur\u00e9e de lecture estim\u00e9e\" \/>\n\t<meta name=\"twitter:data2\" content=\"2 minutes\" \/>\n<script type=\"application\/ld+json\" class=\"yoast-schema-graph\">{\"@context\":\"https:\\\/\\\/schema.org\",\"@graph\":[{\"@type\":\"Article\",\"@id\":\"https:\\\/\\\/lasentinelle.dz\\\/index.php\\\/2022\\\/09\\\/21\\\/donbass-des-referendums-dadhesion-a-la-russie-auront-lieu-du-23-au-27-septembre\\\/#article\",\"isPartOf\":{\"@id\":\"https:\\\/\\\/lasentinelle.dz\\\/index.php\\\/2022\\\/09\\\/21\\\/donbass-des-referendums-dadhesion-a-la-russie-auront-lieu-du-23-au-27-septembre\\\/\"},\"author\":{\"name\":\"La Sentinelle\",\"@id\":\"https:\\\/\\\/lasentinelle.dz\\\/#\\\/schema\\\/person\\\/d865044e22e70a75174ce8bcad3acfb3\"},\"headline\":\"Donbass\u00a0: Des r\u00e9f\u00e9rendums d&rsquo;adh\u00e9sion \u00e0 la Russie auront lieu du 23 au 27 septembre\",\"datePublished\":\"2022-09-20T23:01:00+00:00\",\"mainEntityOfPage\":{\"@id\":\"https:\\\/\\\/lasentinelle.dz\\\/index.php\\\/2022\\\/09\\\/21\\\/donbass-des-referendums-dadhesion-a-la-russie-auront-lieu-du-23-au-27-septembre\\\/\"},\"wordCount\":484,\"commentCount\":0,\"publisher\":{\"@id\":\"https:\\\/\\\/lasentinelle.dz\\\/#organization\"},\"image\":{\"@id\":\"https:\\\/\\\/lasentinelle.dz\\\/index.php\\\/2022\\\/09\\\/21\\\/donbass-des-referendums-dadhesion-a-la-russie-auront-lieu-du-23-au-27-septembre\\\/#primaryimage\"},\"thumbnailUrl\":\"https:\\\/\\\/lasentinelle.dz\\\/wp-content\\\/uploads\\\/2022\\\/09\\\/image_2022-09-20_171025243.png\",\"articleSection\":[\"Monde\"],\"inLanguage\":\"fr-FR\",\"potentialAction\":[{\"@type\":\"CommentAction\",\"name\":\"Comment\",\"target\":[\"https:\\\/\\\/lasentinelle.dz\\\/index.php\\\/2022\\\/09\\\/21\\\/donbass-des-referendums-dadhesion-a-la-russie-auront-lieu-du-23-au-27-septembre\\\/#respond\"]}]},{\"@type\":\"WebPage\",\"@id\":\"https:\\\/\\\/lasentinelle.dz\\\/index.php\\\/2022\\\/09\\\/21\\\/donbass-des-referendums-dadhesion-a-la-russie-auront-lieu-du-23-au-27-septembre\\\/\",\"url\":\"https:\\\/\\\/lasentinelle.dz\\\/index.php\\\/2022\\\/09\\\/21\\\/donbass-des-referendums-dadhesion-a-la-russie-auront-lieu-du-23-au-27-septembre\\\/\",\"name\":\"Donbass\u00a0: Des r\u00e9f\u00e9rendums d'adh\u00e9sion \u00e0 la Russie auront lieu du 23 au 27 septembre - La Sentinelle\",\"isPartOf\":{\"@id\":\"https:\\\/\\\/lasentinelle.dz\\\/#website\"},\"primaryImageOfPage\":{\"@id\":\"https:\\\/\\\/lasentinelle.dz\\\/index.php\\\/2022\\\/09\\\/21\\\/donbass-des-referendums-dadhesion-a-la-russie-auront-lieu-du-23-au-27-septembre\\\/#primaryimage\"},\"image\":{\"@id\":\"https:\\\/\\\/lasentinelle.dz\\\/index.php\\\/2022\\\/09\\\/21\\\/donbass-des-referendums-dadhesion-a-la-russie-auront-lieu-du-23-au-27-septembre\\\/#primaryimage\"},\"thumbnailUrl\":\"https:\\\/\\\/lasentinelle.dz\\\/wp-content\\\/uploads\\\/2022\\\/09\\\/image_2022-09-20_171025243.png\",\"datePublished\":\"2022-09-20T23:01:00+00:00\",\"breadcrumb\":{\"@id\":\"https:\\\/\\\/lasentinelle.dz\\\/index.php\\\/2022\\\/09\\\/21\\\/donbass-des-referendums-dadhesion-a-la-russie-auront-lieu-du-23-au-27-septembre\\\/#breadcrumb\"},\"inLanguage\":\"fr-FR\",\"potentialAction\":[{\"@type\":\"ReadAction\",\"target\":[\"https:\\\/\\\/lasentinelle.dz\\\/index.php\\\/2022\\\/09\\\/21\\\/donbass-des-referendums-dadhesion-a-la-russie-auront-lieu-du-23-au-27-septembre\\\/\"]}]},{\"@type\":\"ImageObject\",\"inLanguage\":\"fr-FR\",\"@id\":\"https:\\\/\\\/lasentinelle.dz\\\/index.php\\\/2022\\\/09\\\/21\\\/donbass-des-referendums-dadhesion-a-la-russie-auront-lieu-du-23-au-27-septembre\\\/#primaryimage\",\"url\":\"https:\\\/\\\/lasentinelle.dz\\\/wp-content\\\/uploads\\\/2022\\\/09\\\/image_2022-09-20_171025243.png\",\"contentUrl\":\"https:\\\/\\\/lasentinelle.dz\\\/wp-content\\\/uploads\\\/2022\\\/09\\\/image_2022-09-20_171025243.png\",\"width\":588,\"height\":368},{\"@type\":\"BreadcrumbList\",\"@id\":\"https:\\\/\\\/lasentinelle.dz\\\/index.php\\\/2022\\\/09\\\/21\\\/donbass-des-referendums-dadhesion-a-la-russie-auront-lieu-du-23-au-27-septembre\\\/#breadcrumb\",\"itemListElement\":[{\"@type\":\"ListItem\",\"position\":1,\"name\":\"Accueil\",\"item\":\"https:\\\/\\\/lasentinelle.dz\\\/\"},{\"@type\":\"ListItem\",\"position\":2,\"name\":\"Donbass\u00a0: Des r\u00e9f\u00e9rendums d&rsquo;adh\u00e9sion \u00e0 la Russie auront lieu du 23 au 27 septembre\"}]},{\"@type\":\"WebSite\",\"@id\":\"https:\\\/\\\/lasentinelle.dz\\\/#website\",\"url\":\"https:\\\/\\\/lasentinelle.dz\\\/\",\"name\":\"La Sentinelle\",\"description\":\"Quotidien national d&#039;information\",\"publisher\":{\"@id\":\"https:\\\/\\\/lasentinelle.dz\\\/#organization\"},\"potentialAction\":[{\"@type\":\"SearchAction\",\"target\":{\"@type\":\"EntryPoint\",\"urlTemplate\":\"https:\\\/\\\/lasentinelle.dz\\\/?s={search_term_string}\"},\"query-input\":{\"@type\":\"PropertyValueSpecification\",\"valueRequired\":true,\"valueName\":\"search_term_string\"}}],\"inLanguage\":\"fr-FR\"},{\"@type\":\"Organization\",\"@id\":\"https:\\\/\\\/lasentinelle.dz\\\/#organization\",\"name\":\"Quotidien La Sentinelle\",\"url\":\"https:\\\/\\\/lasentinelle.dz\\\/\",\"logo\":{\"@type\":\"ImageObject\",\"inLanguage\":\"fr-FR\",\"@id\":\"https:\\\/\\\/lasentinelle.dz\\\/#\\\/schema\\\/logo\\\/image\\\/\",\"url\":\"https:\\\/\\\/lasentinelle.dz\\\/wp-content\\\/uploads\\\/2021\\\/09\\\/logo-sentinelleSLOGAN-1.png\",\"contentUrl\":\"https:\\\/\\\/lasentinelle.dz\\\/wp-content\\\/uploads\\\/2021\\\/09\\\/logo-sentinelleSLOGAN-1.png\",\"width\":615,\"height\":142,\"caption\":\"Quotidien La Sentinelle\"},\"image\":{\"@id\":\"https:\\\/\\\/lasentinelle.dz\\\/#\\\/schema\\\/logo\\\/image\\\/\"},\"sameAs\":[\"https:\\\/\\\/www.facebook.com\\\/La-Sentinelle-104059864394773\"]},{\"@type\":\"Person\",\"@id\":\"https:\\\/\\\/lasentinelle.dz\\\/#\\\/schema\\\/person\\\/d865044e22e70a75174ce8bcad3acfb3\",\"name\":\"La Sentinelle\",\"image\":{\"@type\":\"ImageObject\",\"inLanguage\":\"fr-FR\",\"@id\":\"https:\\\/\\\/secure.gravatar.com\\\/avatar\\\/57de8e5d4b15d43fb361a71fbb36338450fe67865b528a43dd10ef7c51a20392?s=96&d=mm&r=g\",\"url\":\"https:\\\/\\\/secure.gravatar.com\\\/avatar\\\/57de8e5d4b15d43fb361a71fbb36338450fe67865b528a43dd10ef7c51a20392?s=96&d=mm&r=g\",\"contentUrl\":\"https:\\\/\\\/secure.gravatar.com\\\/avatar\\\/57de8e5d4b15d43fb361a71fbb36338450fe67865b528a43dd10ef7c51a20392?s=96&d=mm&r=g\",\"caption\":\"La Sentinelle\"},\"sameAs\":[\"http:\\\/\\\/www.lasentinelle.dz\"],\"url\":\"https:\\\/\\\/lasentinelle.dz\\\/author\\\/redaction\\\/\"}]}<\/script>\n<!-- \/ Yoast SEO plugin. -->","yoast_head_json":{"title":"Donbass\u00a0: Des r\u00e9f\u00e9rendums d'adh\u00e9sion \u00e0 la Russie auront lieu du 23 au 27 septembre - La Sentinelle","robots":{"index":"index","follow":"follow","max-snippet":"max-snippet:-1","max-image-preview":"max-image-preview:large","max-video-preview":"max-video-preview:-1"},"canonical":"https:\/\/lasentinelle.dz\/index.php\/2022\/09\/21\/donbass-des-referendums-dadhesion-a-la-russie-auront-lieu-du-23-au-27-septembre\/","og_locale":"fr_FR","og_type":"article","og_title":"Donbass\u00a0: Des r\u00e9f\u00e9rendums d'adh\u00e9sion \u00e0 la Russie auront lieu du 23 au 27 septembre - La Sentinelle","og_description":"Les R\u00e9publiques de Donetsk et Lougansk, reconnues par Moscou, ont annonc\u00e9 qu&rsquo;un r\u00e9f\u00e9rendum aurait lieu prochainement afin de permettre \u00e0","og_url":"https:\/\/lasentinelle.dz\/index.php\/2022\/09\/21\/donbass-des-referendums-dadhesion-a-la-russie-auront-lieu-du-23-au-27-septembre\/","og_site_name":"La Sentinelle","article_publisher":"https:\/\/www.facebook.com\/La-Sentinelle-104059864394773","article_published_time":"2022-09-20T23:01:00+00:00","og_image":[{"width":588,"height":368,"url":"https:\/\/lasentinelle.dz\/wp-content\/uploads\/2022\/09\/image_2022-09-20_171025243.png","type":"image\/png"}],"author":"La Sentinelle","twitter_card":"summary_large_image","twitter_misc":{"\u00c9crit par":"La Sentinelle","Dur\u00e9e de lecture estim\u00e9e":"2 minutes"},"schema":{"@context":"https:\/\/schema.org","@graph":[{"@type":"Article","@id":"https:\/\/lasentinelle.dz\/index.php\/2022\/09\/21\/donbass-des-referendums-dadhesion-a-la-russie-auront-lieu-du-23-au-27-septembre\/#article","isPartOf":{"@id":"https:\/\/lasentinelle.dz\/index.php\/2022\/09\/21\/donbass-des-referendums-dadhesion-a-la-russie-auront-lieu-du-23-au-27-septembre\/"},"author":{"name":"La Sentinelle","@id":"https:\/\/lasentinelle.dz\/#\/schema\/person\/d865044e22e70a75174ce8bcad3acfb3"},"headline":"Donbass\u00a0: Des r\u00e9f\u00e9rendums d&rsquo;adh\u00e9sion \u00e0 la Russie auront lieu du 23 au 27 septembre","datePublished":"2022-09-20T23:01:00+00:00","mainEntityOfPage":{"@id":"https:\/\/lasentinelle.dz\/index.php\/2022\/09\/21\/donbass-des-referendums-dadhesion-a-la-russie-auront-lieu-du-23-au-27-septembre\/"},"wordCount":484,"commentCount":0,"publisher":{"@id":"https:\/\/lasentinelle.dz\/#organization"},"image":{"@id":"https:\/\/lasentinelle.dz\/index.php\/2022\/09\/21\/donbass-des-referendums-dadhesion-a-la-russie-auront-lieu-du-23-au-27-septembre\/#primaryimage"},"thumbnailUrl":"https:\/\/lasentinelle.dz\/wp-content\/uploads\/2022\/09\/image_2022-09-20_171025243.png","articleSection":["Monde"],"inLanguage":"fr-FR","potentialAction":[{"@type":"CommentAction","name":"Comment","target":["https:\/\/lasentinelle.dz\/index.php\/2022\/09\/21\/donbass-des-referendums-dadhesion-a-la-russie-auront-lieu-du-23-au-27-septembre\/#respond"]}]},{"@type":"WebPage","@id":"https:\/\/lasentinelle.dz\/index.php\/2022\/09\/21\/donbass-des-referendums-dadhesion-a-la-russie-auront-lieu-du-23-au-27-septembre\/","url":"https:\/\/lasentinelle.dz\/index.php\/2022\/09\/21\/donbass-des-referendums-dadhesion-a-la-russie-auront-lieu-du-23-au-27-septembre\/","name":"Donbass\u00a0: Des r\u00e9f\u00e9rendums d'adh\u00e9sion \u00e0 la Russie auront lieu du 23 au 27 septembre - La Sentinelle","isPartOf":{"@id":"https:\/\/lasentinelle.dz\/#website"},"primaryImageOfPage":{"@id":"https:\/\/lasentinelle.dz\/index.php\/2022\/09\/21\/donbass-des-referendums-dadhesion-a-la-russie-auront-lieu-du-23-au-27-septembre\/#primaryimage"},"image":{"@id":"https:\/\/lasentinelle.dz\/index.php\/2022\/09\/21\/donbass-des-referendums-dadhesion-a-la-russie-auront-lieu-du-23-au-27-septembre\/#primaryimage"},"thumbnailUrl":"https:\/\/lasentinelle.dz\/wp-content\/uploads\/2022\/09\/image_2022-09-20_171025243.png","datePublished":"2022-09-20T23:01:00+00:00","breadcrumb":{"@id":"https:\/\/lasentinelle.dz\/index.php\/2022\/09\/21\/donbass-des-referendums-dadhesion-a-la-russie-auront-lieu-du-23-au-27-septembre\/#breadcrumb"},"inLanguage":"fr-FR","potentialAction":[{"@type":"ReadAction","target":["https:\/\/lasentinelle.dz\/index.php\/2022\/09\/21\/donbass-des-referendums-dadhesion-a-la-russie-auront-lieu-du-23-au-27-septembre\/"]}]},{"@type":"ImageObject","inLanguage":"fr-FR","@id":"https:\/\/lasentinelle.dz\/index.php\/2022\/09\/21\/donbass-des-referendums-dadhesion-a-la-russie-auront-lieu-du-23-au-27-septembre\/#primaryimage","url":"https:\/\/lasentinelle.dz\/wp-content\/uploads\/2022\/09\/image_2022-09-20_171025243.png","contentUrl":"https:\/\/lasentinelle.dz\/wp-content\/uploads\/2022\/09\/image_2022-09-20_171025243.png","width":588,"height":368},{"@type":"BreadcrumbList","@id":"https:\/\/lasentinelle.dz\/index.php\/2022\/09\/21\/donbass-des-referendums-dadhesion-a-la-russie-auront-lieu-du-23-au-27-septembre\/#breadcrumb","itemListElement":[{"@type":"ListItem","position":1,"name":"Accueil","item":"https:\/\/lasentinelle.dz\/"},{"@type":"ListItem","position":2,"name":"Donbass\u00a0: Des r\u00e9f\u00e9rendums d&rsquo;adh\u00e9sion \u00e0 la Russie auront lieu du 23 au 27 septembre"}]},{"@type":"WebSite","@id":"https:\/\/lasentinelle.dz\/#website","url":"https:\/\/lasentinelle.dz\/","name":"La Sentinelle","description":"Quotidien national d&#039;information","publisher":{"@id":"https:\/\/lasentinelle.dz\/#organization"},"potentialAction":[{"@type":"SearchAction","target":{"@type":"EntryPoint","urlTemplate":"https:\/\/lasentinelle.dz\/?s={search_term_string}"},"query-input":{"@type":"PropertyValueSpecification","valueRequired":true,"valueName":"search_term_string"}}],"inLanguage":"fr-FR"},{"@type":"Organization","@id":"https:\/\/lasentinelle.dz\/#organization","name":"Quotidien La Sentinelle","url":"https:\/\/lasentinelle.dz\/","logo":{"@type":"ImageObject","inLanguage":"fr-FR","@id":"https:\/\/lasentinelle.dz\/#\/schema\/logo\/image\/","url":"https:\/\/lasentinelle.dz\/wp-content\/uploads\/2021\/09\/logo-sentinelleSLOGAN-1.png","contentUrl":"https:\/\/lasentinelle.dz\/wp-content\/uploads\/2021\/09\/logo-sentinelleSLOGAN-1.png","width":615,"height":142,"caption":"Quotidien La Sentinelle"},"image":{"@id":"https:\/\/lasentinelle.dz\/#\/schema\/logo\/image\/"},"sameAs":["https:\/\/www.facebook.com\/La-Sentinelle-104059864394773"]},{"@type":"Person","@id":"https:\/\/lasentinelle.dz\/#\/schema\/person\/d865044e22e70a75174ce8bcad3acfb3","name":"La Sentinelle","image":{"@type":"ImageObject","inLanguage":"fr-FR","@id":"https:\/\/secure.gravatar.com\/avatar\/57de8e5d4b15d43fb361a71fbb36338450fe67865b528a43dd10ef7c51a20392?s=96&d=mm&r=g","url":"https:\/\/secure.gravatar.com\/avatar\/57de8e5d4b15d43fb361a71fbb36338450fe67865b528a43dd10ef7c51a20392?s=96&d=mm&r=g","contentUrl":"https:\/\/secure.gravatar.com\/avatar\/57de8e5d4b15d43fb361a71fbb36338450fe67865b528a43dd10ef7c51a20392?s=96&d=mm&r=g","caption":"La Sentinelle"},"sameAs":["http:\/\/www.lasentinelle.dz"],"url":"https:\/\/lasentinelle.dz\/author\/redaction\/"}]}},"_links":{"self":[{"href":"https:\/\/lasentinelle.dz\/index.php\/wp-json\/wp\/v2\/posts\/27719","targetHints":{"allow":["GET"]}}],"collection":[{"href":"https:\/\/lasentinelle.dz\/index.php\/wp-json\/wp\/v2\/posts"}],"about":[{"href":"https:\/\/lasentinelle.dz\/index.php\/wp-json\/wp\/v2\/types\/post"}],"author":[{"embeddable":true,"href":"https:\/\/lasentinelle.dz\/index.php\/wp-json\/wp\/v2\/users\/3"}],"replies":[{"embeddable":true,"href":"https:\/\/lasentinelle.dz\/index.php\/wp-json\/wp\/v2\/comments?post=27719"}],"version-history":[{"count":1,"href":"https:\/\/lasentinelle.dz\/index.php\/wp-json\/wp\/v2\/posts\/27719\/revisions"}],"predecessor-version":[{"id":27725,"href":"https:\/\/lasentinelle.dz\/index.php\/wp-json\/wp\/v2\/posts\/27719\/revisions\/27725"}],"wp:featuredmedia":[{"embeddable":true,"href":"https:\/\/lasentinelle.dz\/index.php\/wp-json\/wp\/v2\/media\/27724"}],"wp:attachment":[{"href":"https:\/\/lasentinelle.dz\/index.php\/wp-json\/wp\/v2\/media?parent=27719"}],"wp:term":[{"taxonomy":"category","embeddable":true,"href":"https:\/\/lasentinelle.dz\/index.php\/wp-json\/wp\/v2\/categories?post=27719"},{"taxonomy":"post_tag","embeddable":true,"href":"https:\/\/lasentinelle.dz\/index.php\/wp-json\/wp\/v2\/tags?post=27719"}],"curies":[{"name":"wp","href":"https:\/\/api.w.org\/{rel}","templated":true}]}}