{"id":27731,"date":"2022-09-21T00:05:00","date_gmt":"2022-09-20T23:05:00","guid":{"rendered":"https:\/\/lasentinelle.dz\/?p=27731"},"modified":"2022-09-20T20:09:13","modified_gmt":"2022-09-20T19:09:13","slug":"route-transsaharienne-contribuer-a-lintegration-economique-sahelo-maghrebine","status":"publish","type":"post","link":"https:\/\/lasentinelle.dz\/index.php\/2022\/09\/21\/route-transsaharienne-contribuer-a-lintegration-economique-sahelo-maghrebine\/","title":{"rendered":"Route transsaharienne\u00a0: Contribuer \u00e0 l\u2019int\u00e9gration \u00e9conomique sah\u00e9lo-maghr\u00e9bine"},"content":{"rendered":"\n<p>La route Transsaharienne, qui relie pays du Maghreb et du Sahel, devrait contribuer davantage \u00e0 l\u2019int\u00e9gration \u00e9conomique de la r\u00e9gion, actuellement faible, a soulign\u00e9 hier \u00e0 Alger Mohamed Ayadi, Secr\u00e9taire g\u00e9n\u00e9ral du Comit\u00e9 de liaison de la Transsaharienne (CLRT).S\u2019exprimant lors d\u2019une journ\u00e9e d\u2019\u00e9tudes sur les r\u00e9alisations du secteur des travaux publics depuis l\u2019Ind\u00e9pendance, l\u2019intervenant a constat\u00e9 que cette infrastructure panafricaine \u00ab\u00a0bien que r\u00e9alis\u00e9e \u00e0 90% contribue peu dans les \u00e9changes commerciaux entre l\u2019Alg\u00e9rie, la Tunisie, le Mali, le Tchad, le Niger et le Nigeria\u00a0\u00bb.\u00a0\u00bbA titre d\u2019illustration, le volume d\u2019\u00e9change (commercial) entre l\u2019Alg\u00e9rie et les autres pays couverts par la transsaharienne est faible. Il est de l\u2019ordre de 3% seulement, dont 90% de ce volume se fait avec la Tunisie\u00a0\u00bb, a relev\u00e9 ce responsable au cours de cette rencontre tenue en marge de la 18eme \u00e9dition du Salon international des travaux publics, et \u00e0 laquelle ont assist\u00e9 d\u2019anciens et actuels responsables du secteur.Le CLRT, qui coordonne notamment le financement et l\u2019ach\u00e8vement de la Transsaharienne, connaitra ainsi une nouvelle organisation pour lui permettre \u00e0 s\u2019atteler aux facteurs entravant les \u00e9changes \u00e9conomiques et commerciaux sur le trac\u00e9 de cette route, qui couvre pourtant \u00ab\u00a0une zone d\u2019impact \u00e9conomique de 62 millions d\u2019habitants\u00a0\u00bb, selon M. Ayadi.Dot\u00e9 actuellement d\u2019un Conseil des ministres en charge des travaux publics des six pays, le CLRT aura des repr\u00e9sentants des secteurs des finances, du commerce, et des Transports relevant de chaque pays.\u00a0\u00bbNous mettrons en place des comit\u00e9s qui vont travailler sur les probl\u00e8mes commerciaux et douaniers, pour faire en sorte que ces pays travaillent plus qu\u2019ils ne le font actuellement\u00a0\u00bb, a-t-il expliqu\u00e9.Con\u00e7u dans les ann\u00e9es 1960 \u00e0 l\u2019initiative de l\u2019Alg\u00e9rie et de la Commission des Nations unies pour l\u2019Afrique (CEA), la Transsaharienne a pour objectif l\u2019int\u00e9gration r\u00e9gionale et le d\u00e9senclavement des zones d\u00e9sh\u00e9rit\u00e9es. Elle avait \u00e9t\u00e9 mise en chantier au d\u00e9but des ann\u00e9es 1970, et relie aujourd\u2019hui les six capitales des pays concern\u00e9s sur un lin\u00e9aire proche de 10.000 km dont plus de 8.000 km sont bitum\u00e9s et livr\u00e9s.A l\u2019occasion de la journ\u00e9e d\u2019\u00e9tudes, un expos\u00e9 sur les principales r\u00e9alisations du secteur depuis l\u2019Ind\u00e9pendance a \u00e9t\u00e9 pr\u00e9sent\u00e9, notamment les grands projets structurants aussi bien routiers, maritimes et a\u00e9roportuaires et dont l\u2019autoroute Est-Ouest (1.216 km), l\u2019autoroute Nord-Sud (ex-route de l\u2019Unit\u00e9 africaine) les rocades, les ouvrages d\u2019art (Pont Oued Rkham, le viaduc Rhumel de Constantine..), les a\u00e9rodromes, le port de Djen Djen et les extensions des ports existants.<\/p>\n\n\n\n<p>APS<\/p>\n","protected":false},"excerpt":{"rendered":"<p>La route Transsaharienne, qui relie pays du Maghreb et du Sahel, devrait contribuer davantage \u00e0 l\u2019int\u00e9gration \u00e9conomique de la r\u00e9gion,<\/p>\n","protected":false},"author":3,"featured_media":20328,"comment_status":"open","ping_status":"closed","sticky":false,"template":"","format":"standard","meta":{"colormag_page_container_layout":"default_layout","colormag_page_sidebar_layout":"default_layout","om_disable_all_campaigns":false,"_monsterinsights_skip_tracking":false,"_monsterinsights_sitenote_active":false,"_monsterinsights_sitenote_note":"","_monsterinsights_sitenote_category":0,"footnotes":"","_wpscppro_dont_share_socialmedia":false,"_wpscppro_custom_social_share_image":0,"_facebook_share_type":"","_twitter_share_type":"","_linkedin_share_type":"","_pinterest_share_type":"","_linkedin_share_type_page":"","_instagram_share_type":"","_medium_share_type":"","_threads_share_type":"","_google_business_share_type":"","_selected_social_profile":[],"_wpsp_enable_custom_social_template":false,"_wpsp_social_scheduling":{"enabled":false,"datetime":null,"platforms":[],"status":"template_only","dateOption":"today","timeOption":"now","customDays":"","customHours":"","customDate":"","customTime":"","schedulingType":"absolute"},"_wpsp_active_default_template":true},"categories":[29],"tags":[],"class_list":["post-27731","post","type-post","status-publish","format-standard","has-post-thumbnail","hentry","category-economie"],"aioseo_notices":[],"yoast_head":"<!-- This site is optimized with the Yoast SEO plugin v27.5 - https:\/\/yoast.com\/product\/yoast-seo-wordpress\/ -->\n<title>Route transsaharienne\u00a0: Contribuer \u00e0 l\u2019int\u00e9gration \u00e9conomique sah\u00e9lo-maghr\u00e9bine - La Sentinelle<\/title>\n<meta name=\"robots\" content=\"index, follow, max-snippet:-1, max-image-preview:large, max-video-preview:-1\" \/>\n<link rel=\"canonical\" href=\"https:\/\/lasentinelle.dz\/index.php\/2022\/09\/21\/route-transsaharienne-contribuer-a-lintegration-economique-sahelo-maghrebine\/\" \/>\n<meta property=\"og:locale\" content=\"fr_FR\" \/>\n<meta property=\"og:type\" content=\"article\" \/>\n<meta property=\"og:title\" content=\"Route transsaharienne\u00a0: Contribuer \u00e0 l\u2019int\u00e9gration \u00e9conomique sah\u00e9lo-maghr\u00e9bine - La Sentinelle\" \/>\n<meta property=\"og:description\" content=\"La route Transsaharienne, qui relie pays du Maghreb et du Sahel, devrait contribuer davantage \u00e0 l\u2019int\u00e9gration \u00e9conomique de la r\u00e9gion,\" \/>\n<meta property=\"og:url\" content=\"https:\/\/lasentinelle.dz\/index.php\/2022\/09\/21\/route-transsaharienne-contribuer-a-lintegration-economique-sahelo-maghrebine\/\" \/>\n<meta property=\"og:site_name\" content=\"La Sentinelle\" \/>\n<meta property=\"article:publisher\" content=\"https:\/\/www.facebook.com\/La-Sentinelle-104059864394773\" \/>\n<meta property=\"article:published_time\" content=\"2022-09-20T23:05:00+00:00\" \/>\n<meta property=\"og:image\" content=\"https:\/\/lasentinelle.dz\/wp-content\/uploads\/2022\/04\/Transsaharienne-Alger-Lagos.png\" \/>\n\t<meta property=\"og:image:width\" content=\"1593\" \/>\n\t<meta property=\"og:image:height\" content=\"900\" \/>\n\t<meta property=\"og:image:type\" content=\"image\/png\" \/>\n<meta name=\"author\" content=\"La Sentinelle\" \/>\n<meta name=\"twitter:card\" content=\"summary_large_image\" \/>\n<meta name=\"twitter:label1\" content=\"\u00c9crit par\" \/>\n\t<meta name=\"twitter:data1\" content=\"La Sentinelle\" \/>\n\t<meta name=\"twitter:label2\" content=\"Dur\u00e9e de lecture estim\u00e9e\" \/>\n\t<meta name=\"twitter:data2\" content=\"3 minutes\" \/>\n<script type=\"application\/ld+json\" class=\"yoast-schema-graph\">{\"@context\":\"https:\\\/\\\/schema.org\",\"@graph\":[{\"@type\":\"Article\",\"@id\":\"https:\\\/\\\/lasentinelle.dz\\\/index.php\\\/2022\\\/09\\\/21\\\/route-transsaharienne-contribuer-a-lintegration-economique-sahelo-maghrebine\\\/#article\",\"isPartOf\":{\"@id\":\"https:\\\/\\\/lasentinelle.dz\\\/index.php\\\/2022\\\/09\\\/21\\\/route-transsaharienne-contribuer-a-lintegration-economique-sahelo-maghrebine\\\/\"},\"author\":{\"name\":\"La Sentinelle\",\"@id\":\"https:\\\/\\\/lasentinelle.dz\\\/#\\\/schema\\\/person\\\/d865044e22e70a75174ce8bcad3acfb3\"},\"headline\":\"Route transsaharienne\u00a0: Contribuer \u00e0 l\u2019int\u00e9gration \u00e9conomique sah\u00e9lo-maghr\u00e9bine\",\"datePublished\":\"2022-09-20T23:05:00+00:00\",\"mainEntityOfPage\":{\"@id\":\"https:\\\/\\\/lasentinelle.dz\\\/index.php\\\/2022\\\/09\\\/21\\\/route-transsaharienne-contribuer-a-lintegration-economique-sahelo-maghrebine\\\/\"},\"wordCount\":466,\"commentCount\":0,\"publisher\":{\"@id\":\"https:\\\/\\\/lasentinelle.dz\\\/#organization\"},\"image\":{\"@id\":\"https:\\\/\\\/lasentinelle.dz\\\/index.php\\\/2022\\\/09\\\/21\\\/route-transsaharienne-contribuer-a-lintegration-economique-sahelo-maghrebine\\\/#primaryimage\"},\"thumbnailUrl\":\"https:\\\/\\\/lasentinelle.dz\\\/wp-content\\\/uploads\\\/2022\\\/04\\\/Transsaharienne-Alger-Lagos.png\",\"articleSection\":[\"\u00c9conomie\"],\"inLanguage\":\"fr-FR\",\"potentialAction\":[{\"@type\":\"CommentAction\",\"name\":\"Comment\",\"target\":[\"https:\\\/\\\/lasentinelle.dz\\\/index.php\\\/2022\\\/09\\\/21\\\/route-transsaharienne-contribuer-a-lintegration-economique-sahelo-maghrebine\\\/#respond\"]}]},{\"@type\":\"WebPage\",\"@id\":\"https:\\\/\\\/lasentinelle.dz\\\/index.php\\\/2022\\\/09\\\/21\\\/route-transsaharienne-contribuer-a-lintegration-economique-sahelo-maghrebine\\\/\",\"url\":\"https:\\\/\\\/lasentinelle.dz\\\/index.php\\\/2022\\\/09\\\/21\\\/route-transsaharienne-contribuer-a-lintegration-economique-sahelo-maghrebine\\\/\",\"name\":\"Route transsaharienne\u00a0: Contribuer \u00e0 l\u2019int\u00e9gration \u00e9conomique sah\u00e9lo-maghr\u00e9bine - La Sentinelle\",\"isPartOf\":{\"@id\":\"https:\\\/\\\/lasentinelle.dz\\\/#website\"},\"primaryImageOfPage\":{\"@id\":\"https:\\\/\\\/lasentinelle.dz\\\/index.php\\\/2022\\\/09\\\/21\\\/route-transsaharienne-contribuer-a-lintegration-economique-sahelo-maghrebine\\\/#primaryimage\"},\"image\":{\"@id\":\"https:\\\/\\\/lasentinelle.dz\\\/index.php\\\/2022\\\/09\\\/21\\\/route-transsaharienne-contribuer-a-lintegration-economique-sahelo-maghrebine\\\/#primaryimage\"},\"thumbnailUrl\":\"https:\\\/\\\/lasentinelle.dz\\\/wp-content\\\/uploads\\\/2022\\\/04\\\/Transsaharienne-Alger-Lagos.png\",\"datePublished\":\"2022-09-20T23:05:00+00:00\",\"breadcrumb\":{\"@id\":\"https:\\\/\\\/lasentinelle.dz\\\/index.php\\\/2022\\\/09\\\/21\\\/route-transsaharienne-contribuer-a-lintegration-economique-sahelo-maghrebine\\\/#breadcrumb\"},\"inLanguage\":\"fr-FR\",\"potentialAction\":[{\"@type\":\"ReadAction\",\"target\":[\"https:\\\/\\\/lasentinelle.dz\\\/index.php\\\/2022\\\/09\\\/21\\\/route-transsaharienne-contribuer-a-lintegration-economique-sahelo-maghrebine\\\/\"]}]},{\"@type\":\"ImageObject\",\"inLanguage\":\"fr-FR\",\"@id\":\"https:\\\/\\\/lasentinelle.dz\\\/index.php\\\/2022\\\/09\\\/21\\\/route-transsaharienne-contribuer-a-lintegration-economique-sahelo-maghrebine\\\/#primaryimage\",\"url\":\"https:\\\/\\\/lasentinelle.dz\\\/wp-content\\\/uploads\\\/2022\\\/04\\\/Transsaharienne-Alger-Lagos.png\",\"contentUrl\":\"https:\\\/\\\/lasentinelle.dz\\\/wp-content\\\/uploads\\\/2022\\\/04\\\/Transsaharienne-Alger-Lagos.png\",\"width\":1593,\"height\":900},{\"@type\":\"BreadcrumbList\",\"@id\":\"https:\\\/\\\/lasentinelle.dz\\\/index.php\\\/2022\\\/09\\\/21\\\/route-transsaharienne-contribuer-a-lintegration-economique-sahelo-maghrebine\\\/#breadcrumb\",\"itemListElement\":[{\"@type\":\"ListItem\",\"position\":1,\"name\":\"Accueil\",\"item\":\"https:\\\/\\\/lasentinelle.dz\\\/\"},{\"@type\":\"ListItem\",\"position\":2,\"name\":\"Route transsaharienne\u00a0: Contribuer \u00e0 l\u2019int\u00e9gration \u00e9conomique sah\u00e9lo-maghr\u00e9bine\"}]},{\"@type\":\"WebSite\",\"@id\":\"https:\\\/\\\/lasentinelle.dz\\\/#website\",\"url\":\"https:\\\/\\\/lasentinelle.dz\\\/\",\"name\":\"La Sentinelle\",\"description\":\"Quotidien national d&#039;information\",\"publisher\":{\"@id\":\"https:\\\/\\\/lasentinelle.dz\\\/#organization\"},\"potentialAction\":[{\"@type\":\"SearchAction\",\"target\":{\"@type\":\"EntryPoint\",\"urlTemplate\":\"https:\\\/\\\/lasentinelle.dz\\\/?s={search_term_string}\"},\"query-input\":{\"@type\":\"PropertyValueSpecification\",\"valueRequired\":true,\"valueName\":\"search_term_string\"}}],\"inLanguage\":\"fr-FR\"},{\"@type\":\"Organization\",\"@id\":\"https:\\\/\\\/lasentinelle.dz\\\/#organization\",\"name\":\"Quotidien La Sentinelle\",\"url\":\"https:\\\/\\\/lasentinelle.dz\\\/\",\"logo\":{\"@type\":\"ImageObject\",\"inLanguage\":\"fr-FR\",\"@id\":\"https:\\\/\\\/lasentinelle.dz\\\/#\\\/schema\\\/logo\\\/image\\\/\",\"url\":\"https:\\\/\\\/lasentinelle.dz\\\/wp-content\\\/uploads\\\/2021\\\/09\\\/logo-sentinelleSLOGAN-1.png\",\"contentUrl\":\"https:\\\/\\\/lasentinelle.dz\\\/wp-content\\\/uploads\\\/2021\\\/09\\\/logo-sentinelleSLOGAN-1.png\",\"width\":615,\"height\":142,\"caption\":\"Quotidien La Sentinelle\"},\"image\":{\"@id\":\"https:\\\/\\\/lasentinelle.dz\\\/#\\\/schema\\\/logo\\\/image\\\/\"},\"sameAs\":[\"https:\\\/\\\/www.facebook.com\\\/La-Sentinelle-104059864394773\"]},{\"@type\":\"Person\",\"@id\":\"https:\\\/\\\/lasentinelle.dz\\\/#\\\/schema\\\/person\\\/d865044e22e70a75174ce8bcad3acfb3\",\"name\":\"La Sentinelle\",\"image\":{\"@type\":\"ImageObject\",\"inLanguage\":\"fr-FR\",\"@id\":\"https:\\\/\\\/secure.gravatar.com\\\/avatar\\\/57de8e5d4b15d43fb361a71fbb36338450fe67865b528a43dd10ef7c51a20392?s=96&d=mm&r=g\",\"url\":\"https:\\\/\\\/secure.gravatar.com\\\/avatar\\\/57de8e5d4b15d43fb361a71fbb36338450fe67865b528a43dd10ef7c51a20392?s=96&d=mm&r=g\",\"contentUrl\":\"https:\\\/\\\/secure.gravatar.com\\\/avatar\\\/57de8e5d4b15d43fb361a71fbb36338450fe67865b528a43dd10ef7c51a20392?s=96&d=mm&r=g\",\"caption\":\"La Sentinelle\"},\"sameAs\":[\"http:\\\/\\\/www.lasentinelle.dz\"],\"url\":\"https:\\\/\\\/lasentinelle.dz\\\/author\\\/redaction\\\/\"}]}<\/script>\n<!-- \/ Yoast SEO plugin. -->","yoast_head_json":{"title":"Route transsaharienne\u00a0: Contribuer \u00e0 l\u2019int\u00e9gration \u00e9conomique sah\u00e9lo-maghr\u00e9bine - La Sentinelle","robots":{"index":"index","follow":"follow","max-snippet":"max-snippet:-1","max-image-preview":"max-image-preview:large","max-video-preview":"max-video-preview:-1"},"canonical":"https:\/\/lasentinelle.dz\/index.php\/2022\/09\/21\/route-transsaharienne-contribuer-a-lintegration-economique-sahelo-maghrebine\/","og_locale":"fr_FR","og_type":"article","og_title":"Route transsaharienne\u00a0: Contribuer \u00e0 l\u2019int\u00e9gration \u00e9conomique sah\u00e9lo-maghr\u00e9bine - La Sentinelle","og_description":"La route Transsaharienne, qui relie pays du Maghreb et du Sahel, devrait contribuer davantage \u00e0 l\u2019int\u00e9gration \u00e9conomique de la r\u00e9gion,","og_url":"https:\/\/lasentinelle.dz\/index.php\/2022\/09\/21\/route-transsaharienne-contribuer-a-lintegration-economique-sahelo-maghrebine\/","og_site_name":"La Sentinelle","article_publisher":"https:\/\/www.facebook.com\/La-Sentinelle-104059864394773","article_published_time":"2022-09-20T23:05:00+00:00","og_image":[{"width":1593,"height":900,"url":"https:\/\/lasentinelle.dz\/wp-content\/uploads\/2022\/04\/Transsaharienne-Alger-Lagos.png","type":"image\/png"}],"author":"La Sentinelle","twitter_card":"summary_large_image","twitter_misc":{"\u00c9crit par":"La Sentinelle","Dur\u00e9e de lecture estim\u00e9e":"3 minutes"},"schema":{"@context":"https:\/\/schema.org","@graph":[{"@type":"Article","@id":"https:\/\/lasentinelle.dz\/index.php\/2022\/09\/21\/route-transsaharienne-contribuer-a-lintegration-economique-sahelo-maghrebine\/#article","isPartOf":{"@id":"https:\/\/lasentinelle.dz\/index.php\/2022\/09\/21\/route-transsaharienne-contribuer-a-lintegration-economique-sahelo-maghrebine\/"},"author":{"name":"La Sentinelle","@id":"https:\/\/lasentinelle.dz\/#\/schema\/person\/d865044e22e70a75174ce8bcad3acfb3"},"headline":"Route transsaharienne\u00a0: Contribuer \u00e0 l\u2019int\u00e9gration \u00e9conomique sah\u00e9lo-maghr\u00e9bine","datePublished":"2022-09-20T23:05:00+00:00","mainEntityOfPage":{"@id":"https:\/\/lasentinelle.dz\/index.php\/2022\/09\/21\/route-transsaharienne-contribuer-a-lintegration-economique-sahelo-maghrebine\/"},"wordCount":466,"commentCount":0,"publisher":{"@id":"https:\/\/lasentinelle.dz\/#organization"},"image":{"@id":"https:\/\/lasentinelle.dz\/index.php\/2022\/09\/21\/route-transsaharienne-contribuer-a-lintegration-economique-sahelo-maghrebine\/#primaryimage"},"thumbnailUrl":"https:\/\/lasentinelle.dz\/wp-content\/uploads\/2022\/04\/Transsaharienne-Alger-Lagos.png","articleSection":["\u00c9conomie"],"inLanguage":"fr-FR","potentialAction":[{"@type":"CommentAction","name":"Comment","target":["https:\/\/lasentinelle.dz\/index.php\/2022\/09\/21\/route-transsaharienne-contribuer-a-lintegration-economique-sahelo-maghrebine\/#respond"]}]},{"@type":"WebPage","@id":"https:\/\/lasentinelle.dz\/index.php\/2022\/09\/21\/route-transsaharienne-contribuer-a-lintegration-economique-sahelo-maghrebine\/","url":"https:\/\/lasentinelle.dz\/index.php\/2022\/09\/21\/route-transsaharienne-contribuer-a-lintegration-economique-sahelo-maghrebine\/","name":"Route transsaharienne\u00a0: Contribuer \u00e0 l\u2019int\u00e9gration \u00e9conomique sah\u00e9lo-maghr\u00e9bine - La Sentinelle","isPartOf":{"@id":"https:\/\/lasentinelle.dz\/#website"},"primaryImageOfPage":{"@id":"https:\/\/lasentinelle.dz\/index.php\/2022\/09\/21\/route-transsaharienne-contribuer-a-lintegration-economique-sahelo-maghrebine\/#primaryimage"},"image":{"@id":"https:\/\/lasentinelle.dz\/index.php\/2022\/09\/21\/route-transsaharienne-contribuer-a-lintegration-economique-sahelo-maghrebine\/#primaryimage"},"thumbnailUrl":"https:\/\/lasentinelle.dz\/wp-content\/uploads\/2022\/04\/Transsaharienne-Alger-Lagos.png","datePublished":"2022-09-20T23:05:00+00:00","breadcrumb":{"@id":"https:\/\/lasentinelle.dz\/index.php\/2022\/09\/21\/route-transsaharienne-contribuer-a-lintegration-economique-sahelo-maghrebine\/#breadcrumb"},"inLanguage":"fr-FR","potentialAction":[{"@type":"ReadAction","target":["https:\/\/lasentinelle.dz\/index.php\/2022\/09\/21\/route-transsaharienne-contribuer-a-lintegration-economique-sahelo-maghrebine\/"]}]},{"@type":"ImageObject","inLanguage":"fr-FR","@id":"https:\/\/lasentinelle.dz\/index.php\/2022\/09\/21\/route-transsaharienne-contribuer-a-lintegration-economique-sahelo-maghrebine\/#primaryimage","url":"https:\/\/lasentinelle.dz\/wp-content\/uploads\/2022\/04\/Transsaharienne-Alger-Lagos.png","contentUrl":"https:\/\/lasentinelle.dz\/wp-content\/uploads\/2022\/04\/Transsaharienne-Alger-Lagos.png","width":1593,"height":900},{"@type":"BreadcrumbList","@id":"https:\/\/lasentinelle.dz\/index.php\/2022\/09\/21\/route-transsaharienne-contribuer-a-lintegration-economique-sahelo-maghrebine\/#breadcrumb","itemListElement":[{"@type":"ListItem","position":1,"name":"Accueil","item":"https:\/\/lasentinelle.dz\/"},{"@type":"ListItem","position":2,"name":"Route transsaharienne\u00a0: Contribuer \u00e0 l\u2019int\u00e9gration \u00e9conomique sah\u00e9lo-maghr\u00e9bine"}]},{"@type":"WebSite","@id":"https:\/\/lasentinelle.dz\/#website","url":"https:\/\/lasentinelle.dz\/","name":"La Sentinelle","description":"Quotidien national d&#039;information","publisher":{"@id":"https:\/\/lasentinelle.dz\/#organization"},"potentialAction":[{"@type":"SearchAction","target":{"@type":"EntryPoint","urlTemplate":"https:\/\/lasentinelle.dz\/?s={search_term_string}"},"query-input":{"@type":"PropertyValueSpecification","valueRequired":true,"valueName":"search_term_string"}}],"inLanguage":"fr-FR"},{"@type":"Organization","@id":"https:\/\/lasentinelle.dz\/#organization","name":"Quotidien La Sentinelle","url":"https:\/\/lasentinelle.dz\/","logo":{"@type":"ImageObject","inLanguage":"fr-FR","@id":"https:\/\/lasentinelle.dz\/#\/schema\/logo\/image\/","url":"https:\/\/lasentinelle.dz\/wp-content\/uploads\/2021\/09\/logo-sentinelleSLOGAN-1.png","contentUrl":"https:\/\/lasentinelle.dz\/wp-content\/uploads\/2021\/09\/logo-sentinelleSLOGAN-1.png","width":615,"height":142,"caption":"Quotidien La Sentinelle"},"image":{"@id":"https:\/\/lasentinelle.dz\/#\/schema\/logo\/image\/"},"sameAs":["https:\/\/www.facebook.com\/La-Sentinelle-104059864394773"]},{"@type":"Person","@id":"https:\/\/lasentinelle.dz\/#\/schema\/person\/d865044e22e70a75174ce8bcad3acfb3","name":"La Sentinelle","image":{"@type":"ImageObject","inLanguage":"fr-FR","@id":"https:\/\/secure.gravatar.com\/avatar\/57de8e5d4b15d43fb361a71fbb36338450fe67865b528a43dd10ef7c51a20392?s=96&d=mm&r=g","url":"https:\/\/secure.gravatar.com\/avatar\/57de8e5d4b15d43fb361a71fbb36338450fe67865b528a43dd10ef7c51a20392?s=96&d=mm&r=g","contentUrl":"https:\/\/secure.gravatar.com\/avatar\/57de8e5d4b15d43fb361a71fbb36338450fe67865b528a43dd10ef7c51a20392?s=96&d=mm&r=g","caption":"La Sentinelle"},"sameAs":["http:\/\/www.lasentinelle.dz"],"url":"https:\/\/lasentinelle.dz\/author\/redaction\/"}]}},"_links":{"self":[{"href":"https:\/\/lasentinelle.dz\/index.php\/wp-json\/wp\/v2\/posts\/27731","targetHints":{"allow":["GET"]}}],"collection":[{"href":"https:\/\/lasentinelle.dz\/index.php\/wp-json\/wp\/v2\/posts"}],"about":[{"href":"https:\/\/lasentinelle.dz\/index.php\/wp-json\/wp\/v2\/types\/post"}],"author":[{"embeddable":true,"href":"https:\/\/lasentinelle.dz\/index.php\/wp-json\/wp\/v2\/users\/3"}],"replies":[{"embeddable":true,"href":"https:\/\/lasentinelle.dz\/index.php\/wp-json\/wp\/v2\/comments?post=27731"}],"version-history":[{"count":1,"href":"https:\/\/lasentinelle.dz\/index.php\/wp-json\/wp\/v2\/posts\/27731\/revisions"}],"predecessor-version":[{"id":27770,"href":"https:\/\/lasentinelle.dz\/index.php\/wp-json\/wp\/v2\/posts\/27731\/revisions\/27770"}],"wp:featuredmedia":[{"embeddable":true,"href":"https:\/\/lasentinelle.dz\/index.php\/wp-json\/wp\/v2\/media\/20328"}],"wp:attachment":[{"href":"https:\/\/lasentinelle.dz\/index.php\/wp-json\/wp\/v2\/media?parent=27731"}],"wp:term":[{"taxonomy":"category","embeddable":true,"href":"https:\/\/lasentinelle.dz\/index.php\/wp-json\/wp\/v2\/categories?post=27731"},{"taxonomy":"post_tag","embeddable":true,"href":"https:\/\/lasentinelle.dz\/index.php\/wp-json\/wp\/v2\/tags?post=27731"}],"curies":[{"name":"wp","href":"https:\/\/api.w.org\/{rel}","templated":true}]}}