{"id":27788,"date":"2022-09-22T00:01:00","date_gmt":"2022-09-21T23:01:00","guid":{"rendered":"https:\/\/lasentinelle.dz\/?p=27788"},"modified":"2022-09-21T17:27:55","modified_gmt":"2022-09-21T16:27:55","slug":"palestine-occupee-lavenir-del-qods-source-de-preoccupation-urgente","status":"publish","type":"post","link":"https:\/\/lasentinelle.dz\/index.php\/2022\/09\/22\/palestine-occupee-lavenir-del-qods-source-de-preoccupation-urgente\/","title":{"rendered":"Palestine occup\u00e9e\u00a0: L\u2019avenir d\u2019El-Qods source de pr\u00e9occupation urgente"},"content":{"rendered":"\n<p>Le roi Abdallah II de Jordanie a affirm\u00e9 que l&rsquo;avenir de la ville d\u2019El-Qods occup\u00e9e est une source de pr\u00e9occupation urgente, car c&rsquo;est une ville sainte pour des milliards d&rsquo;adeptes de religions monoth\u00e9istes \u00e0 travers le monde, et que saper le droit et son statut historique provoque des tensions au niveau international et approfondit les divisions religieuses.<\/p>\n\n\n\n<p>Dans son discours \u00e0 la 77\u00e8me session de l&rsquo;Assembl\u00e9e g\u00e9n\u00e9rale des Nations Unies \u00e0 New York, le monarque jordanien a d\u00e9clar\u00e9 que, sur la base de la tutelle hach\u00e9mite des lieux saints islamiques et chr\u00e9tiens \u00e0 El Qods, \u00ab&nbsp;nous nous engageons \u00e0 pr\u00e9server le statu quo juridique et historique, ainsi de prot\u00e9ger la s\u00e9curit\u00e9 et l&rsquo;avenir de ces lieux saints&nbsp;\u00bb.<\/p>\n\n\n\n<p>Le monarque jordanien a soulign\u00e9 que l&rsquo;un des principes les plus importants sur lesquels les Nations Unies ont \u00e9t\u00e9 fond\u00e9es est le droit des peuples \u00e0 d\u00e9terminer leur propre destin et ce droit ne peut \u00eatre refus\u00e9 aux Palestiniens et \u00e0 leur identit\u00e9 nationale imprenable, indiquant que la paix est encore loin d&rsquo;\u00eatre et ni la guerre ni les efforts diplomatiques n&rsquo;ont jusqu&rsquo;\u00e0 pr\u00e9sent apport\u00e9 de solution pour mettre fin \u00e0 cette trag\u00e9die. Il a soulign\u00e9 que la voie \u00e0 suivre est la solution \u00e0 deux \u00c9tats, conform\u00e9ment aux r\u00e9solutions des Nations Unies, qui conduit \u00e0 la cr\u00e9ation d&rsquo;un \u00c9tat palestinien ind\u00e9pendant, souverain et viable sur les lignes du 4 juin 1967, avec El Qods-Est comme capitale.Il a soulign\u00e9 que le travail continu sur les efforts pour parvenir \u00e0 la paix, ne doit pas perdre de vue la question des r\u00e9fugi\u00e9s, notant que l&rsquo;Assembl\u00e9e g\u00e9n\u00e9rale des Nations Unies votera cette ann\u00e9e pour renouveler le mandat de l&rsquo;ONU de l&rsquo;Office de secours et de travaux des Nations Unies pour les r\u00e9fugi\u00e9s de Palestine (UNRWA ), et la communaut\u00e9 internationale devrait envoyer un message fort en soutenant les droits des r\u00e9fugi\u00e9s palestiniens, afin de garantir la fourniture de services d&rsquo;\u00e9ducation et de sant\u00e9, en particulier pour les enfants.<\/p>\n\n\n\n<p>Sur le terrain, un groupe de colons a attaqu\u00e9 mardi le quartier de Wadi Al-Joz, \u00e0 l\u2019Est d\u2019El Qods occup\u00e9e.Des sources locales ont rapport\u00e9 que des dizaines de colons ont pris d&rsquo;assaut un groupe de maisons dans le quartier de Wadi Al-Joz, et qu&rsquo;un groupe de jeunes hommes les a affront\u00e9s.Les colons isra\u00e9liens effectuent quotidiennement des actes de violence et de vandalisme contre les Palestiniens et leurs propri\u00e9t\u00e9s dans diverses parties de la Cisjordanie et ces attaques sont soutenues par les autorit\u00e9s d&rsquo;occupation isra\u00e9liennes.La violence des colons comprend des incendies de propri\u00e9t\u00e9s et de mosqu\u00e9es, des jets de pierres, le d\u00e9racinement de cultures et d&rsquo;oliviers, des attaques contre des maisons vuln\u00e9rables, entre autres.<\/p>\n\n\n\n<p>R.I<\/p>\n","protected":false},"excerpt":{"rendered":"<p>Le roi Abdallah II de Jordanie a affirm\u00e9 que l&rsquo;avenir de la ville d\u2019El-Qods occup\u00e9e est une source de pr\u00e9occupation<\/p>\n","protected":false},"author":3,"featured_media":27798,"comment_status":"open","ping_status":"closed","sticky":false,"template":"","format":"standard","meta":{"colormag_page_container_layout":"default_layout","colormag_page_sidebar_layout":"default_layout","om_disable_all_campaigns":false,"_monsterinsights_skip_tracking":false,"_monsterinsights_sitenote_active":false,"_monsterinsights_sitenote_note":"","_monsterinsights_sitenote_category":0,"footnotes":"","_wpscppro_dont_share_socialmedia":false,"_wpscppro_custom_social_share_image":0,"_facebook_share_type":"","_twitter_share_type":"","_linkedin_share_type":"","_pinterest_share_type":"","_linkedin_share_type_page":"","_instagram_share_type":"","_medium_share_type":"","_threads_share_type":"","_google_business_share_type":"","_selected_social_profile":[],"_wpsp_enable_custom_social_template":false,"_wpsp_social_scheduling":{"enabled":false,"datetime":null,"platforms":[],"status":"template_only","dateOption":"today","timeOption":"now","customDays":"","customHours":"","customDate":"","customTime":"","schedulingType":"absolute"},"_wpsp_active_default_template":true},"categories":[37],"tags":[],"class_list":["post-27788","post","type-post","status-publish","format-standard","has-post-thumbnail","hentry","category-monde"],"aioseo_notices":[],"yoast_head":"<!-- This site is optimized with the Yoast SEO plugin v27.5 - https:\/\/yoast.com\/product\/yoast-seo-wordpress\/ -->\n<title>Palestine occup\u00e9e\u00a0: L\u2019avenir d\u2019El-Qods source de pr\u00e9occupation urgente - La Sentinelle<\/title>\n<meta name=\"robots\" content=\"index, follow, max-snippet:-1, max-image-preview:large, max-video-preview:-1\" \/>\n<link rel=\"canonical\" href=\"https:\/\/lasentinelle.dz\/index.php\/2022\/09\/22\/palestine-occupee-lavenir-del-qods-source-de-preoccupation-urgente\/\" \/>\n<meta property=\"og:locale\" content=\"fr_FR\" \/>\n<meta property=\"og:type\" content=\"article\" \/>\n<meta property=\"og:title\" content=\"Palestine occup\u00e9e\u00a0: L\u2019avenir d\u2019El-Qods source de pr\u00e9occupation urgente - La Sentinelle\" \/>\n<meta property=\"og:description\" content=\"Le roi Abdallah II de Jordanie a affirm\u00e9 que l&rsquo;avenir de la ville d\u2019El-Qods occup\u00e9e est une source de pr\u00e9occupation\" \/>\n<meta property=\"og:url\" content=\"https:\/\/lasentinelle.dz\/index.php\/2022\/09\/22\/palestine-occupee-lavenir-del-qods-source-de-preoccupation-urgente\/\" \/>\n<meta property=\"og:site_name\" content=\"La Sentinelle\" \/>\n<meta property=\"article:publisher\" content=\"https:\/\/www.facebook.com\/La-Sentinelle-104059864394773\" \/>\n<meta property=\"article:published_time\" content=\"2022-09-21T23:01:00+00:00\" \/>\n<meta property=\"og:image\" content=\"https:\/\/lasentinelle.dz\/wp-content\/uploads\/2022\/09\/image_2022-09-21_172740746.png\" \/>\n\t<meta property=\"og:image:width\" content=\"863\" \/>\n\t<meta property=\"og:image:height\" content=\"486\" \/>\n\t<meta property=\"og:image:type\" content=\"image\/png\" \/>\n<meta name=\"author\" content=\"La Sentinelle\" \/>\n<meta name=\"twitter:card\" content=\"summary_large_image\" \/>\n<meta name=\"twitter:label1\" content=\"\u00c9crit par\" \/>\n\t<meta name=\"twitter:data1\" content=\"La Sentinelle\" \/>\n\t<meta name=\"twitter:label2\" content=\"Dur\u00e9e de lecture estim\u00e9e\" \/>\n\t<meta name=\"twitter:data2\" content=\"3 minutes\" \/>\n<script type=\"application\/ld+json\" class=\"yoast-schema-graph\">{\"@context\":\"https:\\\/\\\/schema.org\",\"@graph\":[{\"@type\":\"Article\",\"@id\":\"https:\\\/\\\/lasentinelle.dz\\\/index.php\\\/2022\\\/09\\\/22\\\/palestine-occupee-lavenir-del-qods-source-de-preoccupation-urgente\\\/#article\",\"isPartOf\":{\"@id\":\"https:\\\/\\\/lasentinelle.dz\\\/index.php\\\/2022\\\/09\\\/22\\\/palestine-occupee-lavenir-del-qods-source-de-preoccupation-urgente\\\/\"},\"author\":{\"name\":\"La Sentinelle\",\"@id\":\"https:\\\/\\\/lasentinelle.dz\\\/#\\\/schema\\\/person\\\/d865044e22e70a75174ce8bcad3acfb3\"},\"headline\":\"Palestine occup\u00e9e\u00a0: L\u2019avenir d\u2019El-Qods source de pr\u00e9occupation urgente\",\"datePublished\":\"2022-09-21T23:01:00+00:00\",\"mainEntityOfPage\":{\"@id\":\"https:\\\/\\\/lasentinelle.dz\\\/index.php\\\/2022\\\/09\\\/22\\\/palestine-occupee-lavenir-del-qods-source-de-preoccupation-urgente\\\/\"},\"wordCount\":502,\"commentCount\":0,\"publisher\":{\"@id\":\"https:\\\/\\\/lasentinelle.dz\\\/#organization\"},\"image\":{\"@id\":\"https:\\\/\\\/lasentinelle.dz\\\/index.php\\\/2022\\\/09\\\/22\\\/palestine-occupee-lavenir-del-qods-source-de-preoccupation-urgente\\\/#primaryimage\"},\"thumbnailUrl\":\"https:\\\/\\\/lasentinelle.dz\\\/wp-content\\\/uploads\\\/2022\\\/09\\\/image_2022-09-21_172740746.png\",\"articleSection\":[\"Monde\"],\"inLanguage\":\"fr-FR\",\"potentialAction\":[{\"@type\":\"CommentAction\",\"name\":\"Comment\",\"target\":[\"https:\\\/\\\/lasentinelle.dz\\\/index.php\\\/2022\\\/09\\\/22\\\/palestine-occupee-lavenir-del-qods-source-de-preoccupation-urgente\\\/#respond\"]}]},{\"@type\":\"WebPage\",\"@id\":\"https:\\\/\\\/lasentinelle.dz\\\/index.php\\\/2022\\\/09\\\/22\\\/palestine-occupee-lavenir-del-qods-source-de-preoccupation-urgente\\\/\",\"url\":\"https:\\\/\\\/lasentinelle.dz\\\/index.php\\\/2022\\\/09\\\/22\\\/palestine-occupee-lavenir-del-qods-source-de-preoccupation-urgente\\\/\",\"name\":\"Palestine occup\u00e9e\u00a0: L\u2019avenir d\u2019El-Qods source de pr\u00e9occupation urgente - La Sentinelle\",\"isPartOf\":{\"@id\":\"https:\\\/\\\/lasentinelle.dz\\\/#website\"},\"primaryImageOfPage\":{\"@id\":\"https:\\\/\\\/lasentinelle.dz\\\/index.php\\\/2022\\\/09\\\/22\\\/palestine-occupee-lavenir-del-qods-source-de-preoccupation-urgente\\\/#primaryimage\"},\"image\":{\"@id\":\"https:\\\/\\\/lasentinelle.dz\\\/index.php\\\/2022\\\/09\\\/22\\\/palestine-occupee-lavenir-del-qods-source-de-preoccupation-urgente\\\/#primaryimage\"},\"thumbnailUrl\":\"https:\\\/\\\/lasentinelle.dz\\\/wp-content\\\/uploads\\\/2022\\\/09\\\/image_2022-09-21_172740746.png\",\"datePublished\":\"2022-09-21T23:01:00+00:00\",\"breadcrumb\":{\"@id\":\"https:\\\/\\\/lasentinelle.dz\\\/index.php\\\/2022\\\/09\\\/22\\\/palestine-occupee-lavenir-del-qods-source-de-preoccupation-urgente\\\/#breadcrumb\"},\"inLanguage\":\"fr-FR\",\"potentialAction\":[{\"@type\":\"ReadAction\",\"target\":[\"https:\\\/\\\/lasentinelle.dz\\\/index.php\\\/2022\\\/09\\\/22\\\/palestine-occupee-lavenir-del-qods-source-de-preoccupation-urgente\\\/\"]}]},{\"@type\":\"ImageObject\",\"inLanguage\":\"fr-FR\",\"@id\":\"https:\\\/\\\/lasentinelle.dz\\\/index.php\\\/2022\\\/09\\\/22\\\/palestine-occupee-lavenir-del-qods-source-de-preoccupation-urgente\\\/#primaryimage\",\"url\":\"https:\\\/\\\/lasentinelle.dz\\\/wp-content\\\/uploads\\\/2022\\\/09\\\/image_2022-09-21_172740746.png\",\"contentUrl\":\"https:\\\/\\\/lasentinelle.dz\\\/wp-content\\\/uploads\\\/2022\\\/09\\\/image_2022-09-21_172740746.png\",\"width\":863,\"height\":486},{\"@type\":\"BreadcrumbList\",\"@id\":\"https:\\\/\\\/lasentinelle.dz\\\/index.php\\\/2022\\\/09\\\/22\\\/palestine-occupee-lavenir-del-qods-source-de-preoccupation-urgente\\\/#breadcrumb\",\"itemListElement\":[{\"@type\":\"ListItem\",\"position\":1,\"name\":\"Accueil\",\"item\":\"https:\\\/\\\/lasentinelle.dz\\\/\"},{\"@type\":\"ListItem\",\"position\":2,\"name\":\"Palestine occup\u00e9e\u00a0: L\u2019avenir d\u2019El-Qods source de pr\u00e9occupation urgente\"}]},{\"@type\":\"WebSite\",\"@id\":\"https:\\\/\\\/lasentinelle.dz\\\/#website\",\"url\":\"https:\\\/\\\/lasentinelle.dz\\\/\",\"name\":\"La Sentinelle\",\"description\":\"Quotidien national d&#039;information\",\"publisher\":{\"@id\":\"https:\\\/\\\/lasentinelle.dz\\\/#organization\"},\"potentialAction\":[{\"@type\":\"SearchAction\",\"target\":{\"@type\":\"EntryPoint\",\"urlTemplate\":\"https:\\\/\\\/lasentinelle.dz\\\/?s={search_term_string}\"},\"query-input\":{\"@type\":\"PropertyValueSpecification\",\"valueRequired\":true,\"valueName\":\"search_term_string\"}}],\"inLanguage\":\"fr-FR\"},{\"@type\":\"Organization\",\"@id\":\"https:\\\/\\\/lasentinelle.dz\\\/#organization\",\"name\":\"Quotidien La Sentinelle\",\"url\":\"https:\\\/\\\/lasentinelle.dz\\\/\",\"logo\":{\"@type\":\"ImageObject\",\"inLanguage\":\"fr-FR\",\"@id\":\"https:\\\/\\\/lasentinelle.dz\\\/#\\\/schema\\\/logo\\\/image\\\/\",\"url\":\"https:\\\/\\\/lasentinelle.dz\\\/wp-content\\\/uploads\\\/2021\\\/09\\\/logo-sentinelleSLOGAN-1.png\",\"contentUrl\":\"https:\\\/\\\/lasentinelle.dz\\\/wp-content\\\/uploads\\\/2021\\\/09\\\/logo-sentinelleSLOGAN-1.png\",\"width\":615,\"height\":142,\"caption\":\"Quotidien La Sentinelle\"},\"image\":{\"@id\":\"https:\\\/\\\/lasentinelle.dz\\\/#\\\/schema\\\/logo\\\/image\\\/\"},\"sameAs\":[\"https:\\\/\\\/www.facebook.com\\\/La-Sentinelle-104059864394773\"]},{\"@type\":\"Person\",\"@id\":\"https:\\\/\\\/lasentinelle.dz\\\/#\\\/schema\\\/person\\\/d865044e22e70a75174ce8bcad3acfb3\",\"name\":\"La Sentinelle\",\"image\":{\"@type\":\"ImageObject\",\"inLanguage\":\"fr-FR\",\"@id\":\"https:\\\/\\\/secure.gravatar.com\\\/avatar\\\/57de8e5d4b15d43fb361a71fbb36338450fe67865b528a43dd10ef7c51a20392?s=96&d=mm&r=g\",\"url\":\"https:\\\/\\\/secure.gravatar.com\\\/avatar\\\/57de8e5d4b15d43fb361a71fbb36338450fe67865b528a43dd10ef7c51a20392?s=96&d=mm&r=g\",\"contentUrl\":\"https:\\\/\\\/secure.gravatar.com\\\/avatar\\\/57de8e5d4b15d43fb361a71fbb36338450fe67865b528a43dd10ef7c51a20392?s=96&d=mm&r=g\",\"caption\":\"La Sentinelle\"},\"sameAs\":[\"http:\\\/\\\/www.lasentinelle.dz\"],\"url\":\"https:\\\/\\\/lasentinelle.dz\\\/author\\\/redaction\\\/\"}]}<\/script>\n<!-- \/ Yoast SEO plugin. -->","yoast_head_json":{"title":"Palestine occup\u00e9e\u00a0: L\u2019avenir d\u2019El-Qods source de pr\u00e9occupation urgente - La Sentinelle","robots":{"index":"index","follow":"follow","max-snippet":"max-snippet:-1","max-image-preview":"max-image-preview:large","max-video-preview":"max-video-preview:-1"},"canonical":"https:\/\/lasentinelle.dz\/index.php\/2022\/09\/22\/palestine-occupee-lavenir-del-qods-source-de-preoccupation-urgente\/","og_locale":"fr_FR","og_type":"article","og_title":"Palestine occup\u00e9e\u00a0: L\u2019avenir d\u2019El-Qods source de pr\u00e9occupation urgente - La Sentinelle","og_description":"Le roi Abdallah II de Jordanie a affirm\u00e9 que l&rsquo;avenir de la ville d\u2019El-Qods occup\u00e9e est une source de pr\u00e9occupation","og_url":"https:\/\/lasentinelle.dz\/index.php\/2022\/09\/22\/palestine-occupee-lavenir-del-qods-source-de-preoccupation-urgente\/","og_site_name":"La Sentinelle","article_publisher":"https:\/\/www.facebook.com\/La-Sentinelle-104059864394773","article_published_time":"2022-09-21T23:01:00+00:00","og_image":[{"width":863,"height":486,"url":"https:\/\/lasentinelle.dz\/wp-content\/uploads\/2022\/09\/image_2022-09-21_172740746.png","type":"image\/png"}],"author":"La Sentinelle","twitter_card":"summary_large_image","twitter_misc":{"\u00c9crit par":"La Sentinelle","Dur\u00e9e de lecture estim\u00e9e":"3 minutes"},"schema":{"@context":"https:\/\/schema.org","@graph":[{"@type":"Article","@id":"https:\/\/lasentinelle.dz\/index.php\/2022\/09\/22\/palestine-occupee-lavenir-del-qods-source-de-preoccupation-urgente\/#article","isPartOf":{"@id":"https:\/\/lasentinelle.dz\/index.php\/2022\/09\/22\/palestine-occupee-lavenir-del-qods-source-de-preoccupation-urgente\/"},"author":{"name":"La Sentinelle","@id":"https:\/\/lasentinelle.dz\/#\/schema\/person\/d865044e22e70a75174ce8bcad3acfb3"},"headline":"Palestine occup\u00e9e\u00a0: L\u2019avenir d\u2019El-Qods source de pr\u00e9occupation urgente","datePublished":"2022-09-21T23:01:00+00:00","mainEntityOfPage":{"@id":"https:\/\/lasentinelle.dz\/index.php\/2022\/09\/22\/palestine-occupee-lavenir-del-qods-source-de-preoccupation-urgente\/"},"wordCount":502,"commentCount":0,"publisher":{"@id":"https:\/\/lasentinelle.dz\/#organization"},"image":{"@id":"https:\/\/lasentinelle.dz\/index.php\/2022\/09\/22\/palestine-occupee-lavenir-del-qods-source-de-preoccupation-urgente\/#primaryimage"},"thumbnailUrl":"https:\/\/lasentinelle.dz\/wp-content\/uploads\/2022\/09\/image_2022-09-21_172740746.png","articleSection":["Monde"],"inLanguage":"fr-FR","potentialAction":[{"@type":"CommentAction","name":"Comment","target":["https:\/\/lasentinelle.dz\/index.php\/2022\/09\/22\/palestine-occupee-lavenir-del-qods-source-de-preoccupation-urgente\/#respond"]}]},{"@type":"WebPage","@id":"https:\/\/lasentinelle.dz\/index.php\/2022\/09\/22\/palestine-occupee-lavenir-del-qods-source-de-preoccupation-urgente\/","url":"https:\/\/lasentinelle.dz\/index.php\/2022\/09\/22\/palestine-occupee-lavenir-del-qods-source-de-preoccupation-urgente\/","name":"Palestine occup\u00e9e\u00a0: L\u2019avenir d\u2019El-Qods source de pr\u00e9occupation urgente - La Sentinelle","isPartOf":{"@id":"https:\/\/lasentinelle.dz\/#website"},"primaryImageOfPage":{"@id":"https:\/\/lasentinelle.dz\/index.php\/2022\/09\/22\/palestine-occupee-lavenir-del-qods-source-de-preoccupation-urgente\/#primaryimage"},"image":{"@id":"https:\/\/lasentinelle.dz\/index.php\/2022\/09\/22\/palestine-occupee-lavenir-del-qods-source-de-preoccupation-urgente\/#primaryimage"},"thumbnailUrl":"https:\/\/lasentinelle.dz\/wp-content\/uploads\/2022\/09\/image_2022-09-21_172740746.png","datePublished":"2022-09-21T23:01:00+00:00","breadcrumb":{"@id":"https:\/\/lasentinelle.dz\/index.php\/2022\/09\/22\/palestine-occupee-lavenir-del-qods-source-de-preoccupation-urgente\/#breadcrumb"},"inLanguage":"fr-FR","potentialAction":[{"@type":"ReadAction","target":["https:\/\/lasentinelle.dz\/index.php\/2022\/09\/22\/palestine-occupee-lavenir-del-qods-source-de-preoccupation-urgente\/"]}]},{"@type":"ImageObject","inLanguage":"fr-FR","@id":"https:\/\/lasentinelle.dz\/index.php\/2022\/09\/22\/palestine-occupee-lavenir-del-qods-source-de-preoccupation-urgente\/#primaryimage","url":"https:\/\/lasentinelle.dz\/wp-content\/uploads\/2022\/09\/image_2022-09-21_172740746.png","contentUrl":"https:\/\/lasentinelle.dz\/wp-content\/uploads\/2022\/09\/image_2022-09-21_172740746.png","width":863,"height":486},{"@type":"BreadcrumbList","@id":"https:\/\/lasentinelle.dz\/index.php\/2022\/09\/22\/palestine-occupee-lavenir-del-qods-source-de-preoccupation-urgente\/#breadcrumb","itemListElement":[{"@type":"ListItem","position":1,"name":"Accueil","item":"https:\/\/lasentinelle.dz\/"},{"@type":"ListItem","position":2,"name":"Palestine occup\u00e9e\u00a0: L\u2019avenir d\u2019El-Qods source de pr\u00e9occupation urgente"}]},{"@type":"WebSite","@id":"https:\/\/lasentinelle.dz\/#website","url":"https:\/\/lasentinelle.dz\/","name":"La Sentinelle","description":"Quotidien national d&#039;information","publisher":{"@id":"https:\/\/lasentinelle.dz\/#organization"},"potentialAction":[{"@type":"SearchAction","target":{"@type":"EntryPoint","urlTemplate":"https:\/\/lasentinelle.dz\/?s={search_term_string}"},"query-input":{"@type":"PropertyValueSpecification","valueRequired":true,"valueName":"search_term_string"}}],"inLanguage":"fr-FR"},{"@type":"Organization","@id":"https:\/\/lasentinelle.dz\/#organization","name":"Quotidien La Sentinelle","url":"https:\/\/lasentinelle.dz\/","logo":{"@type":"ImageObject","inLanguage":"fr-FR","@id":"https:\/\/lasentinelle.dz\/#\/schema\/logo\/image\/","url":"https:\/\/lasentinelle.dz\/wp-content\/uploads\/2021\/09\/logo-sentinelleSLOGAN-1.png","contentUrl":"https:\/\/lasentinelle.dz\/wp-content\/uploads\/2021\/09\/logo-sentinelleSLOGAN-1.png","width":615,"height":142,"caption":"Quotidien La Sentinelle"},"image":{"@id":"https:\/\/lasentinelle.dz\/#\/schema\/logo\/image\/"},"sameAs":["https:\/\/www.facebook.com\/La-Sentinelle-104059864394773"]},{"@type":"Person","@id":"https:\/\/lasentinelle.dz\/#\/schema\/person\/d865044e22e70a75174ce8bcad3acfb3","name":"La Sentinelle","image":{"@type":"ImageObject","inLanguage":"fr-FR","@id":"https:\/\/secure.gravatar.com\/avatar\/57de8e5d4b15d43fb361a71fbb36338450fe67865b528a43dd10ef7c51a20392?s=96&d=mm&r=g","url":"https:\/\/secure.gravatar.com\/avatar\/57de8e5d4b15d43fb361a71fbb36338450fe67865b528a43dd10ef7c51a20392?s=96&d=mm&r=g","contentUrl":"https:\/\/secure.gravatar.com\/avatar\/57de8e5d4b15d43fb361a71fbb36338450fe67865b528a43dd10ef7c51a20392?s=96&d=mm&r=g","caption":"La Sentinelle"},"sameAs":["http:\/\/www.lasentinelle.dz"],"url":"https:\/\/lasentinelle.dz\/author\/redaction\/"}]}},"_links":{"self":[{"href":"https:\/\/lasentinelle.dz\/index.php\/wp-json\/wp\/v2\/posts\/27788","targetHints":{"allow":["GET"]}}],"collection":[{"href":"https:\/\/lasentinelle.dz\/index.php\/wp-json\/wp\/v2\/posts"}],"about":[{"href":"https:\/\/lasentinelle.dz\/index.php\/wp-json\/wp\/v2\/types\/post"}],"author":[{"embeddable":true,"href":"https:\/\/lasentinelle.dz\/index.php\/wp-json\/wp\/v2\/users\/3"}],"replies":[{"embeddable":true,"href":"https:\/\/lasentinelle.dz\/index.php\/wp-json\/wp\/v2\/comments?post=27788"}],"version-history":[{"count":1,"href":"https:\/\/lasentinelle.dz\/index.php\/wp-json\/wp\/v2\/posts\/27788\/revisions"}],"predecessor-version":[{"id":27799,"href":"https:\/\/lasentinelle.dz\/index.php\/wp-json\/wp\/v2\/posts\/27788\/revisions\/27799"}],"wp:featuredmedia":[{"embeddable":true,"href":"https:\/\/lasentinelle.dz\/index.php\/wp-json\/wp\/v2\/media\/27798"}],"wp:attachment":[{"href":"https:\/\/lasentinelle.dz\/index.php\/wp-json\/wp\/v2\/media?parent=27788"}],"wp:term":[{"taxonomy":"category","embeddable":true,"href":"https:\/\/lasentinelle.dz\/index.php\/wp-json\/wp\/v2\/categories?post=27788"},{"taxonomy":"post_tag","embeddable":true,"href":"https:\/\/lasentinelle.dz\/index.php\/wp-json\/wp\/v2\/tags?post=27788"}],"curies":[{"name":"wp","href":"https:\/\/api.w.org\/{rel}","templated":true}]}}