{"id":27868,"date":"2022-09-25T00:01:00","date_gmt":"2022-09-24T23:01:00","guid":{"rendered":"https:\/\/lasentinelle.dz\/?p=27868"},"modified":"2022-09-24T17:05:36","modified_gmt":"2022-09-24T16:05:36","slug":"enquete-sur-la-tragedie-de-melilla-les-parlementaires-europeens-denoncent-un-scandale-sans-precedent","status":"publish","type":"post","link":"https:\/\/lasentinelle.dz\/index.php\/2022\/09\/25\/enquete-sur-la-tragedie-de-melilla-les-parlementaires-europeens-denoncent-un-scandale-sans-precedent\/","title":{"rendered":"Enqu\u00eate sur la trag\u00e9die de Melilla\u00a0: Les parlementaires europ\u00e9ens d\u00e9noncent un \u00ab\u00a0scandale sans pr\u00e9c\u00e9dent\u00a0\u00bb"},"content":{"rendered":"\n<p>Le groupe parlementaire de la Gauche au Parlement europ\u00e9en a d\u00e9nonc\u00e9 l&rsquo;interdiction d&rsquo;entr\u00e9e de sa d\u00e9l\u00e9gation dans la ville de Nador (Maroc) pour enqu\u00eater sur la trag\u00e9die de Melilla ayant caus\u00e9 la mort de dizaines de migrants africains, tu\u00e9s par la police marocaine, qualifiant cette d\u00e9cision de \u00ab\u00a0scandale sans pr\u00e9c\u00e9dent\u00a0\u00bb. Le groupe parlementaire a soulign\u00e9 qu&rsquo;il continuera \u00e0 utiliser tous les moyens officiels pour conna\u00eetre la v\u00e9rit\u00e9.<\/p>\n\n\n\n<p>Les autorit\u00e9s marocaines avaient emp\u00each\u00e9, mardi, une d\u00e9l\u00e9gation de parlementaires europ\u00e9ens d&rsquo;entrer dans la ville de Nador pour enqu\u00eater sur la trag\u00e9die ayant caus\u00e9 la mort de dizaines de migrants d&rsquo;origine africaine, brutalement tu\u00e9s par la police marocaine alors qu&rsquo;ils tentaient d&rsquo;entrer dans l&rsquo;enclave espagnole de Melilla depuis le Maroc, le 24 juin dernier. \u00ab\u00a0Des membres du groupe de la Gauche au Parlement europ\u00e9en se sont vus refuser l&rsquo;entr\u00e9e aux territoires marocains, au point de passage Nador-Mellilia, dans le cadre de leur mission visant \u00e0 faire la lumi\u00e8re sur la mort des demandeurs d&rsquo;asile le 24 juin dernier, pr\u00e8s de Mellilia\u00a0\u00bb, indique un communiqu\u00e9 sur le site web de ce groupe de la Gauche, rapport\u00e9 par des sites d&rsquo;information au niveau international.<\/p>\n\n\n\n<p>Les d\u00e9put\u00e9s europ\u00e9ens, ajoute le communiqu\u00e9, ont commenc\u00e9 le 19 septembre courant leur mission dans l&rsquo;enclave espagnole de Mellilia, o\u00f9 ils ont rencontr\u00e9 les autorit\u00e9s charg\u00e9es de l&rsquo;asile, les ONG et toutes les personnes en relation avec l&rsquo;incident du 24 juin dernier. L&rsquo;objectif g\u00e9n\u00e9ral de la mission consiste, selon la m\u00eame source, \u00e0 \u00ab\u00a0d\u00e9terminer les responsabilit\u00e9s des deux parties espagnole et marocaine, ainsi que celle de l&rsquo;Union europ\u00e9enne, en rencontrant les rescap\u00e9s, les t\u00e9moins et les principaux acteurs\u00a0\u00bb. \u00ab\u00a0Nous avons \u00e9t\u00e9 emp\u00each\u00e9s d&rsquo;entrer dans les territoires marocains sans aucune justification\u00a0\u00bb, a d\u00e9clar\u00e9 l&rsquo;eurod\u00e9put\u00e9e Cornelia Ernst, ajoutant que \u00ab\u00a0c&rsquo;est l\u00e0 un scandale sans pr\u00e9c\u00e9dent. C&rsquo;est inqui\u00e9tant car nous ne pouvons pas parler aux survivants de la trag\u00e9die du 24 juin dernier qui sont toujours bloqu\u00e9s au Maroc, ni aux ONG\u00a0\u00bb.Les parlementaires europ\u00e9ens ont exprim\u00e9 leur m\u00e9contentement face \u00e0 cette interdiction, et indiqu\u00e9 qu&rsquo;ils poursuivront leur lutte pour mettre fin \u00e0 ce qu&rsquo;ils ont qualifi\u00e9 de \u00ab\u00a0violation flagrante de la vie humaine aux fronti\u00e8res ext\u00e9rieures de l&rsquo;UE\u00a0\u00bb, soulignant \u00e0 ce propos que \u00ab\u00a0la demande d&rsquo;asile est un droit fondamental\u00a0\u00bb.<\/p>\n\n\n\n<p><strong>Les innombrables crimes du Makhzen<\/strong><\/p>\n\n\n\n<p>Le parlementaire espagnol, Miguel Urban Crespo a indiqu\u00e9 \u00ab\u00a0si nous ne sommes pas autoris\u00e9s \u00e0 entrer au Maroc, c&rsquo;est qu&rsquo;ils ont des choses \u00e0 cacher sur ce qui s&rsquo;est pass\u00e9 le 24 juin\u00a0\u00bb. \u00ab\u00a0Plus de 23 demandeurs d&rsquo;asile ont \u00e9t\u00e9 tu\u00e9s et au moins 76 personnes bless\u00e9es dans cet incident\u00a0\u00bb, ont indiqu\u00e9 les parlementaires dans leur communiqu\u00e9.La Gauche \u00e0 l&rsquo;UE rappelle qu&rsquo; \u00ab\u00a0apr\u00e8s pr\u00e8s de trois mois de ce drame, aucune enqu\u00eate n&rsquo;a \u00e9t\u00e9 diligent\u00e9e. Au contraire, les demandeurs d&rsquo;asile ont \u00e9t\u00e9 traduits en justice pour cette affaire\u00a0\u00bb.&nbsp; 33 demandeurs d&rsquo;asiles ont \u00e9t\u00e9 condamn\u00e9s en premi\u00e8re instance \u00e0 une peine de 11 mois, alors que 14 autres ont \u00e9cop\u00e9 de 8 mois de prison ferme et 13 autres de deux ans et 6 mois de prison ferme. \u00ab\u00a0La politique de migration de l&rsquo;UE doit reposer sur l&rsquo;accueil et les droits de l&rsquo;homme ainsi que la garantie de parcours s\u00e9curis\u00e9s et l\u00e9gaux pour que de tels incidents ne se reproduisent pas\u00a0\u00bb, a soulign\u00e9 le communiqu\u00e9 affirmant que \u00ab\u00a0le Maroc est le deuxi\u00e8me pays parmi les pays b\u00e9n\u00e9ficiaires des fonds de l&rsquo;UE pour la migration (346 millions d&rsquo;euros)\u00a0\u00bb.Le 24 juin au poste-fronti\u00e8re de Melilla, au moins 37 migrants subsahariens (23 seulement selon les chiffres officiels avanc\u00e9s par autorit\u00e9s marocaines mais bien plus selon des associations des droits de l&rsquo;Homme) ont \u00e9t\u00e9 brutalement tu\u00e9s par la police marocaine, qui tentait de les emp\u00eacher d&rsquo;entrer dans l&rsquo;enclave espagnole. De nombreuses vid\u00e9os et images ont circul\u00e9 sur les r\u00e9seaux sociaux montrant des dizaines de migrants au sol, quasiment inertes. Certaines montraient \u00e9galement les forces de s\u00e9curit\u00e9 marocaines en train de tabasser des migrants.Des s\u00e9quences vid\u00e9o prises par l&rsquo;AMDH montraient un agent de s\u00e9curit\u00e9 marocain frappant au sol des hommes visiblement bless\u00e9s et un autre agent jetant un corps inerte sur plusieurs personnes. Selon des organisations de d\u00e9fense des droits humains au Maroc et ailleurs, le nombre de victimes lors de la r\u00e9pression sanglante d&rsquo;environ 2000 migrants africains d\u00e9passe de loin les 23 morts annonc\u00e9s par les autorit\u00e9s marocaines. De nombreux pays et organisations internationales ont exig\u00e9 l&rsquo;ouverture d&rsquo;une enqu\u00eate internationale ind\u00e9pendante, afin de faire la lumi\u00e8re sur ce qui s&rsquo;est r\u00e9ellement pass\u00e9 et sanctionner les auteurs.<\/p>\n\n\n\n<p><strong>APS<\/strong><\/p>\n","protected":false},"excerpt":{"rendered":"<p>Le groupe parlementaire de la Gauche au Parlement europ\u00e9en a d\u00e9nonc\u00e9 l&rsquo;interdiction d&rsquo;entr\u00e9e de sa d\u00e9l\u00e9gation dans la ville de<\/p>\n","protected":false},"author":3,"featured_media":27169,"comment_status":"open","ping_status":"closed","sticky":false,"template":"","format":"standard","meta":{"colormag_page_container_layout":"default_layout","colormag_page_sidebar_layout":"default_layout","om_disable_all_campaigns":false,"_monsterinsights_skip_tracking":false,"_monsterinsights_sitenote_active":false,"_monsterinsights_sitenote_note":"","_monsterinsights_sitenote_category":0,"footnotes":"","_wpscppro_dont_share_socialmedia":false,"_wpscppro_custom_social_share_image":0,"_facebook_share_type":"","_twitter_share_type":"","_linkedin_share_type":"","_pinterest_share_type":"","_linkedin_share_type_page":"","_instagram_share_type":"","_medium_share_type":"","_threads_share_type":"","_google_business_share_type":"","_selected_social_profile":[],"_wpsp_enable_custom_social_template":false,"_wpsp_social_scheduling":{"enabled":false,"datetime":null,"platforms":[],"status":"template_only","dateOption":"today","timeOption":"now","customDays":"","customHours":"","customDate":"","customTime":"","schedulingType":"absolute"},"_wpsp_active_default_template":true},"categories":[37],"tags":[],"class_list":["post-27868","post","type-post","status-publish","format-standard","has-post-thumbnail","hentry","category-monde"],"aioseo_notices":[],"yoast_head":"<!-- This site is optimized with the Yoast SEO plugin v27.5 - https:\/\/yoast.com\/product\/yoast-seo-wordpress\/ -->\n<title>Enqu\u00eate sur la trag\u00e9die de Melilla\u00a0: Les parlementaires europ\u00e9ens d\u00e9noncent un \u00ab\u00a0scandale sans pr\u00e9c\u00e9dent\u00a0\u00bb - La Sentinelle<\/title>\n<meta name=\"robots\" content=\"index, follow, max-snippet:-1, max-image-preview:large, max-video-preview:-1\" \/>\n<link rel=\"canonical\" href=\"https:\/\/lasentinelle.dz\/index.php\/2022\/09\/25\/enquete-sur-la-tragedie-de-melilla-les-parlementaires-europeens-denoncent-un-scandale-sans-precedent\/\" \/>\n<meta property=\"og:locale\" content=\"fr_FR\" \/>\n<meta property=\"og:type\" content=\"article\" \/>\n<meta property=\"og:title\" content=\"Enqu\u00eate sur la trag\u00e9die de Melilla\u00a0: Les parlementaires europ\u00e9ens d\u00e9noncent un \u00ab\u00a0scandale sans pr\u00e9c\u00e9dent\u00a0\u00bb - La Sentinelle\" \/>\n<meta property=\"og:description\" content=\"Le groupe parlementaire de la Gauche au Parlement europ\u00e9en a d\u00e9nonc\u00e9 l&rsquo;interdiction d&rsquo;entr\u00e9e de sa d\u00e9l\u00e9gation dans la ville de\" \/>\n<meta property=\"og:url\" content=\"https:\/\/lasentinelle.dz\/index.php\/2022\/09\/25\/enquete-sur-la-tragedie-de-melilla-les-parlementaires-europeens-denoncent-un-scandale-sans-precedent\/\" \/>\n<meta property=\"og:site_name\" content=\"La Sentinelle\" \/>\n<meta property=\"article:publisher\" content=\"https:\/\/www.facebook.com\/La-Sentinelle-104059864394773\" \/>\n<meta property=\"article:published_time\" content=\"2022-09-24T23:01:00+00:00\" \/>\n<meta property=\"og:image\" content=\"https:\/\/lasentinelle.dz\/wp-content\/uploads\/2022\/09\/maroc.png\" \/>\n\t<meta property=\"og:image:width\" content=\"1351\" \/>\n\t<meta property=\"og:image:height\" content=\"900\" \/>\n\t<meta property=\"og:image:type\" content=\"image\/png\" \/>\n<meta name=\"author\" content=\"La Sentinelle\" \/>\n<meta name=\"twitter:card\" content=\"summary_large_image\" \/>\n<meta name=\"twitter:label1\" content=\"\u00c9crit par\" \/>\n\t<meta name=\"twitter:data1\" content=\"La Sentinelle\" \/>\n\t<meta name=\"twitter:label2\" content=\"Dur\u00e9e de lecture estim\u00e9e\" \/>\n\t<meta name=\"twitter:data2\" content=\"4 minutes\" \/>\n<script type=\"application\/ld+json\" class=\"yoast-schema-graph\">{\"@context\":\"https:\\\/\\\/schema.org\",\"@graph\":[{\"@type\":\"Article\",\"@id\":\"https:\\\/\\\/lasentinelle.dz\\\/index.php\\\/2022\\\/09\\\/25\\\/enquete-sur-la-tragedie-de-melilla-les-parlementaires-europeens-denoncent-un-scandale-sans-precedent\\\/#article\",\"isPartOf\":{\"@id\":\"https:\\\/\\\/lasentinelle.dz\\\/index.php\\\/2022\\\/09\\\/25\\\/enquete-sur-la-tragedie-de-melilla-les-parlementaires-europeens-denoncent-un-scandale-sans-precedent\\\/\"},\"author\":{\"name\":\"La Sentinelle\",\"@id\":\"https:\\\/\\\/lasentinelle.dz\\\/#\\\/schema\\\/person\\\/d865044e22e70a75174ce8bcad3acfb3\"},\"headline\":\"Enqu\u00eate sur la trag\u00e9die de Melilla\u00a0: Les parlementaires europ\u00e9ens d\u00e9noncent un \u00ab\u00a0scandale sans pr\u00e9c\u00e9dent\u00a0\u00bb\",\"datePublished\":\"2022-09-24T23:01:00+00:00\",\"mainEntityOfPage\":{\"@id\":\"https:\\\/\\\/lasentinelle.dz\\\/index.php\\\/2022\\\/09\\\/25\\\/enquete-sur-la-tragedie-de-melilla-les-parlementaires-europeens-denoncent-un-scandale-sans-precedent\\\/\"},\"wordCount\":861,\"commentCount\":0,\"publisher\":{\"@id\":\"https:\\\/\\\/lasentinelle.dz\\\/#organization\"},\"image\":{\"@id\":\"https:\\\/\\\/lasentinelle.dz\\\/index.php\\\/2022\\\/09\\\/25\\\/enquete-sur-la-tragedie-de-melilla-les-parlementaires-europeens-denoncent-un-scandale-sans-precedent\\\/#primaryimage\"},\"thumbnailUrl\":\"https:\\\/\\\/lasentinelle.dz\\\/wp-content\\\/uploads\\\/2022\\\/09\\\/maroc.png\",\"articleSection\":[\"Monde\"],\"inLanguage\":\"fr-FR\",\"potentialAction\":[{\"@type\":\"CommentAction\",\"name\":\"Comment\",\"target\":[\"https:\\\/\\\/lasentinelle.dz\\\/index.php\\\/2022\\\/09\\\/25\\\/enquete-sur-la-tragedie-de-melilla-les-parlementaires-europeens-denoncent-un-scandale-sans-precedent\\\/#respond\"]}]},{\"@type\":\"WebPage\",\"@id\":\"https:\\\/\\\/lasentinelle.dz\\\/index.php\\\/2022\\\/09\\\/25\\\/enquete-sur-la-tragedie-de-melilla-les-parlementaires-europeens-denoncent-un-scandale-sans-precedent\\\/\",\"url\":\"https:\\\/\\\/lasentinelle.dz\\\/index.php\\\/2022\\\/09\\\/25\\\/enquete-sur-la-tragedie-de-melilla-les-parlementaires-europeens-denoncent-un-scandale-sans-precedent\\\/\",\"name\":\"Enqu\u00eate sur la trag\u00e9die de Melilla\u00a0: Les parlementaires europ\u00e9ens d\u00e9noncent un \u00ab\u00a0scandale sans pr\u00e9c\u00e9dent\u00a0\u00bb - La Sentinelle\",\"isPartOf\":{\"@id\":\"https:\\\/\\\/lasentinelle.dz\\\/#website\"},\"primaryImageOfPage\":{\"@id\":\"https:\\\/\\\/lasentinelle.dz\\\/index.php\\\/2022\\\/09\\\/25\\\/enquete-sur-la-tragedie-de-melilla-les-parlementaires-europeens-denoncent-un-scandale-sans-precedent\\\/#primaryimage\"},\"image\":{\"@id\":\"https:\\\/\\\/lasentinelle.dz\\\/index.php\\\/2022\\\/09\\\/25\\\/enquete-sur-la-tragedie-de-melilla-les-parlementaires-europeens-denoncent-un-scandale-sans-precedent\\\/#primaryimage\"},\"thumbnailUrl\":\"https:\\\/\\\/lasentinelle.dz\\\/wp-content\\\/uploads\\\/2022\\\/09\\\/maroc.png\",\"datePublished\":\"2022-09-24T23:01:00+00:00\",\"breadcrumb\":{\"@id\":\"https:\\\/\\\/lasentinelle.dz\\\/index.php\\\/2022\\\/09\\\/25\\\/enquete-sur-la-tragedie-de-melilla-les-parlementaires-europeens-denoncent-un-scandale-sans-precedent\\\/#breadcrumb\"},\"inLanguage\":\"fr-FR\",\"potentialAction\":[{\"@type\":\"ReadAction\",\"target\":[\"https:\\\/\\\/lasentinelle.dz\\\/index.php\\\/2022\\\/09\\\/25\\\/enquete-sur-la-tragedie-de-melilla-les-parlementaires-europeens-denoncent-un-scandale-sans-precedent\\\/\"]}]},{\"@type\":\"ImageObject\",\"inLanguage\":\"fr-FR\",\"@id\":\"https:\\\/\\\/lasentinelle.dz\\\/index.php\\\/2022\\\/09\\\/25\\\/enquete-sur-la-tragedie-de-melilla-les-parlementaires-europeens-denoncent-un-scandale-sans-precedent\\\/#primaryimage\",\"url\":\"https:\\\/\\\/lasentinelle.dz\\\/wp-content\\\/uploads\\\/2022\\\/09\\\/maroc.png\",\"contentUrl\":\"https:\\\/\\\/lasentinelle.dz\\\/wp-content\\\/uploads\\\/2022\\\/09\\\/maroc.png\",\"width\":1351,\"height\":900},{\"@type\":\"BreadcrumbList\",\"@id\":\"https:\\\/\\\/lasentinelle.dz\\\/index.php\\\/2022\\\/09\\\/25\\\/enquete-sur-la-tragedie-de-melilla-les-parlementaires-europeens-denoncent-un-scandale-sans-precedent\\\/#breadcrumb\",\"itemListElement\":[{\"@type\":\"ListItem\",\"position\":1,\"name\":\"Accueil\",\"item\":\"https:\\\/\\\/lasentinelle.dz\\\/\"},{\"@type\":\"ListItem\",\"position\":2,\"name\":\"Enqu\u00eate sur la trag\u00e9die de Melilla\u00a0: Les parlementaires europ\u00e9ens d\u00e9noncent un \u00ab\u00a0scandale sans pr\u00e9c\u00e9dent\u00a0\u00bb\"}]},{\"@type\":\"WebSite\",\"@id\":\"https:\\\/\\\/lasentinelle.dz\\\/#website\",\"url\":\"https:\\\/\\\/lasentinelle.dz\\\/\",\"name\":\"La Sentinelle\",\"description\":\"Quotidien national d&#039;information\",\"publisher\":{\"@id\":\"https:\\\/\\\/lasentinelle.dz\\\/#organization\"},\"potentialAction\":[{\"@type\":\"SearchAction\",\"target\":{\"@type\":\"EntryPoint\",\"urlTemplate\":\"https:\\\/\\\/lasentinelle.dz\\\/?s={search_term_string}\"},\"query-input\":{\"@type\":\"PropertyValueSpecification\",\"valueRequired\":true,\"valueName\":\"search_term_string\"}}],\"inLanguage\":\"fr-FR\"},{\"@type\":\"Organization\",\"@id\":\"https:\\\/\\\/lasentinelle.dz\\\/#organization\",\"name\":\"Quotidien La Sentinelle\",\"url\":\"https:\\\/\\\/lasentinelle.dz\\\/\",\"logo\":{\"@type\":\"ImageObject\",\"inLanguage\":\"fr-FR\",\"@id\":\"https:\\\/\\\/lasentinelle.dz\\\/#\\\/schema\\\/logo\\\/image\\\/\",\"url\":\"https:\\\/\\\/lasentinelle.dz\\\/wp-content\\\/uploads\\\/2021\\\/09\\\/logo-sentinelleSLOGAN-1.png\",\"contentUrl\":\"https:\\\/\\\/lasentinelle.dz\\\/wp-content\\\/uploads\\\/2021\\\/09\\\/logo-sentinelleSLOGAN-1.png\",\"width\":615,\"height\":142,\"caption\":\"Quotidien La Sentinelle\"},\"image\":{\"@id\":\"https:\\\/\\\/lasentinelle.dz\\\/#\\\/schema\\\/logo\\\/image\\\/\"},\"sameAs\":[\"https:\\\/\\\/www.facebook.com\\\/La-Sentinelle-104059864394773\"]},{\"@type\":\"Person\",\"@id\":\"https:\\\/\\\/lasentinelle.dz\\\/#\\\/schema\\\/person\\\/d865044e22e70a75174ce8bcad3acfb3\",\"name\":\"La Sentinelle\",\"image\":{\"@type\":\"ImageObject\",\"inLanguage\":\"fr-FR\",\"@id\":\"https:\\\/\\\/secure.gravatar.com\\\/avatar\\\/57de8e5d4b15d43fb361a71fbb36338450fe67865b528a43dd10ef7c51a20392?s=96&d=mm&r=g\",\"url\":\"https:\\\/\\\/secure.gravatar.com\\\/avatar\\\/57de8e5d4b15d43fb361a71fbb36338450fe67865b528a43dd10ef7c51a20392?s=96&d=mm&r=g\",\"contentUrl\":\"https:\\\/\\\/secure.gravatar.com\\\/avatar\\\/57de8e5d4b15d43fb361a71fbb36338450fe67865b528a43dd10ef7c51a20392?s=96&d=mm&r=g\",\"caption\":\"La Sentinelle\"},\"sameAs\":[\"http:\\\/\\\/www.lasentinelle.dz\"],\"url\":\"https:\\\/\\\/lasentinelle.dz\\\/author\\\/redaction\\\/\"}]}<\/script>\n<!-- \/ Yoast SEO plugin. -->","yoast_head_json":{"title":"Enqu\u00eate sur la trag\u00e9die de Melilla\u00a0: Les parlementaires europ\u00e9ens d\u00e9noncent un \u00ab\u00a0scandale sans pr\u00e9c\u00e9dent\u00a0\u00bb - La Sentinelle","robots":{"index":"index","follow":"follow","max-snippet":"max-snippet:-1","max-image-preview":"max-image-preview:large","max-video-preview":"max-video-preview:-1"},"canonical":"https:\/\/lasentinelle.dz\/index.php\/2022\/09\/25\/enquete-sur-la-tragedie-de-melilla-les-parlementaires-europeens-denoncent-un-scandale-sans-precedent\/","og_locale":"fr_FR","og_type":"article","og_title":"Enqu\u00eate sur la trag\u00e9die de Melilla\u00a0: Les parlementaires europ\u00e9ens d\u00e9noncent un \u00ab\u00a0scandale sans pr\u00e9c\u00e9dent\u00a0\u00bb - La Sentinelle","og_description":"Le groupe parlementaire de la Gauche au Parlement europ\u00e9en a d\u00e9nonc\u00e9 l&rsquo;interdiction d&rsquo;entr\u00e9e de sa d\u00e9l\u00e9gation dans la ville de","og_url":"https:\/\/lasentinelle.dz\/index.php\/2022\/09\/25\/enquete-sur-la-tragedie-de-melilla-les-parlementaires-europeens-denoncent-un-scandale-sans-precedent\/","og_site_name":"La Sentinelle","article_publisher":"https:\/\/www.facebook.com\/La-Sentinelle-104059864394773","article_published_time":"2022-09-24T23:01:00+00:00","og_image":[{"width":1351,"height":900,"url":"https:\/\/lasentinelle.dz\/wp-content\/uploads\/2022\/09\/maroc.png","type":"image\/png"}],"author":"La Sentinelle","twitter_card":"summary_large_image","twitter_misc":{"\u00c9crit par":"La Sentinelle","Dur\u00e9e de lecture estim\u00e9e":"4 minutes"},"schema":{"@context":"https:\/\/schema.org","@graph":[{"@type":"Article","@id":"https:\/\/lasentinelle.dz\/index.php\/2022\/09\/25\/enquete-sur-la-tragedie-de-melilla-les-parlementaires-europeens-denoncent-un-scandale-sans-precedent\/#article","isPartOf":{"@id":"https:\/\/lasentinelle.dz\/index.php\/2022\/09\/25\/enquete-sur-la-tragedie-de-melilla-les-parlementaires-europeens-denoncent-un-scandale-sans-precedent\/"},"author":{"name":"La Sentinelle","@id":"https:\/\/lasentinelle.dz\/#\/schema\/person\/d865044e22e70a75174ce8bcad3acfb3"},"headline":"Enqu\u00eate sur la trag\u00e9die de Melilla\u00a0: Les parlementaires europ\u00e9ens d\u00e9noncent un \u00ab\u00a0scandale sans pr\u00e9c\u00e9dent\u00a0\u00bb","datePublished":"2022-09-24T23:01:00+00:00","mainEntityOfPage":{"@id":"https:\/\/lasentinelle.dz\/index.php\/2022\/09\/25\/enquete-sur-la-tragedie-de-melilla-les-parlementaires-europeens-denoncent-un-scandale-sans-precedent\/"},"wordCount":861,"commentCount":0,"publisher":{"@id":"https:\/\/lasentinelle.dz\/#organization"},"image":{"@id":"https:\/\/lasentinelle.dz\/index.php\/2022\/09\/25\/enquete-sur-la-tragedie-de-melilla-les-parlementaires-europeens-denoncent-un-scandale-sans-precedent\/#primaryimage"},"thumbnailUrl":"https:\/\/lasentinelle.dz\/wp-content\/uploads\/2022\/09\/maroc.png","articleSection":["Monde"],"inLanguage":"fr-FR","potentialAction":[{"@type":"CommentAction","name":"Comment","target":["https:\/\/lasentinelle.dz\/index.php\/2022\/09\/25\/enquete-sur-la-tragedie-de-melilla-les-parlementaires-europeens-denoncent-un-scandale-sans-precedent\/#respond"]}]},{"@type":"WebPage","@id":"https:\/\/lasentinelle.dz\/index.php\/2022\/09\/25\/enquete-sur-la-tragedie-de-melilla-les-parlementaires-europeens-denoncent-un-scandale-sans-precedent\/","url":"https:\/\/lasentinelle.dz\/index.php\/2022\/09\/25\/enquete-sur-la-tragedie-de-melilla-les-parlementaires-europeens-denoncent-un-scandale-sans-precedent\/","name":"Enqu\u00eate sur la trag\u00e9die de Melilla\u00a0: Les parlementaires europ\u00e9ens d\u00e9noncent un \u00ab\u00a0scandale sans pr\u00e9c\u00e9dent\u00a0\u00bb - La Sentinelle","isPartOf":{"@id":"https:\/\/lasentinelle.dz\/#website"},"primaryImageOfPage":{"@id":"https:\/\/lasentinelle.dz\/index.php\/2022\/09\/25\/enquete-sur-la-tragedie-de-melilla-les-parlementaires-europeens-denoncent-un-scandale-sans-precedent\/#primaryimage"},"image":{"@id":"https:\/\/lasentinelle.dz\/index.php\/2022\/09\/25\/enquete-sur-la-tragedie-de-melilla-les-parlementaires-europeens-denoncent-un-scandale-sans-precedent\/#primaryimage"},"thumbnailUrl":"https:\/\/lasentinelle.dz\/wp-content\/uploads\/2022\/09\/maroc.png","datePublished":"2022-09-24T23:01:00+00:00","breadcrumb":{"@id":"https:\/\/lasentinelle.dz\/index.php\/2022\/09\/25\/enquete-sur-la-tragedie-de-melilla-les-parlementaires-europeens-denoncent-un-scandale-sans-precedent\/#breadcrumb"},"inLanguage":"fr-FR","potentialAction":[{"@type":"ReadAction","target":["https:\/\/lasentinelle.dz\/index.php\/2022\/09\/25\/enquete-sur-la-tragedie-de-melilla-les-parlementaires-europeens-denoncent-un-scandale-sans-precedent\/"]}]},{"@type":"ImageObject","inLanguage":"fr-FR","@id":"https:\/\/lasentinelle.dz\/index.php\/2022\/09\/25\/enquete-sur-la-tragedie-de-melilla-les-parlementaires-europeens-denoncent-un-scandale-sans-precedent\/#primaryimage","url":"https:\/\/lasentinelle.dz\/wp-content\/uploads\/2022\/09\/maroc.png","contentUrl":"https:\/\/lasentinelle.dz\/wp-content\/uploads\/2022\/09\/maroc.png","width":1351,"height":900},{"@type":"BreadcrumbList","@id":"https:\/\/lasentinelle.dz\/index.php\/2022\/09\/25\/enquete-sur-la-tragedie-de-melilla-les-parlementaires-europeens-denoncent-un-scandale-sans-precedent\/#breadcrumb","itemListElement":[{"@type":"ListItem","position":1,"name":"Accueil","item":"https:\/\/lasentinelle.dz\/"},{"@type":"ListItem","position":2,"name":"Enqu\u00eate sur la trag\u00e9die de Melilla\u00a0: Les parlementaires europ\u00e9ens d\u00e9noncent un \u00ab\u00a0scandale sans pr\u00e9c\u00e9dent\u00a0\u00bb"}]},{"@type":"WebSite","@id":"https:\/\/lasentinelle.dz\/#website","url":"https:\/\/lasentinelle.dz\/","name":"La Sentinelle","description":"Quotidien national d&#039;information","publisher":{"@id":"https:\/\/lasentinelle.dz\/#organization"},"potentialAction":[{"@type":"SearchAction","target":{"@type":"EntryPoint","urlTemplate":"https:\/\/lasentinelle.dz\/?s={search_term_string}"},"query-input":{"@type":"PropertyValueSpecification","valueRequired":true,"valueName":"search_term_string"}}],"inLanguage":"fr-FR"},{"@type":"Organization","@id":"https:\/\/lasentinelle.dz\/#organization","name":"Quotidien La Sentinelle","url":"https:\/\/lasentinelle.dz\/","logo":{"@type":"ImageObject","inLanguage":"fr-FR","@id":"https:\/\/lasentinelle.dz\/#\/schema\/logo\/image\/","url":"https:\/\/lasentinelle.dz\/wp-content\/uploads\/2021\/09\/logo-sentinelleSLOGAN-1.png","contentUrl":"https:\/\/lasentinelle.dz\/wp-content\/uploads\/2021\/09\/logo-sentinelleSLOGAN-1.png","width":615,"height":142,"caption":"Quotidien La Sentinelle"},"image":{"@id":"https:\/\/lasentinelle.dz\/#\/schema\/logo\/image\/"},"sameAs":["https:\/\/www.facebook.com\/La-Sentinelle-104059864394773"]},{"@type":"Person","@id":"https:\/\/lasentinelle.dz\/#\/schema\/person\/d865044e22e70a75174ce8bcad3acfb3","name":"La Sentinelle","image":{"@type":"ImageObject","inLanguage":"fr-FR","@id":"https:\/\/secure.gravatar.com\/avatar\/57de8e5d4b15d43fb361a71fbb36338450fe67865b528a43dd10ef7c51a20392?s=96&d=mm&r=g","url":"https:\/\/secure.gravatar.com\/avatar\/57de8e5d4b15d43fb361a71fbb36338450fe67865b528a43dd10ef7c51a20392?s=96&d=mm&r=g","contentUrl":"https:\/\/secure.gravatar.com\/avatar\/57de8e5d4b15d43fb361a71fbb36338450fe67865b528a43dd10ef7c51a20392?s=96&d=mm&r=g","caption":"La Sentinelle"},"sameAs":["http:\/\/www.lasentinelle.dz"],"url":"https:\/\/lasentinelle.dz\/author\/redaction\/"}]}},"_links":{"self":[{"href":"https:\/\/lasentinelle.dz\/index.php\/wp-json\/wp\/v2\/posts\/27868","targetHints":{"allow":["GET"]}}],"collection":[{"href":"https:\/\/lasentinelle.dz\/index.php\/wp-json\/wp\/v2\/posts"}],"about":[{"href":"https:\/\/lasentinelle.dz\/index.php\/wp-json\/wp\/v2\/types\/post"}],"author":[{"embeddable":true,"href":"https:\/\/lasentinelle.dz\/index.php\/wp-json\/wp\/v2\/users\/3"}],"replies":[{"embeddable":true,"href":"https:\/\/lasentinelle.dz\/index.php\/wp-json\/wp\/v2\/comments?post=27868"}],"version-history":[{"count":1,"href":"https:\/\/lasentinelle.dz\/index.php\/wp-json\/wp\/v2\/posts\/27868\/revisions"}],"predecessor-version":[{"id":27889,"href":"https:\/\/lasentinelle.dz\/index.php\/wp-json\/wp\/v2\/posts\/27868\/revisions\/27889"}],"wp:featuredmedia":[{"embeddable":true,"href":"https:\/\/lasentinelle.dz\/index.php\/wp-json\/wp\/v2\/media\/27169"}],"wp:attachment":[{"href":"https:\/\/lasentinelle.dz\/index.php\/wp-json\/wp\/v2\/media?parent=27868"}],"wp:term":[{"taxonomy":"category","embeddable":true,"href":"https:\/\/lasentinelle.dz\/index.php\/wp-json\/wp\/v2\/categories?post=27868"},{"taxonomy":"post_tag","embeddable":true,"href":"https:\/\/lasentinelle.dz\/index.php\/wp-json\/wp\/v2\/tags?post=27868"}],"curies":[{"name":"wp","href":"https:\/\/api.w.org\/{rel}","templated":true}]}}