{"id":27869,"date":"2022-09-25T00:05:00","date_gmt":"2022-09-24T23:05:00","guid":{"rendered":"https:\/\/lasentinelle.dz\/?p=27869"},"modified":"2022-09-24T20:40:18","modified_gmt":"2022-09-24T19:40:18","slug":"revision-des-codes-communal-et-de-wilaya-tebboune-annonce-la-creation-dune-commission","status":"publish","type":"post","link":"https:\/\/lasentinelle.dz\/index.php\/2022\/09\/25\/revision-des-codes-communal-et-de-wilaya-tebboune-annonce-la-creation-dune-commission\/","title":{"rendered":"R\u00e9vision des codes communal et de wilaya\u00a0: Tebboune annonce la cr\u00e9ation d&rsquo;une commission"},"content":{"rendered":"\n<p>Le Pr\u00e9sident de la R\u00e9publique, M. Abdelmadjid Tebboune a annonc\u00e9, hier \u00e0 Alger, la cr\u00e9ation d&rsquo;une commission qui s&rsquo;att\u00e8lera dans l&rsquo;imm\u00e9diat \u00e0 la r\u00e9vision des codes communal et de wilaya en vue de renforcer davantage la d\u00e9centralisation et cr\u00e9er des ressources de financement pour les collectivit\u00e9s. Le Pr\u00e9sident Tebboune a affirm\u00e9 que la commission devant \u00eatre cr\u00e9\u00e9e par d\u00e9cret pr\u00e9sidentiel ou ex\u00e9cutif \u00ab\u00a0entamera, imm\u00e9diatement, la r\u00e9vision des codes communal et de wilaya\u00a0\u00bb.\u00c9voquant la composante de cette commission, il a pr\u00e9cis\u00e9 qu&rsquo;elle sera \u00ab\u00a0plac\u00e9e sous l&rsquo;autorit\u00e9 du minist\u00e8re de l&rsquo;Int\u00e9rieur, des Collectivit\u00e9s locales et de l&rsquo;Am\u00e9nagement du territoire, et compos\u00e9e de repr\u00e9sentants du Conseil de la nation, de l&rsquo;Assembl\u00e9e populaire nationale (APN), du minist\u00e8re des Finances, ainsi que des repr\u00e9sentants d&rsquo;\u00e9lus locaux\u00a0\u00bb.La commission en question proposera \u00ab\u00a0de nouveaux textes de loi appuyant davantage la d\u00e9centralisation et en mesure de cr\u00e9er des richesses pour financer les collectivit\u00e9s locales\u00a0\u00bb, a-t-il soutenu, rappelant que sur un total de 1541 communes \u00e0 l&rsquo;\u00e9chelle nationale, \u00ab\u00a0plus de 1000 communes sont pauvres\u00a0\u00bb, d&rsquo;o\u00f9 la n\u00e9cessit\u00e9 de former les responsables communaux en mati\u00e8re de cr\u00e9ation de richesse.<\/p>\n\n\n\n<p>Pour sa part, le ministre de l\u2019Int\u00e9rieur, des Collectivit\u00e9s locales et de l\u2019Am\u00e9nagement du territoire, Brahim Merad, a indiqu\u00e9 que la r\u00e9vision du code des collectivit\u00e9s locales doit permettre d\u2019ancrer une nouvelle approche de la gouvernance locale, bas\u00e9e sur l\u2019\u00e9quilibre des pouvoirs et la r\u00e9duction des d\u00e9s\u00e9quilibres en mati\u00e8re de d\u00e9veloppement local.<\/p>\n\n\n\n<p>Il a dans ce sens indiqu\u00e9 que les Conseils ex\u00e9cutifs mis en place aupr\u00e8s des walisdoivent constituer des espaces constructifs pour promouvoir la planification strat\u00e9gique du d\u00e9veloppement \u00e9conomique, conform\u00e9ment \u00e0 une vision prospective coordonn\u00e9e entre tous les secteurs. Il a \u00e9galement \u00e9voqu\u00e9 la question de la r\u00e9forme des finances et de la fiscalit\u00e9 locales estimant que les nouvelles dynamiques \u00e9conomiques locales ne peuvent \u00eatre concr\u00e9tiser sans l&rsquo;adoption de modes de financement nouveaux et innovants pour les collectivit\u00e9s locales.<\/p>\n\n\n\n<p>R.N.<\/p>\n","protected":false},"excerpt":{"rendered":"<p>Le Pr\u00e9sident de la R\u00e9publique, M. Abdelmadjid Tebboune a annonc\u00e9, hier \u00e0 Alger, la cr\u00e9ation d&rsquo;une commission qui s&rsquo;att\u00e8lera dans<\/p>\n","protected":false},"author":3,"featured_media":27928,"comment_status":"open","ping_status":"closed","sticky":false,"template":"","format":"standard","meta":{"colormag_page_container_layout":"default_layout","colormag_page_sidebar_layout":"default_layout","om_disable_all_campaigns":false,"_monsterinsights_skip_tracking":false,"_monsterinsights_sitenote_active":false,"_monsterinsights_sitenote_note":"","_monsterinsights_sitenote_category":0,"footnotes":"","_wpscppro_dont_share_socialmedia":false,"_wpscppro_custom_social_share_image":0,"_facebook_share_type":"","_twitter_share_type":"","_linkedin_share_type":"","_pinterest_share_type":"","_linkedin_share_type_page":"","_instagram_share_type":"","_medium_share_type":"","_threads_share_type":"","_google_business_share_type":"","_selected_social_profile":[],"_wpsp_enable_custom_social_template":false,"_wpsp_social_scheduling":{"enabled":false,"datetime":null,"platforms":[],"status":"template_only","dateOption":"today","timeOption":"now","customDays":"","customHours":"","customDate":"","customTime":"","schedulingType":"absolute"},"_wpsp_active_default_template":true},"categories":[27],"tags":[],"class_list":["post-27869","post","type-post","status-publish","format-standard","has-post-thumbnail","hentry","category-actualite"],"aioseo_notices":[],"yoast_head":"<!-- This site is optimized with the Yoast SEO plugin v27.5 - https:\/\/yoast.com\/product\/yoast-seo-wordpress\/ -->\n<title>R\u00e9vision des codes communal et de wilaya\u00a0: Tebboune annonce la cr\u00e9ation d&rsquo;une commission - La Sentinelle<\/title>\n<meta name=\"robots\" content=\"index, follow, max-snippet:-1, max-image-preview:large, max-video-preview:-1\" \/>\n<link rel=\"canonical\" href=\"https:\/\/lasentinelle.dz\/index.php\/2022\/09\/25\/revision-des-codes-communal-et-de-wilaya-tebboune-annonce-la-creation-dune-commission\/\" \/>\n<meta property=\"og:locale\" content=\"fr_FR\" \/>\n<meta property=\"og:type\" content=\"article\" \/>\n<meta property=\"og:title\" content=\"R\u00e9vision des codes communal et de wilaya\u00a0: Tebboune annonce la cr\u00e9ation d&rsquo;une commission - La Sentinelle\" \/>\n<meta property=\"og:description\" content=\"Le Pr\u00e9sident de la R\u00e9publique, M. Abdelmadjid Tebboune a annonc\u00e9, hier \u00e0 Alger, la cr\u00e9ation d&rsquo;une commission qui s&rsquo;att\u00e8lera dans\" \/>\n<meta property=\"og:url\" content=\"https:\/\/lasentinelle.dz\/index.php\/2022\/09\/25\/revision-des-codes-communal-et-de-wilaya-tebboune-annonce-la-creation-dune-commission\/\" \/>\n<meta property=\"og:site_name\" content=\"La Sentinelle\" \/>\n<meta property=\"article:publisher\" content=\"https:\/\/www.facebook.com\/La-Sentinelle-104059864394773\" \/>\n<meta property=\"article:published_time\" content=\"2022-09-24T23:05:00+00:00\" \/>\n<meta property=\"og:image\" content=\"https:\/\/lasentinelle.dz\/wp-content\/uploads\/2022\/09\/tebboune-1.png\" \/>\n\t<meta property=\"og:image:width\" content=\"800\" \/>\n\t<meta property=\"og:image:height\" content=\"430\" \/>\n\t<meta property=\"og:image:type\" content=\"image\/png\" \/>\n<meta name=\"author\" content=\"La Sentinelle\" \/>\n<meta name=\"twitter:card\" content=\"summary_large_image\" \/>\n<meta name=\"twitter:label1\" content=\"\u00c9crit par\" \/>\n\t<meta name=\"twitter:data1\" content=\"La Sentinelle\" \/>\n\t<meta name=\"twitter:label2\" content=\"Dur\u00e9e de lecture estim\u00e9e\" \/>\n\t<meta name=\"twitter:data2\" content=\"2 minutes\" \/>\n<script type=\"application\/ld+json\" class=\"yoast-schema-graph\">{\"@context\":\"https:\\\/\\\/schema.org\",\"@graph\":[{\"@type\":\"Article\",\"@id\":\"https:\\\/\\\/lasentinelle.dz\\\/index.php\\\/2022\\\/09\\\/25\\\/revision-des-codes-communal-et-de-wilaya-tebboune-annonce-la-creation-dune-commission\\\/#article\",\"isPartOf\":{\"@id\":\"https:\\\/\\\/lasentinelle.dz\\\/index.php\\\/2022\\\/09\\\/25\\\/revision-des-codes-communal-et-de-wilaya-tebboune-annonce-la-creation-dune-commission\\\/\"},\"author\":{\"name\":\"La Sentinelle\",\"@id\":\"https:\\\/\\\/lasentinelle.dz\\\/#\\\/schema\\\/person\\\/d865044e22e70a75174ce8bcad3acfb3\"},\"headline\":\"R\u00e9vision des codes communal et de wilaya\u00a0: Tebboune annonce la cr\u00e9ation d&rsquo;une commission\",\"datePublished\":\"2022-09-24T23:05:00+00:00\",\"mainEntityOfPage\":{\"@id\":\"https:\\\/\\\/lasentinelle.dz\\\/index.php\\\/2022\\\/09\\\/25\\\/revision-des-codes-communal-et-de-wilaya-tebboune-annonce-la-creation-dune-commission\\\/\"},\"wordCount\":393,\"commentCount\":0,\"publisher\":{\"@id\":\"https:\\\/\\\/lasentinelle.dz\\\/#organization\"},\"image\":{\"@id\":\"https:\\\/\\\/lasentinelle.dz\\\/index.php\\\/2022\\\/09\\\/25\\\/revision-des-codes-communal-et-de-wilaya-tebboune-annonce-la-creation-dune-commission\\\/#primaryimage\"},\"thumbnailUrl\":\"https:\\\/\\\/lasentinelle.dz\\\/wp-content\\\/uploads\\\/2022\\\/09\\\/tebboune-1.png\",\"articleSection\":[\"Actualit\u00e9\"],\"inLanguage\":\"fr-FR\",\"potentialAction\":[{\"@type\":\"CommentAction\",\"name\":\"Comment\",\"target\":[\"https:\\\/\\\/lasentinelle.dz\\\/index.php\\\/2022\\\/09\\\/25\\\/revision-des-codes-communal-et-de-wilaya-tebboune-annonce-la-creation-dune-commission\\\/#respond\"]}]},{\"@type\":\"WebPage\",\"@id\":\"https:\\\/\\\/lasentinelle.dz\\\/index.php\\\/2022\\\/09\\\/25\\\/revision-des-codes-communal-et-de-wilaya-tebboune-annonce-la-creation-dune-commission\\\/\",\"url\":\"https:\\\/\\\/lasentinelle.dz\\\/index.php\\\/2022\\\/09\\\/25\\\/revision-des-codes-communal-et-de-wilaya-tebboune-annonce-la-creation-dune-commission\\\/\",\"name\":\"R\u00e9vision des codes communal et de wilaya\u00a0: Tebboune annonce la cr\u00e9ation d&rsquo;une commission - La Sentinelle\",\"isPartOf\":{\"@id\":\"https:\\\/\\\/lasentinelle.dz\\\/#website\"},\"primaryImageOfPage\":{\"@id\":\"https:\\\/\\\/lasentinelle.dz\\\/index.php\\\/2022\\\/09\\\/25\\\/revision-des-codes-communal-et-de-wilaya-tebboune-annonce-la-creation-dune-commission\\\/#primaryimage\"},\"image\":{\"@id\":\"https:\\\/\\\/lasentinelle.dz\\\/index.php\\\/2022\\\/09\\\/25\\\/revision-des-codes-communal-et-de-wilaya-tebboune-annonce-la-creation-dune-commission\\\/#primaryimage\"},\"thumbnailUrl\":\"https:\\\/\\\/lasentinelle.dz\\\/wp-content\\\/uploads\\\/2022\\\/09\\\/tebboune-1.png\",\"datePublished\":\"2022-09-24T23:05:00+00:00\",\"breadcrumb\":{\"@id\":\"https:\\\/\\\/lasentinelle.dz\\\/index.php\\\/2022\\\/09\\\/25\\\/revision-des-codes-communal-et-de-wilaya-tebboune-annonce-la-creation-dune-commission\\\/#breadcrumb\"},\"inLanguage\":\"fr-FR\",\"potentialAction\":[{\"@type\":\"ReadAction\",\"target\":[\"https:\\\/\\\/lasentinelle.dz\\\/index.php\\\/2022\\\/09\\\/25\\\/revision-des-codes-communal-et-de-wilaya-tebboune-annonce-la-creation-dune-commission\\\/\"]}]},{\"@type\":\"ImageObject\",\"inLanguage\":\"fr-FR\",\"@id\":\"https:\\\/\\\/lasentinelle.dz\\\/index.php\\\/2022\\\/09\\\/25\\\/revision-des-codes-communal-et-de-wilaya-tebboune-annonce-la-creation-dune-commission\\\/#primaryimage\",\"url\":\"https:\\\/\\\/lasentinelle.dz\\\/wp-content\\\/uploads\\\/2022\\\/09\\\/tebboune-1.png\",\"contentUrl\":\"https:\\\/\\\/lasentinelle.dz\\\/wp-content\\\/uploads\\\/2022\\\/09\\\/tebboune-1.png\",\"width\":800,\"height\":430},{\"@type\":\"BreadcrumbList\",\"@id\":\"https:\\\/\\\/lasentinelle.dz\\\/index.php\\\/2022\\\/09\\\/25\\\/revision-des-codes-communal-et-de-wilaya-tebboune-annonce-la-creation-dune-commission\\\/#breadcrumb\",\"itemListElement\":[{\"@type\":\"ListItem\",\"position\":1,\"name\":\"Accueil\",\"item\":\"https:\\\/\\\/lasentinelle.dz\\\/\"},{\"@type\":\"ListItem\",\"position\":2,\"name\":\"R\u00e9vision des codes communal et de wilaya\u00a0: Tebboune annonce la cr\u00e9ation d&rsquo;une commission\"}]},{\"@type\":\"WebSite\",\"@id\":\"https:\\\/\\\/lasentinelle.dz\\\/#website\",\"url\":\"https:\\\/\\\/lasentinelle.dz\\\/\",\"name\":\"La Sentinelle\",\"description\":\"Quotidien national d&#039;information\",\"publisher\":{\"@id\":\"https:\\\/\\\/lasentinelle.dz\\\/#organization\"},\"potentialAction\":[{\"@type\":\"SearchAction\",\"target\":{\"@type\":\"EntryPoint\",\"urlTemplate\":\"https:\\\/\\\/lasentinelle.dz\\\/?s={search_term_string}\"},\"query-input\":{\"@type\":\"PropertyValueSpecification\",\"valueRequired\":true,\"valueName\":\"search_term_string\"}}],\"inLanguage\":\"fr-FR\"},{\"@type\":\"Organization\",\"@id\":\"https:\\\/\\\/lasentinelle.dz\\\/#organization\",\"name\":\"Quotidien La Sentinelle\",\"url\":\"https:\\\/\\\/lasentinelle.dz\\\/\",\"logo\":{\"@type\":\"ImageObject\",\"inLanguage\":\"fr-FR\",\"@id\":\"https:\\\/\\\/lasentinelle.dz\\\/#\\\/schema\\\/logo\\\/image\\\/\",\"url\":\"https:\\\/\\\/lasentinelle.dz\\\/wp-content\\\/uploads\\\/2021\\\/09\\\/logo-sentinelleSLOGAN-1.png\",\"contentUrl\":\"https:\\\/\\\/lasentinelle.dz\\\/wp-content\\\/uploads\\\/2021\\\/09\\\/logo-sentinelleSLOGAN-1.png\",\"width\":615,\"height\":142,\"caption\":\"Quotidien La Sentinelle\"},\"image\":{\"@id\":\"https:\\\/\\\/lasentinelle.dz\\\/#\\\/schema\\\/logo\\\/image\\\/\"},\"sameAs\":[\"https:\\\/\\\/www.facebook.com\\\/La-Sentinelle-104059864394773\"]},{\"@type\":\"Person\",\"@id\":\"https:\\\/\\\/lasentinelle.dz\\\/#\\\/schema\\\/person\\\/d865044e22e70a75174ce8bcad3acfb3\",\"name\":\"La Sentinelle\",\"image\":{\"@type\":\"ImageObject\",\"inLanguage\":\"fr-FR\",\"@id\":\"https:\\\/\\\/secure.gravatar.com\\\/avatar\\\/57de8e5d4b15d43fb361a71fbb36338450fe67865b528a43dd10ef7c51a20392?s=96&d=mm&r=g\",\"url\":\"https:\\\/\\\/secure.gravatar.com\\\/avatar\\\/57de8e5d4b15d43fb361a71fbb36338450fe67865b528a43dd10ef7c51a20392?s=96&d=mm&r=g\",\"contentUrl\":\"https:\\\/\\\/secure.gravatar.com\\\/avatar\\\/57de8e5d4b15d43fb361a71fbb36338450fe67865b528a43dd10ef7c51a20392?s=96&d=mm&r=g\",\"caption\":\"La Sentinelle\"},\"sameAs\":[\"http:\\\/\\\/www.lasentinelle.dz\"],\"url\":\"https:\\\/\\\/lasentinelle.dz\\\/author\\\/redaction\\\/\"}]}<\/script>\n<!-- \/ Yoast SEO plugin. -->","yoast_head_json":{"title":"R\u00e9vision des codes communal et de wilaya\u00a0: Tebboune annonce la cr\u00e9ation d&rsquo;une commission - La Sentinelle","robots":{"index":"index","follow":"follow","max-snippet":"max-snippet:-1","max-image-preview":"max-image-preview:large","max-video-preview":"max-video-preview:-1"},"canonical":"https:\/\/lasentinelle.dz\/index.php\/2022\/09\/25\/revision-des-codes-communal-et-de-wilaya-tebboune-annonce-la-creation-dune-commission\/","og_locale":"fr_FR","og_type":"article","og_title":"R\u00e9vision des codes communal et de wilaya\u00a0: Tebboune annonce la cr\u00e9ation d&rsquo;une commission - La Sentinelle","og_description":"Le Pr\u00e9sident de la R\u00e9publique, M. Abdelmadjid Tebboune a annonc\u00e9, hier \u00e0 Alger, la cr\u00e9ation d&rsquo;une commission qui s&rsquo;att\u00e8lera dans","og_url":"https:\/\/lasentinelle.dz\/index.php\/2022\/09\/25\/revision-des-codes-communal-et-de-wilaya-tebboune-annonce-la-creation-dune-commission\/","og_site_name":"La Sentinelle","article_publisher":"https:\/\/www.facebook.com\/La-Sentinelle-104059864394773","article_published_time":"2022-09-24T23:05:00+00:00","og_image":[{"width":800,"height":430,"url":"https:\/\/lasentinelle.dz\/wp-content\/uploads\/2022\/09\/tebboune-1.png","type":"image\/png"}],"author":"La Sentinelle","twitter_card":"summary_large_image","twitter_misc":{"\u00c9crit par":"La Sentinelle","Dur\u00e9e de lecture estim\u00e9e":"2 minutes"},"schema":{"@context":"https:\/\/schema.org","@graph":[{"@type":"Article","@id":"https:\/\/lasentinelle.dz\/index.php\/2022\/09\/25\/revision-des-codes-communal-et-de-wilaya-tebboune-annonce-la-creation-dune-commission\/#article","isPartOf":{"@id":"https:\/\/lasentinelle.dz\/index.php\/2022\/09\/25\/revision-des-codes-communal-et-de-wilaya-tebboune-annonce-la-creation-dune-commission\/"},"author":{"name":"La Sentinelle","@id":"https:\/\/lasentinelle.dz\/#\/schema\/person\/d865044e22e70a75174ce8bcad3acfb3"},"headline":"R\u00e9vision des codes communal et de wilaya\u00a0: Tebboune annonce la cr\u00e9ation d&rsquo;une commission","datePublished":"2022-09-24T23:05:00+00:00","mainEntityOfPage":{"@id":"https:\/\/lasentinelle.dz\/index.php\/2022\/09\/25\/revision-des-codes-communal-et-de-wilaya-tebboune-annonce-la-creation-dune-commission\/"},"wordCount":393,"commentCount":0,"publisher":{"@id":"https:\/\/lasentinelle.dz\/#organization"},"image":{"@id":"https:\/\/lasentinelle.dz\/index.php\/2022\/09\/25\/revision-des-codes-communal-et-de-wilaya-tebboune-annonce-la-creation-dune-commission\/#primaryimage"},"thumbnailUrl":"https:\/\/lasentinelle.dz\/wp-content\/uploads\/2022\/09\/tebboune-1.png","articleSection":["Actualit\u00e9"],"inLanguage":"fr-FR","potentialAction":[{"@type":"CommentAction","name":"Comment","target":["https:\/\/lasentinelle.dz\/index.php\/2022\/09\/25\/revision-des-codes-communal-et-de-wilaya-tebboune-annonce-la-creation-dune-commission\/#respond"]}]},{"@type":"WebPage","@id":"https:\/\/lasentinelle.dz\/index.php\/2022\/09\/25\/revision-des-codes-communal-et-de-wilaya-tebboune-annonce-la-creation-dune-commission\/","url":"https:\/\/lasentinelle.dz\/index.php\/2022\/09\/25\/revision-des-codes-communal-et-de-wilaya-tebboune-annonce-la-creation-dune-commission\/","name":"R\u00e9vision des codes communal et de wilaya\u00a0: Tebboune annonce la cr\u00e9ation d&rsquo;une commission - La Sentinelle","isPartOf":{"@id":"https:\/\/lasentinelle.dz\/#website"},"primaryImageOfPage":{"@id":"https:\/\/lasentinelle.dz\/index.php\/2022\/09\/25\/revision-des-codes-communal-et-de-wilaya-tebboune-annonce-la-creation-dune-commission\/#primaryimage"},"image":{"@id":"https:\/\/lasentinelle.dz\/index.php\/2022\/09\/25\/revision-des-codes-communal-et-de-wilaya-tebboune-annonce-la-creation-dune-commission\/#primaryimage"},"thumbnailUrl":"https:\/\/lasentinelle.dz\/wp-content\/uploads\/2022\/09\/tebboune-1.png","datePublished":"2022-09-24T23:05:00+00:00","breadcrumb":{"@id":"https:\/\/lasentinelle.dz\/index.php\/2022\/09\/25\/revision-des-codes-communal-et-de-wilaya-tebboune-annonce-la-creation-dune-commission\/#breadcrumb"},"inLanguage":"fr-FR","potentialAction":[{"@type":"ReadAction","target":["https:\/\/lasentinelle.dz\/index.php\/2022\/09\/25\/revision-des-codes-communal-et-de-wilaya-tebboune-annonce-la-creation-dune-commission\/"]}]},{"@type":"ImageObject","inLanguage":"fr-FR","@id":"https:\/\/lasentinelle.dz\/index.php\/2022\/09\/25\/revision-des-codes-communal-et-de-wilaya-tebboune-annonce-la-creation-dune-commission\/#primaryimage","url":"https:\/\/lasentinelle.dz\/wp-content\/uploads\/2022\/09\/tebboune-1.png","contentUrl":"https:\/\/lasentinelle.dz\/wp-content\/uploads\/2022\/09\/tebboune-1.png","width":800,"height":430},{"@type":"BreadcrumbList","@id":"https:\/\/lasentinelle.dz\/index.php\/2022\/09\/25\/revision-des-codes-communal-et-de-wilaya-tebboune-annonce-la-creation-dune-commission\/#breadcrumb","itemListElement":[{"@type":"ListItem","position":1,"name":"Accueil","item":"https:\/\/lasentinelle.dz\/"},{"@type":"ListItem","position":2,"name":"R\u00e9vision des codes communal et de wilaya\u00a0: Tebboune annonce la cr\u00e9ation d&rsquo;une commission"}]},{"@type":"WebSite","@id":"https:\/\/lasentinelle.dz\/#website","url":"https:\/\/lasentinelle.dz\/","name":"La Sentinelle","description":"Quotidien national d&#039;information","publisher":{"@id":"https:\/\/lasentinelle.dz\/#organization"},"potentialAction":[{"@type":"SearchAction","target":{"@type":"EntryPoint","urlTemplate":"https:\/\/lasentinelle.dz\/?s={search_term_string}"},"query-input":{"@type":"PropertyValueSpecification","valueRequired":true,"valueName":"search_term_string"}}],"inLanguage":"fr-FR"},{"@type":"Organization","@id":"https:\/\/lasentinelle.dz\/#organization","name":"Quotidien La Sentinelle","url":"https:\/\/lasentinelle.dz\/","logo":{"@type":"ImageObject","inLanguage":"fr-FR","@id":"https:\/\/lasentinelle.dz\/#\/schema\/logo\/image\/","url":"https:\/\/lasentinelle.dz\/wp-content\/uploads\/2021\/09\/logo-sentinelleSLOGAN-1.png","contentUrl":"https:\/\/lasentinelle.dz\/wp-content\/uploads\/2021\/09\/logo-sentinelleSLOGAN-1.png","width":615,"height":142,"caption":"Quotidien La Sentinelle"},"image":{"@id":"https:\/\/lasentinelle.dz\/#\/schema\/logo\/image\/"},"sameAs":["https:\/\/www.facebook.com\/La-Sentinelle-104059864394773"]},{"@type":"Person","@id":"https:\/\/lasentinelle.dz\/#\/schema\/person\/d865044e22e70a75174ce8bcad3acfb3","name":"La Sentinelle","image":{"@type":"ImageObject","inLanguage":"fr-FR","@id":"https:\/\/secure.gravatar.com\/avatar\/57de8e5d4b15d43fb361a71fbb36338450fe67865b528a43dd10ef7c51a20392?s=96&d=mm&r=g","url":"https:\/\/secure.gravatar.com\/avatar\/57de8e5d4b15d43fb361a71fbb36338450fe67865b528a43dd10ef7c51a20392?s=96&d=mm&r=g","contentUrl":"https:\/\/secure.gravatar.com\/avatar\/57de8e5d4b15d43fb361a71fbb36338450fe67865b528a43dd10ef7c51a20392?s=96&d=mm&r=g","caption":"La Sentinelle"},"sameAs":["http:\/\/www.lasentinelle.dz"],"url":"https:\/\/lasentinelle.dz\/author\/redaction\/"}]}},"_links":{"self":[{"href":"https:\/\/lasentinelle.dz\/index.php\/wp-json\/wp\/v2\/posts\/27869","targetHints":{"allow":["GET"]}}],"collection":[{"href":"https:\/\/lasentinelle.dz\/index.php\/wp-json\/wp\/v2\/posts"}],"about":[{"href":"https:\/\/lasentinelle.dz\/index.php\/wp-json\/wp\/v2\/types\/post"}],"author":[{"embeddable":true,"href":"https:\/\/lasentinelle.dz\/index.php\/wp-json\/wp\/v2\/users\/3"}],"replies":[{"embeddable":true,"href":"https:\/\/lasentinelle.dz\/index.php\/wp-json\/wp\/v2\/comments?post=27869"}],"version-history":[{"count":1,"href":"https:\/\/lasentinelle.dz\/index.php\/wp-json\/wp\/v2\/posts\/27869\/revisions"}],"predecessor-version":[{"id":27929,"href":"https:\/\/lasentinelle.dz\/index.php\/wp-json\/wp\/v2\/posts\/27869\/revisions\/27929"}],"wp:featuredmedia":[{"embeddable":true,"href":"https:\/\/lasentinelle.dz\/index.php\/wp-json\/wp\/v2\/media\/27928"}],"wp:attachment":[{"href":"https:\/\/lasentinelle.dz\/index.php\/wp-json\/wp\/v2\/media?parent=27869"}],"wp:term":[{"taxonomy":"category","embeddable":true,"href":"https:\/\/lasentinelle.dz\/index.php\/wp-json\/wp\/v2\/categories?post=27869"},{"taxonomy":"post_tag","embeddable":true,"href":"https:\/\/lasentinelle.dz\/index.php\/wp-json\/wp\/v2\/tags?post=27869"}],"curies":[{"name":"wp","href":"https:\/\/api.w.org\/{rel}","templated":true}]}}