{"id":27896,"date":"2022-09-25T00:08:00","date_gmt":"2022-09-24T23:08:00","guid":{"rendered":"https:\/\/lasentinelle.dz\/?p=27896"},"modified":"2022-09-24T20:41:29","modified_gmt":"2022-09-24T19:41:29","slug":"lancement-du-recensement-general-de-la-population-aujourdhui-une-assise-pour-la-formulation-des-politiques-publiques","status":"publish","type":"post","link":"https:\/\/lasentinelle.dz\/index.php\/2022\/09\/25\/lancement-du-recensement-general-de-la-population-aujourdhui-une-assise-pour-la-formulation-des-politiques-publiques\/","title":{"rendered":"Lancement du recensement g\u00e9n\u00e9ral de la population aujourd\u2019hui\u00a0: Une assise pour la formulation des politiques publiques"},"content":{"rendered":"\n<p>Le 6e recensement g\u00e9n\u00e9ral de la population et de l&rsquo;habitat (RGPH) d\u00e9bute aujourd\u2019hui dans tout le territoire national. Il s&rsquo;\u00e9talera du 25 septembre au 9 octobre 2022. Il est consid\u00e9r\u00e9 comme un outil qui servira de base devant fournir des donn\u00e9es et des indicateurs sociaux et \u00e9conomiques d&rsquo;aide \u00e0 la d\u00e9cision. Le recensement g\u00e9n\u00e9ral de la population a pour objectif d&rsquo;assurer une couverture optimale des besoins croissants de la population et d&rsquo;am\u00e9liorer la qualit\u00e9 du service public. Les r\u00e9sultats seront rendus publics apr\u00e8s trois mois, soit apr\u00e8s la fin de l&rsquo;op\u00e9ration. Le recensement g\u00e9n\u00e9ral de la population et de l&rsquo;habitat est d\u2019autant plus strat\u00e9gique compte tenu des donn\u00e9es qu&rsquo;il fournira et refl\u00e9tera fid\u00e8lement le degr\u00e9 d&rsquo;application sur le terrain des r\u00e9formes engag\u00e9es par l&rsquo;Etat \u00e0 tous les niveaux au cours de ces derni\u00e8res ann\u00e9es, notamment dans le cadre de la mise en \u0153uvre des engagements internationaux. Il s\u2019agit notamment des Objectifs de d\u00e9veloppement durable \u00e0 l&rsquo;horizon 2030. L\u2019exploitation des donn\u00e9es de ce recensement permettra \u00e9galement aux pouvoirs publics d&rsquo;\u00e9laborer et d&rsquo;ajuster de mani\u00e8re plus efficiente les politiques de d\u00e9veloppement en agissant de mani\u00e8re cibl\u00e9e pour un meilleur r\u00e9\u00e9quilibrage au niveau r\u00e9gional permettant de prendre en charge les zones d&rsquo;ombre et d\u00e9sh\u00e9rit\u00e9es, en plus de l\u2019exploitation des donn\u00e9es du recensement, comme les informations d&rsquo;ordre social, d\u00e9mographique et \u00e9conomique. Le recensement permettra de formuler de mani\u00e8re plus efficace les politiques publiques, de les suivre et de les \u00e9valuer aux niveaux national et local. Pour ce faire, le personnel engag\u00e9 pour la r\u00e9alisation de cette op\u00e9ration proc\u00e8dera \u00e0 la collecte de renseignements \u00e0 caract\u00e8re social, d\u00e9mographique et \u00e9conomique de chaque membre de famille. Ils auront \u00e9galement \u00e0 r\u00e9colter les informations sur le mariage, la mobilit\u00e9, la migration, l&rsquo;\u00e9ducation, l&rsquo;enseignement, des renseignements sur les principaux services publics et l&rsquo;utilisation des nouvelles technologies de l&rsquo;information et de la communication. Ce recensement abordera \u00e9galement les personnes aux besoins sp\u00e9cifiques et les sans-abri en plus de&nbsp; l&rsquo;identification des constructions, des habitations et autres. Il en est de m\u00eame pour la r\u00e9alisation du contr\u00f4le de qualit\u00e9 au plus haut degr\u00e9 pour recenser et appliquer les normes internationales contribuant efficacement \u00e0 l&rsquo;\u00e9valuation et \u00e0 l&rsquo;examen rigoureux des r\u00e9sultats. Pour r\u00e9ussir cette op\u00e9ration, les autorit\u00e9s ont mobilis\u00e9 les moyens humains et financiers n\u00e9cessaires, en formant plus de 2467 formateurs, et la mobilisation de plus de 61.000 agents parmi lesquels 51000&nbsp; ont \u00e9t\u00e9 charg\u00e9s de recensement, 8032 agents-contr\u00f4leurs et 2000 agents de r\u00e9serve\u00bb, a affirm\u00e9 le ministre de la Num\u00e9risation et des statistiques, Hocine Cherhabil. Charg\u00e9 de cette op\u00e9ration, l&rsquo;Office national des Statistiques (ONS) sera soutenu par le minist\u00e8re de l&rsquo;Int\u00e9rieur, des Collectivit\u00e9s locales et de l&rsquo;Am\u00e9nagement du territoire. Ce recensement a \u00e9t\u00e9 marqu\u00e9 par plusieurs \u00e9tapes dont des sessions de formation de formateurs aux techniques de collecte charg\u00e9s de form\u00e9es et d&rsquo;initier les agents recenseurs et contr\u00f4leurs aux techniques de remplissage des questionnaires et diff\u00e9rents autres documents aff\u00e9rents.<\/p>\n\n\n\n<p><strong>Amar Malki<\/strong><\/p>\n","protected":false},"excerpt":{"rendered":"<p>Le 6e recensement g\u00e9n\u00e9ral de la population et de l&rsquo;habitat (RGPH) d\u00e9bute aujourd\u2019hui dans tout le territoire national. Il s&rsquo;\u00e9talera<\/p>\n","protected":false},"author":3,"featured_media":27214,"comment_status":"open","ping_status":"closed","sticky":false,"template":"","format":"standard","meta":{"colormag_page_container_layout":"default_layout","colormag_page_sidebar_layout":"default_layout","om_disable_all_campaigns":false,"_monsterinsights_skip_tracking":false,"_monsterinsights_sitenote_active":false,"_monsterinsights_sitenote_note":"","_monsterinsights_sitenote_category":0,"footnotes":"","_wpscppro_dont_share_socialmedia":false,"_wpscppro_custom_social_share_image":0,"_facebook_share_type":"","_twitter_share_type":"","_linkedin_share_type":"","_pinterest_share_type":"","_linkedin_share_type_page":"","_instagram_share_type":"","_medium_share_type":"","_threads_share_type":"","_google_business_share_type":"","_selected_social_profile":[],"_wpsp_enable_custom_social_template":false,"_wpsp_social_scheduling":{"enabled":false,"datetime":null,"platforms":[],"status":"template_only","dateOption":"today","timeOption":"now","customDays":"","customHours":"","customDate":"","customTime":"","schedulingType":"absolute"},"_wpsp_active_default_template":true},"categories":[52,27],"tags":[],"class_list":["post-27896","post","type-post","status-publish","format-standard","has-post-thumbnail","hentry","category-a-la-une","category-actualite"],"aioseo_notices":[],"yoast_head":"<!-- This site is optimized with the Yoast SEO plugin v27.4 - https:\/\/yoast.com\/product\/yoast-seo-wordpress\/ -->\n<title>Lancement du recensement g\u00e9n\u00e9ral de la population aujourd\u2019hui\u00a0: Une assise pour la formulation des politiques publiques - La Sentinelle<\/title>\n<meta name=\"robots\" content=\"index, follow, max-snippet:-1, max-image-preview:large, max-video-preview:-1\" \/>\n<link rel=\"canonical\" href=\"https:\/\/lasentinelle.dz\/index.php\/2022\/09\/25\/lancement-du-recensement-general-de-la-population-aujourdhui-une-assise-pour-la-formulation-des-politiques-publiques\/\" \/>\n<meta property=\"og:locale\" content=\"fr_FR\" \/>\n<meta property=\"og:type\" content=\"article\" \/>\n<meta property=\"og:title\" content=\"Lancement du recensement g\u00e9n\u00e9ral de la population aujourd\u2019hui\u00a0: Une assise pour la formulation des politiques publiques - La Sentinelle\" \/>\n<meta property=\"og:description\" content=\"Le 6e recensement g\u00e9n\u00e9ral de la population et de l&rsquo;habitat (RGPH) d\u00e9bute aujourd\u2019hui dans tout le territoire national. Il s&rsquo;\u00e9talera\" \/>\n<meta property=\"og:url\" content=\"https:\/\/lasentinelle.dz\/index.php\/2022\/09\/25\/lancement-du-recensement-general-de-la-population-aujourdhui-une-assise-pour-la-formulation-des-politiques-publiques\/\" \/>\n<meta property=\"og:site_name\" content=\"La Sentinelle\" \/>\n<meta property=\"article:publisher\" content=\"https:\/\/www.facebook.com\/La-Sentinelle-104059864394773\" \/>\n<meta property=\"article:published_time\" content=\"2022-09-24T23:08:00+00:00\" \/>\n<meta property=\"og:image\" content=\"https:\/\/lasentinelle.dz\/wp-content\/uploads\/2022\/09\/alger.png\" \/>\n\t<meta property=\"og:image:width\" content=\"1427\" \/>\n\t<meta property=\"og:image:height\" content=\"900\" \/>\n\t<meta property=\"og:image:type\" content=\"image\/png\" \/>\n<meta name=\"author\" content=\"La Sentinelle\" \/>\n<meta name=\"twitter:card\" content=\"summary_large_image\" \/>\n<meta name=\"twitter:label1\" content=\"\u00c9crit par\" \/>\n\t<meta name=\"twitter:data1\" content=\"La Sentinelle\" \/>\n\t<meta name=\"twitter:label2\" content=\"Dur\u00e9e de lecture estim\u00e9e\" \/>\n\t<meta name=\"twitter:data2\" content=\"3 minutes\" \/>\n<script type=\"application\/ld+json\" class=\"yoast-schema-graph\">{\"@context\":\"https:\\\/\\\/schema.org\",\"@graph\":[{\"@type\":\"Article\",\"@id\":\"https:\\\/\\\/lasentinelle.dz\\\/index.php\\\/2022\\\/09\\\/25\\\/lancement-du-recensement-general-de-la-population-aujourdhui-une-assise-pour-la-formulation-des-politiques-publiques\\\/#article\",\"isPartOf\":{\"@id\":\"https:\\\/\\\/lasentinelle.dz\\\/index.php\\\/2022\\\/09\\\/25\\\/lancement-du-recensement-general-de-la-population-aujourdhui-une-assise-pour-la-formulation-des-politiques-publiques\\\/\"},\"author\":{\"name\":\"La Sentinelle\",\"@id\":\"https:\\\/\\\/lasentinelle.dz\\\/#\\\/schema\\\/person\\\/d865044e22e70a75174ce8bcad3acfb3\"},\"headline\":\"Lancement du recensement g\u00e9n\u00e9ral de la population aujourd\u2019hui\u00a0: Une assise pour la formulation des politiques publiques\",\"datePublished\":\"2022-09-24T23:08:00+00:00\",\"mainEntityOfPage\":{\"@id\":\"https:\\\/\\\/lasentinelle.dz\\\/index.php\\\/2022\\\/09\\\/25\\\/lancement-du-recensement-general-de-la-population-aujourdhui-une-assise-pour-la-formulation-des-politiques-publiques\\\/\"},\"wordCount\":581,\"commentCount\":0,\"publisher\":{\"@id\":\"https:\\\/\\\/lasentinelle.dz\\\/#organization\"},\"image\":{\"@id\":\"https:\\\/\\\/lasentinelle.dz\\\/index.php\\\/2022\\\/09\\\/25\\\/lancement-du-recensement-general-de-la-population-aujourdhui-une-assise-pour-la-formulation-des-politiques-publiques\\\/#primaryimage\"},\"thumbnailUrl\":\"https:\\\/\\\/lasentinelle.dz\\\/wp-content\\\/uploads\\\/2022\\\/09\\\/alger.png\",\"articleSection\":[\"\u00c0 la Une\",\"Actualit\u00e9\"],\"inLanguage\":\"fr-FR\",\"potentialAction\":[{\"@type\":\"CommentAction\",\"name\":\"Comment\",\"target\":[\"https:\\\/\\\/lasentinelle.dz\\\/index.php\\\/2022\\\/09\\\/25\\\/lancement-du-recensement-general-de-la-population-aujourdhui-une-assise-pour-la-formulation-des-politiques-publiques\\\/#respond\"]}]},{\"@type\":\"WebPage\",\"@id\":\"https:\\\/\\\/lasentinelle.dz\\\/index.php\\\/2022\\\/09\\\/25\\\/lancement-du-recensement-general-de-la-population-aujourdhui-une-assise-pour-la-formulation-des-politiques-publiques\\\/\",\"url\":\"https:\\\/\\\/lasentinelle.dz\\\/index.php\\\/2022\\\/09\\\/25\\\/lancement-du-recensement-general-de-la-population-aujourdhui-une-assise-pour-la-formulation-des-politiques-publiques\\\/\",\"name\":\"Lancement du recensement g\u00e9n\u00e9ral de la population aujourd\u2019hui\u00a0: Une assise pour la formulation des politiques publiques - La Sentinelle\",\"isPartOf\":{\"@id\":\"https:\\\/\\\/lasentinelle.dz\\\/#website\"},\"primaryImageOfPage\":{\"@id\":\"https:\\\/\\\/lasentinelle.dz\\\/index.php\\\/2022\\\/09\\\/25\\\/lancement-du-recensement-general-de-la-population-aujourdhui-une-assise-pour-la-formulation-des-politiques-publiques\\\/#primaryimage\"},\"image\":{\"@id\":\"https:\\\/\\\/lasentinelle.dz\\\/index.php\\\/2022\\\/09\\\/25\\\/lancement-du-recensement-general-de-la-population-aujourdhui-une-assise-pour-la-formulation-des-politiques-publiques\\\/#primaryimage\"},\"thumbnailUrl\":\"https:\\\/\\\/lasentinelle.dz\\\/wp-content\\\/uploads\\\/2022\\\/09\\\/alger.png\",\"datePublished\":\"2022-09-24T23:08:00+00:00\",\"breadcrumb\":{\"@id\":\"https:\\\/\\\/lasentinelle.dz\\\/index.php\\\/2022\\\/09\\\/25\\\/lancement-du-recensement-general-de-la-population-aujourdhui-une-assise-pour-la-formulation-des-politiques-publiques\\\/#breadcrumb\"},\"inLanguage\":\"fr-FR\",\"potentialAction\":[{\"@type\":\"ReadAction\",\"target\":[\"https:\\\/\\\/lasentinelle.dz\\\/index.php\\\/2022\\\/09\\\/25\\\/lancement-du-recensement-general-de-la-population-aujourdhui-une-assise-pour-la-formulation-des-politiques-publiques\\\/\"]}]},{\"@type\":\"ImageObject\",\"inLanguage\":\"fr-FR\",\"@id\":\"https:\\\/\\\/lasentinelle.dz\\\/index.php\\\/2022\\\/09\\\/25\\\/lancement-du-recensement-general-de-la-population-aujourdhui-une-assise-pour-la-formulation-des-politiques-publiques\\\/#primaryimage\",\"url\":\"https:\\\/\\\/lasentinelle.dz\\\/wp-content\\\/uploads\\\/2022\\\/09\\\/alger.png\",\"contentUrl\":\"https:\\\/\\\/lasentinelle.dz\\\/wp-content\\\/uploads\\\/2022\\\/09\\\/alger.png\",\"width\":1427,\"height\":900},{\"@type\":\"BreadcrumbList\",\"@id\":\"https:\\\/\\\/lasentinelle.dz\\\/index.php\\\/2022\\\/09\\\/25\\\/lancement-du-recensement-general-de-la-population-aujourdhui-une-assise-pour-la-formulation-des-politiques-publiques\\\/#breadcrumb\",\"itemListElement\":[{\"@type\":\"ListItem\",\"position\":1,\"name\":\"Accueil\",\"item\":\"https:\\\/\\\/lasentinelle.dz\\\/\"},{\"@type\":\"ListItem\",\"position\":2,\"name\":\"Lancement du recensement g\u00e9n\u00e9ral de la population aujourd\u2019hui\u00a0: Une assise pour la formulation des politiques publiques\"}]},{\"@type\":\"WebSite\",\"@id\":\"https:\\\/\\\/lasentinelle.dz\\\/#website\",\"url\":\"https:\\\/\\\/lasentinelle.dz\\\/\",\"name\":\"La Sentinelle\",\"description\":\"Quotidien national d&#039;information\",\"publisher\":{\"@id\":\"https:\\\/\\\/lasentinelle.dz\\\/#organization\"},\"potentialAction\":[{\"@type\":\"SearchAction\",\"target\":{\"@type\":\"EntryPoint\",\"urlTemplate\":\"https:\\\/\\\/lasentinelle.dz\\\/?s={search_term_string}\"},\"query-input\":{\"@type\":\"PropertyValueSpecification\",\"valueRequired\":true,\"valueName\":\"search_term_string\"}}],\"inLanguage\":\"fr-FR\"},{\"@type\":\"Organization\",\"@id\":\"https:\\\/\\\/lasentinelle.dz\\\/#organization\",\"name\":\"Quotidien La Sentinelle\",\"url\":\"https:\\\/\\\/lasentinelle.dz\\\/\",\"logo\":{\"@type\":\"ImageObject\",\"inLanguage\":\"fr-FR\",\"@id\":\"https:\\\/\\\/lasentinelle.dz\\\/#\\\/schema\\\/logo\\\/image\\\/\",\"url\":\"https:\\\/\\\/lasentinelle.dz\\\/wp-content\\\/uploads\\\/2021\\\/09\\\/logo-sentinelleSLOGAN-1.png\",\"contentUrl\":\"https:\\\/\\\/lasentinelle.dz\\\/wp-content\\\/uploads\\\/2021\\\/09\\\/logo-sentinelleSLOGAN-1.png\",\"width\":615,\"height\":142,\"caption\":\"Quotidien La Sentinelle\"},\"image\":{\"@id\":\"https:\\\/\\\/lasentinelle.dz\\\/#\\\/schema\\\/logo\\\/image\\\/\"},\"sameAs\":[\"https:\\\/\\\/www.facebook.com\\\/La-Sentinelle-104059864394773\"]},{\"@type\":\"Person\",\"@id\":\"https:\\\/\\\/lasentinelle.dz\\\/#\\\/schema\\\/person\\\/d865044e22e70a75174ce8bcad3acfb3\",\"name\":\"La Sentinelle\",\"image\":{\"@type\":\"ImageObject\",\"inLanguage\":\"fr-FR\",\"@id\":\"https:\\\/\\\/secure.gravatar.com\\\/avatar\\\/57de8e5d4b15d43fb361a71fbb36338450fe67865b528a43dd10ef7c51a20392?s=96&d=mm&r=g\",\"url\":\"https:\\\/\\\/secure.gravatar.com\\\/avatar\\\/57de8e5d4b15d43fb361a71fbb36338450fe67865b528a43dd10ef7c51a20392?s=96&d=mm&r=g\",\"contentUrl\":\"https:\\\/\\\/secure.gravatar.com\\\/avatar\\\/57de8e5d4b15d43fb361a71fbb36338450fe67865b528a43dd10ef7c51a20392?s=96&d=mm&r=g\",\"caption\":\"La Sentinelle\"},\"sameAs\":[\"http:\\\/\\\/www.lasentinelle.dz\"],\"url\":\"https:\\\/\\\/lasentinelle.dz\\\/author\\\/redaction\\\/\"}]}<\/script>\n<!-- \/ Yoast SEO plugin. -->","yoast_head_json":{"title":"Lancement du recensement g\u00e9n\u00e9ral de la population aujourd\u2019hui\u00a0: Une assise pour la formulation des politiques publiques - La Sentinelle","robots":{"index":"index","follow":"follow","max-snippet":"max-snippet:-1","max-image-preview":"max-image-preview:large","max-video-preview":"max-video-preview:-1"},"canonical":"https:\/\/lasentinelle.dz\/index.php\/2022\/09\/25\/lancement-du-recensement-general-de-la-population-aujourdhui-une-assise-pour-la-formulation-des-politiques-publiques\/","og_locale":"fr_FR","og_type":"article","og_title":"Lancement du recensement g\u00e9n\u00e9ral de la population aujourd\u2019hui\u00a0: Une assise pour la formulation des politiques publiques - La Sentinelle","og_description":"Le 6e recensement g\u00e9n\u00e9ral de la population et de l&rsquo;habitat (RGPH) d\u00e9bute aujourd\u2019hui dans tout le territoire national. Il s&rsquo;\u00e9talera","og_url":"https:\/\/lasentinelle.dz\/index.php\/2022\/09\/25\/lancement-du-recensement-general-de-la-population-aujourdhui-une-assise-pour-la-formulation-des-politiques-publiques\/","og_site_name":"La Sentinelle","article_publisher":"https:\/\/www.facebook.com\/La-Sentinelle-104059864394773","article_published_time":"2022-09-24T23:08:00+00:00","og_image":[{"width":1427,"height":900,"url":"https:\/\/lasentinelle.dz\/wp-content\/uploads\/2022\/09\/alger.png","type":"image\/png"}],"author":"La Sentinelle","twitter_card":"summary_large_image","twitter_misc":{"\u00c9crit par":"La Sentinelle","Dur\u00e9e de lecture estim\u00e9e":"3 minutes"},"schema":{"@context":"https:\/\/schema.org","@graph":[{"@type":"Article","@id":"https:\/\/lasentinelle.dz\/index.php\/2022\/09\/25\/lancement-du-recensement-general-de-la-population-aujourdhui-une-assise-pour-la-formulation-des-politiques-publiques\/#article","isPartOf":{"@id":"https:\/\/lasentinelle.dz\/index.php\/2022\/09\/25\/lancement-du-recensement-general-de-la-population-aujourdhui-une-assise-pour-la-formulation-des-politiques-publiques\/"},"author":{"name":"La Sentinelle","@id":"https:\/\/lasentinelle.dz\/#\/schema\/person\/d865044e22e70a75174ce8bcad3acfb3"},"headline":"Lancement du recensement g\u00e9n\u00e9ral de la population aujourd\u2019hui\u00a0: Une assise pour la formulation des politiques publiques","datePublished":"2022-09-24T23:08:00+00:00","mainEntityOfPage":{"@id":"https:\/\/lasentinelle.dz\/index.php\/2022\/09\/25\/lancement-du-recensement-general-de-la-population-aujourdhui-une-assise-pour-la-formulation-des-politiques-publiques\/"},"wordCount":581,"commentCount":0,"publisher":{"@id":"https:\/\/lasentinelle.dz\/#organization"},"image":{"@id":"https:\/\/lasentinelle.dz\/index.php\/2022\/09\/25\/lancement-du-recensement-general-de-la-population-aujourdhui-une-assise-pour-la-formulation-des-politiques-publiques\/#primaryimage"},"thumbnailUrl":"https:\/\/lasentinelle.dz\/wp-content\/uploads\/2022\/09\/alger.png","articleSection":["\u00c0 la Une","Actualit\u00e9"],"inLanguage":"fr-FR","potentialAction":[{"@type":"CommentAction","name":"Comment","target":["https:\/\/lasentinelle.dz\/index.php\/2022\/09\/25\/lancement-du-recensement-general-de-la-population-aujourdhui-une-assise-pour-la-formulation-des-politiques-publiques\/#respond"]}]},{"@type":"WebPage","@id":"https:\/\/lasentinelle.dz\/index.php\/2022\/09\/25\/lancement-du-recensement-general-de-la-population-aujourdhui-une-assise-pour-la-formulation-des-politiques-publiques\/","url":"https:\/\/lasentinelle.dz\/index.php\/2022\/09\/25\/lancement-du-recensement-general-de-la-population-aujourdhui-une-assise-pour-la-formulation-des-politiques-publiques\/","name":"Lancement du recensement g\u00e9n\u00e9ral de la population aujourd\u2019hui\u00a0: Une assise pour la formulation des politiques publiques - La Sentinelle","isPartOf":{"@id":"https:\/\/lasentinelle.dz\/#website"},"primaryImageOfPage":{"@id":"https:\/\/lasentinelle.dz\/index.php\/2022\/09\/25\/lancement-du-recensement-general-de-la-population-aujourdhui-une-assise-pour-la-formulation-des-politiques-publiques\/#primaryimage"},"image":{"@id":"https:\/\/lasentinelle.dz\/index.php\/2022\/09\/25\/lancement-du-recensement-general-de-la-population-aujourdhui-une-assise-pour-la-formulation-des-politiques-publiques\/#primaryimage"},"thumbnailUrl":"https:\/\/lasentinelle.dz\/wp-content\/uploads\/2022\/09\/alger.png","datePublished":"2022-09-24T23:08:00+00:00","breadcrumb":{"@id":"https:\/\/lasentinelle.dz\/index.php\/2022\/09\/25\/lancement-du-recensement-general-de-la-population-aujourdhui-une-assise-pour-la-formulation-des-politiques-publiques\/#breadcrumb"},"inLanguage":"fr-FR","potentialAction":[{"@type":"ReadAction","target":["https:\/\/lasentinelle.dz\/index.php\/2022\/09\/25\/lancement-du-recensement-general-de-la-population-aujourdhui-une-assise-pour-la-formulation-des-politiques-publiques\/"]}]},{"@type":"ImageObject","inLanguage":"fr-FR","@id":"https:\/\/lasentinelle.dz\/index.php\/2022\/09\/25\/lancement-du-recensement-general-de-la-population-aujourdhui-une-assise-pour-la-formulation-des-politiques-publiques\/#primaryimage","url":"https:\/\/lasentinelle.dz\/wp-content\/uploads\/2022\/09\/alger.png","contentUrl":"https:\/\/lasentinelle.dz\/wp-content\/uploads\/2022\/09\/alger.png","width":1427,"height":900},{"@type":"BreadcrumbList","@id":"https:\/\/lasentinelle.dz\/index.php\/2022\/09\/25\/lancement-du-recensement-general-de-la-population-aujourdhui-une-assise-pour-la-formulation-des-politiques-publiques\/#breadcrumb","itemListElement":[{"@type":"ListItem","position":1,"name":"Accueil","item":"https:\/\/lasentinelle.dz\/"},{"@type":"ListItem","position":2,"name":"Lancement du recensement g\u00e9n\u00e9ral de la population aujourd\u2019hui\u00a0: Une assise pour la formulation des politiques publiques"}]},{"@type":"WebSite","@id":"https:\/\/lasentinelle.dz\/#website","url":"https:\/\/lasentinelle.dz\/","name":"La Sentinelle","description":"Quotidien national d&#039;information","publisher":{"@id":"https:\/\/lasentinelle.dz\/#organization"},"potentialAction":[{"@type":"SearchAction","target":{"@type":"EntryPoint","urlTemplate":"https:\/\/lasentinelle.dz\/?s={search_term_string}"},"query-input":{"@type":"PropertyValueSpecification","valueRequired":true,"valueName":"search_term_string"}}],"inLanguage":"fr-FR"},{"@type":"Organization","@id":"https:\/\/lasentinelle.dz\/#organization","name":"Quotidien La Sentinelle","url":"https:\/\/lasentinelle.dz\/","logo":{"@type":"ImageObject","inLanguage":"fr-FR","@id":"https:\/\/lasentinelle.dz\/#\/schema\/logo\/image\/","url":"https:\/\/lasentinelle.dz\/wp-content\/uploads\/2021\/09\/logo-sentinelleSLOGAN-1.png","contentUrl":"https:\/\/lasentinelle.dz\/wp-content\/uploads\/2021\/09\/logo-sentinelleSLOGAN-1.png","width":615,"height":142,"caption":"Quotidien La Sentinelle"},"image":{"@id":"https:\/\/lasentinelle.dz\/#\/schema\/logo\/image\/"},"sameAs":["https:\/\/www.facebook.com\/La-Sentinelle-104059864394773"]},{"@type":"Person","@id":"https:\/\/lasentinelle.dz\/#\/schema\/person\/d865044e22e70a75174ce8bcad3acfb3","name":"La Sentinelle","image":{"@type":"ImageObject","inLanguage":"fr-FR","@id":"https:\/\/secure.gravatar.com\/avatar\/57de8e5d4b15d43fb361a71fbb36338450fe67865b528a43dd10ef7c51a20392?s=96&d=mm&r=g","url":"https:\/\/secure.gravatar.com\/avatar\/57de8e5d4b15d43fb361a71fbb36338450fe67865b528a43dd10ef7c51a20392?s=96&d=mm&r=g","contentUrl":"https:\/\/secure.gravatar.com\/avatar\/57de8e5d4b15d43fb361a71fbb36338450fe67865b528a43dd10ef7c51a20392?s=96&d=mm&r=g","caption":"La Sentinelle"},"sameAs":["http:\/\/www.lasentinelle.dz"],"url":"https:\/\/lasentinelle.dz\/author\/redaction\/"}]}},"_links":{"self":[{"href":"https:\/\/lasentinelle.dz\/index.php\/wp-json\/wp\/v2\/posts\/27896","targetHints":{"allow":["GET"]}}],"collection":[{"href":"https:\/\/lasentinelle.dz\/index.php\/wp-json\/wp\/v2\/posts"}],"about":[{"href":"https:\/\/lasentinelle.dz\/index.php\/wp-json\/wp\/v2\/types\/post"}],"author":[{"embeddable":true,"href":"https:\/\/lasentinelle.dz\/index.php\/wp-json\/wp\/v2\/users\/3"}],"replies":[{"embeddable":true,"href":"https:\/\/lasentinelle.dz\/index.php\/wp-json\/wp\/v2\/comments?post=27896"}],"version-history":[{"count":1,"href":"https:\/\/lasentinelle.dz\/index.php\/wp-json\/wp\/v2\/posts\/27896\/revisions"}],"predecessor-version":[{"id":27930,"href":"https:\/\/lasentinelle.dz\/index.php\/wp-json\/wp\/v2\/posts\/27896\/revisions\/27930"}],"wp:featuredmedia":[{"embeddable":true,"href":"https:\/\/lasentinelle.dz\/index.php\/wp-json\/wp\/v2\/media\/27214"}],"wp:attachment":[{"href":"https:\/\/lasentinelle.dz\/index.php\/wp-json\/wp\/v2\/media?parent=27896"}],"wp:term":[{"taxonomy":"category","embeddable":true,"href":"https:\/\/lasentinelle.dz\/index.php\/wp-json\/wp\/v2\/categories?post=27896"},{"taxonomy":"post_tag","embeddable":true,"href":"https:\/\/lasentinelle.dz\/index.php\/wp-json\/wp\/v2\/tags?post=27896"}],"curies":[{"name":"wp","href":"https:\/\/api.w.org\/{rel}","templated":true}]}}