{"id":27902,"date":"2022-09-25T00:08:00","date_gmt":"2022-09-24T23:08:00","guid":{"rendered":"https:\/\/lasentinelle.dz\/?p=27902"},"modified":"2022-09-24T20:41:19","modified_gmt":"2022-09-24T19:41:19","slug":"un-protocole-daccord-a-ete-signe-vendredi-un-nouveau-quota-de-peche-dans-les-eaux-mauritaniennes-pour-lalgerie","status":"publish","type":"post","link":"https:\/\/lasentinelle.dz\/index.php\/2022\/09\/25\/un-protocole-daccord-a-ete-signe-vendredi-un-nouveau-quota-de-peche-dans-les-eaux-mauritaniennes-pour-lalgerie\/","title":{"rendered":"Un protocole d\u2019accord a \u00e9t\u00e9 sign\u00e9 vendredi\u00a0: Un nouveau quota de p\u00eache dans les eaux mauritaniennes pour l\u2019Alg\u00e9rie"},"content":{"rendered":"\n<p>L\u2019Alg\u00e9rie dispose d\u00e9sormais de quotas de p\u00eache dans les eaux territoriales mauritaniennes, \u00e0 la faveur d\u2019un accord sign\u00e9 vendredi entre les deux pays. Un acquis qui rev\u00eat une importance strat\u00e9gique pour le d\u00e9veloppement du secteur pour peu qu\u2019il soit exploit\u00e9. L&rsquo;Alg\u00e9rie et la Maur\u00e9tanie ont sign\u00e9, vendredi, un protocole portant sur le domaine de la p\u00eache et de l&rsquo;\u00e9conomie maritime. Paraph\u00e9 par le ministrede la P\u00eache et des productions halieutiques, Hicham Sofiane Salaouatchi, et son homologue, Mohamed Abidine Mayif, du ce protocole est ax\u00e9 sur la formation, la recherche, la construction navale, l&rsquo;aquaculture et l&rsquo;octroi de quotas de p\u00eache \u00e0 l&rsquo;Alg\u00e9rie dans les eaux territoriales mauritaniennes. Le ministre alg\u00e9rien de la P\u00eache et des productions halieutiques, Hicham Sofiane Salaouatchi, a indiqu\u00e9 que \u00abce protocole,&nbsp; faisant suite aux travaux de la 19e session de la Grande Commission mixte de coop\u00e9ration alg\u00e9ro-mauritanienne, tenue d\u00e9but septembre \u00e0 Nouakchott, concr\u00e9tise les projets des deux pays dans le domaine de la p\u00eache\u00bb, ajoutant que \u00abcet accord inclut plusieurs volets comme la recherche scientifique et la formation et \u00e9galement le volet \u00e9conomique qui repose essentiellement sur le d\u00e9veloppement des relations entre les secteurs des deux pays en mati\u00e8re de construction navale et de d\u00e9veloppement de l&rsquo;aquaculture notamment continentale\u00bb. Et d\u2019ajouter que \u00abl\u2019accord&nbsp; pr\u00e9voit \u00e9galement l&rsquo;octroi de quotas de p\u00eache \u00e0 l&rsquo;Alg\u00e9rie dans les eaux territoriales mauritaniennes \u00bb, soulignant que \u00ables m\u00e9canismes d&rsquo;application de ce volet seront d\u00e9finis par la Commission technique mixte alg\u00e9ro-mauritanienne dans le domaine de la P\u00eache\u00bb. Faisant savoir que les deux parties, l\u2019Algerie et la Mauritanie, ont franchi de grands pas en termes de quotas de p\u00eache, le ministre a rappel\u00e9 qu&rsquo;\u00aben 2015, 5 quotas de p\u00eache avaient \u00e9t\u00e9 octroy\u00e9s \u00e0 l&rsquo;Alg\u00e9rie par la Mauritanie, et qui n&rsquo;ont pas \u00e9t\u00e9 exploit\u00e9s\u00bb. Pour sa part, le ministre mauritanien a indiqu\u00e9 que \u00ables parties mauritanienne et alg\u00e9rienne \u0153uvraient \u00e0 hisser le niveau de la coop\u00e9ration bilat\u00e9rale et \u00e0 r\u00e9aliser davantage d&rsquo;int\u00e9gration entre les deux pays\u00bb, mettant en avant \u00able r\u00f4le important du secteur de la p\u00eache dans cette int\u00e9gration et cette coop\u00e9ration\u00bb. Rappelant l\u2019adoption, en 2015, par la Mauritanie, du syst\u00e8me des quotas de p\u00eache dit syst\u00e8me de gestion des ressources maritimes par quotas au lieu de l&rsquo;effort de p\u00eache ou du nombre de navires, le ministre mauritanien a pr\u00e9cis\u00e9 que \u00abce syst\u00e8me est plus adapt\u00e9 \u00e0 ce qui peut \u00eatre extrait comme richesses en fonction du stock disponible, et il s&rsquo;appuie sur le contr\u00f4le total et permanent de ce qui est extrait de tous les stocks\u00bb. Les deux ministres ont visit\u00e9 l&rsquo;unit\u00e9 de transformation et de mise en bo\u00eete des produits halieutiques dans la commune de Tessala El Merdja \u00e0 Alger, le port de Zemmouri \u00e0 l&rsquo;est de Boumerd\u00e8s et le chantier de construction et de r\u00e9paration des navires de p\u00eache de l&rsquo;op\u00e9rateur CORENAV, implant\u00e9 dans le m\u00eame port. Ils ont \u00e9galement rendu visite \u00e0 l&rsquo;Institut national sup\u00e9rieur de p\u00eache et d&rsquo;aquaculture et au port de p\u00eache d&rsquo;Alger.<\/p>\n\n\n\n<p><strong>Salim Abdenour<\/strong><\/p>\n","protected":false},"excerpt":{"rendered":"<p>L\u2019Alg\u00e9rie dispose d\u00e9sormais de quotas de p\u00eache dans les eaux territoriales mauritaniennes, \u00e0 la faveur d\u2019un accord sign\u00e9 vendredi entre<\/p>\n","protected":false},"author":3,"featured_media":21141,"comment_status":"open","ping_status":"closed","sticky":false,"template":"","format":"standard","meta":{"colormag_page_container_layout":"default_layout","colormag_page_sidebar_layout":"default_layout","om_disable_all_campaigns":false,"_monsterinsights_skip_tracking":false,"_monsterinsights_sitenote_active":false,"_monsterinsights_sitenote_note":"","_monsterinsights_sitenote_category":0,"footnotes":"","_wpscppro_dont_share_socialmedia":false,"_wpscppro_custom_social_share_image":0,"_facebook_share_type":"","_twitter_share_type":"","_linkedin_share_type":"","_pinterest_share_type":"","_linkedin_share_type_page":"","_instagram_share_type":"","_medium_share_type":"","_threads_share_type":"","_google_business_share_type":"","_selected_social_profile":[],"_wpsp_enable_custom_social_template":false,"_wpsp_social_scheduling":{"enabled":false,"datetime":null,"platforms":[],"status":"template_only","dateOption":"today","timeOption":"now","customDays":"","customHours":"","customDate":"","customTime":"","schedulingType":"absolute"},"_wpsp_active_default_template":true},"categories":[52,27],"tags":[],"class_list":["post-27902","post","type-post","status-publish","format-standard","has-post-thumbnail","hentry","category-a-la-une","category-actualite"],"aioseo_notices":[],"yoast_head":"<!-- This site is optimized with the Yoast SEO plugin v27.5 - https:\/\/yoast.com\/product\/yoast-seo-wordpress\/ -->\n<title>Un protocole d\u2019accord a \u00e9t\u00e9 sign\u00e9 vendredi\u00a0: Un nouveau quota de p\u00eache dans les eaux mauritaniennes pour l\u2019Alg\u00e9rie - La Sentinelle<\/title>\n<meta name=\"robots\" content=\"index, follow, max-snippet:-1, max-image-preview:large, max-video-preview:-1\" \/>\n<link rel=\"canonical\" href=\"https:\/\/lasentinelle.dz\/index.php\/2022\/09\/25\/un-protocole-daccord-a-ete-signe-vendredi-un-nouveau-quota-de-peche-dans-les-eaux-mauritaniennes-pour-lalgerie\/\" \/>\n<meta property=\"og:locale\" content=\"fr_FR\" \/>\n<meta property=\"og:type\" content=\"article\" \/>\n<meta property=\"og:title\" content=\"Un protocole d\u2019accord a \u00e9t\u00e9 sign\u00e9 vendredi\u00a0: Un nouveau quota de p\u00eache dans les eaux mauritaniennes pour l\u2019Alg\u00e9rie - La Sentinelle\" \/>\n<meta property=\"og:description\" content=\"L\u2019Alg\u00e9rie dispose d\u00e9sormais de quotas de p\u00eache dans les eaux territoriales mauritaniennes, \u00e0 la faveur d\u2019un accord sign\u00e9 vendredi entre\" \/>\n<meta property=\"og:url\" content=\"https:\/\/lasentinelle.dz\/index.php\/2022\/09\/25\/un-protocole-daccord-a-ete-signe-vendredi-un-nouveau-quota-de-peche-dans-les-eaux-mauritaniennes-pour-lalgerie\/\" \/>\n<meta property=\"og:site_name\" content=\"La Sentinelle\" \/>\n<meta property=\"article:publisher\" content=\"https:\/\/www.facebook.com\/La-Sentinelle-104059864394773\" \/>\n<meta property=\"article:published_time\" content=\"2022-09-24T23:08:00+00:00\" \/>\n<meta property=\"og:image\" content=\"https:\/\/lasentinelle.dz\/wp-content\/uploads\/2022\/05\/peche.png\" \/>\n\t<meta property=\"og:image:width\" content=\"1491\" \/>\n\t<meta property=\"og:image:height\" content=\"900\" \/>\n\t<meta property=\"og:image:type\" content=\"image\/png\" \/>\n<meta name=\"author\" content=\"La Sentinelle\" \/>\n<meta name=\"twitter:card\" content=\"summary_large_image\" \/>\n<meta name=\"twitter:label1\" content=\"\u00c9crit par\" \/>\n\t<meta name=\"twitter:data1\" content=\"La Sentinelle\" \/>\n\t<meta name=\"twitter:label2\" content=\"Dur\u00e9e de lecture estim\u00e9e\" \/>\n\t<meta name=\"twitter:data2\" content=\"3 minutes\" \/>\n<script type=\"application\/ld+json\" class=\"yoast-schema-graph\">{\"@context\":\"https:\\\/\\\/schema.org\",\"@graph\":[{\"@type\":\"Article\",\"@id\":\"https:\\\/\\\/lasentinelle.dz\\\/index.php\\\/2022\\\/09\\\/25\\\/un-protocole-daccord-a-ete-signe-vendredi-un-nouveau-quota-de-peche-dans-les-eaux-mauritaniennes-pour-lalgerie\\\/#article\",\"isPartOf\":{\"@id\":\"https:\\\/\\\/lasentinelle.dz\\\/index.php\\\/2022\\\/09\\\/25\\\/un-protocole-daccord-a-ete-signe-vendredi-un-nouveau-quota-de-peche-dans-les-eaux-mauritaniennes-pour-lalgerie\\\/\"},\"author\":{\"name\":\"La Sentinelle\",\"@id\":\"https:\\\/\\\/lasentinelle.dz\\\/#\\\/schema\\\/person\\\/d865044e22e70a75174ce8bcad3acfb3\"},\"headline\":\"Un protocole d\u2019accord a \u00e9t\u00e9 sign\u00e9 vendredi\u00a0: Un nouveau quota de p\u00eache dans les eaux mauritaniennes pour l\u2019Alg\u00e9rie\",\"datePublished\":\"2022-09-24T23:08:00+00:00\",\"mainEntityOfPage\":{\"@id\":\"https:\\\/\\\/lasentinelle.dz\\\/index.php\\\/2022\\\/09\\\/25\\\/un-protocole-daccord-a-ete-signe-vendredi-un-nouveau-quota-de-peche-dans-les-eaux-mauritaniennes-pour-lalgerie\\\/\"},\"wordCount\":582,\"commentCount\":0,\"publisher\":{\"@id\":\"https:\\\/\\\/lasentinelle.dz\\\/#organization\"},\"image\":{\"@id\":\"https:\\\/\\\/lasentinelle.dz\\\/index.php\\\/2022\\\/09\\\/25\\\/un-protocole-daccord-a-ete-signe-vendredi-un-nouveau-quota-de-peche-dans-les-eaux-mauritaniennes-pour-lalgerie\\\/#primaryimage\"},\"thumbnailUrl\":\"https:\\\/\\\/lasentinelle.dz\\\/wp-content\\\/uploads\\\/2022\\\/05\\\/peche.png\",\"articleSection\":[\"\u00c0 la Une\",\"Actualit\u00e9\"],\"inLanguage\":\"fr-FR\",\"potentialAction\":[{\"@type\":\"CommentAction\",\"name\":\"Comment\",\"target\":[\"https:\\\/\\\/lasentinelle.dz\\\/index.php\\\/2022\\\/09\\\/25\\\/un-protocole-daccord-a-ete-signe-vendredi-un-nouveau-quota-de-peche-dans-les-eaux-mauritaniennes-pour-lalgerie\\\/#respond\"]}]},{\"@type\":\"WebPage\",\"@id\":\"https:\\\/\\\/lasentinelle.dz\\\/index.php\\\/2022\\\/09\\\/25\\\/un-protocole-daccord-a-ete-signe-vendredi-un-nouveau-quota-de-peche-dans-les-eaux-mauritaniennes-pour-lalgerie\\\/\",\"url\":\"https:\\\/\\\/lasentinelle.dz\\\/index.php\\\/2022\\\/09\\\/25\\\/un-protocole-daccord-a-ete-signe-vendredi-un-nouveau-quota-de-peche-dans-les-eaux-mauritaniennes-pour-lalgerie\\\/\",\"name\":\"Un protocole d\u2019accord a \u00e9t\u00e9 sign\u00e9 vendredi\u00a0: Un nouveau quota de p\u00eache dans les eaux mauritaniennes pour l\u2019Alg\u00e9rie - La Sentinelle\",\"isPartOf\":{\"@id\":\"https:\\\/\\\/lasentinelle.dz\\\/#website\"},\"primaryImageOfPage\":{\"@id\":\"https:\\\/\\\/lasentinelle.dz\\\/index.php\\\/2022\\\/09\\\/25\\\/un-protocole-daccord-a-ete-signe-vendredi-un-nouveau-quota-de-peche-dans-les-eaux-mauritaniennes-pour-lalgerie\\\/#primaryimage\"},\"image\":{\"@id\":\"https:\\\/\\\/lasentinelle.dz\\\/index.php\\\/2022\\\/09\\\/25\\\/un-protocole-daccord-a-ete-signe-vendredi-un-nouveau-quota-de-peche-dans-les-eaux-mauritaniennes-pour-lalgerie\\\/#primaryimage\"},\"thumbnailUrl\":\"https:\\\/\\\/lasentinelle.dz\\\/wp-content\\\/uploads\\\/2022\\\/05\\\/peche.png\",\"datePublished\":\"2022-09-24T23:08:00+00:00\",\"breadcrumb\":{\"@id\":\"https:\\\/\\\/lasentinelle.dz\\\/index.php\\\/2022\\\/09\\\/25\\\/un-protocole-daccord-a-ete-signe-vendredi-un-nouveau-quota-de-peche-dans-les-eaux-mauritaniennes-pour-lalgerie\\\/#breadcrumb\"},\"inLanguage\":\"fr-FR\",\"potentialAction\":[{\"@type\":\"ReadAction\",\"target\":[\"https:\\\/\\\/lasentinelle.dz\\\/index.php\\\/2022\\\/09\\\/25\\\/un-protocole-daccord-a-ete-signe-vendredi-un-nouveau-quota-de-peche-dans-les-eaux-mauritaniennes-pour-lalgerie\\\/\"]}]},{\"@type\":\"ImageObject\",\"inLanguage\":\"fr-FR\",\"@id\":\"https:\\\/\\\/lasentinelle.dz\\\/index.php\\\/2022\\\/09\\\/25\\\/un-protocole-daccord-a-ete-signe-vendredi-un-nouveau-quota-de-peche-dans-les-eaux-mauritaniennes-pour-lalgerie\\\/#primaryimage\",\"url\":\"https:\\\/\\\/lasentinelle.dz\\\/wp-content\\\/uploads\\\/2022\\\/05\\\/peche.png\",\"contentUrl\":\"https:\\\/\\\/lasentinelle.dz\\\/wp-content\\\/uploads\\\/2022\\\/05\\\/peche.png\",\"width\":1491,\"height\":900},{\"@type\":\"BreadcrumbList\",\"@id\":\"https:\\\/\\\/lasentinelle.dz\\\/index.php\\\/2022\\\/09\\\/25\\\/un-protocole-daccord-a-ete-signe-vendredi-un-nouveau-quota-de-peche-dans-les-eaux-mauritaniennes-pour-lalgerie\\\/#breadcrumb\",\"itemListElement\":[{\"@type\":\"ListItem\",\"position\":1,\"name\":\"Accueil\",\"item\":\"https:\\\/\\\/lasentinelle.dz\\\/\"},{\"@type\":\"ListItem\",\"position\":2,\"name\":\"Un protocole d\u2019accord a \u00e9t\u00e9 sign\u00e9 vendredi\u00a0: Un nouveau quota de p\u00eache dans les eaux mauritaniennes pour l\u2019Alg\u00e9rie\"}]},{\"@type\":\"WebSite\",\"@id\":\"https:\\\/\\\/lasentinelle.dz\\\/#website\",\"url\":\"https:\\\/\\\/lasentinelle.dz\\\/\",\"name\":\"La Sentinelle\",\"description\":\"Quotidien national d&#039;information\",\"publisher\":{\"@id\":\"https:\\\/\\\/lasentinelle.dz\\\/#organization\"},\"potentialAction\":[{\"@type\":\"SearchAction\",\"target\":{\"@type\":\"EntryPoint\",\"urlTemplate\":\"https:\\\/\\\/lasentinelle.dz\\\/?s={search_term_string}\"},\"query-input\":{\"@type\":\"PropertyValueSpecification\",\"valueRequired\":true,\"valueName\":\"search_term_string\"}}],\"inLanguage\":\"fr-FR\"},{\"@type\":\"Organization\",\"@id\":\"https:\\\/\\\/lasentinelle.dz\\\/#organization\",\"name\":\"Quotidien La Sentinelle\",\"url\":\"https:\\\/\\\/lasentinelle.dz\\\/\",\"logo\":{\"@type\":\"ImageObject\",\"inLanguage\":\"fr-FR\",\"@id\":\"https:\\\/\\\/lasentinelle.dz\\\/#\\\/schema\\\/logo\\\/image\\\/\",\"url\":\"https:\\\/\\\/lasentinelle.dz\\\/wp-content\\\/uploads\\\/2021\\\/09\\\/logo-sentinelleSLOGAN-1.png\",\"contentUrl\":\"https:\\\/\\\/lasentinelle.dz\\\/wp-content\\\/uploads\\\/2021\\\/09\\\/logo-sentinelleSLOGAN-1.png\",\"width\":615,\"height\":142,\"caption\":\"Quotidien La Sentinelle\"},\"image\":{\"@id\":\"https:\\\/\\\/lasentinelle.dz\\\/#\\\/schema\\\/logo\\\/image\\\/\"},\"sameAs\":[\"https:\\\/\\\/www.facebook.com\\\/La-Sentinelle-104059864394773\"]},{\"@type\":\"Person\",\"@id\":\"https:\\\/\\\/lasentinelle.dz\\\/#\\\/schema\\\/person\\\/d865044e22e70a75174ce8bcad3acfb3\",\"name\":\"La Sentinelle\",\"image\":{\"@type\":\"ImageObject\",\"inLanguage\":\"fr-FR\",\"@id\":\"https:\\\/\\\/secure.gravatar.com\\\/avatar\\\/57de8e5d4b15d43fb361a71fbb36338450fe67865b528a43dd10ef7c51a20392?s=96&d=mm&r=g\",\"url\":\"https:\\\/\\\/secure.gravatar.com\\\/avatar\\\/57de8e5d4b15d43fb361a71fbb36338450fe67865b528a43dd10ef7c51a20392?s=96&d=mm&r=g\",\"contentUrl\":\"https:\\\/\\\/secure.gravatar.com\\\/avatar\\\/57de8e5d4b15d43fb361a71fbb36338450fe67865b528a43dd10ef7c51a20392?s=96&d=mm&r=g\",\"caption\":\"La Sentinelle\"},\"sameAs\":[\"http:\\\/\\\/www.lasentinelle.dz\"],\"url\":\"https:\\\/\\\/lasentinelle.dz\\\/author\\\/redaction\\\/\"}]}<\/script>\n<!-- \/ Yoast SEO plugin. -->","yoast_head_json":{"title":"Un protocole d\u2019accord a \u00e9t\u00e9 sign\u00e9 vendredi\u00a0: Un nouveau quota de p\u00eache dans les eaux mauritaniennes pour l\u2019Alg\u00e9rie - La Sentinelle","robots":{"index":"index","follow":"follow","max-snippet":"max-snippet:-1","max-image-preview":"max-image-preview:large","max-video-preview":"max-video-preview:-1"},"canonical":"https:\/\/lasentinelle.dz\/index.php\/2022\/09\/25\/un-protocole-daccord-a-ete-signe-vendredi-un-nouveau-quota-de-peche-dans-les-eaux-mauritaniennes-pour-lalgerie\/","og_locale":"fr_FR","og_type":"article","og_title":"Un protocole d\u2019accord a \u00e9t\u00e9 sign\u00e9 vendredi\u00a0: Un nouveau quota de p\u00eache dans les eaux mauritaniennes pour l\u2019Alg\u00e9rie - La Sentinelle","og_description":"L\u2019Alg\u00e9rie dispose d\u00e9sormais de quotas de p\u00eache dans les eaux territoriales mauritaniennes, \u00e0 la faveur d\u2019un accord sign\u00e9 vendredi entre","og_url":"https:\/\/lasentinelle.dz\/index.php\/2022\/09\/25\/un-protocole-daccord-a-ete-signe-vendredi-un-nouveau-quota-de-peche-dans-les-eaux-mauritaniennes-pour-lalgerie\/","og_site_name":"La Sentinelle","article_publisher":"https:\/\/www.facebook.com\/La-Sentinelle-104059864394773","article_published_time":"2022-09-24T23:08:00+00:00","og_image":[{"width":1491,"height":900,"url":"https:\/\/lasentinelle.dz\/wp-content\/uploads\/2022\/05\/peche.png","type":"image\/png"}],"author":"La Sentinelle","twitter_card":"summary_large_image","twitter_misc":{"\u00c9crit par":"La Sentinelle","Dur\u00e9e de lecture estim\u00e9e":"3 minutes"},"schema":{"@context":"https:\/\/schema.org","@graph":[{"@type":"Article","@id":"https:\/\/lasentinelle.dz\/index.php\/2022\/09\/25\/un-protocole-daccord-a-ete-signe-vendredi-un-nouveau-quota-de-peche-dans-les-eaux-mauritaniennes-pour-lalgerie\/#article","isPartOf":{"@id":"https:\/\/lasentinelle.dz\/index.php\/2022\/09\/25\/un-protocole-daccord-a-ete-signe-vendredi-un-nouveau-quota-de-peche-dans-les-eaux-mauritaniennes-pour-lalgerie\/"},"author":{"name":"La Sentinelle","@id":"https:\/\/lasentinelle.dz\/#\/schema\/person\/d865044e22e70a75174ce8bcad3acfb3"},"headline":"Un protocole d\u2019accord a \u00e9t\u00e9 sign\u00e9 vendredi\u00a0: Un nouveau quota de p\u00eache dans les eaux mauritaniennes pour l\u2019Alg\u00e9rie","datePublished":"2022-09-24T23:08:00+00:00","mainEntityOfPage":{"@id":"https:\/\/lasentinelle.dz\/index.php\/2022\/09\/25\/un-protocole-daccord-a-ete-signe-vendredi-un-nouveau-quota-de-peche-dans-les-eaux-mauritaniennes-pour-lalgerie\/"},"wordCount":582,"commentCount":0,"publisher":{"@id":"https:\/\/lasentinelle.dz\/#organization"},"image":{"@id":"https:\/\/lasentinelle.dz\/index.php\/2022\/09\/25\/un-protocole-daccord-a-ete-signe-vendredi-un-nouveau-quota-de-peche-dans-les-eaux-mauritaniennes-pour-lalgerie\/#primaryimage"},"thumbnailUrl":"https:\/\/lasentinelle.dz\/wp-content\/uploads\/2022\/05\/peche.png","articleSection":["\u00c0 la Une","Actualit\u00e9"],"inLanguage":"fr-FR","potentialAction":[{"@type":"CommentAction","name":"Comment","target":["https:\/\/lasentinelle.dz\/index.php\/2022\/09\/25\/un-protocole-daccord-a-ete-signe-vendredi-un-nouveau-quota-de-peche-dans-les-eaux-mauritaniennes-pour-lalgerie\/#respond"]}]},{"@type":"WebPage","@id":"https:\/\/lasentinelle.dz\/index.php\/2022\/09\/25\/un-protocole-daccord-a-ete-signe-vendredi-un-nouveau-quota-de-peche-dans-les-eaux-mauritaniennes-pour-lalgerie\/","url":"https:\/\/lasentinelle.dz\/index.php\/2022\/09\/25\/un-protocole-daccord-a-ete-signe-vendredi-un-nouveau-quota-de-peche-dans-les-eaux-mauritaniennes-pour-lalgerie\/","name":"Un protocole d\u2019accord a \u00e9t\u00e9 sign\u00e9 vendredi\u00a0: Un nouveau quota de p\u00eache dans les eaux mauritaniennes pour l\u2019Alg\u00e9rie - La Sentinelle","isPartOf":{"@id":"https:\/\/lasentinelle.dz\/#website"},"primaryImageOfPage":{"@id":"https:\/\/lasentinelle.dz\/index.php\/2022\/09\/25\/un-protocole-daccord-a-ete-signe-vendredi-un-nouveau-quota-de-peche-dans-les-eaux-mauritaniennes-pour-lalgerie\/#primaryimage"},"image":{"@id":"https:\/\/lasentinelle.dz\/index.php\/2022\/09\/25\/un-protocole-daccord-a-ete-signe-vendredi-un-nouveau-quota-de-peche-dans-les-eaux-mauritaniennes-pour-lalgerie\/#primaryimage"},"thumbnailUrl":"https:\/\/lasentinelle.dz\/wp-content\/uploads\/2022\/05\/peche.png","datePublished":"2022-09-24T23:08:00+00:00","breadcrumb":{"@id":"https:\/\/lasentinelle.dz\/index.php\/2022\/09\/25\/un-protocole-daccord-a-ete-signe-vendredi-un-nouveau-quota-de-peche-dans-les-eaux-mauritaniennes-pour-lalgerie\/#breadcrumb"},"inLanguage":"fr-FR","potentialAction":[{"@type":"ReadAction","target":["https:\/\/lasentinelle.dz\/index.php\/2022\/09\/25\/un-protocole-daccord-a-ete-signe-vendredi-un-nouveau-quota-de-peche-dans-les-eaux-mauritaniennes-pour-lalgerie\/"]}]},{"@type":"ImageObject","inLanguage":"fr-FR","@id":"https:\/\/lasentinelle.dz\/index.php\/2022\/09\/25\/un-protocole-daccord-a-ete-signe-vendredi-un-nouveau-quota-de-peche-dans-les-eaux-mauritaniennes-pour-lalgerie\/#primaryimage","url":"https:\/\/lasentinelle.dz\/wp-content\/uploads\/2022\/05\/peche.png","contentUrl":"https:\/\/lasentinelle.dz\/wp-content\/uploads\/2022\/05\/peche.png","width":1491,"height":900},{"@type":"BreadcrumbList","@id":"https:\/\/lasentinelle.dz\/index.php\/2022\/09\/25\/un-protocole-daccord-a-ete-signe-vendredi-un-nouveau-quota-de-peche-dans-les-eaux-mauritaniennes-pour-lalgerie\/#breadcrumb","itemListElement":[{"@type":"ListItem","position":1,"name":"Accueil","item":"https:\/\/lasentinelle.dz\/"},{"@type":"ListItem","position":2,"name":"Un protocole d\u2019accord a \u00e9t\u00e9 sign\u00e9 vendredi\u00a0: Un nouveau quota de p\u00eache dans les eaux mauritaniennes pour l\u2019Alg\u00e9rie"}]},{"@type":"WebSite","@id":"https:\/\/lasentinelle.dz\/#website","url":"https:\/\/lasentinelle.dz\/","name":"La Sentinelle","description":"Quotidien national d&#039;information","publisher":{"@id":"https:\/\/lasentinelle.dz\/#organization"},"potentialAction":[{"@type":"SearchAction","target":{"@type":"EntryPoint","urlTemplate":"https:\/\/lasentinelle.dz\/?s={search_term_string}"},"query-input":{"@type":"PropertyValueSpecification","valueRequired":true,"valueName":"search_term_string"}}],"inLanguage":"fr-FR"},{"@type":"Organization","@id":"https:\/\/lasentinelle.dz\/#organization","name":"Quotidien La Sentinelle","url":"https:\/\/lasentinelle.dz\/","logo":{"@type":"ImageObject","inLanguage":"fr-FR","@id":"https:\/\/lasentinelle.dz\/#\/schema\/logo\/image\/","url":"https:\/\/lasentinelle.dz\/wp-content\/uploads\/2021\/09\/logo-sentinelleSLOGAN-1.png","contentUrl":"https:\/\/lasentinelle.dz\/wp-content\/uploads\/2021\/09\/logo-sentinelleSLOGAN-1.png","width":615,"height":142,"caption":"Quotidien La Sentinelle"},"image":{"@id":"https:\/\/lasentinelle.dz\/#\/schema\/logo\/image\/"},"sameAs":["https:\/\/www.facebook.com\/La-Sentinelle-104059864394773"]},{"@type":"Person","@id":"https:\/\/lasentinelle.dz\/#\/schema\/person\/d865044e22e70a75174ce8bcad3acfb3","name":"La Sentinelle","image":{"@type":"ImageObject","inLanguage":"fr-FR","@id":"https:\/\/secure.gravatar.com\/avatar\/57de8e5d4b15d43fb361a71fbb36338450fe67865b528a43dd10ef7c51a20392?s=96&d=mm&r=g","url":"https:\/\/secure.gravatar.com\/avatar\/57de8e5d4b15d43fb361a71fbb36338450fe67865b528a43dd10ef7c51a20392?s=96&d=mm&r=g","contentUrl":"https:\/\/secure.gravatar.com\/avatar\/57de8e5d4b15d43fb361a71fbb36338450fe67865b528a43dd10ef7c51a20392?s=96&d=mm&r=g","caption":"La Sentinelle"},"sameAs":["http:\/\/www.lasentinelle.dz"],"url":"https:\/\/lasentinelle.dz\/author\/redaction\/"}]}},"_links":{"self":[{"href":"https:\/\/lasentinelle.dz\/index.php\/wp-json\/wp\/v2\/posts\/27902","targetHints":{"allow":["GET"]}}],"collection":[{"href":"https:\/\/lasentinelle.dz\/index.php\/wp-json\/wp\/v2\/posts"}],"about":[{"href":"https:\/\/lasentinelle.dz\/index.php\/wp-json\/wp\/v2\/types\/post"}],"author":[{"embeddable":true,"href":"https:\/\/lasentinelle.dz\/index.php\/wp-json\/wp\/v2\/users\/3"}],"replies":[{"embeddable":true,"href":"https:\/\/lasentinelle.dz\/index.php\/wp-json\/wp\/v2\/comments?post=27902"}],"version-history":[{"count":1,"href":"https:\/\/lasentinelle.dz\/index.php\/wp-json\/wp\/v2\/posts\/27902\/revisions"}],"predecessor-version":[{"id":27907,"href":"https:\/\/lasentinelle.dz\/index.php\/wp-json\/wp\/v2\/posts\/27902\/revisions\/27907"}],"wp:featuredmedia":[{"embeddable":true,"href":"https:\/\/lasentinelle.dz\/index.php\/wp-json\/wp\/v2\/media\/21141"}],"wp:attachment":[{"href":"https:\/\/lasentinelle.dz\/index.php\/wp-json\/wp\/v2\/media?parent=27902"}],"wp:term":[{"taxonomy":"category","embeddable":true,"href":"https:\/\/lasentinelle.dz\/index.php\/wp-json\/wp\/v2\/categories?post=27902"},{"taxonomy":"post_tag","embeddable":true,"href":"https:\/\/lasentinelle.dz\/index.php\/wp-json\/wp\/v2\/tags?post=27902"}],"curies":[{"name":"wp","href":"https:\/\/api.w.org\/{rel}","templated":true}]}}