{"id":27909,"date":"2022-09-25T00:08:00","date_gmt":"2022-09-24T23:08:00","guid":{"rendered":"https:\/\/lasentinelle.dz\/?p=27909"},"modified":"2022-09-24T20:41:03","modified_gmt":"2022-09-24T19:41:03","slug":"il-accumule-les-echecs-sur-le-dossier-du-sahara-occidental-le-maroc-senfonce-dans-lisolement","status":"publish","type":"post","link":"https:\/\/lasentinelle.dz\/index.php\/2022\/09\/25\/il-accumule-les-echecs-sur-le-dossier-du-sahara-occidental-le-maroc-senfonce-dans-lisolement\/","title":{"rendered":"Il accumule les \u00e9checs sur le dossier du Sahara occidental\u00a0: Le Maroc s\u2019enfonce dans l\u2019isolement"},"content":{"rendered":"\n<p>Face \u00e0 la cause juste et l\u00e9gitime du peuple sahraoui, les man\u0153uvres du Makhzen destin\u00e9es \u00e0 l\u00e9gitimer la colonisation du Sahara occident sont vou\u00e9e \u00e0 l\u2019\u00e9chec.<\/p>\n\n\n\n<p>Le r\u00e9gime marocain multiplie les \u00e9checs. Les man\u0153uvres, la manipulation et le recours massif \u00e0 la corruption pour imposer l\u2019occupation ill\u00e9gale du Sahara occidental, derni\u00e8re colonie d\u2019Afrique ne p\u00e8sent rien face \u00e0 la cause l\u00e9gitime du peuple sahraoui et son droit inali\u00e9nable \u00e0 l\u2019autod\u00e9termination. Les r\u00e9centes victoires successives du Sahara occidental d\u00e9montrent la mani\u00e8re avec laquelle l\u2019ent\u00eatement du r\u00e9gime marocain pousse le Maroc dans l\u2019isolement au niveau continental, tandis que ses alli\u00e9s et appuis le l\u00e2chent l\u2019un apr\u00e8s l\u2019autre. Il n\u2019est pas sans rappeler les r\u00e9centes d\u00e9clarations de soutien au peuple sahraoui, \u00e9manant de la quasi-totalit\u00e9 des pays d\u2019Afrique et de nombreux pays d\u2019Am\u00e9rique latine, sans oublier la retentissante humiliation inflig\u00e9e par la diplomatie kenyane au r\u00e9gime marocain qui s\u2019est fourvoy\u00e9 dans une tentative de manipulation in\u00e9dite et d\u00e9sesp\u00e9r\u00e9e.<\/p>\n\n\n\n<p>Or, les r\u00e9cents \u00e9v\u00e8nements d\u00e9montrent \u00e0 quel point la d\u00e9marche du makhzen est sans issue. La derni\u00e8re d\u00e9convenue en date remonte \u00e0 la fin de la semaine. Elle lui a \u00e9t\u00e9 inflig\u00e9e par la Cour africaine des droits de l&rsquo;Homme et des peuples ayant rendu un arr\u00eat historique, sans pr\u00e9c\u00e9dent \u00e0 l&rsquo;\u00e9chelle du continent africain, lequel condamne la pr\u00e9sence ill\u00e9gale des forces marocaines au Sahara occidental, qualifiant le fait marocain \u00abd&rsquo;occupation militaire, violant le droit international \u00bb. En termes plus clairs, le Maroc est clairement qualifi\u00e9 d\u2019\u00c9tat occupant. Se f\u00e9licitant de cette autre victoire, le minist\u00e8re sahraoui de l&rsquo;Information a, dans un communiqu\u00e9, indiqu\u00e9 que \u00abc\u2019est la premi\u00e8re fois que la Cour \u00e9tait saisie d&rsquo;une affaire traitant du droit \u00e0 l&rsquo;autod\u00e9termination et \u00e0 l&rsquo;ind\u00e9pendance \u00bb, expliquant que \u00abla Cour a donn\u00e9 toute son importance \u00e0 ce principe qui a \u00e9t\u00e9 constitutif des Etats en Afrique, qui s\u2019inscrit dans le vaste mouvement de d\u00e9colonisation\u00bb. Enum\u00e9rant les principaux points de la d\u00e9cision de la Cour africaine des droits de l&rsquo;Homme et des peuples, la m\u00eame source a ajout\u00e9 : \u00abpar cet arr\u00eat d&rsquo;une importance capitale, la Cour africaine s&rsquo;inscrit en phase avec la Cour internationale de justice et la Cour de justice de l&rsquo;Union europ\u00e9enne, mais elle va plus loin en soulignant dans des termes exemplaires ce qu&rsquo;a \u00e9t\u00e9 le droit \u00e0 l&rsquo;autod\u00e9termination dans l&rsquo;histoire des peuples africains, pour mieux stigmatiser l&rsquo;occupation militaire du Sahara occidental par le Maroc\u00bb. De son cot\u00e9, le ministre sahraoui de la Justice, Mohamed Mbarek a fait savoir que \u00ables portes du droit se ferment sur l&rsquo;occupant\u00bb, soulignant que \u00abla coh\u00e9rence et le consensus judiciaire international s&rsquo;unissent pour dire que le Royaume du Maroc, n&rsquo;ayant jamais dispos\u00e9 de la moindre souverainet\u00e9 \u00e0 l&rsquo;\u00e9gard du Sahara occidental, occupe ill\u00e9galement ce territoire, en violation grave du droit international\u00bb. Faisant le rapport avec les proc\u00e9dures en cours devant la Cour de justice de l&rsquo;Union europ\u00e9enne, le ministre a affirm\u00e9 que \u00ables peuples n&rsquo;ont d&rsquo;avenir que dans le respect du droit, et ce respect du droit est le gage de la paix\u00bb. Il a appel\u00e9 le Royaume du Maroc \u00e0 \u00abrompre avec le d\u00e9ni pour s&rsquo;inscrire dans la r\u00e9alit\u00e9, et permettre \u00e0 l&rsquo;ONU et l&rsquo;UA de d\u00e9coloniser le territoire \u00bb, assurant que \u00ables Etats africains ont le devoir de fonder sur cet arr\u00eat de la Cour pour s&rsquo;unir autour du droit \u00e0 l&rsquo;autod\u00e9termination et \u00e0 l&rsquo;ind\u00e9pendance, droit qui est au c\u0153ur de leur histoire\u00bb.<\/p>\n\n\n\n<p><strong>La reculade de Sanchez \u00e0 l\u2019ONU<\/strong><\/p>\n\n\n\n<p>Le pire est que le r\u00e9gime marocain ne se trouve plus en odeur de saintet\u00e9 aupr\u00e8s de ses appuis traditionnels. Son hyst\u00e9rie et son recours \u00e0 l\u2019espionnage irrite au plus niveau. La col\u00e8re de Paris apr\u00e8s l\u2019affaire Pegasus n\u2019est plus un secret au regard des tensions qui marquent les rapports entre la France et le Maroc. Mais ce qui fera date et qui porte le coup de gr\u00e2ce \u00e0 toute la tactique du r\u00e9gime marocain pour imposer son plan d\u2019autonomie en tant que seule pseudo-solution au conflit au Sahara occidental c\u2019est sans doute la derni\u00e8re sortie du Premier ministre espagnol \u00e0 l\u2019ONU.&nbsp; S\u2019exprimant lors de la 77e session de l&rsquo;Assembl\u00e9e g\u00e9n\u00e9rale des Nations unies, Pedro Sancheza totalement l\u00e2ch\u00e9 le Maroc en affirmant que l\u2019Espagne soutenait une \u00absolution politique mutuellement acceptable et continuera \u00e0 soutenir&nbsp; l&rsquo;envoy\u00e9 sp\u00e9cial du secr\u00e9taire g\u00e9n\u00e9ral de l&rsquo;ONU, Staffan de Mistura&nbsp;\u00bb. Ces positions surviennent alors que nombreux sont les pays qui ont r\u00e9tabli leurs relations avec la R\u00e9publique sahraouie, isolant de plus en plus le Maroc.&nbsp; Il s\u2019agit du Soudan du Sud, du Kenya de la Colombie, entre autres. Une semaine auparavant, le P\u00e9rou a annonc\u00e9 renouer ses liens diplomatiques avec la R\u00e9publique arabe sahraouie. Dans un communiqu\u00e9, \u00able minist\u00e8re des Relations ext\u00e9rieures du P\u00e9rou r\u00e9affirme la volont\u00e9 souveraine du gouvernement du P\u00e9rou de renouveler ses relations diplomatiques avec la R\u00e9publique arabe d\u00e9mocratique sahraouie\u00bb, ajoutant que \u00able gouvernement p\u00e9ruvien r\u00e9it\u00e8re le droit \u00e0 la libre autod\u00e9termination du peuple sahraoui conform\u00e9ment \u00e0 la r\u00e9solution 1514 de l&rsquo;Assembl\u00e9e g\u00e9n\u00e9rale des Nations unies de 1960 sur la d\u00e9colonisation\u00bb. L&rsquo;ONU, qui consid\u00e8re le Sahara occidental comme un \u00abterritoire non autonome en l&rsquo;absence d&rsquo;un r\u00e8glement d\u00e9finitif, y a d\u00e9ploy\u00e9 une mission de maintien de la paix, la MINURSO. Le Polisario r\u00e9clame la tenue d&rsquo;un r\u00e9f\u00e9rendum pr\u00e9vu par l&rsquo;ONU au moment de la signature d&rsquo;un cessez-le-feu entre les bellig\u00e9rants en 1991.<\/p>\n\n\n\n<p><strong>Amar Malki<\/strong><\/p>\n","protected":false},"excerpt":{"rendered":"<p>Face \u00e0 la cause juste et l\u00e9gitime du peuple sahraoui, les man\u0153uvres du Makhzen destin\u00e9es \u00e0 l\u00e9gitimer la colonisation du<\/p>\n","protected":false},"author":3,"featured_media":17546,"comment_status":"open","ping_status":"closed","sticky":false,"template":"","format":"standard","meta":{"colormag_page_container_layout":"default_layout","colormag_page_sidebar_layout":"default_layout","om_disable_all_campaigns":false,"_monsterinsights_skip_tracking":false,"_monsterinsights_sitenote_active":false,"_monsterinsights_sitenote_note":"","_monsterinsights_sitenote_category":0,"footnotes":"","_wpscppro_dont_share_socialmedia":false,"_wpscppro_custom_social_share_image":0,"_facebook_share_type":"","_twitter_share_type":"","_linkedin_share_type":"","_pinterest_share_type":"","_linkedin_share_type_page":"","_instagram_share_type":"","_medium_share_type":"","_threads_share_type":"","_google_business_share_type":"","_selected_social_profile":[],"_wpsp_enable_custom_social_template":false,"_wpsp_social_scheduling":{"enabled":false,"datetime":null,"platforms":[],"status":"template_only","dateOption":"today","timeOption":"now","customDays":"","customHours":"","customDate":"","customTime":"","schedulingType":"absolute"},"_wpsp_active_default_template":true},"categories":[52,27],"tags":[],"class_list":["post-27909","post","type-post","status-publish","format-standard","has-post-thumbnail","hentry","category-a-la-une","category-actualite"],"aioseo_notices":[],"yoast_head":"<!-- This site is optimized with the Yoast SEO plugin v27.5 - https:\/\/yoast.com\/product\/yoast-seo-wordpress\/ -->\n<title>Il accumule les \u00e9checs sur le dossier du Sahara occidental\u00a0: Le Maroc s\u2019enfonce dans l\u2019isolement - La Sentinelle<\/title>\n<meta name=\"robots\" content=\"index, follow, max-snippet:-1, max-image-preview:large, max-video-preview:-1\" \/>\n<link rel=\"canonical\" href=\"https:\/\/lasentinelle.dz\/index.php\/2022\/09\/25\/il-accumule-les-echecs-sur-le-dossier-du-sahara-occidental-le-maroc-senfonce-dans-lisolement\/\" \/>\n<meta property=\"og:locale\" content=\"fr_FR\" \/>\n<meta property=\"og:type\" content=\"article\" \/>\n<meta property=\"og:title\" content=\"Il accumule les \u00e9checs sur le dossier du Sahara occidental\u00a0: Le Maroc s\u2019enfonce dans l\u2019isolement - La Sentinelle\" \/>\n<meta property=\"og:description\" content=\"Face \u00e0 la cause juste et l\u00e9gitime du peuple sahraoui, les man\u0153uvres du Makhzen destin\u00e9es \u00e0 l\u00e9gitimer la colonisation du\" \/>\n<meta property=\"og:url\" content=\"https:\/\/lasentinelle.dz\/index.php\/2022\/09\/25\/il-accumule-les-echecs-sur-le-dossier-du-sahara-occidental-le-maroc-senfonce-dans-lisolement\/\" \/>\n<meta property=\"og:site_name\" content=\"La Sentinelle\" \/>\n<meta property=\"article:publisher\" content=\"https:\/\/www.facebook.com\/La-Sentinelle-104059864394773\" \/>\n<meta property=\"article:published_time\" content=\"2022-09-24T23:08:00+00:00\" \/>\n<meta property=\"og:image\" content=\"https:\/\/lasentinelle.dz\/wp-content\/uploads\/2022\/02\/sahara.png\" \/>\n\t<meta property=\"og:image:width\" content=\"1600\" \/>\n\t<meta property=\"og:image:height\" content=\"900\" \/>\n\t<meta property=\"og:image:type\" content=\"image\/png\" \/>\n<meta name=\"author\" content=\"La Sentinelle\" \/>\n<meta name=\"twitter:card\" content=\"summary_large_image\" \/>\n<meta name=\"twitter:label1\" content=\"\u00c9crit par\" \/>\n\t<meta name=\"twitter:data1\" content=\"La Sentinelle\" \/>\n\t<meta name=\"twitter:label2\" content=\"Dur\u00e9e de lecture estim\u00e9e\" \/>\n\t<meta name=\"twitter:data2\" content=\"5 minutes\" \/>\n<script type=\"application\/ld+json\" class=\"yoast-schema-graph\">{\"@context\":\"https:\\\/\\\/schema.org\",\"@graph\":[{\"@type\":\"Article\",\"@id\":\"https:\\\/\\\/lasentinelle.dz\\\/index.php\\\/2022\\\/09\\\/25\\\/il-accumule-les-echecs-sur-le-dossier-du-sahara-occidental-le-maroc-senfonce-dans-lisolement\\\/#article\",\"isPartOf\":{\"@id\":\"https:\\\/\\\/lasentinelle.dz\\\/index.php\\\/2022\\\/09\\\/25\\\/il-accumule-les-echecs-sur-le-dossier-du-sahara-occidental-le-maroc-senfonce-dans-lisolement\\\/\"},\"author\":{\"name\":\"La Sentinelle\",\"@id\":\"https:\\\/\\\/lasentinelle.dz\\\/#\\\/schema\\\/person\\\/d865044e22e70a75174ce8bcad3acfb3\"},\"headline\":\"Il accumule les \u00e9checs sur le dossier du Sahara occidental\u00a0: Le Maroc s\u2019enfonce dans l\u2019isolement\",\"datePublished\":\"2022-09-24T23:08:00+00:00\",\"mainEntityOfPage\":{\"@id\":\"https:\\\/\\\/lasentinelle.dz\\\/index.php\\\/2022\\\/09\\\/25\\\/il-accumule-les-echecs-sur-le-dossier-du-sahara-occidental-le-maroc-senfonce-dans-lisolement\\\/\"},\"wordCount\":1037,\"commentCount\":0,\"publisher\":{\"@id\":\"https:\\\/\\\/lasentinelle.dz\\\/#organization\"},\"image\":{\"@id\":\"https:\\\/\\\/lasentinelle.dz\\\/index.php\\\/2022\\\/09\\\/25\\\/il-accumule-les-echecs-sur-le-dossier-du-sahara-occidental-le-maroc-senfonce-dans-lisolement\\\/#primaryimage\"},\"thumbnailUrl\":\"https:\\\/\\\/lasentinelle.dz\\\/wp-content\\\/uploads\\\/2022\\\/02\\\/sahara.png\",\"articleSection\":[\"\u00c0 la Une\",\"Actualit\u00e9\"],\"inLanguage\":\"fr-FR\",\"potentialAction\":[{\"@type\":\"CommentAction\",\"name\":\"Comment\",\"target\":[\"https:\\\/\\\/lasentinelle.dz\\\/index.php\\\/2022\\\/09\\\/25\\\/il-accumule-les-echecs-sur-le-dossier-du-sahara-occidental-le-maroc-senfonce-dans-lisolement\\\/#respond\"]}]},{\"@type\":\"WebPage\",\"@id\":\"https:\\\/\\\/lasentinelle.dz\\\/index.php\\\/2022\\\/09\\\/25\\\/il-accumule-les-echecs-sur-le-dossier-du-sahara-occidental-le-maroc-senfonce-dans-lisolement\\\/\",\"url\":\"https:\\\/\\\/lasentinelle.dz\\\/index.php\\\/2022\\\/09\\\/25\\\/il-accumule-les-echecs-sur-le-dossier-du-sahara-occidental-le-maroc-senfonce-dans-lisolement\\\/\",\"name\":\"Il accumule les \u00e9checs sur le dossier du Sahara occidental\u00a0: Le Maroc s\u2019enfonce dans l\u2019isolement - La Sentinelle\",\"isPartOf\":{\"@id\":\"https:\\\/\\\/lasentinelle.dz\\\/#website\"},\"primaryImageOfPage\":{\"@id\":\"https:\\\/\\\/lasentinelle.dz\\\/index.php\\\/2022\\\/09\\\/25\\\/il-accumule-les-echecs-sur-le-dossier-du-sahara-occidental-le-maroc-senfonce-dans-lisolement\\\/#primaryimage\"},\"image\":{\"@id\":\"https:\\\/\\\/lasentinelle.dz\\\/index.php\\\/2022\\\/09\\\/25\\\/il-accumule-les-echecs-sur-le-dossier-du-sahara-occidental-le-maroc-senfonce-dans-lisolement\\\/#primaryimage\"},\"thumbnailUrl\":\"https:\\\/\\\/lasentinelle.dz\\\/wp-content\\\/uploads\\\/2022\\\/02\\\/sahara.png\",\"datePublished\":\"2022-09-24T23:08:00+00:00\",\"breadcrumb\":{\"@id\":\"https:\\\/\\\/lasentinelle.dz\\\/index.php\\\/2022\\\/09\\\/25\\\/il-accumule-les-echecs-sur-le-dossier-du-sahara-occidental-le-maroc-senfonce-dans-lisolement\\\/#breadcrumb\"},\"inLanguage\":\"fr-FR\",\"potentialAction\":[{\"@type\":\"ReadAction\",\"target\":[\"https:\\\/\\\/lasentinelle.dz\\\/index.php\\\/2022\\\/09\\\/25\\\/il-accumule-les-echecs-sur-le-dossier-du-sahara-occidental-le-maroc-senfonce-dans-lisolement\\\/\"]}]},{\"@type\":\"ImageObject\",\"inLanguage\":\"fr-FR\",\"@id\":\"https:\\\/\\\/lasentinelle.dz\\\/index.php\\\/2022\\\/09\\\/25\\\/il-accumule-les-echecs-sur-le-dossier-du-sahara-occidental-le-maroc-senfonce-dans-lisolement\\\/#primaryimage\",\"url\":\"https:\\\/\\\/lasentinelle.dz\\\/wp-content\\\/uploads\\\/2022\\\/02\\\/sahara.png\",\"contentUrl\":\"https:\\\/\\\/lasentinelle.dz\\\/wp-content\\\/uploads\\\/2022\\\/02\\\/sahara.png\",\"width\":1600,\"height\":900},{\"@type\":\"BreadcrumbList\",\"@id\":\"https:\\\/\\\/lasentinelle.dz\\\/index.php\\\/2022\\\/09\\\/25\\\/il-accumule-les-echecs-sur-le-dossier-du-sahara-occidental-le-maroc-senfonce-dans-lisolement\\\/#breadcrumb\",\"itemListElement\":[{\"@type\":\"ListItem\",\"position\":1,\"name\":\"Accueil\",\"item\":\"https:\\\/\\\/lasentinelle.dz\\\/\"},{\"@type\":\"ListItem\",\"position\":2,\"name\":\"Il accumule les \u00e9checs sur le dossier du Sahara occidental\u00a0: Le Maroc s\u2019enfonce dans l\u2019isolement\"}]},{\"@type\":\"WebSite\",\"@id\":\"https:\\\/\\\/lasentinelle.dz\\\/#website\",\"url\":\"https:\\\/\\\/lasentinelle.dz\\\/\",\"name\":\"La Sentinelle\",\"description\":\"Quotidien national d&#039;information\",\"publisher\":{\"@id\":\"https:\\\/\\\/lasentinelle.dz\\\/#organization\"},\"potentialAction\":[{\"@type\":\"SearchAction\",\"target\":{\"@type\":\"EntryPoint\",\"urlTemplate\":\"https:\\\/\\\/lasentinelle.dz\\\/?s={search_term_string}\"},\"query-input\":{\"@type\":\"PropertyValueSpecification\",\"valueRequired\":true,\"valueName\":\"search_term_string\"}}],\"inLanguage\":\"fr-FR\"},{\"@type\":\"Organization\",\"@id\":\"https:\\\/\\\/lasentinelle.dz\\\/#organization\",\"name\":\"Quotidien La Sentinelle\",\"url\":\"https:\\\/\\\/lasentinelle.dz\\\/\",\"logo\":{\"@type\":\"ImageObject\",\"inLanguage\":\"fr-FR\",\"@id\":\"https:\\\/\\\/lasentinelle.dz\\\/#\\\/schema\\\/logo\\\/image\\\/\",\"url\":\"https:\\\/\\\/lasentinelle.dz\\\/wp-content\\\/uploads\\\/2021\\\/09\\\/logo-sentinelleSLOGAN-1.png\",\"contentUrl\":\"https:\\\/\\\/lasentinelle.dz\\\/wp-content\\\/uploads\\\/2021\\\/09\\\/logo-sentinelleSLOGAN-1.png\",\"width\":615,\"height\":142,\"caption\":\"Quotidien La Sentinelle\"},\"image\":{\"@id\":\"https:\\\/\\\/lasentinelle.dz\\\/#\\\/schema\\\/logo\\\/image\\\/\"},\"sameAs\":[\"https:\\\/\\\/www.facebook.com\\\/La-Sentinelle-104059864394773\"]},{\"@type\":\"Person\",\"@id\":\"https:\\\/\\\/lasentinelle.dz\\\/#\\\/schema\\\/person\\\/d865044e22e70a75174ce8bcad3acfb3\",\"name\":\"La Sentinelle\",\"image\":{\"@type\":\"ImageObject\",\"inLanguage\":\"fr-FR\",\"@id\":\"https:\\\/\\\/secure.gravatar.com\\\/avatar\\\/57de8e5d4b15d43fb361a71fbb36338450fe67865b528a43dd10ef7c51a20392?s=96&d=mm&r=g\",\"url\":\"https:\\\/\\\/secure.gravatar.com\\\/avatar\\\/57de8e5d4b15d43fb361a71fbb36338450fe67865b528a43dd10ef7c51a20392?s=96&d=mm&r=g\",\"contentUrl\":\"https:\\\/\\\/secure.gravatar.com\\\/avatar\\\/57de8e5d4b15d43fb361a71fbb36338450fe67865b528a43dd10ef7c51a20392?s=96&d=mm&r=g\",\"caption\":\"La Sentinelle\"},\"sameAs\":[\"http:\\\/\\\/www.lasentinelle.dz\"],\"url\":\"https:\\\/\\\/lasentinelle.dz\\\/author\\\/redaction\\\/\"}]}<\/script>\n<!-- \/ Yoast SEO plugin. -->","yoast_head_json":{"title":"Il accumule les \u00e9checs sur le dossier du Sahara occidental\u00a0: Le Maroc s\u2019enfonce dans l\u2019isolement - La Sentinelle","robots":{"index":"index","follow":"follow","max-snippet":"max-snippet:-1","max-image-preview":"max-image-preview:large","max-video-preview":"max-video-preview:-1"},"canonical":"https:\/\/lasentinelle.dz\/index.php\/2022\/09\/25\/il-accumule-les-echecs-sur-le-dossier-du-sahara-occidental-le-maroc-senfonce-dans-lisolement\/","og_locale":"fr_FR","og_type":"article","og_title":"Il accumule les \u00e9checs sur le dossier du Sahara occidental\u00a0: Le Maroc s\u2019enfonce dans l\u2019isolement - La Sentinelle","og_description":"Face \u00e0 la cause juste et l\u00e9gitime du peuple sahraoui, les man\u0153uvres du Makhzen destin\u00e9es \u00e0 l\u00e9gitimer la colonisation du","og_url":"https:\/\/lasentinelle.dz\/index.php\/2022\/09\/25\/il-accumule-les-echecs-sur-le-dossier-du-sahara-occidental-le-maroc-senfonce-dans-lisolement\/","og_site_name":"La Sentinelle","article_publisher":"https:\/\/www.facebook.com\/La-Sentinelle-104059864394773","article_published_time":"2022-09-24T23:08:00+00:00","og_image":[{"width":1600,"height":900,"url":"https:\/\/lasentinelle.dz\/wp-content\/uploads\/2022\/02\/sahara.png","type":"image\/png"}],"author":"La Sentinelle","twitter_card":"summary_large_image","twitter_misc":{"\u00c9crit par":"La Sentinelle","Dur\u00e9e de lecture estim\u00e9e":"5 minutes"},"schema":{"@context":"https:\/\/schema.org","@graph":[{"@type":"Article","@id":"https:\/\/lasentinelle.dz\/index.php\/2022\/09\/25\/il-accumule-les-echecs-sur-le-dossier-du-sahara-occidental-le-maroc-senfonce-dans-lisolement\/#article","isPartOf":{"@id":"https:\/\/lasentinelle.dz\/index.php\/2022\/09\/25\/il-accumule-les-echecs-sur-le-dossier-du-sahara-occidental-le-maroc-senfonce-dans-lisolement\/"},"author":{"name":"La Sentinelle","@id":"https:\/\/lasentinelle.dz\/#\/schema\/person\/d865044e22e70a75174ce8bcad3acfb3"},"headline":"Il accumule les \u00e9checs sur le dossier du Sahara occidental\u00a0: Le Maroc s\u2019enfonce dans l\u2019isolement","datePublished":"2022-09-24T23:08:00+00:00","mainEntityOfPage":{"@id":"https:\/\/lasentinelle.dz\/index.php\/2022\/09\/25\/il-accumule-les-echecs-sur-le-dossier-du-sahara-occidental-le-maroc-senfonce-dans-lisolement\/"},"wordCount":1037,"commentCount":0,"publisher":{"@id":"https:\/\/lasentinelle.dz\/#organization"},"image":{"@id":"https:\/\/lasentinelle.dz\/index.php\/2022\/09\/25\/il-accumule-les-echecs-sur-le-dossier-du-sahara-occidental-le-maroc-senfonce-dans-lisolement\/#primaryimage"},"thumbnailUrl":"https:\/\/lasentinelle.dz\/wp-content\/uploads\/2022\/02\/sahara.png","articleSection":["\u00c0 la Une","Actualit\u00e9"],"inLanguage":"fr-FR","potentialAction":[{"@type":"CommentAction","name":"Comment","target":["https:\/\/lasentinelle.dz\/index.php\/2022\/09\/25\/il-accumule-les-echecs-sur-le-dossier-du-sahara-occidental-le-maroc-senfonce-dans-lisolement\/#respond"]}]},{"@type":"WebPage","@id":"https:\/\/lasentinelle.dz\/index.php\/2022\/09\/25\/il-accumule-les-echecs-sur-le-dossier-du-sahara-occidental-le-maroc-senfonce-dans-lisolement\/","url":"https:\/\/lasentinelle.dz\/index.php\/2022\/09\/25\/il-accumule-les-echecs-sur-le-dossier-du-sahara-occidental-le-maroc-senfonce-dans-lisolement\/","name":"Il accumule les \u00e9checs sur le dossier du Sahara occidental\u00a0: Le Maroc s\u2019enfonce dans l\u2019isolement - La Sentinelle","isPartOf":{"@id":"https:\/\/lasentinelle.dz\/#website"},"primaryImageOfPage":{"@id":"https:\/\/lasentinelle.dz\/index.php\/2022\/09\/25\/il-accumule-les-echecs-sur-le-dossier-du-sahara-occidental-le-maroc-senfonce-dans-lisolement\/#primaryimage"},"image":{"@id":"https:\/\/lasentinelle.dz\/index.php\/2022\/09\/25\/il-accumule-les-echecs-sur-le-dossier-du-sahara-occidental-le-maroc-senfonce-dans-lisolement\/#primaryimage"},"thumbnailUrl":"https:\/\/lasentinelle.dz\/wp-content\/uploads\/2022\/02\/sahara.png","datePublished":"2022-09-24T23:08:00+00:00","breadcrumb":{"@id":"https:\/\/lasentinelle.dz\/index.php\/2022\/09\/25\/il-accumule-les-echecs-sur-le-dossier-du-sahara-occidental-le-maroc-senfonce-dans-lisolement\/#breadcrumb"},"inLanguage":"fr-FR","potentialAction":[{"@type":"ReadAction","target":["https:\/\/lasentinelle.dz\/index.php\/2022\/09\/25\/il-accumule-les-echecs-sur-le-dossier-du-sahara-occidental-le-maroc-senfonce-dans-lisolement\/"]}]},{"@type":"ImageObject","inLanguage":"fr-FR","@id":"https:\/\/lasentinelle.dz\/index.php\/2022\/09\/25\/il-accumule-les-echecs-sur-le-dossier-du-sahara-occidental-le-maroc-senfonce-dans-lisolement\/#primaryimage","url":"https:\/\/lasentinelle.dz\/wp-content\/uploads\/2022\/02\/sahara.png","contentUrl":"https:\/\/lasentinelle.dz\/wp-content\/uploads\/2022\/02\/sahara.png","width":1600,"height":900},{"@type":"BreadcrumbList","@id":"https:\/\/lasentinelle.dz\/index.php\/2022\/09\/25\/il-accumule-les-echecs-sur-le-dossier-du-sahara-occidental-le-maroc-senfonce-dans-lisolement\/#breadcrumb","itemListElement":[{"@type":"ListItem","position":1,"name":"Accueil","item":"https:\/\/lasentinelle.dz\/"},{"@type":"ListItem","position":2,"name":"Il accumule les \u00e9checs sur le dossier du Sahara occidental\u00a0: Le Maroc s\u2019enfonce dans l\u2019isolement"}]},{"@type":"WebSite","@id":"https:\/\/lasentinelle.dz\/#website","url":"https:\/\/lasentinelle.dz\/","name":"La Sentinelle","description":"Quotidien national d&#039;information","publisher":{"@id":"https:\/\/lasentinelle.dz\/#organization"},"potentialAction":[{"@type":"SearchAction","target":{"@type":"EntryPoint","urlTemplate":"https:\/\/lasentinelle.dz\/?s={search_term_string}"},"query-input":{"@type":"PropertyValueSpecification","valueRequired":true,"valueName":"search_term_string"}}],"inLanguage":"fr-FR"},{"@type":"Organization","@id":"https:\/\/lasentinelle.dz\/#organization","name":"Quotidien La Sentinelle","url":"https:\/\/lasentinelle.dz\/","logo":{"@type":"ImageObject","inLanguage":"fr-FR","@id":"https:\/\/lasentinelle.dz\/#\/schema\/logo\/image\/","url":"https:\/\/lasentinelle.dz\/wp-content\/uploads\/2021\/09\/logo-sentinelleSLOGAN-1.png","contentUrl":"https:\/\/lasentinelle.dz\/wp-content\/uploads\/2021\/09\/logo-sentinelleSLOGAN-1.png","width":615,"height":142,"caption":"Quotidien La Sentinelle"},"image":{"@id":"https:\/\/lasentinelle.dz\/#\/schema\/logo\/image\/"},"sameAs":["https:\/\/www.facebook.com\/La-Sentinelle-104059864394773"]},{"@type":"Person","@id":"https:\/\/lasentinelle.dz\/#\/schema\/person\/d865044e22e70a75174ce8bcad3acfb3","name":"La Sentinelle","image":{"@type":"ImageObject","inLanguage":"fr-FR","@id":"https:\/\/secure.gravatar.com\/avatar\/57de8e5d4b15d43fb361a71fbb36338450fe67865b528a43dd10ef7c51a20392?s=96&d=mm&r=g","url":"https:\/\/secure.gravatar.com\/avatar\/57de8e5d4b15d43fb361a71fbb36338450fe67865b528a43dd10ef7c51a20392?s=96&d=mm&r=g","contentUrl":"https:\/\/secure.gravatar.com\/avatar\/57de8e5d4b15d43fb361a71fbb36338450fe67865b528a43dd10ef7c51a20392?s=96&d=mm&r=g","caption":"La Sentinelle"},"sameAs":["http:\/\/www.lasentinelle.dz"],"url":"https:\/\/lasentinelle.dz\/author\/redaction\/"}]}},"_links":{"self":[{"href":"https:\/\/lasentinelle.dz\/index.php\/wp-json\/wp\/v2\/posts\/27909","targetHints":{"allow":["GET"]}}],"collection":[{"href":"https:\/\/lasentinelle.dz\/index.php\/wp-json\/wp\/v2\/posts"}],"about":[{"href":"https:\/\/lasentinelle.dz\/index.php\/wp-json\/wp\/v2\/types\/post"}],"author":[{"embeddable":true,"href":"https:\/\/lasentinelle.dz\/index.php\/wp-json\/wp\/v2\/users\/3"}],"replies":[{"embeddable":true,"href":"https:\/\/lasentinelle.dz\/index.php\/wp-json\/wp\/v2\/comments?post=27909"}],"version-history":[{"count":1,"href":"https:\/\/lasentinelle.dz\/index.php\/wp-json\/wp\/v2\/posts\/27909\/revisions"}],"predecessor-version":[{"id":27917,"href":"https:\/\/lasentinelle.dz\/index.php\/wp-json\/wp\/v2\/posts\/27909\/revisions\/27917"}],"wp:featuredmedia":[{"embeddable":true,"href":"https:\/\/lasentinelle.dz\/index.php\/wp-json\/wp\/v2\/media\/17546"}],"wp:attachment":[{"href":"https:\/\/lasentinelle.dz\/index.php\/wp-json\/wp\/v2\/media?parent=27909"}],"wp:term":[{"taxonomy":"category","embeddable":true,"href":"https:\/\/lasentinelle.dz\/index.php\/wp-json\/wp\/v2\/categories?post=27909"},{"taxonomy":"post_tag","embeddable":true,"href":"https:\/\/lasentinelle.dz\/index.php\/wp-json\/wp\/v2\/tags?post=27909"}],"curies":[{"name":"wp","href":"https:\/\/api.w.org\/{rel}","templated":true}]}}