{"id":27918,"date":"2022-09-25T00:05:00","date_gmt":"2022-09-24T23:05:00","guid":{"rendered":"https:\/\/lasentinelle.dz\/?p=27918"},"modified":"2022-09-24T19:57:51","modified_gmt":"2022-09-24T18:57:51","slug":"lamamra-se-reunit-avec-le-groupe-de-haut-niveau-sur-la-securite-defis-politiques-securitaires-et-de-developpement-dans-le-sahel","status":"publish","type":"post","link":"https:\/\/lasentinelle.dz\/index.php\/2022\/09\/25\/lamamra-se-reunit-avec-le-groupe-de-haut-niveau-sur-la-securite-defis-politiques-securitaires-et-de-developpement-dans-le-sahel\/","title":{"rendered":"Lamamra se r\u00e9unit avec le Groupe de haut niveau sur la s\u00e9curit\u00e9\u00a0: D\u00e9fis politiques, s\u00e9curitaires et de d\u00e9veloppement dans le Sahel"},"content":{"rendered":"\n<p>Le ministre des Affaires \u00e9trang\u00e8res et de la Communaut\u00e9 nationale \u00e0 l&rsquo;\u00e9tranger, Ramtane Lamamra a tenu, vendredi \u00e0 New York, une r\u00e9union avec le Groupe de haut niveau sur la s\u00e9curit\u00e9 et le d\u00e9veloppement au Sahel, celle ci a \u00e9t\u00e9 pr\u00e9sid\u00e9e par l&rsquo;ancien pr\u00e9sident du Niger, Mahamadou Issoufou. Cette r\u00e9union entre dans le cadre de sa participation aux travaux de la 77e session de l&rsquo;Assembl\u00e9e g\u00e9n\u00e9rale de l&rsquo;ONU. Les entretiens avec le pr\u00e9sident et les membres du Groupe ont \u00e9t\u00e9 focalis\u00e9s autour des d\u00e9fis politiques, s\u00e9curitaires et de d\u00e9veloppement dans la r\u00e9gion sah\u00e9lo-saharienne et les perspectives \u00e0 d\u00e9cider pour y faire face.&nbsp; Informant ses invit\u00e9s sur les efforts consentis par l&rsquo;Alg\u00e9rie, Lamamra s\u2019est \u00e9galement \u00e9tal\u00e9 sur la n\u00e9cessit\u00e9 de \u00abr\u00e9tablir la paix et la stabilit\u00e9 et encourager le d\u00e9veloppement dans cet espace qui repr\u00e9sente son voisinage direct\u00bb. L\u2019Alg\u00e9rie a lanc\u00e9 plusieurs initiatives aux fins&nbsp; de consolider la coop\u00e9ration r\u00e9gionale et activer les m\u00e9canismes op\u00e9rationnels entre les Etats de la r\u00e9gion, celles-ci ont&nbsp; \u00e9t\u00e9 au menu des discussions entre Lamamra et les membres du Groupe. Les membres de ce Groupe, cr\u00e9\u00e9 en collaboration entre l&rsquo;ONU, l&rsquo;Union africaine (UA) et la Communaut\u00e9 \u00e9conomique des Etats de l&rsquo;Afrique de l&rsquo;Ouest (CEDEAO), ont \u00e9t\u00e9 install\u00e9s officiellement le 22 septembre. Dans son mandat, le Groupe de Haut niveau proc\u00e9dera \u00e0 une \u00e9valuation ind\u00e9pendante et formulera des recommandations concr\u00e8tes permettant de relever les d\u00e9fis auxquels font face les Etats de la r\u00e9gion sah\u00e9lo-saharienne et mobiliser les ressources n\u00e9cessaires pour leur assurer une r\u00e9ponse durable. Pr\u00e9sid\u00e9 par l&rsquo;ancien pr\u00e9sident du Niger, Mahamadou Issoufou, le groupe est compos\u00e9 de Donald Kaberuka, ancien ministre des Finances du Ruanda et ancien pr\u00e9sident de la Banque africaine de d\u00e9veloppement (BAD), de l&rsquo;ambassadrice Leila Zerrougui, ancienne repr\u00e9sentante du Secr\u00e9taire g\u00e9n\u00e9ral de l&rsquo;ONU et cheffe de la mission onusienne pour la stabilisation en R\u00e9publique d\u00e9mocratique du Congo (MONUSCO), de Sohoyata Maiga, avocate et ancienne pr\u00e9sidente de la Commission africaine des droits de l&rsquo;homme et des peuples, et de Mohamed Ibn Chambas, ancien repr\u00e9sentant sp\u00e9cial du Secr\u00e9taire g\u00e9n\u00e9ral des Nations-Unies pour l&rsquo;Afrique de l&rsquo;Ouest et le Sahel.<\/p>\n\n\n\n<p><strong>Salim Abdenour<\/strong><\/p>\n","protected":false},"excerpt":{"rendered":"<p>Le ministre des Affaires \u00e9trang\u00e8res et de la Communaut\u00e9 nationale \u00e0 l&rsquo;\u00e9tranger, Ramtane Lamamra a tenu, vendredi \u00e0 New York,<\/p>\n","protected":false},"author":3,"featured_media":27920,"comment_status":"open","ping_status":"closed","sticky":false,"template":"","format":"standard","meta":{"colormag_page_container_layout":"default_layout","colormag_page_sidebar_layout":"default_layout","om_disable_all_campaigns":false,"_monsterinsights_skip_tracking":false,"_monsterinsights_sitenote_active":false,"_monsterinsights_sitenote_note":"","_monsterinsights_sitenote_category":0,"footnotes":"","_wpscppro_dont_share_socialmedia":false,"_wpscppro_custom_social_share_image":0,"_facebook_share_type":"","_twitter_share_type":"","_linkedin_share_type":"","_pinterest_share_type":"","_linkedin_share_type_page":"","_instagram_share_type":"","_medium_share_type":"","_threads_share_type":"","_google_business_share_type":"","_selected_social_profile":[],"_wpsp_enable_custom_social_template":false,"_wpsp_social_scheduling":{"enabled":false,"datetime":null,"platforms":[],"status":"template_only","dateOption":"today","timeOption":"now","customDays":"","customHours":"","customDate":"","customTime":"","schedulingType":"absolute"},"_wpsp_active_default_template":true},"categories":[27],"tags":[],"class_list":["post-27918","post","type-post","status-publish","format-standard","has-post-thumbnail","hentry","category-actualite"],"aioseo_notices":[],"yoast_head":"<!-- This site is optimized with the Yoast SEO plugin v27.5 - https:\/\/yoast.com\/product\/yoast-seo-wordpress\/ -->\n<title>Lamamra se r\u00e9unit avec le Groupe de haut niveau sur la s\u00e9curit\u00e9\u00a0: D\u00e9fis politiques, s\u00e9curitaires et de d\u00e9veloppement dans le Sahel - La Sentinelle<\/title>\n<meta name=\"robots\" content=\"index, follow, max-snippet:-1, max-image-preview:large, max-video-preview:-1\" \/>\n<link rel=\"canonical\" href=\"https:\/\/lasentinelle.dz\/index.php\/2022\/09\/25\/lamamra-se-reunit-avec-le-groupe-de-haut-niveau-sur-la-securite-defis-politiques-securitaires-et-de-developpement-dans-le-sahel\/\" \/>\n<meta property=\"og:locale\" content=\"fr_FR\" \/>\n<meta property=\"og:type\" content=\"article\" \/>\n<meta property=\"og:title\" content=\"Lamamra se r\u00e9unit avec le Groupe de haut niveau sur la s\u00e9curit\u00e9\u00a0: D\u00e9fis politiques, s\u00e9curitaires et de d\u00e9veloppement dans le Sahel - La Sentinelle\" \/>\n<meta property=\"og:description\" content=\"Le ministre des Affaires \u00e9trang\u00e8res et de la Communaut\u00e9 nationale \u00e0 l&rsquo;\u00e9tranger, Ramtane Lamamra a tenu, vendredi \u00e0 New York,\" \/>\n<meta property=\"og:url\" content=\"https:\/\/lasentinelle.dz\/index.php\/2022\/09\/25\/lamamra-se-reunit-avec-le-groupe-de-haut-niveau-sur-la-securite-defis-politiques-securitaires-et-de-developpement-dans-le-sahel\/\" \/>\n<meta property=\"og:site_name\" content=\"La Sentinelle\" \/>\n<meta property=\"article:publisher\" content=\"https:\/\/www.facebook.com\/La-Sentinelle-104059864394773\" \/>\n<meta property=\"article:published_time\" content=\"2022-09-24T23:05:00+00:00\" \/>\n<meta property=\"og:image\" content=\"https:\/\/lasentinelle.dz\/wp-content\/uploads\/2022\/09\/Sans-titre-1-1.png\" \/>\n\t<meta property=\"og:image:width\" content=\"1427\" \/>\n\t<meta property=\"og:image:height\" content=\"900\" \/>\n\t<meta property=\"og:image:type\" content=\"image\/png\" \/>\n<meta name=\"author\" content=\"La Sentinelle\" \/>\n<meta name=\"twitter:card\" content=\"summary_large_image\" \/>\n<meta name=\"twitter:label1\" content=\"\u00c9crit par\" \/>\n\t<meta name=\"twitter:data1\" content=\"La Sentinelle\" \/>\n\t<meta name=\"twitter:label2\" content=\"Dur\u00e9e de lecture estim\u00e9e\" \/>\n\t<meta name=\"twitter:data2\" content=\"2 minutes\" \/>\n<script type=\"application\/ld+json\" class=\"yoast-schema-graph\">{\"@context\":\"https:\\\/\\\/schema.org\",\"@graph\":[{\"@type\":\"Article\",\"@id\":\"https:\\\/\\\/lasentinelle.dz\\\/index.php\\\/2022\\\/09\\\/25\\\/lamamra-se-reunit-avec-le-groupe-de-haut-niveau-sur-la-securite-defis-politiques-securitaires-et-de-developpement-dans-le-sahel\\\/#article\",\"isPartOf\":{\"@id\":\"https:\\\/\\\/lasentinelle.dz\\\/index.php\\\/2022\\\/09\\\/25\\\/lamamra-se-reunit-avec-le-groupe-de-haut-niveau-sur-la-securite-defis-politiques-securitaires-et-de-developpement-dans-le-sahel\\\/\"},\"author\":{\"name\":\"La Sentinelle\",\"@id\":\"https:\\\/\\\/lasentinelle.dz\\\/#\\\/schema\\\/person\\\/d865044e22e70a75174ce8bcad3acfb3\"},\"headline\":\"Lamamra se r\u00e9unit avec le Groupe de haut niveau sur la s\u00e9curit\u00e9\u00a0: D\u00e9fis politiques, s\u00e9curitaires et de d\u00e9veloppement dans le Sahel\",\"datePublished\":\"2022-09-24T23:05:00+00:00\",\"mainEntityOfPage\":{\"@id\":\"https:\\\/\\\/lasentinelle.dz\\\/index.php\\\/2022\\\/09\\\/25\\\/lamamra-se-reunit-avec-le-groupe-de-haut-niveau-sur-la-securite-defis-politiques-securitaires-et-de-developpement-dans-le-sahel\\\/\"},\"wordCount\":442,\"commentCount\":0,\"publisher\":{\"@id\":\"https:\\\/\\\/lasentinelle.dz\\\/#organization\"},\"image\":{\"@id\":\"https:\\\/\\\/lasentinelle.dz\\\/index.php\\\/2022\\\/09\\\/25\\\/lamamra-se-reunit-avec-le-groupe-de-haut-niveau-sur-la-securite-defis-politiques-securitaires-et-de-developpement-dans-le-sahel\\\/#primaryimage\"},\"thumbnailUrl\":\"https:\\\/\\\/lasentinelle.dz\\\/wp-content\\\/uploads\\\/2022\\\/09\\\/Sans-titre-1-1.png\",\"articleSection\":[\"Actualit\u00e9\"],\"inLanguage\":\"fr-FR\",\"potentialAction\":[{\"@type\":\"CommentAction\",\"name\":\"Comment\",\"target\":[\"https:\\\/\\\/lasentinelle.dz\\\/index.php\\\/2022\\\/09\\\/25\\\/lamamra-se-reunit-avec-le-groupe-de-haut-niveau-sur-la-securite-defis-politiques-securitaires-et-de-developpement-dans-le-sahel\\\/#respond\"]}]},{\"@type\":\"WebPage\",\"@id\":\"https:\\\/\\\/lasentinelle.dz\\\/index.php\\\/2022\\\/09\\\/25\\\/lamamra-se-reunit-avec-le-groupe-de-haut-niveau-sur-la-securite-defis-politiques-securitaires-et-de-developpement-dans-le-sahel\\\/\",\"url\":\"https:\\\/\\\/lasentinelle.dz\\\/index.php\\\/2022\\\/09\\\/25\\\/lamamra-se-reunit-avec-le-groupe-de-haut-niveau-sur-la-securite-defis-politiques-securitaires-et-de-developpement-dans-le-sahel\\\/\",\"name\":\"Lamamra se r\u00e9unit avec le Groupe de haut niveau sur la s\u00e9curit\u00e9\u00a0: D\u00e9fis politiques, s\u00e9curitaires et de d\u00e9veloppement dans le Sahel - La Sentinelle\",\"isPartOf\":{\"@id\":\"https:\\\/\\\/lasentinelle.dz\\\/#website\"},\"primaryImageOfPage\":{\"@id\":\"https:\\\/\\\/lasentinelle.dz\\\/index.php\\\/2022\\\/09\\\/25\\\/lamamra-se-reunit-avec-le-groupe-de-haut-niveau-sur-la-securite-defis-politiques-securitaires-et-de-developpement-dans-le-sahel\\\/#primaryimage\"},\"image\":{\"@id\":\"https:\\\/\\\/lasentinelle.dz\\\/index.php\\\/2022\\\/09\\\/25\\\/lamamra-se-reunit-avec-le-groupe-de-haut-niveau-sur-la-securite-defis-politiques-securitaires-et-de-developpement-dans-le-sahel\\\/#primaryimage\"},\"thumbnailUrl\":\"https:\\\/\\\/lasentinelle.dz\\\/wp-content\\\/uploads\\\/2022\\\/09\\\/Sans-titre-1-1.png\",\"datePublished\":\"2022-09-24T23:05:00+00:00\",\"breadcrumb\":{\"@id\":\"https:\\\/\\\/lasentinelle.dz\\\/index.php\\\/2022\\\/09\\\/25\\\/lamamra-se-reunit-avec-le-groupe-de-haut-niveau-sur-la-securite-defis-politiques-securitaires-et-de-developpement-dans-le-sahel\\\/#breadcrumb\"},\"inLanguage\":\"fr-FR\",\"potentialAction\":[{\"@type\":\"ReadAction\",\"target\":[\"https:\\\/\\\/lasentinelle.dz\\\/index.php\\\/2022\\\/09\\\/25\\\/lamamra-se-reunit-avec-le-groupe-de-haut-niveau-sur-la-securite-defis-politiques-securitaires-et-de-developpement-dans-le-sahel\\\/\"]}]},{\"@type\":\"ImageObject\",\"inLanguage\":\"fr-FR\",\"@id\":\"https:\\\/\\\/lasentinelle.dz\\\/index.php\\\/2022\\\/09\\\/25\\\/lamamra-se-reunit-avec-le-groupe-de-haut-niveau-sur-la-securite-defis-politiques-securitaires-et-de-developpement-dans-le-sahel\\\/#primaryimage\",\"url\":\"https:\\\/\\\/lasentinelle.dz\\\/wp-content\\\/uploads\\\/2022\\\/09\\\/Sans-titre-1-1.png\",\"contentUrl\":\"https:\\\/\\\/lasentinelle.dz\\\/wp-content\\\/uploads\\\/2022\\\/09\\\/Sans-titre-1-1.png\",\"width\":1427,\"height\":900},{\"@type\":\"BreadcrumbList\",\"@id\":\"https:\\\/\\\/lasentinelle.dz\\\/index.php\\\/2022\\\/09\\\/25\\\/lamamra-se-reunit-avec-le-groupe-de-haut-niveau-sur-la-securite-defis-politiques-securitaires-et-de-developpement-dans-le-sahel\\\/#breadcrumb\",\"itemListElement\":[{\"@type\":\"ListItem\",\"position\":1,\"name\":\"Accueil\",\"item\":\"https:\\\/\\\/lasentinelle.dz\\\/\"},{\"@type\":\"ListItem\",\"position\":2,\"name\":\"Lamamra se r\u00e9unit avec le Groupe de haut niveau sur la s\u00e9curit\u00e9\u00a0: D\u00e9fis politiques, s\u00e9curitaires et de d\u00e9veloppement dans le Sahel\"}]},{\"@type\":\"WebSite\",\"@id\":\"https:\\\/\\\/lasentinelle.dz\\\/#website\",\"url\":\"https:\\\/\\\/lasentinelle.dz\\\/\",\"name\":\"La Sentinelle\",\"description\":\"Quotidien national d&#039;information\",\"publisher\":{\"@id\":\"https:\\\/\\\/lasentinelle.dz\\\/#organization\"},\"potentialAction\":[{\"@type\":\"SearchAction\",\"target\":{\"@type\":\"EntryPoint\",\"urlTemplate\":\"https:\\\/\\\/lasentinelle.dz\\\/?s={search_term_string}\"},\"query-input\":{\"@type\":\"PropertyValueSpecification\",\"valueRequired\":true,\"valueName\":\"search_term_string\"}}],\"inLanguage\":\"fr-FR\"},{\"@type\":\"Organization\",\"@id\":\"https:\\\/\\\/lasentinelle.dz\\\/#organization\",\"name\":\"Quotidien La Sentinelle\",\"url\":\"https:\\\/\\\/lasentinelle.dz\\\/\",\"logo\":{\"@type\":\"ImageObject\",\"inLanguage\":\"fr-FR\",\"@id\":\"https:\\\/\\\/lasentinelle.dz\\\/#\\\/schema\\\/logo\\\/image\\\/\",\"url\":\"https:\\\/\\\/lasentinelle.dz\\\/wp-content\\\/uploads\\\/2021\\\/09\\\/logo-sentinelleSLOGAN-1.png\",\"contentUrl\":\"https:\\\/\\\/lasentinelle.dz\\\/wp-content\\\/uploads\\\/2021\\\/09\\\/logo-sentinelleSLOGAN-1.png\",\"width\":615,\"height\":142,\"caption\":\"Quotidien La Sentinelle\"},\"image\":{\"@id\":\"https:\\\/\\\/lasentinelle.dz\\\/#\\\/schema\\\/logo\\\/image\\\/\"},\"sameAs\":[\"https:\\\/\\\/www.facebook.com\\\/La-Sentinelle-104059864394773\"]},{\"@type\":\"Person\",\"@id\":\"https:\\\/\\\/lasentinelle.dz\\\/#\\\/schema\\\/person\\\/d865044e22e70a75174ce8bcad3acfb3\",\"name\":\"La Sentinelle\",\"image\":{\"@type\":\"ImageObject\",\"inLanguage\":\"fr-FR\",\"@id\":\"https:\\\/\\\/secure.gravatar.com\\\/avatar\\\/57de8e5d4b15d43fb361a71fbb36338450fe67865b528a43dd10ef7c51a20392?s=96&d=mm&r=g\",\"url\":\"https:\\\/\\\/secure.gravatar.com\\\/avatar\\\/57de8e5d4b15d43fb361a71fbb36338450fe67865b528a43dd10ef7c51a20392?s=96&d=mm&r=g\",\"contentUrl\":\"https:\\\/\\\/secure.gravatar.com\\\/avatar\\\/57de8e5d4b15d43fb361a71fbb36338450fe67865b528a43dd10ef7c51a20392?s=96&d=mm&r=g\",\"caption\":\"La Sentinelle\"},\"sameAs\":[\"http:\\\/\\\/www.lasentinelle.dz\"],\"url\":\"https:\\\/\\\/lasentinelle.dz\\\/author\\\/redaction\\\/\"}]}<\/script>\n<!-- \/ Yoast SEO plugin. -->","yoast_head_json":{"title":"Lamamra se r\u00e9unit avec le Groupe de haut niveau sur la s\u00e9curit\u00e9\u00a0: D\u00e9fis politiques, s\u00e9curitaires et de d\u00e9veloppement dans le Sahel - La Sentinelle","robots":{"index":"index","follow":"follow","max-snippet":"max-snippet:-1","max-image-preview":"max-image-preview:large","max-video-preview":"max-video-preview:-1"},"canonical":"https:\/\/lasentinelle.dz\/index.php\/2022\/09\/25\/lamamra-se-reunit-avec-le-groupe-de-haut-niveau-sur-la-securite-defis-politiques-securitaires-et-de-developpement-dans-le-sahel\/","og_locale":"fr_FR","og_type":"article","og_title":"Lamamra se r\u00e9unit avec le Groupe de haut niveau sur la s\u00e9curit\u00e9\u00a0: D\u00e9fis politiques, s\u00e9curitaires et de d\u00e9veloppement dans le Sahel - La Sentinelle","og_description":"Le ministre des Affaires \u00e9trang\u00e8res et de la Communaut\u00e9 nationale \u00e0 l&rsquo;\u00e9tranger, Ramtane Lamamra a tenu, vendredi \u00e0 New York,","og_url":"https:\/\/lasentinelle.dz\/index.php\/2022\/09\/25\/lamamra-se-reunit-avec-le-groupe-de-haut-niveau-sur-la-securite-defis-politiques-securitaires-et-de-developpement-dans-le-sahel\/","og_site_name":"La Sentinelle","article_publisher":"https:\/\/www.facebook.com\/La-Sentinelle-104059864394773","article_published_time":"2022-09-24T23:05:00+00:00","og_image":[{"width":1427,"height":900,"url":"https:\/\/lasentinelle.dz\/wp-content\/uploads\/2022\/09\/Sans-titre-1-1.png","type":"image\/png"}],"author":"La Sentinelle","twitter_card":"summary_large_image","twitter_misc":{"\u00c9crit par":"La Sentinelle","Dur\u00e9e de lecture estim\u00e9e":"2 minutes"},"schema":{"@context":"https:\/\/schema.org","@graph":[{"@type":"Article","@id":"https:\/\/lasentinelle.dz\/index.php\/2022\/09\/25\/lamamra-se-reunit-avec-le-groupe-de-haut-niveau-sur-la-securite-defis-politiques-securitaires-et-de-developpement-dans-le-sahel\/#article","isPartOf":{"@id":"https:\/\/lasentinelle.dz\/index.php\/2022\/09\/25\/lamamra-se-reunit-avec-le-groupe-de-haut-niveau-sur-la-securite-defis-politiques-securitaires-et-de-developpement-dans-le-sahel\/"},"author":{"name":"La Sentinelle","@id":"https:\/\/lasentinelle.dz\/#\/schema\/person\/d865044e22e70a75174ce8bcad3acfb3"},"headline":"Lamamra se r\u00e9unit avec le Groupe de haut niveau sur la s\u00e9curit\u00e9\u00a0: D\u00e9fis politiques, s\u00e9curitaires et de d\u00e9veloppement dans le Sahel","datePublished":"2022-09-24T23:05:00+00:00","mainEntityOfPage":{"@id":"https:\/\/lasentinelle.dz\/index.php\/2022\/09\/25\/lamamra-se-reunit-avec-le-groupe-de-haut-niveau-sur-la-securite-defis-politiques-securitaires-et-de-developpement-dans-le-sahel\/"},"wordCount":442,"commentCount":0,"publisher":{"@id":"https:\/\/lasentinelle.dz\/#organization"},"image":{"@id":"https:\/\/lasentinelle.dz\/index.php\/2022\/09\/25\/lamamra-se-reunit-avec-le-groupe-de-haut-niveau-sur-la-securite-defis-politiques-securitaires-et-de-developpement-dans-le-sahel\/#primaryimage"},"thumbnailUrl":"https:\/\/lasentinelle.dz\/wp-content\/uploads\/2022\/09\/Sans-titre-1-1.png","articleSection":["Actualit\u00e9"],"inLanguage":"fr-FR","potentialAction":[{"@type":"CommentAction","name":"Comment","target":["https:\/\/lasentinelle.dz\/index.php\/2022\/09\/25\/lamamra-se-reunit-avec-le-groupe-de-haut-niveau-sur-la-securite-defis-politiques-securitaires-et-de-developpement-dans-le-sahel\/#respond"]}]},{"@type":"WebPage","@id":"https:\/\/lasentinelle.dz\/index.php\/2022\/09\/25\/lamamra-se-reunit-avec-le-groupe-de-haut-niveau-sur-la-securite-defis-politiques-securitaires-et-de-developpement-dans-le-sahel\/","url":"https:\/\/lasentinelle.dz\/index.php\/2022\/09\/25\/lamamra-se-reunit-avec-le-groupe-de-haut-niveau-sur-la-securite-defis-politiques-securitaires-et-de-developpement-dans-le-sahel\/","name":"Lamamra se r\u00e9unit avec le Groupe de haut niveau sur la s\u00e9curit\u00e9\u00a0: D\u00e9fis politiques, s\u00e9curitaires et de d\u00e9veloppement dans le Sahel - La Sentinelle","isPartOf":{"@id":"https:\/\/lasentinelle.dz\/#website"},"primaryImageOfPage":{"@id":"https:\/\/lasentinelle.dz\/index.php\/2022\/09\/25\/lamamra-se-reunit-avec-le-groupe-de-haut-niveau-sur-la-securite-defis-politiques-securitaires-et-de-developpement-dans-le-sahel\/#primaryimage"},"image":{"@id":"https:\/\/lasentinelle.dz\/index.php\/2022\/09\/25\/lamamra-se-reunit-avec-le-groupe-de-haut-niveau-sur-la-securite-defis-politiques-securitaires-et-de-developpement-dans-le-sahel\/#primaryimage"},"thumbnailUrl":"https:\/\/lasentinelle.dz\/wp-content\/uploads\/2022\/09\/Sans-titre-1-1.png","datePublished":"2022-09-24T23:05:00+00:00","breadcrumb":{"@id":"https:\/\/lasentinelle.dz\/index.php\/2022\/09\/25\/lamamra-se-reunit-avec-le-groupe-de-haut-niveau-sur-la-securite-defis-politiques-securitaires-et-de-developpement-dans-le-sahel\/#breadcrumb"},"inLanguage":"fr-FR","potentialAction":[{"@type":"ReadAction","target":["https:\/\/lasentinelle.dz\/index.php\/2022\/09\/25\/lamamra-se-reunit-avec-le-groupe-de-haut-niveau-sur-la-securite-defis-politiques-securitaires-et-de-developpement-dans-le-sahel\/"]}]},{"@type":"ImageObject","inLanguage":"fr-FR","@id":"https:\/\/lasentinelle.dz\/index.php\/2022\/09\/25\/lamamra-se-reunit-avec-le-groupe-de-haut-niveau-sur-la-securite-defis-politiques-securitaires-et-de-developpement-dans-le-sahel\/#primaryimage","url":"https:\/\/lasentinelle.dz\/wp-content\/uploads\/2022\/09\/Sans-titre-1-1.png","contentUrl":"https:\/\/lasentinelle.dz\/wp-content\/uploads\/2022\/09\/Sans-titre-1-1.png","width":1427,"height":900},{"@type":"BreadcrumbList","@id":"https:\/\/lasentinelle.dz\/index.php\/2022\/09\/25\/lamamra-se-reunit-avec-le-groupe-de-haut-niveau-sur-la-securite-defis-politiques-securitaires-et-de-developpement-dans-le-sahel\/#breadcrumb","itemListElement":[{"@type":"ListItem","position":1,"name":"Accueil","item":"https:\/\/lasentinelle.dz\/"},{"@type":"ListItem","position":2,"name":"Lamamra se r\u00e9unit avec le Groupe de haut niveau sur la s\u00e9curit\u00e9\u00a0: D\u00e9fis politiques, s\u00e9curitaires et de d\u00e9veloppement dans le Sahel"}]},{"@type":"WebSite","@id":"https:\/\/lasentinelle.dz\/#website","url":"https:\/\/lasentinelle.dz\/","name":"La Sentinelle","description":"Quotidien national d&#039;information","publisher":{"@id":"https:\/\/lasentinelle.dz\/#organization"},"potentialAction":[{"@type":"SearchAction","target":{"@type":"EntryPoint","urlTemplate":"https:\/\/lasentinelle.dz\/?s={search_term_string}"},"query-input":{"@type":"PropertyValueSpecification","valueRequired":true,"valueName":"search_term_string"}}],"inLanguage":"fr-FR"},{"@type":"Organization","@id":"https:\/\/lasentinelle.dz\/#organization","name":"Quotidien La Sentinelle","url":"https:\/\/lasentinelle.dz\/","logo":{"@type":"ImageObject","inLanguage":"fr-FR","@id":"https:\/\/lasentinelle.dz\/#\/schema\/logo\/image\/","url":"https:\/\/lasentinelle.dz\/wp-content\/uploads\/2021\/09\/logo-sentinelleSLOGAN-1.png","contentUrl":"https:\/\/lasentinelle.dz\/wp-content\/uploads\/2021\/09\/logo-sentinelleSLOGAN-1.png","width":615,"height":142,"caption":"Quotidien La Sentinelle"},"image":{"@id":"https:\/\/lasentinelle.dz\/#\/schema\/logo\/image\/"},"sameAs":["https:\/\/www.facebook.com\/La-Sentinelle-104059864394773"]},{"@type":"Person","@id":"https:\/\/lasentinelle.dz\/#\/schema\/person\/d865044e22e70a75174ce8bcad3acfb3","name":"La Sentinelle","image":{"@type":"ImageObject","inLanguage":"fr-FR","@id":"https:\/\/secure.gravatar.com\/avatar\/57de8e5d4b15d43fb361a71fbb36338450fe67865b528a43dd10ef7c51a20392?s=96&d=mm&r=g","url":"https:\/\/secure.gravatar.com\/avatar\/57de8e5d4b15d43fb361a71fbb36338450fe67865b528a43dd10ef7c51a20392?s=96&d=mm&r=g","contentUrl":"https:\/\/secure.gravatar.com\/avatar\/57de8e5d4b15d43fb361a71fbb36338450fe67865b528a43dd10ef7c51a20392?s=96&d=mm&r=g","caption":"La Sentinelle"},"sameAs":["http:\/\/www.lasentinelle.dz"],"url":"https:\/\/lasentinelle.dz\/author\/redaction\/"}]}},"_links":{"self":[{"href":"https:\/\/lasentinelle.dz\/index.php\/wp-json\/wp\/v2\/posts\/27918","targetHints":{"allow":["GET"]}}],"collection":[{"href":"https:\/\/lasentinelle.dz\/index.php\/wp-json\/wp\/v2\/posts"}],"about":[{"href":"https:\/\/lasentinelle.dz\/index.php\/wp-json\/wp\/v2\/types\/post"}],"author":[{"embeddable":true,"href":"https:\/\/lasentinelle.dz\/index.php\/wp-json\/wp\/v2\/users\/3"}],"replies":[{"embeddable":true,"href":"https:\/\/lasentinelle.dz\/index.php\/wp-json\/wp\/v2\/comments?post=27918"}],"version-history":[{"count":1,"href":"https:\/\/lasentinelle.dz\/index.php\/wp-json\/wp\/v2\/posts\/27918\/revisions"}],"predecessor-version":[{"id":27921,"href":"https:\/\/lasentinelle.dz\/index.php\/wp-json\/wp\/v2\/posts\/27918\/revisions\/27921"}],"wp:featuredmedia":[{"embeddable":true,"href":"https:\/\/lasentinelle.dz\/index.php\/wp-json\/wp\/v2\/media\/27920"}],"wp:attachment":[{"href":"https:\/\/lasentinelle.dz\/index.php\/wp-json\/wp\/v2\/media?parent=27918"}],"wp:term":[{"taxonomy":"category","embeddable":true,"href":"https:\/\/lasentinelle.dz\/index.php\/wp-json\/wp\/v2\/categories?post=27918"},{"taxonomy":"post_tag","embeddable":true,"href":"https:\/\/lasentinelle.dz\/index.php\/wp-json\/wp\/v2\/tags?post=27918"}],"curies":[{"name":"wp","href":"https:\/\/api.w.org\/{rel}","templated":true}]}}