{"id":27975,"date":"2022-09-26T00:05:00","date_gmt":"2022-09-25T23:05:00","guid":{"rendered":"https:\/\/lasentinelle.dz\/?p=27975"},"modified":"2022-09-25T20:32:27","modified_gmt":"2022-09-25T19:32:27","slug":"foncier-industriel-benabderrahmane-les-assiettes-inexploitees-doivent-etre-recuperees","status":"publish","type":"post","link":"https:\/\/lasentinelle.dz\/index.php\/2022\/09\/26\/foncier-industriel-benabderrahmane-les-assiettes-inexploitees-doivent-etre-recuperees\/","title":{"rendered":"Foncier industriel\u00a0: Benabderrahmane\u00a0: \u00ab\u00a0Les assiettes inexploit\u00e9es doivent \u00eatre r\u00e9cup\u00e9r\u00e9es\u00a0\u00bb"},"content":{"rendered":"\n<p>Le Premier ministre, A\u00efmeneBenabderrahamne, a affirm\u00e9 en marge de la rencontre Gouvernement-walis ouverte samedi \u00e0 Alger que les walis sont tenus d&rsquo;accompagner les investisseurs en assurant le suivi sur le terrain des projets d&rsquo;investissement. Le Chef de l\u2019Ex\u00e9cutif a expliqu\u00e9 \u00abque le r\u00f4le du wali est d&rsquo;accompagner localement les investisseurs et de faciliter toutes les d\u00e9marches dans le cadre d\u2019une nouvelle approche participative\u00bb, soulignant que \u00ables walis doivent \u00e9couter les \u00e9lus locaux, les repr\u00e9sentants de la soci\u00e9t\u00e9 civile pour diagnostiquer les besoins r\u00e9els d&rsquo;investissement et accompagner tout investisseur d\u00e9sireux d&rsquo;investir\u00bb. En ce qui concerne la gestion du dossier li\u00e9 au foncier et son octroi, le Premier ministre a r\u00e9it\u00e9r\u00e9 la\u00abpriorit\u00e9 accord\u00e9 \u00e0 ceux l\u2019exploitant\u00bb, appelant les walis \u00e0 assurer le suivi des foncier inexploit\u00e9, qui a d\u00e9pass\u00e9 le d\u00e9lai des 6 mois qui ont suivi on octroi en vue de le r\u00e9cup\u00e9rer et l&rsquo;inscrire au sein de la plateforme num\u00e9rique afin de le redistribuer \u00e0 ceux qui le m\u00e9ritent\u00bb. Le Premier ministre a annonc\u00e9 le lancement de l&rsquo;Agence nationale d&rsquo;investissement dans les prochains jours. Il a \u00e9galement rappel\u00e9 les manquements et d\u00e9s\u00e9quilibres constat\u00e9s sur fond de manque de suivi sur le terrain des investissements \u00e0 r\u00e9aliser dans les d\u00e9lais impartis et \u00e0 atteindre leurs objectifs de cr\u00e9ation d&#8217;emplois et de richesses susceptibles de cr\u00e9er des ressources suppl\u00e9mentaires pour la commune. Pour sa part, le ministre de l&rsquo;Industrie, Ahmed Zaghdar a annonc\u00e9, samedi \u00e0 Alger, la r\u00e9cup\u00e9ration de 2.308 hectares de foncier non exploit\u00e9s au niveau des zones industrielles (ZI) et des zones d&rsquo;activit\u00e9s. Le ministre il a expliqu\u00e9 que \u00abce bilan s&rsquo;inscrivait dans le cadre de l&rsquo;assainissement du foncier destin\u00e9 \u00e0 l&rsquo;investissement au niveau local\u00bb. De ce fait, il a fait savoir que \u00abcette op\u00e9ration, qui a \u00e9t\u00e9 lanc\u00e9e par le minist\u00e8re de l&rsquo;Industrie en application des instructions du Pr\u00e9sident de la R\u00e9publique, est toujours en cours\u00bb, rappelant que \u00ables pouvoirs publics avaient adopt\u00e9 un programme pour la r\u00e9alisation de 50 nouvelles ZI r\u00e9parties sur 39 wilayas, de sorte \u00e0 cadrer avec les objectifs du d\u00e9veloppement d&rsquo;un \u00e9quilibre entre les r\u00e9gions et \u00e0 concourir \u00e0 l&rsquo;instauration d&rsquo;un \u00e9quilibre entre les r\u00e9gions\u00bb. Selon Zeghdar, la r\u00e9alisation de 6 zones industrielles, a atteint un taux d\u2019avancement de 80% \u00bb, ajoutant que \u00ables travaux ont \u00e9t\u00e9 plac\u00e9es sous l&rsquo;autorit\u00e9 du minist\u00e8re\u00bb.<\/p>\n\n\n\n<p>&nbsp;<strong>Amar Malki<\/strong><\/p>\n","protected":false},"excerpt":{"rendered":"<p>Le Premier ministre, A\u00efmeneBenabderrahamne, a affirm\u00e9 en marge de la rencontre Gouvernement-walis ouverte samedi \u00e0 Alger que les walis sont<\/p>\n","protected":false},"author":3,"featured_media":15809,"comment_status":"open","ping_status":"closed","sticky":false,"template":"","format":"standard","meta":{"colormag_page_container_layout":"default_layout","colormag_page_sidebar_layout":"default_layout","om_disable_all_campaigns":false,"_monsterinsights_skip_tracking":false,"_monsterinsights_sitenote_active":false,"_monsterinsights_sitenote_note":"","_monsterinsights_sitenote_category":0,"footnotes":"","_wpscppro_dont_share_socialmedia":false,"_wpscppro_custom_social_share_image":0,"_facebook_share_type":"","_twitter_share_type":"","_linkedin_share_type":"","_pinterest_share_type":"","_linkedin_share_type_page":"","_instagram_share_type":"","_medium_share_type":"","_threads_share_type":"","_google_business_share_type":"","_selected_social_profile":[],"_wpsp_enable_custom_social_template":false,"_wpsp_social_scheduling":{"enabled":false,"datetime":null,"platforms":[],"status":"template_only","dateOption":"today","timeOption":"now","customDays":"","customHours":"","customDate":"","customTime":"","schedulingType":"absolute"},"_wpsp_active_default_template":true},"categories":[29],"tags":[],"class_list":["post-27975","post","type-post","status-publish","format-standard","has-post-thumbnail","hentry","category-economie"],"aioseo_notices":[],"yoast_head":"<!-- This site is optimized with the Yoast SEO plugin v27.5 - https:\/\/yoast.com\/product\/yoast-seo-wordpress\/ -->\n<title>Foncier industriel\u00a0: Benabderrahmane\u00a0: \u00ab\u00a0Les assiettes inexploit\u00e9es doivent \u00eatre r\u00e9cup\u00e9r\u00e9es\u00a0\u00bb - La Sentinelle<\/title>\n<meta name=\"robots\" content=\"index, follow, max-snippet:-1, max-image-preview:large, max-video-preview:-1\" \/>\n<link rel=\"canonical\" href=\"https:\/\/lasentinelle.dz\/index.php\/2022\/09\/26\/foncier-industriel-benabderrahmane-les-assiettes-inexploitees-doivent-etre-recuperees\/\" \/>\n<meta property=\"og:locale\" content=\"fr_FR\" \/>\n<meta property=\"og:type\" content=\"article\" \/>\n<meta property=\"og:title\" content=\"Foncier industriel\u00a0: Benabderrahmane\u00a0: \u00ab\u00a0Les assiettes inexploit\u00e9es doivent \u00eatre r\u00e9cup\u00e9r\u00e9es\u00a0\u00bb - La Sentinelle\" \/>\n<meta property=\"og:description\" content=\"Le Premier ministre, A\u00efmeneBenabderrahamne, a affirm\u00e9 en marge de la rencontre Gouvernement-walis ouverte samedi \u00e0 Alger que les walis sont\" \/>\n<meta property=\"og:url\" content=\"https:\/\/lasentinelle.dz\/index.php\/2022\/09\/26\/foncier-industriel-benabderrahmane-les-assiettes-inexploitees-doivent-etre-recuperees\/\" \/>\n<meta property=\"og:site_name\" content=\"La Sentinelle\" \/>\n<meta property=\"article:publisher\" content=\"https:\/\/www.facebook.com\/La-Sentinelle-104059864394773\" \/>\n<meta property=\"article:published_time\" content=\"2022-09-25T23:05:00+00:00\" \/>\n<meta property=\"og:image\" content=\"https:\/\/lasentinelle.dz\/wp-content\/uploads\/2022\/01\/benabderrahmane-reforme.png\" \/>\n\t<meta property=\"og:image:width\" content=\"1377\" \/>\n\t<meta property=\"og:image:height\" content=\"900\" \/>\n\t<meta property=\"og:image:type\" content=\"image\/png\" \/>\n<meta name=\"author\" content=\"La Sentinelle\" \/>\n<meta name=\"twitter:card\" content=\"summary_large_image\" \/>\n<meta name=\"twitter:label1\" content=\"\u00c9crit par\" \/>\n\t<meta name=\"twitter:data1\" content=\"La Sentinelle\" \/>\n\t<meta name=\"twitter:label2\" content=\"Dur\u00e9e de lecture estim\u00e9e\" \/>\n\t<meta name=\"twitter:data2\" content=\"2 minutes\" \/>\n<script type=\"application\/ld+json\" class=\"yoast-schema-graph\">{\"@context\":\"https:\\\/\\\/schema.org\",\"@graph\":[{\"@type\":\"Article\",\"@id\":\"https:\\\/\\\/lasentinelle.dz\\\/index.php\\\/2022\\\/09\\\/26\\\/foncier-industriel-benabderrahmane-les-assiettes-inexploitees-doivent-etre-recuperees\\\/#article\",\"isPartOf\":{\"@id\":\"https:\\\/\\\/lasentinelle.dz\\\/index.php\\\/2022\\\/09\\\/26\\\/foncier-industriel-benabderrahmane-les-assiettes-inexploitees-doivent-etre-recuperees\\\/\"},\"author\":{\"name\":\"La Sentinelle\",\"@id\":\"https:\\\/\\\/lasentinelle.dz\\\/#\\\/schema\\\/person\\\/d865044e22e70a75174ce8bcad3acfb3\"},\"headline\":\"Foncier industriel\u00a0: Benabderrahmane\u00a0: \u00ab\u00a0Les assiettes inexploit\u00e9es doivent \u00eatre r\u00e9cup\u00e9r\u00e9es\u00a0\u00bb\",\"datePublished\":\"2022-09-25T23:05:00+00:00\",\"mainEntityOfPage\":{\"@id\":\"https:\\\/\\\/lasentinelle.dz\\\/index.php\\\/2022\\\/09\\\/26\\\/foncier-industriel-benabderrahmane-les-assiettes-inexploitees-doivent-etre-recuperees\\\/\"},\"wordCount\":441,\"commentCount\":0,\"publisher\":{\"@id\":\"https:\\\/\\\/lasentinelle.dz\\\/#organization\"},\"image\":{\"@id\":\"https:\\\/\\\/lasentinelle.dz\\\/index.php\\\/2022\\\/09\\\/26\\\/foncier-industriel-benabderrahmane-les-assiettes-inexploitees-doivent-etre-recuperees\\\/#primaryimage\"},\"thumbnailUrl\":\"https:\\\/\\\/lasentinelle.dz\\\/wp-content\\\/uploads\\\/2022\\\/01\\\/benabderrahmane-reforme.png\",\"articleSection\":[\"\u00c9conomie\"],\"inLanguage\":\"fr-FR\",\"potentialAction\":[{\"@type\":\"CommentAction\",\"name\":\"Comment\",\"target\":[\"https:\\\/\\\/lasentinelle.dz\\\/index.php\\\/2022\\\/09\\\/26\\\/foncier-industriel-benabderrahmane-les-assiettes-inexploitees-doivent-etre-recuperees\\\/#respond\"]}]},{\"@type\":\"WebPage\",\"@id\":\"https:\\\/\\\/lasentinelle.dz\\\/index.php\\\/2022\\\/09\\\/26\\\/foncier-industriel-benabderrahmane-les-assiettes-inexploitees-doivent-etre-recuperees\\\/\",\"url\":\"https:\\\/\\\/lasentinelle.dz\\\/index.php\\\/2022\\\/09\\\/26\\\/foncier-industriel-benabderrahmane-les-assiettes-inexploitees-doivent-etre-recuperees\\\/\",\"name\":\"Foncier industriel\u00a0: Benabderrahmane\u00a0: \u00ab\u00a0Les assiettes inexploit\u00e9es doivent \u00eatre r\u00e9cup\u00e9r\u00e9es\u00a0\u00bb - La Sentinelle\",\"isPartOf\":{\"@id\":\"https:\\\/\\\/lasentinelle.dz\\\/#website\"},\"primaryImageOfPage\":{\"@id\":\"https:\\\/\\\/lasentinelle.dz\\\/index.php\\\/2022\\\/09\\\/26\\\/foncier-industriel-benabderrahmane-les-assiettes-inexploitees-doivent-etre-recuperees\\\/#primaryimage\"},\"image\":{\"@id\":\"https:\\\/\\\/lasentinelle.dz\\\/index.php\\\/2022\\\/09\\\/26\\\/foncier-industriel-benabderrahmane-les-assiettes-inexploitees-doivent-etre-recuperees\\\/#primaryimage\"},\"thumbnailUrl\":\"https:\\\/\\\/lasentinelle.dz\\\/wp-content\\\/uploads\\\/2022\\\/01\\\/benabderrahmane-reforme.png\",\"datePublished\":\"2022-09-25T23:05:00+00:00\",\"breadcrumb\":{\"@id\":\"https:\\\/\\\/lasentinelle.dz\\\/index.php\\\/2022\\\/09\\\/26\\\/foncier-industriel-benabderrahmane-les-assiettes-inexploitees-doivent-etre-recuperees\\\/#breadcrumb\"},\"inLanguage\":\"fr-FR\",\"potentialAction\":[{\"@type\":\"ReadAction\",\"target\":[\"https:\\\/\\\/lasentinelle.dz\\\/index.php\\\/2022\\\/09\\\/26\\\/foncier-industriel-benabderrahmane-les-assiettes-inexploitees-doivent-etre-recuperees\\\/\"]}]},{\"@type\":\"ImageObject\",\"inLanguage\":\"fr-FR\",\"@id\":\"https:\\\/\\\/lasentinelle.dz\\\/index.php\\\/2022\\\/09\\\/26\\\/foncier-industriel-benabderrahmane-les-assiettes-inexploitees-doivent-etre-recuperees\\\/#primaryimage\",\"url\":\"https:\\\/\\\/lasentinelle.dz\\\/wp-content\\\/uploads\\\/2022\\\/01\\\/benabderrahmane-reforme.png\",\"contentUrl\":\"https:\\\/\\\/lasentinelle.dz\\\/wp-content\\\/uploads\\\/2022\\\/01\\\/benabderrahmane-reforme.png\",\"width\":1377,\"height\":900},{\"@type\":\"BreadcrumbList\",\"@id\":\"https:\\\/\\\/lasentinelle.dz\\\/index.php\\\/2022\\\/09\\\/26\\\/foncier-industriel-benabderrahmane-les-assiettes-inexploitees-doivent-etre-recuperees\\\/#breadcrumb\",\"itemListElement\":[{\"@type\":\"ListItem\",\"position\":1,\"name\":\"Accueil\",\"item\":\"https:\\\/\\\/lasentinelle.dz\\\/\"},{\"@type\":\"ListItem\",\"position\":2,\"name\":\"Foncier industriel\u00a0: Benabderrahmane\u00a0: \u00ab\u00a0Les assiettes inexploit\u00e9es doivent \u00eatre r\u00e9cup\u00e9r\u00e9es\u00a0\u00bb\"}]},{\"@type\":\"WebSite\",\"@id\":\"https:\\\/\\\/lasentinelle.dz\\\/#website\",\"url\":\"https:\\\/\\\/lasentinelle.dz\\\/\",\"name\":\"La Sentinelle\",\"description\":\"Quotidien national d&#039;information\",\"publisher\":{\"@id\":\"https:\\\/\\\/lasentinelle.dz\\\/#organization\"},\"potentialAction\":[{\"@type\":\"SearchAction\",\"target\":{\"@type\":\"EntryPoint\",\"urlTemplate\":\"https:\\\/\\\/lasentinelle.dz\\\/?s={search_term_string}\"},\"query-input\":{\"@type\":\"PropertyValueSpecification\",\"valueRequired\":true,\"valueName\":\"search_term_string\"}}],\"inLanguage\":\"fr-FR\"},{\"@type\":\"Organization\",\"@id\":\"https:\\\/\\\/lasentinelle.dz\\\/#organization\",\"name\":\"Quotidien La Sentinelle\",\"url\":\"https:\\\/\\\/lasentinelle.dz\\\/\",\"logo\":{\"@type\":\"ImageObject\",\"inLanguage\":\"fr-FR\",\"@id\":\"https:\\\/\\\/lasentinelle.dz\\\/#\\\/schema\\\/logo\\\/image\\\/\",\"url\":\"https:\\\/\\\/lasentinelle.dz\\\/wp-content\\\/uploads\\\/2021\\\/09\\\/logo-sentinelleSLOGAN-1.png\",\"contentUrl\":\"https:\\\/\\\/lasentinelle.dz\\\/wp-content\\\/uploads\\\/2021\\\/09\\\/logo-sentinelleSLOGAN-1.png\",\"width\":615,\"height\":142,\"caption\":\"Quotidien La Sentinelle\"},\"image\":{\"@id\":\"https:\\\/\\\/lasentinelle.dz\\\/#\\\/schema\\\/logo\\\/image\\\/\"},\"sameAs\":[\"https:\\\/\\\/www.facebook.com\\\/La-Sentinelle-104059864394773\"]},{\"@type\":\"Person\",\"@id\":\"https:\\\/\\\/lasentinelle.dz\\\/#\\\/schema\\\/person\\\/d865044e22e70a75174ce8bcad3acfb3\",\"name\":\"La Sentinelle\",\"image\":{\"@type\":\"ImageObject\",\"inLanguage\":\"fr-FR\",\"@id\":\"https:\\\/\\\/secure.gravatar.com\\\/avatar\\\/57de8e5d4b15d43fb361a71fbb36338450fe67865b528a43dd10ef7c51a20392?s=96&d=mm&r=g\",\"url\":\"https:\\\/\\\/secure.gravatar.com\\\/avatar\\\/57de8e5d4b15d43fb361a71fbb36338450fe67865b528a43dd10ef7c51a20392?s=96&d=mm&r=g\",\"contentUrl\":\"https:\\\/\\\/secure.gravatar.com\\\/avatar\\\/57de8e5d4b15d43fb361a71fbb36338450fe67865b528a43dd10ef7c51a20392?s=96&d=mm&r=g\",\"caption\":\"La Sentinelle\"},\"sameAs\":[\"http:\\\/\\\/www.lasentinelle.dz\"],\"url\":\"https:\\\/\\\/lasentinelle.dz\\\/author\\\/redaction\\\/\"}]}<\/script>\n<!-- \/ Yoast SEO plugin. -->","yoast_head_json":{"title":"Foncier industriel\u00a0: Benabderrahmane\u00a0: \u00ab\u00a0Les assiettes inexploit\u00e9es doivent \u00eatre r\u00e9cup\u00e9r\u00e9es\u00a0\u00bb - La Sentinelle","robots":{"index":"index","follow":"follow","max-snippet":"max-snippet:-1","max-image-preview":"max-image-preview:large","max-video-preview":"max-video-preview:-1"},"canonical":"https:\/\/lasentinelle.dz\/index.php\/2022\/09\/26\/foncier-industriel-benabderrahmane-les-assiettes-inexploitees-doivent-etre-recuperees\/","og_locale":"fr_FR","og_type":"article","og_title":"Foncier industriel\u00a0: Benabderrahmane\u00a0: \u00ab\u00a0Les assiettes inexploit\u00e9es doivent \u00eatre r\u00e9cup\u00e9r\u00e9es\u00a0\u00bb - La Sentinelle","og_description":"Le Premier ministre, A\u00efmeneBenabderrahamne, a affirm\u00e9 en marge de la rencontre Gouvernement-walis ouverte samedi \u00e0 Alger que les walis sont","og_url":"https:\/\/lasentinelle.dz\/index.php\/2022\/09\/26\/foncier-industriel-benabderrahmane-les-assiettes-inexploitees-doivent-etre-recuperees\/","og_site_name":"La Sentinelle","article_publisher":"https:\/\/www.facebook.com\/La-Sentinelle-104059864394773","article_published_time":"2022-09-25T23:05:00+00:00","og_image":[{"width":1377,"height":900,"url":"https:\/\/lasentinelle.dz\/wp-content\/uploads\/2022\/01\/benabderrahmane-reforme.png","type":"image\/png"}],"author":"La Sentinelle","twitter_card":"summary_large_image","twitter_misc":{"\u00c9crit par":"La Sentinelle","Dur\u00e9e de lecture estim\u00e9e":"2 minutes"},"schema":{"@context":"https:\/\/schema.org","@graph":[{"@type":"Article","@id":"https:\/\/lasentinelle.dz\/index.php\/2022\/09\/26\/foncier-industriel-benabderrahmane-les-assiettes-inexploitees-doivent-etre-recuperees\/#article","isPartOf":{"@id":"https:\/\/lasentinelle.dz\/index.php\/2022\/09\/26\/foncier-industriel-benabderrahmane-les-assiettes-inexploitees-doivent-etre-recuperees\/"},"author":{"name":"La Sentinelle","@id":"https:\/\/lasentinelle.dz\/#\/schema\/person\/d865044e22e70a75174ce8bcad3acfb3"},"headline":"Foncier industriel\u00a0: Benabderrahmane\u00a0: \u00ab\u00a0Les assiettes inexploit\u00e9es doivent \u00eatre r\u00e9cup\u00e9r\u00e9es\u00a0\u00bb","datePublished":"2022-09-25T23:05:00+00:00","mainEntityOfPage":{"@id":"https:\/\/lasentinelle.dz\/index.php\/2022\/09\/26\/foncier-industriel-benabderrahmane-les-assiettes-inexploitees-doivent-etre-recuperees\/"},"wordCount":441,"commentCount":0,"publisher":{"@id":"https:\/\/lasentinelle.dz\/#organization"},"image":{"@id":"https:\/\/lasentinelle.dz\/index.php\/2022\/09\/26\/foncier-industriel-benabderrahmane-les-assiettes-inexploitees-doivent-etre-recuperees\/#primaryimage"},"thumbnailUrl":"https:\/\/lasentinelle.dz\/wp-content\/uploads\/2022\/01\/benabderrahmane-reforme.png","articleSection":["\u00c9conomie"],"inLanguage":"fr-FR","potentialAction":[{"@type":"CommentAction","name":"Comment","target":["https:\/\/lasentinelle.dz\/index.php\/2022\/09\/26\/foncier-industriel-benabderrahmane-les-assiettes-inexploitees-doivent-etre-recuperees\/#respond"]}]},{"@type":"WebPage","@id":"https:\/\/lasentinelle.dz\/index.php\/2022\/09\/26\/foncier-industriel-benabderrahmane-les-assiettes-inexploitees-doivent-etre-recuperees\/","url":"https:\/\/lasentinelle.dz\/index.php\/2022\/09\/26\/foncier-industriel-benabderrahmane-les-assiettes-inexploitees-doivent-etre-recuperees\/","name":"Foncier industriel\u00a0: Benabderrahmane\u00a0: \u00ab\u00a0Les assiettes inexploit\u00e9es doivent \u00eatre r\u00e9cup\u00e9r\u00e9es\u00a0\u00bb - La Sentinelle","isPartOf":{"@id":"https:\/\/lasentinelle.dz\/#website"},"primaryImageOfPage":{"@id":"https:\/\/lasentinelle.dz\/index.php\/2022\/09\/26\/foncier-industriel-benabderrahmane-les-assiettes-inexploitees-doivent-etre-recuperees\/#primaryimage"},"image":{"@id":"https:\/\/lasentinelle.dz\/index.php\/2022\/09\/26\/foncier-industriel-benabderrahmane-les-assiettes-inexploitees-doivent-etre-recuperees\/#primaryimage"},"thumbnailUrl":"https:\/\/lasentinelle.dz\/wp-content\/uploads\/2022\/01\/benabderrahmane-reforme.png","datePublished":"2022-09-25T23:05:00+00:00","breadcrumb":{"@id":"https:\/\/lasentinelle.dz\/index.php\/2022\/09\/26\/foncier-industriel-benabderrahmane-les-assiettes-inexploitees-doivent-etre-recuperees\/#breadcrumb"},"inLanguage":"fr-FR","potentialAction":[{"@type":"ReadAction","target":["https:\/\/lasentinelle.dz\/index.php\/2022\/09\/26\/foncier-industriel-benabderrahmane-les-assiettes-inexploitees-doivent-etre-recuperees\/"]}]},{"@type":"ImageObject","inLanguage":"fr-FR","@id":"https:\/\/lasentinelle.dz\/index.php\/2022\/09\/26\/foncier-industriel-benabderrahmane-les-assiettes-inexploitees-doivent-etre-recuperees\/#primaryimage","url":"https:\/\/lasentinelle.dz\/wp-content\/uploads\/2022\/01\/benabderrahmane-reforme.png","contentUrl":"https:\/\/lasentinelle.dz\/wp-content\/uploads\/2022\/01\/benabderrahmane-reforme.png","width":1377,"height":900},{"@type":"BreadcrumbList","@id":"https:\/\/lasentinelle.dz\/index.php\/2022\/09\/26\/foncier-industriel-benabderrahmane-les-assiettes-inexploitees-doivent-etre-recuperees\/#breadcrumb","itemListElement":[{"@type":"ListItem","position":1,"name":"Accueil","item":"https:\/\/lasentinelle.dz\/"},{"@type":"ListItem","position":2,"name":"Foncier industriel\u00a0: Benabderrahmane\u00a0: \u00ab\u00a0Les assiettes inexploit\u00e9es doivent \u00eatre r\u00e9cup\u00e9r\u00e9es\u00a0\u00bb"}]},{"@type":"WebSite","@id":"https:\/\/lasentinelle.dz\/#website","url":"https:\/\/lasentinelle.dz\/","name":"La Sentinelle","description":"Quotidien national d&#039;information","publisher":{"@id":"https:\/\/lasentinelle.dz\/#organization"},"potentialAction":[{"@type":"SearchAction","target":{"@type":"EntryPoint","urlTemplate":"https:\/\/lasentinelle.dz\/?s={search_term_string}"},"query-input":{"@type":"PropertyValueSpecification","valueRequired":true,"valueName":"search_term_string"}}],"inLanguage":"fr-FR"},{"@type":"Organization","@id":"https:\/\/lasentinelle.dz\/#organization","name":"Quotidien La Sentinelle","url":"https:\/\/lasentinelle.dz\/","logo":{"@type":"ImageObject","inLanguage":"fr-FR","@id":"https:\/\/lasentinelle.dz\/#\/schema\/logo\/image\/","url":"https:\/\/lasentinelle.dz\/wp-content\/uploads\/2021\/09\/logo-sentinelleSLOGAN-1.png","contentUrl":"https:\/\/lasentinelle.dz\/wp-content\/uploads\/2021\/09\/logo-sentinelleSLOGAN-1.png","width":615,"height":142,"caption":"Quotidien La Sentinelle"},"image":{"@id":"https:\/\/lasentinelle.dz\/#\/schema\/logo\/image\/"},"sameAs":["https:\/\/www.facebook.com\/La-Sentinelle-104059864394773"]},{"@type":"Person","@id":"https:\/\/lasentinelle.dz\/#\/schema\/person\/d865044e22e70a75174ce8bcad3acfb3","name":"La Sentinelle","image":{"@type":"ImageObject","inLanguage":"fr-FR","@id":"https:\/\/secure.gravatar.com\/avatar\/57de8e5d4b15d43fb361a71fbb36338450fe67865b528a43dd10ef7c51a20392?s=96&d=mm&r=g","url":"https:\/\/secure.gravatar.com\/avatar\/57de8e5d4b15d43fb361a71fbb36338450fe67865b528a43dd10ef7c51a20392?s=96&d=mm&r=g","contentUrl":"https:\/\/secure.gravatar.com\/avatar\/57de8e5d4b15d43fb361a71fbb36338450fe67865b528a43dd10ef7c51a20392?s=96&d=mm&r=g","caption":"La Sentinelle"},"sameAs":["http:\/\/www.lasentinelle.dz"],"url":"https:\/\/lasentinelle.dz\/author\/redaction\/"}]}},"_links":{"self":[{"href":"https:\/\/lasentinelle.dz\/index.php\/wp-json\/wp\/v2\/posts\/27975","targetHints":{"allow":["GET"]}}],"collection":[{"href":"https:\/\/lasentinelle.dz\/index.php\/wp-json\/wp\/v2\/posts"}],"about":[{"href":"https:\/\/lasentinelle.dz\/index.php\/wp-json\/wp\/v2\/types\/post"}],"author":[{"embeddable":true,"href":"https:\/\/lasentinelle.dz\/index.php\/wp-json\/wp\/v2\/users\/3"}],"replies":[{"embeddable":true,"href":"https:\/\/lasentinelle.dz\/index.php\/wp-json\/wp\/v2\/comments?post=27975"}],"version-history":[{"count":1,"href":"https:\/\/lasentinelle.dz\/index.php\/wp-json\/wp\/v2\/posts\/27975\/revisions"}],"predecessor-version":[{"id":27986,"href":"https:\/\/lasentinelle.dz\/index.php\/wp-json\/wp\/v2\/posts\/27975\/revisions\/27986"}],"wp:featuredmedia":[{"embeddable":true,"href":"https:\/\/lasentinelle.dz\/index.php\/wp-json\/wp\/v2\/media\/15809"}],"wp:attachment":[{"href":"https:\/\/lasentinelle.dz\/index.php\/wp-json\/wp\/v2\/media?parent=27975"}],"wp:term":[{"taxonomy":"category","embeddable":true,"href":"https:\/\/lasentinelle.dz\/index.php\/wp-json\/wp\/v2\/categories?post=27975"},{"taxonomy":"post_tag","embeddable":true,"href":"https:\/\/lasentinelle.dz\/index.php\/wp-json\/wp\/v2\/tags?post=27975"}],"curies":[{"name":"wp","href":"https:\/\/api.w.org\/{rel}","templated":true}]}}