{"id":27976,"date":"2022-09-26T00:05:00","date_gmt":"2022-09-25T23:05:00","guid":{"rendered":"https:\/\/lasentinelle.dz\/?p=27976"},"modified":"2022-09-25T19:35:01","modified_gmt":"2022-09-25T18:35:01","slug":"declaration-de-politique-generale-du-gouvernement-lanp-renforce-les-capacites-du-systeme-national-de-defense","status":"publish","type":"post","link":"https:\/\/lasentinelle.dz\/index.php\/2022\/09\/26\/declaration-de-politique-generale-du-gouvernement-lanp-renforce-les-capacites-du-systeme-national-de-defense\/","title":{"rendered":"D\u00e9claration de politique g\u00e9n\u00e9rale du Gouvernement\u00a0: L\u2019ANP renforce les capacit\u00e9s du syst\u00e8me national de d\u00e9fense"},"content":{"rendered":"\n<p>Le r\u00f4le de l\u2019Arm\u00e9e nationale populaire, dans le soutien du d\u00e9veloppement \u00e9conomique national, en sus de ses missions de d\u00e9fense, a \u00e9t\u00e9 mis en lumi\u00e8re par la D\u00e9claration de politique g\u00e9n\u00e9rale du Gouvernement qui sera pr\u00e9sent\u00e9 la semaine prochaine au Parlement<\/p>\n\n\n\n<p>Le document souligne que \u00abl\u2019Arm\u00e9e nationale populaire s&rsquo;att\u00e8le \u00e0 r\u00e9unir toutes les conditions pour le d\u00e9veloppement et le renforcement des capacit\u00e9s du syst\u00e8me national de d\u00e9fense\u00bb, ajoutant que \u00abl&rsquo;ANP s&rsquo;att\u00e8le, sans cesse, \u00e0 d\u00e9ployer tous les moyens humains et mat\u00e9riels et \u00e0 r\u00e9unir toutes les conditions pour le d\u00e9veloppement et le renforcement des capacit\u00e9s du syst\u00e8me national de d\u00e9fense\u00bb. Cette politique, ajoute le document, entre dans le \u00abcadre de ses nobles missions constitutionnelles s&rsquo;inscrivant dans le contexte g\u00e9opolitique r\u00e9gional et international\u00bb. Le document souligne \u00ab le haut commandement de l&rsquo;ANP n&rsquo;a m\u00e9nag\u00e9 aucun effort pour remplir ses obligations dans le domaine de la s\u00e9curit\u00e9 et de la d\u00e9fense nationales, notamment en mati\u00e8re de s\u00e9curisation des fronti\u00e8res et de pr\u00e9servation de l&rsquo;int\u00e9grit\u00e9 territoriale, par la consolidation des dispositifs de surveillance et de protection d\u00e9ploy\u00e9s tout au long des fronti\u00e8res terrestres et des espaces maritimes et a\u00e9riens de souverainet\u00e9\u00bb. Et d\u2019ajouter que \u00abl&rsquo;ANP poursuit la mise en \u0153uvre du programme trac\u00e9 par le haut commandement en mati\u00e8re de disponibilit\u00e9 op\u00e9rationnelle\u00bb, notant que \u00ables r\u00e9sultats probants des exercices tactiques effectu\u00e9s durant l&rsquo;ann\u00e9e de pr\u00e9paration au combat 2021\/2022, t\u00e9moignent du niveau \u00e9lev\u00e9 atteint par nos forces arm\u00e9es en mati\u00e8re de ma\u00eetrise des technologies modernes et des syst\u00e8mes d&rsquo;armes complexes\u00bb. Abordant le chapitre li\u00e9 \u00e0 la lutte contre le terrorisme et les diff\u00e9rents types de crimes organis\u00e9s, l&rsquo;ANP a, selon le m\u00eame document, \u00abintensifi\u00e9 la pression exerc\u00e9e sur les r\u00e9sidus du terrorisme, en multipliant des op\u00e9rations offensives dynamiques, ce qui a fait perdre, \u00e0 ces criminels, toute initiative ou libert\u00e9 de mouvement\u00bb. L\u2019ANP s&rsquo;est attel\u00e9e aussi \u00e0 \u00ablutter contre le crime organise transfrontalier, tr\u00e8s pr\u00e9cis\u00e9ment la contrebande et le trafic de drogue, l&rsquo;immigration clandestine et la traite des personnes, en plus de la protection des zones sensibles et sites n\u00e9vralgiques, lesquels constituent \u00e9galement une \u00abpr\u00e9occupation majeure\u00bb de l&rsquo;ANP qui maintient, avec le soutien ind\u00e9fectible du Gouvernement et en \u00e9troite collaboration avec les services de s\u00e9curit\u00e9, \u00abune lutte sans rel\u00e2che contre ces ph\u00e9nom\u00e8nes criminels\u00bb. L\u2019Arm\u00e9e nationale populaire a \u00e9galement ouvert le front li\u00e9s \u00e0 la lutte contre la cybercriminalit\u00e9 et d\u00e9veloppement de la cyber-d\u00e9fense\u00bb, et investi dans la formation et le renforcement de ses capacit\u00e9s en mati\u00e8re de cyber-d\u00e9fense et de lutte contre toutes formes de crime \u00e9lectronique, en mettant en place de l&rsquo;Agence nationale de s\u00e9curit\u00e9 des syst\u00e8mes d&rsquo;information. Cette instance \u0153uvre, de concert avec les institutions de l&rsquo;Etat sp\u00e9cialis\u00e9es en la mati\u00e8re, \u00e0 l&rsquo;\u00e9laboration d&rsquo;une strat\u00e9gie nationale efficace de s\u00e9curisation des syst\u00e8mes d&rsquo;information. La D\u00e9claration de politique g\u00e9n\u00e9rale du gouvernement souligne que \u00abdans le but d&rsquo;assurer l&rsquo;\u00e9galit\u00e9 des chances aux jeunes alg\u00e9riens souhaitant faire carri\u00e8re dans ses rangs, l&rsquo;ANP a am\u00e9lior\u00e9 les performances de son syst\u00e8me de recrutement par l&rsquo;\u00e9largissement de l&rsquo;acc\u00e8s \u00e0 son site web de pr\u00e9inscription au profit des cat\u00e9gories des sous-officiers et hommes du rang\u00bb. \u00ab\u00c0 cela s&rsquo;ajoute \u00e0 cela la poursuite des actions, permettant \u00e0 la femme alg\u00e9rienne d&rsquo;occuper un r\u00f4le pivot dans le processus de d\u00e9veloppement des capacit\u00e9s de nos Forces arm\u00e9es\u00bb, indique la m\u00eame source.&nbsp; \u00abDans le cadre de sa vision orient\u00e9e vers le futur, qui consacre et incarne la coh\u00e9sion nationale entre le peuple et son arm\u00e9e et dans un souci de garantir plus de disponibilit\u00e9 et plus de professionnalisme de la composante humaine, l&rsquo;ANP a initi\u00e9 un projet de loi relative \u00e0 la r\u00e9serve militaire, qui a \u00e9t\u00e9 adopt\u00e9 par le Parlement et qui refl\u00e8te clairement la volont\u00e9 forte du haut commandement de prot\u00e9ger les int\u00e9r\u00eats sup\u00e9rieurs de la nation\u00bb, souligne le document. Par ailleurs, l\u2019ANP, met en exergue le document, n&rsquo;a \u00abm\u00e9nag\u00e9 aucun effort en mati\u00e8re de coop\u00e9ration bilat\u00e9rale et multilat\u00e9rale en densifiant des actions de coop\u00e9ration militaire, notamment avec les pays du sahel autour des questions de la lutte antiterroriste, de la lutte contre la subversion et le crime organis\u00e9 transfrontalier ainsi qu&rsquo;avec les diff\u00e9rentes organisations gouvernementales internationales et r\u00e9gionales\u00bb. Et de poursuivre que \u00abl&rsquo;ANP \u00abcontribue aux op\u00e9rations d&rsquo;acheminement des aides humanitaires au profit de pays fr\u00e8res et amis, particuli\u00e8rement ceux du voisinage\u00bb. A cela s\u2019ajoute le \u00abd\u00e9veloppement de l&rsquo;industrie militaire, par le soutien du tissu \u00e9conomique \u00e0 travers des partenariats diversifi\u00e9s et la cr\u00e9ation de nouveaux \u00e9tablissements tels que \u00abl&rsquo;Etablissement de fabrication des syst\u00e8mes \u00e9nerg\u00e9tiques\u00bb et le \u00abCentre de d\u00e9militarisation des munitions\u00bb. Sur le plan \u00e9conomique, l&rsquo;ANP, souligne le document, \u00ab\u0153uvre pour le d\u00e9veloppement de l&rsquo;\u00e9conomie nationale dans une optique de compl\u00e9mentarit\u00e9, en mettant en place une plateforme industrielle m\u00e9canique bas\u00e9e sur le d\u00e9veloppement de la sous-traitance et la contribution \u00e0 l&rsquo;int\u00e9gration de la production nationale, en fabriquant les pi\u00e8ces de rechange aussi bien pour l&rsquo;ANP qu&rsquo;au profit des entreprises \u00e9conomiques, publiques et priv\u00e9es\u00bb. \u00abIl s&rsquo;agit \u00e9galement du \u00abd\u00e9senclavement des zones d&rsquo;ombre, par la concr\u00e9tisation des op\u00e9rations confi\u00e9es \u00e0 l&rsquo;ANP et la prise en charge sanitaire des citoyens des zones enclav\u00e9es tout en assistant, chaque fois que n\u00e9cessaire, le secteur de la sant\u00e9 publique\u00bb, a-t-on fait savoir, soulignant que \u00abl\u2019ANP est pleinement engag\u00e9e\u00bb dans la concr\u00e9tisation des op\u00e9rations de sauvetage et d&rsquo;assistance des populations lors de catastrophes naturelles et de perturbations climatiques\u00bb. Selon la D\u00e9claration en question, \u00abl&rsquo;ANP ne m\u00e9nage aucun effort en mati\u00e8re de consolidation des fondements de l&rsquo;Alg\u00e9rie nouvelle, par l&rsquo;appui de l&rsquo;ANP aux forces vives du pays qui vouent, pour la nation, une loyaut\u00e9 forte et des sentiments nobles, et leur accompagnement dans l&rsquo;optique de consolider l&rsquo;unit\u00e9 nationale et raffermir le front interne\u00bb.<\/p>\n\n\n\n<p>D\u00e9pos\u00e9e en fin de semaine pass\u00e9e dans le bureau de l\u2019Assembl\u00e9e&nbsp; Populaire nationale, la D\u00e9claration de la politique g\u00e9n\u00e9rale du Gouvernement, qui comprend 64 pages, sera pr\u00e9sent\u00e9e le 3 octobre par le Premier Ministre, A\u00efmene Abderrahmane.&nbsp; Le document, scind\u00e9 en plusieurs chapitres, aborde, tous les secteurs n\u00e9vralgiques.<\/p>\n\n\n\n<p><strong>Amar Malki<\/strong><\/p>\n","protected":false},"excerpt":{"rendered":"<p>Le r\u00f4le de l\u2019Arm\u00e9e nationale populaire, dans le soutien du d\u00e9veloppement \u00e9conomique national, en sus de ses missions de d\u00e9fense,<\/p>\n","protected":false},"author":3,"featured_media":27980,"comment_status":"open","ping_status":"closed","sticky":false,"template":"","format":"standard","meta":{"colormag_page_container_layout":"default_layout","colormag_page_sidebar_layout":"default_layout","om_disable_all_campaigns":false,"_monsterinsights_skip_tracking":false,"_monsterinsights_sitenote_active":false,"_monsterinsights_sitenote_note":"","_monsterinsights_sitenote_category":0,"footnotes":"","_wpscppro_dont_share_socialmedia":false,"_wpscppro_custom_social_share_image":0,"_facebook_share_type":"","_twitter_share_type":"","_linkedin_share_type":"","_pinterest_share_type":"","_linkedin_share_type_page":"","_instagram_share_type":"","_medium_share_type":"","_threads_share_type":"","_google_business_share_type":"","_selected_social_profile":[],"_wpsp_enable_custom_social_template":false,"_wpsp_social_scheduling":{"enabled":false,"datetime":null,"platforms":[],"status":"template_only","dateOption":"today","timeOption":"now","customDays":"","customHours":"","customDate":"","customTime":"","schedulingType":"absolute"},"_wpsp_active_default_template":true},"categories":[27],"tags":[],"class_list":["post-27976","post","type-post","status-publish","format-standard","has-post-thumbnail","hentry","category-actualite"],"aioseo_notices":[],"yoast_head":"<!-- This site is optimized with the Yoast SEO plugin v27.5 - https:\/\/yoast.com\/product\/yoast-seo-wordpress\/ -->\n<title>D\u00e9claration de politique g\u00e9n\u00e9rale du Gouvernement\u00a0: L\u2019ANP renforce les capacit\u00e9s du syst\u00e8me national de d\u00e9fense - La Sentinelle<\/title>\n<meta name=\"robots\" content=\"index, follow, max-snippet:-1, max-image-preview:large, max-video-preview:-1\" \/>\n<link rel=\"canonical\" href=\"https:\/\/lasentinelle.dz\/index.php\/2022\/09\/26\/declaration-de-politique-generale-du-gouvernement-lanp-renforce-les-capacites-du-systeme-national-de-defense\/\" \/>\n<meta property=\"og:locale\" content=\"fr_FR\" \/>\n<meta property=\"og:type\" content=\"article\" \/>\n<meta property=\"og:title\" content=\"D\u00e9claration de politique g\u00e9n\u00e9rale du Gouvernement\u00a0: L\u2019ANP renforce les capacit\u00e9s du syst\u00e8me national de d\u00e9fense - La Sentinelle\" \/>\n<meta property=\"og:description\" content=\"Le r\u00f4le de l\u2019Arm\u00e9e nationale populaire, dans le soutien du d\u00e9veloppement \u00e9conomique national, en sus de ses missions de d\u00e9fense,\" \/>\n<meta property=\"og:url\" content=\"https:\/\/lasentinelle.dz\/index.php\/2022\/09\/26\/declaration-de-politique-generale-du-gouvernement-lanp-renforce-les-capacites-du-systeme-national-de-defense\/\" \/>\n<meta property=\"og:site_name\" content=\"La Sentinelle\" \/>\n<meta property=\"article:publisher\" content=\"https:\/\/www.facebook.com\/La-Sentinelle-104059864394773\" \/>\n<meta property=\"article:published_time\" content=\"2022-09-25T23:05:00+00:00\" \/>\n<meta property=\"og:image\" content=\"https:\/\/lasentinelle.dz\/wp-content\/uploads\/2022\/09\/MDN.png\" \/>\n\t<meta property=\"og:image:width\" content=\"1350\" \/>\n\t<meta property=\"og:image:height\" content=\"900\" \/>\n\t<meta property=\"og:image:type\" content=\"image\/png\" \/>\n<meta name=\"author\" content=\"La Sentinelle\" \/>\n<meta name=\"twitter:card\" content=\"summary_large_image\" \/>\n<meta name=\"twitter:label1\" content=\"\u00c9crit par\" \/>\n\t<meta name=\"twitter:data1\" content=\"La Sentinelle\" \/>\n\t<meta name=\"twitter:label2\" content=\"Dur\u00e9e de lecture estim\u00e9e\" \/>\n\t<meta name=\"twitter:data2\" content=\"5 minutes\" \/>\n<script type=\"application\/ld+json\" class=\"yoast-schema-graph\">{\"@context\":\"https:\\\/\\\/schema.org\",\"@graph\":[{\"@type\":\"Article\",\"@id\":\"https:\\\/\\\/lasentinelle.dz\\\/index.php\\\/2022\\\/09\\\/26\\\/declaration-de-politique-generale-du-gouvernement-lanp-renforce-les-capacites-du-systeme-national-de-defense\\\/#article\",\"isPartOf\":{\"@id\":\"https:\\\/\\\/lasentinelle.dz\\\/index.php\\\/2022\\\/09\\\/26\\\/declaration-de-politique-generale-du-gouvernement-lanp-renforce-les-capacites-du-systeme-national-de-defense\\\/\"},\"author\":{\"name\":\"La Sentinelle\",\"@id\":\"https:\\\/\\\/lasentinelle.dz\\\/#\\\/schema\\\/person\\\/d865044e22e70a75174ce8bcad3acfb3\"},\"headline\":\"D\u00e9claration de politique g\u00e9n\u00e9rale du Gouvernement\u00a0: L\u2019ANP renforce les capacit\u00e9s du syst\u00e8me national de d\u00e9fense\",\"datePublished\":\"2022-09-25T23:05:00+00:00\",\"mainEntityOfPage\":{\"@id\":\"https:\\\/\\\/lasentinelle.dz\\\/index.php\\\/2022\\\/09\\\/26\\\/declaration-de-politique-generale-du-gouvernement-lanp-renforce-les-capacites-du-systeme-national-de-defense\\\/\"},\"wordCount\":1191,\"commentCount\":0,\"publisher\":{\"@id\":\"https:\\\/\\\/lasentinelle.dz\\\/#organization\"},\"image\":{\"@id\":\"https:\\\/\\\/lasentinelle.dz\\\/index.php\\\/2022\\\/09\\\/26\\\/declaration-de-politique-generale-du-gouvernement-lanp-renforce-les-capacites-du-systeme-national-de-defense\\\/#primaryimage\"},\"thumbnailUrl\":\"https:\\\/\\\/lasentinelle.dz\\\/wp-content\\\/uploads\\\/2022\\\/09\\\/MDN.png\",\"articleSection\":[\"Actualit\u00e9\"],\"inLanguage\":\"fr-FR\",\"potentialAction\":[{\"@type\":\"CommentAction\",\"name\":\"Comment\",\"target\":[\"https:\\\/\\\/lasentinelle.dz\\\/index.php\\\/2022\\\/09\\\/26\\\/declaration-de-politique-generale-du-gouvernement-lanp-renforce-les-capacites-du-systeme-national-de-defense\\\/#respond\"]}]},{\"@type\":\"WebPage\",\"@id\":\"https:\\\/\\\/lasentinelle.dz\\\/index.php\\\/2022\\\/09\\\/26\\\/declaration-de-politique-generale-du-gouvernement-lanp-renforce-les-capacites-du-systeme-national-de-defense\\\/\",\"url\":\"https:\\\/\\\/lasentinelle.dz\\\/index.php\\\/2022\\\/09\\\/26\\\/declaration-de-politique-generale-du-gouvernement-lanp-renforce-les-capacites-du-systeme-national-de-defense\\\/\",\"name\":\"D\u00e9claration de politique g\u00e9n\u00e9rale du Gouvernement\u00a0: L\u2019ANP renforce les capacit\u00e9s du syst\u00e8me national de d\u00e9fense - La Sentinelle\",\"isPartOf\":{\"@id\":\"https:\\\/\\\/lasentinelle.dz\\\/#website\"},\"primaryImageOfPage\":{\"@id\":\"https:\\\/\\\/lasentinelle.dz\\\/index.php\\\/2022\\\/09\\\/26\\\/declaration-de-politique-generale-du-gouvernement-lanp-renforce-les-capacites-du-systeme-national-de-defense\\\/#primaryimage\"},\"image\":{\"@id\":\"https:\\\/\\\/lasentinelle.dz\\\/index.php\\\/2022\\\/09\\\/26\\\/declaration-de-politique-generale-du-gouvernement-lanp-renforce-les-capacites-du-systeme-national-de-defense\\\/#primaryimage\"},\"thumbnailUrl\":\"https:\\\/\\\/lasentinelle.dz\\\/wp-content\\\/uploads\\\/2022\\\/09\\\/MDN.png\",\"datePublished\":\"2022-09-25T23:05:00+00:00\",\"breadcrumb\":{\"@id\":\"https:\\\/\\\/lasentinelle.dz\\\/index.php\\\/2022\\\/09\\\/26\\\/declaration-de-politique-generale-du-gouvernement-lanp-renforce-les-capacites-du-systeme-national-de-defense\\\/#breadcrumb\"},\"inLanguage\":\"fr-FR\",\"potentialAction\":[{\"@type\":\"ReadAction\",\"target\":[\"https:\\\/\\\/lasentinelle.dz\\\/index.php\\\/2022\\\/09\\\/26\\\/declaration-de-politique-generale-du-gouvernement-lanp-renforce-les-capacites-du-systeme-national-de-defense\\\/\"]}]},{\"@type\":\"ImageObject\",\"inLanguage\":\"fr-FR\",\"@id\":\"https:\\\/\\\/lasentinelle.dz\\\/index.php\\\/2022\\\/09\\\/26\\\/declaration-de-politique-generale-du-gouvernement-lanp-renforce-les-capacites-du-systeme-national-de-defense\\\/#primaryimage\",\"url\":\"https:\\\/\\\/lasentinelle.dz\\\/wp-content\\\/uploads\\\/2022\\\/09\\\/MDN.png\",\"contentUrl\":\"https:\\\/\\\/lasentinelle.dz\\\/wp-content\\\/uploads\\\/2022\\\/09\\\/MDN.png\",\"width\":1350,\"height\":900},{\"@type\":\"BreadcrumbList\",\"@id\":\"https:\\\/\\\/lasentinelle.dz\\\/index.php\\\/2022\\\/09\\\/26\\\/declaration-de-politique-generale-du-gouvernement-lanp-renforce-les-capacites-du-systeme-national-de-defense\\\/#breadcrumb\",\"itemListElement\":[{\"@type\":\"ListItem\",\"position\":1,\"name\":\"Accueil\",\"item\":\"https:\\\/\\\/lasentinelle.dz\\\/\"},{\"@type\":\"ListItem\",\"position\":2,\"name\":\"D\u00e9claration de politique g\u00e9n\u00e9rale du Gouvernement\u00a0: L\u2019ANP renforce les capacit\u00e9s du syst\u00e8me national de d\u00e9fense\"}]},{\"@type\":\"WebSite\",\"@id\":\"https:\\\/\\\/lasentinelle.dz\\\/#website\",\"url\":\"https:\\\/\\\/lasentinelle.dz\\\/\",\"name\":\"La Sentinelle\",\"description\":\"Quotidien national d&#039;information\",\"publisher\":{\"@id\":\"https:\\\/\\\/lasentinelle.dz\\\/#organization\"},\"potentialAction\":[{\"@type\":\"SearchAction\",\"target\":{\"@type\":\"EntryPoint\",\"urlTemplate\":\"https:\\\/\\\/lasentinelle.dz\\\/?s={search_term_string}\"},\"query-input\":{\"@type\":\"PropertyValueSpecification\",\"valueRequired\":true,\"valueName\":\"search_term_string\"}}],\"inLanguage\":\"fr-FR\"},{\"@type\":\"Organization\",\"@id\":\"https:\\\/\\\/lasentinelle.dz\\\/#organization\",\"name\":\"Quotidien La Sentinelle\",\"url\":\"https:\\\/\\\/lasentinelle.dz\\\/\",\"logo\":{\"@type\":\"ImageObject\",\"inLanguage\":\"fr-FR\",\"@id\":\"https:\\\/\\\/lasentinelle.dz\\\/#\\\/schema\\\/logo\\\/image\\\/\",\"url\":\"https:\\\/\\\/lasentinelle.dz\\\/wp-content\\\/uploads\\\/2021\\\/09\\\/logo-sentinelleSLOGAN-1.png\",\"contentUrl\":\"https:\\\/\\\/lasentinelle.dz\\\/wp-content\\\/uploads\\\/2021\\\/09\\\/logo-sentinelleSLOGAN-1.png\",\"width\":615,\"height\":142,\"caption\":\"Quotidien La Sentinelle\"},\"image\":{\"@id\":\"https:\\\/\\\/lasentinelle.dz\\\/#\\\/schema\\\/logo\\\/image\\\/\"},\"sameAs\":[\"https:\\\/\\\/www.facebook.com\\\/La-Sentinelle-104059864394773\"]},{\"@type\":\"Person\",\"@id\":\"https:\\\/\\\/lasentinelle.dz\\\/#\\\/schema\\\/person\\\/d865044e22e70a75174ce8bcad3acfb3\",\"name\":\"La Sentinelle\",\"image\":{\"@type\":\"ImageObject\",\"inLanguage\":\"fr-FR\",\"@id\":\"https:\\\/\\\/secure.gravatar.com\\\/avatar\\\/57de8e5d4b15d43fb361a71fbb36338450fe67865b528a43dd10ef7c51a20392?s=96&d=mm&r=g\",\"url\":\"https:\\\/\\\/secure.gravatar.com\\\/avatar\\\/57de8e5d4b15d43fb361a71fbb36338450fe67865b528a43dd10ef7c51a20392?s=96&d=mm&r=g\",\"contentUrl\":\"https:\\\/\\\/secure.gravatar.com\\\/avatar\\\/57de8e5d4b15d43fb361a71fbb36338450fe67865b528a43dd10ef7c51a20392?s=96&d=mm&r=g\",\"caption\":\"La Sentinelle\"},\"sameAs\":[\"http:\\\/\\\/www.lasentinelle.dz\"],\"url\":\"https:\\\/\\\/lasentinelle.dz\\\/author\\\/redaction\\\/\"}]}<\/script>\n<!-- \/ Yoast SEO plugin. -->","yoast_head_json":{"title":"D\u00e9claration de politique g\u00e9n\u00e9rale du Gouvernement\u00a0: L\u2019ANP renforce les capacit\u00e9s du syst\u00e8me national de d\u00e9fense - La Sentinelle","robots":{"index":"index","follow":"follow","max-snippet":"max-snippet:-1","max-image-preview":"max-image-preview:large","max-video-preview":"max-video-preview:-1"},"canonical":"https:\/\/lasentinelle.dz\/index.php\/2022\/09\/26\/declaration-de-politique-generale-du-gouvernement-lanp-renforce-les-capacites-du-systeme-national-de-defense\/","og_locale":"fr_FR","og_type":"article","og_title":"D\u00e9claration de politique g\u00e9n\u00e9rale du Gouvernement\u00a0: L\u2019ANP renforce les capacit\u00e9s du syst\u00e8me national de d\u00e9fense - La Sentinelle","og_description":"Le r\u00f4le de l\u2019Arm\u00e9e nationale populaire, dans le soutien du d\u00e9veloppement \u00e9conomique national, en sus de ses missions de d\u00e9fense,","og_url":"https:\/\/lasentinelle.dz\/index.php\/2022\/09\/26\/declaration-de-politique-generale-du-gouvernement-lanp-renforce-les-capacites-du-systeme-national-de-defense\/","og_site_name":"La Sentinelle","article_publisher":"https:\/\/www.facebook.com\/La-Sentinelle-104059864394773","article_published_time":"2022-09-25T23:05:00+00:00","og_image":[{"width":1350,"height":900,"url":"https:\/\/lasentinelle.dz\/wp-content\/uploads\/2022\/09\/MDN.png","type":"image\/png"}],"author":"La Sentinelle","twitter_card":"summary_large_image","twitter_misc":{"\u00c9crit par":"La Sentinelle","Dur\u00e9e de lecture estim\u00e9e":"5 minutes"},"schema":{"@context":"https:\/\/schema.org","@graph":[{"@type":"Article","@id":"https:\/\/lasentinelle.dz\/index.php\/2022\/09\/26\/declaration-de-politique-generale-du-gouvernement-lanp-renforce-les-capacites-du-systeme-national-de-defense\/#article","isPartOf":{"@id":"https:\/\/lasentinelle.dz\/index.php\/2022\/09\/26\/declaration-de-politique-generale-du-gouvernement-lanp-renforce-les-capacites-du-systeme-national-de-defense\/"},"author":{"name":"La Sentinelle","@id":"https:\/\/lasentinelle.dz\/#\/schema\/person\/d865044e22e70a75174ce8bcad3acfb3"},"headline":"D\u00e9claration de politique g\u00e9n\u00e9rale du Gouvernement\u00a0: L\u2019ANP renforce les capacit\u00e9s du syst\u00e8me national de d\u00e9fense","datePublished":"2022-09-25T23:05:00+00:00","mainEntityOfPage":{"@id":"https:\/\/lasentinelle.dz\/index.php\/2022\/09\/26\/declaration-de-politique-generale-du-gouvernement-lanp-renforce-les-capacites-du-systeme-national-de-defense\/"},"wordCount":1191,"commentCount":0,"publisher":{"@id":"https:\/\/lasentinelle.dz\/#organization"},"image":{"@id":"https:\/\/lasentinelle.dz\/index.php\/2022\/09\/26\/declaration-de-politique-generale-du-gouvernement-lanp-renforce-les-capacites-du-systeme-national-de-defense\/#primaryimage"},"thumbnailUrl":"https:\/\/lasentinelle.dz\/wp-content\/uploads\/2022\/09\/MDN.png","articleSection":["Actualit\u00e9"],"inLanguage":"fr-FR","potentialAction":[{"@type":"CommentAction","name":"Comment","target":["https:\/\/lasentinelle.dz\/index.php\/2022\/09\/26\/declaration-de-politique-generale-du-gouvernement-lanp-renforce-les-capacites-du-systeme-national-de-defense\/#respond"]}]},{"@type":"WebPage","@id":"https:\/\/lasentinelle.dz\/index.php\/2022\/09\/26\/declaration-de-politique-generale-du-gouvernement-lanp-renforce-les-capacites-du-systeme-national-de-defense\/","url":"https:\/\/lasentinelle.dz\/index.php\/2022\/09\/26\/declaration-de-politique-generale-du-gouvernement-lanp-renforce-les-capacites-du-systeme-national-de-defense\/","name":"D\u00e9claration de politique g\u00e9n\u00e9rale du Gouvernement\u00a0: L\u2019ANP renforce les capacit\u00e9s du syst\u00e8me national de d\u00e9fense - La Sentinelle","isPartOf":{"@id":"https:\/\/lasentinelle.dz\/#website"},"primaryImageOfPage":{"@id":"https:\/\/lasentinelle.dz\/index.php\/2022\/09\/26\/declaration-de-politique-generale-du-gouvernement-lanp-renforce-les-capacites-du-systeme-national-de-defense\/#primaryimage"},"image":{"@id":"https:\/\/lasentinelle.dz\/index.php\/2022\/09\/26\/declaration-de-politique-generale-du-gouvernement-lanp-renforce-les-capacites-du-systeme-national-de-defense\/#primaryimage"},"thumbnailUrl":"https:\/\/lasentinelle.dz\/wp-content\/uploads\/2022\/09\/MDN.png","datePublished":"2022-09-25T23:05:00+00:00","breadcrumb":{"@id":"https:\/\/lasentinelle.dz\/index.php\/2022\/09\/26\/declaration-de-politique-generale-du-gouvernement-lanp-renforce-les-capacites-du-systeme-national-de-defense\/#breadcrumb"},"inLanguage":"fr-FR","potentialAction":[{"@type":"ReadAction","target":["https:\/\/lasentinelle.dz\/index.php\/2022\/09\/26\/declaration-de-politique-generale-du-gouvernement-lanp-renforce-les-capacites-du-systeme-national-de-defense\/"]}]},{"@type":"ImageObject","inLanguage":"fr-FR","@id":"https:\/\/lasentinelle.dz\/index.php\/2022\/09\/26\/declaration-de-politique-generale-du-gouvernement-lanp-renforce-les-capacites-du-systeme-national-de-defense\/#primaryimage","url":"https:\/\/lasentinelle.dz\/wp-content\/uploads\/2022\/09\/MDN.png","contentUrl":"https:\/\/lasentinelle.dz\/wp-content\/uploads\/2022\/09\/MDN.png","width":1350,"height":900},{"@type":"BreadcrumbList","@id":"https:\/\/lasentinelle.dz\/index.php\/2022\/09\/26\/declaration-de-politique-generale-du-gouvernement-lanp-renforce-les-capacites-du-systeme-national-de-defense\/#breadcrumb","itemListElement":[{"@type":"ListItem","position":1,"name":"Accueil","item":"https:\/\/lasentinelle.dz\/"},{"@type":"ListItem","position":2,"name":"D\u00e9claration de politique g\u00e9n\u00e9rale du Gouvernement\u00a0: L\u2019ANP renforce les capacit\u00e9s du syst\u00e8me national de d\u00e9fense"}]},{"@type":"WebSite","@id":"https:\/\/lasentinelle.dz\/#website","url":"https:\/\/lasentinelle.dz\/","name":"La Sentinelle","description":"Quotidien national d&#039;information","publisher":{"@id":"https:\/\/lasentinelle.dz\/#organization"},"potentialAction":[{"@type":"SearchAction","target":{"@type":"EntryPoint","urlTemplate":"https:\/\/lasentinelle.dz\/?s={search_term_string}"},"query-input":{"@type":"PropertyValueSpecification","valueRequired":true,"valueName":"search_term_string"}}],"inLanguage":"fr-FR"},{"@type":"Organization","@id":"https:\/\/lasentinelle.dz\/#organization","name":"Quotidien La Sentinelle","url":"https:\/\/lasentinelle.dz\/","logo":{"@type":"ImageObject","inLanguage":"fr-FR","@id":"https:\/\/lasentinelle.dz\/#\/schema\/logo\/image\/","url":"https:\/\/lasentinelle.dz\/wp-content\/uploads\/2021\/09\/logo-sentinelleSLOGAN-1.png","contentUrl":"https:\/\/lasentinelle.dz\/wp-content\/uploads\/2021\/09\/logo-sentinelleSLOGAN-1.png","width":615,"height":142,"caption":"Quotidien La Sentinelle"},"image":{"@id":"https:\/\/lasentinelle.dz\/#\/schema\/logo\/image\/"},"sameAs":["https:\/\/www.facebook.com\/La-Sentinelle-104059864394773"]},{"@type":"Person","@id":"https:\/\/lasentinelle.dz\/#\/schema\/person\/d865044e22e70a75174ce8bcad3acfb3","name":"La Sentinelle","image":{"@type":"ImageObject","inLanguage":"fr-FR","@id":"https:\/\/secure.gravatar.com\/avatar\/57de8e5d4b15d43fb361a71fbb36338450fe67865b528a43dd10ef7c51a20392?s=96&d=mm&r=g","url":"https:\/\/secure.gravatar.com\/avatar\/57de8e5d4b15d43fb361a71fbb36338450fe67865b528a43dd10ef7c51a20392?s=96&d=mm&r=g","contentUrl":"https:\/\/secure.gravatar.com\/avatar\/57de8e5d4b15d43fb361a71fbb36338450fe67865b528a43dd10ef7c51a20392?s=96&d=mm&r=g","caption":"La Sentinelle"},"sameAs":["http:\/\/www.lasentinelle.dz"],"url":"https:\/\/lasentinelle.dz\/author\/redaction\/"}]}},"_links":{"self":[{"href":"https:\/\/lasentinelle.dz\/index.php\/wp-json\/wp\/v2\/posts\/27976","targetHints":{"allow":["GET"]}}],"collection":[{"href":"https:\/\/lasentinelle.dz\/index.php\/wp-json\/wp\/v2\/posts"}],"about":[{"href":"https:\/\/lasentinelle.dz\/index.php\/wp-json\/wp\/v2\/types\/post"}],"author":[{"embeddable":true,"href":"https:\/\/lasentinelle.dz\/index.php\/wp-json\/wp\/v2\/users\/3"}],"replies":[{"embeddable":true,"href":"https:\/\/lasentinelle.dz\/index.php\/wp-json\/wp\/v2\/comments?post=27976"}],"version-history":[{"count":1,"href":"https:\/\/lasentinelle.dz\/index.php\/wp-json\/wp\/v2\/posts\/27976\/revisions"}],"predecessor-version":[{"id":27979,"href":"https:\/\/lasentinelle.dz\/index.php\/wp-json\/wp\/v2\/posts\/27976\/revisions\/27979"}],"wp:featuredmedia":[{"embeddable":true,"href":"https:\/\/lasentinelle.dz\/index.php\/wp-json\/wp\/v2\/media\/27980"}],"wp:attachment":[{"href":"https:\/\/lasentinelle.dz\/index.php\/wp-json\/wp\/v2\/media?parent=27976"}],"wp:term":[{"taxonomy":"category","embeddable":true,"href":"https:\/\/lasentinelle.dz\/index.php\/wp-json\/wp\/v2\/categories?post=27976"},{"taxonomy":"post_tag","embeddable":true,"href":"https:\/\/lasentinelle.dz\/index.php\/wp-json\/wp\/v2\/tags?post=27976"}],"curies":[{"name":"wp","href":"https:\/\/api.w.org\/{rel}","templated":true}]}}