{"id":28006,"date":"2022-09-27T00:01:00","date_gmt":"2022-09-26T23:01:00","guid":{"rendered":"https:\/\/lasentinelle.dz\/?p=28006"},"modified":"2022-09-26T16:46:17","modified_gmt":"2022-09-26T15:46:17","slug":"presidentielle-au-bresil-vers-la-victoire-au-premier-tour-de-lancien-president-lula","status":"publish","type":"post","link":"https:\/\/lasentinelle.dz\/index.php\/2022\/09\/27\/presidentielle-au-bresil-vers-la-victoire-au-premier-tour-de-lancien-president-lula\/","title":{"rendered":"Pr\u00e9sidentielle au Br\u00e9sil\u00a0: Vers la victoire au premier tour de l\u2019ancien pr\u00e9sident Lula"},"content":{"rendered":"\n<p>Cette semaine va voir Bolsonaro et Lula jeter leurs derni\u00e8res forces dans la bataille, avec de gros meetings et, jeudi, un d\u00e9bat t\u00e9l\u00e9vis\u00e9 tr\u00e8s attendu. \u00c0 une semaine de la pr\u00e9sidentielle, le Br\u00e9sil entre dans la derni\u00e8re ligne droite d&rsquo;une campagne \u00e9lectorale ultra-polaris\u00e9e se r\u00e9sumant \u00e0 un duel sans merci entre Jair Bolsonaro et Lula, dont l&rsquo;\u00e9lection d\u00e8s le premier tour para\u00eet possible.Si 11 candidats s&rsquo;alignent au d\u00e9part, c&rsquo;est la lutte entre l&rsquo;ancien pr\u00e9sident de gauche Luiz In\u00e1cio Lula da Silva (47% des intentions de vote selon le dernier sondage Datafolha) et le pr\u00e9sident d&rsquo;extr\u00eame droite Jair Bolsonaro (33%) qui accapare l&rsquo;attention. \u00abNous devons parler aux ind\u00e9cis et \u00e0 ceux qui envisagent de ne pas aller voter\u00bb, a d\u00e9clar\u00e9 Lula lors d&rsquo;un meeting au d\u00e9but de la semaine devant des milliers de supporters \u00e0 l&rsquo;\u00e9cole de samba Portela, \u00e0 Rio.<\/p>\n\n\n\n<p>C&rsquo;est avec constance que les enqu\u00eates d&rsquo;opinion accordent depuis des mois un troisi\u00e8me mandat pour diriger la premi\u00e8re puissance d&rsquo;Am\u00e9rique latine \u00e0 Lula, pr\u00e9sident de 2003 \u00e0 2010 et chef de file du Parti des Travailleurs (PT, gauche).L&rsquo;ancien m\u00e9tallo avait quitt\u00e9 le pouvoir sur des taux d&rsquo;approbation stratosph\u00e9riques (87%), avant de conna\u00eetre la disgr\u00e2ce de la prison pour corruption (2018-2019) et d&rsquo;\u00eatre emp\u00each\u00e9 de se repr\u00e9senter. Son \u00e9lection, \u00e0 76 ans, marquerait un come-back remarquable. Il b\u00e9n\u00e9ficie d&rsquo;une dynamique. \u00abLes sondages disent qu&rsquo;il y a une r\u00e9elle possibilit\u00e9 que Lula gagne d\u00e8s le premier tour\u00bb du 2 octobre, note Fernanda Magnotta, analyste \u00e0 la fondation FAAP, \u00e0 Sao Paulo. Lula pourrait b\u00e9n\u00e9ficier du \u00abvote utile\u00bb si \u00ables \u00e9lecteurs de candidats moins comp\u00e9titifs tel Ciro Gomes migrent vers lui\u00bb, explique-t-elle, au sujet du candidat de centre gauche, 3e dans les sondages (7%) devant Simone Tebet (centre droit, 5%).<\/p>\n\n\n\n<p>Le \u00abvote utile\u00bb, qui fait beaucoup parler de lui, est devenu le th\u00e8me dominant de la campagne de Lula. Pour Carolina Brigido, chroniqueuse au site d&rsquo;information UOL, \u00abl&rsquo;attitude typique de l&rsquo;\u00e9lecteur br\u00e9silien consiste \u00e0 attendre que se rapproche la date de l&rsquo;\u00e9lection pour voter pour le favori\u00bb. Ces derniers jours, Lula a surf\u00e9 sur une vague de soutiens : l&rsquo;ex-pr\u00e9sident Fernando Henrique Cardoso a demand\u00e9 aux Br\u00e9siliens de voter \u00abpour la d\u00e9mocratie\u00bb, son ex-ministre de l&rsquo;Environnement Marina Silva s&rsquo;est ralli\u00e9e \u00e0 lui apr\u00e8s une longue brouille. Des hommes politiques et des intellectuels de gauche d&rsquo;Am\u00e9rique latine ont demand\u00e9 \u00e0 Ciro Gomes de se retirer pour faciliter la victoire de Lula.Mais vendredi, Jair Bolsonaro, 67 ans, du Parti lib\u00e9ral (PL), assurait lors d&rsquo;un meeting dans le Minas Gerais (sud-est): \u00abNous allons vaincre au 1er tour\u00bb. Sur Telegram, les r\u00e9seaux bolsonaristes m\u00e8nent campagne pour expliquer que si leur champion n&rsquo;est pas \u00e9lu d\u00e8s le 2 octobre, c&rsquo;est que l&rsquo;\u00e9lection aura \u00e9t\u00e9 frauduleuse. La crainte d&rsquo;un remake br\u00e9silien de l&rsquo;assaut du Capitole est dans tous les esprits. Mais baissant soudainement le ton, ce pr\u00e9sident impr\u00e9visible a aussi d\u00e9clar\u00e9 que s&rsquo;il perdait, il se retirerait de la politique. Impossible donc de pr\u00e9voir la suite des \u00e9v\u00e9nements au soir du 1er tour.La campagne de Bolsonaro et Lula a \u00e9t\u00e9 plus marqu\u00e9e par des attaques personnelles &#8211; \u00abvoleur\u00bb, \u00abincomp\u00e9tent\u00bb &#8211; que par la pr\u00e9sentation de programmes. Le quotidien O Globo appelait samedi Lula \u00e0 proposer \u00abun projet \u00e9conomique coh\u00e9rent\u00bb, car \u00abs&rsquo;il gagne, personne ne sait comment il va gouverner\u00bb.<\/p>\n\n\n\n<p>Les candidats ont sillonn\u00e9 le gigantesque Br\u00e9sil et tenu d&rsquo;innombrables meetings en gilet pare-balles. Le th\u00e8me de l&rsquo;environnement et du climat, dans ce pays abritant l&rsquo;Amazonie, est pass\u00e9 \u00e0 la trappe, contrairement \u00e0 la faim, l&rsquo;inflation ou la corruption, pr\u00e9occupations de la majorit\u00e9 des 214 millions de Br\u00e9siliens.Pour ratisser large, Lula a tent\u00e9 de s\u00e9duire les \u00e9vang\u00e9liques qui constituent le socle de l&rsquo;\u00e9lectorat de Jair Bolsonaro avec l&rsquo;agron\u00e9goce et les pro-armes. Il s&rsquo;est aussi choisi pour colistier le tr\u00e8s mod\u00e9r\u00e9 ex-gouverneur de Sao Paulo Geraldo Alckmin, du centre droit, afin de rassurer les march\u00e9s qui voient avec appr\u00e9hension son \u00e9lection. M. Bolsonaro tente de son c\u00f4t\u00e9 de s\u00e9duire sans succ\u00e8s un \u00e9lectorat f\u00e9minin qui majoritairement le fuit pour ses propos sexistes et a labour\u00e9 le Nordeste, fief de Lula, sans beaucoup d&rsquo;effet non plus, selon les sondages.<\/p>\n\n\n\n<p><strong>K.L. et agences<\/strong><\/p>\n","protected":false},"excerpt":{"rendered":"<p>Cette semaine va voir Bolsonaro et Lula jeter leurs derni\u00e8res forces dans la bataille, avec de gros meetings et, jeudi,<\/p>\n","protected":false},"author":3,"featured_media":28016,"comment_status":"open","ping_status":"closed","sticky":false,"template":"","format":"standard","meta":{"colormag_page_container_layout":"default_layout","colormag_page_sidebar_layout":"default_layout","om_disable_all_campaigns":false,"_monsterinsights_skip_tracking":false,"_monsterinsights_sitenote_active":false,"_monsterinsights_sitenote_note":"","_monsterinsights_sitenote_category":0,"footnotes":"","_wpscppro_dont_share_socialmedia":false,"_wpscppro_custom_social_share_image":0,"_facebook_share_type":"","_twitter_share_type":"","_linkedin_share_type":"","_pinterest_share_type":"","_linkedin_share_type_page":"","_instagram_share_type":"","_medium_share_type":"","_threads_share_type":"","_google_business_share_type":"","_selected_social_profile":[],"_wpsp_enable_custom_social_template":false,"_wpsp_social_scheduling":{"enabled":false,"datetime":null,"platforms":[],"status":"template_only","dateOption":"today","timeOption":"now","customDays":"","customHours":"","customDate":"","customTime":"","schedulingType":"absolute"},"_wpsp_active_default_template":true},"categories":[37],"tags":[],"class_list":["post-28006","post","type-post","status-publish","format-standard","has-post-thumbnail","hentry","category-monde"],"aioseo_notices":[],"yoast_head":"<!-- This site is optimized with the Yoast SEO plugin v27.5 - https:\/\/yoast.com\/product\/yoast-seo-wordpress\/ -->\n<title>Pr\u00e9sidentielle au Br\u00e9sil\u00a0: Vers la victoire au premier tour de l\u2019ancien pr\u00e9sident Lula - La Sentinelle<\/title>\n<meta name=\"robots\" content=\"index, follow, max-snippet:-1, max-image-preview:large, max-video-preview:-1\" \/>\n<link rel=\"canonical\" href=\"https:\/\/lasentinelle.dz\/index.php\/2022\/09\/27\/presidentielle-au-bresil-vers-la-victoire-au-premier-tour-de-lancien-president-lula\/\" \/>\n<meta property=\"og:locale\" content=\"fr_FR\" \/>\n<meta property=\"og:type\" content=\"article\" \/>\n<meta property=\"og:title\" content=\"Pr\u00e9sidentielle au Br\u00e9sil\u00a0: Vers la victoire au premier tour de l\u2019ancien pr\u00e9sident Lula - La Sentinelle\" \/>\n<meta property=\"og:description\" content=\"Cette semaine va voir Bolsonaro et Lula jeter leurs derni\u00e8res forces dans la bataille, avec de gros meetings et, jeudi,\" \/>\n<meta property=\"og:url\" content=\"https:\/\/lasentinelle.dz\/index.php\/2022\/09\/27\/presidentielle-au-bresil-vers-la-victoire-au-premier-tour-de-lancien-president-lula\/\" \/>\n<meta property=\"og:site_name\" content=\"La Sentinelle\" \/>\n<meta property=\"article:publisher\" content=\"https:\/\/www.facebook.com\/La-Sentinelle-104059864394773\" \/>\n<meta property=\"article:published_time\" content=\"2022-09-26T23:01:00+00:00\" \/>\n<meta property=\"og:image\" content=\"https:\/\/lasentinelle.dz\/wp-content\/uploads\/2022\/09\/image_2022-09-26_164539399.png\" \/>\n\t<meta property=\"og:image:width\" content=\"932\" \/>\n\t<meta property=\"og:image:height\" content=\"582\" \/>\n\t<meta property=\"og:image:type\" content=\"image\/png\" \/>\n<meta name=\"author\" content=\"La Sentinelle\" \/>\n<meta name=\"twitter:card\" content=\"summary_large_image\" \/>\n<meta name=\"twitter:label1\" content=\"\u00c9crit par\" \/>\n\t<meta name=\"twitter:data1\" content=\"La Sentinelle\" \/>\n\t<meta name=\"twitter:label2\" content=\"Dur\u00e9e de lecture estim\u00e9e\" \/>\n\t<meta name=\"twitter:data2\" content=\"4 minutes\" \/>\n<script type=\"application\/ld+json\" class=\"yoast-schema-graph\">{\"@context\":\"https:\\\/\\\/schema.org\",\"@graph\":[{\"@type\":\"Article\",\"@id\":\"https:\\\/\\\/lasentinelle.dz\\\/index.php\\\/2022\\\/09\\\/27\\\/presidentielle-au-bresil-vers-la-victoire-au-premier-tour-de-lancien-president-lula\\\/#article\",\"isPartOf\":{\"@id\":\"https:\\\/\\\/lasentinelle.dz\\\/index.php\\\/2022\\\/09\\\/27\\\/presidentielle-au-bresil-vers-la-victoire-au-premier-tour-de-lancien-president-lula\\\/\"},\"author\":{\"name\":\"La Sentinelle\",\"@id\":\"https:\\\/\\\/lasentinelle.dz\\\/#\\\/schema\\\/person\\\/d865044e22e70a75174ce8bcad3acfb3\"},\"headline\":\"Pr\u00e9sidentielle au Br\u00e9sil\u00a0: Vers la victoire au premier tour de l\u2019ancien pr\u00e9sident Lula\",\"datePublished\":\"2022-09-26T23:01:00+00:00\",\"mainEntityOfPage\":{\"@id\":\"https:\\\/\\\/lasentinelle.dz\\\/index.php\\\/2022\\\/09\\\/27\\\/presidentielle-au-bresil-vers-la-victoire-au-premier-tour-de-lancien-president-lula\\\/\"},\"wordCount\":789,\"commentCount\":0,\"publisher\":{\"@id\":\"https:\\\/\\\/lasentinelle.dz\\\/#organization\"},\"image\":{\"@id\":\"https:\\\/\\\/lasentinelle.dz\\\/index.php\\\/2022\\\/09\\\/27\\\/presidentielle-au-bresil-vers-la-victoire-au-premier-tour-de-lancien-president-lula\\\/#primaryimage\"},\"thumbnailUrl\":\"https:\\\/\\\/lasentinelle.dz\\\/wp-content\\\/uploads\\\/2022\\\/09\\\/image_2022-09-26_164539399.png\",\"articleSection\":[\"Monde\"],\"inLanguage\":\"fr-FR\",\"potentialAction\":[{\"@type\":\"CommentAction\",\"name\":\"Comment\",\"target\":[\"https:\\\/\\\/lasentinelle.dz\\\/index.php\\\/2022\\\/09\\\/27\\\/presidentielle-au-bresil-vers-la-victoire-au-premier-tour-de-lancien-president-lula\\\/#respond\"]}]},{\"@type\":\"WebPage\",\"@id\":\"https:\\\/\\\/lasentinelle.dz\\\/index.php\\\/2022\\\/09\\\/27\\\/presidentielle-au-bresil-vers-la-victoire-au-premier-tour-de-lancien-president-lula\\\/\",\"url\":\"https:\\\/\\\/lasentinelle.dz\\\/index.php\\\/2022\\\/09\\\/27\\\/presidentielle-au-bresil-vers-la-victoire-au-premier-tour-de-lancien-president-lula\\\/\",\"name\":\"Pr\u00e9sidentielle au Br\u00e9sil\u00a0: Vers la victoire au premier tour de l\u2019ancien pr\u00e9sident Lula - La Sentinelle\",\"isPartOf\":{\"@id\":\"https:\\\/\\\/lasentinelle.dz\\\/#website\"},\"primaryImageOfPage\":{\"@id\":\"https:\\\/\\\/lasentinelle.dz\\\/index.php\\\/2022\\\/09\\\/27\\\/presidentielle-au-bresil-vers-la-victoire-au-premier-tour-de-lancien-president-lula\\\/#primaryimage\"},\"image\":{\"@id\":\"https:\\\/\\\/lasentinelle.dz\\\/index.php\\\/2022\\\/09\\\/27\\\/presidentielle-au-bresil-vers-la-victoire-au-premier-tour-de-lancien-president-lula\\\/#primaryimage\"},\"thumbnailUrl\":\"https:\\\/\\\/lasentinelle.dz\\\/wp-content\\\/uploads\\\/2022\\\/09\\\/image_2022-09-26_164539399.png\",\"datePublished\":\"2022-09-26T23:01:00+00:00\",\"breadcrumb\":{\"@id\":\"https:\\\/\\\/lasentinelle.dz\\\/index.php\\\/2022\\\/09\\\/27\\\/presidentielle-au-bresil-vers-la-victoire-au-premier-tour-de-lancien-president-lula\\\/#breadcrumb\"},\"inLanguage\":\"fr-FR\",\"potentialAction\":[{\"@type\":\"ReadAction\",\"target\":[\"https:\\\/\\\/lasentinelle.dz\\\/index.php\\\/2022\\\/09\\\/27\\\/presidentielle-au-bresil-vers-la-victoire-au-premier-tour-de-lancien-president-lula\\\/\"]}]},{\"@type\":\"ImageObject\",\"inLanguage\":\"fr-FR\",\"@id\":\"https:\\\/\\\/lasentinelle.dz\\\/index.php\\\/2022\\\/09\\\/27\\\/presidentielle-au-bresil-vers-la-victoire-au-premier-tour-de-lancien-president-lula\\\/#primaryimage\",\"url\":\"https:\\\/\\\/lasentinelle.dz\\\/wp-content\\\/uploads\\\/2022\\\/09\\\/image_2022-09-26_164539399.png\",\"contentUrl\":\"https:\\\/\\\/lasentinelle.dz\\\/wp-content\\\/uploads\\\/2022\\\/09\\\/image_2022-09-26_164539399.png\",\"width\":932,\"height\":582},{\"@type\":\"BreadcrumbList\",\"@id\":\"https:\\\/\\\/lasentinelle.dz\\\/index.php\\\/2022\\\/09\\\/27\\\/presidentielle-au-bresil-vers-la-victoire-au-premier-tour-de-lancien-president-lula\\\/#breadcrumb\",\"itemListElement\":[{\"@type\":\"ListItem\",\"position\":1,\"name\":\"Accueil\",\"item\":\"https:\\\/\\\/lasentinelle.dz\\\/\"},{\"@type\":\"ListItem\",\"position\":2,\"name\":\"Pr\u00e9sidentielle au Br\u00e9sil\u00a0: Vers la victoire au premier tour de l\u2019ancien pr\u00e9sident Lula\"}]},{\"@type\":\"WebSite\",\"@id\":\"https:\\\/\\\/lasentinelle.dz\\\/#website\",\"url\":\"https:\\\/\\\/lasentinelle.dz\\\/\",\"name\":\"La Sentinelle\",\"description\":\"Quotidien national d&#039;information\",\"publisher\":{\"@id\":\"https:\\\/\\\/lasentinelle.dz\\\/#organization\"},\"potentialAction\":[{\"@type\":\"SearchAction\",\"target\":{\"@type\":\"EntryPoint\",\"urlTemplate\":\"https:\\\/\\\/lasentinelle.dz\\\/?s={search_term_string}\"},\"query-input\":{\"@type\":\"PropertyValueSpecification\",\"valueRequired\":true,\"valueName\":\"search_term_string\"}}],\"inLanguage\":\"fr-FR\"},{\"@type\":\"Organization\",\"@id\":\"https:\\\/\\\/lasentinelle.dz\\\/#organization\",\"name\":\"Quotidien La Sentinelle\",\"url\":\"https:\\\/\\\/lasentinelle.dz\\\/\",\"logo\":{\"@type\":\"ImageObject\",\"inLanguage\":\"fr-FR\",\"@id\":\"https:\\\/\\\/lasentinelle.dz\\\/#\\\/schema\\\/logo\\\/image\\\/\",\"url\":\"https:\\\/\\\/lasentinelle.dz\\\/wp-content\\\/uploads\\\/2021\\\/09\\\/logo-sentinelleSLOGAN-1.png\",\"contentUrl\":\"https:\\\/\\\/lasentinelle.dz\\\/wp-content\\\/uploads\\\/2021\\\/09\\\/logo-sentinelleSLOGAN-1.png\",\"width\":615,\"height\":142,\"caption\":\"Quotidien La Sentinelle\"},\"image\":{\"@id\":\"https:\\\/\\\/lasentinelle.dz\\\/#\\\/schema\\\/logo\\\/image\\\/\"},\"sameAs\":[\"https:\\\/\\\/www.facebook.com\\\/La-Sentinelle-104059864394773\"]},{\"@type\":\"Person\",\"@id\":\"https:\\\/\\\/lasentinelle.dz\\\/#\\\/schema\\\/person\\\/d865044e22e70a75174ce8bcad3acfb3\",\"name\":\"La Sentinelle\",\"image\":{\"@type\":\"ImageObject\",\"inLanguage\":\"fr-FR\",\"@id\":\"https:\\\/\\\/secure.gravatar.com\\\/avatar\\\/57de8e5d4b15d43fb361a71fbb36338450fe67865b528a43dd10ef7c51a20392?s=96&d=mm&r=g\",\"url\":\"https:\\\/\\\/secure.gravatar.com\\\/avatar\\\/57de8e5d4b15d43fb361a71fbb36338450fe67865b528a43dd10ef7c51a20392?s=96&d=mm&r=g\",\"contentUrl\":\"https:\\\/\\\/secure.gravatar.com\\\/avatar\\\/57de8e5d4b15d43fb361a71fbb36338450fe67865b528a43dd10ef7c51a20392?s=96&d=mm&r=g\",\"caption\":\"La Sentinelle\"},\"sameAs\":[\"http:\\\/\\\/www.lasentinelle.dz\"],\"url\":\"https:\\\/\\\/lasentinelle.dz\\\/author\\\/redaction\\\/\"}]}<\/script>\n<!-- \/ Yoast SEO plugin. -->","yoast_head_json":{"title":"Pr\u00e9sidentielle au Br\u00e9sil\u00a0: Vers la victoire au premier tour de l\u2019ancien pr\u00e9sident Lula - La Sentinelle","robots":{"index":"index","follow":"follow","max-snippet":"max-snippet:-1","max-image-preview":"max-image-preview:large","max-video-preview":"max-video-preview:-1"},"canonical":"https:\/\/lasentinelle.dz\/index.php\/2022\/09\/27\/presidentielle-au-bresil-vers-la-victoire-au-premier-tour-de-lancien-president-lula\/","og_locale":"fr_FR","og_type":"article","og_title":"Pr\u00e9sidentielle au Br\u00e9sil\u00a0: Vers la victoire au premier tour de l\u2019ancien pr\u00e9sident Lula - La Sentinelle","og_description":"Cette semaine va voir Bolsonaro et Lula jeter leurs derni\u00e8res forces dans la bataille, avec de gros meetings et, jeudi,","og_url":"https:\/\/lasentinelle.dz\/index.php\/2022\/09\/27\/presidentielle-au-bresil-vers-la-victoire-au-premier-tour-de-lancien-president-lula\/","og_site_name":"La Sentinelle","article_publisher":"https:\/\/www.facebook.com\/La-Sentinelle-104059864394773","article_published_time":"2022-09-26T23:01:00+00:00","og_image":[{"width":932,"height":582,"url":"https:\/\/lasentinelle.dz\/wp-content\/uploads\/2022\/09\/image_2022-09-26_164539399.png","type":"image\/png"}],"author":"La Sentinelle","twitter_card":"summary_large_image","twitter_misc":{"\u00c9crit par":"La Sentinelle","Dur\u00e9e de lecture estim\u00e9e":"4 minutes"},"schema":{"@context":"https:\/\/schema.org","@graph":[{"@type":"Article","@id":"https:\/\/lasentinelle.dz\/index.php\/2022\/09\/27\/presidentielle-au-bresil-vers-la-victoire-au-premier-tour-de-lancien-president-lula\/#article","isPartOf":{"@id":"https:\/\/lasentinelle.dz\/index.php\/2022\/09\/27\/presidentielle-au-bresil-vers-la-victoire-au-premier-tour-de-lancien-president-lula\/"},"author":{"name":"La Sentinelle","@id":"https:\/\/lasentinelle.dz\/#\/schema\/person\/d865044e22e70a75174ce8bcad3acfb3"},"headline":"Pr\u00e9sidentielle au Br\u00e9sil\u00a0: Vers la victoire au premier tour de l\u2019ancien pr\u00e9sident Lula","datePublished":"2022-09-26T23:01:00+00:00","mainEntityOfPage":{"@id":"https:\/\/lasentinelle.dz\/index.php\/2022\/09\/27\/presidentielle-au-bresil-vers-la-victoire-au-premier-tour-de-lancien-president-lula\/"},"wordCount":789,"commentCount":0,"publisher":{"@id":"https:\/\/lasentinelle.dz\/#organization"},"image":{"@id":"https:\/\/lasentinelle.dz\/index.php\/2022\/09\/27\/presidentielle-au-bresil-vers-la-victoire-au-premier-tour-de-lancien-president-lula\/#primaryimage"},"thumbnailUrl":"https:\/\/lasentinelle.dz\/wp-content\/uploads\/2022\/09\/image_2022-09-26_164539399.png","articleSection":["Monde"],"inLanguage":"fr-FR","potentialAction":[{"@type":"CommentAction","name":"Comment","target":["https:\/\/lasentinelle.dz\/index.php\/2022\/09\/27\/presidentielle-au-bresil-vers-la-victoire-au-premier-tour-de-lancien-president-lula\/#respond"]}]},{"@type":"WebPage","@id":"https:\/\/lasentinelle.dz\/index.php\/2022\/09\/27\/presidentielle-au-bresil-vers-la-victoire-au-premier-tour-de-lancien-president-lula\/","url":"https:\/\/lasentinelle.dz\/index.php\/2022\/09\/27\/presidentielle-au-bresil-vers-la-victoire-au-premier-tour-de-lancien-president-lula\/","name":"Pr\u00e9sidentielle au Br\u00e9sil\u00a0: Vers la victoire au premier tour de l\u2019ancien pr\u00e9sident Lula - La Sentinelle","isPartOf":{"@id":"https:\/\/lasentinelle.dz\/#website"},"primaryImageOfPage":{"@id":"https:\/\/lasentinelle.dz\/index.php\/2022\/09\/27\/presidentielle-au-bresil-vers-la-victoire-au-premier-tour-de-lancien-president-lula\/#primaryimage"},"image":{"@id":"https:\/\/lasentinelle.dz\/index.php\/2022\/09\/27\/presidentielle-au-bresil-vers-la-victoire-au-premier-tour-de-lancien-president-lula\/#primaryimage"},"thumbnailUrl":"https:\/\/lasentinelle.dz\/wp-content\/uploads\/2022\/09\/image_2022-09-26_164539399.png","datePublished":"2022-09-26T23:01:00+00:00","breadcrumb":{"@id":"https:\/\/lasentinelle.dz\/index.php\/2022\/09\/27\/presidentielle-au-bresil-vers-la-victoire-au-premier-tour-de-lancien-president-lula\/#breadcrumb"},"inLanguage":"fr-FR","potentialAction":[{"@type":"ReadAction","target":["https:\/\/lasentinelle.dz\/index.php\/2022\/09\/27\/presidentielle-au-bresil-vers-la-victoire-au-premier-tour-de-lancien-president-lula\/"]}]},{"@type":"ImageObject","inLanguage":"fr-FR","@id":"https:\/\/lasentinelle.dz\/index.php\/2022\/09\/27\/presidentielle-au-bresil-vers-la-victoire-au-premier-tour-de-lancien-president-lula\/#primaryimage","url":"https:\/\/lasentinelle.dz\/wp-content\/uploads\/2022\/09\/image_2022-09-26_164539399.png","contentUrl":"https:\/\/lasentinelle.dz\/wp-content\/uploads\/2022\/09\/image_2022-09-26_164539399.png","width":932,"height":582},{"@type":"BreadcrumbList","@id":"https:\/\/lasentinelle.dz\/index.php\/2022\/09\/27\/presidentielle-au-bresil-vers-la-victoire-au-premier-tour-de-lancien-president-lula\/#breadcrumb","itemListElement":[{"@type":"ListItem","position":1,"name":"Accueil","item":"https:\/\/lasentinelle.dz\/"},{"@type":"ListItem","position":2,"name":"Pr\u00e9sidentielle au Br\u00e9sil\u00a0: Vers la victoire au premier tour de l\u2019ancien pr\u00e9sident Lula"}]},{"@type":"WebSite","@id":"https:\/\/lasentinelle.dz\/#website","url":"https:\/\/lasentinelle.dz\/","name":"La Sentinelle","description":"Quotidien national d&#039;information","publisher":{"@id":"https:\/\/lasentinelle.dz\/#organization"},"potentialAction":[{"@type":"SearchAction","target":{"@type":"EntryPoint","urlTemplate":"https:\/\/lasentinelle.dz\/?s={search_term_string}"},"query-input":{"@type":"PropertyValueSpecification","valueRequired":true,"valueName":"search_term_string"}}],"inLanguage":"fr-FR"},{"@type":"Organization","@id":"https:\/\/lasentinelle.dz\/#organization","name":"Quotidien La Sentinelle","url":"https:\/\/lasentinelle.dz\/","logo":{"@type":"ImageObject","inLanguage":"fr-FR","@id":"https:\/\/lasentinelle.dz\/#\/schema\/logo\/image\/","url":"https:\/\/lasentinelle.dz\/wp-content\/uploads\/2021\/09\/logo-sentinelleSLOGAN-1.png","contentUrl":"https:\/\/lasentinelle.dz\/wp-content\/uploads\/2021\/09\/logo-sentinelleSLOGAN-1.png","width":615,"height":142,"caption":"Quotidien La Sentinelle"},"image":{"@id":"https:\/\/lasentinelle.dz\/#\/schema\/logo\/image\/"},"sameAs":["https:\/\/www.facebook.com\/La-Sentinelle-104059864394773"]},{"@type":"Person","@id":"https:\/\/lasentinelle.dz\/#\/schema\/person\/d865044e22e70a75174ce8bcad3acfb3","name":"La Sentinelle","image":{"@type":"ImageObject","inLanguage":"fr-FR","@id":"https:\/\/secure.gravatar.com\/avatar\/57de8e5d4b15d43fb361a71fbb36338450fe67865b528a43dd10ef7c51a20392?s=96&d=mm&r=g","url":"https:\/\/secure.gravatar.com\/avatar\/57de8e5d4b15d43fb361a71fbb36338450fe67865b528a43dd10ef7c51a20392?s=96&d=mm&r=g","contentUrl":"https:\/\/secure.gravatar.com\/avatar\/57de8e5d4b15d43fb361a71fbb36338450fe67865b528a43dd10ef7c51a20392?s=96&d=mm&r=g","caption":"La Sentinelle"},"sameAs":["http:\/\/www.lasentinelle.dz"],"url":"https:\/\/lasentinelle.dz\/author\/redaction\/"}]}},"_links":{"self":[{"href":"https:\/\/lasentinelle.dz\/index.php\/wp-json\/wp\/v2\/posts\/28006","targetHints":{"allow":["GET"]}}],"collection":[{"href":"https:\/\/lasentinelle.dz\/index.php\/wp-json\/wp\/v2\/posts"}],"about":[{"href":"https:\/\/lasentinelle.dz\/index.php\/wp-json\/wp\/v2\/types\/post"}],"author":[{"embeddable":true,"href":"https:\/\/lasentinelle.dz\/index.php\/wp-json\/wp\/v2\/users\/3"}],"replies":[{"embeddable":true,"href":"https:\/\/lasentinelle.dz\/index.php\/wp-json\/wp\/v2\/comments?post=28006"}],"version-history":[{"count":1,"href":"https:\/\/lasentinelle.dz\/index.php\/wp-json\/wp\/v2\/posts\/28006\/revisions"}],"predecessor-version":[{"id":28014,"href":"https:\/\/lasentinelle.dz\/index.php\/wp-json\/wp\/v2\/posts\/28006\/revisions\/28014"}],"wp:featuredmedia":[{"embeddable":true,"href":"https:\/\/lasentinelle.dz\/index.php\/wp-json\/wp\/v2\/media\/28016"}],"wp:attachment":[{"href":"https:\/\/lasentinelle.dz\/index.php\/wp-json\/wp\/v2\/media?parent=28006"}],"wp:term":[{"taxonomy":"category","embeddable":true,"href":"https:\/\/lasentinelle.dz\/index.php\/wp-json\/wp\/v2\/categories?post=28006"},{"taxonomy":"post_tag","embeddable":true,"href":"https:\/\/lasentinelle.dz\/index.php\/wp-json\/wp\/v2\/tags?post=28006"}],"curies":[{"name":"wp","href":"https:\/\/api.w.org\/{rel}","templated":true}]}}