{"id":28008,"date":"2022-09-27T00:05:00","date_gmt":"2022-09-26T23:05:00","guid":{"rendered":"https:\/\/lasentinelle.dz\/?p=28008"},"modified":"2022-09-26T20:13:41","modified_gmt":"2022-09-26T19:13:41","slug":"plusieurs-manifestations-annoncees-le-makhzen-sur-une-poudriere-sociale","status":"publish","type":"post","link":"https:\/\/lasentinelle.dz\/index.php\/2022\/09\/27\/plusieurs-manifestations-annoncees-le-makhzen-sur-une-poudriere-sociale\/","title":{"rendered":"Plusieurs manifestations annonc\u00e9es\u00a0: Le Makhzen sur une poudri\u00e8re sociale"},"content":{"rendered":"\n<p>La crise sociale engendr\u00e9e par la crise \u00e9conomique au Maroc ne cesse de s&rsquo;exacerber poussant le peuple marocain \u00e0 sortir dans la rue pour protester contre la chert\u00e9 de la vie, le licenciement abusif des travailleurs et la marginalisation et d\u00e9noncer la politique r\u00e9pressive du Makhzen.Samedi soir, des centaines de Marocains ont manifest\u00e9 dans la ville d&rsquo;Azemmour (Casablanca) pour protester contre leurs conditions de vie d\u00e9sastreuses.Les manifestants, majoritairement des jeunes, se sont plaints des mauvaises conditions de vie et de la hausse vertigineuse des prix, d\u00e9plorant le d\u00e9ficit enregistr\u00e9 dans tous les secteurs, notamment celui de l&#8217;emploi.Samedi matin, la ville de T\u00e9mara (sud de Rabat) a \u00e9t\u00e9 le th\u00e9\u00e2tre de protestations organis\u00e9es par des dizaines de manifestants, victimes de la mafia du logement dans la r\u00e9gion de Skhirat.<\/p>\n\n\n\n<p>Les habitants du douar El Koura (Rabat) ont, eux aussi, organis\u00e9 des protestations pour revendiquer leur droit au logement. Dans le secteur de l&rsquo;\u00e9ducation, la rue marocaine reste en \u00e9bullition, alors que les enseignants contractuels poursuivent leurs protestations contre le minist\u00e8re de la tutelle, en organisant des sit-in, face \u00e0 l&rsquo;obstination du Gouvernement du Makhzen \u00e0 ignorer leurs revendications fondamentales.Apr\u00e8s la gr\u00e8ve nationale des enseignants les 29 et 22 septembre en cours, cette cat\u00e9gorie s&rsquo;appr\u00eate \u00e0 organiser de nouvelles manifestations le 5 octobre prochain.Parall\u00e8lement \u00e0 la rentr\u00e9e scolaire, les \u00e9l\u00e8ves et leurs parents ont organis\u00e9 des marches de protestation dans plusieurs villes marocaines pour d\u00e9noncer les mauvaises conditions de scolarisation, qui mettent \u00e0 nu \u00ab\u00a0les fausses r\u00e9formes\u00a0\u00bb promises par les autorit\u00e9s du Makhzen qui s&rsquo;\u00e9tait engag\u00e9 \u00e0 construire une \u00e9cole de qualit\u00e9 pour tous.Les \u00e9l\u00e8ves du village Abbas Azilal ont entam\u00e9 une marche de protestation contre le manque de salles de cours. Les \u00e9l\u00e8ves et leurs parents ont \u00e9galement manifest\u00e9 dans plusieurs villes du Royaume contre la fermeture de certaines \u00e9coles publiques.En r\u00e9action aux tergiversations du Gouvernement \u00e0 r\u00e9pondre aux revendications l\u00e9gitimes du peuple marocain, le syndicat de l&rsquo;Union marocaine du travail (UMT) se pr\u00e9pare \u00e0 un mouvement de protestation, en vue de dissuader le Gouvernement du Makhzen d&rsquo;ignorer la crise qui s&rsquo;exacerbe sur le front social, en raison de la hausse des prix des hydrocarbures et des produits de base.<\/p>\n\n\n\n<p>R.N.<\/p>\n","protected":false},"excerpt":{"rendered":"<p>La crise sociale engendr\u00e9e par la crise \u00e9conomique au Maroc ne cesse de s&rsquo;exacerber poussant le peuple marocain \u00e0 sortir<\/p>\n","protected":false},"author":3,"featured_media":21915,"comment_status":"open","ping_status":"closed","sticky":false,"template":"","format":"standard","meta":{"colormag_page_container_layout":"default_layout","colormag_page_sidebar_layout":"default_layout","om_disable_all_campaigns":false,"_monsterinsights_skip_tracking":false,"_monsterinsights_sitenote_active":false,"_monsterinsights_sitenote_note":"","_monsterinsights_sitenote_category":0,"footnotes":"","_wpscppro_dont_share_socialmedia":false,"_wpscppro_custom_social_share_image":0,"_facebook_share_type":"","_twitter_share_type":"","_linkedin_share_type":"","_pinterest_share_type":"","_linkedin_share_type_page":"","_instagram_share_type":"","_medium_share_type":"","_threads_share_type":"","_google_business_share_type":"","_selected_social_profile":[],"_wpsp_enable_custom_social_template":false,"_wpsp_social_scheduling":{"enabled":false,"datetime":null,"platforms":[],"status":"template_only","dateOption":"today","timeOption":"now","customDays":"","customHours":"","customDate":"","customTime":"","schedulingType":"absolute"},"_wpsp_active_default_template":true},"categories":[27],"tags":[],"class_list":["post-28008","post","type-post","status-publish","format-standard","has-post-thumbnail","hentry","category-actualite"],"aioseo_notices":[],"yoast_head":"<!-- This site is optimized with the Yoast SEO plugin v27.5 - https:\/\/yoast.com\/product\/yoast-seo-wordpress\/ -->\n<title>Plusieurs manifestations annonc\u00e9es\u00a0: Le Makhzen sur une poudri\u00e8re sociale - La Sentinelle<\/title>\n<meta name=\"robots\" content=\"index, follow, max-snippet:-1, max-image-preview:large, max-video-preview:-1\" \/>\n<link rel=\"canonical\" href=\"https:\/\/lasentinelle.dz\/index.php\/2022\/09\/27\/plusieurs-manifestations-annoncees-le-makhzen-sur-une-poudriere-sociale\/\" \/>\n<meta property=\"og:locale\" content=\"fr_FR\" \/>\n<meta property=\"og:type\" content=\"article\" \/>\n<meta property=\"og:title\" content=\"Plusieurs manifestations annonc\u00e9es\u00a0: Le Makhzen sur une poudri\u00e8re sociale - La Sentinelle\" \/>\n<meta property=\"og:description\" content=\"La crise sociale engendr\u00e9e par la crise \u00e9conomique au Maroc ne cesse de s&rsquo;exacerber poussant le peuple marocain \u00e0 sortir\" \/>\n<meta property=\"og:url\" content=\"https:\/\/lasentinelle.dz\/index.php\/2022\/09\/27\/plusieurs-manifestations-annoncees-le-makhzen-sur-une-poudriere-sociale\/\" \/>\n<meta property=\"og:site_name\" content=\"La Sentinelle\" \/>\n<meta property=\"article:publisher\" content=\"https:\/\/www.facebook.com\/La-Sentinelle-104059864394773\" \/>\n<meta property=\"article:published_time\" content=\"2022-09-26T23:05:00+00:00\" \/>\n<meta property=\"og:image\" content=\"https:\/\/lasentinelle.dz\/wp-content\/uploads\/2022\/05\/maroc.png\" \/>\n\t<meta property=\"og:image:width\" content=\"1496\" \/>\n\t<meta property=\"og:image:height\" content=\"900\" \/>\n\t<meta property=\"og:image:type\" content=\"image\/png\" \/>\n<meta name=\"author\" content=\"La Sentinelle\" \/>\n<meta name=\"twitter:card\" content=\"summary_large_image\" \/>\n<meta name=\"twitter:label1\" content=\"\u00c9crit par\" \/>\n\t<meta name=\"twitter:data1\" content=\"La Sentinelle\" \/>\n\t<meta name=\"twitter:label2\" content=\"Dur\u00e9e de lecture estim\u00e9e\" \/>\n\t<meta name=\"twitter:data2\" content=\"2 minutes\" \/>\n<script type=\"application\/ld+json\" class=\"yoast-schema-graph\">{\"@context\":\"https:\\\/\\\/schema.org\",\"@graph\":[{\"@type\":\"Article\",\"@id\":\"https:\\\/\\\/lasentinelle.dz\\\/index.php\\\/2022\\\/09\\\/27\\\/plusieurs-manifestations-annoncees-le-makhzen-sur-une-poudriere-sociale\\\/#article\",\"isPartOf\":{\"@id\":\"https:\\\/\\\/lasentinelle.dz\\\/index.php\\\/2022\\\/09\\\/27\\\/plusieurs-manifestations-annoncees-le-makhzen-sur-une-poudriere-sociale\\\/\"},\"author\":{\"name\":\"La Sentinelle\",\"@id\":\"https:\\\/\\\/lasentinelle.dz\\\/#\\\/schema\\\/person\\\/d865044e22e70a75174ce8bcad3acfb3\"},\"headline\":\"Plusieurs manifestations annonc\u00e9es\u00a0: Le Makhzen sur une poudri\u00e8re sociale\",\"datePublished\":\"2022-09-26T23:05:00+00:00\",\"mainEntityOfPage\":{\"@id\":\"https:\\\/\\\/lasentinelle.dz\\\/index.php\\\/2022\\\/09\\\/27\\\/plusieurs-manifestations-annoncees-le-makhzen-sur-une-poudriere-sociale\\\/\"},\"wordCount\":404,\"commentCount\":0,\"publisher\":{\"@id\":\"https:\\\/\\\/lasentinelle.dz\\\/#organization\"},\"image\":{\"@id\":\"https:\\\/\\\/lasentinelle.dz\\\/index.php\\\/2022\\\/09\\\/27\\\/plusieurs-manifestations-annoncees-le-makhzen-sur-une-poudriere-sociale\\\/#primaryimage\"},\"thumbnailUrl\":\"https:\\\/\\\/lasentinelle.dz\\\/wp-content\\\/uploads\\\/2022\\\/05\\\/maroc.png\",\"articleSection\":[\"Actualit\u00e9\"],\"inLanguage\":\"fr-FR\",\"potentialAction\":[{\"@type\":\"CommentAction\",\"name\":\"Comment\",\"target\":[\"https:\\\/\\\/lasentinelle.dz\\\/index.php\\\/2022\\\/09\\\/27\\\/plusieurs-manifestations-annoncees-le-makhzen-sur-une-poudriere-sociale\\\/#respond\"]}]},{\"@type\":\"WebPage\",\"@id\":\"https:\\\/\\\/lasentinelle.dz\\\/index.php\\\/2022\\\/09\\\/27\\\/plusieurs-manifestations-annoncees-le-makhzen-sur-une-poudriere-sociale\\\/\",\"url\":\"https:\\\/\\\/lasentinelle.dz\\\/index.php\\\/2022\\\/09\\\/27\\\/plusieurs-manifestations-annoncees-le-makhzen-sur-une-poudriere-sociale\\\/\",\"name\":\"Plusieurs manifestations annonc\u00e9es\u00a0: Le Makhzen sur une poudri\u00e8re sociale - La Sentinelle\",\"isPartOf\":{\"@id\":\"https:\\\/\\\/lasentinelle.dz\\\/#website\"},\"primaryImageOfPage\":{\"@id\":\"https:\\\/\\\/lasentinelle.dz\\\/index.php\\\/2022\\\/09\\\/27\\\/plusieurs-manifestations-annoncees-le-makhzen-sur-une-poudriere-sociale\\\/#primaryimage\"},\"image\":{\"@id\":\"https:\\\/\\\/lasentinelle.dz\\\/index.php\\\/2022\\\/09\\\/27\\\/plusieurs-manifestations-annoncees-le-makhzen-sur-une-poudriere-sociale\\\/#primaryimage\"},\"thumbnailUrl\":\"https:\\\/\\\/lasentinelle.dz\\\/wp-content\\\/uploads\\\/2022\\\/05\\\/maroc.png\",\"datePublished\":\"2022-09-26T23:05:00+00:00\",\"breadcrumb\":{\"@id\":\"https:\\\/\\\/lasentinelle.dz\\\/index.php\\\/2022\\\/09\\\/27\\\/plusieurs-manifestations-annoncees-le-makhzen-sur-une-poudriere-sociale\\\/#breadcrumb\"},\"inLanguage\":\"fr-FR\",\"potentialAction\":[{\"@type\":\"ReadAction\",\"target\":[\"https:\\\/\\\/lasentinelle.dz\\\/index.php\\\/2022\\\/09\\\/27\\\/plusieurs-manifestations-annoncees-le-makhzen-sur-une-poudriere-sociale\\\/\"]}]},{\"@type\":\"ImageObject\",\"inLanguage\":\"fr-FR\",\"@id\":\"https:\\\/\\\/lasentinelle.dz\\\/index.php\\\/2022\\\/09\\\/27\\\/plusieurs-manifestations-annoncees-le-makhzen-sur-une-poudriere-sociale\\\/#primaryimage\",\"url\":\"https:\\\/\\\/lasentinelle.dz\\\/wp-content\\\/uploads\\\/2022\\\/05\\\/maroc.png\",\"contentUrl\":\"https:\\\/\\\/lasentinelle.dz\\\/wp-content\\\/uploads\\\/2022\\\/05\\\/maroc.png\",\"width\":1496,\"height\":900},{\"@type\":\"BreadcrumbList\",\"@id\":\"https:\\\/\\\/lasentinelle.dz\\\/index.php\\\/2022\\\/09\\\/27\\\/plusieurs-manifestations-annoncees-le-makhzen-sur-une-poudriere-sociale\\\/#breadcrumb\",\"itemListElement\":[{\"@type\":\"ListItem\",\"position\":1,\"name\":\"Accueil\",\"item\":\"https:\\\/\\\/lasentinelle.dz\\\/\"},{\"@type\":\"ListItem\",\"position\":2,\"name\":\"Plusieurs manifestations annonc\u00e9es\u00a0: Le Makhzen sur une poudri\u00e8re sociale\"}]},{\"@type\":\"WebSite\",\"@id\":\"https:\\\/\\\/lasentinelle.dz\\\/#website\",\"url\":\"https:\\\/\\\/lasentinelle.dz\\\/\",\"name\":\"La Sentinelle\",\"description\":\"Quotidien national d&#039;information\",\"publisher\":{\"@id\":\"https:\\\/\\\/lasentinelle.dz\\\/#organization\"},\"potentialAction\":[{\"@type\":\"SearchAction\",\"target\":{\"@type\":\"EntryPoint\",\"urlTemplate\":\"https:\\\/\\\/lasentinelle.dz\\\/?s={search_term_string}\"},\"query-input\":{\"@type\":\"PropertyValueSpecification\",\"valueRequired\":true,\"valueName\":\"search_term_string\"}}],\"inLanguage\":\"fr-FR\"},{\"@type\":\"Organization\",\"@id\":\"https:\\\/\\\/lasentinelle.dz\\\/#organization\",\"name\":\"Quotidien La Sentinelle\",\"url\":\"https:\\\/\\\/lasentinelle.dz\\\/\",\"logo\":{\"@type\":\"ImageObject\",\"inLanguage\":\"fr-FR\",\"@id\":\"https:\\\/\\\/lasentinelle.dz\\\/#\\\/schema\\\/logo\\\/image\\\/\",\"url\":\"https:\\\/\\\/lasentinelle.dz\\\/wp-content\\\/uploads\\\/2021\\\/09\\\/logo-sentinelleSLOGAN-1.png\",\"contentUrl\":\"https:\\\/\\\/lasentinelle.dz\\\/wp-content\\\/uploads\\\/2021\\\/09\\\/logo-sentinelleSLOGAN-1.png\",\"width\":615,\"height\":142,\"caption\":\"Quotidien La Sentinelle\"},\"image\":{\"@id\":\"https:\\\/\\\/lasentinelle.dz\\\/#\\\/schema\\\/logo\\\/image\\\/\"},\"sameAs\":[\"https:\\\/\\\/www.facebook.com\\\/La-Sentinelle-104059864394773\"]},{\"@type\":\"Person\",\"@id\":\"https:\\\/\\\/lasentinelle.dz\\\/#\\\/schema\\\/person\\\/d865044e22e70a75174ce8bcad3acfb3\",\"name\":\"La Sentinelle\",\"image\":{\"@type\":\"ImageObject\",\"inLanguage\":\"fr-FR\",\"@id\":\"https:\\\/\\\/secure.gravatar.com\\\/avatar\\\/57de8e5d4b15d43fb361a71fbb36338450fe67865b528a43dd10ef7c51a20392?s=96&d=mm&r=g\",\"url\":\"https:\\\/\\\/secure.gravatar.com\\\/avatar\\\/57de8e5d4b15d43fb361a71fbb36338450fe67865b528a43dd10ef7c51a20392?s=96&d=mm&r=g\",\"contentUrl\":\"https:\\\/\\\/secure.gravatar.com\\\/avatar\\\/57de8e5d4b15d43fb361a71fbb36338450fe67865b528a43dd10ef7c51a20392?s=96&d=mm&r=g\",\"caption\":\"La Sentinelle\"},\"sameAs\":[\"http:\\\/\\\/www.lasentinelle.dz\"],\"url\":\"https:\\\/\\\/lasentinelle.dz\\\/author\\\/redaction\\\/\"}]}<\/script>\n<!-- \/ Yoast SEO plugin. -->","yoast_head_json":{"title":"Plusieurs manifestations annonc\u00e9es\u00a0: Le Makhzen sur une poudri\u00e8re sociale - La Sentinelle","robots":{"index":"index","follow":"follow","max-snippet":"max-snippet:-1","max-image-preview":"max-image-preview:large","max-video-preview":"max-video-preview:-1"},"canonical":"https:\/\/lasentinelle.dz\/index.php\/2022\/09\/27\/plusieurs-manifestations-annoncees-le-makhzen-sur-une-poudriere-sociale\/","og_locale":"fr_FR","og_type":"article","og_title":"Plusieurs manifestations annonc\u00e9es\u00a0: Le Makhzen sur une poudri\u00e8re sociale - La Sentinelle","og_description":"La crise sociale engendr\u00e9e par la crise \u00e9conomique au Maroc ne cesse de s&rsquo;exacerber poussant le peuple marocain \u00e0 sortir","og_url":"https:\/\/lasentinelle.dz\/index.php\/2022\/09\/27\/plusieurs-manifestations-annoncees-le-makhzen-sur-une-poudriere-sociale\/","og_site_name":"La Sentinelle","article_publisher":"https:\/\/www.facebook.com\/La-Sentinelle-104059864394773","article_published_time":"2022-09-26T23:05:00+00:00","og_image":[{"width":1496,"height":900,"url":"https:\/\/lasentinelle.dz\/wp-content\/uploads\/2022\/05\/maroc.png","type":"image\/png"}],"author":"La Sentinelle","twitter_card":"summary_large_image","twitter_misc":{"\u00c9crit par":"La Sentinelle","Dur\u00e9e de lecture estim\u00e9e":"2 minutes"},"schema":{"@context":"https:\/\/schema.org","@graph":[{"@type":"Article","@id":"https:\/\/lasentinelle.dz\/index.php\/2022\/09\/27\/plusieurs-manifestations-annoncees-le-makhzen-sur-une-poudriere-sociale\/#article","isPartOf":{"@id":"https:\/\/lasentinelle.dz\/index.php\/2022\/09\/27\/plusieurs-manifestations-annoncees-le-makhzen-sur-une-poudriere-sociale\/"},"author":{"name":"La Sentinelle","@id":"https:\/\/lasentinelle.dz\/#\/schema\/person\/d865044e22e70a75174ce8bcad3acfb3"},"headline":"Plusieurs manifestations annonc\u00e9es\u00a0: Le Makhzen sur une poudri\u00e8re sociale","datePublished":"2022-09-26T23:05:00+00:00","mainEntityOfPage":{"@id":"https:\/\/lasentinelle.dz\/index.php\/2022\/09\/27\/plusieurs-manifestations-annoncees-le-makhzen-sur-une-poudriere-sociale\/"},"wordCount":404,"commentCount":0,"publisher":{"@id":"https:\/\/lasentinelle.dz\/#organization"},"image":{"@id":"https:\/\/lasentinelle.dz\/index.php\/2022\/09\/27\/plusieurs-manifestations-annoncees-le-makhzen-sur-une-poudriere-sociale\/#primaryimage"},"thumbnailUrl":"https:\/\/lasentinelle.dz\/wp-content\/uploads\/2022\/05\/maroc.png","articleSection":["Actualit\u00e9"],"inLanguage":"fr-FR","potentialAction":[{"@type":"CommentAction","name":"Comment","target":["https:\/\/lasentinelle.dz\/index.php\/2022\/09\/27\/plusieurs-manifestations-annoncees-le-makhzen-sur-une-poudriere-sociale\/#respond"]}]},{"@type":"WebPage","@id":"https:\/\/lasentinelle.dz\/index.php\/2022\/09\/27\/plusieurs-manifestations-annoncees-le-makhzen-sur-une-poudriere-sociale\/","url":"https:\/\/lasentinelle.dz\/index.php\/2022\/09\/27\/plusieurs-manifestations-annoncees-le-makhzen-sur-une-poudriere-sociale\/","name":"Plusieurs manifestations annonc\u00e9es\u00a0: Le Makhzen sur une poudri\u00e8re sociale - La Sentinelle","isPartOf":{"@id":"https:\/\/lasentinelle.dz\/#website"},"primaryImageOfPage":{"@id":"https:\/\/lasentinelle.dz\/index.php\/2022\/09\/27\/plusieurs-manifestations-annoncees-le-makhzen-sur-une-poudriere-sociale\/#primaryimage"},"image":{"@id":"https:\/\/lasentinelle.dz\/index.php\/2022\/09\/27\/plusieurs-manifestations-annoncees-le-makhzen-sur-une-poudriere-sociale\/#primaryimage"},"thumbnailUrl":"https:\/\/lasentinelle.dz\/wp-content\/uploads\/2022\/05\/maroc.png","datePublished":"2022-09-26T23:05:00+00:00","breadcrumb":{"@id":"https:\/\/lasentinelle.dz\/index.php\/2022\/09\/27\/plusieurs-manifestations-annoncees-le-makhzen-sur-une-poudriere-sociale\/#breadcrumb"},"inLanguage":"fr-FR","potentialAction":[{"@type":"ReadAction","target":["https:\/\/lasentinelle.dz\/index.php\/2022\/09\/27\/plusieurs-manifestations-annoncees-le-makhzen-sur-une-poudriere-sociale\/"]}]},{"@type":"ImageObject","inLanguage":"fr-FR","@id":"https:\/\/lasentinelle.dz\/index.php\/2022\/09\/27\/plusieurs-manifestations-annoncees-le-makhzen-sur-une-poudriere-sociale\/#primaryimage","url":"https:\/\/lasentinelle.dz\/wp-content\/uploads\/2022\/05\/maroc.png","contentUrl":"https:\/\/lasentinelle.dz\/wp-content\/uploads\/2022\/05\/maroc.png","width":1496,"height":900},{"@type":"BreadcrumbList","@id":"https:\/\/lasentinelle.dz\/index.php\/2022\/09\/27\/plusieurs-manifestations-annoncees-le-makhzen-sur-une-poudriere-sociale\/#breadcrumb","itemListElement":[{"@type":"ListItem","position":1,"name":"Accueil","item":"https:\/\/lasentinelle.dz\/"},{"@type":"ListItem","position":2,"name":"Plusieurs manifestations annonc\u00e9es\u00a0: Le Makhzen sur une poudri\u00e8re sociale"}]},{"@type":"WebSite","@id":"https:\/\/lasentinelle.dz\/#website","url":"https:\/\/lasentinelle.dz\/","name":"La Sentinelle","description":"Quotidien national d&#039;information","publisher":{"@id":"https:\/\/lasentinelle.dz\/#organization"},"potentialAction":[{"@type":"SearchAction","target":{"@type":"EntryPoint","urlTemplate":"https:\/\/lasentinelle.dz\/?s={search_term_string}"},"query-input":{"@type":"PropertyValueSpecification","valueRequired":true,"valueName":"search_term_string"}}],"inLanguage":"fr-FR"},{"@type":"Organization","@id":"https:\/\/lasentinelle.dz\/#organization","name":"Quotidien La Sentinelle","url":"https:\/\/lasentinelle.dz\/","logo":{"@type":"ImageObject","inLanguage":"fr-FR","@id":"https:\/\/lasentinelle.dz\/#\/schema\/logo\/image\/","url":"https:\/\/lasentinelle.dz\/wp-content\/uploads\/2021\/09\/logo-sentinelleSLOGAN-1.png","contentUrl":"https:\/\/lasentinelle.dz\/wp-content\/uploads\/2021\/09\/logo-sentinelleSLOGAN-1.png","width":615,"height":142,"caption":"Quotidien La Sentinelle"},"image":{"@id":"https:\/\/lasentinelle.dz\/#\/schema\/logo\/image\/"},"sameAs":["https:\/\/www.facebook.com\/La-Sentinelle-104059864394773"]},{"@type":"Person","@id":"https:\/\/lasentinelle.dz\/#\/schema\/person\/d865044e22e70a75174ce8bcad3acfb3","name":"La Sentinelle","image":{"@type":"ImageObject","inLanguage":"fr-FR","@id":"https:\/\/secure.gravatar.com\/avatar\/57de8e5d4b15d43fb361a71fbb36338450fe67865b528a43dd10ef7c51a20392?s=96&d=mm&r=g","url":"https:\/\/secure.gravatar.com\/avatar\/57de8e5d4b15d43fb361a71fbb36338450fe67865b528a43dd10ef7c51a20392?s=96&d=mm&r=g","contentUrl":"https:\/\/secure.gravatar.com\/avatar\/57de8e5d4b15d43fb361a71fbb36338450fe67865b528a43dd10ef7c51a20392?s=96&d=mm&r=g","caption":"La Sentinelle"},"sameAs":["http:\/\/www.lasentinelle.dz"],"url":"https:\/\/lasentinelle.dz\/author\/redaction\/"}]}},"_links":{"self":[{"href":"https:\/\/lasentinelle.dz\/index.php\/wp-json\/wp\/v2\/posts\/28008","targetHints":{"allow":["GET"]}}],"collection":[{"href":"https:\/\/lasentinelle.dz\/index.php\/wp-json\/wp\/v2\/posts"}],"about":[{"href":"https:\/\/lasentinelle.dz\/index.php\/wp-json\/wp\/v2\/types\/post"}],"author":[{"embeddable":true,"href":"https:\/\/lasentinelle.dz\/index.php\/wp-json\/wp\/v2\/users\/3"}],"replies":[{"embeddable":true,"href":"https:\/\/lasentinelle.dz\/index.php\/wp-json\/wp\/v2\/comments?post=28008"}],"version-history":[{"count":1,"href":"https:\/\/lasentinelle.dz\/index.php\/wp-json\/wp\/v2\/posts\/28008\/revisions"}],"predecessor-version":[{"id":28039,"href":"https:\/\/lasentinelle.dz\/index.php\/wp-json\/wp\/v2\/posts\/28008\/revisions\/28039"}],"wp:featuredmedia":[{"embeddable":true,"href":"https:\/\/lasentinelle.dz\/index.php\/wp-json\/wp\/v2\/media\/21915"}],"wp:attachment":[{"href":"https:\/\/lasentinelle.dz\/index.php\/wp-json\/wp\/v2\/media?parent=28008"}],"wp:term":[{"taxonomy":"category","embeddable":true,"href":"https:\/\/lasentinelle.dz\/index.php\/wp-json\/wp\/v2\/categories?post=28008"},{"taxonomy":"post_tag","embeddable":true,"href":"https:\/\/lasentinelle.dz\/index.php\/wp-json\/wp\/v2\/tags?post=28008"}],"curies":[{"name":"wp","href":"https:\/\/api.w.org\/{rel}","templated":true}]}}