{"id":28012,"date":"2022-09-27T00:05:00","date_gmt":"2022-09-26T23:05:00","guid":{"rendered":"https:\/\/lasentinelle.dz\/?p=28012"},"modified":"2022-09-26T19:50:41","modified_gmt":"2022-09-26T18:50:41","slug":"energie-nucleaire-arkab-presente-la-strategie-de-lalgerie-a-laiea","status":"publish","type":"post","link":"https:\/\/lasentinelle.dz\/index.php\/2022\/09\/27\/energie-nucleaire-arkab-presente-la-strategie-de-lalgerie-a-laiea\/","title":{"rendered":"\u00c9nergie nucl\u00e9aire\u00a0: Arkab pr\u00e9sente la strat\u00e9gie de l\u2019Alg\u00e9rie \u00e0 l\u2019AIEA"},"content":{"rendered":"\n<p>Le ministre de l\u2019\u00c9nergie et des Mines, Mohamed Arkab, a pris part hier aux travaux de la<\/p>\n\n\n\n<p>66e session de la Conf\u00e9rence G\u00e9n\u00e9rale de l\u2019Agence internationale de l\u2019\u00e9nergie atomique (AIEA). Une session au cours de laquelle il a fait un expos\u00e9 sur la strat\u00e9gie et les programmes de l\u2019Alg\u00e9rie dans le domaine de l\u2019\u00e9nergie atomique. Selon un communiqu\u00e9 du d\u00e9partement de l\u2019\u00c9nergie et des Mines, le ministre \u00ab&nbsp;a rappel\u00e9 l\u2019application des dispositions de la loi 19-05 du 17 juillet 2019 relative aux activit\u00e9s nucl\u00e9aires, notamment la mise en place de l\u2019Autorit\u00e9 Nationale de S\u00fbret\u00e9 et de S\u00e9curit\u00e9 Nucl\u00e9aires&nbsp;\u00bb. Mohamed Arkab a \u00e9galement soulign\u00e9 \u00ab&nbsp;l\u2019attachement de l\u2019Alg\u00e9rie au cadre juridique international et r\u00e9gional de d\u00e9sarmement et de non-prolif\u00e9ration, dont le Trait\u00e9 de Pelindaba et l\u2019appui aux activit\u00e9s de la Commission Africaine de l\u2019Energie Nucl\u00e9aire (AFCONE)&nbsp;\u00bb. &nbsp;Il a \u00e9galement \u00e9num\u00e9r\u00e9 les projets de coop\u00e9ration entre l\u2019Alg\u00e9rie et les pays africains fr\u00e8res dans le domaine des utilisations pacifiques de l\u2019\u00e9nergie nucl\u00e9aire, notamment dans le cadre de l\u2019Accord r\u00e9gional de coop\u00e9ration pour l\u2019Afrique sur la Recherche, le d\u00e9veloppement et la formation dans le domaine des sciences et de la technologie nucl\u00e9aire (AFRA).&nbsp;<\/p>\n\n\n\n<p>Notons que Mohamed Arkab a rencontr\u00e9 le Directeur G\u00e9n\u00e9ral de l\u2019AIEA, Rafael Mariano Grossi, auquel il a expos\u00e9 les axes prioritaires du plan national de d\u00e9veloppement des applications pacifiques de l\u2019\u00e9nergie nucl\u00e9aire, en exprimant le souhait d\u2019un appui accru de l\u2019AIEA dans la concr\u00e9tisation de ce programme.&nbsp; Pour sa part, le premier responsable de l\u2019AIEA a affich\u00e9 la pleine disponibilit\u00e9 de l\u2019Agence \u00e0 soutenir les programmes nationaux de d\u00e9veloppement, et qu\u2019il accordait \u00e0 l\u2019Alg\u00e9rie un int\u00e9r\u00eat et une attention particuli\u00e8re.<\/p>\n\n\n\n<p>Il est \u00e0 noter qu\u2019en marge de ses activit\u00e9s dans le cadre de cette Conf\u00e9rence G\u00e9n\u00e9rale, le ministre de l\u2019\u00c9nergie et des Mines a rencontr\u00e9 les fonctionnaires alg\u00e9riens exer\u00e7ant \u00e0 l\u2019AIEA. A cette occasion, il a rappel\u00e9 les instructions du Pr\u00e9sident de la R\u00e9publique pour favoriser la contribution des comp\u00e9tences nationales \u00e0 l\u2019\u00e9tranger au d\u00e9veloppement du pays. Les experts alg\u00e9riens ont confirm\u00e9 leur pleine adh\u00e9sion \u00e0 cette approche et se sont d\u00e9clar\u00e9s pr\u00eats \u00e0 y r\u00e9pondre favorablement, pr\u00e9cise enfin le communiqu\u00e9.&nbsp;&nbsp;<\/p>\n\n\n\n<p>R.N.<\/p>\n","protected":false},"excerpt":{"rendered":"<p>Le ministre de l\u2019\u00c9nergie et des Mines, Mohamed Arkab, a pris part hier aux travaux de la 66e session de<\/p>\n","protected":false},"author":3,"featured_media":14362,"comment_status":"open","ping_status":"closed","sticky":false,"template":"","format":"standard","meta":{"colormag_page_container_layout":"default_layout","colormag_page_sidebar_layout":"default_layout","om_disable_all_campaigns":false,"_monsterinsights_skip_tracking":false,"_monsterinsights_sitenote_active":false,"_monsterinsights_sitenote_note":"","_monsterinsights_sitenote_category":0,"footnotes":"","_wpscppro_dont_share_socialmedia":false,"_wpscppro_custom_social_share_image":0,"_facebook_share_type":"","_twitter_share_type":"","_linkedin_share_type":"","_pinterest_share_type":"","_linkedin_share_type_page":"","_instagram_share_type":"","_medium_share_type":"","_threads_share_type":"","_google_business_share_type":"","_selected_social_profile":[],"_wpsp_enable_custom_social_template":false,"_wpsp_social_scheduling":{"enabled":false,"datetime":null,"platforms":[],"status":"template_only","dateOption":"today","timeOption":"now","customDays":"","customHours":"","customDate":"","customTime":"","schedulingType":"absolute"},"_wpsp_active_default_template":true},"categories":[27],"tags":[],"class_list":["post-28012","post","type-post","status-publish","format-standard","has-post-thumbnail","hentry","category-actualite"],"aioseo_notices":[],"yoast_head":"<!-- This site is optimized with the Yoast SEO plugin v27.5 - https:\/\/yoast.com\/product\/yoast-seo-wordpress\/ -->\n<title>\u00c9nergie nucl\u00e9aire\u00a0: Arkab pr\u00e9sente la strat\u00e9gie de l\u2019Alg\u00e9rie \u00e0 l\u2019AIEA - La Sentinelle<\/title>\n<meta name=\"robots\" content=\"index, follow, max-snippet:-1, max-image-preview:large, max-video-preview:-1\" \/>\n<link rel=\"canonical\" href=\"https:\/\/lasentinelle.dz\/index.php\/2022\/09\/27\/energie-nucleaire-arkab-presente-la-strategie-de-lalgerie-a-laiea\/\" \/>\n<meta property=\"og:locale\" content=\"fr_FR\" \/>\n<meta property=\"og:type\" content=\"article\" \/>\n<meta property=\"og:title\" content=\"\u00c9nergie nucl\u00e9aire\u00a0: Arkab pr\u00e9sente la strat\u00e9gie de l\u2019Alg\u00e9rie \u00e0 l\u2019AIEA - La Sentinelle\" \/>\n<meta property=\"og:description\" content=\"Le ministre de l\u2019\u00c9nergie et des Mines, Mohamed Arkab, a pris part hier aux travaux de la 66e session de\" \/>\n<meta property=\"og:url\" content=\"https:\/\/lasentinelle.dz\/index.php\/2022\/09\/27\/energie-nucleaire-arkab-presente-la-strategie-de-lalgerie-a-laiea\/\" \/>\n<meta property=\"og:site_name\" content=\"La Sentinelle\" \/>\n<meta property=\"article:publisher\" content=\"https:\/\/www.facebook.com\/La-Sentinelle-104059864394773\" \/>\n<meta property=\"article:published_time\" content=\"2022-09-26T23:05:00+00:00\" \/>\n<meta property=\"og:image\" content=\"https:\/\/lasentinelle.dz\/wp-content\/uploads\/2021\/11\/Mohamed-Arkab.png\" \/>\n\t<meta property=\"og:image:width\" content=\"1696\" \/>\n\t<meta property=\"og:image:height\" content=\"900\" \/>\n\t<meta property=\"og:image:type\" content=\"image\/png\" \/>\n<meta name=\"author\" content=\"La Sentinelle\" \/>\n<meta name=\"twitter:card\" content=\"summary_large_image\" \/>\n<meta name=\"twitter:label1\" content=\"\u00c9crit par\" \/>\n\t<meta name=\"twitter:data1\" content=\"La Sentinelle\" \/>\n\t<meta name=\"twitter:label2\" content=\"Dur\u00e9e de lecture estim\u00e9e\" \/>\n\t<meta name=\"twitter:data2\" content=\"2 minutes\" \/>\n<script type=\"application\/ld+json\" class=\"yoast-schema-graph\">{\"@context\":\"https:\\\/\\\/schema.org\",\"@graph\":[{\"@type\":\"Article\",\"@id\":\"https:\\\/\\\/lasentinelle.dz\\\/index.php\\\/2022\\\/09\\\/27\\\/energie-nucleaire-arkab-presente-la-strategie-de-lalgerie-a-laiea\\\/#article\",\"isPartOf\":{\"@id\":\"https:\\\/\\\/lasentinelle.dz\\\/index.php\\\/2022\\\/09\\\/27\\\/energie-nucleaire-arkab-presente-la-strategie-de-lalgerie-a-laiea\\\/\"},\"author\":{\"name\":\"La Sentinelle\",\"@id\":\"https:\\\/\\\/lasentinelle.dz\\\/#\\\/schema\\\/person\\\/d865044e22e70a75174ce8bcad3acfb3\"},\"headline\":\"\u00c9nergie nucl\u00e9aire\u00a0: Arkab pr\u00e9sente la strat\u00e9gie de l\u2019Alg\u00e9rie \u00e0 l\u2019AIEA\",\"datePublished\":\"2022-09-26T23:05:00+00:00\",\"mainEntityOfPage\":{\"@id\":\"https:\\\/\\\/lasentinelle.dz\\\/index.php\\\/2022\\\/09\\\/27\\\/energie-nucleaire-arkab-presente-la-strategie-de-lalgerie-a-laiea\\\/\"},\"wordCount\":447,\"commentCount\":0,\"publisher\":{\"@id\":\"https:\\\/\\\/lasentinelle.dz\\\/#organization\"},\"image\":{\"@id\":\"https:\\\/\\\/lasentinelle.dz\\\/index.php\\\/2022\\\/09\\\/27\\\/energie-nucleaire-arkab-presente-la-strategie-de-lalgerie-a-laiea\\\/#primaryimage\"},\"thumbnailUrl\":\"https:\\\/\\\/lasentinelle.dz\\\/wp-content\\\/uploads\\\/2021\\\/11\\\/Mohamed-Arkab.png\",\"articleSection\":[\"Actualit\u00e9\"],\"inLanguage\":\"fr-FR\",\"potentialAction\":[{\"@type\":\"CommentAction\",\"name\":\"Comment\",\"target\":[\"https:\\\/\\\/lasentinelle.dz\\\/index.php\\\/2022\\\/09\\\/27\\\/energie-nucleaire-arkab-presente-la-strategie-de-lalgerie-a-laiea\\\/#respond\"]}]},{\"@type\":\"WebPage\",\"@id\":\"https:\\\/\\\/lasentinelle.dz\\\/index.php\\\/2022\\\/09\\\/27\\\/energie-nucleaire-arkab-presente-la-strategie-de-lalgerie-a-laiea\\\/\",\"url\":\"https:\\\/\\\/lasentinelle.dz\\\/index.php\\\/2022\\\/09\\\/27\\\/energie-nucleaire-arkab-presente-la-strategie-de-lalgerie-a-laiea\\\/\",\"name\":\"\u00c9nergie nucl\u00e9aire\u00a0: Arkab pr\u00e9sente la strat\u00e9gie de l\u2019Alg\u00e9rie \u00e0 l\u2019AIEA - La Sentinelle\",\"isPartOf\":{\"@id\":\"https:\\\/\\\/lasentinelle.dz\\\/#website\"},\"primaryImageOfPage\":{\"@id\":\"https:\\\/\\\/lasentinelle.dz\\\/index.php\\\/2022\\\/09\\\/27\\\/energie-nucleaire-arkab-presente-la-strategie-de-lalgerie-a-laiea\\\/#primaryimage\"},\"image\":{\"@id\":\"https:\\\/\\\/lasentinelle.dz\\\/index.php\\\/2022\\\/09\\\/27\\\/energie-nucleaire-arkab-presente-la-strategie-de-lalgerie-a-laiea\\\/#primaryimage\"},\"thumbnailUrl\":\"https:\\\/\\\/lasentinelle.dz\\\/wp-content\\\/uploads\\\/2021\\\/11\\\/Mohamed-Arkab.png\",\"datePublished\":\"2022-09-26T23:05:00+00:00\",\"breadcrumb\":{\"@id\":\"https:\\\/\\\/lasentinelle.dz\\\/index.php\\\/2022\\\/09\\\/27\\\/energie-nucleaire-arkab-presente-la-strategie-de-lalgerie-a-laiea\\\/#breadcrumb\"},\"inLanguage\":\"fr-FR\",\"potentialAction\":[{\"@type\":\"ReadAction\",\"target\":[\"https:\\\/\\\/lasentinelle.dz\\\/index.php\\\/2022\\\/09\\\/27\\\/energie-nucleaire-arkab-presente-la-strategie-de-lalgerie-a-laiea\\\/\"]}]},{\"@type\":\"ImageObject\",\"inLanguage\":\"fr-FR\",\"@id\":\"https:\\\/\\\/lasentinelle.dz\\\/index.php\\\/2022\\\/09\\\/27\\\/energie-nucleaire-arkab-presente-la-strategie-de-lalgerie-a-laiea\\\/#primaryimage\",\"url\":\"https:\\\/\\\/lasentinelle.dz\\\/wp-content\\\/uploads\\\/2021\\\/11\\\/Mohamed-Arkab.png\",\"contentUrl\":\"https:\\\/\\\/lasentinelle.dz\\\/wp-content\\\/uploads\\\/2021\\\/11\\\/Mohamed-Arkab.png\",\"width\":1696,\"height\":900},{\"@type\":\"BreadcrumbList\",\"@id\":\"https:\\\/\\\/lasentinelle.dz\\\/index.php\\\/2022\\\/09\\\/27\\\/energie-nucleaire-arkab-presente-la-strategie-de-lalgerie-a-laiea\\\/#breadcrumb\",\"itemListElement\":[{\"@type\":\"ListItem\",\"position\":1,\"name\":\"Accueil\",\"item\":\"https:\\\/\\\/lasentinelle.dz\\\/\"},{\"@type\":\"ListItem\",\"position\":2,\"name\":\"\u00c9nergie nucl\u00e9aire\u00a0: Arkab pr\u00e9sente la strat\u00e9gie de l\u2019Alg\u00e9rie \u00e0 l\u2019AIEA\"}]},{\"@type\":\"WebSite\",\"@id\":\"https:\\\/\\\/lasentinelle.dz\\\/#website\",\"url\":\"https:\\\/\\\/lasentinelle.dz\\\/\",\"name\":\"La Sentinelle\",\"description\":\"Quotidien national d&#039;information\",\"publisher\":{\"@id\":\"https:\\\/\\\/lasentinelle.dz\\\/#organization\"},\"potentialAction\":[{\"@type\":\"SearchAction\",\"target\":{\"@type\":\"EntryPoint\",\"urlTemplate\":\"https:\\\/\\\/lasentinelle.dz\\\/?s={search_term_string}\"},\"query-input\":{\"@type\":\"PropertyValueSpecification\",\"valueRequired\":true,\"valueName\":\"search_term_string\"}}],\"inLanguage\":\"fr-FR\"},{\"@type\":\"Organization\",\"@id\":\"https:\\\/\\\/lasentinelle.dz\\\/#organization\",\"name\":\"Quotidien La Sentinelle\",\"url\":\"https:\\\/\\\/lasentinelle.dz\\\/\",\"logo\":{\"@type\":\"ImageObject\",\"inLanguage\":\"fr-FR\",\"@id\":\"https:\\\/\\\/lasentinelle.dz\\\/#\\\/schema\\\/logo\\\/image\\\/\",\"url\":\"https:\\\/\\\/lasentinelle.dz\\\/wp-content\\\/uploads\\\/2021\\\/09\\\/logo-sentinelleSLOGAN-1.png\",\"contentUrl\":\"https:\\\/\\\/lasentinelle.dz\\\/wp-content\\\/uploads\\\/2021\\\/09\\\/logo-sentinelleSLOGAN-1.png\",\"width\":615,\"height\":142,\"caption\":\"Quotidien La Sentinelle\"},\"image\":{\"@id\":\"https:\\\/\\\/lasentinelle.dz\\\/#\\\/schema\\\/logo\\\/image\\\/\"},\"sameAs\":[\"https:\\\/\\\/www.facebook.com\\\/La-Sentinelle-104059864394773\"]},{\"@type\":\"Person\",\"@id\":\"https:\\\/\\\/lasentinelle.dz\\\/#\\\/schema\\\/person\\\/d865044e22e70a75174ce8bcad3acfb3\",\"name\":\"La Sentinelle\",\"image\":{\"@type\":\"ImageObject\",\"inLanguage\":\"fr-FR\",\"@id\":\"https:\\\/\\\/secure.gravatar.com\\\/avatar\\\/57de8e5d4b15d43fb361a71fbb36338450fe67865b528a43dd10ef7c51a20392?s=96&d=mm&r=g\",\"url\":\"https:\\\/\\\/secure.gravatar.com\\\/avatar\\\/57de8e5d4b15d43fb361a71fbb36338450fe67865b528a43dd10ef7c51a20392?s=96&d=mm&r=g\",\"contentUrl\":\"https:\\\/\\\/secure.gravatar.com\\\/avatar\\\/57de8e5d4b15d43fb361a71fbb36338450fe67865b528a43dd10ef7c51a20392?s=96&d=mm&r=g\",\"caption\":\"La Sentinelle\"},\"sameAs\":[\"http:\\\/\\\/www.lasentinelle.dz\"],\"url\":\"https:\\\/\\\/lasentinelle.dz\\\/author\\\/redaction\\\/\"}]}<\/script>\n<!-- \/ Yoast SEO plugin. -->","yoast_head_json":{"title":"\u00c9nergie nucl\u00e9aire\u00a0: Arkab pr\u00e9sente la strat\u00e9gie de l\u2019Alg\u00e9rie \u00e0 l\u2019AIEA - La Sentinelle","robots":{"index":"index","follow":"follow","max-snippet":"max-snippet:-1","max-image-preview":"max-image-preview:large","max-video-preview":"max-video-preview:-1"},"canonical":"https:\/\/lasentinelle.dz\/index.php\/2022\/09\/27\/energie-nucleaire-arkab-presente-la-strategie-de-lalgerie-a-laiea\/","og_locale":"fr_FR","og_type":"article","og_title":"\u00c9nergie nucl\u00e9aire\u00a0: Arkab pr\u00e9sente la strat\u00e9gie de l\u2019Alg\u00e9rie \u00e0 l\u2019AIEA - La Sentinelle","og_description":"Le ministre de l\u2019\u00c9nergie et des Mines, Mohamed Arkab, a pris part hier aux travaux de la 66e session de","og_url":"https:\/\/lasentinelle.dz\/index.php\/2022\/09\/27\/energie-nucleaire-arkab-presente-la-strategie-de-lalgerie-a-laiea\/","og_site_name":"La Sentinelle","article_publisher":"https:\/\/www.facebook.com\/La-Sentinelle-104059864394773","article_published_time":"2022-09-26T23:05:00+00:00","og_image":[{"width":1696,"height":900,"url":"https:\/\/lasentinelle.dz\/wp-content\/uploads\/2021\/11\/Mohamed-Arkab.png","type":"image\/png"}],"author":"La Sentinelle","twitter_card":"summary_large_image","twitter_misc":{"\u00c9crit par":"La Sentinelle","Dur\u00e9e de lecture estim\u00e9e":"2 minutes"},"schema":{"@context":"https:\/\/schema.org","@graph":[{"@type":"Article","@id":"https:\/\/lasentinelle.dz\/index.php\/2022\/09\/27\/energie-nucleaire-arkab-presente-la-strategie-de-lalgerie-a-laiea\/#article","isPartOf":{"@id":"https:\/\/lasentinelle.dz\/index.php\/2022\/09\/27\/energie-nucleaire-arkab-presente-la-strategie-de-lalgerie-a-laiea\/"},"author":{"name":"La Sentinelle","@id":"https:\/\/lasentinelle.dz\/#\/schema\/person\/d865044e22e70a75174ce8bcad3acfb3"},"headline":"\u00c9nergie nucl\u00e9aire\u00a0: Arkab pr\u00e9sente la strat\u00e9gie de l\u2019Alg\u00e9rie \u00e0 l\u2019AIEA","datePublished":"2022-09-26T23:05:00+00:00","mainEntityOfPage":{"@id":"https:\/\/lasentinelle.dz\/index.php\/2022\/09\/27\/energie-nucleaire-arkab-presente-la-strategie-de-lalgerie-a-laiea\/"},"wordCount":447,"commentCount":0,"publisher":{"@id":"https:\/\/lasentinelle.dz\/#organization"},"image":{"@id":"https:\/\/lasentinelle.dz\/index.php\/2022\/09\/27\/energie-nucleaire-arkab-presente-la-strategie-de-lalgerie-a-laiea\/#primaryimage"},"thumbnailUrl":"https:\/\/lasentinelle.dz\/wp-content\/uploads\/2021\/11\/Mohamed-Arkab.png","articleSection":["Actualit\u00e9"],"inLanguage":"fr-FR","potentialAction":[{"@type":"CommentAction","name":"Comment","target":["https:\/\/lasentinelle.dz\/index.php\/2022\/09\/27\/energie-nucleaire-arkab-presente-la-strategie-de-lalgerie-a-laiea\/#respond"]}]},{"@type":"WebPage","@id":"https:\/\/lasentinelle.dz\/index.php\/2022\/09\/27\/energie-nucleaire-arkab-presente-la-strategie-de-lalgerie-a-laiea\/","url":"https:\/\/lasentinelle.dz\/index.php\/2022\/09\/27\/energie-nucleaire-arkab-presente-la-strategie-de-lalgerie-a-laiea\/","name":"\u00c9nergie nucl\u00e9aire\u00a0: Arkab pr\u00e9sente la strat\u00e9gie de l\u2019Alg\u00e9rie \u00e0 l\u2019AIEA - La Sentinelle","isPartOf":{"@id":"https:\/\/lasentinelle.dz\/#website"},"primaryImageOfPage":{"@id":"https:\/\/lasentinelle.dz\/index.php\/2022\/09\/27\/energie-nucleaire-arkab-presente-la-strategie-de-lalgerie-a-laiea\/#primaryimage"},"image":{"@id":"https:\/\/lasentinelle.dz\/index.php\/2022\/09\/27\/energie-nucleaire-arkab-presente-la-strategie-de-lalgerie-a-laiea\/#primaryimage"},"thumbnailUrl":"https:\/\/lasentinelle.dz\/wp-content\/uploads\/2021\/11\/Mohamed-Arkab.png","datePublished":"2022-09-26T23:05:00+00:00","breadcrumb":{"@id":"https:\/\/lasentinelle.dz\/index.php\/2022\/09\/27\/energie-nucleaire-arkab-presente-la-strategie-de-lalgerie-a-laiea\/#breadcrumb"},"inLanguage":"fr-FR","potentialAction":[{"@type":"ReadAction","target":["https:\/\/lasentinelle.dz\/index.php\/2022\/09\/27\/energie-nucleaire-arkab-presente-la-strategie-de-lalgerie-a-laiea\/"]}]},{"@type":"ImageObject","inLanguage":"fr-FR","@id":"https:\/\/lasentinelle.dz\/index.php\/2022\/09\/27\/energie-nucleaire-arkab-presente-la-strategie-de-lalgerie-a-laiea\/#primaryimage","url":"https:\/\/lasentinelle.dz\/wp-content\/uploads\/2021\/11\/Mohamed-Arkab.png","contentUrl":"https:\/\/lasentinelle.dz\/wp-content\/uploads\/2021\/11\/Mohamed-Arkab.png","width":1696,"height":900},{"@type":"BreadcrumbList","@id":"https:\/\/lasentinelle.dz\/index.php\/2022\/09\/27\/energie-nucleaire-arkab-presente-la-strategie-de-lalgerie-a-laiea\/#breadcrumb","itemListElement":[{"@type":"ListItem","position":1,"name":"Accueil","item":"https:\/\/lasentinelle.dz\/"},{"@type":"ListItem","position":2,"name":"\u00c9nergie nucl\u00e9aire\u00a0: Arkab pr\u00e9sente la strat\u00e9gie de l\u2019Alg\u00e9rie \u00e0 l\u2019AIEA"}]},{"@type":"WebSite","@id":"https:\/\/lasentinelle.dz\/#website","url":"https:\/\/lasentinelle.dz\/","name":"La Sentinelle","description":"Quotidien national d&#039;information","publisher":{"@id":"https:\/\/lasentinelle.dz\/#organization"},"potentialAction":[{"@type":"SearchAction","target":{"@type":"EntryPoint","urlTemplate":"https:\/\/lasentinelle.dz\/?s={search_term_string}"},"query-input":{"@type":"PropertyValueSpecification","valueRequired":true,"valueName":"search_term_string"}}],"inLanguage":"fr-FR"},{"@type":"Organization","@id":"https:\/\/lasentinelle.dz\/#organization","name":"Quotidien La Sentinelle","url":"https:\/\/lasentinelle.dz\/","logo":{"@type":"ImageObject","inLanguage":"fr-FR","@id":"https:\/\/lasentinelle.dz\/#\/schema\/logo\/image\/","url":"https:\/\/lasentinelle.dz\/wp-content\/uploads\/2021\/09\/logo-sentinelleSLOGAN-1.png","contentUrl":"https:\/\/lasentinelle.dz\/wp-content\/uploads\/2021\/09\/logo-sentinelleSLOGAN-1.png","width":615,"height":142,"caption":"Quotidien La Sentinelle"},"image":{"@id":"https:\/\/lasentinelle.dz\/#\/schema\/logo\/image\/"},"sameAs":["https:\/\/www.facebook.com\/La-Sentinelle-104059864394773"]},{"@type":"Person","@id":"https:\/\/lasentinelle.dz\/#\/schema\/person\/d865044e22e70a75174ce8bcad3acfb3","name":"La Sentinelle","image":{"@type":"ImageObject","inLanguage":"fr-FR","@id":"https:\/\/secure.gravatar.com\/avatar\/57de8e5d4b15d43fb361a71fbb36338450fe67865b528a43dd10ef7c51a20392?s=96&d=mm&r=g","url":"https:\/\/secure.gravatar.com\/avatar\/57de8e5d4b15d43fb361a71fbb36338450fe67865b528a43dd10ef7c51a20392?s=96&d=mm&r=g","contentUrl":"https:\/\/secure.gravatar.com\/avatar\/57de8e5d4b15d43fb361a71fbb36338450fe67865b528a43dd10ef7c51a20392?s=96&d=mm&r=g","caption":"La Sentinelle"},"sameAs":["http:\/\/www.lasentinelle.dz"],"url":"https:\/\/lasentinelle.dz\/author\/redaction\/"}]}},"_links":{"self":[{"href":"https:\/\/lasentinelle.dz\/index.php\/wp-json\/wp\/v2\/posts\/28012","targetHints":{"allow":["GET"]}}],"collection":[{"href":"https:\/\/lasentinelle.dz\/index.php\/wp-json\/wp\/v2\/posts"}],"about":[{"href":"https:\/\/lasentinelle.dz\/index.php\/wp-json\/wp\/v2\/types\/post"}],"author":[{"embeddable":true,"href":"https:\/\/lasentinelle.dz\/index.php\/wp-json\/wp\/v2\/users\/3"}],"replies":[{"embeddable":true,"href":"https:\/\/lasentinelle.dz\/index.php\/wp-json\/wp\/v2\/comments?post=28012"}],"version-history":[{"count":1,"href":"https:\/\/lasentinelle.dz\/index.php\/wp-json\/wp\/v2\/posts\/28012\/revisions"}],"predecessor-version":[{"id":28048,"href":"https:\/\/lasentinelle.dz\/index.php\/wp-json\/wp\/v2\/posts\/28012\/revisions\/28048"}],"wp:featuredmedia":[{"embeddable":true,"href":"https:\/\/lasentinelle.dz\/index.php\/wp-json\/wp\/v2\/media\/14362"}],"wp:attachment":[{"href":"https:\/\/lasentinelle.dz\/index.php\/wp-json\/wp\/v2\/media?parent=28012"}],"wp:term":[{"taxonomy":"category","embeddable":true,"href":"https:\/\/lasentinelle.dz\/index.php\/wp-json\/wp\/v2\/categories?post=28012"},{"taxonomy":"post_tag","embeddable":true,"href":"https:\/\/lasentinelle.dz\/index.php\/wp-json\/wp\/v2\/tags?post=28012"}],"curies":[{"name":"wp","href":"https:\/\/api.w.org\/{rel}","templated":true}]}}