{"id":28103,"date":"2022-09-28T00:05:00","date_gmt":"2022-09-27T23:05:00","guid":{"rendered":"https:\/\/lasentinelle.dz\/?p=28103"},"modified":"2022-09-27T20:44:50","modified_gmt":"2022-09-27T19:44:50","slug":"inesg-un-cycle-de-conferences-autour-de-la-citoyennete-participative","status":"publish","type":"post","link":"https:\/\/lasentinelle.dz\/index.php\/2022\/09\/28\/inesg-un-cycle-de-conferences-autour-de-la-citoyennete-participative\/","title":{"rendered":"INESG\u00a0: Un cycle de conf\u00e9rences autour de la \u00ab\u00a0citoyennet\u00e9 participative\u00a0\u00bb"},"content":{"rendered":"\n<p>&nbsp;L&rsquo;Institut national d&rsquo;Etudes de strat\u00e9gie globale (INESG), a lanc\u00e9, mardi \u00e0 Alger, un cycle de conf\u00e9rences autour de \u00ab\u00a0la citoyennet\u00e9 participative\u00a0\u00bb, une notion d\u00e9velopp\u00e9e par divers sp\u00e9cialistes, sous l&rsquo;angle des mutations politiques, \u00e9conomiques et socioculturelles de l&rsquo;Alg\u00e9rie.\u00a0\u00bbLa citoyennet\u00e9 est une responsabilit\u00e9. C&rsquo;est une notion qui suppose des droits mais aussi des obligations, et il s&rsquo;agit de trouver l&rsquo;\u00e9quilibre entre ces deux derniers\u00a0\u00bb, a d\u00e9clar\u00e9 le Directeur g\u00e9n\u00e9ral de l&rsquo;INESG, Abdelaziz Medjahed, \u00e0 l&rsquo;ouverture de la rencontre inaugurale de la s\u00e9rie de conf\u00e9rences annonc\u00e9e.Consid\u00e9rant que \u00ab\u00a0le citoyen a une grande responsabilit\u00e9 quant \u00e0 son destin\u00a0\u00bb, il a estim\u00e9 qu'\u00a0\u00bbil appartient \u00e0 chacun d&rsquo;aller de l&rsquo;avant, en s&rsquo;appuyant sur des valeurs et en s&rsquo;armant de volont\u00e9\u00a0\u00bb, citant, \u00e0 titre d&rsquo;exemple, les \u00e9lections locales d\u00e9signant les repr\u00e9sentants du peuple au niveau local.M. Medjahed a mis l&rsquo;accent, \u00e0 cet \u00e9gard, sur \u00ab\u00a0l&rsquo;imp\u00e9ratif de bien choisir ceux qui sont appel\u00e9s \u00e0 g\u00e9rer les Assembl\u00e9es locales et \u00e0 pr\u00e9parer les lois de la R\u00e9publique qui refl\u00e9teront les aspirations et les attentes des \u00e9lecteurs\u00a0\u00bb, notant, \u00e0 ce titre, l&rsquo;importance des principes de \u00ab\u00a0libert\u00e9 et de justice\u00a0\u00bb sur lesquels s&rsquo;appuie toute citoyennet\u00e9.Sp\u00e9cialiste des sciences politiques, Mohamed Safou, a abord\u00e9, de son c\u00f4t\u00e9, la question de \u00ab\u00a0la citoyennet\u00e9 et participation citoyenne\u00a0\u00bb, en pr\u00e9cisant que \u00ab\u00a0si le concept de citoyennet\u00e9 remonte \u00e0 la civilisation grecque, celui-ci est en train de se renouveler aujourd&rsquo;hui avec la r\u00e9organisation des Etats autour des d\u00e9fis de s\u00e9curit\u00e9 et de d\u00e9veloppement\u00a0\u00bb.Il a expliqu\u00e9 que \u00ab\u00a0la citoyennet\u00e9 est \u00e9troitement li\u00e9e au principe d&rsquo;\u00e9galit\u00e9, dont celui de la distribution des richesses. Or, le sentiment d&rsquo;exclusion peut entamer celui de citoyennet\u00e9, d&rsquo;appartenance \u00e0 une terre et par cons\u00e9quent, de d\u00e9vouement au pays\u00a0\u00bb.\u00a0\u00bbEn revanche, a-t-il rappel\u00e9, la justice favorise le d\u00e9vouement \u00e0 la patrie\u00a0\u00bb, relevant que \u00ab\u00a0la citoyennet\u00e9 est diff\u00e9rente de la nationalit\u00e9\u00a0\u00bb, ajoutant que si cette derni\u00e8re est \u00ab\u00a0un statut juridique, la citoyennet\u00e9 n&rsquo;est pas juste une notion mais elle s&rsquo;exprime \u00e0 travers des institutions\u00a0\u00bb.De son c\u00f4t\u00e9, l&rsquo;historien Rabah Lounici, de l&rsquo;Universit\u00e9 d&rsquo;Oran, a abord\u00e9 la question de la citoyennet\u00e9 en Alg\u00e9rie, sous l&rsquo;angle de \u00ab\u00a0la n\u00e9gation coloniale et de ses r\u00e9percussions\u00a0\u00bb, affirmant que \u00ab\u00a0la D\u00e9claration du 1er novembre 1954 a revendiqu\u00e9 un Etat de citoyennet\u00e9, bien avant que le fassent les pays d\u00e9velopp\u00e9s\u00a0\u00bb. Ceci, a-t-il indiqu\u00e9, en appelant \u00e0 \u00ab\u00a0l&rsquo;acceptation de l&rsquo;autre, quelles que soient ses diff\u00e9rences, l&rsquo;essentiel \u00e9tant de s&rsquo;en tenir \u00e0 l&rsquo;unit\u00e9 nationale et au d\u00e9vouement \u00e0 la patrie\u00a0\u00bb.Il a rappel\u00e9, dans ce contexte, les pratiques de la France coloniale visant \u00e0 d\u00e9lester les Alg\u00e9riens de leur pleine citoyennet\u00e9, \u00e0 travers entre autres, la promulgation du d\u00e9cret Cr\u00e9mieux en 1870.Le juriste Nasedredine Bousmaha, de l&rsquo;Universit\u00e9 d&rsquo;Oran, a relev\u00e9, quant \u00e0 lui, que l&rsquo;exercice de la citoyennet\u00e9 en Alg\u00e9rie a connu une \u00ab\u00a0\u00e9volution qualitative\u00a0\u00bb sur le plan juridique, \u00e0 travers les amendements et enrichissements introduits \u00e0 ce concept dans la Constitution de 2020, et a not\u00e9 \u00ab\u00a0une vision nouvelle pour le renforcement de la citoyennet\u00e9\u00a0\u00bb apport\u00e9e dans ce texte.Pour sa part, l&rsquo;ancien ministre et \u00e9conomiste, Mohamed Ch\u00e9rif Belmihoub, a consid\u00e9r\u00e9 que&nbsp; \u00ab\u00a0la participation citoyenne s&rsquo;exprime lorsque l&rsquo;individu prend conscience de ses responsabilit\u00e9s locales et de son territoire\u00a0\u00bb.A ce titre, il a insist\u00e9 pour \u00ab\u00a0une gestion d\u00e9centralis\u00e9e\u00a0\u00bb des affaires, citant la commune en tant que \u00ab\u00a0cellule de base de la collectivit\u00e9\u00a0\u00bb, consid\u00e9rant, \u00e0 ce propos, qu&rsquo;il ne s&rsquo;agit pas pour les citoyens de \u00ab\u00a0remplacer les fonctionnaires dans leurs pr\u00e9rogatives, mais de contribuer \u00e0la gestion locale par l&rsquo;information, le contr\u00f4le, et l&rsquo;\u00e9ducation, entre autres\u00a0\u00bb.<\/p>\n\n\n\n<p>APS<\/p>\n","protected":false},"excerpt":{"rendered":"<p>&nbsp;L&rsquo;Institut national d&rsquo;Etudes de strat\u00e9gie globale (INESG), a lanc\u00e9, mardi \u00e0 Alger, un cycle de conf\u00e9rences autour de \u00ab\u00a0la citoyennet\u00e9<\/p>\n","protected":false},"author":3,"featured_media":28150,"comment_status":"open","ping_status":"closed","sticky":false,"template":"","format":"standard","meta":{"colormag_page_container_layout":"default_layout","colormag_page_sidebar_layout":"default_layout","om_disable_all_campaigns":false,"_monsterinsights_skip_tracking":false,"_monsterinsights_sitenote_active":false,"_monsterinsights_sitenote_note":"","_monsterinsights_sitenote_category":0,"footnotes":"","_wpscppro_dont_share_socialmedia":false,"_wpscppro_custom_social_share_image":0,"_facebook_share_type":"","_twitter_share_type":"","_linkedin_share_type":"","_pinterest_share_type":"","_linkedin_share_type_page":"","_instagram_share_type":"","_medium_share_type":"","_threads_share_type":"","_google_business_share_type":"","_selected_social_profile":[],"_wpsp_enable_custom_social_template":false,"_wpsp_social_scheduling":{"enabled":false,"datetime":null,"platforms":[],"status":"template_only","dateOption":"today","timeOption":"now","customDays":"","customHours":"","customDate":"","customTime":"","schedulingType":"absolute"},"_wpsp_active_default_template":true},"categories":[27],"tags":[],"class_list":["post-28103","post","type-post","status-publish","format-standard","has-post-thumbnail","hentry","category-actualite"],"aioseo_notices":[],"yoast_head":"<!-- This site is optimized with the Yoast SEO plugin v27.4 - https:\/\/yoast.com\/product\/yoast-seo-wordpress\/ -->\n<title>INESG\u00a0: Un cycle de conf\u00e9rences autour de la \u00ab\u00a0citoyennet\u00e9 participative\u00a0\u00bb - La Sentinelle<\/title>\n<meta name=\"robots\" content=\"index, follow, max-snippet:-1, max-image-preview:large, max-video-preview:-1\" \/>\n<link rel=\"canonical\" href=\"https:\/\/lasentinelle.dz\/index.php\/2022\/09\/28\/inesg-un-cycle-de-conferences-autour-de-la-citoyennete-participative\/\" \/>\n<meta property=\"og:locale\" content=\"fr_FR\" \/>\n<meta property=\"og:type\" content=\"article\" \/>\n<meta property=\"og:title\" content=\"INESG\u00a0: Un cycle de conf\u00e9rences autour de la \u00ab\u00a0citoyennet\u00e9 participative\u00a0\u00bb - La Sentinelle\" \/>\n<meta property=\"og:description\" content=\"&nbsp;L&rsquo;Institut national d&rsquo;Etudes de strat\u00e9gie globale (INESG), a lanc\u00e9, mardi \u00e0 Alger, un cycle de conf\u00e9rences autour de \u00ab\u00a0la citoyennet\u00e9\" \/>\n<meta property=\"og:url\" content=\"https:\/\/lasentinelle.dz\/index.php\/2022\/09\/28\/inesg-un-cycle-de-conferences-autour-de-la-citoyennete-participative\/\" \/>\n<meta property=\"og:site_name\" content=\"La Sentinelle\" \/>\n<meta property=\"article:publisher\" content=\"https:\/\/www.facebook.com\/La-Sentinelle-104059864394773\" \/>\n<meta property=\"article:published_time\" content=\"2022-09-27T23:05:00+00:00\" \/>\n<meta property=\"og:image\" content=\"https:\/\/lasentinelle.dz\/wp-content\/uploads\/2022\/09\/image_2022-09-27_204335980.png\" \/>\n\t<meta property=\"og:image:width\" content=\"855\" \/>\n\t<meta property=\"og:image:height\" content=\"516\" \/>\n\t<meta property=\"og:image:type\" content=\"image\/png\" \/>\n<meta name=\"author\" content=\"La Sentinelle\" \/>\n<meta name=\"twitter:card\" content=\"summary_large_image\" \/>\n<meta name=\"twitter:label1\" content=\"\u00c9crit par\" \/>\n\t<meta name=\"twitter:data1\" content=\"La Sentinelle\" \/>\n\t<meta name=\"twitter:label2\" content=\"Dur\u00e9e de lecture estim\u00e9e\" \/>\n\t<meta name=\"twitter:data2\" content=\"3 minutes\" \/>\n<script type=\"application\/ld+json\" class=\"yoast-schema-graph\">{\"@context\":\"https:\\\/\\\/schema.org\",\"@graph\":[{\"@type\":\"Article\",\"@id\":\"https:\\\/\\\/lasentinelle.dz\\\/index.php\\\/2022\\\/09\\\/28\\\/inesg-un-cycle-de-conferences-autour-de-la-citoyennete-participative\\\/#article\",\"isPartOf\":{\"@id\":\"https:\\\/\\\/lasentinelle.dz\\\/index.php\\\/2022\\\/09\\\/28\\\/inesg-un-cycle-de-conferences-autour-de-la-citoyennete-participative\\\/\"},\"author\":{\"name\":\"La Sentinelle\",\"@id\":\"https:\\\/\\\/lasentinelle.dz\\\/#\\\/schema\\\/person\\\/d865044e22e70a75174ce8bcad3acfb3\"},\"headline\":\"INESG\u00a0: Un cycle de conf\u00e9rences autour de la \u00ab\u00a0citoyennet\u00e9 participative\u00a0\u00bb\",\"datePublished\":\"2022-09-27T23:05:00+00:00\",\"mainEntityOfPage\":{\"@id\":\"https:\\\/\\\/lasentinelle.dz\\\/index.php\\\/2022\\\/09\\\/28\\\/inesg-un-cycle-de-conferences-autour-de-la-citoyennete-participative\\\/\"},\"wordCount\":668,\"commentCount\":0,\"publisher\":{\"@id\":\"https:\\\/\\\/lasentinelle.dz\\\/#organization\"},\"image\":{\"@id\":\"https:\\\/\\\/lasentinelle.dz\\\/index.php\\\/2022\\\/09\\\/28\\\/inesg-un-cycle-de-conferences-autour-de-la-citoyennete-participative\\\/#primaryimage\"},\"thumbnailUrl\":\"https:\\\/\\\/lasentinelle.dz\\\/wp-content\\\/uploads\\\/2022\\\/09\\\/image_2022-09-27_204335980.png\",\"articleSection\":[\"Actualit\u00e9\"],\"inLanguage\":\"fr-FR\",\"potentialAction\":[{\"@type\":\"CommentAction\",\"name\":\"Comment\",\"target\":[\"https:\\\/\\\/lasentinelle.dz\\\/index.php\\\/2022\\\/09\\\/28\\\/inesg-un-cycle-de-conferences-autour-de-la-citoyennete-participative\\\/#respond\"]}]},{\"@type\":\"WebPage\",\"@id\":\"https:\\\/\\\/lasentinelle.dz\\\/index.php\\\/2022\\\/09\\\/28\\\/inesg-un-cycle-de-conferences-autour-de-la-citoyennete-participative\\\/\",\"url\":\"https:\\\/\\\/lasentinelle.dz\\\/index.php\\\/2022\\\/09\\\/28\\\/inesg-un-cycle-de-conferences-autour-de-la-citoyennete-participative\\\/\",\"name\":\"INESG\u00a0: Un cycle de conf\u00e9rences autour de la \u00ab\u00a0citoyennet\u00e9 participative\u00a0\u00bb - La Sentinelle\",\"isPartOf\":{\"@id\":\"https:\\\/\\\/lasentinelle.dz\\\/#website\"},\"primaryImageOfPage\":{\"@id\":\"https:\\\/\\\/lasentinelle.dz\\\/index.php\\\/2022\\\/09\\\/28\\\/inesg-un-cycle-de-conferences-autour-de-la-citoyennete-participative\\\/#primaryimage\"},\"image\":{\"@id\":\"https:\\\/\\\/lasentinelle.dz\\\/index.php\\\/2022\\\/09\\\/28\\\/inesg-un-cycle-de-conferences-autour-de-la-citoyennete-participative\\\/#primaryimage\"},\"thumbnailUrl\":\"https:\\\/\\\/lasentinelle.dz\\\/wp-content\\\/uploads\\\/2022\\\/09\\\/image_2022-09-27_204335980.png\",\"datePublished\":\"2022-09-27T23:05:00+00:00\",\"breadcrumb\":{\"@id\":\"https:\\\/\\\/lasentinelle.dz\\\/index.php\\\/2022\\\/09\\\/28\\\/inesg-un-cycle-de-conferences-autour-de-la-citoyennete-participative\\\/#breadcrumb\"},\"inLanguage\":\"fr-FR\",\"potentialAction\":[{\"@type\":\"ReadAction\",\"target\":[\"https:\\\/\\\/lasentinelle.dz\\\/index.php\\\/2022\\\/09\\\/28\\\/inesg-un-cycle-de-conferences-autour-de-la-citoyennete-participative\\\/\"]}]},{\"@type\":\"ImageObject\",\"inLanguage\":\"fr-FR\",\"@id\":\"https:\\\/\\\/lasentinelle.dz\\\/index.php\\\/2022\\\/09\\\/28\\\/inesg-un-cycle-de-conferences-autour-de-la-citoyennete-participative\\\/#primaryimage\",\"url\":\"https:\\\/\\\/lasentinelle.dz\\\/wp-content\\\/uploads\\\/2022\\\/09\\\/image_2022-09-27_204335980.png\",\"contentUrl\":\"https:\\\/\\\/lasentinelle.dz\\\/wp-content\\\/uploads\\\/2022\\\/09\\\/image_2022-09-27_204335980.png\",\"width\":855,\"height\":516},{\"@type\":\"BreadcrumbList\",\"@id\":\"https:\\\/\\\/lasentinelle.dz\\\/index.php\\\/2022\\\/09\\\/28\\\/inesg-un-cycle-de-conferences-autour-de-la-citoyennete-participative\\\/#breadcrumb\",\"itemListElement\":[{\"@type\":\"ListItem\",\"position\":1,\"name\":\"Accueil\",\"item\":\"https:\\\/\\\/lasentinelle.dz\\\/\"},{\"@type\":\"ListItem\",\"position\":2,\"name\":\"INESG\u00a0: Un cycle de conf\u00e9rences autour de la \u00ab\u00a0citoyennet\u00e9 participative\u00a0\u00bb\"}]},{\"@type\":\"WebSite\",\"@id\":\"https:\\\/\\\/lasentinelle.dz\\\/#website\",\"url\":\"https:\\\/\\\/lasentinelle.dz\\\/\",\"name\":\"La Sentinelle\",\"description\":\"Quotidien national d&#039;information\",\"publisher\":{\"@id\":\"https:\\\/\\\/lasentinelle.dz\\\/#organization\"},\"potentialAction\":[{\"@type\":\"SearchAction\",\"target\":{\"@type\":\"EntryPoint\",\"urlTemplate\":\"https:\\\/\\\/lasentinelle.dz\\\/?s={search_term_string}\"},\"query-input\":{\"@type\":\"PropertyValueSpecification\",\"valueRequired\":true,\"valueName\":\"search_term_string\"}}],\"inLanguage\":\"fr-FR\"},{\"@type\":\"Organization\",\"@id\":\"https:\\\/\\\/lasentinelle.dz\\\/#organization\",\"name\":\"Quotidien La Sentinelle\",\"url\":\"https:\\\/\\\/lasentinelle.dz\\\/\",\"logo\":{\"@type\":\"ImageObject\",\"inLanguage\":\"fr-FR\",\"@id\":\"https:\\\/\\\/lasentinelle.dz\\\/#\\\/schema\\\/logo\\\/image\\\/\",\"url\":\"https:\\\/\\\/lasentinelle.dz\\\/wp-content\\\/uploads\\\/2021\\\/09\\\/logo-sentinelleSLOGAN-1.png\",\"contentUrl\":\"https:\\\/\\\/lasentinelle.dz\\\/wp-content\\\/uploads\\\/2021\\\/09\\\/logo-sentinelleSLOGAN-1.png\",\"width\":615,\"height\":142,\"caption\":\"Quotidien La Sentinelle\"},\"image\":{\"@id\":\"https:\\\/\\\/lasentinelle.dz\\\/#\\\/schema\\\/logo\\\/image\\\/\"},\"sameAs\":[\"https:\\\/\\\/www.facebook.com\\\/La-Sentinelle-104059864394773\"]},{\"@type\":\"Person\",\"@id\":\"https:\\\/\\\/lasentinelle.dz\\\/#\\\/schema\\\/person\\\/d865044e22e70a75174ce8bcad3acfb3\",\"name\":\"La Sentinelle\",\"image\":{\"@type\":\"ImageObject\",\"inLanguage\":\"fr-FR\",\"@id\":\"https:\\\/\\\/secure.gravatar.com\\\/avatar\\\/57de8e5d4b15d43fb361a71fbb36338450fe67865b528a43dd10ef7c51a20392?s=96&d=mm&r=g\",\"url\":\"https:\\\/\\\/secure.gravatar.com\\\/avatar\\\/57de8e5d4b15d43fb361a71fbb36338450fe67865b528a43dd10ef7c51a20392?s=96&d=mm&r=g\",\"contentUrl\":\"https:\\\/\\\/secure.gravatar.com\\\/avatar\\\/57de8e5d4b15d43fb361a71fbb36338450fe67865b528a43dd10ef7c51a20392?s=96&d=mm&r=g\",\"caption\":\"La Sentinelle\"},\"sameAs\":[\"http:\\\/\\\/www.lasentinelle.dz\"],\"url\":\"https:\\\/\\\/lasentinelle.dz\\\/author\\\/redaction\\\/\"}]}<\/script>\n<!-- \/ Yoast SEO plugin. -->","yoast_head_json":{"title":"INESG\u00a0: Un cycle de conf\u00e9rences autour de la \u00ab\u00a0citoyennet\u00e9 participative\u00a0\u00bb - La Sentinelle","robots":{"index":"index","follow":"follow","max-snippet":"max-snippet:-1","max-image-preview":"max-image-preview:large","max-video-preview":"max-video-preview:-1"},"canonical":"https:\/\/lasentinelle.dz\/index.php\/2022\/09\/28\/inesg-un-cycle-de-conferences-autour-de-la-citoyennete-participative\/","og_locale":"fr_FR","og_type":"article","og_title":"INESG\u00a0: Un cycle de conf\u00e9rences autour de la \u00ab\u00a0citoyennet\u00e9 participative\u00a0\u00bb - La Sentinelle","og_description":"&nbsp;L&rsquo;Institut national d&rsquo;Etudes de strat\u00e9gie globale (INESG), a lanc\u00e9, mardi \u00e0 Alger, un cycle de conf\u00e9rences autour de \u00ab\u00a0la citoyennet\u00e9","og_url":"https:\/\/lasentinelle.dz\/index.php\/2022\/09\/28\/inesg-un-cycle-de-conferences-autour-de-la-citoyennete-participative\/","og_site_name":"La Sentinelle","article_publisher":"https:\/\/www.facebook.com\/La-Sentinelle-104059864394773","article_published_time":"2022-09-27T23:05:00+00:00","og_image":[{"width":855,"height":516,"url":"https:\/\/lasentinelle.dz\/wp-content\/uploads\/2022\/09\/image_2022-09-27_204335980.png","type":"image\/png"}],"author":"La Sentinelle","twitter_card":"summary_large_image","twitter_misc":{"\u00c9crit par":"La Sentinelle","Dur\u00e9e de lecture estim\u00e9e":"3 minutes"},"schema":{"@context":"https:\/\/schema.org","@graph":[{"@type":"Article","@id":"https:\/\/lasentinelle.dz\/index.php\/2022\/09\/28\/inesg-un-cycle-de-conferences-autour-de-la-citoyennete-participative\/#article","isPartOf":{"@id":"https:\/\/lasentinelle.dz\/index.php\/2022\/09\/28\/inesg-un-cycle-de-conferences-autour-de-la-citoyennete-participative\/"},"author":{"name":"La Sentinelle","@id":"https:\/\/lasentinelle.dz\/#\/schema\/person\/d865044e22e70a75174ce8bcad3acfb3"},"headline":"INESG\u00a0: Un cycle de conf\u00e9rences autour de la \u00ab\u00a0citoyennet\u00e9 participative\u00a0\u00bb","datePublished":"2022-09-27T23:05:00+00:00","mainEntityOfPage":{"@id":"https:\/\/lasentinelle.dz\/index.php\/2022\/09\/28\/inesg-un-cycle-de-conferences-autour-de-la-citoyennete-participative\/"},"wordCount":668,"commentCount":0,"publisher":{"@id":"https:\/\/lasentinelle.dz\/#organization"},"image":{"@id":"https:\/\/lasentinelle.dz\/index.php\/2022\/09\/28\/inesg-un-cycle-de-conferences-autour-de-la-citoyennete-participative\/#primaryimage"},"thumbnailUrl":"https:\/\/lasentinelle.dz\/wp-content\/uploads\/2022\/09\/image_2022-09-27_204335980.png","articleSection":["Actualit\u00e9"],"inLanguage":"fr-FR","potentialAction":[{"@type":"CommentAction","name":"Comment","target":["https:\/\/lasentinelle.dz\/index.php\/2022\/09\/28\/inesg-un-cycle-de-conferences-autour-de-la-citoyennete-participative\/#respond"]}]},{"@type":"WebPage","@id":"https:\/\/lasentinelle.dz\/index.php\/2022\/09\/28\/inesg-un-cycle-de-conferences-autour-de-la-citoyennete-participative\/","url":"https:\/\/lasentinelle.dz\/index.php\/2022\/09\/28\/inesg-un-cycle-de-conferences-autour-de-la-citoyennete-participative\/","name":"INESG\u00a0: Un cycle de conf\u00e9rences autour de la \u00ab\u00a0citoyennet\u00e9 participative\u00a0\u00bb - La Sentinelle","isPartOf":{"@id":"https:\/\/lasentinelle.dz\/#website"},"primaryImageOfPage":{"@id":"https:\/\/lasentinelle.dz\/index.php\/2022\/09\/28\/inesg-un-cycle-de-conferences-autour-de-la-citoyennete-participative\/#primaryimage"},"image":{"@id":"https:\/\/lasentinelle.dz\/index.php\/2022\/09\/28\/inesg-un-cycle-de-conferences-autour-de-la-citoyennete-participative\/#primaryimage"},"thumbnailUrl":"https:\/\/lasentinelle.dz\/wp-content\/uploads\/2022\/09\/image_2022-09-27_204335980.png","datePublished":"2022-09-27T23:05:00+00:00","breadcrumb":{"@id":"https:\/\/lasentinelle.dz\/index.php\/2022\/09\/28\/inesg-un-cycle-de-conferences-autour-de-la-citoyennete-participative\/#breadcrumb"},"inLanguage":"fr-FR","potentialAction":[{"@type":"ReadAction","target":["https:\/\/lasentinelle.dz\/index.php\/2022\/09\/28\/inesg-un-cycle-de-conferences-autour-de-la-citoyennete-participative\/"]}]},{"@type":"ImageObject","inLanguage":"fr-FR","@id":"https:\/\/lasentinelle.dz\/index.php\/2022\/09\/28\/inesg-un-cycle-de-conferences-autour-de-la-citoyennete-participative\/#primaryimage","url":"https:\/\/lasentinelle.dz\/wp-content\/uploads\/2022\/09\/image_2022-09-27_204335980.png","contentUrl":"https:\/\/lasentinelle.dz\/wp-content\/uploads\/2022\/09\/image_2022-09-27_204335980.png","width":855,"height":516},{"@type":"BreadcrumbList","@id":"https:\/\/lasentinelle.dz\/index.php\/2022\/09\/28\/inesg-un-cycle-de-conferences-autour-de-la-citoyennete-participative\/#breadcrumb","itemListElement":[{"@type":"ListItem","position":1,"name":"Accueil","item":"https:\/\/lasentinelle.dz\/"},{"@type":"ListItem","position":2,"name":"INESG\u00a0: Un cycle de conf\u00e9rences autour de la \u00ab\u00a0citoyennet\u00e9 participative\u00a0\u00bb"}]},{"@type":"WebSite","@id":"https:\/\/lasentinelle.dz\/#website","url":"https:\/\/lasentinelle.dz\/","name":"La Sentinelle","description":"Quotidien national d&#039;information","publisher":{"@id":"https:\/\/lasentinelle.dz\/#organization"},"potentialAction":[{"@type":"SearchAction","target":{"@type":"EntryPoint","urlTemplate":"https:\/\/lasentinelle.dz\/?s={search_term_string}"},"query-input":{"@type":"PropertyValueSpecification","valueRequired":true,"valueName":"search_term_string"}}],"inLanguage":"fr-FR"},{"@type":"Organization","@id":"https:\/\/lasentinelle.dz\/#organization","name":"Quotidien La Sentinelle","url":"https:\/\/lasentinelle.dz\/","logo":{"@type":"ImageObject","inLanguage":"fr-FR","@id":"https:\/\/lasentinelle.dz\/#\/schema\/logo\/image\/","url":"https:\/\/lasentinelle.dz\/wp-content\/uploads\/2021\/09\/logo-sentinelleSLOGAN-1.png","contentUrl":"https:\/\/lasentinelle.dz\/wp-content\/uploads\/2021\/09\/logo-sentinelleSLOGAN-1.png","width":615,"height":142,"caption":"Quotidien La Sentinelle"},"image":{"@id":"https:\/\/lasentinelle.dz\/#\/schema\/logo\/image\/"},"sameAs":["https:\/\/www.facebook.com\/La-Sentinelle-104059864394773"]},{"@type":"Person","@id":"https:\/\/lasentinelle.dz\/#\/schema\/person\/d865044e22e70a75174ce8bcad3acfb3","name":"La Sentinelle","image":{"@type":"ImageObject","inLanguage":"fr-FR","@id":"https:\/\/secure.gravatar.com\/avatar\/57de8e5d4b15d43fb361a71fbb36338450fe67865b528a43dd10ef7c51a20392?s=96&d=mm&r=g","url":"https:\/\/secure.gravatar.com\/avatar\/57de8e5d4b15d43fb361a71fbb36338450fe67865b528a43dd10ef7c51a20392?s=96&d=mm&r=g","contentUrl":"https:\/\/secure.gravatar.com\/avatar\/57de8e5d4b15d43fb361a71fbb36338450fe67865b528a43dd10ef7c51a20392?s=96&d=mm&r=g","caption":"La Sentinelle"},"sameAs":["http:\/\/www.lasentinelle.dz"],"url":"https:\/\/lasentinelle.dz\/author\/redaction\/"}]}},"_links":{"self":[{"href":"https:\/\/lasentinelle.dz\/index.php\/wp-json\/wp\/v2\/posts\/28103","targetHints":{"allow":["GET"]}}],"collection":[{"href":"https:\/\/lasentinelle.dz\/index.php\/wp-json\/wp\/v2\/posts"}],"about":[{"href":"https:\/\/lasentinelle.dz\/index.php\/wp-json\/wp\/v2\/types\/post"}],"author":[{"embeddable":true,"href":"https:\/\/lasentinelle.dz\/index.php\/wp-json\/wp\/v2\/users\/3"}],"replies":[{"embeddable":true,"href":"https:\/\/lasentinelle.dz\/index.php\/wp-json\/wp\/v2\/comments?post=28103"}],"version-history":[{"count":1,"href":"https:\/\/lasentinelle.dz\/index.php\/wp-json\/wp\/v2\/posts\/28103\/revisions"}],"predecessor-version":[{"id":28149,"href":"https:\/\/lasentinelle.dz\/index.php\/wp-json\/wp\/v2\/posts\/28103\/revisions\/28149"}],"wp:featuredmedia":[{"embeddable":true,"href":"https:\/\/lasentinelle.dz\/index.php\/wp-json\/wp\/v2\/media\/28150"}],"wp:attachment":[{"href":"https:\/\/lasentinelle.dz\/index.php\/wp-json\/wp\/v2\/media?parent=28103"}],"wp:term":[{"taxonomy":"category","embeddable":true,"href":"https:\/\/lasentinelle.dz\/index.php\/wp-json\/wp\/v2\/categories?post=28103"},{"taxonomy":"post_tag","embeddable":true,"href":"https:\/\/lasentinelle.dz\/index.php\/wp-json\/wp\/v2\/tags?post=28103"}],"curies":[{"name":"wp","href":"https:\/\/api.w.org\/{rel}","templated":true}]}}