{"id":2816,"date":"2021-07-31T00:01:00","date_gmt":"2021-07-30T23:01:00","guid":{"rendered":"https:\/\/lasentinelle.dz\/?p=2816"},"modified":"2021-07-30T16:33:19","modified_gmt":"2021-07-30T15:33:19","slug":"libye-mesures-preparatoires-pour-le-retrait-des-mercenaires","status":"publish","type":"post","link":"https:\/\/lasentinelle.dz\/index.php\/2021\/07\/31\/libye-mesures-preparatoires-pour-le-retrait-des-mercenaires\/","title":{"rendered":"Libye :Mesures pr\u00e9paratoires pour le retrait des mercenaires"},"content":{"rendered":"\n<p>&nbsp;Les mesures pr\u00e9paratoires en vue d&rsquo;entamer le retrait des mercenaires et combattants \u00e9trangers de tout le sol libyen ont \u00e9t\u00e9 mises en place\u00a0\u00bb, a fait savoir, hier, le Comit\u00e9 militaire mixte 5+5 dans un communiqu\u00e9, pr\u00e9cisant qu'\u00a0\u00bbil a appel\u00e9 tous les pays \u00e0 mettre en \u0153uvre les r\u00e9solutions du Conseil de s\u00e9curit\u00e9 et les conclusions des Conf\u00e9rences Berlin 1 et 2&Prime;.\u00a0\u00bb Le Comit\u00e9 militaire mixte exige la pr\u00e9sence d&rsquo;observateurs locaux&nbsp; afin d&rsquo;\u00e9pauler les officiers de l&rsquo;arm\u00e9e libyenne d\u00e9ploy\u00e9s sur le terrain \u00ab\u00a0, note, en outre, le Comit\u00e9.Il souligne, \u00e0 ce titre, qu'\u00a0\u00bbil a appel\u00e9 la Mission d&rsquo;appui des Nations Unies en Libye (Manul) \u00e0 prendre rapidement des mesures&nbsp; en vue d&rsquo;assurer la pr\u00e9sence d&rsquo;observateurs internationaux sur le terrain pour contribuer au soutien du m\u00e9canisme de surveillance libyen\u00a0\u00bb.La m\u00eame source note&nbsp; que \u00ab\u00a0le Comit\u00e9 militaire 5+5&nbsp; a r\u00e9it\u00e9r\u00e9 sa demande au gouvernement d&rsquo;union nationale d&rsquo;acc\u00e9l\u00e9rer la nomination du ministre de la D\u00e9fense\u00a0\u00bb.R\u00e9uni depuis mercredi, le Comit\u00e9 militaire mixte 5+5&nbsp; a&nbsp; d\u00e9cid\u00e9, en outre, \u00ab\u00a0de rouvrir \u00e0 partir de vendredi la route c\u00f4ti\u00e8re et de poursuivre l&rsquo;\u00e9change de prisonniers\u00a0\u00bb, rel\u00e8ve le communiqu\u00e9.\u00a0\u00bb Les travaux de la remise \u00e0 niveau et de r\u00e9am\u00e9nagement de la route c\u00f4ti\u00e8re ont \u00e9t\u00e9 achev\u00e9s\u00a0\u00bb, a d\u00e9clar\u00e9 M.Yahia, au terme de la r\u00e9union du Comit\u00e9 militaire mixte \u00e0 Syrte.\u00a0\u00bbLes forces de la s\u00e9curit\u00e9 mixte charg\u00e9es de s\u00e9curiser la route c\u00f4ti\u00e8re sont pr\u00eates \u00e0 se positionner le long de la route\u00a0\u00bb, a ajout\u00e9 l&rsquo;officier sup\u00e9rieur, notant que \u00ab\u00a0la r\u00e9ouverture de la route c\u00f4ti\u00e8re va soulager les automobilistes et aura un impact positif sur l&rsquo;activit\u00e9 \u00e9conomique\u00a0\u00bb.Abordant la sixi\u00e8me r\u00e9union du Comit\u00e9 militaire mixte tenue depuis mercredi dans la ville de Syrte, le g\u00e9n\u00e9ral Mustapha Yahia a indiqu\u00e9 que \u00a0\u00bb la r\u00e9union a pass\u00e9 en revue plusieurs dossiers dont le retrait des mercenaires \u00e9trangers et l&rsquo;\u00e9change de prisonniers\u00a0\u00bb.La r\u00e9ouverture de la route c\u00f4ti\u00e8re rel\u00e8ve des pr\u00e9rogatives du Comit\u00e9 militaire mixte 5+5 et non pas du gouvernement de l&rsquo;unit\u00e9 nationale dirig\u00e9 par Abdelhamid Dbeibah\u00a0\u00bb, a indiqu\u00e9 r\u00e9cemment le Comit\u00e9 militaire mixte dans un communiqu\u00e9.La Libye connait depuis quelques mois une nette am\u00e9lioration en termes de r\u00e9tablissement de la paix et de la relance \u00e9conomique.Les nouvelles autorit\u00e9s se sont employ\u00e9es \u00e0 relancer l&rsquo;ensemble des secteurs sens\u00e9s am\u00e9liorer le quotidien des libyens.Elles s&#8217;emploient \u00e0 pr\u00e9sent \u00e0 pr\u00e9parer les \u00e9lections g\u00e9n\u00e9rales pr\u00e9vues le 24 d\u00e9cembre prochain.\u00a0\u00bb Les \u00e9lections sont la seule et unique voie en mesure de garantir un transfert pacifique du pouvoir et de relancer la Libye sur le chemin de la d\u00e9mocratie et de la l\u00e9galit\u00e9 internationale\u00a0\u00bb, ne-cesse-t-on de souligner.<\/p>\n\n\n\n<p>R.I. avec agences<\/p>\n","protected":false},"excerpt":{"rendered":"<p>&nbsp;Les mesures pr\u00e9paratoires en vue d&rsquo;entamer le retrait des mercenaires et combattants \u00e9trangers de tout le sol libyen ont \u00e9t\u00e9<\/p>\n","protected":false},"author":3,"featured_media":2829,"comment_status":"open","ping_status":"closed","sticky":false,"template":"","format":"standard","meta":{"colormag_page_container_layout":"default_layout","colormag_page_sidebar_layout":"default_layout","om_disable_all_campaigns":false,"_monsterinsights_skip_tracking":false,"_monsterinsights_sitenote_active":false,"_monsterinsights_sitenote_note":"","_monsterinsights_sitenote_category":0,"footnotes":"","_wpscppro_dont_share_socialmedia":false,"_wpscppro_custom_social_share_image":0,"_facebook_share_type":"","_twitter_share_type":"","_linkedin_share_type":"","_pinterest_share_type":"","_linkedin_share_type_page":"","_instagram_share_type":"","_medium_share_type":"","_threads_share_type":"","_google_business_share_type":"","_selected_social_profile":[],"_wpsp_enable_custom_social_template":false,"_wpsp_social_scheduling":{"enabled":false,"datetime":null,"platforms":[],"status":"template_only","dateOption":"today","timeOption":"now","customDays":"","customHours":"","customDate":"","customTime":"","schedulingType":"absolute"},"_wpsp_active_default_template":true},"categories":[37],"tags":[],"class_list":["post-2816","post","type-post","status-publish","format-standard","has-post-thumbnail","hentry","category-monde"],"aioseo_notices":[],"yoast_head":"<!-- This site is optimized with the Yoast SEO plugin v27.5 - https:\/\/yoast.com\/product\/yoast-seo-wordpress\/ -->\n<title>Libye :Mesures pr\u00e9paratoires pour le retrait des mercenaires - La Sentinelle<\/title>\n<meta name=\"robots\" content=\"index, follow, max-snippet:-1, max-image-preview:large, max-video-preview:-1\" \/>\n<link rel=\"canonical\" href=\"https:\/\/lasentinelle.dz\/index.php\/2021\/07\/31\/libye-mesures-preparatoires-pour-le-retrait-des-mercenaires\/\" \/>\n<meta property=\"og:locale\" content=\"fr_FR\" \/>\n<meta property=\"og:type\" content=\"article\" \/>\n<meta property=\"og:title\" content=\"Libye :Mesures pr\u00e9paratoires pour le retrait des mercenaires - La Sentinelle\" \/>\n<meta property=\"og:description\" content=\"&nbsp;Les mesures pr\u00e9paratoires en vue d&rsquo;entamer le retrait des mercenaires et combattants \u00e9trangers de tout le sol libyen ont \u00e9t\u00e9\" \/>\n<meta property=\"og:url\" content=\"https:\/\/lasentinelle.dz\/index.php\/2021\/07\/31\/libye-mesures-preparatoires-pour-le-retrait-des-mercenaires\/\" \/>\n<meta property=\"og:site_name\" content=\"La Sentinelle\" \/>\n<meta property=\"article:publisher\" content=\"https:\/\/www.facebook.com\/La-Sentinelle-104059864394773\" \/>\n<meta property=\"article:published_time\" content=\"2021-07-30T23:01:00+00:00\" \/>\n<meta property=\"og:image\" content=\"https:\/\/lasentinelle.dz\/wp-content\/uploads\/2021\/07\/libya-1.png\" \/>\n\t<meta property=\"og:image:width\" content=\"1491\" \/>\n\t<meta property=\"og:image:height\" content=\"900\" \/>\n\t<meta property=\"og:image:type\" content=\"image\/png\" \/>\n<meta name=\"author\" content=\"La Sentinelle\" \/>\n<meta name=\"twitter:card\" content=\"summary_large_image\" \/>\n<meta name=\"twitter:label1\" content=\"\u00c9crit par\" \/>\n\t<meta name=\"twitter:data1\" content=\"La Sentinelle\" \/>\n\t<meta name=\"twitter:label2\" content=\"Dur\u00e9e de lecture estim\u00e9e\" \/>\n\t<meta name=\"twitter:data2\" content=\"2 minutes\" \/>\n<script type=\"application\/ld+json\" class=\"yoast-schema-graph\">{\"@context\":\"https:\\\/\\\/schema.org\",\"@graph\":[{\"@type\":\"Article\",\"@id\":\"https:\\\/\\\/lasentinelle.dz\\\/index.php\\\/2021\\\/07\\\/31\\\/libye-mesures-preparatoires-pour-le-retrait-des-mercenaires\\\/#article\",\"isPartOf\":{\"@id\":\"https:\\\/\\\/lasentinelle.dz\\\/index.php\\\/2021\\\/07\\\/31\\\/libye-mesures-preparatoires-pour-le-retrait-des-mercenaires\\\/\"},\"author\":{\"name\":\"La Sentinelle\",\"@id\":\"https:\\\/\\\/lasentinelle.dz\\\/#\\\/schema\\\/person\\\/d865044e22e70a75174ce8bcad3acfb3\"},\"headline\":\"Libye :Mesures pr\u00e9paratoires pour le retrait des mercenaires\",\"datePublished\":\"2021-07-30T23:01:00+00:00\",\"mainEntityOfPage\":{\"@id\":\"https:\\\/\\\/lasentinelle.dz\\\/index.php\\\/2021\\\/07\\\/31\\\/libye-mesures-preparatoires-pour-le-retrait-des-mercenaires\\\/\"},\"wordCount\":510,\"commentCount\":0,\"publisher\":{\"@id\":\"https:\\\/\\\/lasentinelle.dz\\\/#organization\"},\"image\":{\"@id\":\"https:\\\/\\\/lasentinelle.dz\\\/index.php\\\/2021\\\/07\\\/31\\\/libye-mesures-preparatoires-pour-le-retrait-des-mercenaires\\\/#primaryimage\"},\"thumbnailUrl\":\"https:\\\/\\\/lasentinelle.dz\\\/wp-content\\\/uploads\\\/2021\\\/07\\\/libya-1.png\",\"articleSection\":[\"Monde\"],\"inLanguage\":\"fr-FR\",\"potentialAction\":[{\"@type\":\"CommentAction\",\"name\":\"Comment\",\"target\":[\"https:\\\/\\\/lasentinelle.dz\\\/index.php\\\/2021\\\/07\\\/31\\\/libye-mesures-preparatoires-pour-le-retrait-des-mercenaires\\\/#respond\"]}]},{\"@type\":\"WebPage\",\"@id\":\"https:\\\/\\\/lasentinelle.dz\\\/index.php\\\/2021\\\/07\\\/31\\\/libye-mesures-preparatoires-pour-le-retrait-des-mercenaires\\\/\",\"url\":\"https:\\\/\\\/lasentinelle.dz\\\/index.php\\\/2021\\\/07\\\/31\\\/libye-mesures-preparatoires-pour-le-retrait-des-mercenaires\\\/\",\"name\":\"Libye :Mesures pr\u00e9paratoires pour le retrait des mercenaires - La Sentinelle\",\"isPartOf\":{\"@id\":\"https:\\\/\\\/lasentinelle.dz\\\/#website\"},\"primaryImageOfPage\":{\"@id\":\"https:\\\/\\\/lasentinelle.dz\\\/index.php\\\/2021\\\/07\\\/31\\\/libye-mesures-preparatoires-pour-le-retrait-des-mercenaires\\\/#primaryimage\"},\"image\":{\"@id\":\"https:\\\/\\\/lasentinelle.dz\\\/index.php\\\/2021\\\/07\\\/31\\\/libye-mesures-preparatoires-pour-le-retrait-des-mercenaires\\\/#primaryimage\"},\"thumbnailUrl\":\"https:\\\/\\\/lasentinelle.dz\\\/wp-content\\\/uploads\\\/2021\\\/07\\\/libya-1.png\",\"datePublished\":\"2021-07-30T23:01:00+00:00\",\"breadcrumb\":{\"@id\":\"https:\\\/\\\/lasentinelle.dz\\\/index.php\\\/2021\\\/07\\\/31\\\/libye-mesures-preparatoires-pour-le-retrait-des-mercenaires\\\/#breadcrumb\"},\"inLanguage\":\"fr-FR\",\"potentialAction\":[{\"@type\":\"ReadAction\",\"target\":[\"https:\\\/\\\/lasentinelle.dz\\\/index.php\\\/2021\\\/07\\\/31\\\/libye-mesures-preparatoires-pour-le-retrait-des-mercenaires\\\/\"]}]},{\"@type\":\"ImageObject\",\"inLanguage\":\"fr-FR\",\"@id\":\"https:\\\/\\\/lasentinelle.dz\\\/index.php\\\/2021\\\/07\\\/31\\\/libye-mesures-preparatoires-pour-le-retrait-des-mercenaires\\\/#primaryimage\",\"url\":\"https:\\\/\\\/lasentinelle.dz\\\/wp-content\\\/uploads\\\/2021\\\/07\\\/libya-1.png\",\"contentUrl\":\"https:\\\/\\\/lasentinelle.dz\\\/wp-content\\\/uploads\\\/2021\\\/07\\\/libya-1.png\",\"width\":1491,\"height\":900},{\"@type\":\"BreadcrumbList\",\"@id\":\"https:\\\/\\\/lasentinelle.dz\\\/index.php\\\/2021\\\/07\\\/31\\\/libye-mesures-preparatoires-pour-le-retrait-des-mercenaires\\\/#breadcrumb\",\"itemListElement\":[{\"@type\":\"ListItem\",\"position\":1,\"name\":\"Accueil\",\"item\":\"https:\\\/\\\/lasentinelle.dz\\\/\"},{\"@type\":\"ListItem\",\"position\":2,\"name\":\"Libye :Mesures pr\u00e9paratoires pour le retrait des mercenaires\"}]},{\"@type\":\"WebSite\",\"@id\":\"https:\\\/\\\/lasentinelle.dz\\\/#website\",\"url\":\"https:\\\/\\\/lasentinelle.dz\\\/\",\"name\":\"La Sentinelle\",\"description\":\"Quotidien national d&#039;information\",\"publisher\":{\"@id\":\"https:\\\/\\\/lasentinelle.dz\\\/#organization\"},\"potentialAction\":[{\"@type\":\"SearchAction\",\"target\":{\"@type\":\"EntryPoint\",\"urlTemplate\":\"https:\\\/\\\/lasentinelle.dz\\\/?s={search_term_string}\"},\"query-input\":{\"@type\":\"PropertyValueSpecification\",\"valueRequired\":true,\"valueName\":\"search_term_string\"}}],\"inLanguage\":\"fr-FR\"},{\"@type\":\"Organization\",\"@id\":\"https:\\\/\\\/lasentinelle.dz\\\/#organization\",\"name\":\"Quotidien La Sentinelle\",\"url\":\"https:\\\/\\\/lasentinelle.dz\\\/\",\"logo\":{\"@type\":\"ImageObject\",\"inLanguage\":\"fr-FR\",\"@id\":\"https:\\\/\\\/lasentinelle.dz\\\/#\\\/schema\\\/logo\\\/image\\\/\",\"url\":\"https:\\\/\\\/lasentinelle.dz\\\/wp-content\\\/uploads\\\/2021\\\/09\\\/logo-sentinelleSLOGAN-1.png\",\"contentUrl\":\"https:\\\/\\\/lasentinelle.dz\\\/wp-content\\\/uploads\\\/2021\\\/09\\\/logo-sentinelleSLOGAN-1.png\",\"width\":615,\"height\":142,\"caption\":\"Quotidien La Sentinelle\"},\"image\":{\"@id\":\"https:\\\/\\\/lasentinelle.dz\\\/#\\\/schema\\\/logo\\\/image\\\/\"},\"sameAs\":[\"https:\\\/\\\/www.facebook.com\\\/La-Sentinelle-104059864394773\"]},{\"@type\":\"Person\",\"@id\":\"https:\\\/\\\/lasentinelle.dz\\\/#\\\/schema\\\/person\\\/d865044e22e70a75174ce8bcad3acfb3\",\"name\":\"La Sentinelle\",\"image\":{\"@type\":\"ImageObject\",\"inLanguage\":\"fr-FR\",\"@id\":\"https:\\\/\\\/secure.gravatar.com\\\/avatar\\\/57de8e5d4b15d43fb361a71fbb36338450fe67865b528a43dd10ef7c51a20392?s=96&d=mm&r=g\",\"url\":\"https:\\\/\\\/secure.gravatar.com\\\/avatar\\\/57de8e5d4b15d43fb361a71fbb36338450fe67865b528a43dd10ef7c51a20392?s=96&d=mm&r=g\",\"contentUrl\":\"https:\\\/\\\/secure.gravatar.com\\\/avatar\\\/57de8e5d4b15d43fb361a71fbb36338450fe67865b528a43dd10ef7c51a20392?s=96&d=mm&r=g\",\"caption\":\"La Sentinelle\"},\"sameAs\":[\"http:\\\/\\\/www.lasentinelle.dz\"],\"url\":\"https:\\\/\\\/lasentinelle.dz\\\/author\\\/redaction\\\/\"}]}<\/script>\n<!-- \/ Yoast SEO plugin. -->","yoast_head_json":{"title":"Libye :Mesures pr\u00e9paratoires pour le retrait des mercenaires - La Sentinelle","robots":{"index":"index","follow":"follow","max-snippet":"max-snippet:-1","max-image-preview":"max-image-preview:large","max-video-preview":"max-video-preview:-1"},"canonical":"https:\/\/lasentinelle.dz\/index.php\/2021\/07\/31\/libye-mesures-preparatoires-pour-le-retrait-des-mercenaires\/","og_locale":"fr_FR","og_type":"article","og_title":"Libye :Mesures pr\u00e9paratoires pour le retrait des mercenaires - La Sentinelle","og_description":"&nbsp;Les mesures pr\u00e9paratoires en vue d&rsquo;entamer le retrait des mercenaires et combattants \u00e9trangers de tout le sol libyen ont \u00e9t\u00e9","og_url":"https:\/\/lasentinelle.dz\/index.php\/2021\/07\/31\/libye-mesures-preparatoires-pour-le-retrait-des-mercenaires\/","og_site_name":"La Sentinelle","article_publisher":"https:\/\/www.facebook.com\/La-Sentinelle-104059864394773","article_published_time":"2021-07-30T23:01:00+00:00","og_image":[{"width":1491,"height":900,"url":"https:\/\/lasentinelle.dz\/wp-content\/uploads\/2021\/07\/libya-1.png","type":"image\/png"}],"author":"La Sentinelle","twitter_card":"summary_large_image","twitter_misc":{"\u00c9crit par":"La Sentinelle","Dur\u00e9e de lecture estim\u00e9e":"2 minutes"},"schema":{"@context":"https:\/\/schema.org","@graph":[{"@type":"Article","@id":"https:\/\/lasentinelle.dz\/index.php\/2021\/07\/31\/libye-mesures-preparatoires-pour-le-retrait-des-mercenaires\/#article","isPartOf":{"@id":"https:\/\/lasentinelle.dz\/index.php\/2021\/07\/31\/libye-mesures-preparatoires-pour-le-retrait-des-mercenaires\/"},"author":{"name":"La Sentinelle","@id":"https:\/\/lasentinelle.dz\/#\/schema\/person\/d865044e22e70a75174ce8bcad3acfb3"},"headline":"Libye :Mesures pr\u00e9paratoires pour le retrait des mercenaires","datePublished":"2021-07-30T23:01:00+00:00","mainEntityOfPage":{"@id":"https:\/\/lasentinelle.dz\/index.php\/2021\/07\/31\/libye-mesures-preparatoires-pour-le-retrait-des-mercenaires\/"},"wordCount":510,"commentCount":0,"publisher":{"@id":"https:\/\/lasentinelle.dz\/#organization"},"image":{"@id":"https:\/\/lasentinelle.dz\/index.php\/2021\/07\/31\/libye-mesures-preparatoires-pour-le-retrait-des-mercenaires\/#primaryimage"},"thumbnailUrl":"https:\/\/lasentinelle.dz\/wp-content\/uploads\/2021\/07\/libya-1.png","articleSection":["Monde"],"inLanguage":"fr-FR","potentialAction":[{"@type":"CommentAction","name":"Comment","target":["https:\/\/lasentinelle.dz\/index.php\/2021\/07\/31\/libye-mesures-preparatoires-pour-le-retrait-des-mercenaires\/#respond"]}]},{"@type":"WebPage","@id":"https:\/\/lasentinelle.dz\/index.php\/2021\/07\/31\/libye-mesures-preparatoires-pour-le-retrait-des-mercenaires\/","url":"https:\/\/lasentinelle.dz\/index.php\/2021\/07\/31\/libye-mesures-preparatoires-pour-le-retrait-des-mercenaires\/","name":"Libye :Mesures pr\u00e9paratoires pour le retrait des mercenaires - La Sentinelle","isPartOf":{"@id":"https:\/\/lasentinelle.dz\/#website"},"primaryImageOfPage":{"@id":"https:\/\/lasentinelle.dz\/index.php\/2021\/07\/31\/libye-mesures-preparatoires-pour-le-retrait-des-mercenaires\/#primaryimage"},"image":{"@id":"https:\/\/lasentinelle.dz\/index.php\/2021\/07\/31\/libye-mesures-preparatoires-pour-le-retrait-des-mercenaires\/#primaryimage"},"thumbnailUrl":"https:\/\/lasentinelle.dz\/wp-content\/uploads\/2021\/07\/libya-1.png","datePublished":"2021-07-30T23:01:00+00:00","breadcrumb":{"@id":"https:\/\/lasentinelle.dz\/index.php\/2021\/07\/31\/libye-mesures-preparatoires-pour-le-retrait-des-mercenaires\/#breadcrumb"},"inLanguage":"fr-FR","potentialAction":[{"@type":"ReadAction","target":["https:\/\/lasentinelle.dz\/index.php\/2021\/07\/31\/libye-mesures-preparatoires-pour-le-retrait-des-mercenaires\/"]}]},{"@type":"ImageObject","inLanguage":"fr-FR","@id":"https:\/\/lasentinelle.dz\/index.php\/2021\/07\/31\/libye-mesures-preparatoires-pour-le-retrait-des-mercenaires\/#primaryimage","url":"https:\/\/lasentinelle.dz\/wp-content\/uploads\/2021\/07\/libya-1.png","contentUrl":"https:\/\/lasentinelle.dz\/wp-content\/uploads\/2021\/07\/libya-1.png","width":1491,"height":900},{"@type":"BreadcrumbList","@id":"https:\/\/lasentinelle.dz\/index.php\/2021\/07\/31\/libye-mesures-preparatoires-pour-le-retrait-des-mercenaires\/#breadcrumb","itemListElement":[{"@type":"ListItem","position":1,"name":"Accueil","item":"https:\/\/lasentinelle.dz\/"},{"@type":"ListItem","position":2,"name":"Libye :Mesures pr\u00e9paratoires pour le retrait des mercenaires"}]},{"@type":"WebSite","@id":"https:\/\/lasentinelle.dz\/#website","url":"https:\/\/lasentinelle.dz\/","name":"La Sentinelle","description":"Quotidien national d&#039;information","publisher":{"@id":"https:\/\/lasentinelle.dz\/#organization"},"potentialAction":[{"@type":"SearchAction","target":{"@type":"EntryPoint","urlTemplate":"https:\/\/lasentinelle.dz\/?s={search_term_string}"},"query-input":{"@type":"PropertyValueSpecification","valueRequired":true,"valueName":"search_term_string"}}],"inLanguage":"fr-FR"},{"@type":"Organization","@id":"https:\/\/lasentinelle.dz\/#organization","name":"Quotidien La Sentinelle","url":"https:\/\/lasentinelle.dz\/","logo":{"@type":"ImageObject","inLanguage":"fr-FR","@id":"https:\/\/lasentinelle.dz\/#\/schema\/logo\/image\/","url":"https:\/\/lasentinelle.dz\/wp-content\/uploads\/2021\/09\/logo-sentinelleSLOGAN-1.png","contentUrl":"https:\/\/lasentinelle.dz\/wp-content\/uploads\/2021\/09\/logo-sentinelleSLOGAN-1.png","width":615,"height":142,"caption":"Quotidien La Sentinelle"},"image":{"@id":"https:\/\/lasentinelle.dz\/#\/schema\/logo\/image\/"},"sameAs":["https:\/\/www.facebook.com\/La-Sentinelle-104059864394773"]},{"@type":"Person","@id":"https:\/\/lasentinelle.dz\/#\/schema\/person\/d865044e22e70a75174ce8bcad3acfb3","name":"La Sentinelle","image":{"@type":"ImageObject","inLanguage":"fr-FR","@id":"https:\/\/secure.gravatar.com\/avatar\/57de8e5d4b15d43fb361a71fbb36338450fe67865b528a43dd10ef7c51a20392?s=96&d=mm&r=g","url":"https:\/\/secure.gravatar.com\/avatar\/57de8e5d4b15d43fb361a71fbb36338450fe67865b528a43dd10ef7c51a20392?s=96&d=mm&r=g","contentUrl":"https:\/\/secure.gravatar.com\/avatar\/57de8e5d4b15d43fb361a71fbb36338450fe67865b528a43dd10ef7c51a20392?s=96&d=mm&r=g","caption":"La Sentinelle"},"sameAs":["http:\/\/www.lasentinelle.dz"],"url":"https:\/\/lasentinelle.dz\/author\/redaction\/"}]}},"_links":{"self":[{"href":"https:\/\/lasentinelle.dz\/index.php\/wp-json\/wp\/v2\/posts\/2816","targetHints":{"allow":["GET"]}}],"collection":[{"href":"https:\/\/lasentinelle.dz\/index.php\/wp-json\/wp\/v2\/posts"}],"about":[{"href":"https:\/\/lasentinelle.dz\/index.php\/wp-json\/wp\/v2\/types\/post"}],"author":[{"embeddable":true,"href":"https:\/\/lasentinelle.dz\/index.php\/wp-json\/wp\/v2\/users\/3"}],"replies":[{"embeddable":true,"href":"https:\/\/lasentinelle.dz\/index.php\/wp-json\/wp\/v2\/comments?post=2816"}],"version-history":[{"count":1,"href":"https:\/\/lasentinelle.dz\/index.php\/wp-json\/wp\/v2\/posts\/2816\/revisions"}],"predecessor-version":[{"id":2831,"href":"https:\/\/lasentinelle.dz\/index.php\/wp-json\/wp\/v2\/posts\/2816\/revisions\/2831"}],"wp:featuredmedia":[{"embeddable":true,"href":"https:\/\/lasentinelle.dz\/index.php\/wp-json\/wp\/v2\/media\/2829"}],"wp:attachment":[{"href":"https:\/\/lasentinelle.dz\/index.php\/wp-json\/wp\/v2\/media?parent=2816"}],"wp:term":[{"taxonomy":"category","embeddable":true,"href":"https:\/\/lasentinelle.dz\/index.php\/wp-json\/wp\/v2\/categories?post=2816"},{"taxonomy":"post_tag","embeddable":true,"href":"https:\/\/lasentinelle.dz\/index.php\/wp-json\/wp\/v2\/tags?post=2816"}],"curies":[{"name":"wp","href":"https:\/\/api.w.org\/{rel}","templated":true}]}}