{"id":28191,"date":"2022-09-29T00:05:00","date_gmt":"2022-09-28T23:05:00","guid":{"rendered":"https:\/\/lasentinelle.dz\/?p=28191"},"modified":"2022-09-28T19:12:35","modified_gmt":"2022-09-28T18:12:35","slug":"sonelgaz-le-probleme-de-recouvrement-des-creances-entrave-les-investissements","status":"publish","type":"post","link":"https:\/\/lasentinelle.dz\/index.php\/2022\/09\/29\/sonelgaz-le-probleme-de-recouvrement-des-creances-entrave-les-investissements\/","title":{"rendered":"Sonelgaz\u00a0: Le probl\u00e8me de recouvrement des cr\u00e9ances entrave les investissements"},"content":{"rendered":"\n<p>Le Pr\u00e9sident-directeur g\u00e9n\u00e9ral du groupe Sonelgaz, Mourad Ladjal, a affirm\u00e9 mardique \u00able probl\u00e8me li\u00e9 au recouvrement des cr\u00e9ances de la Sonelgaz, estim\u00e9es \u00e0 plus de 161 milliards, entrave la r\u00e9alisation de ses investissements programm\u00e9s\u00bb. Auditionn\u00e9 par les membres de la Commission de l&rsquo;Agriculture, de la p\u00eache et de la protection de l&rsquo;environnement de l&rsquo;Assembl\u00e9e populaire nationale, Ladjal a expliqu\u00e9 que \u00ables projets envisag\u00e9s par le groupe exigent la mobilisation d\u2019importants moyens financiers\u00bb, soulignant \u00abla n\u00e9cessit\u00e9 d\u2019acc\u00e9l\u00e9rer le recouvrement des cr\u00e9ances d\u00e9tenues aussi bien sur les m\u00e9nages que sur les administrations\u00bb. Le PDG de la Sonelgaz not\u00e9 que \u00ables dettes des clients de Sonelgaz, qui a d\u00e9cid\u00e9 de ne pas suspendre l&rsquo;approvisionnement en \u00e9lectricit\u00e9 et en gaz pendant la pand\u00e9mie de Coronavirus, ont augment\u00e9 de mani\u00e8re significative, passant de 61 milliards de DA \u00e0 214 milliards de DA\u00bb. Ladjal a appel\u00e9 \u00ables citoyens et les institutions \u00e0 r\u00e9gulariser leurs situations en s\u2019acquittant des factures de leur consommation et leurs dettes afin de permettre \u00e0 la Sonelgaz de r\u00e9aliser les projets d&rsquo;investissements, d\u2019autant plus que l\u2019entreprise est en passe \u00e0 am\u00e9liorer le service public&nbsp;\u00bb. En ce qui concerne le raccordement des exploitations agricoles au r\u00e9seau d\u2019\u00e9lectricit\u00e9, le PDG de la Sonelgaz a assur\u00e9 que des \u00abr\u00e9sultats satisfaisants avaient \u00e9t\u00e9 enregistr\u00e9s \u00bb, annon\u00e7ant \u00able raccordement, avant la fin de l\u2019ann\u00e9e en cours, de 30 000 exploitations et 48 000 autres en 2023&nbsp;\u00bb. D&rsquo;autre part, il a pr\u00e9cis\u00e9 que \u00absix projets ont \u00e9t\u00e9 programm\u00e9s dans la wilaya de Biskra, ils sont li\u00e9s \u00e0 l&rsquo;ach\u00e8vement des postes de transport d&rsquo;\u00e9lectricit\u00e9\u00bb. \u00abIls&nbsp; seront achev\u00e9s \u00e0 partir du premier trimestre 2023\u00bb, a-t-il d\u00e9clar\u00e9. Il a \u00e9galement \u00e9voqu\u00e9 \u00able d\u00e9but des travaux de construction d&rsquo;un transformateur \u00e9lectrique dans la wilaya d&rsquo;Adrar \u00bb, soulignant que \u00ables travaux seront achev\u00e9s avant l&rsquo;\u00e9t\u00e9 2023\u00bb. Pour sa part, le pr\u00e9sident de la commission parlementaire, Ali Bensekkak, a soulign\u00e9 \u00abl&rsquo;importance vitale de relier les exploitations agricoles au r\u00e9seaud&rsquo;\u00e9lectricit\u00e9, compte tenu de leur contribution \u00e0 la diversification de l&rsquo;\u00e9conomie nationale\u00bb.<\/p>\n\n\n\n<p><strong>Amar Malki<\/strong><\/p>\n","protected":false},"excerpt":{"rendered":"<p>Le Pr\u00e9sident-directeur g\u00e9n\u00e9ral du groupe Sonelgaz, Mourad Ladjal, a affirm\u00e9 mardique \u00able probl\u00e8me li\u00e9 au recouvrement des cr\u00e9ances de la<\/p>\n","protected":false},"author":3,"featured_media":18219,"comment_status":"open","ping_status":"closed","sticky":false,"template":"","format":"standard","meta":{"colormag_page_container_layout":"default_layout","colormag_page_sidebar_layout":"default_layout","om_disable_all_campaigns":false,"_monsterinsights_skip_tracking":false,"_monsterinsights_sitenote_active":false,"_monsterinsights_sitenote_note":"","_monsterinsights_sitenote_category":0,"footnotes":"","_wpscppro_dont_share_socialmedia":false,"_wpscppro_custom_social_share_image":0,"_facebook_share_type":"","_twitter_share_type":"","_linkedin_share_type":"","_pinterest_share_type":"","_linkedin_share_type_page":"","_instagram_share_type":"","_medium_share_type":"","_threads_share_type":"","_google_business_share_type":"","_selected_social_profile":[],"_wpsp_enable_custom_social_template":false,"_wpsp_social_scheduling":{"enabled":false,"datetime":null,"platforms":[],"status":"template_only","dateOption":"today","timeOption":"now","customDays":"","customHours":"","customDate":"","customTime":"","schedulingType":"absolute"},"_wpsp_active_default_template":true},"categories":[29],"tags":[],"class_list":["post-28191","post","type-post","status-publish","format-standard","has-post-thumbnail","hentry","category-economie"],"aioseo_notices":[],"yoast_head":"<!-- This site is optimized with the Yoast SEO plugin v27.5 - https:\/\/yoast.com\/product\/yoast-seo-wordpress\/ -->\n<title>Sonelgaz\u00a0: Le probl\u00e8me de recouvrement des cr\u00e9ances entrave les investissements - La Sentinelle<\/title>\n<meta name=\"robots\" content=\"index, follow, max-snippet:-1, max-image-preview:large, max-video-preview:-1\" \/>\n<link rel=\"canonical\" href=\"https:\/\/lasentinelle.dz\/index.php\/2022\/09\/29\/sonelgaz-le-probleme-de-recouvrement-des-creances-entrave-les-investissements\/\" \/>\n<meta property=\"og:locale\" content=\"fr_FR\" \/>\n<meta property=\"og:type\" content=\"article\" \/>\n<meta property=\"og:title\" content=\"Sonelgaz\u00a0: Le probl\u00e8me de recouvrement des cr\u00e9ances entrave les investissements - La Sentinelle\" \/>\n<meta property=\"og:description\" content=\"Le Pr\u00e9sident-directeur g\u00e9n\u00e9ral du groupe Sonelgaz, Mourad Ladjal, a affirm\u00e9 mardique \u00able probl\u00e8me li\u00e9 au recouvrement des cr\u00e9ances de la\" \/>\n<meta property=\"og:url\" content=\"https:\/\/lasentinelle.dz\/index.php\/2022\/09\/29\/sonelgaz-le-probleme-de-recouvrement-des-creances-entrave-les-investissements\/\" \/>\n<meta property=\"og:site_name\" content=\"La Sentinelle\" \/>\n<meta property=\"article:publisher\" content=\"https:\/\/www.facebook.com\/La-Sentinelle-104059864394773\" \/>\n<meta property=\"article:published_time\" content=\"2022-09-28T23:05:00+00:00\" \/>\n<meta property=\"og:image\" content=\"https:\/\/lasentinelle.dz\/wp-content\/uploads\/2022\/03\/sonalgaz.png\" \/>\n\t<meta property=\"og:image:width\" content=\"1350\" \/>\n\t<meta property=\"og:image:height\" content=\"900\" \/>\n\t<meta property=\"og:image:type\" content=\"image\/png\" \/>\n<meta name=\"author\" content=\"La Sentinelle\" \/>\n<meta name=\"twitter:card\" content=\"summary_large_image\" \/>\n<meta name=\"twitter:label1\" content=\"\u00c9crit par\" \/>\n\t<meta name=\"twitter:data1\" content=\"La Sentinelle\" \/>\n\t<meta name=\"twitter:label2\" content=\"Dur\u00e9e de lecture estim\u00e9e\" \/>\n\t<meta name=\"twitter:data2\" content=\"2 minutes\" \/>\n<script type=\"application\/ld+json\" class=\"yoast-schema-graph\">{\"@context\":\"https:\\\/\\\/schema.org\",\"@graph\":[{\"@type\":\"Article\",\"@id\":\"https:\\\/\\\/lasentinelle.dz\\\/index.php\\\/2022\\\/09\\\/29\\\/sonelgaz-le-probleme-de-recouvrement-des-creances-entrave-les-investissements\\\/#article\",\"isPartOf\":{\"@id\":\"https:\\\/\\\/lasentinelle.dz\\\/index.php\\\/2022\\\/09\\\/29\\\/sonelgaz-le-probleme-de-recouvrement-des-creances-entrave-les-investissements\\\/\"},\"author\":{\"name\":\"La Sentinelle\",\"@id\":\"https:\\\/\\\/lasentinelle.dz\\\/#\\\/schema\\\/person\\\/d865044e22e70a75174ce8bcad3acfb3\"},\"headline\":\"Sonelgaz\u00a0: Le probl\u00e8me de recouvrement des cr\u00e9ances entrave les investissements\",\"datePublished\":\"2022-09-28T23:05:00+00:00\",\"mainEntityOfPage\":{\"@id\":\"https:\\\/\\\/lasentinelle.dz\\\/index.php\\\/2022\\\/09\\\/29\\\/sonelgaz-le-probleme-de-recouvrement-des-creances-entrave-les-investissements\\\/\"},\"wordCount\":382,\"commentCount\":0,\"publisher\":{\"@id\":\"https:\\\/\\\/lasentinelle.dz\\\/#organization\"},\"image\":{\"@id\":\"https:\\\/\\\/lasentinelle.dz\\\/index.php\\\/2022\\\/09\\\/29\\\/sonelgaz-le-probleme-de-recouvrement-des-creances-entrave-les-investissements\\\/#primaryimage\"},\"thumbnailUrl\":\"https:\\\/\\\/lasentinelle.dz\\\/wp-content\\\/uploads\\\/2022\\\/03\\\/sonalgaz.png\",\"articleSection\":[\"\u00c9conomie\"],\"inLanguage\":\"fr-FR\",\"potentialAction\":[{\"@type\":\"CommentAction\",\"name\":\"Comment\",\"target\":[\"https:\\\/\\\/lasentinelle.dz\\\/index.php\\\/2022\\\/09\\\/29\\\/sonelgaz-le-probleme-de-recouvrement-des-creances-entrave-les-investissements\\\/#respond\"]}]},{\"@type\":\"WebPage\",\"@id\":\"https:\\\/\\\/lasentinelle.dz\\\/index.php\\\/2022\\\/09\\\/29\\\/sonelgaz-le-probleme-de-recouvrement-des-creances-entrave-les-investissements\\\/\",\"url\":\"https:\\\/\\\/lasentinelle.dz\\\/index.php\\\/2022\\\/09\\\/29\\\/sonelgaz-le-probleme-de-recouvrement-des-creances-entrave-les-investissements\\\/\",\"name\":\"Sonelgaz\u00a0: Le probl\u00e8me de recouvrement des cr\u00e9ances entrave les investissements - La Sentinelle\",\"isPartOf\":{\"@id\":\"https:\\\/\\\/lasentinelle.dz\\\/#website\"},\"primaryImageOfPage\":{\"@id\":\"https:\\\/\\\/lasentinelle.dz\\\/index.php\\\/2022\\\/09\\\/29\\\/sonelgaz-le-probleme-de-recouvrement-des-creances-entrave-les-investissements\\\/#primaryimage\"},\"image\":{\"@id\":\"https:\\\/\\\/lasentinelle.dz\\\/index.php\\\/2022\\\/09\\\/29\\\/sonelgaz-le-probleme-de-recouvrement-des-creances-entrave-les-investissements\\\/#primaryimage\"},\"thumbnailUrl\":\"https:\\\/\\\/lasentinelle.dz\\\/wp-content\\\/uploads\\\/2022\\\/03\\\/sonalgaz.png\",\"datePublished\":\"2022-09-28T23:05:00+00:00\",\"breadcrumb\":{\"@id\":\"https:\\\/\\\/lasentinelle.dz\\\/index.php\\\/2022\\\/09\\\/29\\\/sonelgaz-le-probleme-de-recouvrement-des-creances-entrave-les-investissements\\\/#breadcrumb\"},\"inLanguage\":\"fr-FR\",\"potentialAction\":[{\"@type\":\"ReadAction\",\"target\":[\"https:\\\/\\\/lasentinelle.dz\\\/index.php\\\/2022\\\/09\\\/29\\\/sonelgaz-le-probleme-de-recouvrement-des-creances-entrave-les-investissements\\\/\"]}]},{\"@type\":\"ImageObject\",\"inLanguage\":\"fr-FR\",\"@id\":\"https:\\\/\\\/lasentinelle.dz\\\/index.php\\\/2022\\\/09\\\/29\\\/sonelgaz-le-probleme-de-recouvrement-des-creances-entrave-les-investissements\\\/#primaryimage\",\"url\":\"https:\\\/\\\/lasentinelle.dz\\\/wp-content\\\/uploads\\\/2022\\\/03\\\/sonalgaz.png\",\"contentUrl\":\"https:\\\/\\\/lasentinelle.dz\\\/wp-content\\\/uploads\\\/2022\\\/03\\\/sonalgaz.png\",\"width\":1350,\"height\":900},{\"@type\":\"BreadcrumbList\",\"@id\":\"https:\\\/\\\/lasentinelle.dz\\\/index.php\\\/2022\\\/09\\\/29\\\/sonelgaz-le-probleme-de-recouvrement-des-creances-entrave-les-investissements\\\/#breadcrumb\",\"itemListElement\":[{\"@type\":\"ListItem\",\"position\":1,\"name\":\"Accueil\",\"item\":\"https:\\\/\\\/lasentinelle.dz\\\/\"},{\"@type\":\"ListItem\",\"position\":2,\"name\":\"Sonelgaz\u00a0: Le probl\u00e8me de recouvrement des cr\u00e9ances entrave les investissements\"}]},{\"@type\":\"WebSite\",\"@id\":\"https:\\\/\\\/lasentinelle.dz\\\/#website\",\"url\":\"https:\\\/\\\/lasentinelle.dz\\\/\",\"name\":\"La Sentinelle\",\"description\":\"Quotidien national d&#039;information\",\"publisher\":{\"@id\":\"https:\\\/\\\/lasentinelle.dz\\\/#organization\"},\"potentialAction\":[{\"@type\":\"SearchAction\",\"target\":{\"@type\":\"EntryPoint\",\"urlTemplate\":\"https:\\\/\\\/lasentinelle.dz\\\/?s={search_term_string}\"},\"query-input\":{\"@type\":\"PropertyValueSpecification\",\"valueRequired\":true,\"valueName\":\"search_term_string\"}}],\"inLanguage\":\"fr-FR\"},{\"@type\":\"Organization\",\"@id\":\"https:\\\/\\\/lasentinelle.dz\\\/#organization\",\"name\":\"Quotidien La Sentinelle\",\"url\":\"https:\\\/\\\/lasentinelle.dz\\\/\",\"logo\":{\"@type\":\"ImageObject\",\"inLanguage\":\"fr-FR\",\"@id\":\"https:\\\/\\\/lasentinelle.dz\\\/#\\\/schema\\\/logo\\\/image\\\/\",\"url\":\"https:\\\/\\\/lasentinelle.dz\\\/wp-content\\\/uploads\\\/2021\\\/09\\\/logo-sentinelleSLOGAN-1.png\",\"contentUrl\":\"https:\\\/\\\/lasentinelle.dz\\\/wp-content\\\/uploads\\\/2021\\\/09\\\/logo-sentinelleSLOGAN-1.png\",\"width\":615,\"height\":142,\"caption\":\"Quotidien La Sentinelle\"},\"image\":{\"@id\":\"https:\\\/\\\/lasentinelle.dz\\\/#\\\/schema\\\/logo\\\/image\\\/\"},\"sameAs\":[\"https:\\\/\\\/www.facebook.com\\\/La-Sentinelle-104059864394773\"]},{\"@type\":\"Person\",\"@id\":\"https:\\\/\\\/lasentinelle.dz\\\/#\\\/schema\\\/person\\\/d865044e22e70a75174ce8bcad3acfb3\",\"name\":\"La Sentinelle\",\"image\":{\"@type\":\"ImageObject\",\"inLanguage\":\"fr-FR\",\"@id\":\"https:\\\/\\\/secure.gravatar.com\\\/avatar\\\/57de8e5d4b15d43fb361a71fbb36338450fe67865b528a43dd10ef7c51a20392?s=96&d=mm&r=g\",\"url\":\"https:\\\/\\\/secure.gravatar.com\\\/avatar\\\/57de8e5d4b15d43fb361a71fbb36338450fe67865b528a43dd10ef7c51a20392?s=96&d=mm&r=g\",\"contentUrl\":\"https:\\\/\\\/secure.gravatar.com\\\/avatar\\\/57de8e5d4b15d43fb361a71fbb36338450fe67865b528a43dd10ef7c51a20392?s=96&d=mm&r=g\",\"caption\":\"La Sentinelle\"},\"sameAs\":[\"http:\\\/\\\/www.lasentinelle.dz\"],\"url\":\"https:\\\/\\\/lasentinelle.dz\\\/author\\\/redaction\\\/\"}]}<\/script>\n<!-- \/ Yoast SEO plugin. -->","yoast_head_json":{"title":"Sonelgaz\u00a0: Le probl\u00e8me de recouvrement des cr\u00e9ances entrave les investissements - La Sentinelle","robots":{"index":"index","follow":"follow","max-snippet":"max-snippet:-1","max-image-preview":"max-image-preview:large","max-video-preview":"max-video-preview:-1"},"canonical":"https:\/\/lasentinelle.dz\/index.php\/2022\/09\/29\/sonelgaz-le-probleme-de-recouvrement-des-creances-entrave-les-investissements\/","og_locale":"fr_FR","og_type":"article","og_title":"Sonelgaz\u00a0: Le probl\u00e8me de recouvrement des cr\u00e9ances entrave les investissements - La Sentinelle","og_description":"Le Pr\u00e9sident-directeur g\u00e9n\u00e9ral du groupe Sonelgaz, Mourad Ladjal, a affirm\u00e9 mardique \u00able probl\u00e8me li\u00e9 au recouvrement des cr\u00e9ances de la","og_url":"https:\/\/lasentinelle.dz\/index.php\/2022\/09\/29\/sonelgaz-le-probleme-de-recouvrement-des-creances-entrave-les-investissements\/","og_site_name":"La Sentinelle","article_publisher":"https:\/\/www.facebook.com\/La-Sentinelle-104059864394773","article_published_time":"2022-09-28T23:05:00+00:00","og_image":[{"width":1350,"height":900,"url":"https:\/\/lasentinelle.dz\/wp-content\/uploads\/2022\/03\/sonalgaz.png","type":"image\/png"}],"author":"La Sentinelle","twitter_card":"summary_large_image","twitter_misc":{"\u00c9crit par":"La Sentinelle","Dur\u00e9e de lecture estim\u00e9e":"2 minutes"},"schema":{"@context":"https:\/\/schema.org","@graph":[{"@type":"Article","@id":"https:\/\/lasentinelle.dz\/index.php\/2022\/09\/29\/sonelgaz-le-probleme-de-recouvrement-des-creances-entrave-les-investissements\/#article","isPartOf":{"@id":"https:\/\/lasentinelle.dz\/index.php\/2022\/09\/29\/sonelgaz-le-probleme-de-recouvrement-des-creances-entrave-les-investissements\/"},"author":{"name":"La Sentinelle","@id":"https:\/\/lasentinelle.dz\/#\/schema\/person\/d865044e22e70a75174ce8bcad3acfb3"},"headline":"Sonelgaz\u00a0: Le probl\u00e8me de recouvrement des cr\u00e9ances entrave les investissements","datePublished":"2022-09-28T23:05:00+00:00","mainEntityOfPage":{"@id":"https:\/\/lasentinelle.dz\/index.php\/2022\/09\/29\/sonelgaz-le-probleme-de-recouvrement-des-creances-entrave-les-investissements\/"},"wordCount":382,"commentCount":0,"publisher":{"@id":"https:\/\/lasentinelle.dz\/#organization"},"image":{"@id":"https:\/\/lasentinelle.dz\/index.php\/2022\/09\/29\/sonelgaz-le-probleme-de-recouvrement-des-creances-entrave-les-investissements\/#primaryimage"},"thumbnailUrl":"https:\/\/lasentinelle.dz\/wp-content\/uploads\/2022\/03\/sonalgaz.png","articleSection":["\u00c9conomie"],"inLanguage":"fr-FR","potentialAction":[{"@type":"CommentAction","name":"Comment","target":["https:\/\/lasentinelle.dz\/index.php\/2022\/09\/29\/sonelgaz-le-probleme-de-recouvrement-des-creances-entrave-les-investissements\/#respond"]}]},{"@type":"WebPage","@id":"https:\/\/lasentinelle.dz\/index.php\/2022\/09\/29\/sonelgaz-le-probleme-de-recouvrement-des-creances-entrave-les-investissements\/","url":"https:\/\/lasentinelle.dz\/index.php\/2022\/09\/29\/sonelgaz-le-probleme-de-recouvrement-des-creances-entrave-les-investissements\/","name":"Sonelgaz\u00a0: Le probl\u00e8me de recouvrement des cr\u00e9ances entrave les investissements - La Sentinelle","isPartOf":{"@id":"https:\/\/lasentinelle.dz\/#website"},"primaryImageOfPage":{"@id":"https:\/\/lasentinelle.dz\/index.php\/2022\/09\/29\/sonelgaz-le-probleme-de-recouvrement-des-creances-entrave-les-investissements\/#primaryimage"},"image":{"@id":"https:\/\/lasentinelle.dz\/index.php\/2022\/09\/29\/sonelgaz-le-probleme-de-recouvrement-des-creances-entrave-les-investissements\/#primaryimage"},"thumbnailUrl":"https:\/\/lasentinelle.dz\/wp-content\/uploads\/2022\/03\/sonalgaz.png","datePublished":"2022-09-28T23:05:00+00:00","breadcrumb":{"@id":"https:\/\/lasentinelle.dz\/index.php\/2022\/09\/29\/sonelgaz-le-probleme-de-recouvrement-des-creances-entrave-les-investissements\/#breadcrumb"},"inLanguage":"fr-FR","potentialAction":[{"@type":"ReadAction","target":["https:\/\/lasentinelle.dz\/index.php\/2022\/09\/29\/sonelgaz-le-probleme-de-recouvrement-des-creances-entrave-les-investissements\/"]}]},{"@type":"ImageObject","inLanguage":"fr-FR","@id":"https:\/\/lasentinelle.dz\/index.php\/2022\/09\/29\/sonelgaz-le-probleme-de-recouvrement-des-creances-entrave-les-investissements\/#primaryimage","url":"https:\/\/lasentinelle.dz\/wp-content\/uploads\/2022\/03\/sonalgaz.png","contentUrl":"https:\/\/lasentinelle.dz\/wp-content\/uploads\/2022\/03\/sonalgaz.png","width":1350,"height":900},{"@type":"BreadcrumbList","@id":"https:\/\/lasentinelle.dz\/index.php\/2022\/09\/29\/sonelgaz-le-probleme-de-recouvrement-des-creances-entrave-les-investissements\/#breadcrumb","itemListElement":[{"@type":"ListItem","position":1,"name":"Accueil","item":"https:\/\/lasentinelle.dz\/"},{"@type":"ListItem","position":2,"name":"Sonelgaz\u00a0: Le probl\u00e8me de recouvrement des cr\u00e9ances entrave les investissements"}]},{"@type":"WebSite","@id":"https:\/\/lasentinelle.dz\/#website","url":"https:\/\/lasentinelle.dz\/","name":"La Sentinelle","description":"Quotidien national d&#039;information","publisher":{"@id":"https:\/\/lasentinelle.dz\/#organization"},"potentialAction":[{"@type":"SearchAction","target":{"@type":"EntryPoint","urlTemplate":"https:\/\/lasentinelle.dz\/?s={search_term_string}"},"query-input":{"@type":"PropertyValueSpecification","valueRequired":true,"valueName":"search_term_string"}}],"inLanguage":"fr-FR"},{"@type":"Organization","@id":"https:\/\/lasentinelle.dz\/#organization","name":"Quotidien La Sentinelle","url":"https:\/\/lasentinelle.dz\/","logo":{"@type":"ImageObject","inLanguage":"fr-FR","@id":"https:\/\/lasentinelle.dz\/#\/schema\/logo\/image\/","url":"https:\/\/lasentinelle.dz\/wp-content\/uploads\/2021\/09\/logo-sentinelleSLOGAN-1.png","contentUrl":"https:\/\/lasentinelle.dz\/wp-content\/uploads\/2021\/09\/logo-sentinelleSLOGAN-1.png","width":615,"height":142,"caption":"Quotidien La Sentinelle"},"image":{"@id":"https:\/\/lasentinelle.dz\/#\/schema\/logo\/image\/"},"sameAs":["https:\/\/www.facebook.com\/La-Sentinelle-104059864394773"]},{"@type":"Person","@id":"https:\/\/lasentinelle.dz\/#\/schema\/person\/d865044e22e70a75174ce8bcad3acfb3","name":"La Sentinelle","image":{"@type":"ImageObject","inLanguage":"fr-FR","@id":"https:\/\/secure.gravatar.com\/avatar\/57de8e5d4b15d43fb361a71fbb36338450fe67865b528a43dd10ef7c51a20392?s=96&d=mm&r=g","url":"https:\/\/secure.gravatar.com\/avatar\/57de8e5d4b15d43fb361a71fbb36338450fe67865b528a43dd10ef7c51a20392?s=96&d=mm&r=g","contentUrl":"https:\/\/secure.gravatar.com\/avatar\/57de8e5d4b15d43fb361a71fbb36338450fe67865b528a43dd10ef7c51a20392?s=96&d=mm&r=g","caption":"La Sentinelle"},"sameAs":["http:\/\/www.lasentinelle.dz"],"url":"https:\/\/lasentinelle.dz\/author\/redaction\/"}]}},"_links":{"self":[{"href":"https:\/\/lasentinelle.dz\/index.php\/wp-json\/wp\/v2\/posts\/28191","targetHints":{"allow":["GET"]}}],"collection":[{"href":"https:\/\/lasentinelle.dz\/index.php\/wp-json\/wp\/v2\/posts"}],"about":[{"href":"https:\/\/lasentinelle.dz\/index.php\/wp-json\/wp\/v2\/types\/post"}],"author":[{"embeddable":true,"href":"https:\/\/lasentinelle.dz\/index.php\/wp-json\/wp\/v2\/users\/3"}],"replies":[{"embeddable":true,"href":"https:\/\/lasentinelle.dz\/index.php\/wp-json\/wp\/v2\/comments?post=28191"}],"version-history":[{"count":1,"href":"https:\/\/lasentinelle.dz\/index.php\/wp-json\/wp\/v2\/posts\/28191\/revisions"}],"predecessor-version":[{"id":28197,"href":"https:\/\/lasentinelle.dz\/index.php\/wp-json\/wp\/v2\/posts\/28191\/revisions\/28197"}],"wp:featuredmedia":[{"embeddable":true,"href":"https:\/\/lasentinelle.dz\/index.php\/wp-json\/wp\/v2\/media\/18219"}],"wp:attachment":[{"href":"https:\/\/lasentinelle.dz\/index.php\/wp-json\/wp\/v2\/media?parent=28191"}],"wp:term":[{"taxonomy":"category","embeddable":true,"href":"https:\/\/lasentinelle.dz\/index.php\/wp-json\/wp\/v2\/categories?post=28191"},{"taxonomy":"post_tag","embeddable":true,"href":"https:\/\/lasentinelle.dz\/index.php\/wp-json\/wp\/v2\/tags?post=28191"}],"curies":[{"name":"wp","href":"https:\/\/api.w.org\/{rel}","templated":true}]}}