{"id":28203,"date":"2022-09-29T00:05:00","date_gmt":"2022-09-28T23:05:00","guid":{"rendered":"https:\/\/lasentinelle.dz\/?p=28203"},"modified":"2022-09-28T20:31:00","modified_gmt":"2022-09-28T19:31:00","slug":"un-accord-signe-hier-entre-sonatrach-et-litalien-enel-les-prix-du-gaz-livres-a-litalie-et-lespagne-reajuste","status":"publish","type":"post","link":"https:\/\/lasentinelle.dz\/index.php\/2022\/09\/29\/un-accord-signe-hier-entre-sonatrach-et-litalien-enel-les-prix-du-gaz-livres-a-litalie-et-lespagne-reajuste\/","title":{"rendered":"Un accord sign\u00e9 hier entre Sonatrach et l\u2019Italien Enel\u00a0: Les prix du gaz livr\u00e9s \u00e0 l\u2019Italie et l\u2019Espagne r\u00e9ajust\u00e9"},"content":{"rendered":"\n<p>Les prix du gaz alg\u00e9rien commercialis\u00e9 en Italie et en Espagne \u00e0 travers Enel ont \u00e9t\u00e9 rajust\u00e9s. Cet accord porte a six le nombre de clients de la Sonatrach qui ont r\u00e9ajust\u00e9 les prix du gaz selon les clauses contractuelles pr\u00e9vues \u00e0 cet effet. En effet, un communiqu\u00e9 de la Sonatrach a indiqu\u00e9 hier avec conclu avec l\u2019Italien Enel des accords, \u00ab&nbsp;dans le cadre des contrats d&rsquo;achat et de vente de gaz naturel pour les march\u00e9s italien et espagnol&nbsp;\u00bb, portant notamment ajustement des prix. \u00ab&nbsp;Conform\u00e9ment aux clauses contractuelles de r\u00e9vision de prix, les deux parties ont convenu d&rsquo;ajuster les prix de vente en tenant compte des conditions de march\u00e9 et sont convenues sur la fourniture de volumes suppl\u00e9mentaires pour 2022 ainsi que sur la possibilit\u00e9 d&rsquo;approvisionnements suppl\u00e9mentaires dans les ann\u00e9es \u00e0 venir&nbsp;\u00bb, sans que plus de pr\u00e9cisions sur les tarifs, ni sur les volumes suppl\u00e9mentaires \u00e0 livrer, les deux parties ayant \u00e9voqu\u00e9 le caract\u00e8re confidentiel de l\u2019accord.Les parties ont confirm\u00e9, \u00e0 cette occasion, leur volont\u00e9 de renforcer le partenariat \u00ab\u00a0historique\u00a0\u00bb entre Sonatrach et le groupe ENEL en vue de consolider la relation commerciale dans le domaine du gaz naturel, tout en assurant la stabilit\u00e9 et la s\u00e9curit\u00e9 des approvisionnements en gaz et contribuant \u00e0 renforcer la s\u00e9curit\u00e9 \u00e9nerg\u00e9tique des clients, souligne la m\u00eame source.<\/p>\n\n\n\n<p>En marge de la c\u00e9r\u00e9monie, le P-DG de la Sonatrach Toufik Hakkar a indiqu\u00e9 que cette r\u00e9vision des prix et naturelle et est pr\u00e9vue par les clauses contractuelles des accords entre Sonatrach et ses clients. Il a \u00e9galement ajout\u00e9 que la conjoncture actuelle impose une r\u00e9vision des prix du gaz livr\u00e9s y compris en Europe.<\/p>\n\n\n\n<p>A propos du gaz livr\u00e9 en Espagne, Hakkar a indiqu\u00e9 que les n\u00e9gociations sur les tarifs avec ses autres partenaires ont \u00e9t\u00e9 finalis\u00e9s et que la signature de l\u2019accord \u00e0 ce sujet sera prochaine annonc\u00e9e. Il a de m\u00eame indiqu\u00e9 que la Sonatrach a finalis\u00e9 les n\u00e9gociations sur la r\u00e9vision des prix avec six de ses onze partenaires et que les n\u00e9gociations \u00e9taient toujours en cours avec les 5 autres. Pour rappel, Sonatrach a sign\u00e9 au mois de juillet dernier un accord avec le fran\u00e7ais Engie sur les prix de vente du gaz jusqu\u2019en 2024.<\/p>\n\n\n\n<p><strong>Samira Ghrib<\/strong><\/p>\n","protected":false},"excerpt":{"rendered":"<p>Les prix du gaz alg\u00e9rien commercialis\u00e9 en Italie et en Espagne \u00e0 travers Enel ont \u00e9t\u00e9 rajust\u00e9s. Cet accord porte<\/p>\n","protected":false},"author":3,"featured_media":28222,"comment_status":"open","ping_status":"closed","sticky":false,"template":"","format":"standard","meta":{"colormag_page_container_layout":"default_layout","colormag_page_sidebar_layout":"default_layout","om_disable_all_campaigns":false,"_monsterinsights_skip_tracking":false,"_monsterinsights_sitenote_active":false,"_monsterinsights_sitenote_note":"","_monsterinsights_sitenote_category":0,"footnotes":"","_wpscppro_dont_share_socialmedia":false,"_wpscppro_custom_social_share_image":0,"_facebook_share_type":"","_twitter_share_type":"","_linkedin_share_type":"","_pinterest_share_type":"","_linkedin_share_type_page":"","_instagram_share_type":"","_medium_share_type":"","_threads_share_type":"","_google_business_share_type":"","_selected_social_profile":[],"_wpsp_enable_custom_social_template":false,"_wpsp_social_scheduling":{"enabled":false,"datetime":null,"platforms":[],"status":"template_only","dateOption":"today","timeOption":"now","customDays":"","customHours":"","customDate":"","customTime":"","schedulingType":"absolute"},"_wpsp_active_default_template":true},"categories":[29],"tags":[],"class_list":["post-28203","post","type-post","status-publish","format-standard","has-post-thumbnail","hentry","category-economie"],"aioseo_notices":[],"yoast_head":"<!-- This site is optimized with the Yoast SEO plugin v27.5 - https:\/\/yoast.com\/product\/yoast-seo-wordpress\/ -->\n<title>Un accord sign\u00e9 hier entre Sonatrach et l\u2019Italien Enel\u00a0: Les prix du gaz livr\u00e9s \u00e0 l\u2019Italie et l\u2019Espagne r\u00e9ajust\u00e9 - La Sentinelle<\/title>\n<meta name=\"robots\" content=\"index, follow, max-snippet:-1, max-image-preview:large, max-video-preview:-1\" \/>\n<link rel=\"canonical\" href=\"https:\/\/lasentinelle.dz\/index.php\/2022\/09\/29\/un-accord-signe-hier-entre-sonatrach-et-litalien-enel-les-prix-du-gaz-livres-a-litalie-et-lespagne-reajuste\/\" \/>\n<meta property=\"og:locale\" content=\"fr_FR\" \/>\n<meta property=\"og:type\" content=\"article\" \/>\n<meta property=\"og:title\" content=\"Un accord sign\u00e9 hier entre Sonatrach et l\u2019Italien Enel\u00a0: Les prix du gaz livr\u00e9s \u00e0 l\u2019Italie et l\u2019Espagne r\u00e9ajust\u00e9 - La Sentinelle\" \/>\n<meta property=\"og:description\" content=\"Les prix du gaz alg\u00e9rien commercialis\u00e9 en Italie et en Espagne \u00e0 travers Enel ont \u00e9t\u00e9 rajust\u00e9s. Cet accord porte\" \/>\n<meta property=\"og:url\" content=\"https:\/\/lasentinelle.dz\/index.php\/2022\/09\/29\/un-accord-signe-hier-entre-sonatrach-et-litalien-enel-les-prix-du-gaz-livres-a-litalie-et-lespagne-reajuste\/\" \/>\n<meta property=\"og:site_name\" content=\"La Sentinelle\" \/>\n<meta property=\"article:publisher\" content=\"https:\/\/www.facebook.com\/La-Sentinelle-104059864394773\" \/>\n<meta property=\"article:published_time\" content=\"2022-09-28T23:05:00+00:00\" \/>\n<meta property=\"og:image\" content=\"https:\/\/lasentinelle.dz\/wp-content\/uploads\/2022\/09\/sw.png\" \/>\n\t<meta property=\"og:image:width\" content=\"1427\" \/>\n\t<meta property=\"og:image:height\" content=\"900\" \/>\n\t<meta property=\"og:image:type\" content=\"image\/png\" \/>\n<meta name=\"author\" content=\"La Sentinelle\" \/>\n<meta name=\"twitter:card\" content=\"summary_large_image\" \/>\n<meta name=\"twitter:label1\" content=\"\u00c9crit par\" \/>\n\t<meta name=\"twitter:data1\" content=\"La Sentinelle\" \/>\n\t<meta name=\"twitter:label2\" content=\"Dur\u00e9e de lecture estim\u00e9e\" \/>\n\t<meta name=\"twitter:data2\" content=\"2 minutes\" \/>\n<script type=\"application\/ld+json\" class=\"yoast-schema-graph\">{\"@context\":\"https:\\\/\\\/schema.org\",\"@graph\":[{\"@type\":\"Article\",\"@id\":\"https:\\\/\\\/lasentinelle.dz\\\/index.php\\\/2022\\\/09\\\/29\\\/un-accord-signe-hier-entre-sonatrach-et-litalien-enel-les-prix-du-gaz-livres-a-litalie-et-lespagne-reajuste\\\/#article\",\"isPartOf\":{\"@id\":\"https:\\\/\\\/lasentinelle.dz\\\/index.php\\\/2022\\\/09\\\/29\\\/un-accord-signe-hier-entre-sonatrach-et-litalien-enel-les-prix-du-gaz-livres-a-litalie-et-lespagne-reajuste\\\/\"},\"author\":{\"name\":\"La Sentinelle\",\"@id\":\"https:\\\/\\\/lasentinelle.dz\\\/#\\\/schema\\\/person\\\/d865044e22e70a75174ce8bcad3acfb3\"},\"headline\":\"Un accord sign\u00e9 hier entre Sonatrach et l\u2019Italien Enel\u00a0: Les prix du gaz livr\u00e9s \u00e0 l\u2019Italie et l\u2019Espagne r\u00e9ajust\u00e9\",\"datePublished\":\"2022-09-28T23:05:00+00:00\",\"mainEntityOfPage\":{\"@id\":\"https:\\\/\\\/lasentinelle.dz\\\/index.php\\\/2022\\\/09\\\/29\\\/un-accord-signe-hier-entre-sonatrach-et-litalien-enel-les-prix-du-gaz-livres-a-litalie-et-lespagne-reajuste\\\/\"},\"wordCount\":422,\"commentCount\":0,\"publisher\":{\"@id\":\"https:\\\/\\\/lasentinelle.dz\\\/#organization\"},\"image\":{\"@id\":\"https:\\\/\\\/lasentinelle.dz\\\/index.php\\\/2022\\\/09\\\/29\\\/un-accord-signe-hier-entre-sonatrach-et-litalien-enel-les-prix-du-gaz-livres-a-litalie-et-lespagne-reajuste\\\/#primaryimage\"},\"thumbnailUrl\":\"https:\\\/\\\/lasentinelle.dz\\\/wp-content\\\/uploads\\\/2022\\\/09\\\/sw.png\",\"articleSection\":[\"\u00c9conomie\"],\"inLanguage\":\"fr-FR\",\"potentialAction\":[{\"@type\":\"CommentAction\",\"name\":\"Comment\",\"target\":[\"https:\\\/\\\/lasentinelle.dz\\\/index.php\\\/2022\\\/09\\\/29\\\/un-accord-signe-hier-entre-sonatrach-et-litalien-enel-les-prix-du-gaz-livres-a-litalie-et-lespagne-reajuste\\\/#respond\"]}]},{\"@type\":\"WebPage\",\"@id\":\"https:\\\/\\\/lasentinelle.dz\\\/index.php\\\/2022\\\/09\\\/29\\\/un-accord-signe-hier-entre-sonatrach-et-litalien-enel-les-prix-du-gaz-livres-a-litalie-et-lespagne-reajuste\\\/\",\"url\":\"https:\\\/\\\/lasentinelle.dz\\\/index.php\\\/2022\\\/09\\\/29\\\/un-accord-signe-hier-entre-sonatrach-et-litalien-enel-les-prix-du-gaz-livres-a-litalie-et-lespagne-reajuste\\\/\",\"name\":\"Un accord sign\u00e9 hier entre Sonatrach et l\u2019Italien Enel\u00a0: Les prix du gaz livr\u00e9s \u00e0 l\u2019Italie et l\u2019Espagne r\u00e9ajust\u00e9 - La Sentinelle\",\"isPartOf\":{\"@id\":\"https:\\\/\\\/lasentinelle.dz\\\/#website\"},\"primaryImageOfPage\":{\"@id\":\"https:\\\/\\\/lasentinelle.dz\\\/index.php\\\/2022\\\/09\\\/29\\\/un-accord-signe-hier-entre-sonatrach-et-litalien-enel-les-prix-du-gaz-livres-a-litalie-et-lespagne-reajuste\\\/#primaryimage\"},\"image\":{\"@id\":\"https:\\\/\\\/lasentinelle.dz\\\/index.php\\\/2022\\\/09\\\/29\\\/un-accord-signe-hier-entre-sonatrach-et-litalien-enel-les-prix-du-gaz-livres-a-litalie-et-lespagne-reajuste\\\/#primaryimage\"},\"thumbnailUrl\":\"https:\\\/\\\/lasentinelle.dz\\\/wp-content\\\/uploads\\\/2022\\\/09\\\/sw.png\",\"datePublished\":\"2022-09-28T23:05:00+00:00\",\"breadcrumb\":{\"@id\":\"https:\\\/\\\/lasentinelle.dz\\\/index.php\\\/2022\\\/09\\\/29\\\/un-accord-signe-hier-entre-sonatrach-et-litalien-enel-les-prix-du-gaz-livres-a-litalie-et-lespagne-reajuste\\\/#breadcrumb\"},\"inLanguage\":\"fr-FR\",\"potentialAction\":[{\"@type\":\"ReadAction\",\"target\":[\"https:\\\/\\\/lasentinelle.dz\\\/index.php\\\/2022\\\/09\\\/29\\\/un-accord-signe-hier-entre-sonatrach-et-litalien-enel-les-prix-du-gaz-livres-a-litalie-et-lespagne-reajuste\\\/\"]}]},{\"@type\":\"ImageObject\",\"inLanguage\":\"fr-FR\",\"@id\":\"https:\\\/\\\/lasentinelle.dz\\\/index.php\\\/2022\\\/09\\\/29\\\/un-accord-signe-hier-entre-sonatrach-et-litalien-enel-les-prix-du-gaz-livres-a-litalie-et-lespagne-reajuste\\\/#primaryimage\",\"url\":\"https:\\\/\\\/lasentinelle.dz\\\/wp-content\\\/uploads\\\/2022\\\/09\\\/sw.png\",\"contentUrl\":\"https:\\\/\\\/lasentinelle.dz\\\/wp-content\\\/uploads\\\/2022\\\/09\\\/sw.png\",\"width\":1427,\"height\":900},{\"@type\":\"BreadcrumbList\",\"@id\":\"https:\\\/\\\/lasentinelle.dz\\\/index.php\\\/2022\\\/09\\\/29\\\/un-accord-signe-hier-entre-sonatrach-et-litalien-enel-les-prix-du-gaz-livres-a-litalie-et-lespagne-reajuste\\\/#breadcrumb\",\"itemListElement\":[{\"@type\":\"ListItem\",\"position\":1,\"name\":\"Accueil\",\"item\":\"https:\\\/\\\/lasentinelle.dz\\\/\"},{\"@type\":\"ListItem\",\"position\":2,\"name\":\"Un accord sign\u00e9 hier entre Sonatrach et l\u2019Italien Enel\u00a0: Les prix du gaz livr\u00e9s \u00e0 l\u2019Italie et l\u2019Espagne r\u00e9ajust\u00e9\"}]},{\"@type\":\"WebSite\",\"@id\":\"https:\\\/\\\/lasentinelle.dz\\\/#website\",\"url\":\"https:\\\/\\\/lasentinelle.dz\\\/\",\"name\":\"La Sentinelle\",\"description\":\"Quotidien national d&#039;information\",\"publisher\":{\"@id\":\"https:\\\/\\\/lasentinelle.dz\\\/#organization\"},\"potentialAction\":[{\"@type\":\"SearchAction\",\"target\":{\"@type\":\"EntryPoint\",\"urlTemplate\":\"https:\\\/\\\/lasentinelle.dz\\\/?s={search_term_string}\"},\"query-input\":{\"@type\":\"PropertyValueSpecification\",\"valueRequired\":true,\"valueName\":\"search_term_string\"}}],\"inLanguage\":\"fr-FR\"},{\"@type\":\"Organization\",\"@id\":\"https:\\\/\\\/lasentinelle.dz\\\/#organization\",\"name\":\"Quotidien La Sentinelle\",\"url\":\"https:\\\/\\\/lasentinelle.dz\\\/\",\"logo\":{\"@type\":\"ImageObject\",\"inLanguage\":\"fr-FR\",\"@id\":\"https:\\\/\\\/lasentinelle.dz\\\/#\\\/schema\\\/logo\\\/image\\\/\",\"url\":\"https:\\\/\\\/lasentinelle.dz\\\/wp-content\\\/uploads\\\/2021\\\/09\\\/logo-sentinelleSLOGAN-1.png\",\"contentUrl\":\"https:\\\/\\\/lasentinelle.dz\\\/wp-content\\\/uploads\\\/2021\\\/09\\\/logo-sentinelleSLOGAN-1.png\",\"width\":615,\"height\":142,\"caption\":\"Quotidien La Sentinelle\"},\"image\":{\"@id\":\"https:\\\/\\\/lasentinelle.dz\\\/#\\\/schema\\\/logo\\\/image\\\/\"},\"sameAs\":[\"https:\\\/\\\/www.facebook.com\\\/La-Sentinelle-104059864394773\"]},{\"@type\":\"Person\",\"@id\":\"https:\\\/\\\/lasentinelle.dz\\\/#\\\/schema\\\/person\\\/d865044e22e70a75174ce8bcad3acfb3\",\"name\":\"La Sentinelle\",\"image\":{\"@type\":\"ImageObject\",\"inLanguage\":\"fr-FR\",\"@id\":\"https:\\\/\\\/secure.gravatar.com\\\/avatar\\\/57de8e5d4b15d43fb361a71fbb36338450fe67865b528a43dd10ef7c51a20392?s=96&d=mm&r=g\",\"url\":\"https:\\\/\\\/secure.gravatar.com\\\/avatar\\\/57de8e5d4b15d43fb361a71fbb36338450fe67865b528a43dd10ef7c51a20392?s=96&d=mm&r=g\",\"contentUrl\":\"https:\\\/\\\/secure.gravatar.com\\\/avatar\\\/57de8e5d4b15d43fb361a71fbb36338450fe67865b528a43dd10ef7c51a20392?s=96&d=mm&r=g\",\"caption\":\"La Sentinelle\"},\"sameAs\":[\"http:\\\/\\\/www.lasentinelle.dz\"],\"url\":\"https:\\\/\\\/lasentinelle.dz\\\/author\\\/redaction\\\/\"}]}<\/script>\n<!-- \/ Yoast SEO plugin. -->","yoast_head_json":{"title":"Un accord sign\u00e9 hier entre Sonatrach et l\u2019Italien Enel\u00a0: Les prix du gaz livr\u00e9s \u00e0 l\u2019Italie et l\u2019Espagne r\u00e9ajust\u00e9 - La Sentinelle","robots":{"index":"index","follow":"follow","max-snippet":"max-snippet:-1","max-image-preview":"max-image-preview:large","max-video-preview":"max-video-preview:-1"},"canonical":"https:\/\/lasentinelle.dz\/index.php\/2022\/09\/29\/un-accord-signe-hier-entre-sonatrach-et-litalien-enel-les-prix-du-gaz-livres-a-litalie-et-lespagne-reajuste\/","og_locale":"fr_FR","og_type":"article","og_title":"Un accord sign\u00e9 hier entre Sonatrach et l\u2019Italien Enel\u00a0: Les prix du gaz livr\u00e9s \u00e0 l\u2019Italie et l\u2019Espagne r\u00e9ajust\u00e9 - La Sentinelle","og_description":"Les prix du gaz alg\u00e9rien commercialis\u00e9 en Italie et en Espagne \u00e0 travers Enel ont \u00e9t\u00e9 rajust\u00e9s. Cet accord porte","og_url":"https:\/\/lasentinelle.dz\/index.php\/2022\/09\/29\/un-accord-signe-hier-entre-sonatrach-et-litalien-enel-les-prix-du-gaz-livres-a-litalie-et-lespagne-reajuste\/","og_site_name":"La Sentinelle","article_publisher":"https:\/\/www.facebook.com\/La-Sentinelle-104059864394773","article_published_time":"2022-09-28T23:05:00+00:00","og_image":[{"width":1427,"height":900,"url":"https:\/\/lasentinelle.dz\/wp-content\/uploads\/2022\/09\/sw.png","type":"image\/png"}],"author":"La Sentinelle","twitter_card":"summary_large_image","twitter_misc":{"\u00c9crit par":"La Sentinelle","Dur\u00e9e de lecture estim\u00e9e":"2 minutes"},"schema":{"@context":"https:\/\/schema.org","@graph":[{"@type":"Article","@id":"https:\/\/lasentinelle.dz\/index.php\/2022\/09\/29\/un-accord-signe-hier-entre-sonatrach-et-litalien-enel-les-prix-du-gaz-livres-a-litalie-et-lespagne-reajuste\/#article","isPartOf":{"@id":"https:\/\/lasentinelle.dz\/index.php\/2022\/09\/29\/un-accord-signe-hier-entre-sonatrach-et-litalien-enel-les-prix-du-gaz-livres-a-litalie-et-lespagne-reajuste\/"},"author":{"name":"La Sentinelle","@id":"https:\/\/lasentinelle.dz\/#\/schema\/person\/d865044e22e70a75174ce8bcad3acfb3"},"headline":"Un accord sign\u00e9 hier entre Sonatrach et l\u2019Italien Enel\u00a0: Les prix du gaz livr\u00e9s \u00e0 l\u2019Italie et l\u2019Espagne r\u00e9ajust\u00e9","datePublished":"2022-09-28T23:05:00+00:00","mainEntityOfPage":{"@id":"https:\/\/lasentinelle.dz\/index.php\/2022\/09\/29\/un-accord-signe-hier-entre-sonatrach-et-litalien-enel-les-prix-du-gaz-livres-a-litalie-et-lespagne-reajuste\/"},"wordCount":422,"commentCount":0,"publisher":{"@id":"https:\/\/lasentinelle.dz\/#organization"},"image":{"@id":"https:\/\/lasentinelle.dz\/index.php\/2022\/09\/29\/un-accord-signe-hier-entre-sonatrach-et-litalien-enel-les-prix-du-gaz-livres-a-litalie-et-lespagne-reajuste\/#primaryimage"},"thumbnailUrl":"https:\/\/lasentinelle.dz\/wp-content\/uploads\/2022\/09\/sw.png","articleSection":["\u00c9conomie"],"inLanguage":"fr-FR","potentialAction":[{"@type":"CommentAction","name":"Comment","target":["https:\/\/lasentinelle.dz\/index.php\/2022\/09\/29\/un-accord-signe-hier-entre-sonatrach-et-litalien-enel-les-prix-du-gaz-livres-a-litalie-et-lespagne-reajuste\/#respond"]}]},{"@type":"WebPage","@id":"https:\/\/lasentinelle.dz\/index.php\/2022\/09\/29\/un-accord-signe-hier-entre-sonatrach-et-litalien-enel-les-prix-du-gaz-livres-a-litalie-et-lespagne-reajuste\/","url":"https:\/\/lasentinelle.dz\/index.php\/2022\/09\/29\/un-accord-signe-hier-entre-sonatrach-et-litalien-enel-les-prix-du-gaz-livres-a-litalie-et-lespagne-reajuste\/","name":"Un accord sign\u00e9 hier entre Sonatrach et l\u2019Italien Enel\u00a0: Les prix du gaz livr\u00e9s \u00e0 l\u2019Italie et l\u2019Espagne r\u00e9ajust\u00e9 - La Sentinelle","isPartOf":{"@id":"https:\/\/lasentinelle.dz\/#website"},"primaryImageOfPage":{"@id":"https:\/\/lasentinelle.dz\/index.php\/2022\/09\/29\/un-accord-signe-hier-entre-sonatrach-et-litalien-enel-les-prix-du-gaz-livres-a-litalie-et-lespagne-reajuste\/#primaryimage"},"image":{"@id":"https:\/\/lasentinelle.dz\/index.php\/2022\/09\/29\/un-accord-signe-hier-entre-sonatrach-et-litalien-enel-les-prix-du-gaz-livres-a-litalie-et-lespagne-reajuste\/#primaryimage"},"thumbnailUrl":"https:\/\/lasentinelle.dz\/wp-content\/uploads\/2022\/09\/sw.png","datePublished":"2022-09-28T23:05:00+00:00","breadcrumb":{"@id":"https:\/\/lasentinelle.dz\/index.php\/2022\/09\/29\/un-accord-signe-hier-entre-sonatrach-et-litalien-enel-les-prix-du-gaz-livres-a-litalie-et-lespagne-reajuste\/#breadcrumb"},"inLanguage":"fr-FR","potentialAction":[{"@type":"ReadAction","target":["https:\/\/lasentinelle.dz\/index.php\/2022\/09\/29\/un-accord-signe-hier-entre-sonatrach-et-litalien-enel-les-prix-du-gaz-livres-a-litalie-et-lespagne-reajuste\/"]}]},{"@type":"ImageObject","inLanguage":"fr-FR","@id":"https:\/\/lasentinelle.dz\/index.php\/2022\/09\/29\/un-accord-signe-hier-entre-sonatrach-et-litalien-enel-les-prix-du-gaz-livres-a-litalie-et-lespagne-reajuste\/#primaryimage","url":"https:\/\/lasentinelle.dz\/wp-content\/uploads\/2022\/09\/sw.png","contentUrl":"https:\/\/lasentinelle.dz\/wp-content\/uploads\/2022\/09\/sw.png","width":1427,"height":900},{"@type":"BreadcrumbList","@id":"https:\/\/lasentinelle.dz\/index.php\/2022\/09\/29\/un-accord-signe-hier-entre-sonatrach-et-litalien-enel-les-prix-du-gaz-livres-a-litalie-et-lespagne-reajuste\/#breadcrumb","itemListElement":[{"@type":"ListItem","position":1,"name":"Accueil","item":"https:\/\/lasentinelle.dz\/"},{"@type":"ListItem","position":2,"name":"Un accord sign\u00e9 hier entre Sonatrach et l\u2019Italien Enel\u00a0: Les prix du gaz livr\u00e9s \u00e0 l\u2019Italie et l\u2019Espagne r\u00e9ajust\u00e9"}]},{"@type":"WebSite","@id":"https:\/\/lasentinelle.dz\/#website","url":"https:\/\/lasentinelle.dz\/","name":"La Sentinelle","description":"Quotidien national d&#039;information","publisher":{"@id":"https:\/\/lasentinelle.dz\/#organization"},"potentialAction":[{"@type":"SearchAction","target":{"@type":"EntryPoint","urlTemplate":"https:\/\/lasentinelle.dz\/?s={search_term_string}"},"query-input":{"@type":"PropertyValueSpecification","valueRequired":true,"valueName":"search_term_string"}}],"inLanguage":"fr-FR"},{"@type":"Organization","@id":"https:\/\/lasentinelle.dz\/#organization","name":"Quotidien La Sentinelle","url":"https:\/\/lasentinelle.dz\/","logo":{"@type":"ImageObject","inLanguage":"fr-FR","@id":"https:\/\/lasentinelle.dz\/#\/schema\/logo\/image\/","url":"https:\/\/lasentinelle.dz\/wp-content\/uploads\/2021\/09\/logo-sentinelleSLOGAN-1.png","contentUrl":"https:\/\/lasentinelle.dz\/wp-content\/uploads\/2021\/09\/logo-sentinelleSLOGAN-1.png","width":615,"height":142,"caption":"Quotidien La Sentinelle"},"image":{"@id":"https:\/\/lasentinelle.dz\/#\/schema\/logo\/image\/"},"sameAs":["https:\/\/www.facebook.com\/La-Sentinelle-104059864394773"]},{"@type":"Person","@id":"https:\/\/lasentinelle.dz\/#\/schema\/person\/d865044e22e70a75174ce8bcad3acfb3","name":"La Sentinelle","image":{"@type":"ImageObject","inLanguage":"fr-FR","@id":"https:\/\/secure.gravatar.com\/avatar\/57de8e5d4b15d43fb361a71fbb36338450fe67865b528a43dd10ef7c51a20392?s=96&d=mm&r=g","url":"https:\/\/secure.gravatar.com\/avatar\/57de8e5d4b15d43fb361a71fbb36338450fe67865b528a43dd10ef7c51a20392?s=96&d=mm&r=g","contentUrl":"https:\/\/secure.gravatar.com\/avatar\/57de8e5d4b15d43fb361a71fbb36338450fe67865b528a43dd10ef7c51a20392?s=96&d=mm&r=g","caption":"La Sentinelle"},"sameAs":["http:\/\/www.lasentinelle.dz"],"url":"https:\/\/lasentinelle.dz\/author\/redaction\/"}]}},"_links":{"self":[{"href":"https:\/\/lasentinelle.dz\/index.php\/wp-json\/wp\/v2\/posts\/28203","targetHints":{"allow":["GET"]}}],"collection":[{"href":"https:\/\/lasentinelle.dz\/index.php\/wp-json\/wp\/v2\/posts"}],"about":[{"href":"https:\/\/lasentinelle.dz\/index.php\/wp-json\/wp\/v2\/types\/post"}],"author":[{"embeddable":true,"href":"https:\/\/lasentinelle.dz\/index.php\/wp-json\/wp\/v2\/users\/3"}],"replies":[{"embeddable":true,"href":"https:\/\/lasentinelle.dz\/index.php\/wp-json\/wp\/v2\/comments?post=28203"}],"version-history":[{"count":1,"href":"https:\/\/lasentinelle.dz\/index.php\/wp-json\/wp\/v2\/posts\/28203\/revisions"}],"predecessor-version":[{"id":28224,"href":"https:\/\/lasentinelle.dz\/index.php\/wp-json\/wp\/v2\/posts\/28203\/revisions\/28224"}],"wp:featuredmedia":[{"embeddable":true,"href":"https:\/\/lasentinelle.dz\/index.php\/wp-json\/wp\/v2\/media\/28222"}],"wp:attachment":[{"href":"https:\/\/lasentinelle.dz\/index.php\/wp-json\/wp\/v2\/media?parent=28203"}],"wp:term":[{"taxonomy":"category","embeddable":true,"href":"https:\/\/lasentinelle.dz\/index.php\/wp-json\/wp\/v2\/categories?post=28203"},{"taxonomy":"post_tag","embeddable":true,"href":"https:\/\/lasentinelle.dz\/index.php\/wp-json\/wp\/v2\/tags?post=28203"}],"curies":[{"name":"wp","href":"https:\/\/api.w.org\/{rel}","templated":true}]}}