{"id":28215,"date":"2022-09-29T00:05:00","date_gmt":"2022-09-28T23:05:00","guid":{"rendered":"https:\/\/lasentinelle.dz\/?p=28215"},"modified":"2022-09-28T20:28:02","modified_gmt":"2022-09-28T19:28:02","slug":"lopep-celebre-le-6eme-anniversaire-de-laccord-dalger-un-tournant-dans-lhistoire-de-lindustrie-petroliere","status":"publish","type":"post","link":"https:\/\/lasentinelle.dz\/index.php\/2022\/09\/29\/lopep-celebre-le-6eme-anniversaire-de-laccord-dalger-un-tournant-dans-lhistoire-de-lindustrie-petroliere\/","title":{"rendered":"L&rsquo;Opep c\u00e9l\u00e8bre le 6\u00e9me anniversaire de l&rsquo;Accord d&rsquo;Alger\u00a0: Un \u00ab\u00a0tournant\u00a0\u00bb dans l\u2019histoire de l\u2019industrie p\u00e9troli\u00e8re"},"content":{"rendered":"\n<p>L&rsquo;Organisation des pays exportateurs de p\u00e9trole (OPEP) &nbsp;a c\u00e9l\u00e9br\u00e9 hier le sixi\u00e8me anniversaire de l&rsquo;adoption de l&rsquo;Accord historique d&rsquo;Alger, conclu lors de la 170e r\u00e9union de la Conf\u00e9rence de l&rsquo;Organisation, tenue le 28 septembre 2016 \u00e0 Alger.<\/p>\n\n\n\n<p>\u00ab\u00a0Il y a six ans, la Conf\u00e9rence de l&rsquo;Opep a tenu sa 170e r\u00e9union extraordinaire dans la capitale alg\u00e9rienne pour discuter de l&rsquo;\u00e9volution du march\u00e9 p\u00e9trolier et des moyens d\u00e9lib\u00e9r\u00e9s pour rem\u00e9dier au grave d\u00e9s\u00e9quilibre du march\u00e9. Parmi les principales d\u00e9cisions prises figurait la cr\u00e9ation d&rsquo;un comit\u00e9 de haut niveau charg\u00e9 d&rsquo;\u00e9laborer un cadre de consultations entre les pays de l&rsquo;Opep et les pays producteurs de p\u00e9trole non membres de l&rsquo;Opep\u00a0\u00bb, a indiqu\u00e9 hier l&rsquo;Organisation sur son site web.Ces d\u00e9cisions \u00ab\u00a0cruciales\u00a0\u00bb&nbsp; ont finalement conduit \u00e0 la signature de l&rsquo;Accord de Vienne lors de la 171e r\u00e9union de la Conf\u00e9rence de l&rsquo;Opep , le 30 novembre 2016 et de la D\u00e9claration de coop\u00e9ration\u00a0\u00bb (DoC) historique, entre l&rsquo;Opep et les pays non membres de l&rsquo;Opep (l&rsquo;OPEP+), le 10 d\u00e9cembre de la m\u00eame ann\u00e9e \u00e0 Vienne, en Autriche, rappelle l&rsquo;Organisation.Cit\u00e9 dans le communiqu\u00e9 , le secr\u00e9taire g\u00e9n\u00e9ral de l&rsquo;Opep, Haitham Al Ghais, estime que la signature de l&rsquo;accord d&rsquo;Alger marquait \u00ab\u00a0un moment important dans l&rsquo;histoire de l&rsquo;industrie p\u00e9troli\u00e8re mondiale, car elle a jet\u00e9 les bases de ce qui est devenu plus tard un cadre sans pr\u00e9c\u00e9dent de coop\u00e9ration entre les pays membres de l&rsquo;Opep et les pays producteurs de p\u00e9trole non membres de l&rsquo;Opep , connu sous le nom de +D\u00e9claration de coop\u00e9ration+\u00a0\u00bb.\u00a0\u00bb Gr\u00e2ce \u00e0 nos efforts collectifs, les 23 pays participant \u00e0 la DoC ont soutenu, ensemble, la stabilit\u00e9 du march\u00e9 p\u00e9trolier dans l&rsquo;int\u00e9r\u00eat de tous les producteurs, consommateurs, investisseurs et de l&rsquo;\u00e9conomie mondiale dans son ensemble pendant pr\u00e8s de six ans. Il ne fait aucun doute que nous serions dans une situation diff\u00e9rente sans les d\u00e9cisions d\u00e9cisives prises \u00e0 Alger en 2016 \u00ab\u00a0, a ajout\u00e9 le secr\u00e9taire g\u00e9n\u00e9ral.Plus t\u00f4t ce mois, l&rsquo;Organisation a c\u00e9l\u00e9br\u00e9 le 62e anniversaire depuis sa fondation en 1960 \u00e0 Baghdad (Irak) , par les cinq membres fondateurs \u00e0 savoir l&rsquo;Iran, l&rsquo;Irak, le Kowe\u00eft, l&rsquo;Arabie saoudite et le Venezuela. Actuellement, l&rsquo;Organisation est compos\u00e9e de 13 pays membres.<\/p>\n\n\n\n<p>APS<\/p>\n","protected":false},"excerpt":{"rendered":"<p>L&rsquo;Organisation des pays exportateurs de p\u00e9trole (OPEP) &nbsp;a c\u00e9l\u00e9br\u00e9 hier le sixi\u00e8me anniversaire de l&rsquo;adoption de l&rsquo;Accord historique d&rsquo;Alger, conclu<\/p>\n","protected":false},"author":3,"featured_media":28216,"comment_status":"open","ping_status":"closed","sticky":false,"template":"","format":"standard","meta":{"colormag_page_container_layout":"default_layout","colormag_page_sidebar_layout":"default_layout","om_disable_all_campaigns":false,"_monsterinsights_skip_tracking":false,"_monsterinsights_sitenote_active":false,"_monsterinsights_sitenote_note":"","_monsterinsights_sitenote_category":0,"footnotes":"","_wpscppro_dont_share_socialmedia":false,"_wpscppro_custom_social_share_image":0,"_facebook_share_type":"","_twitter_share_type":"","_linkedin_share_type":"","_pinterest_share_type":"","_linkedin_share_type_page":"","_instagram_share_type":"","_medium_share_type":"","_threads_share_type":"","_google_business_share_type":"","_selected_social_profile":[],"_wpsp_enable_custom_social_template":false,"_wpsp_social_scheduling":{"enabled":false,"datetime":null,"platforms":[],"status":"template_only","dateOption":"today","timeOption":"now","customDays":"","customHours":"","customDate":"","customTime":"","schedulingType":"absolute"},"_wpsp_active_default_template":true},"categories":[29],"tags":[],"class_list":["post-28215","post","type-post","status-publish","format-standard","has-post-thumbnail","hentry","category-economie"],"aioseo_notices":[],"yoast_head":"<!-- This site is optimized with the Yoast SEO plugin v27.5 - https:\/\/yoast.com\/product\/yoast-seo-wordpress\/ -->\n<title>L&rsquo;Opep c\u00e9l\u00e8bre le 6\u00e9me anniversaire de l&rsquo;Accord d&rsquo;Alger\u00a0: Un \u00ab\u00a0tournant\u00a0\u00bb dans l\u2019histoire de l\u2019industrie p\u00e9troli\u00e8re - La Sentinelle<\/title>\n<meta name=\"robots\" content=\"index, follow, max-snippet:-1, max-image-preview:large, max-video-preview:-1\" \/>\n<link rel=\"canonical\" href=\"https:\/\/lasentinelle.dz\/index.php\/2022\/09\/29\/lopep-celebre-le-6eme-anniversaire-de-laccord-dalger-un-tournant-dans-lhistoire-de-lindustrie-petroliere\/\" \/>\n<meta property=\"og:locale\" content=\"fr_FR\" \/>\n<meta property=\"og:type\" content=\"article\" \/>\n<meta property=\"og:title\" content=\"L&rsquo;Opep c\u00e9l\u00e8bre le 6\u00e9me anniversaire de l&rsquo;Accord d&rsquo;Alger\u00a0: Un \u00ab\u00a0tournant\u00a0\u00bb dans l\u2019histoire de l\u2019industrie p\u00e9troli\u00e8re - La Sentinelle\" \/>\n<meta property=\"og:description\" content=\"L&rsquo;Organisation des pays exportateurs de p\u00e9trole (OPEP) &nbsp;a c\u00e9l\u00e9br\u00e9 hier le sixi\u00e8me anniversaire de l&rsquo;adoption de l&rsquo;Accord historique d&rsquo;Alger, conclu\" \/>\n<meta property=\"og:url\" content=\"https:\/\/lasentinelle.dz\/index.php\/2022\/09\/29\/lopep-celebre-le-6eme-anniversaire-de-laccord-dalger-un-tournant-dans-lhistoire-de-lindustrie-petroliere\/\" \/>\n<meta property=\"og:site_name\" content=\"La Sentinelle\" \/>\n<meta property=\"article:publisher\" content=\"https:\/\/www.facebook.com\/La-Sentinelle-104059864394773\" \/>\n<meta property=\"article:published_time\" content=\"2022-09-28T23:05:00+00:00\" \/>\n<meta property=\"og:image\" content=\"https:\/\/lasentinelle.dz\/wp-content\/uploads\/2022\/09\/image_2022-09-28_202741434.png\" \/>\n\t<meta property=\"og:image:width\" content=\"855\" \/>\n\t<meta property=\"og:image:height\" content=\"516\" \/>\n\t<meta property=\"og:image:type\" content=\"image\/png\" \/>\n<meta name=\"author\" content=\"La Sentinelle\" \/>\n<meta name=\"twitter:card\" content=\"summary_large_image\" \/>\n<meta name=\"twitter:label1\" content=\"\u00c9crit par\" \/>\n\t<meta name=\"twitter:data1\" content=\"La Sentinelle\" \/>\n\t<meta name=\"twitter:label2\" content=\"Dur\u00e9e de lecture estim\u00e9e\" \/>\n\t<meta name=\"twitter:data2\" content=\"2 minutes\" \/>\n<script type=\"application\/ld+json\" class=\"yoast-schema-graph\">{\"@context\":\"https:\\\/\\\/schema.org\",\"@graph\":[{\"@type\":\"Article\",\"@id\":\"https:\\\/\\\/lasentinelle.dz\\\/index.php\\\/2022\\\/09\\\/29\\\/lopep-celebre-le-6eme-anniversaire-de-laccord-dalger-un-tournant-dans-lhistoire-de-lindustrie-petroliere\\\/#article\",\"isPartOf\":{\"@id\":\"https:\\\/\\\/lasentinelle.dz\\\/index.php\\\/2022\\\/09\\\/29\\\/lopep-celebre-le-6eme-anniversaire-de-laccord-dalger-un-tournant-dans-lhistoire-de-lindustrie-petroliere\\\/\"},\"author\":{\"name\":\"La Sentinelle\",\"@id\":\"https:\\\/\\\/lasentinelle.dz\\\/#\\\/schema\\\/person\\\/d865044e22e70a75174ce8bcad3acfb3\"},\"headline\":\"L&rsquo;Opep c\u00e9l\u00e8bre le 6\u00e9me anniversaire de l&rsquo;Accord d&rsquo;Alger\u00a0: Un \u00ab\u00a0tournant\u00a0\u00bb dans l\u2019histoire de l\u2019industrie p\u00e9troli\u00e8re\",\"datePublished\":\"2022-09-28T23:05:00+00:00\",\"mainEntityOfPage\":{\"@id\":\"https:\\\/\\\/lasentinelle.dz\\\/index.php\\\/2022\\\/09\\\/29\\\/lopep-celebre-le-6eme-anniversaire-de-laccord-dalger-un-tournant-dans-lhistoire-de-lindustrie-petroliere\\\/\"},\"wordCount\":453,\"commentCount\":0,\"publisher\":{\"@id\":\"https:\\\/\\\/lasentinelle.dz\\\/#organization\"},\"image\":{\"@id\":\"https:\\\/\\\/lasentinelle.dz\\\/index.php\\\/2022\\\/09\\\/29\\\/lopep-celebre-le-6eme-anniversaire-de-laccord-dalger-un-tournant-dans-lhistoire-de-lindustrie-petroliere\\\/#primaryimage\"},\"thumbnailUrl\":\"https:\\\/\\\/lasentinelle.dz\\\/wp-content\\\/uploads\\\/2022\\\/09\\\/image_2022-09-28_202741434.png\",\"articleSection\":[\"\u00c9conomie\"],\"inLanguage\":\"fr-FR\",\"potentialAction\":[{\"@type\":\"CommentAction\",\"name\":\"Comment\",\"target\":[\"https:\\\/\\\/lasentinelle.dz\\\/index.php\\\/2022\\\/09\\\/29\\\/lopep-celebre-le-6eme-anniversaire-de-laccord-dalger-un-tournant-dans-lhistoire-de-lindustrie-petroliere\\\/#respond\"]}]},{\"@type\":\"WebPage\",\"@id\":\"https:\\\/\\\/lasentinelle.dz\\\/index.php\\\/2022\\\/09\\\/29\\\/lopep-celebre-le-6eme-anniversaire-de-laccord-dalger-un-tournant-dans-lhistoire-de-lindustrie-petroliere\\\/\",\"url\":\"https:\\\/\\\/lasentinelle.dz\\\/index.php\\\/2022\\\/09\\\/29\\\/lopep-celebre-le-6eme-anniversaire-de-laccord-dalger-un-tournant-dans-lhistoire-de-lindustrie-petroliere\\\/\",\"name\":\"L&rsquo;Opep c\u00e9l\u00e8bre le 6\u00e9me anniversaire de l&rsquo;Accord d&rsquo;Alger\u00a0: Un \u00ab\u00a0tournant\u00a0\u00bb dans l\u2019histoire de l\u2019industrie p\u00e9troli\u00e8re - La Sentinelle\",\"isPartOf\":{\"@id\":\"https:\\\/\\\/lasentinelle.dz\\\/#website\"},\"primaryImageOfPage\":{\"@id\":\"https:\\\/\\\/lasentinelle.dz\\\/index.php\\\/2022\\\/09\\\/29\\\/lopep-celebre-le-6eme-anniversaire-de-laccord-dalger-un-tournant-dans-lhistoire-de-lindustrie-petroliere\\\/#primaryimage\"},\"image\":{\"@id\":\"https:\\\/\\\/lasentinelle.dz\\\/index.php\\\/2022\\\/09\\\/29\\\/lopep-celebre-le-6eme-anniversaire-de-laccord-dalger-un-tournant-dans-lhistoire-de-lindustrie-petroliere\\\/#primaryimage\"},\"thumbnailUrl\":\"https:\\\/\\\/lasentinelle.dz\\\/wp-content\\\/uploads\\\/2022\\\/09\\\/image_2022-09-28_202741434.png\",\"datePublished\":\"2022-09-28T23:05:00+00:00\",\"breadcrumb\":{\"@id\":\"https:\\\/\\\/lasentinelle.dz\\\/index.php\\\/2022\\\/09\\\/29\\\/lopep-celebre-le-6eme-anniversaire-de-laccord-dalger-un-tournant-dans-lhistoire-de-lindustrie-petroliere\\\/#breadcrumb\"},\"inLanguage\":\"fr-FR\",\"potentialAction\":[{\"@type\":\"ReadAction\",\"target\":[\"https:\\\/\\\/lasentinelle.dz\\\/index.php\\\/2022\\\/09\\\/29\\\/lopep-celebre-le-6eme-anniversaire-de-laccord-dalger-un-tournant-dans-lhistoire-de-lindustrie-petroliere\\\/\"]}]},{\"@type\":\"ImageObject\",\"inLanguage\":\"fr-FR\",\"@id\":\"https:\\\/\\\/lasentinelle.dz\\\/index.php\\\/2022\\\/09\\\/29\\\/lopep-celebre-le-6eme-anniversaire-de-laccord-dalger-un-tournant-dans-lhistoire-de-lindustrie-petroliere\\\/#primaryimage\",\"url\":\"https:\\\/\\\/lasentinelle.dz\\\/wp-content\\\/uploads\\\/2022\\\/09\\\/image_2022-09-28_202741434.png\",\"contentUrl\":\"https:\\\/\\\/lasentinelle.dz\\\/wp-content\\\/uploads\\\/2022\\\/09\\\/image_2022-09-28_202741434.png\",\"width\":855,\"height\":516},{\"@type\":\"BreadcrumbList\",\"@id\":\"https:\\\/\\\/lasentinelle.dz\\\/index.php\\\/2022\\\/09\\\/29\\\/lopep-celebre-le-6eme-anniversaire-de-laccord-dalger-un-tournant-dans-lhistoire-de-lindustrie-petroliere\\\/#breadcrumb\",\"itemListElement\":[{\"@type\":\"ListItem\",\"position\":1,\"name\":\"Accueil\",\"item\":\"https:\\\/\\\/lasentinelle.dz\\\/\"},{\"@type\":\"ListItem\",\"position\":2,\"name\":\"L&rsquo;Opep c\u00e9l\u00e8bre le 6\u00e9me anniversaire de l&rsquo;Accord d&rsquo;Alger\u00a0: Un \u00ab\u00a0tournant\u00a0\u00bb dans l\u2019histoire de l\u2019industrie p\u00e9troli\u00e8re\"}]},{\"@type\":\"WebSite\",\"@id\":\"https:\\\/\\\/lasentinelle.dz\\\/#website\",\"url\":\"https:\\\/\\\/lasentinelle.dz\\\/\",\"name\":\"La Sentinelle\",\"description\":\"Quotidien national d&#039;information\",\"publisher\":{\"@id\":\"https:\\\/\\\/lasentinelle.dz\\\/#organization\"},\"potentialAction\":[{\"@type\":\"SearchAction\",\"target\":{\"@type\":\"EntryPoint\",\"urlTemplate\":\"https:\\\/\\\/lasentinelle.dz\\\/?s={search_term_string}\"},\"query-input\":{\"@type\":\"PropertyValueSpecification\",\"valueRequired\":true,\"valueName\":\"search_term_string\"}}],\"inLanguage\":\"fr-FR\"},{\"@type\":\"Organization\",\"@id\":\"https:\\\/\\\/lasentinelle.dz\\\/#organization\",\"name\":\"Quotidien La Sentinelle\",\"url\":\"https:\\\/\\\/lasentinelle.dz\\\/\",\"logo\":{\"@type\":\"ImageObject\",\"inLanguage\":\"fr-FR\",\"@id\":\"https:\\\/\\\/lasentinelle.dz\\\/#\\\/schema\\\/logo\\\/image\\\/\",\"url\":\"https:\\\/\\\/lasentinelle.dz\\\/wp-content\\\/uploads\\\/2021\\\/09\\\/logo-sentinelleSLOGAN-1.png\",\"contentUrl\":\"https:\\\/\\\/lasentinelle.dz\\\/wp-content\\\/uploads\\\/2021\\\/09\\\/logo-sentinelleSLOGAN-1.png\",\"width\":615,\"height\":142,\"caption\":\"Quotidien La Sentinelle\"},\"image\":{\"@id\":\"https:\\\/\\\/lasentinelle.dz\\\/#\\\/schema\\\/logo\\\/image\\\/\"},\"sameAs\":[\"https:\\\/\\\/www.facebook.com\\\/La-Sentinelle-104059864394773\"]},{\"@type\":\"Person\",\"@id\":\"https:\\\/\\\/lasentinelle.dz\\\/#\\\/schema\\\/person\\\/d865044e22e70a75174ce8bcad3acfb3\",\"name\":\"La Sentinelle\",\"image\":{\"@type\":\"ImageObject\",\"inLanguage\":\"fr-FR\",\"@id\":\"https:\\\/\\\/secure.gravatar.com\\\/avatar\\\/57de8e5d4b15d43fb361a71fbb36338450fe67865b528a43dd10ef7c51a20392?s=96&d=mm&r=g\",\"url\":\"https:\\\/\\\/secure.gravatar.com\\\/avatar\\\/57de8e5d4b15d43fb361a71fbb36338450fe67865b528a43dd10ef7c51a20392?s=96&d=mm&r=g\",\"contentUrl\":\"https:\\\/\\\/secure.gravatar.com\\\/avatar\\\/57de8e5d4b15d43fb361a71fbb36338450fe67865b528a43dd10ef7c51a20392?s=96&d=mm&r=g\",\"caption\":\"La Sentinelle\"},\"sameAs\":[\"http:\\\/\\\/www.lasentinelle.dz\"],\"url\":\"https:\\\/\\\/lasentinelle.dz\\\/author\\\/redaction\\\/\"}]}<\/script>\n<!-- \/ Yoast SEO plugin. -->","yoast_head_json":{"title":"L&rsquo;Opep c\u00e9l\u00e8bre le 6\u00e9me anniversaire de l&rsquo;Accord d&rsquo;Alger\u00a0: Un \u00ab\u00a0tournant\u00a0\u00bb dans l\u2019histoire de l\u2019industrie p\u00e9troli\u00e8re - La Sentinelle","robots":{"index":"index","follow":"follow","max-snippet":"max-snippet:-1","max-image-preview":"max-image-preview:large","max-video-preview":"max-video-preview:-1"},"canonical":"https:\/\/lasentinelle.dz\/index.php\/2022\/09\/29\/lopep-celebre-le-6eme-anniversaire-de-laccord-dalger-un-tournant-dans-lhistoire-de-lindustrie-petroliere\/","og_locale":"fr_FR","og_type":"article","og_title":"L&rsquo;Opep c\u00e9l\u00e8bre le 6\u00e9me anniversaire de l&rsquo;Accord d&rsquo;Alger\u00a0: Un \u00ab\u00a0tournant\u00a0\u00bb dans l\u2019histoire de l\u2019industrie p\u00e9troli\u00e8re - La Sentinelle","og_description":"L&rsquo;Organisation des pays exportateurs de p\u00e9trole (OPEP) &nbsp;a c\u00e9l\u00e9br\u00e9 hier le sixi\u00e8me anniversaire de l&rsquo;adoption de l&rsquo;Accord historique d&rsquo;Alger, conclu","og_url":"https:\/\/lasentinelle.dz\/index.php\/2022\/09\/29\/lopep-celebre-le-6eme-anniversaire-de-laccord-dalger-un-tournant-dans-lhistoire-de-lindustrie-petroliere\/","og_site_name":"La Sentinelle","article_publisher":"https:\/\/www.facebook.com\/La-Sentinelle-104059864394773","article_published_time":"2022-09-28T23:05:00+00:00","og_image":[{"width":855,"height":516,"url":"https:\/\/lasentinelle.dz\/wp-content\/uploads\/2022\/09\/image_2022-09-28_202741434.png","type":"image\/png"}],"author":"La Sentinelle","twitter_card":"summary_large_image","twitter_misc":{"\u00c9crit par":"La Sentinelle","Dur\u00e9e de lecture estim\u00e9e":"2 minutes"},"schema":{"@context":"https:\/\/schema.org","@graph":[{"@type":"Article","@id":"https:\/\/lasentinelle.dz\/index.php\/2022\/09\/29\/lopep-celebre-le-6eme-anniversaire-de-laccord-dalger-un-tournant-dans-lhistoire-de-lindustrie-petroliere\/#article","isPartOf":{"@id":"https:\/\/lasentinelle.dz\/index.php\/2022\/09\/29\/lopep-celebre-le-6eme-anniversaire-de-laccord-dalger-un-tournant-dans-lhistoire-de-lindustrie-petroliere\/"},"author":{"name":"La Sentinelle","@id":"https:\/\/lasentinelle.dz\/#\/schema\/person\/d865044e22e70a75174ce8bcad3acfb3"},"headline":"L&rsquo;Opep c\u00e9l\u00e8bre le 6\u00e9me anniversaire de l&rsquo;Accord d&rsquo;Alger\u00a0: Un \u00ab\u00a0tournant\u00a0\u00bb dans l\u2019histoire de l\u2019industrie p\u00e9troli\u00e8re","datePublished":"2022-09-28T23:05:00+00:00","mainEntityOfPage":{"@id":"https:\/\/lasentinelle.dz\/index.php\/2022\/09\/29\/lopep-celebre-le-6eme-anniversaire-de-laccord-dalger-un-tournant-dans-lhistoire-de-lindustrie-petroliere\/"},"wordCount":453,"commentCount":0,"publisher":{"@id":"https:\/\/lasentinelle.dz\/#organization"},"image":{"@id":"https:\/\/lasentinelle.dz\/index.php\/2022\/09\/29\/lopep-celebre-le-6eme-anniversaire-de-laccord-dalger-un-tournant-dans-lhistoire-de-lindustrie-petroliere\/#primaryimage"},"thumbnailUrl":"https:\/\/lasentinelle.dz\/wp-content\/uploads\/2022\/09\/image_2022-09-28_202741434.png","articleSection":["\u00c9conomie"],"inLanguage":"fr-FR","potentialAction":[{"@type":"CommentAction","name":"Comment","target":["https:\/\/lasentinelle.dz\/index.php\/2022\/09\/29\/lopep-celebre-le-6eme-anniversaire-de-laccord-dalger-un-tournant-dans-lhistoire-de-lindustrie-petroliere\/#respond"]}]},{"@type":"WebPage","@id":"https:\/\/lasentinelle.dz\/index.php\/2022\/09\/29\/lopep-celebre-le-6eme-anniversaire-de-laccord-dalger-un-tournant-dans-lhistoire-de-lindustrie-petroliere\/","url":"https:\/\/lasentinelle.dz\/index.php\/2022\/09\/29\/lopep-celebre-le-6eme-anniversaire-de-laccord-dalger-un-tournant-dans-lhistoire-de-lindustrie-petroliere\/","name":"L&rsquo;Opep c\u00e9l\u00e8bre le 6\u00e9me anniversaire de l&rsquo;Accord d&rsquo;Alger\u00a0: Un \u00ab\u00a0tournant\u00a0\u00bb dans l\u2019histoire de l\u2019industrie p\u00e9troli\u00e8re - La Sentinelle","isPartOf":{"@id":"https:\/\/lasentinelle.dz\/#website"},"primaryImageOfPage":{"@id":"https:\/\/lasentinelle.dz\/index.php\/2022\/09\/29\/lopep-celebre-le-6eme-anniversaire-de-laccord-dalger-un-tournant-dans-lhistoire-de-lindustrie-petroliere\/#primaryimage"},"image":{"@id":"https:\/\/lasentinelle.dz\/index.php\/2022\/09\/29\/lopep-celebre-le-6eme-anniversaire-de-laccord-dalger-un-tournant-dans-lhistoire-de-lindustrie-petroliere\/#primaryimage"},"thumbnailUrl":"https:\/\/lasentinelle.dz\/wp-content\/uploads\/2022\/09\/image_2022-09-28_202741434.png","datePublished":"2022-09-28T23:05:00+00:00","breadcrumb":{"@id":"https:\/\/lasentinelle.dz\/index.php\/2022\/09\/29\/lopep-celebre-le-6eme-anniversaire-de-laccord-dalger-un-tournant-dans-lhistoire-de-lindustrie-petroliere\/#breadcrumb"},"inLanguage":"fr-FR","potentialAction":[{"@type":"ReadAction","target":["https:\/\/lasentinelle.dz\/index.php\/2022\/09\/29\/lopep-celebre-le-6eme-anniversaire-de-laccord-dalger-un-tournant-dans-lhistoire-de-lindustrie-petroliere\/"]}]},{"@type":"ImageObject","inLanguage":"fr-FR","@id":"https:\/\/lasentinelle.dz\/index.php\/2022\/09\/29\/lopep-celebre-le-6eme-anniversaire-de-laccord-dalger-un-tournant-dans-lhistoire-de-lindustrie-petroliere\/#primaryimage","url":"https:\/\/lasentinelle.dz\/wp-content\/uploads\/2022\/09\/image_2022-09-28_202741434.png","contentUrl":"https:\/\/lasentinelle.dz\/wp-content\/uploads\/2022\/09\/image_2022-09-28_202741434.png","width":855,"height":516},{"@type":"BreadcrumbList","@id":"https:\/\/lasentinelle.dz\/index.php\/2022\/09\/29\/lopep-celebre-le-6eme-anniversaire-de-laccord-dalger-un-tournant-dans-lhistoire-de-lindustrie-petroliere\/#breadcrumb","itemListElement":[{"@type":"ListItem","position":1,"name":"Accueil","item":"https:\/\/lasentinelle.dz\/"},{"@type":"ListItem","position":2,"name":"L&rsquo;Opep c\u00e9l\u00e8bre le 6\u00e9me anniversaire de l&rsquo;Accord d&rsquo;Alger\u00a0: Un \u00ab\u00a0tournant\u00a0\u00bb dans l\u2019histoire de l\u2019industrie p\u00e9troli\u00e8re"}]},{"@type":"WebSite","@id":"https:\/\/lasentinelle.dz\/#website","url":"https:\/\/lasentinelle.dz\/","name":"La Sentinelle","description":"Quotidien national d&#039;information","publisher":{"@id":"https:\/\/lasentinelle.dz\/#organization"},"potentialAction":[{"@type":"SearchAction","target":{"@type":"EntryPoint","urlTemplate":"https:\/\/lasentinelle.dz\/?s={search_term_string}"},"query-input":{"@type":"PropertyValueSpecification","valueRequired":true,"valueName":"search_term_string"}}],"inLanguage":"fr-FR"},{"@type":"Organization","@id":"https:\/\/lasentinelle.dz\/#organization","name":"Quotidien La Sentinelle","url":"https:\/\/lasentinelle.dz\/","logo":{"@type":"ImageObject","inLanguage":"fr-FR","@id":"https:\/\/lasentinelle.dz\/#\/schema\/logo\/image\/","url":"https:\/\/lasentinelle.dz\/wp-content\/uploads\/2021\/09\/logo-sentinelleSLOGAN-1.png","contentUrl":"https:\/\/lasentinelle.dz\/wp-content\/uploads\/2021\/09\/logo-sentinelleSLOGAN-1.png","width":615,"height":142,"caption":"Quotidien La Sentinelle"},"image":{"@id":"https:\/\/lasentinelle.dz\/#\/schema\/logo\/image\/"},"sameAs":["https:\/\/www.facebook.com\/La-Sentinelle-104059864394773"]},{"@type":"Person","@id":"https:\/\/lasentinelle.dz\/#\/schema\/person\/d865044e22e70a75174ce8bcad3acfb3","name":"La Sentinelle","image":{"@type":"ImageObject","inLanguage":"fr-FR","@id":"https:\/\/secure.gravatar.com\/avatar\/57de8e5d4b15d43fb361a71fbb36338450fe67865b528a43dd10ef7c51a20392?s=96&d=mm&r=g","url":"https:\/\/secure.gravatar.com\/avatar\/57de8e5d4b15d43fb361a71fbb36338450fe67865b528a43dd10ef7c51a20392?s=96&d=mm&r=g","contentUrl":"https:\/\/secure.gravatar.com\/avatar\/57de8e5d4b15d43fb361a71fbb36338450fe67865b528a43dd10ef7c51a20392?s=96&d=mm&r=g","caption":"La Sentinelle"},"sameAs":["http:\/\/www.lasentinelle.dz"],"url":"https:\/\/lasentinelle.dz\/author\/redaction\/"}]}},"_links":{"self":[{"href":"https:\/\/lasentinelle.dz\/index.php\/wp-json\/wp\/v2\/posts\/28215","targetHints":{"allow":["GET"]}}],"collection":[{"href":"https:\/\/lasentinelle.dz\/index.php\/wp-json\/wp\/v2\/posts"}],"about":[{"href":"https:\/\/lasentinelle.dz\/index.php\/wp-json\/wp\/v2\/types\/post"}],"author":[{"embeddable":true,"href":"https:\/\/lasentinelle.dz\/index.php\/wp-json\/wp\/v2\/users\/3"}],"replies":[{"embeddable":true,"href":"https:\/\/lasentinelle.dz\/index.php\/wp-json\/wp\/v2\/comments?post=28215"}],"version-history":[{"count":1,"href":"https:\/\/lasentinelle.dz\/index.php\/wp-json\/wp\/v2\/posts\/28215\/revisions"}],"predecessor-version":[{"id":28217,"href":"https:\/\/lasentinelle.dz\/index.php\/wp-json\/wp\/v2\/posts\/28215\/revisions\/28217"}],"wp:featuredmedia":[{"embeddable":true,"href":"https:\/\/lasentinelle.dz\/index.php\/wp-json\/wp\/v2\/media\/28216"}],"wp:attachment":[{"href":"https:\/\/lasentinelle.dz\/index.php\/wp-json\/wp\/v2\/media?parent=28215"}],"wp:term":[{"taxonomy":"category","embeddable":true,"href":"https:\/\/lasentinelle.dz\/index.php\/wp-json\/wp\/v2\/categories?post=28215"},{"taxonomy":"post_tag","embeddable":true,"href":"https:\/\/lasentinelle.dz\/index.php\/wp-json\/wp\/v2\/tags?post=28215"}],"curies":[{"name":"wp","href":"https:\/\/api.w.org\/{rel}","templated":true}]}}