{"id":28226,"date":"2022-09-29T00:10:00","date_gmt":"2022-09-28T23:10:00","guid":{"rendered":"https:\/\/lasentinelle.dz\/?p=28226"},"modified":"2022-09-28T21:02:40","modified_gmt":"2022-09-28T20:02:40","slug":"documents-gouvernementaux-touchant-a-la-securite-de-letat-les-parlementaires-tenus-a-lobligation-du-secret","status":"publish","type":"post","link":"https:\/\/lasentinelle.dz\/index.php\/2022\/09\/29\/documents-gouvernementaux-touchant-a-la-securite-de-letat-les-parlementaires-tenus-a-lobligation-du-secret\/","title":{"rendered":"Documents gouvernementaux touchant \u00e0 la \u00ab\u00a0s\u00e9curit\u00e9 de l\u2019\u00c9tat\u00a0\u00bb\u00a0: Les parlementaires tenus \u00e0 l\u2019obligation du secret"},"content":{"rendered":"\n<p>L&rsquo;avant-projet de loi modifiant la loi organique fixant l&rsquo;organisation et le fonctionnement de l&rsquo;Assembl\u00e9e Populaire Nationale et du Conseil de la Nation interdit aux parlementaires de publier ou transmettre aux m\u00e9dias les documents transmis par le Gouvernement dans le cadre de leurs missions.<\/p>\n\n\n\n<p>L&rsquo;avant-projet de loi modifiant la loi organique n\u00b0 16-12 du 25 ao\u00fbt 2016 fixant l&rsquo;organisation et le fonctionnement de l&rsquo;Assembl\u00e9e Populaire Nationale et du Conseil de la Nation ainsi que les relations fonctionnelles entre les chambres du Parlement et le Gouvernement est fin pr\u00eat. Attendu au lendemain des \u00e9lections l\u00e9gislatives de juin 2021, le texte est finalement programm\u00e9 pour l&rsquo;actuelle session, qui, faut-il le rappeler, avait \u00e9t\u00e9 ouverte le 4 septembre dernier. Entre autres nouveaut\u00e9s introduites, le texte stipule qu\u2019une proposition de loi peut \u00eatre d\u00e9pos\u00e9e par un seul d\u00e9put\u00e9 ou s\u00e9nateur et non par 20 comme c&rsquo;est le cas dans la loi en vigueur qui stipule dans son article 22 que \u00absous r\u00e9serve des dispositions de l&rsquo;article 137 de la Constitution, toute proposition de loi doit \u00eatre sign\u00e9e par vingt (20) d\u00e9put\u00e9s ou vingt (20) membres du Conseil de la nation\u00bb. Il est d\u00e9sormais mentionn\u00e9 dans l\u2019article en question que \u00absous r\u00e9serve de l\u2019article 144 de la Constitution, tout d\u00e9put\u00e9 ou membre du Conseil de la Nation peut proposer une loi\u00bb. L&rsquo;objectif \u00e9tant d&rsquo;accorder une plus grande marge de man\u0153uvre pour les d\u00e9put\u00e9s et s\u00e9nateurs pour ce qui est des propositions de lois. Bien entendu, avant toute chose, il est question de mettre en conformit\u00e9 cette loi organique avec la nouvelle Constitution dans ses dispositions relatives au fonctionnement de l\u2019APN et du S\u00e9nat.<\/p>\n\n\n\n<p>L&rsquo;avant-projet de loi permet aussi aux d\u00e9put\u00e9s d&rsquo;\u00abinterpeller\u00bb l&rsquo;Ex\u00e9cutif sur n&rsquo;importe quel sujet rev\u00eatant un int\u00e9r\u00eat national, \u00ab\u00a0hormis les questions li\u00e9es \u00e0 la d\u00e9fense nationale et les secrets d\u2019Etat dans les relations internationales\u00bb. Dans la loi en vigueur, il est mentionn\u00e9, dans l&rsquo;article 66, que \u00ables membres du Parlement peuvent interpeller le Gouvernement sur une question d&rsquo;actualit\u00e9\u00bb. \u00abLe texte de l&rsquo;interpellation, sign\u00e9, selon le cas, par trente (30) d\u00e9put\u00e9s ou trente (30) membres du Conseil de la Nation, au moins, est communiqu\u00e9 au Premier ministre par le Pr\u00e9sident du Conseil de la Nation ou celui de l&rsquo;Assembl\u00e9e Populaire Nationale, dans les quarante-huit (48) heures suivant sa recevabilit\u00e9\u00bb, ajoute-t-on encore. A l&rsquo;issue du conseil des ministres qui s&rsquo;est tenu le 11 septembre dernier, la Pr\u00e9sidence de la R\u00e9publique avait indiqu\u00e9, dans un communiqu\u00e9, concernant ce projet de loi, que \u00able Pr\u00e9sident a mis l&rsquo;accent sur l&rsquo;importance de la relation fonctionnelle entre les deux chambres du Parlement et le Gouvernement\u00a0\u00bb. Le chef de l&rsquo;Etat a insist\u00e9, ajoute-t-on encore, \u00absur l&rsquo;audition des membres du Gouvernement dans tous les domaines, \u00e0 l&rsquo;exception de la D\u00e9fense nationale et des secrets d&rsquo;Etat dans les relations ext\u00e9rieures, \u00e9tant des domaines soumis au droit de r\u00e9serve\u00bb. L&rsquo;Ex\u00e9cutif a, dans le m\u00eame ordre, introduit un article, 87 bis, qui stipule que \u00able Gouvernement remet au Parlement, dans l\u2019exercice de ses missions de contr\u00f4le, les documents et informations qu\u2019il demande\u00bb. N\u00e9anmoins, ajoute-t-on encore, \u00able membre du Parlement s\u2019engage \u00e0 ne pas diffuser, dans n\u2019importe quel m\u00e9dia, les informations ou documents qui sont susceptibles de porter atteinte aux int\u00e9r\u00eats de l\u2019Etat et \u00e0 l\u2019ordre public\u00bb. L&rsquo;article 87 de la loi organique en vigueur stipule que \u00abla publication de tout ou partie du rapport peut \u00eatre d\u00e9cid\u00e9e par l&rsquo;Assembl\u00e9e Populaire Nationale ou par le Conseil de la Nation, sur proposition de leur bureau et des pr\u00e9sidents des groupes parlementaires, apr\u00e8s avis du Gouvernement\u00bb. L\u2019article 87 bis 1 de l\u2019avant-projet de loi indique encore que \u00abn\u2019est pas concern\u00e9 par l\u2019application des dispositions de l\u2019article 87 bis, les informations et documents rev\u00eatant un caract\u00e8re secret et strat\u00e9gique en relation avec la d\u00e9fense nationale, la s\u00fbret\u00e9 de l\u2019Etat, int\u00e9rieure et ext\u00e9rieure, aux int\u00e9r\u00eats vitaux de l\u2019\u00e9conomie nationale, et ceux en lien avec des faits qui sont sous le coup d\u2019une proc\u00e9dure judiciaire\u00bb.&nbsp;<\/p>\n\n\n\n<p>Autre nouveaut\u00e9, le nouveau texte a introduit \u00e9galement la \u00abproc\u00e9dure d&rsquo;urgence\u00bb, comme \u00e9nonc\u00e9 dans la Constitution. L&rsquo;article 119 de la Loi fondamentale du pays stipule que \u00able Gouvernement peut demander au Parlement l\u2019adoption de projets de loi selon la proc\u00e9dure d&rsquo;urgence\u00bb. A cet effet, l\u2019article 37 bis de l\u2019avant-projet de loi stipule que \u00able Gouvernement peut demander aux deux chambres du Parlement l\u2019adoption de lois selon la proc\u00e9dure d\u2019urgence\u00bb. \u00abL\u2019examen de ces lois est prioritaire\u00bb, ajoute l\u2019article en question. L\u2019article 37 bis 1 pr\u00e9cise, par ailleurs, que \u00abl\u2019adoption de lois selon la proc\u00e9dure d\u2019urgence est une mesure exceptionnelle\u00bb. En dernier lieu, le nouveau texte n\u2019a pas apport\u00e9 de nouveaut\u00e9 concernant les questions orales et \u00e9crites, notamment pour ce qui est des d\u00e9lais que devraient respecter les membres du Gouvernement, comme r\u00e9clam\u00e9 par plusieurs d\u00e9put\u00e9s. Il devra n\u00e9anmoins \u00eatre d\u00e9battu au niveau de la commission juridique qui \u00e9ventuellement pourrait soumettre des propositions dans ce sens.&nbsp;&nbsp;<\/p>\n\n\n\n<p><strong>Elyas Nour<\/strong><\/p>\n","protected":false},"excerpt":{"rendered":"<p>L&rsquo;avant-projet de loi modifiant la loi organique fixant l&rsquo;organisation et le fonctionnement de l&rsquo;Assembl\u00e9e Populaire Nationale et du Conseil de<\/p>\n","protected":false},"author":3,"featured_media":1748,"comment_status":"open","ping_status":"closed","sticky":false,"template":"","format":"standard","meta":{"colormag_page_container_layout":"default_layout","colormag_page_sidebar_layout":"default_layout","om_disable_all_campaigns":false,"_monsterinsights_skip_tracking":false,"_monsterinsights_sitenote_active":false,"_monsterinsights_sitenote_note":"","_monsterinsights_sitenote_category":0,"footnotes":"","_wpscppro_dont_share_socialmedia":false,"_wpscppro_custom_social_share_image":0,"_facebook_share_type":"","_twitter_share_type":"","_linkedin_share_type":"","_pinterest_share_type":"","_linkedin_share_type_page":"","_instagram_share_type":"","_medium_share_type":"","_threads_share_type":"","_google_business_share_type":"","_selected_social_profile":[],"_wpsp_enable_custom_social_template":false,"_wpsp_social_scheduling":{"enabled":false,"datetime":null,"platforms":[],"status":"template_only","dateOption":"today","timeOption":"now","customDays":"","customHours":"","customDate":"","customTime":"","schedulingType":"absolute"},"_wpsp_active_default_template":true},"categories":[52,27],"tags":[],"class_list":["post-28226","post","type-post","status-publish","format-standard","has-post-thumbnail","hentry","category-a-la-une","category-actualite"],"aioseo_notices":[],"yoast_head":"<!-- This site is optimized with the Yoast SEO plugin v27.5 - https:\/\/yoast.com\/product\/yoast-seo-wordpress\/ -->\n<title>Documents gouvernementaux touchant \u00e0 la \u00ab\u00a0s\u00e9curit\u00e9 de l\u2019\u00c9tat\u00a0\u00bb\u00a0: Les parlementaires tenus \u00e0 l\u2019obligation du secret - La Sentinelle<\/title>\n<meta name=\"robots\" content=\"index, follow, max-snippet:-1, max-image-preview:large, max-video-preview:-1\" \/>\n<link rel=\"canonical\" href=\"https:\/\/lasentinelle.dz\/index.php\/2022\/09\/29\/documents-gouvernementaux-touchant-a-la-securite-de-letat-les-parlementaires-tenus-a-lobligation-du-secret\/\" \/>\n<meta property=\"og:locale\" content=\"fr_FR\" \/>\n<meta property=\"og:type\" content=\"article\" \/>\n<meta property=\"og:title\" content=\"Documents gouvernementaux touchant \u00e0 la \u00ab\u00a0s\u00e9curit\u00e9 de l\u2019\u00c9tat\u00a0\u00bb\u00a0: Les parlementaires tenus \u00e0 l\u2019obligation du secret - La Sentinelle\" \/>\n<meta property=\"og:description\" content=\"L&rsquo;avant-projet de loi modifiant la loi organique fixant l&rsquo;organisation et le fonctionnement de l&rsquo;Assembl\u00e9e Populaire Nationale et du Conseil de\" \/>\n<meta property=\"og:url\" content=\"https:\/\/lasentinelle.dz\/index.php\/2022\/09\/29\/documents-gouvernementaux-touchant-a-la-securite-de-letat-les-parlementaires-tenus-a-lobligation-du-secret\/\" \/>\n<meta property=\"og:site_name\" content=\"La Sentinelle\" \/>\n<meta property=\"article:publisher\" content=\"https:\/\/www.facebook.com\/La-Sentinelle-104059864394773\" \/>\n<meta property=\"article:published_time\" content=\"2022-09-28T23:10:00+00:00\" \/>\n<meta property=\"og:image\" content=\"https:\/\/lasentinelle.dz\/wp-content\/uploads\/2021\/07\/apn-1.png\" \/>\n\t<meta property=\"og:image:width\" content=\"1199\" \/>\n\t<meta property=\"og:image:height\" content=\"900\" \/>\n\t<meta property=\"og:image:type\" content=\"image\/png\" \/>\n<meta name=\"author\" content=\"La Sentinelle\" \/>\n<meta name=\"twitter:card\" content=\"summary_large_image\" \/>\n<meta name=\"twitter:label1\" content=\"\u00c9crit par\" \/>\n\t<meta name=\"twitter:data1\" content=\"La Sentinelle\" \/>\n\t<meta name=\"twitter:label2\" content=\"Dur\u00e9e de lecture estim\u00e9e\" \/>\n\t<meta name=\"twitter:data2\" content=\"5 minutes\" \/>\n<script type=\"application\/ld+json\" class=\"yoast-schema-graph\">{\"@context\":\"https:\\\/\\\/schema.org\",\"@graph\":[{\"@type\":\"Article\",\"@id\":\"https:\\\/\\\/lasentinelle.dz\\\/index.php\\\/2022\\\/09\\\/29\\\/documents-gouvernementaux-touchant-a-la-securite-de-letat-les-parlementaires-tenus-a-lobligation-du-secret\\\/#article\",\"isPartOf\":{\"@id\":\"https:\\\/\\\/lasentinelle.dz\\\/index.php\\\/2022\\\/09\\\/29\\\/documents-gouvernementaux-touchant-a-la-securite-de-letat-les-parlementaires-tenus-a-lobligation-du-secret\\\/\"},\"author\":{\"name\":\"La Sentinelle\",\"@id\":\"https:\\\/\\\/lasentinelle.dz\\\/#\\\/schema\\\/person\\\/d865044e22e70a75174ce8bcad3acfb3\"},\"headline\":\"Documents gouvernementaux touchant \u00e0 la \u00ab\u00a0s\u00e9curit\u00e9 de l\u2019\u00c9tat\u00a0\u00bb\u00a0: Les parlementaires tenus \u00e0 l\u2019obligation du secret\",\"datePublished\":\"2022-09-28T23:10:00+00:00\",\"mainEntityOfPage\":{\"@id\":\"https:\\\/\\\/lasentinelle.dz\\\/index.php\\\/2022\\\/09\\\/29\\\/documents-gouvernementaux-touchant-a-la-securite-de-letat-les-parlementaires-tenus-a-lobligation-du-secret\\\/\"},\"wordCount\":928,\"commentCount\":0,\"publisher\":{\"@id\":\"https:\\\/\\\/lasentinelle.dz\\\/#organization\"},\"image\":{\"@id\":\"https:\\\/\\\/lasentinelle.dz\\\/index.php\\\/2022\\\/09\\\/29\\\/documents-gouvernementaux-touchant-a-la-securite-de-letat-les-parlementaires-tenus-a-lobligation-du-secret\\\/#primaryimage\"},\"thumbnailUrl\":\"https:\\\/\\\/lasentinelle.dz\\\/wp-content\\\/uploads\\\/2021\\\/07\\\/apn-1.png\",\"articleSection\":[\"\u00c0 la Une\",\"Actualit\u00e9\"],\"inLanguage\":\"fr-FR\",\"potentialAction\":[{\"@type\":\"CommentAction\",\"name\":\"Comment\",\"target\":[\"https:\\\/\\\/lasentinelle.dz\\\/index.php\\\/2022\\\/09\\\/29\\\/documents-gouvernementaux-touchant-a-la-securite-de-letat-les-parlementaires-tenus-a-lobligation-du-secret\\\/#respond\"]}]},{\"@type\":\"WebPage\",\"@id\":\"https:\\\/\\\/lasentinelle.dz\\\/index.php\\\/2022\\\/09\\\/29\\\/documents-gouvernementaux-touchant-a-la-securite-de-letat-les-parlementaires-tenus-a-lobligation-du-secret\\\/\",\"url\":\"https:\\\/\\\/lasentinelle.dz\\\/index.php\\\/2022\\\/09\\\/29\\\/documents-gouvernementaux-touchant-a-la-securite-de-letat-les-parlementaires-tenus-a-lobligation-du-secret\\\/\",\"name\":\"Documents gouvernementaux touchant \u00e0 la \u00ab\u00a0s\u00e9curit\u00e9 de l\u2019\u00c9tat\u00a0\u00bb\u00a0: Les parlementaires tenus \u00e0 l\u2019obligation du secret - La Sentinelle\",\"isPartOf\":{\"@id\":\"https:\\\/\\\/lasentinelle.dz\\\/#website\"},\"primaryImageOfPage\":{\"@id\":\"https:\\\/\\\/lasentinelle.dz\\\/index.php\\\/2022\\\/09\\\/29\\\/documents-gouvernementaux-touchant-a-la-securite-de-letat-les-parlementaires-tenus-a-lobligation-du-secret\\\/#primaryimage\"},\"image\":{\"@id\":\"https:\\\/\\\/lasentinelle.dz\\\/index.php\\\/2022\\\/09\\\/29\\\/documents-gouvernementaux-touchant-a-la-securite-de-letat-les-parlementaires-tenus-a-lobligation-du-secret\\\/#primaryimage\"},\"thumbnailUrl\":\"https:\\\/\\\/lasentinelle.dz\\\/wp-content\\\/uploads\\\/2021\\\/07\\\/apn-1.png\",\"datePublished\":\"2022-09-28T23:10:00+00:00\",\"breadcrumb\":{\"@id\":\"https:\\\/\\\/lasentinelle.dz\\\/index.php\\\/2022\\\/09\\\/29\\\/documents-gouvernementaux-touchant-a-la-securite-de-letat-les-parlementaires-tenus-a-lobligation-du-secret\\\/#breadcrumb\"},\"inLanguage\":\"fr-FR\",\"potentialAction\":[{\"@type\":\"ReadAction\",\"target\":[\"https:\\\/\\\/lasentinelle.dz\\\/index.php\\\/2022\\\/09\\\/29\\\/documents-gouvernementaux-touchant-a-la-securite-de-letat-les-parlementaires-tenus-a-lobligation-du-secret\\\/\"]}]},{\"@type\":\"ImageObject\",\"inLanguage\":\"fr-FR\",\"@id\":\"https:\\\/\\\/lasentinelle.dz\\\/index.php\\\/2022\\\/09\\\/29\\\/documents-gouvernementaux-touchant-a-la-securite-de-letat-les-parlementaires-tenus-a-lobligation-du-secret\\\/#primaryimage\",\"url\":\"https:\\\/\\\/lasentinelle.dz\\\/wp-content\\\/uploads\\\/2021\\\/07\\\/apn-1.png\",\"contentUrl\":\"https:\\\/\\\/lasentinelle.dz\\\/wp-content\\\/uploads\\\/2021\\\/07\\\/apn-1.png\",\"width\":1199,\"height\":900},{\"@type\":\"BreadcrumbList\",\"@id\":\"https:\\\/\\\/lasentinelle.dz\\\/index.php\\\/2022\\\/09\\\/29\\\/documents-gouvernementaux-touchant-a-la-securite-de-letat-les-parlementaires-tenus-a-lobligation-du-secret\\\/#breadcrumb\",\"itemListElement\":[{\"@type\":\"ListItem\",\"position\":1,\"name\":\"Accueil\",\"item\":\"https:\\\/\\\/lasentinelle.dz\\\/\"},{\"@type\":\"ListItem\",\"position\":2,\"name\":\"Documents gouvernementaux touchant \u00e0 la \u00ab\u00a0s\u00e9curit\u00e9 de l\u2019\u00c9tat\u00a0\u00bb\u00a0: Les parlementaires tenus \u00e0 l\u2019obligation du secret\"}]},{\"@type\":\"WebSite\",\"@id\":\"https:\\\/\\\/lasentinelle.dz\\\/#website\",\"url\":\"https:\\\/\\\/lasentinelle.dz\\\/\",\"name\":\"La Sentinelle\",\"description\":\"Quotidien national d&#039;information\",\"publisher\":{\"@id\":\"https:\\\/\\\/lasentinelle.dz\\\/#organization\"},\"potentialAction\":[{\"@type\":\"SearchAction\",\"target\":{\"@type\":\"EntryPoint\",\"urlTemplate\":\"https:\\\/\\\/lasentinelle.dz\\\/?s={search_term_string}\"},\"query-input\":{\"@type\":\"PropertyValueSpecification\",\"valueRequired\":true,\"valueName\":\"search_term_string\"}}],\"inLanguage\":\"fr-FR\"},{\"@type\":\"Organization\",\"@id\":\"https:\\\/\\\/lasentinelle.dz\\\/#organization\",\"name\":\"Quotidien La Sentinelle\",\"url\":\"https:\\\/\\\/lasentinelle.dz\\\/\",\"logo\":{\"@type\":\"ImageObject\",\"inLanguage\":\"fr-FR\",\"@id\":\"https:\\\/\\\/lasentinelle.dz\\\/#\\\/schema\\\/logo\\\/image\\\/\",\"url\":\"https:\\\/\\\/lasentinelle.dz\\\/wp-content\\\/uploads\\\/2021\\\/09\\\/logo-sentinelleSLOGAN-1.png\",\"contentUrl\":\"https:\\\/\\\/lasentinelle.dz\\\/wp-content\\\/uploads\\\/2021\\\/09\\\/logo-sentinelleSLOGAN-1.png\",\"width\":615,\"height\":142,\"caption\":\"Quotidien La Sentinelle\"},\"image\":{\"@id\":\"https:\\\/\\\/lasentinelle.dz\\\/#\\\/schema\\\/logo\\\/image\\\/\"},\"sameAs\":[\"https:\\\/\\\/www.facebook.com\\\/La-Sentinelle-104059864394773\"]},{\"@type\":\"Person\",\"@id\":\"https:\\\/\\\/lasentinelle.dz\\\/#\\\/schema\\\/person\\\/d865044e22e70a75174ce8bcad3acfb3\",\"name\":\"La Sentinelle\",\"image\":{\"@type\":\"ImageObject\",\"inLanguage\":\"fr-FR\",\"@id\":\"https:\\\/\\\/secure.gravatar.com\\\/avatar\\\/57de8e5d4b15d43fb361a71fbb36338450fe67865b528a43dd10ef7c51a20392?s=96&d=mm&r=g\",\"url\":\"https:\\\/\\\/secure.gravatar.com\\\/avatar\\\/57de8e5d4b15d43fb361a71fbb36338450fe67865b528a43dd10ef7c51a20392?s=96&d=mm&r=g\",\"contentUrl\":\"https:\\\/\\\/secure.gravatar.com\\\/avatar\\\/57de8e5d4b15d43fb361a71fbb36338450fe67865b528a43dd10ef7c51a20392?s=96&d=mm&r=g\",\"caption\":\"La Sentinelle\"},\"sameAs\":[\"http:\\\/\\\/www.lasentinelle.dz\"],\"url\":\"https:\\\/\\\/lasentinelle.dz\\\/author\\\/redaction\\\/\"}]}<\/script>\n<!-- \/ Yoast SEO plugin. -->","yoast_head_json":{"title":"Documents gouvernementaux touchant \u00e0 la \u00ab\u00a0s\u00e9curit\u00e9 de l\u2019\u00c9tat\u00a0\u00bb\u00a0: Les parlementaires tenus \u00e0 l\u2019obligation du secret - La Sentinelle","robots":{"index":"index","follow":"follow","max-snippet":"max-snippet:-1","max-image-preview":"max-image-preview:large","max-video-preview":"max-video-preview:-1"},"canonical":"https:\/\/lasentinelle.dz\/index.php\/2022\/09\/29\/documents-gouvernementaux-touchant-a-la-securite-de-letat-les-parlementaires-tenus-a-lobligation-du-secret\/","og_locale":"fr_FR","og_type":"article","og_title":"Documents gouvernementaux touchant \u00e0 la \u00ab\u00a0s\u00e9curit\u00e9 de l\u2019\u00c9tat\u00a0\u00bb\u00a0: Les parlementaires tenus \u00e0 l\u2019obligation du secret - La Sentinelle","og_description":"L&rsquo;avant-projet de loi modifiant la loi organique fixant l&rsquo;organisation et le fonctionnement de l&rsquo;Assembl\u00e9e Populaire Nationale et du Conseil de","og_url":"https:\/\/lasentinelle.dz\/index.php\/2022\/09\/29\/documents-gouvernementaux-touchant-a-la-securite-de-letat-les-parlementaires-tenus-a-lobligation-du-secret\/","og_site_name":"La Sentinelle","article_publisher":"https:\/\/www.facebook.com\/La-Sentinelle-104059864394773","article_published_time":"2022-09-28T23:10:00+00:00","og_image":[{"width":1199,"height":900,"url":"https:\/\/lasentinelle.dz\/wp-content\/uploads\/2021\/07\/apn-1.png","type":"image\/png"}],"author":"La Sentinelle","twitter_card":"summary_large_image","twitter_misc":{"\u00c9crit par":"La Sentinelle","Dur\u00e9e de lecture estim\u00e9e":"5 minutes"},"schema":{"@context":"https:\/\/schema.org","@graph":[{"@type":"Article","@id":"https:\/\/lasentinelle.dz\/index.php\/2022\/09\/29\/documents-gouvernementaux-touchant-a-la-securite-de-letat-les-parlementaires-tenus-a-lobligation-du-secret\/#article","isPartOf":{"@id":"https:\/\/lasentinelle.dz\/index.php\/2022\/09\/29\/documents-gouvernementaux-touchant-a-la-securite-de-letat-les-parlementaires-tenus-a-lobligation-du-secret\/"},"author":{"name":"La Sentinelle","@id":"https:\/\/lasentinelle.dz\/#\/schema\/person\/d865044e22e70a75174ce8bcad3acfb3"},"headline":"Documents gouvernementaux touchant \u00e0 la \u00ab\u00a0s\u00e9curit\u00e9 de l\u2019\u00c9tat\u00a0\u00bb\u00a0: Les parlementaires tenus \u00e0 l\u2019obligation du secret","datePublished":"2022-09-28T23:10:00+00:00","mainEntityOfPage":{"@id":"https:\/\/lasentinelle.dz\/index.php\/2022\/09\/29\/documents-gouvernementaux-touchant-a-la-securite-de-letat-les-parlementaires-tenus-a-lobligation-du-secret\/"},"wordCount":928,"commentCount":0,"publisher":{"@id":"https:\/\/lasentinelle.dz\/#organization"},"image":{"@id":"https:\/\/lasentinelle.dz\/index.php\/2022\/09\/29\/documents-gouvernementaux-touchant-a-la-securite-de-letat-les-parlementaires-tenus-a-lobligation-du-secret\/#primaryimage"},"thumbnailUrl":"https:\/\/lasentinelle.dz\/wp-content\/uploads\/2021\/07\/apn-1.png","articleSection":["\u00c0 la Une","Actualit\u00e9"],"inLanguage":"fr-FR","potentialAction":[{"@type":"CommentAction","name":"Comment","target":["https:\/\/lasentinelle.dz\/index.php\/2022\/09\/29\/documents-gouvernementaux-touchant-a-la-securite-de-letat-les-parlementaires-tenus-a-lobligation-du-secret\/#respond"]}]},{"@type":"WebPage","@id":"https:\/\/lasentinelle.dz\/index.php\/2022\/09\/29\/documents-gouvernementaux-touchant-a-la-securite-de-letat-les-parlementaires-tenus-a-lobligation-du-secret\/","url":"https:\/\/lasentinelle.dz\/index.php\/2022\/09\/29\/documents-gouvernementaux-touchant-a-la-securite-de-letat-les-parlementaires-tenus-a-lobligation-du-secret\/","name":"Documents gouvernementaux touchant \u00e0 la \u00ab\u00a0s\u00e9curit\u00e9 de l\u2019\u00c9tat\u00a0\u00bb\u00a0: Les parlementaires tenus \u00e0 l\u2019obligation du secret - La Sentinelle","isPartOf":{"@id":"https:\/\/lasentinelle.dz\/#website"},"primaryImageOfPage":{"@id":"https:\/\/lasentinelle.dz\/index.php\/2022\/09\/29\/documents-gouvernementaux-touchant-a-la-securite-de-letat-les-parlementaires-tenus-a-lobligation-du-secret\/#primaryimage"},"image":{"@id":"https:\/\/lasentinelle.dz\/index.php\/2022\/09\/29\/documents-gouvernementaux-touchant-a-la-securite-de-letat-les-parlementaires-tenus-a-lobligation-du-secret\/#primaryimage"},"thumbnailUrl":"https:\/\/lasentinelle.dz\/wp-content\/uploads\/2021\/07\/apn-1.png","datePublished":"2022-09-28T23:10:00+00:00","breadcrumb":{"@id":"https:\/\/lasentinelle.dz\/index.php\/2022\/09\/29\/documents-gouvernementaux-touchant-a-la-securite-de-letat-les-parlementaires-tenus-a-lobligation-du-secret\/#breadcrumb"},"inLanguage":"fr-FR","potentialAction":[{"@type":"ReadAction","target":["https:\/\/lasentinelle.dz\/index.php\/2022\/09\/29\/documents-gouvernementaux-touchant-a-la-securite-de-letat-les-parlementaires-tenus-a-lobligation-du-secret\/"]}]},{"@type":"ImageObject","inLanguage":"fr-FR","@id":"https:\/\/lasentinelle.dz\/index.php\/2022\/09\/29\/documents-gouvernementaux-touchant-a-la-securite-de-letat-les-parlementaires-tenus-a-lobligation-du-secret\/#primaryimage","url":"https:\/\/lasentinelle.dz\/wp-content\/uploads\/2021\/07\/apn-1.png","contentUrl":"https:\/\/lasentinelle.dz\/wp-content\/uploads\/2021\/07\/apn-1.png","width":1199,"height":900},{"@type":"BreadcrumbList","@id":"https:\/\/lasentinelle.dz\/index.php\/2022\/09\/29\/documents-gouvernementaux-touchant-a-la-securite-de-letat-les-parlementaires-tenus-a-lobligation-du-secret\/#breadcrumb","itemListElement":[{"@type":"ListItem","position":1,"name":"Accueil","item":"https:\/\/lasentinelle.dz\/"},{"@type":"ListItem","position":2,"name":"Documents gouvernementaux touchant \u00e0 la \u00ab\u00a0s\u00e9curit\u00e9 de l\u2019\u00c9tat\u00a0\u00bb\u00a0: Les parlementaires tenus \u00e0 l\u2019obligation du secret"}]},{"@type":"WebSite","@id":"https:\/\/lasentinelle.dz\/#website","url":"https:\/\/lasentinelle.dz\/","name":"La Sentinelle","description":"Quotidien national d&#039;information","publisher":{"@id":"https:\/\/lasentinelle.dz\/#organization"},"potentialAction":[{"@type":"SearchAction","target":{"@type":"EntryPoint","urlTemplate":"https:\/\/lasentinelle.dz\/?s={search_term_string}"},"query-input":{"@type":"PropertyValueSpecification","valueRequired":true,"valueName":"search_term_string"}}],"inLanguage":"fr-FR"},{"@type":"Organization","@id":"https:\/\/lasentinelle.dz\/#organization","name":"Quotidien La Sentinelle","url":"https:\/\/lasentinelle.dz\/","logo":{"@type":"ImageObject","inLanguage":"fr-FR","@id":"https:\/\/lasentinelle.dz\/#\/schema\/logo\/image\/","url":"https:\/\/lasentinelle.dz\/wp-content\/uploads\/2021\/09\/logo-sentinelleSLOGAN-1.png","contentUrl":"https:\/\/lasentinelle.dz\/wp-content\/uploads\/2021\/09\/logo-sentinelleSLOGAN-1.png","width":615,"height":142,"caption":"Quotidien La Sentinelle"},"image":{"@id":"https:\/\/lasentinelle.dz\/#\/schema\/logo\/image\/"},"sameAs":["https:\/\/www.facebook.com\/La-Sentinelle-104059864394773"]},{"@type":"Person","@id":"https:\/\/lasentinelle.dz\/#\/schema\/person\/d865044e22e70a75174ce8bcad3acfb3","name":"La Sentinelle","image":{"@type":"ImageObject","inLanguage":"fr-FR","@id":"https:\/\/secure.gravatar.com\/avatar\/57de8e5d4b15d43fb361a71fbb36338450fe67865b528a43dd10ef7c51a20392?s=96&d=mm&r=g","url":"https:\/\/secure.gravatar.com\/avatar\/57de8e5d4b15d43fb361a71fbb36338450fe67865b528a43dd10ef7c51a20392?s=96&d=mm&r=g","contentUrl":"https:\/\/secure.gravatar.com\/avatar\/57de8e5d4b15d43fb361a71fbb36338450fe67865b528a43dd10ef7c51a20392?s=96&d=mm&r=g","caption":"La Sentinelle"},"sameAs":["http:\/\/www.lasentinelle.dz"],"url":"https:\/\/lasentinelle.dz\/author\/redaction\/"}]}},"_links":{"self":[{"href":"https:\/\/lasentinelle.dz\/index.php\/wp-json\/wp\/v2\/posts\/28226","targetHints":{"allow":["GET"]}}],"collection":[{"href":"https:\/\/lasentinelle.dz\/index.php\/wp-json\/wp\/v2\/posts"}],"about":[{"href":"https:\/\/lasentinelle.dz\/index.php\/wp-json\/wp\/v2\/types\/post"}],"author":[{"embeddable":true,"href":"https:\/\/lasentinelle.dz\/index.php\/wp-json\/wp\/v2\/users\/3"}],"replies":[{"embeddable":true,"href":"https:\/\/lasentinelle.dz\/index.php\/wp-json\/wp\/v2\/comments?post=28226"}],"version-history":[{"count":1,"href":"https:\/\/lasentinelle.dz\/index.php\/wp-json\/wp\/v2\/posts\/28226\/revisions"}],"predecessor-version":[{"id":28227,"href":"https:\/\/lasentinelle.dz\/index.php\/wp-json\/wp\/v2\/posts\/28226\/revisions\/28227"}],"wp:featuredmedia":[{"embeddable":true,"href":"https:\/\/lasentinelle.dz\/index.php\/wp-json\/wp\/v2\/media\/1748"}],"wp:attachment":[{"href":"https:\/\/lasentinelle.dz\/index.php\/wp-json\/wp\/v2\/media?parent=28226"}],"wp:term":[{"taxonomy":"category","embeddable":true,"href":"https:\/\/lasentinelle.dz\/index.php\/wp-json\/wp\/v2\/categories?post=28226"},{"taxonomy":"post_tag","embeddable":true,"href":"https:\/\/lasentinelle.dz\/index.php\/wp-json\/wp\/v2\/tags?post=28226"}],"curies":[{"name":"wp","href":"https:\/\/api.w.org\/{rel}","templated":true}]}}