{"id":28254,"date":"2022-10-02T00:05:00","date_gmt":"2022-10-01T23:05:00","guid":{"rendered":"https:\/\/lasentinelle.dz\/?p=28254"},"modified":"2022-10-01T19:40:41","modified_gmt":"2022-10-01T18:40:41","slug":"recouvrement-des-fonds-detournes-219-commissions-rogatoires-internationales-lancees","status":"publish","type":"post","link":"https:\/\/lasentinelle.dz\/index.php\/2022\/10\/02\/recouvrement-des-fonds-detournes-219-commissions-rogatoires-internationales-lancees\/","title":{"rendered":"Recouvrement des fonds d\u00e9tourn\u00e9s\u00a0: 219 commissions rogatoires internationales lanc\u00e9es"},"content":{"rendered":"\n<p>Le Premier ministre, A\u00efmene Benabderrahmane est attendu pour son grand oral \u00e0 l\u2019Assembl\u00e9e populaire d\u00e8s demain. Le d\u00e9bat promet d\u2019ailleurs d\u2019\u00eatre houleux d\u2019autant que pas moins de 300 d\u00e9put\u00e9s ont d\u00e9pos\u00e9 des demandes d\u2019intervention dans le cadre de la pr\u00e9sentation de la D\u00e9claration de politique g\u00e9n\u00e9rale du Gouvernement. Un document scind\u00e9 en 5 axes principaux et qui \u00e9voquent l\u2019ensemble des aspects li\u00e9s \u00e0 l\u2019action gouvernementale. L\u2019un de ses chapitres est li\u00e9 \u00e0 la lutte contre la corruption, et plus pr\u00e9cis\u00e9ment du rapatriement des avoirs vol\u00e9s et d\u00e9tourn\u00e9s \u00e0 l\u2019\u00e9tranger. Le document fait ainsi \u00e9tat de 219 commissions rogatoires internationales lanc\u00e9es pour l&rsquo;identification, la saisie et la confiscation des fonds d\u00e9tourn\u00e9s \u00e0 l&rsquo;\u00e9tranger. Le m\u00eame document pr\u00e9cise que \u00ab43 commissions ont \u00e9t\u00e9 ex\u00e9cut\u00e9es alors que 156 sont en cours de traitement par les autorit\u00e9s judiciaires des pays concern\u00e9s\u00bb. Selon le m\u00eame rapport, \u00abun comit\u00e9 d&rsquo;experts, qui a \u00e9t\u00e9 mis en place, a \u00e9t\u00e9 charg\u00e9 de la gestion du dossier de recouvrement de ces fonds, en coordination avec les repr\u00e9sentations diplomatiques alg\u00e9riennes, et ce dans le cadre de la mise en \u0153uvre des accords et des instruments internationaux, Eurojust, initiative StAR, network GlobE\u00bb. Par ailleurs, le document en question \u00abmet l&rsquo;accent sur la mise en \u00e9chec des tentatives de dissimulation et de dissipation des produits de la corruption, gr\u00e2ce au dispositif de veille mis en place \u00e0 cet effet\u00bb. \u00abCela a permis la r\u00e9cup\u00e9ration d&rsquo;importants biens mobiliers et immobiliers et d&rsquo;\u00e9viter la dissipation de fonds d\u00e9tourn\u00e9s vers l&rsquo;\u00e9tranger dans le cadre de la mise en \u0153uvre de la d\u00e9marche globale arr\u00eat\u00e9e par le Pr\u00e9sident de la R\u00e9publique, pour le recouvrement des avoirs produit de la corruption\u00bb, explicite le document, r\u00e9it\u00e9rant que \u00abl&rsquo;Alg\u00e9rie appelle au renforcement de la coop\u00e9ration internationale en mati\u00e8re de recouvrement d&rsquo;avoirs\u00bb. En effet, le document fait \u00e9tat de \u00abl&rsquo;ex\u00e9cution des d\u00e9cisions de justice d\u00e9finitives de confiscation des fonds et biens d\u00e9tourn\u00e9s, par l&rsquo;int\u00e9gration, dans le secteur public marchand, de l&rsquo;ensemble des biens appartenant aux groupes \u00e9conomiques impliqu\u00e9s dans des affaires de corruption, l&rsquo;objectif&nbsp; \u00e9tant de pr\u00e9server l&rsquo;outil national de production et de sauvegarder l&#8217;emploi et les droits des travailleurs (art. 33 de la loi de finances compl\u00e9mentaire 2022\u00bb. Citant les autres mesures appliqu\u00e9es, notamment le volet li\u00e9 \u00e0 la pr\u00e9vention et la lutte contre la corruption, le document du Gouvernement rappelle \u00abl&rsquo;\u00e9laboration de la loi relative \u00e0 la Haute Autorit\u00e9 de transparence, de pr\u00e9vention et de lutte contre la corruption (loi n 22-08 du 05 mai 2022, Autorit\u00e9 install\u00e9e) et l&rsquo;\u00e9laboration d&rsquo;un projet de loi portant r\u00e9vision de la loi relative \u00e0 la pr\u00e9vention et \u00e0 la lutte contre la corruption, celle ci pr\u00e9voit pratiquement le durcissement des peines et la mise en place d&rsquo;une agence charg\u00e9e de la gestion des biens saisis et confisqu\u00e9s par la justice. Dans le sillage de ces mesures portant sur la lutte contre la corruption, le document fait \u00e9tat de \u00abl&rsquo;\u00e9laboration d&rsquo;un projet de loi modifiant le Code de proc\u00e9dure p\u00e9nale consacrant des garanties suffisantes aux cadres du secteur public, de lib\u00e9rer davantage les initiatives, de prendre en charge la question des d\u00e9nonciations anonymes et d&rsquo;encadrer les enqu\u00eates touchant les gestionnaires et responsables administratifs\u00bb, en plus de l\u2019\u00e9laboration d&rsquo;un projet de loi qui vise la r\u00e9vision du Code p\u00e9nal, en vue de red\u00e9finir la notion du caract\u00e8re p\u00e9nal de l&rsquo;acte de gestion, dans le domaine \u00e9conomique, et l&rsquo;\u00e9laboration d&rsquo;un projet de loi visant la d\u00e9p\u00e9nalisation de certains actes de gestion, par la r\u00e9vision du Code de commerce, figurent parmi les garanties donn\u00e9es aux gestionnaires.<\/p>\n\n\n\n<p><strong>Salim Abdenour<\/strong><\/p>\n","protected":false},"excerpt":{"rendered":"<p>Le Premier ministre, A\u00efmene Benabderrahmane est attendu pour son grand oral \u00e0 l\u2019Assembl\u00e9e populaire d\u00e8s demain. Le d\u00e9bat promet d\u2019ailleurs<\/p>\n","protected":false},"author":3,"featured_media":28271,"comment_status":"open","ping_status":"closed","sticky":false,"template":"","format":"standard","meta":{"colormag_page_container_layout":"default_layout","colormag_page_sidebar_layout":"default_layout","om_disable_all_campaigns":false,"_monsterinsights_skip_tracking":false,"_monsterinsights_sitenote_active":false,"_monsterinsights_sitenote_note":"","_monsterinsights_sitenote_category":0,"footnotes":"","_wpscppro_dont_share_socialmedia":false,"_wpscppro_custom_social_share_image":0,"_facebook_share_type":"","_twitter_share_type":"","_linkedin_share_type":"","_pinterest_share_type":"","_linkedin_share_type_page":"","_instagram_share_type":"","_medium_share_type":"","_threads_share_type":"","_google_business_share_type":"","_selected_social_profile":[],"_wpsp_enable_custom_social_template":false,"_wpsp_social_scheduling":{"enabled":false,"datetime":null,"platforms":[],"status":"template_only","dateOption":"today","timeOption":"now","customDays":"","customHours":"","customDate":"","customTime":"","schedulingType":"absolute"},"_wpsp_active_default_template":true},"categories":[27],"tags":[],"class_list":["post-28254","post","type-post","status-publish","format-standard","has-post-thumbnail","hentry","category-actualite"],"aioseo_notices":[],"yoast_head":"<!-- This site is optimized with the Yoast SEO plugin v27.5 - https:\/\/yoast.com\/product\/yoast-seo-wordpress\/ -->\n<title>Recouvrement des fonds d\u00e9tourn\u00e9s\u00a0: 219 commissions rogatoires internationales lanc\u00e9es - La Sentinelle<\/title>\n<meta name=\"robots\" content=\"index, follow, max-snippet:-1, max-image-preview:large, max-video-preview:-1\" \/>\n<link rel=\"canonical\" href=\"https:\/\/lasentinelle.dz\/index.php\/2022\/10\/02\/recouvrement-des-fonds-detournes-219-commissions-rogatoires-internationales-lancees\/\" \/>\n<meta property=\"og:locale\" content=\"fr_FR\" \/>\n<meta property=\"og:type\" content=\"article\" \/>\n<meta property=\"og:title\" content=\"Recouvrement des fonds d\u00e9tourn\u00e9s\u00a0: 219 commissions rogatoires internationales lanc\u00e9es - La Sentinelle\" \/>\n<meta property=\"og:description\" content=\"Le Premier ministre, A\u00efmene Benabderrahmane est attendu pour son grand oral \u00e0 l\u2019Assembl\u00e9e populaire d\u00e8s demain. Le d\u00e9bat promet d\u2019ailleurs\" \/>\n<meta property=\"og:url\" content=\"https:\/\/lasentinelle.dz\/index.php\/2022\/10\/02\/recouvrement-des-fonds-detournes-219-commissions-rogatoires-internationales-lancees\/\" \/>\n<meta property=\"og:site_name\" content=\"La Sentinelle\" \/>\n<meta property=\"article:publisher\" content=\"https:\/\/www.facebook.com\/La-Sentinelle-104059864394773\" \/>\n<meta property=\"article:published_time\" content=\"2022-10-01T23:05:00+00:00\" \/>\n<meta property=\"og:image\" content=\"https:\/\/lasentinelle.dz\/wp-content\/uploads\/2022\/10\/image_2022-10-01_194010679.png\" \/>\n\t<meta property=\"og:image:width\" content=\"580\" \/>\n\t<meta property=\"og:image:height\" content=\"350\" \/>\n\t<meta property=\"og:image:type\" content=\"image\/png\" \/>\n<meta name=\"author\" content=\"La Sentinelle\" \/>\n<meta name=\"twitter:card\" content=\"summary_large_image\" \/>\n<meta name=\"twitter:label1\" content=\"\u00c9crit par\" \/>\n\t<meta name=\"twitter:data1\" content=\"La Sentinelle\" \/>\n\t<meta name=\"twitter:label2\" content=\"Dur\u00e9e de lecture estim\u00e9e\" \/>\n\t<meta name=\"twitter:data2\" content=\"3 minutes\" \/>\n<script type=\"application\/ld+json\" class=\"yoast-schema-graph\">{\"@context\":\"https:\\\/\\\/schema.org\",\"@graph\":[{\"@type\":\"Article\",\"@id\":\"https:\\\/\\\/lasentinelle.dz\\\/index.php\\\/2022\\\/10\\\/02\\\/recouvrement-des-fonds-detournes-219-commissions-rogatoires-internationales-lancees\\\/#article\",\"isPartOf\":{\"@id\":\"https:\\\/\\\/lasentinelle.dz\\\/index.php\\\/2022\\\/10\\\/02\\\/recouvrement-des-fonds-detournes-219-commissions-rogatoires-internationales-lancees\\\/\"},\"author\":{\"name\":\"La Sentinelle\",\"@id\":\"https:\\\/\\\/lasentinelle.dz\\\/#\\\/schema\\\/person\\\/d865044e22e70a75174ce8bcad3acfb3\"},\"headline\":\"Recouvrement des fonds d\u00e9tourn\u00e9s\u00a0: 219 commissions rogatoires internationales lanc\u00e9es\",\"datePublished\":\"2022-10-01T23:05:00+00:00\",\"mainEntityOfPage\":{\"@id\":\"https:\\\/\\\/lasentinelle.dz\\\/index.php\\\/2022\\\/10\\\/02\\\/recouvrement-des-fonds-detournes-219-commissions-rogatoires-internationales-lancees\\\/\"},\"wordCount\":688,\"commentCount\":0,\"publisher\":{\"@id\":\"https:\\\/\\\/lasentinelle.dz\\\/#organization\"},\"image\":{\"@id\":\"https:\\\/\\\/lasentinelle.dz\\\/index.php\\\/2022\\\/10\\\/02\\\/recouvrement-des-fonds-detournes-219-commissions-rogatoires-internationales-lancees\\\/#primaryimage\"},\"thumbnailUrl\":\"https:\\\/\\\/lasentinelle.dz\\\/wp-content\\\/uploads\\\/2022\\\/10\\\/image_2022-10-01_194010679.png\",\"articleSection\":[\"Actualit\u00e9\"],\"inLanguage\":\"fr-FR\",\"potentialAction\":[{\"@type\":\"CommentAction\",\"name\":\"Comment\",\"target\":[\"https:\\\/\\\/lasentinelle.dz\\\/index.php\\\/2022\\\/10\\\/02\\\/recouvrement-des-fonds-detournes-219-commissions-rogatoires-internationales-lancees\\\/#respond\"]}]},{\"@type\":\"WebPage\",\"@id\":\"https:\\\/\\\/lasentinelle.dz\\\/index.php\\\/2022\\\/10\\\/02\\\/recouvrement-des-fonds-detournes-219-commissions-rogatoires-internationales-lancees\\\/\",\"url\":\"https:\\\/\\\/lasentinelle.dz\\\/index.php\\\/2022\\\/10\\\/02\\\/recouvrement-des-fonds-detournes-219-commissions-rogatoires-internationales-lancees\\\/\",\"name\":\"Recouvrement des fonds d\u00e9tourn\u00e9s\u00a0: 219 commissions rogatoires internationales lanc\u00e9es - La Sentinelle\",\"isPartOf\":{\"@id\":\"https:\\\/\\\/lasentinelle.dz\\\/#website\"},\"primaryImageOfPage\":{\"@id\":\"https:\\\/\\\/lasentinelle.dz\\\/index.php\\\/2022\\\/10\\\/02\\\/recouvrement-des-fonds-detournes-219-commissions-rogatoires-internationales-lancees\\\/#primaryimage\"},\"image\":{\"@id\":\"https:\\\/\\\/lasentinelle.dz\\\/index.php\\\/2022\\\/10\\\/02\\\/recouvrement-des-fonds-detournes-219-commissions-rogatoires-internationales-lancees\\\/#primaryimage\"},\"thumbnailUrl\":\"https:\\\/\\\/lasentinelle.dz\\\/wp-content\\\/uploads\\\/2022\\\/10\\\/image_2022-10-01_194010679.png\",\"datePublished\":\"2022-10-01T23:05:00+00:00\",\"breadcrumb\":{\"@id\":\"https:\\\/\\\/lasentinelle.dz\\\/index.php\\\/2022\\\/10\\\/02\\\/recouvrement-des-fonds-detournes-219-commissions-rogatoires-internationales-lancees\\\/#breadcrumb\"},\"inLanguage\":\"fr-FR\",\"potentialAction\":[{\"@type\":\"ReadAction\",\"target\":[\"https:\\\/\\\/lasentinelle.dz\\\/index.php\\\/2022\\\/10\\\/02\\\/recouvrement-des-fonds-detournes-219-commissions-rogatoires-internationales-lancees\\\/\"]}]},{\"@type\":\"ImageObject\",\"inLanguage\":\"fr-FR\",\"@id\":\"https:\\\/\\\/lasentinelle.dz\\\/index.php\\\/2022\\\/10\\\/02\\\/recouvrement-des-fonds-detournes-219-commissions-rogatoires-internationales-lancees\\\/#primaryimage\",\"url\":\"https:\\\/\\\/lasentinelle.dz\\\/wp-content\\\/uploads\\\/2022\\\/10\\\/image_2022-10-01_194010679.png\",\"contentUrl\":\"https:\\\/\\\/lasentinelle.dz\\\/wp-content\\\/uploads\\\/2022\\\/10\\\/image_2022-10-01_194010679.png\",\"width\":580,\"height\":350},{\"@type\":\"BreadcrumbList\",\"@id\":\"https:\\\/\\\/lasentinelle.dz\\\/index.php\\\/2022\\\/10\\\/02\\\/recouvrement-des-fonds-detournes-219-commissions-rogatoires-internationales-lancees\\\/#breadcrumb\",\"itemListElement\":[{\"@type\":\"ListItem\",\"position\":1,\"name\":\"Accueil\",\"item\":\"https:\\\/\\\/lasentinelle.dz\\\/\"},{\"@type\":\"ListItem\",\"position\":2,\"name\":\"Recouvrement des fonds d\u00e9tourn\u00e9s\u00a0: 219 commissions rogatoires internationales lanc\u00e9es\"}]},{\"@type\":\"WebSite\",\"@id\":\"https:\\\/\\\/lasentinelle.dz\\\/#website\",\"url\":\"https:\\\/\\\/lasentinelle.dz\\\/\",\"name\":\"La Sentinelle\",\"description\":\"Quotidien national d&#039;information\",\"publisher\":{\"@id\":\"https:\\\/\\\/lasentinelle.dz\\\/#organization\"},\"potentialAction\":[{\"@type\":\"SearchAction\",\"target\":{\"@type\":\"EntryPoint\",\"urlTemplate\":\"https:\\\/\\\/lasentinelle.dz\\\/?s={search_term_string}\"},\"query-input\":{\"@type\":\"PropertyValueSpecification\",\"valueRequired\":true,\"valueName\":\"search_term_string\"}}],\"inLanguage\":\"fr-FR\"},{\"@type\":\"Organization\",\"@id\":\"https:\\\/\\\/lasentinelle.dz\\\/#organization\",\"name\":\"Quotidien La Sentinelle\",\"url\":\"https:\\\/\\\/lasentinelle.dz\\\/\",\"logo\":{\"@type\":\"ImageObject\",\"inLanguage\":\"fr-FR\",\"@id\":\"https:\\\/\\\/lasentinelle.dz\\\/#\\\/schema\\\/logo\\\/image\\\/\",\"url\":\"https:\\\/\\\/lasentinelle.dz\\\/wp-content\\\/uploads\\\/2021\\\/09\\\/logo-sentinelleSLOGAN-1.png\",\"contentUrl\":\"https:\\\/\\\/lasentinelle.dz\\\/wp-content\\\/uploads\\\/2021\\\/09\\\/logo-sentinelleSLOGAN-1.png\",\"width\":615,\"height\":142,\"caption\":\"Quotidien La Sentinelle\"},\"image\":{\"@id\":\"https:\\\/\\\/lasentinelle.dz\\\/#\\\/schema\\\/logo\\\/image\\\/\"},\"sameAs\":[\"https:\\\/\\\/www.facebook.com\\\/La-Sentinelle-104059864394773\"]},{\"@type\":\"Person\",\"@id\":\"https:\\\/\\\/lasentinelle.dz\\\/#\\\/schema\\\/person\\\/d865044e22e70a75174ce8bcad3acfb3\",\"name\":\"La Sentinelle\",\"image\":{\"@type\":\"ImageObject\",\"inLanguage\":\"fr-FR\",\"@id\":\"https:\\\/\\\/secure.gravatar.com\\\/avatar\\\/57de8e5d4b15d43fb361a71fbb36338450fe67865b528a43dd10ef7c51a20392?s=96&d=mm&r=g\",\"url\":\"https:\\\/\\\/secure.gravatar.com\\\/avatar\\\/57de8e5d4b15d43fb361a71fbb36338450fe67865b528a43dd10ef7c51a20392?s=96&d=mm&r=g\",\"contentUrl\":\"https:\\\/\\\/secure.gravatar.com\\\/avatar\\\/57de8e5d4b15d43fb361a71fbb36338450fe67865b528a43dd10ef7c51a20392?s=96&d=mm&r=g\",\"caption\":\"La Sentinelle\"},\"sameAs\":[\"http:\\\/\\\/www.lasentinelle.dz\"],\"url\":\"https:\\\/\\\/lasentinelle.dz\\\/author\\\/redaction\\\/\"}]}<\/script>\n<!-- \/ Yoast SEO plugin. -->","yoast_head_json":{"title":"Recouvrement des fonds d\u00e9tourn\u00e9s\u00a0: 219 commissions rogatoires internationales lanc\u00e9es - La Sentinelle","robots":{"index":"index","follow":"follow","max-snippet":"max-snippet:-1","max-image-preview":"max-image-preview:large","max-video-preview":"max-video-preview:-1"},"canonical":"https:\/\/lasentinelle.dz\/index.php\/2022\/10\/02\/recouvrement-des-fonds-detournes-219-commissions-rogatoires-internationales-lancees\/","og_locale":"fr_FR","og_type":"article","og_title":"Recouvrement des fonds d\u00e9tourn\u00e9s\u00a0: 219 commissions rogatoires internationales lanc\u00e9es - La Sentinelle","og_description":"Le Premier ministre, A\u00efmene Benabderrahmane est attendu pour son grand oral \u00e0 l\u2019Assembl\u00e9e populaire d\u00e8s demain. Le d\u00e9bat promet d\u2019ailleurs","og_url":"https:\/\/lasentinelle.dz\/index.php\/2022\/10\/02\/recouvrement-des-fonds-detournes-219-commissions-rogatoires-internationales-lancees\/","og_site_name":"La Sentinelle","article_publisher":"https:\/\/www.facebook.com\/La-Sentinelle-104059864394773","article_published_time":"2022-10-01T23:05:00+00:00","og_image":[{"width":580,"height":350,"url":"https:\/\/lasentinelle.dz\/wp-content\/uploads\/2022\/10\/image_2022-10-01_194010679.png","type":"image\/png"}],"author":"La Sentinelle","twitter_card":"summary_large_image","twitter_misc":{"\u00c9crit par":"La Sentinelle","Dur\u00e9e de lecture estim\u00e9e":"3 minutes"},"schema":{"@context":"https:\/\/schema.org","@graph":[{"@type":"Article","@id":"https:\/\/lasentinelle.dz\/index.php\/2022\/10\/02\/recouvrement-des-fonds-detournes-219-commissions-rogatoires-internationales-lancees\/#article","isPartOf":{"@id":"https:\/\/lasentinelle.dz\/index.php\/2022\/10\/02\/recouvrement-des-fonds-detournes-219-commissions-rogatoires-internationales-lancees\/"},"author":{"name":"La Sentinelle","@id":"https:\/\/lasentinelle.dz\/#\/schema\/person\/d865044e22e70a75174ce8bcad3acfb3"},"headline":"Recouvrement des fonds d\u00e9tourn\u00e9s\u00a0: 219 commissions rogatoires internationales lanc\u00e9es","datePublished":"2022-10-01T23:05:00+00:00","mainEntityOfPage":{"@id":"https:\/\/lasentinelle.dz\/index.php\/2022\/10\/02\/recouvrement-des-fonds-detournes-219-commissions-rogatoires-internationales-lancees\/"},"wordCount":688,"commentCount":0,"publisher":{"@id":"https:\/\/lasentinelle.dz\/#organization"},"image":{"@id":"https:\/\/lasentinelle.dz\/index.php\/2022\/10\/02\/recouvrement-des-fonds-detournes-219-commissions-rogatoires-internationales-lancees\/#primaryimage"},"thumbnailUrl":"https:\/\/lasentinelle.dz\/wp-content\/uploads\/2022\/10\/image_2022-10-01_194010679.png","articleSection":["Actualit\u00e9"],"inLanguage":"fr-FR","potentialAction":[{"@type":"CommentAction","name":"Comment","target":["https:\/\/lasentinelle.dz\/index.php\/2022\/10\/02\/recouvrement-des-fonds-detournes-219-commissions-rogatoires-internationales-lancees\/#respond"]}]},{"@type":"WebPage","@id":"https:\/\/lasentinelle.dz\/index.php\/2022\/10\/02\/recouvrement-des-fonds-detournes-219-commissions-rogatoires-internationales-lancees\/","url":"https:\/\/lasentinelle.dz\/index.php\/2022\/10\/02\/recouvrement-des-fonds-detournes-219-commissions-rogatoires-internationales-lancees\/","name":"Recouvrement des fonds d\u00e9tourn\u00e9s\u00a0: 219 commissions rogatoires internationales lanc\u00e9es - La Sentinelle","isPartOf":{"@id":"https:\/\/lasentinelle.dz\/#website"},"primaryImageOfPage":{"@id":"https:\/\/lasentinelle.dz\/index.php\/2022\/10\/02\/recouvrement-des-fonds-detournes-219-commissions-rogatoires-internationales-lancees\/#primaryimage"},"image":{"@id":"https:\/\/lasentinelle.dz\/index.php\/2022\/10\/02\/recouvrement-des-fonds-detournes-219-commissions-rogatoires-internationales-lancees\/#primaryimage"},"thumbnailUrl":"https:\/\/lasentinelle.dz\/wp-content\/uploads\/2022\/10\/image_2022-10-01_194010679.png","datePublished":"2022-10-01T23:05:00+00:00","breadcrumb":{"@id":"https:\/\/lasentinelle.dz\/index.php\/2022\/10\/02\/recouvrement-des-fonds-detournes-219-commissions-rogatoires-internationales-lancees\/#breadcrumb"},"inLanguage":"fr-FR","potentialAction":[{"@type":"ReadAction","target":["https:\/\/lasentinelle.dz\/index.php\/2022\/10\/02\/recouvrement-des-fonds-detournes-219-commissions-rogatoires-internationales-lancees\/"]}]},{"@type":"ImageObject","inLanguage":"fr-FR","@id":"https:\/\/lasentinelle.dz\/index.php\/2022\/10\/02\/recouvrement-des-fonds-detournes-219-commissions-rogatoires-internationales-lancees\/#primaryimage","url":"https:\/\/lasentinelle.dz\/wp-content\/uploads\/2022\/10\/image_2022-10-01_194010679.png","contentUrl":"https:\/\/lasentinelle.dz\/wp-content\/uploads\/2022\/10\/image_2022-10-01_194010679.png","width":580,"height":350},{"@type":"BreadcrumbList","@id":"https:\/\/lasentinelle.dz\/index.php\/2022\/10\/02\/recouvrement-des-fonds-detournes-219-commissions-rogatoires-internationales-lancees\/#breadcrumb","itemListElement":[{"@type":"ListItem","position":1,"name":"Accueil","item":"https:\/\/lasentinelle.dz\/"},{"@type":"ListItem","position":2,"name":"Recouvrement des fonds d\u00e9tourn\u00e9s\u00a0: 219 commissions rogatoires internationales lanc\u00e9es"}]},{"@type":"WebSite","@id":"https:\/\/lasentinelle.dz\/#website","url":"https:\/\/lasentinelle.dz\/","name":"La Sentinelle","description":"Quotidien national d&#039;information","publisher":{"@id":"https:\/\/lasentinelle.dz\/#organization"},"potentialAction":[{"@type":"SearchAction","target":{"@type":"EntryPoint","urlTemplate":"https:\/\/lasentinelle.dz\/?s={search_term_string}"},"query-input":{"@type":"PropertyValueSpecification","valueRequired":true,"valueName":"search_term_string"}}],"inLanguage":"fr-FR"},{"@type":"Organization","@id":"https:\/\/lasentinelle.dz\/#organization","name":"Quotidien La Sentinelle","url":"https:\/\/lasentinelle.dz\/","logo":{"@type":"ImageObject","inLanguage":"fr-FR","@id":"https:\/\/lasentinelle.dz\/#\/schema\/logo\/image\/","url":"https:\/\/lasentinelle.dz\/wp-content\/uploads\/2021\/09\/logo-sentinelleSLOGAN-1.png","contentUrl":"https:\/\/lasentinelle.dz\/wp-content\/uploads\/2021\/09\/logo-sentinelleSLOGAN-1.png","width":615,"height":142,"caption":"Quotidien La Sentinelle"},"image":{"@id":"https:\/\/lasentinelle.dz\/#\/schema\/logo\/image\/"},"sameAs":["https:\/\/www.facebook.com\/La-Sentinelle-104059864394773"]},{"@type":"Person","@id":"https:\/\/lasentinelle.dz\/#\/schema\/person\/d865044e22e70a75174ce8bcad3acfb3","name":"La Sentinelle","image":{"@type":"ImageObject","inLanguage":"fr-FR","@id":"https:\/\/secure.gravatar.com\/avatar\/57de8e5d4b15d43fb361a71fbb36338450fe67865b528a43dd10ef7c51a20392?s=96&d=mm&r=g","url":"https:\/\/secure.gravatar.com\/avatar\/57de8e5d4b15d43fb361a71fbb36338450fe67865b528a43dd10ef7c51a20392?s=96&d=mm&r=g","contentUrl":"https:\/\/secure.gravatar.com\/avatar\/57de8e5d4b15d43fb361a71fbb36338450fe67865b528a43dd10ef7c51a20392?s=96&d=mm&r=g","caption":"La Sentinelle"},"sameAs":["http:\/\/www.lasentinelle.dz"],"url":"https:\/\/lasentinelle.dz\/author\/redaction\/"}]}},"_links":{"self":[{"href":"https:\/\/lasentinelle.dz\/index.php\/wp-json\/wp\/v2\/posts\/28254","targetHints":{"allow":["GET"]}}],"collection":[{"href":"https:\/\/lasentinelle.dz\/index.php\/wp-json\/wp\/v2\/posts"}],"about":[{"href":"https:\/\/lasentinelle.dz\/index.php\/wp-json\/wp\/v2\/types\/post"}],"author":[{"embeddable":true,"href":"https:\/\/lasentinelle.dz\/index.php\/wp-json\/wp\/v2\/users\/3"}],"replies":[{"embeddable":true,"href":"https:\/\/lasentinelle.dz\/index.php\/wp-json\/wp\/v2\/comments?post=28254"}],"version-history":[{"count":1,"href":"https:\/\/lasentinelle.dz\/index.php\/wp-json\/wp\/v2\/posts\/28254\/revisions"}],"predecessor-version":[{"id":28272,"href":"https:\/\/lasentinelle.dz\/index.php\/wp-json\/wp\/v2\/posts\/28254\/revisions\/28272"}],"wp:featuredmedia":[{"embeddable":true,"href":"https:\/\/lasentinelle.dz\/index.php\/wp-json\/wp\/v2\/media\/28271"}],"wp:attachment":[{"href":"https:\/\/lasentinelle.dz\/index.php\/wp-json\/wp\/v2\/media?parent=28254"}],"wp:term":[{"taxonomy":"category","embeddable":true,"href":"https:\/\/lasentinelle.dz\/index.php\/wp-json\/wp\/v2\/categories?post=28254"},{"taxonomy":"post_tag","embeddable":true,"href":"https:\/\/lasentinelle.dz\/index.php\/wp-json\/wp\/v2\/tags?post=28254"}],"curies":[{"name":"wp","href":"https:\/\/api.w.org\/{rel}","templated":true}]}}