{"id":28295,"date":"2022-10-02T00:01:00","date_gmt":"2022-10-01T23:01:00","guid":{"rendered":"https:\/\/lasentinelle.dz\/?p=28295"},"modified":"2022-10-02T20:49:55","modified_gmt":"2022-10-02T19:49:55","slug":"conflit-du-sahara-occidental-le-mouvement-de-la-tunisie-en-avant-exprime-son-soutien-au-peuple-sahraoui","status":"publish","type":"post","link":"https:\/\/lasentinelle.dz\/index.php\/2022\/10\/02\/conflit-du-sahara-occidental-le-mouvement-de-la-tunisie-en-avant-exprime-son-soutien-au-peuple-sahraoui\/","title":{"rendered":"Conflit du Sahara Occidental\u00a0: Le mouvement de la \u00ab Tunisie en avant \u00bb exprime son soutien au peuple sahraoui"},"content":{"rendered":"\n<p>Le secr\u00e9taire g\u00e9n\u00e9ral (SG) du mouvement de la Tunisie en avant, Abid Briki, a exprim\u00e9 le soutien de sa formation politique au peuple sahraoui et \u00e0 son droit l\u00e9gitime \u00e0 la libert\u00e9 et \u00e0 l&rsquo;autod\u00e9termination, rapporte l&rsquo;Agence de presse sahraouie (SPS). Ce soutien a \u00e9t\u00e9 exprim\u00e9 lors d&rsquo;une rencontre avec la conseill\u00e8re \u00e0 la pr\u00e9sidence sahraouie charg\u00e9e du monde arabe, Nana Labat Rachid. M. Briki qui a \u00e9voqu\u00e9 avec la responsable sahraouie la position du mouvement en faveur du droit imprescriptible des Sahraouis \u00e0 l&rsquo;autod\u00e9termination, a affirm\u00e9 suivre les d\u00e9veloppements de la cause sahraouie sur fonds de mutations r\u00e9gionales et internationales complexes. De son c\u00f4t\u00e9, Mme Nana Labat Rachid a exprim\u00e9 sa \u00ab profonde reconnaissance \u00bb au mouvement tunisien pour sa position de principe \u00e0 l&rsquo;\u00e9gard de la cause sahraouie. Ao\u00fbt dernier, le Pr\u00e9sident sahraoui, secr\u00e9taire g\u00e9n\u00e9ral du front Polisario, Brahim Ghali a pris part aux travaux de la 8e Conf\u00e9rence internationale de Tokyo sur le d\u00e9veloppement en Afrique (TICAD 8) tenue en Tunisie. A son arriv\u00e9e \u00e0 l&rsquo;a\u00e9roport international de Carthage, Brahim Ghali avait \u00e9t\u00e9 accueilli par son homologue tunisien, Ka\u00efs Sa\u00efed. Dans un message adress\u00e9 \u00e0 son homologue tunisien Ka\u00efs Sa\u00efed au terme des travaux de la Conf\u00e9rence TICAD 8, le pr\u00e9sident sahraoui a salu\u00e9 l&rsquo;engagement de la Tunisie envers les principes et dispositions de l&rsquo;acte constitutif de l&rsquo;Union africaine (UA), louant sa position, neutre et limpide, vis-\u00e0-vis de la cause sahraouie en d\u00e9pit des \u00ab tentatives manifestes visant \u00e0 semer la zizanie \u00bb. La Tunisie avait d\u00e9cid\u00e9 de rappeler son ambassadeur \u00e0 Rabat pour consultations suite \u00e0 la r\u00e9action marocaine \u00ab inacceptable \u00bb concernant la participation de la R\u00e9publique arabe sahraouie d\u00e9mocratique (RASD) \u00e0 la TICAD 8, une mesure qui a \u00e9galement \u00e9t\u00e9 prise en premier temps par le Maroc.<\/p>\n\n\n\n<p>APS<\/p>\n","protected":false},"excerpt":{"rendered":"<p>Le secr\u00e9taire g\u00e9n\u00e9ral (SG) du mouvement de la Tunisie en avant, Abid Briki, a exprim\u00e9 le soutien de sa formation<\/p>\n","protected":false},"author":3,"featured_media":28299,"comment_status":"open","ping_status":"closed","sticky":false,"template":"","format":"standard","meta":{"colormag_page_container_layout":"default_layout","colormag_page_sidebar_layout":"default_layout","om_disable_all_campaigns":false,"_monsterinsights_skip_tracking":false,"_monsterinsights_sitenote_active":false,"_monsterinsights_sitenote_note":"","_monsterinsights_sitenote_category":0,"footnotes":"","_wpscppro_dont_share_socialmedia":false,"_wpscppro_custom_social_share_image":0,"_facebook_share_type":"","_twitter_share_type":"","_linkedin_share_type":"","_pinterest_share_type":"","_linkedin_share_type_page":"","_instagram_share_type":"","_medium_share_type":"","_threads_share_type":"","_google_business_share_type":"","_selected_social_profile":[],"_wpsp_enable_custom_social_template":false,"_wpsp_social_scheduling":{"enabled":false,"datetime":null,"platforms":[],"status":"template_only","dateOption":"today","timeOption":"now","customDays":"","customHours":"","customDate":"","customTime":"","schedulingType":"absolute"},"_wpsp_active_default_template":true},"categories":[37],"tags":[],"class_list":["post-28295","post","type-post","status-publish","format-standard","has-post-thumbnail","hentry","category-monde"],"aioseo_notices":[],"yoast_head":"<!-- This site is optimized with the Yoast SEO plugin v27.5 - https:\/\/yoast.com\/product\/yoast-seo-wordpress\/ -->\n<title>Conflit du Sahara Occidental\u00a0: Le mouvement de la \u00ab Tunisie en avant \u00bb exprime son soutien au peuple sahraoui - La Sentinelle<\/title>\n<meta name=\"robots\" content=\"index, follow, max-snippet:-1, max-image-preview:large, max-video-preview:-1\" \/>\n<link rel=\"canonical\" href=\"https:\/\/lasentinelle.dz\/index.php\/2022\/10\/02\/conflit-du-sahara-occidental-le-mouvement-de-la-tunisie-en-avant-exprime-son-soutien-au-peuple-sahraoui\/\" \/>\n<meta property=\"og:locale\" content=\"fr_FR\" \/>\n<meta property=\"og:type\" content=\"article\" \/>\n<meta property=\"og:title\" content=\"Conflit du Sahara Occidental\u00a0: Le mouvement de la \u00ab Tunisie en avant \u00bb exprime son soutien au peuple sahraoui - La Sentinelle\" \/>\n<meta property=\"og:description\" content=\"Le secr\u00e9taire g\u00e9n\u00e9ral (SG) du mouvement de la Tunisie en avant, Abid Briki, a exprim\u00e9 le soutien de sa formation\" \/>\n<meta property=\"og:url\" content=\"https:\/\/lasentinelle.dz\/index.php\/2022\/10\/02\/conflit-du-sahara-occidental-le-mouvement-de-la-tunisie-en-avant-exprime-son-soutien-au-peuple-sahraoui\/\" \/>\n<meta property=\"og:site_name\" content=\"La Sentinelle\" \/>\n<meta property=\"article:publisher\" content=\"https:\/\/www.facebook.com\/La-Sentinelle-104059864394773\" \/>\n<meta property=\"article:published_time\" content=\"2022-10-01T23:01:00+00:00\" \/>\n<meta property=\"article:modified_time\" content=\"2022-10-02T19:49:55+00:00\" \/>\n<meta property=\"og:image\" content=\"https:\/\/lasentinelle.dz\/wp-content\/uploads\/2022\/10\/image_2022-10-02_172633577.png\" \/>\n\t<meta property=\"og:image:width\" content=\"1000\" \/>\n\t<meta property=\"og:image:height\" content=\"450\" \/>\n\t<meta property=\"og:image:type\" content=\"image\/png\" \/>\n<meta name=\"author\" content=\"La Sentinelle\" \/>\n<meta name=\"twitter:card\" content=\"summary_large_image\" \/>\n<meta name=\"twitter:label1\" content=\"\u00c9crit par\" \/>\n\t<meta name=\"twitter:data1\" content=\"La Sentinelle\" \/>\n\t<meta name=\"twitter:label2\" content=\"Dur\u00e9e de lecture estim\u00e9e\" \/>\n\t<meta name=\"twitter:data2\" content=\"2 minutes\" \/>\n<script type=\"application\/ld+json\" class=\"yoast-schema-graph\">{\"@context\":\"https:\\\/\\\/schema.org\",\"@graph\":[{\"@type\":\"Article\",\"@id\":\"https:\\\/\\\/lasentinelle.dz\\\/index.php\\\/2022\\\/10\\\/02\\\/conflit-du-sahara-occidental-le-mouvement-de-la-tunisie-en-avant-exprime-son-soutien-au-peuple-sahraoui\\\/#article\",\"isPartOf\":{\"@id\":\"https:\\\/\\\/lasentinelle.dz\\\/index.php\\\/2022\\\/10\\\/02\\\/conflit-du-sahara-occidental-le-mouvement-de-la-tunisie-en-avant-exprime-son-soutien-au-peuple-sahraoui\\\/\"},\"author\":{\"name\":\"La Sentinelle\",\"@id\":\"https:\\\/\\\/lasentinelle.dz\\\/#\\\/schema\\\/person\\\/d865044e22e70a75174ce8bcad3acfb3\"},\"headline\":\"Conflit du Sahara Occidental\u00a0: Le mouvement de la \u00ab Tunisie en avant \u00bb exprime son soutien au peuple sahraoui\",\"datePublished\":\"2022-10-01T23:01:00+00:00\",\"dateModified\":\"2022-10-02T19:49:55+00:00\",\"mainEntityOfPage\":{\"@id\":\"https:\\\/\\\/lasentinelle.dz\\\/index.php\\\/2022\\\/10\\\/02\\\/conflit-du-sahara-occidental-le-mouvement-de-la-tunisie-en-avant-exprime-son-soutien-au-peuple-sahraoui\\\/\"},\"wordCount\":332,\"commentCount\":0,\"publisher\":{\"@id\":\"https:\\\/\\\/lasentinelle.dz\\\/#organization\"},\"image\":{\"@id\":\"https:\\\/\\\/lasentinelle.dz\\\/index.php\\\/2022\\\/10\\\/02\\\/conflit-du-sahara-occidental-le-mouvement-de-la-tunisie-en-avant-exprime-son-soutien-au-peuple-sahraoui\\\/#primaryimage\"},\"thumbnailUrl\":\"https:\\\/\\\/lasentinelle.dz\\\/wp-content\\\/uploads\\\/2022\\\/10\\\/image_2022-10-02_172633577.png\",\"articleSection\":[\"Monde\"],\"inLanguage\":\"fr-FR\",\"potentialAction\":[{\"@type\":\"CommentAction\",\"name\":\"Comment\",\"target\":[\"https:\\\/\\\/lasentinelle.dz\\\/index.php\\\/2022\\\/10\\\/02\\\/conflit-du-sahara-occidental-le-mouvement-de-la-tunisie-en-avant-exprime-son-soutien-au-peuple-sahraoui\\\/#respond\"]}]},{\"@type\":\"WebPage\",\"@id\":\"https:\\\/\\\/lasentinelle.dz\\\/index.php\\\/2022\\\/10\\\/02\\\/conflit-du-sahara-occidental-le-mouvement-de-la-tunisie-en-avant-exprime-son-soutien-au-peuple-sahraoui\\\/\",\"url\":\"https:\\\/\\\/lasentinelle.dz\\\/index.php\\\/2022\\\/10\\\/02\\\/conflit-du-sahara-occidental-le-mouvement-de-la-tunisie-en-avant-exprime-son-soutien-au-peuple-sahraoui\\\/\",\"name\":\"Conflit du Sahara Occidental\u00a0: Le mouvement de la \u00ab Tunisie en avant \u00bb exprime son soutien au peuple sahraoui - La Sentinelle\",\"isPartOf\":{\"@id\":\"https:\\\/\\\/lasentinelle.dz\\\/#website\"},\"primaryImageOfPage\":{\"@id\":\"https:\\\/\\\/lasentinelle.dz\\\/index.php\\\/2022\\\/10\\\/02\\\/conflit-du-sahara-occidental-le-mouvement-de-la-tunisie-en-avant-exprime-son-soutien-au-peuple-sahraoui\\\/#primaryimage\"},\"image\":{\"@id\":\"https:\\\/\\\/lasentinelle.dz\\\/index.php\\\/2022\\\/10\\\/02\\\/conflit-du-sahara-occidental-le-mouvement-de-la-tunisie-en-avant-exprime-son-soutien-au-peuple-sahraoui\\\/#primaryimage\"},\"thumbnailUrl\":\"https:\\\/\\\/lasentinelle.dz\\\/wp-content\\\/uploads\\\/2022\\\/10\\\/image_2022-10-02_172633577.png\",\"datePublished\":\"2022-10-01T23:01:00+00:00\",\"dateModified\":\"2022-10-02T19:49:55+00:00\",\"breadcrumb\":{\"@id\":\"https:\\\/\\\/lasentinelle.dz\\\/index.php\\\/2022\\\/10\\\/02\\\/conflit-du-sahara-occidental-le-mouvement-de-la-tunisie-en-avant-exprime-son-soutien-au-peuple-sahraoui\\\/#breadcrumb\"},\"inLanguage\":\"fr-FR\",\"potentialAction\":[{\"@type\":\"ReadAction\",\"target\":[\"https:\\\/\\\/lasentinelle.dz\\\/index.php\\\/2022\\\/10\\\/02\\\/conflit-du-sahara-occidental-le-mouvement-de-la-tunisie-en-avant-exprime-son-soutien-au-peuple-sahraoui\\\/\"]}]},{\"@type\":\"ImageObject\",\"inLanguage\":\"fr-FR\",\"@id\":\"https:\\\/\\\/lasentinelle.dz\\\/index.php\\\/2022\\\/10\\\/02\\\/conflit-du-sahara-occidental-le-mouvement-de-la-tunisie-en-avant-exprime-son-soutien-au-peuple-sahraoui\\\/#primaryimage\",\"url\":\"https:\\\/\\\/lasentinelle.dz\\\/wp-content\\\/uploads\\\/2022\\\/10\\\/image_2022-10-02_172633577.png\",\"contentUrl\":\"https:\\\/\\\/lasentinelle.dz\\\/wp-content\\\/uploads\\\/2022\\\/10\\\/image_2022-10-02_172633577.png\",\"width\":1000,\"height\":450},{\"@type\":\"BreadcrumbList\",\"@id\":\"https:\\\/\\\/lasentinelle.dz\\\/index.php\\\/2022\\\/10\\\/02\\\/conflit-du-sahara-occidental-le-mouvement-de-la-tunisie-en-avant-exprime-son-soutien-au-peuple-sahraoui\\\/#breadcrumb\",\"itemListElement\":[{\"@type\":\"ListItem\",\"position\":1,\"name\":\"Accueil\",\"item\":\"https:\\\/\\\/lasentinelle.dz\\\/\"},{\"@type\":\"ListItem\",\"position\":2,\"name\":\"Conflit du Sahara Occidental\u00a0: Le mouvement de la \u00ab Tunisie en avant \u00bb exprime son soutien au peuple sahraoui\"}]},{\"@type\":\"WebSite\",\"@id\":\"https:\\\/\\\/lasentinelle.dz\\\/#website\",\"url\":\"https:\\\/\\\/lasentinelle.dz\\\/\",\"name\":\"La Sentinelle\",\"description\":\"Quotidien national d&#039;information\",\"publisher\":{\"@id\":\"https:\\\/\\\/lasentinelle.dz\\\/#organization\"},\"potentialAction\":[{\"@type\":\"SearchAction\",\"target\":{\"@type\":\"EntryPoint\",\"urlTemplate\":\"https:\\\/\\\/lasentinelle.dz\\\/?s={search_term_string}\"},\"query-input\":{\"@type\":\"PropertyValueSpecification\",\"valueRequired\":true,\"valueName\":\"search_term_string\"}}],\"inLanguage\":\"fr-FR\"},{\"@type\":\"Organization\",\"@id\":\"https:\\\/\\\/lasentinelle.dz\\\/#organization\",\"name\":\"Quotidien La Sentinelle\",\"url\":\"https:\\\/\\\/lasentinelle.dz\\\/\",\"logo\":{\"@type\":\"ImageObject\",\"inLanguage\":\"fr-FR\",\"@id\":\"https:\\\/\\\/lasentinelle.dz\\\/#\\\/schema\\\/logo\\\/image\\\/\",\"url\":\"https:\\\/\\\/lasentinelle.dz\\\/wp-content\\\/uploads\\\/2021\\\/09\\\/logo-sentinelleSLOGAN-1.png\",\"contentUrl\":\"https:\\\/\\\/lasentinelle.dz\\\/wp-content\\\/uploads\\\/2021\\\/09\\\/logo-sentinelleSLOGAN-1.png\",\"width\":615,\"height\":142,\"caption\":\"Quotidien La Sentinelle\"},\"image\":{\"@id\":\"https:\\\/\\\/lasentinelle.dz\\\/#\\\/schema\\\/logo\\\/image\\\/\"},\"sameAs\":[\"https:\\\/\\\/www.facebook.com\\\/La-Sentinelle-104059864394773\"]},{\"@type\":\"Person\",\"@id\":\"https:\\\/\\\/lasentinelle.dz\\\/#\\\/schema\\\/person\\\/d865044e22e70a75174ce8bcad3acfb3\",\"name\":\"La Sentinelle\",\"image\":{\"@type\":\"ImageObject\",\"inLanguage\":\"fr-FR\",\"@id\":\"https:\\\/\\\/secure.gravatar.com\\\/avatar\\\/57de8e5d4b15d43fb361a71fbb36338450fe67865b528a43dd10ef7c51a20392?s=96&d=mm&r=g\",\"url\":\"https:\\\/\\\/secure.gravatar.com\\\/avatar\\\/57de8e5d4b15d43fb361a71fbb36338450fe67865b528a43dd10ef7c51a20392?s=96&d=mm&r=g\",\"contentUrl\":\"https:\\\/\\\/secure.gravatar.com\\\/avatar\\\/57de8e5d4b15d43fb361a71fbb36338450fe67865b528a43dd10ef7c51a20392?s=96&d=mm&r=g\",\"caption\":\"La Sentinelle\"},\"sameAs\":[\"http:\\\/\\\/www.lasentinelle.dz\"],\"url\":\"https:\\\/\\\/lasentinelle.dz\\\/author\\\/redaction\\\/\"}]}<\/script>\n<!-- \/ Yoast SEO plugin. -->","yoast_head_json":{"title":"Conflit du Sahara Occidental\u00a0: Le mouvement de la \u00ab Tunisie en avant \u00bb exprime son soutien au peuple sahraoui - La Sentinelle","robots":{"index":"index","follow":"follow","max-snippet":"max-snippet:-1","max-image-preview":"max-image-preview:large","max-video-preview":"max-video-preview:-1"},"canonical":"https:\/\/lasentinelle.dz\/index.php\/2022\/10\/02\/conflit-du-sahara-occidental-le-mouvement-de-la-tunisie-en-avant-exprime-son-soutien-au-peuple-sahraoui\/","og_locale":"fr_FR","og_type":"article","og_title":"Conflit du Sahara Occidental\u00a0: Le mouvement de la \u00ab Tunisie en avant \u00bb exprime son soutien au peuple sahraoui - La Sentinelle","og_description":"Le secr\u00e9taire g\u00e9n\u00e9ral (SG) du mouvement de la Tunisie en avant, Abid Briki, a exprim\u00e9 le soutien de sa formation","og_url":"https:\/\/lasentinelle.dz\/index.php\/2022\/10\/02\/conflit-du-sahara-occidental-le-mouvement-de-la-tunisie-en-avant-exprime-son-soutien-au-peuple-sahraoui\/","og_site_name":"La Sentinelle","article_publisher":"https:\/\/www.facebook.com\/La-Sentinelle-104059864394773","article_published_time":"2022-10-01T23:01:00+00:00","article_modified_time":"2022-10-02T19:49:55+00:00","og_image":[{"width":1000,"height":450,"url":"https:\/\/lasentinelle.dz\/wp-content\/uploads\/2022\/10\/image_2022-10-02_172633577.png","type":"image\/png"}],"author":"La Sentinelle","twitter_card":"summary_large_image","twitter_misc":{"\u00c9crit par":"La Sentinelle","Dur\u00e9e de lecture estim\u00e9e":"2 minutes"},"schema":{"@context":"https:\/\/schema.org","@graph":[{"@type":"Article","@id":"https:\/\/lasentinelle.dz\/index.php\/2022\/10\/02\/conflit-du-sahara-occidental-le-mouvement-de-la-tunisie-en-avant-exprime-son-soutien-au-peuple-sahraoui\/#article","isPartOf":{"@id":"https:\/\/lasentinelle.dz\/index.php\/2022\/10\/02\/conflit-du-sahara-occidental-le-mouvement-de-la-tunisie-en-avant-exprime-son-soutien-au-peuple-sahraoui\/"},"author":{"name":"La Sentinelle","@id":"https:\/\/lasentinelle.dz\/#\/schema\/person\/d865044e22e70a75174ce8bcad3acfb3"},"headline":"Conflit du Sahara Occidental\u00a0: Le mouvement de la \u00ab Tunisie en avant \u00bb exprime son soutien au peuple sahraoui","datePublished":"2022-10-01T23:01:00+00:00","dateModified":"2022-10-02T19:49:55+00:00","mainEntityOfPage":{"@id":"https:\/\/lasentinelle.dz\/index.php\/2022\/10\/02\/conflit-du-sahara-occidental-le-mouvement-de-la-tunisie-en-avant-exprime-son-soutien-au-peuple-sahraoui\/"},"wordCount":332,"commentCount":0,"publisher":{"@id":"https:\/\/lasentinelle.dz\/#organization"},"image":{"@id":"https:\/\/lasentinelle.dz\/index.php\/2022\/10\/02\/conflit-du-sahara-occidental-le-mouvement-de-la-tunisie-en-avant-exprime-son-soutien-au-peuple-sahraoui\/#primaryimage"},"thumbnailUrl":"https:\/\/lasentinelle.dz\/wp-content\/uploads\/2022\/10\/image_2022-10-02_172633577.png","articleSection":["Monde"],"inLanguage":"fr-FR","potentialAction":[{"@type":"CommentAction","name":"Comment","target":["https:\/\/lasentinelle.dz\/index.php\/2022\/10\/02\/conflit-du-sahara-occidental-le-mouvement-de-la-tunisie-en-avant-exprime-son-soutien-au-peuple-sahraoui\/#respond"]}]},{"@type":"WebPage","@id":"https:\/\/lasentinelle.dz\/index.php\/2022\/10\/02\/conflit-du-sahara-occidental-le-mouvement-de-la-tunisie-en-avant-exprime-son-soutien-au-peuple-sahraoui\/","url":"https:\/\/lasentinelle.dz\/index.php\/2022\/10\/02\/conflit-du-sahara-occidental-le-mouvement-de-la-tunisie-en-avant-exprime-son-soutien-au-peuple-sahraoui\/","name":"Conflit du Sahara Occidental\u00a0: Le mouvement de la \u00ab Tunisie en avant \u00bb exprime son soutien au peuple sahraoui - La Sentinelle","isPartOf":{"@id":"https:\/\/lasentinelle.dz\/#website"},"primaryImageOfPage":{"@id":"https:\/\/lasentinelle.dz\/index.php\/2022\/10\/02\/conflit-du-sahara-occidental-le-mouvement-de-la-tunisie-en-avant-exprime-son-soutien-au-peuple-sahraoui\/#primaryimage"},"image":{"@id":"https:\/\/lasentinelle.dz\/index.php\/2022\/10\/02\/conflit-du-sahara-occidental-le-mouvement-de-la-tunisie-en-avant-exprime-son-soutien-au-peuple-sahraoui\/#primaryimage"},"thumbnailUrl":"https:\/\/lasentinelle.dz\/wp-content\/uploads\/2022\/10\/image_2022-10-02_172633577.png","datePublished":"2022-10-01T23:01:00+00:00","dateModified":"2022-10-02T19:49:55+00:00","breadcrumb":{"@id":"https:\/\/lasentinelle.dz\/index.php\/2022\/10\/02\/conflit-du-sahara-occidental-le-mouvement-de-la-tunisie-en-avant-exprime-son-soutien-au-peuple-sahraoui\/#breadcrumb"},"inLanguage":"fr-FR","potentialAction":[{"@type":"ReadAction","target":["https:\/\/lasentinelle.dz\/index.php\/2022\/10\/02\/conflit-du-sahara-occidental-le-mouvement-de-la-tunisie-en-avant-exprime-son-soutien-au-peuple-sahraoui\/"]}]},{"@type":"ImageObject","inLanguage":"fr-FR","@id":"https:\/\/lasentinelle.dz\/index.php\/2022\/10\/02\/conflit-du-sahara-occidental-le-mouvement-de-la-tunisie-en-avant-exprime-son-soutien-au-peuple-sahraoui\/#primaryimage","url":"https:\/\/lasentinelle.dz\/wp-content\/uploads\/2022\/10\/image_2022-10-02_172633577.png","contentUrl":"https:\/\/lasentinelle.dz\/wp-content\/uploads\/2022\/10\/image_2022-10-02_172633577.png","width":1000,"height":450},{"@type":"BreadcrumbList","@id":"https:\/\/lasentinelle.dz\/index.php\/2022\/10\/02\/conflit-du-sahara-occidental-le-mouvement-de-la-tunisie-en-avant-exprime-son-soutien-au-peuple-sahraoui\/#breadcrumb","itemListElement":[{"@type":"ListItem","position":1,"name":"Accueil","item":"https:\/\/lasentinelle.dz\/"},{"@type":"ListItem","position":2,"name":"Conflit du Sahara Occidental\u00a0: Le mouvement de la \u00ab Tunisie en avant \u00bb exprime son soutien au peuple sahraoui"}]},{"@type":"WebSite","@id":"https:\/\/lasentinelle.dz\/#website","url":"https:\/\/lasentinelle.dz\/","name":"La Sentinelle","description":"Quotidien national d&#039;information","publisher":{"@id":"https:\/\/lasentinelle.dz\/#organization"},"potentialAction":[{"@type":"SearchAction","target":{"@type":"EntryPoint","urlTemplate":"https:\/\/lasentinelle.dz\/?s={search_term_string}"},"query-input":{"@type":"PropertyValueSpecification","valueRequired":true,"valueName":"search_term_string"}}],"inLanguage":"fr-FR"},{"@type":"Organization","@id":"https:\/\/lasentinelle.dz\/#organization","name":"Quotidien La Sentinelle","url":"https:\/\/lasentinelle.dz\/","logo":{"@type":"ImageObject","inLanguage":"fr-FR","@id":"https:\/\/lasentinelle.dz\/#\/schema\/logo\/image\/","url":"https:\/\/lasentinelle.dz\/wp-content\/uploads\/2021\/09\/logo-sentinelleSLOGAN-1.png","contentUrl":"https:\/\/lasentinelle.dz\/wp-content\/uploads\/2021\/09\/logo-sentinelleSLOGAN-1.png","width":615,"height":142,"caption":"Quotidien La Sentinelle"},"image":{"@id":"https:\/\/lasentinelle.dz\/#\/schema\/logo\/image\/"},"sameAs":["https:\/\/www.facebook.com\/La-Sentinelle-104059864394773"]},{"@type":"Person","@id":"https:\/\/lasentinelle.dz\/#\/schema\/person\/d865044e22e70a75174ce8bcad3acfb3","name":"La Sentinelle","image":{"@type":"ImageObject","inLanguage":"fr-FR","@id":"https:\/\/secure.gravatar.com\/avatar\/57de8e5d4b15d43fb361a71fbb36338450fe67865b528a43dd10ef7c51a20392?s=96&d=mm&r=g","url":"https:\/\/secure.gravatar.com\/avatar\/57de8e5d4b15d43fb361a71fbb36338450fe67865b528a43dd10ef7c51a20392?s=96&d=mm&r=g","contentUrl":"https:\/\/secure.gravatar.com\/avatar\/57de8e5d4b15d43fb361a71fbb36338450fe67865b528a43dd10ef7c51a20392?s=96&d=mm&r=g","caption":"La Sentinelle"},"sameAs":["http:\/\/www.lasentinelle.dz"],"url":"https:\/\/lasentinelle.dz\/author\/redaction\/"}]}},"_links":{"self":[{"href":"https:\/\/lasentinelle.dz\/index.php\/wp-json\/wp\/v2\/posts\/28295","targetHints":{"allow":["GET"]}}],"collection":[{"href":"https:\/\/lasentinelle.dz\/index.php\/wp-json\/wp\/v2\/posts"}],"about":[{"href":"https:\/\/lasentinelle.dz\/index.php\/wp-json\/wp\/v2\/types\/post"}],"author":[{"embeddable":true,"href":"https:\/\/lasentinelle.dz\/index.php\/wp-json\/wp\/v2\/users\/3"}],"replies":[{"embeddable":true,"href":"https:\/\/lasentinelle.dz\/index.php\/wp-json\/wp\/v2\/comments?post=28295"}],"version-history":[{"count":1,"href":"https:\/\/lasentinelle.dz\/index.php\/wp-json\/wp\/v2\/posts\/28295\/revisions"}],"predecessor-version":[{"id":28300,"href":"https:\/\/lasentinelle.dz\/index.php\/wp-json\/wp\/v2\/posts\/28295\/revisions\/28300"}],"wp:featuredmedia":[{"embeddable":true,"href":"https:\/\/lasentinelle.dz\/index.php\/wp-json\/wp\/v2\/media\/28299"}],"wp:attachment":[{"href":"https:\/\/lasentinelle.dz\/index.php\/wp-json\/wp\/v2\/media?parent=28295"}],"wp:term":[{"taxonomy":"category","embeddable":true,"href":"https:\/\/lasentinelle.dz\/index.php\/wp-json\/wp\/v2\/categories?post=28295"},{"taxonomy":"post_tag","embeddable":true,"href":"https:\/\/lasentinelle.dz\/index.php\/wp-json\/wp\/v2\/tags?post=28295"}],"curies":[{"name":"wp","href":"https:\/\/api.w.org\/{rel}","templated":true}]}}