{"id":28296,"date":"2022-10-02T21:45:00","date_gmt":"2022-10-02T20:45:00","guid":{"rendered":"https:\/\/lasentinelle.dz\/?p=28296"},"modified":"2022-10-02T20:45:33","modified_gmt":"2022-10-02T19:45:33","slug":"burkina-faso-la-colere-monte-contre-la-france","status":"publish","type":"post","link":"https:\/\/lasentinelle.dz\/index.php\/2022\/10\/02\/burkina-faso-la-colere-monte-contre-la-france\/","title":{"rendered":"Burkina Faso\u00a0: La col\u00e8re monte contre la France"},"content":{"rendered":"\n<p>Des grenades de gaz lacrymog\u00e8ne ont \u00e9t\u00e9 tir\u00e9es hier de l&rsquo;int\u00e9rieur de l&rsquo;ambassade de France \u00e0 Ouagadougou pour disperser des manifestants soutenant le putschiste Ibrahim Traor\u00e9.<\/p>\n\n\n\n<p>Quelques dizaines de manifestants s&rsquo;\u00e9taient rassembl\u00e9es devant l&rsquo;ambassade, mettant le feu \u00e0 des barri\u00e8res de protection et jetant des pierres \u00e0 l&rsquo;int\u00e9rieur du b\u00e2timent, sur le toit duquel \u00e9taient positionn\u00e9s des soldats fran\u00e7ais, quand les gaz ont \u00e9t\u00e9 tir\u00e9s. D&rsquo;autres manifestants ont \u00e9galement \u00e9t\u00e9 vus arracher des barbel\u00e9s pour tenter d&rsquo;escalader le mur d&rsquo;enceinte du b\u00e2timent diplomatique. La France a une tr\u00e8s mauvaise publicit\u00e9 au Burkina Faso dont la population reproche \u00e0 Paris sa politique d\u2019ing\u00e9rence et le pillage des ressources de l&rsquo;Afrique.<\/p>\n\n\n\n<p>Samedi en fin d&rsquo;apr\u00e8s-midi, deux institutions fran\u00e7aises avaient \u00e9t\u00e9 prises pour cible par des manifestants : un incendie s&rsquo;\u00e9tait d\u00e9j\u00e0 d\u00e9clar\u00e9 devant l&rsquo;ambassade de France \u00e0 Ouagadougou et un autre devant l&rsquo;Institut fran\u00e7ais \u00e0 Bobo-Dioulasso. \u00c0 Paris, le Quai d&rsquo;Orsay avait condamn\u00e9 \u00ables violences contre notre ambassade avec la plus grande fermet\u00e9\u00bb, ajoutant que \u00abla s\u00e9curit\u00e9 de (ses) compatriotes\u00bb \u00e9tait sa \u00abpriorit\u00e9\u00bb. Ces attaques \u00absont le fait de manifestants hostiles, manipul\u00e9s par une campagne de d\u00e9sinformation \u00e0 notre encontre\u00bb, a d\u00e9clar\u00e9 sa porte-parole Anne-Claire Legendre, en \u00abappelant les parties prenantes \u00e0 assurer la s\u00e9curit\u00e9\u00bb des b\u00e2timents diplomatiques.<\/p>\n\n\n\n<p>Hier, des manifestants se sont \u00e9galement rassembl\u00e9s pr\u00e8s du si\u00e8ge de la t\u00e9l\u00e9vision nationale du Burkina Faso autour duquel le dispositif de blind\u00e9s en place depuis vendredi, a \u00e9t\u00e9 all\u00e9g\u00e9, avec trois v\u00e9hicules, au lieu d&rsquo;une vingtaine. Des rassemblements ont eu lieu pendant la nuit de samedi \u00e0 dimanche sur plusieurs grands axes de la capitale burkinab\u00e9, survol\u00e9e toute la nuit par un h\u00e9licopt\u00e8re militaire. Depuis l&rsquo;annonce vendredi soir par des militaires emmen\u00e9s par le capitaine Ibrahim Traor\u00e9 de la destitution du chef de la junte militaire du Burkina, le lieutenant-colonel Paul Henri Damiba &#8211; lui-m\u00eame arriv\u00e9 au pouvoir par un coup d&rsquo;\u00c9tat en janvier -, la tension persiste \u00e0 Ouagadougou.<\/p>\n\n\n\n<p>Samedi, le colonel Damiba a clairement fait savoir qu&rsquo;il n&rsquo;entendait pas abdiquer, appelant les nouveaux putschistes \u00ab\u00e0 revenir \u00e0 la raison pour \u00e9viter une guerre fratricide dont le Burkina Faso n&rsquo;a pas besoin dans ce contexte\u00bb. Le colonel Damiba \u00e9tait arriv\u00e9 au pouvoir en janvier par un coup d&rsquo;\u00c9tat qui avait renvers\u00e9 le pr\u00e9sident Roch Marc Christian Kabor\u00e9, discr\u00e9dit\u00e9 par la hausse des violences terroristes. Mais ces derniers mois, des attaques frappant des dizaines de civils et de soldats se sont multipli\u00e9es dans le nord et l&rsquo;est du Burkina Faso, o\u00f9 des villes sont d\u00e9sormais soumises \u00e0 un blocus des terroristes.<\/p>\n\n\n\n<p><strong>K.L. et agences<\/strong><\/p>\n","protected":false},"excerpt":{"rendered":"<p>Des grenades de gaz lacrymog\u00e8ne ont \u00e9t\u00e9 tir\u00e9es hier de l&rsquo;int\u00e9rieur de l&rsquo;ambassade de France \u00e0 Ouagadougou pour disperser des<\/p>\n","protected":false},"author":3,"featured_media":28297,"comment_status":"open","ping_status":"closed","sticky":false,"template":"","format":"standard","meta":{"colormag_page_container_layout":"default_layout","colormag_page_sidebar_layout":"default_layout","om_disable_all_campaigns":false,"_monsterinsights_skip_tracking":false,"_monsterinsights_sitenote_active":false,"_monsterinsights_sitenote_note":"","_monsterinsights_sitenote_category":0,"footnotes":"","_wpscppro_dont_share_socialmedia":false,"_wpscppro_custom_social_share_image":0,"_facebook_share_type":"","_twitter_share_type":"","_linkedin_share_type":"","_pinterest_share_type":"","_linkedin_share_type_page":"","_instagram_share_type":"","_medium_share_type":"","_threads_share_type":"","_google_business_share_type":"","_selected_social_profile":[],"_wpsp_enable_custom_social_template":false,"_wpsp_social_scheduling":{"enabled":false,"datetime":null,"platforms":[],"status":"template_only","dateOption":"today","timeOption":"now","customDays":"","customHours":"","customDate":"","customTime":"","schedulingType":"absolute"},"_wpsp_active_default_template":true},"categories":[52,37],"tags":[],"class_list":["post-28296","post","type-post","status-publish","format-standard","has-post-thumbnail","hentry","category-a-la-une","category-monde"],"aioseo_notices":[],"yoast_head":"<!-- This site is optimized with the Yoast SEO plugin v27.5 - https:\/\/yoast.com\/product\/yoast-seo-wordpress\/ -->\n<title>Burkina Faso\u00a0: La col\u00e8re monte contre la France - La Sentinelle<\/title>\n<meta name=\"robots\" content=\"index, follow, max-snippet:-1, max-image-preview:large, max-video-preview:-1\" \/>\n<link rel=\"canonical\" href=\"https:\/\/lasentinelle.dz\/index.php\/2022\/10\/02\/burkina-faso-la-colere-monte-contre-la-france\/\" \/>\n<meta property=\"og:locale\" content=\"fr_FR\" \/>\n<meta property=\"og:type\" content=\"article\" \/>\n<meta property=\"og:title\" content=\"Burkina Faso\u00a0: La col\u00e8re monte contre la France - La Sentinelle\" \/>\n<meta property=\"og:description\" content=\"Des grenades de gaz lacrymog\u00e8ne ont \u00e9t\u00e9 tir\u00e9es hier de l&rsquo;int\u00e9rieur de l&rsquo;ambassade de France \u00e0 Ouagadougou pour disperser des\" \/>\n<meta property=\"og:url\" content=\"https:\/\/lasentinelle.dz\/index.php\/2022\/10\/02\/burkina-faso-la-colere-monte-contre-la-france\/\" \/>\n<meta property=\"og:site_name\" content=\"La Sentinelle\" \/>\n<meta property=\"article:publisher\" content=\"https:\/\/www.facebook.com\/La-Sentinelle-104059864394773\" \/>\n<meta property=\"article:published_time\" content=\"2022-10-02T20:45:00+00:00\" \/>\n<meta property=\"og:image\" content=\"https:\/\/lasentinelle.dz\/wp-content\/uploads\/2022\/10\/ambassade-de-france.png\" \/>\n\t<meta property=\"og:image:width\" content=\"1601\" \/>\n\t<meta property=\"og:image:height\" content=\"900\" \/>\n\t<meta property=\"og:image:type\" content=\"image\/png\" \/>\n<meta name=\"author\" content=\"La Sentinelle\" \/>\n<meta name=\"twitter:card\" content=\"summary_large_image\" \/>\n<meta name=\"twitter:label1\" content=\"\u00c9crit par\" \/>\n\t<meta name=\"twitter:data1\" content=\"La Sentinelle\" \/>\n\t<meta name=\"twitter:label2\" content=\"Dur\u00e9e de lecture estim\u00e9e\" \/>\n\t<meta name=\"twitter:data2\" content=\"3 minutes\" \/>\n<script type=\"application\/ld+json\" class=\"yoast-schema-graph\">{\"@context\":\"https:\\\/\\\/schema.org\",\"@graph\":[{\"@type\":\"Article\",\"@id\":\"https:\\\/\\\/lasentinelle.dz\\\/index.php\\\/2022\\\/10\\\/02\\\/burkina-faso-la-colere-monte-contre-la-france\\\/#article\",\"isPartOf\":{\"@id\":\"https:\\\/\\\/lasentinelle.dz\\\/index.php\\\/2022\\\/10\\\/02\\\/burkina-faso-la-colere-monte-contre-la-france\\\/\"},\"author\":{\"name\":\"La Sentinelle\",\"@id\":\"https:\\\/\\\/lasentinelle.dz\\\/#\\\/schema\\\/person\\\/d865044e22e70a75174ce8bcad3acfb3\"},\"headline\":\"Burkina Faso\u00a0: La col\u00e8re monte contre la France\",\"datePublished\":\"2022-10-02T20:45:00+00:00\",\"mainEntityOfPage\":{\"@id\":\"https:\\\/\\\/lasentinelle.dz\\\/index.php\\\/2022\\\/10\\\/02\\\/burkina-faso-la-colere-monte-contre-la-france\\\/\"},\"wordCount\":481,\"commentCount\":0,\"publisher\":{\"@id\":\"https:\\\/\\\/lasentinelle.dz\\\/#organization\"},\"image\":{\"@id\":\"https:\\\/\\\/lasentinelle.dz\\\/index.php\\\/2022\\\/10\\\/02\\\/burkina-faso-la-colere-monte-contre-la-france\\\/#primaryimage\"},\"thumbnailUrl\":\"https:\\\/\\\/lasentinelle.dz\\\/wp-content\\\/uploads\\\/2022\\\/10\\\/ambassade-de-france.png\",\"articleSection\":[\"\u00c0 la Une\",\"Monde\"],\"inLanguage\":\"fr-FR\",\"potentialAction\":[{\"@type\":\"CommentAction\",\"name\":\"Comment\",\"target\":[\"https:\\\/\\\/lasentinelle.dz\\\/index.php\\\/2022\\\/10\\\/02\\\/burkina-faso-la-colere-monte-contre-la-france\\\/#respond\"]}]},{\"@type\":\"WebPage\",\"@id\":\"https:\\\/\\\/lasentinelle.dz\\\/index.php\\\/2022\\\/10\\\/02\\\/burkina-faso-la-colere-monte-contre-la-france\\\/\",\"url\":\"https:\\\/\\\/lasentinelle.dz\\\/index.php\\\/2022\\\/10\\\/02\\\/burkina-faso-la-colere-monte-contre-la-france\\\/\",\"name\":\"Burkina Faso\u00a0: La col\u00e8re monte contre la France - La Sentinelle\",\"isPartOf\":{\"@id\":\"https:\\\/\\\/lasentinelle.dz\\\/#website\"},\"primaryImageOfPage\":{\"@id\":\"https:\\\/\\\/lasentinelle.dz\\\/index.php\\\/2022\\\/10\\\/02\\\/burkina-faso-la-colere-monte-contre-la-france\\\/#primaryimage\"},\"image\":{\"@id\":\"https:\\\/\\\/lasentinelle.dz\\\/index.php\\\/2022\\\/10\\\/02\\\/burkina-faso-la-colere-monte-contre-la-france\\\/#primaryimage\"},\"thumbnailUrl\":\"https:\\\/\\\/lasentinelle.dz\\\/wp-content\\\/uploads\\\/2022\\\/10\\\/ambassade-de-france.png\",\"datePublished\":\"2022-10-02T20:45:00+00:00\",\"breadcrumb\":{\"@id\":\"https:\\\/\\\/lasentinelle.dz\\\/index.php\\\/2022\\\/10\\\/02\\\/burkina-faso-la-colere-monte-contre-la-france\\\/#breadcrumb\"},\"inLanguage\":\"fr-FR\",\"potentialAction\":[{\"@type\":\"ReadAction\",\"target\":[\"https:\\\/\\\/lasentinelle.dz\\\/index.php\\\/2022\\\/10\\\/02\\\/burkina-faso-la-colere-monte-contre-la-france\\\/\"]}]},{\"@type\":\"ImageObject\",\"inLanguage\":\"fr-FR\",\"@id\":\"https:\\\/\\\/lasentinelle.dz\\\/index.php\\\/2022\\\/10\\\/02\\\/burkina-faso-la-colere-monte-contre-la-france\\\/#primaryimage\",\"url\":\"https:\\\/\\\/lasentinelle.dz\\\/wp-content\\\/uploads\\\/2022\\\/10\\\/ambassade-de-france.png\",\"contentUrl\":\"https:\\\/\\\/lasentinelle.dz\\\/wp-content\\\/uploads\\\/2022\\\/10\\\/ambassade-de-france.png\",\"width\":1601,\"height\":900},{\"@type\":\"BreadcrumbList\",\"@id\":\"https:\\\/\\\/lasentinelle.dz\\\/index.php\\\/2022\\\/10\\\/02\\\/burkina-faso-la-colere-monte-contre-la-france\\\/#breadcrumb\",\"itemListElement\":[{\"@type\":\"ListItem\",\"position\":1,\"name\":\"Accueil\",\"item\":\"https:\\\/\\\/lasentinelle.dz\\\/\"},{\"@type\":\"ListItem\",\"position\":2,\"name\":\"Burkina Faso\u00a0: La col\u00e8re monte contre la France\"}]},{\"@type\":\"WebSite\",\"@id\":\"https:\\\/\\\/lasentinelle.dz\\\/#website\",\"url\":\"https:\\\/\\\/lasentinelle.dz\\\/\",\"name\":\"La Sentinelle\",\"description\":\"Quotidien national d&#039;information\",\"publisher\":{\"@id\":\"https:\\\/\\\/lasentinelle.dz\\\/#organization\"},\"potentialAction\":[{\"@type\":\"SearchAction\",\"target\":{\"@type\":\"EntryPoint\",\"urlTemplate\":\"https:\\\/\\\/lasentinelle.dz\\\/?s={search_term_string}\"},\"query-input\":{\"@type\":\"PropertyValueSpecification\",\"valueRequired\":true,\"valueName\":\"search_term_string\"}}],\"inLanguage\":\"fr-FR\"},{\"@type\":\"Organization\",\"@id\":\"https:\\\/\\\/lasentinelle.dz\\\/#organization\",\"name\":\"Quotidien La Sentinelle\",\"url\":\"https:\\\/\\\/lasentinelle.dz\\\/\",\"logo\":{\"@type\":\"ImageObject\",\"inLanguage\":\"fr-FR\",\"@id\":\"https:\\\/\\\/lasentinelle.dz\\\/#\\\/schema\\\/logo\\\/image\\\/\",\"url\":\"https:\\\/\\\/lasentinelle.dz\\\/wp-content\\\/uploads\\\/2021\\\/09\\\/logo-sentinelleSLOGAN-1.png\",\"contentUrl\":\"https:\\\/\\\/lasentinelle.dz\\\/wp-content\\\/uploads\\\/2021\\\/09\\\/logo-sentinelleSLOGAN-1.png\",\"width\":615,\"height\":142,\"caption\":\"Quotidien La Sentinelle\"},\"image\":{\"@id\":\"https:\\\/\\\/lasentinelle.dz\\\/#\\\/schema\\\/logo\\\/image\\\/\"},\"sameAs\":[\"https:\\\/\\\/www.facebook.com\\\/La-Sentinelle-104059864394773\"]},{\"@type\":\"Person\",\"@id\":\"https:\\\/\\\/lasentinelle.dz\\\/#\\\/schema\\\/person\\\/d865044e22e70a75174ce8bcad3acfb3\",\"name\":\"La Sentinelle\",\"image\":{\"@type\":\"ImageObject\",\"inLanguage\":\"fr-FR\",\"@id\":\"https:\\\/\\\/secure.gravatar.com\\\/avatar\\\/57de8e5d4b15d43fb361a71fbb36338450fe67865b528a43dd10ef7c51a20392?s=96&d=mm&r=g\",\"url\":\"https:\\\/\\\/secure.gravatar.com\\\/avatar\\\/57de8e5d4b15d43fb361a71fbb36338450fe67865b528a43dd10ef7c51a20392?s=96&d=mm&r=g\",\"contentUrl\":\"https:\\\/\\\/secure.gravatar.com\\\/avatar\\\/57de8e5d4b15d43fb361a71fbb36338450fe67865b528a43dd10ef7c51a20392?s=96&d=mm&r=g\",\"caption\":\"La Sentinelle\"},\"sameAs\":[\"http:\\\/\\\/www.lasentinelle.dz\"],\"url\":\"https:\\\/\\\/lasentinelle.dz\\\/author\\\/redaction\\\/\"}]}<\/script>\n<!-- \/ Yoast SEO plugin. -->","yoast_head_json":{"title":"Burkina Faso\u00a0: La col\u00e8re monte contre la France - La Sentinelle","robots":{"index":"index","follow":"follow","max-snippet":"max-snippet:-1","max-image-preview":"max-image-preview:large","max-video-preview":"max-video-preview:-1"},"canonical":"https:\/\/lasentinelle.dz\/index.php\/2022\/10\/02\/burkina-faso-la-colere-monte-contre-la-france\/","og_locale":"fr_FR","og_type":"article","og_title":"Burkina Faso\u00a0: La col\u00e8re monte contre la France - La Sentinelle","og_description":"Des grenades de gaz lacrymog\u00e8ne ont \u00e9t\u00e9 tir\u00e9es hier de l&rsquo;int\u00e9rieur de l&rsquo;ambassade de France \u00e0 Ouagadougou pour disperser des","og_url":"https:\/\/lasentinelle.dz\/index.php\/2022\/10\/02\/burkina-faso-la-colere-monte-contre-la-france\/","og_site_name":"La Sentinelle","article_publisher":"https:\/\/www.facebook.com\/La-Sentinelle-104059864394773","article_published_time":"2022-10-02T20:45:00+00:00","og_image":[{"width":1601,"height":900,"url":"https:\/\/lasentinelle.dz\/wp-content\/uploads\/2022\/10\/ambassade-de-france.png","type":"image\/png"}],"author":"La Sentinelle","twitter_card":"summary_large_image","twitter_misc":{"\u00c9crit par":"La Sentinelle","Dur\u00e9e de lecture estim\u00e9e":"3 minutes"},"schema":{"@context":"https:\/\/schema.org","@graph":[{"@type":"Article","@id":"https:\/\/lasentinelle.dz\/index.php\/2022\/10\/02\/burkina-faso-la-colere-monte-contre-la-france\/#article","isPartOf":{"@id":"https:\/\/lasentinelle.dz\/index.php\/2022\/10\/02\/burkina-faso-la-colere-monte-contre-la-france\/"},"author":{"name":"La Sentinelle","@id":"https:\/\/lasentinelle.dz\/#\/schema\/person\/d865044e22e70a75174ce8bcad3acfb3"},"headline":"Burkina Faso\u00a0: La col\u00e8re monte contre la France","datePublished":"2022-10-02T20:45:00+00:00","mainEntityOfPage":{"@id":"https:\/\/lasentinelle.dz\/index.php\/2022\/10\/02\/burkina-faso-la-colere-monte-contre-la-france\/"},"wordCount":481,"commentCount":0,"publisher":{"@id":"https:\/\/lasentinelle.dz\/#organization"},"image":{"@id":"https:\/\/lasentinelle.dz\/index.php\/2022\/10\/02\/burkina-faso-la-colere-monte-contre-la-france\/#primaryimage"},"thumbnailUrl":"https:\/\/lasentinelle.dz\/wp-content\/uploads\/2022\/10\/ambassade-de-france.png","articleSection":["\u00c0 la Une","Monde"],"inLanguage":"fr-FR","potentialAction":[{"@type":"CommentAction","name":"Comment","target":["https:\/\/lasentinelle.dz\/index.php\/2022\/10\/02\/burkina-faso-la-colere-monte-contre-la-france\/#respond"]}]},{"@type":"WebPage","@id":"https:\/\/lasentinelle.dz\/index.php\/2022\/10\/02\/burkina-faso-la-colere-monte-contre-la-france\/","url":"https:\/\/lasentinelle.dz\/index.php\/2022\/10\/02\/burkina-faso-la-colere-monte-contre-la-france\/","name":"Burkina Faso\u00a0: La col\u00e8re monte contre la France - La Sentinelle","isPartOf":{"@id":"https:\/\/lasentinelle.dz\/#website"},"primaryImageOfPage":{"@id":"https:\/\/lasentinelle.dz\/index.php\/2022\/10\/02\/burkina-faso-la-colere-monte-contre-la-france\/#primaryimage"},"image":{"@id":"https:\/\/lasentinelle.dz\/index.php\/2022\/10\/02\/burkina-faso-la-colere-monte-contre-la-france\/#primaryimage"},"thumbnailUrl":"https:\/\/lasentinelle.dz\/wp-content\/uploads\/2022\/10\/ambassade-de-france.png","datePublished":"2022-10-02T20:45:00+00:00","breadcrumb":{"@id":"https:\/\/lasentinelle.dz\/index.php\/2022\/10\/02\/burkina-faso-la-colere-monte-contre-la-france\/#breadcrumb"},"inLanguage":"fr-FR","potentialAction":[{"@type":"ReadAction","target":["https:\/\/lasentinelle.dz\/index.php\/2022\/10\/02\/burkina-faso-la-colere-monte-contre-la-france\/"]}]},{"@type":"ImageObject","inLanguage":"fr-FR","@id":"https:\/\/lasentinelle.dz\/index.php\/2022\/10\/02\/burkina-faso-la-colere-monte-contre-la-france\/#primaryimage","url":"https:\/\/lasentinelle.dz\/wp-content\/uploads\/2022\/10\/ambassade-de-france.png","contentUrl":"https:\/\/lasentinelle.dz\/wp-content\/uploads\/2022\/10\/ambassade-de-france.png","width":1601,"height":900},{"@type":"BreadcrumbList","@id":"https:\/\/lasentinelle.dz\/index.php\/2022\/10\/02\/burkina-faso-la-colere-monte-contre-la-france\/#breadcrumb","itemListElement":[{"@type":"ListItem","position":1,"name":"Accueil","item":"https:\/\/lasentinelle.dz\/"},{"@type":"ListItem","position":2,"name":"Burkina Faso\u00a0: La col\u00e8re monte contre la France"}]},{"@type":"WebSite","@id":"https:\/\/lasentinelle.dz\/#website","url":"https:\/\/lasentinelle.dz\/","name":"La Sentinelle","description":"Quotidien national d&#039;information","publisher":{"@id":"https:\/\/lasentinelle.dz\/#organization"},"potentialAction":[{"@type":"SearchAction","target":{"@type":"EntryPoint","urlTemplate":"https:\/\/lasentinelle.dz\/?s={search_term_string}"},"query-input":{"@type":"PropertyValueSpecification","valueRequired":true,"valueName":"search_term_string"}}],"inLanguage":"fr-FR"},{"@type":"Organization","@id":"https:\/\/lasentinelle.dz\/#organization","name":"Quotidien La Sentinelle","url":"https:\/\/lasentinelle.dz\/","logo":{"@type":"ImageObject","inLanguage":"fr-FR","@id":"https:\/\/lasentinelle.dz\/#\/schema\/logo\/image\/","url":"https:\/\/lasentinelle.dz\/wp-content\/uploads\/2021\/09\/logo-sentinelleSLOGAN-1.png","contentUrl":"https:\/\/lasentinelle.dz\/wp-content\/uploads\/2021\/09\/logo-sentinelleSLOGAN-1.png","width":615,"height":142,"caption":"Quotidien La Sentinelle"},"image":{"@id":"https:\/\/lasentinelle.dz\/#\/schema\/logo\/image\/"},"sameAs":["https:\/\/www.facebook.com\/La-Sentinelle-104059864394773"]},{"@type":"Person","@id":"https:\/\/lasentinelle.dz\/#\/schema\/person\/d865044e22e70a75174ce8bcad3acfb3","name":"La Sentinelle","image":{"@type":"ImageObject","inLanguage":"fr-FR","@id":"https:\/\/secure.gravatar.com\/avatar\/57de8e5d4b15d43fb361a71fbb36338450fe67865b528a43dd10ef7c51a20392?s=96&d=mm&r=g","url":"https:\/\/secure.gravatar.com\/avatar\/57de8e5d4b15d43fb361a71fbb36338450fe67865b528a43dd10ef7c51a20392?s=96&d=mm&r=g","contentUrl":"https:\/\/secure.gravatar.com\/avatar\/57de8e5d4b15d43fb361a71fbb36338450fe67865b528a43dd10ef7c51a20392?s=96&d=mm&r=g","caption":"La Sentinelle"},"sameAs":["http:\/\/www.lasentinelle.dz"],"url":"https:\/\/lasentinelle.dz\/author\/redaction\/"}]}},"_links":{"self":[{"href":"https:\/\/lasentinelle.dz\/index.php\/wp-json\/wp\/v2\/posts\/28296","targetHints":{"allow":["GET"]}}],"collection":[{"href":"https:\/\/lasentinelle.dz\/index.php\/wp-json\/wp\/v2\/posts"}],"about":[{"href":"https:\/\/lasentinelle.dz\/index.php\/wp-json\/wp\/v2\/types\/post"}],"author":[{"embeddable":true,"href":"https:\/\/lasentinelle.dz\/index.php\/wp-json\/wp\/v2\/users\/3"}],"replies":[{"embeddable":true,"href":"https:\/\/lasentinelle.dz\/index.php\/wp-json\/wp\/v2\/comments?post=28296"}],"version-history":[{"count":1,"href":"https:\/\/lasentinelle.dz\/index.php\/wp-json\/wp\/v2\/posts\/28296\/revisions"}],"predecessor-version":[{"id":28298,"href":"https:\/\/lasentinelle.dz\/index.php\/wp-json\/wp\/v2\/posts\/28296\/revisions\/28298"}],"wp:featuredmedia":[{"embeddable":true,"href":"https:\/\/lasentinelle.dz\/index.php\/wp-json\/wp\/v2\/media\/28297"}],"wp:attachment":[{"href":"https:\/\/lasentinelle.dz\/index.php\/wp-json\/wp\/v2\/media?parent=28296"}],"wp:term":[{"taxonomy":"category","embeddable":true,"href":"https:\/\/lasentinelle.dz\/index.php\/wp-json\/wp\/v2\/categories?post=28296"},{"taxonomy":"post_tag","embeddable":true,"href":"https:\/\/lasentinelle.dz\/index.php\/wp-json\/wp\/v2\/tags?post=28296"}],"curies":[{"name":"wp","href":"https:\/\/api.w.org\/{rel}","templated":true}]}}