{"id":28353,"date":"2022-10-02T00:05:00","date_gmt":"2022-10-01T23:05:00","guid":{"rendered":"https:\/\/lasentinelle.dz\/?p=28353"},"modified":"2022-10-02T20:49:41","modified_gmt":"2022-10-02T19:49:41","slug":"les-factions-palestiniennes-a-alger-pour-se-reconcilier-le-pari-de-la-paix","status":"publish","type":"post","link":"https:\/\/lasentinelle.dz\/index.php\/2022\/10\/02\/les-factions-palestiniennes-a-alger-pour-se-reconcilier-le-pari-de-la-paix\/","title":{"rendered":"Les factions palestiniennes \u00e0 Alger pour se r\u00e9concilier\u00a0: Le pari de la paix"},"content":{"rendered":"\n<p>Les repr\u00e9sentants de 14 factions palestiniennes sont attendus Alger pour amorcer des discussions afin de mettre fin aux profondes divisions qui les minent. La remarque est surtout valable pour les deux plus importants partis palestiniens, le Fatah et le mouvement Hamas, qui s\u2019inscrivent depuis plusieurs ann\u00e9es dans une logique de rivalit\u00e9. Le conflit Fatah\u2013Hamas, appel\u00e9 \u00e9galement le \u00ab conflit des Fr\u00e8res \u00bb, a d\u00e9but\u00e9 en 2006 apr\u00e8s la victoire du Hamas aux \u00e9lections l\u00e9gislatives. Ce conflit, parfois arm\u00e9, a vite d\u00e9bouch\u00e9 sur une confrontation entre l\u2019Autorit\u00e9 palestinienne et le Hamas.<\/p>\n\n\n\n<p>Avec le temps, cette rivalit\u00e9 a fini par donner naissance \u00e0 deux r\u00e9gimes politiques revendiquant une repr\u00e9sentation du peuple palestinien. Depuis, le Fatah dirige l\u2019Autorit\u00e9 palestinienne en Cisjordanie et le Hamas \u00e0 Ghaza. Cette fracture a affaibli consid\u00e9rablement la lutte des Palestiniens contre l\u2019entit\u00e9 sioniste. Celle-ci a mis \u00e0 profit les divisions palestiniennes pour implanter davantage de colonies dans les territoires palestiniens et rendre quasi impossible la cr\u00e9ation d\u2019un Etat palestinien. De nombreuses tentatives de r\u00e9concilier le Fatah et le mouvement Hamas ont bien \u00e9t\u00e9 men\u00e9es depuis. Elles sont cependant toutes sold\u00e9es par des \u00e9checs. Les accords conclus entre eux \u00e0 l\u2019issue de leurs rencontres n\u2019ont jamais \u00e9t\u00e9 r\u00e9ellement appliqu\u00e9s, ce qui a accentu\u00e9 la m\u00e9fiance entre les deux parties.&nbsp;&nbsp;&nbsp;<\/p>\n\n\n\n<p>L\u2019Alg\u00e9rie a d\u00e9cid\u00e9 de mettre \u00e0 profit le prochain sommet de la Ligue arabe qu\u2019elle accueillera le 1er et 2 novembre prochain pour convaincre les chefs des factions palestiniennes d\u2019enterrer la hache de guerre et de cr\u00e9er un front unique et soud\u00e9 pour face \u00e0 l\u2019entit\u00e9 sioniste. Pour y parvenir, les autorit\u00e9s alg\u00e9riennes ont mobilis\u00e9 depuis plusieurs mois leur appareil diplomatique afin de rapprocher les points de vue des uns et des autres. L\u2019initiative alg\u00e9rienne a d\u2019embl\u00e9e re\u00e7u un \u00e9cho favorable aupr\u00e8s des Palestiniens, surtout que l\u2019Alg\u00e9rie a beaucoup fait par le pass\u00e9 pour la cause palestinienne. Elle est per\u00e7ue par tous les Palestiniens comme leur plus grand soutien.&nbsp;<\/p>\n\n\n\n<p>L\u2019acte I de la r\u00e9conciliation palestinienne s\u2019est jou\u00e9 le 5 juillet dernier \u00e0 Alger. Invit\u00e9s \u00e0 assister \u00e0 la c\u00e9l\u00e9bration du 60e anniversaire de l\u2019Ind\u00e9pendance, les leaders du Fatah et du mouvement Hama, Mahmoud Abbas et Isma\u00ebl Haniyeh, ont accept\u00e9 de se rencontrer. Leur rencontre a \u00e9t\u00e9 d\u2019ailleurs immortalis\u00e9e par une photo les montrant avec le pr\u00e9sident Abdelmadjid Tebboune entrain de se donner une chaleureuse poign\u00e9e de main. Les observateurs ont d\u00e9crit cette sc\u00e8ne comme un \u00e9l\u00e9ment de bon augure pour la suite des \u00e9v\u00e9nements.&nbsp;&nbsp;&nbsp;&nbsp;<\/p>\n\n\n\n<p>Le fait qu\u2019aujourd\u2019hui l\u2019ensemble des factions palestiniennes aient accept\u00e9 de se r\u00e9unir \u00e0 Alger rend possible tous les espoirs. Selon plusieurs sources, l\u2019Alg\u00e9rie compte pr\u00e9senter durant cette r\u00e9union des factions palestiniennes une feuille de route susceptible de permettre aux Palestiniens de tous les bords politiques de sceller une r\u00e9conciliation durable. Le document qui sera soumis \u00e0 adoption pr\u00e9voirait ainsi les \u00e9tapes successives pour l\u2019unification des factions palestiniennes sous l\u2019autorit\u00e9 de l\u2019Organisation de lib\u00e9ration de la Palestine (OLP). Pour donner une chance \u00e0 la rencontre d\u2019atteindre ses objectifs, l\u2019Alg\u00e9rie a sugg\u00e9r\u00e9 aux Palestiniens la discr\u00e9tion la plus totale. De nombreux m\u00e9dias arabes rapportent que les chefs des principales factions palestiniennes ont accept\u00e9 de se plier aux conditions alg\u00e9riennes surtout qu\u2019ils voient tous la rencontre d\u2019Alger comme une sorte de nouveau d\u00e9part de leur lutte pour la libert\u00e9.<\/p>\n\n\n\n<p>A ce propos, le pr\u00e9sident Mahmoud Abbas a soulign\u00e9 vendredi, lors d\u2019une r\u00e9union du comit\u00e9 central du Fatah,&nbsp; qu\u2019il y a une forte volont\u00e9 au sein de son mouvement de \u00ab r\u00e9pondre favorablement aux efforts de r\u00e9conciliation d\u00e9ploy\u00e9s et d\u2019\u0153uvrer pour leur succ\u00e8s afin de parvenir \u00e0 une r\u00e9conciliation bas\u00e9e sur les r\u00e9solutions de la l\u00e9gitimit\u00e9 internationale et la reconnaissance que l\u2019OLP (Organisation de lib\u00e9ration de la Palestine) est le repr\u00e9sentant l\u00e9gitime et unique du peuple palestinien \u00bb. De son c\u00f4t\u00e9, Saleh al-Arouri, chef adjoint du bureau politique du Hamas, a insist\u00e9 sur l\u2019id\u00e9e que \u00ab le mouvement a pour principe de ne manquer aucune occasion pour parvenir \u00e0 la r\u00e9conciliation et mettre fin \u00e0 la division \u00bb. Il a ajout\u00e9 qu\u2019il avait inform\u00e9 l\u2019Alg\u00e9rie de sa disponibilit\u00e9 et de son s\u00e9rieux \u00e0 participer dans les rencontres de r\u00e9conciliation en Alg\u00e9rie. Plus globalement, il est certain qu\u2019un succ\u00e8s de la rencontre des factions palestiniennes permettra \u00e0 la Ligue arabe d\u2019avoir \u00e9galement un atout majeur pour d\u00e9fendre la cause palestinienne dans les instances internationales.&nbsp;&nbsp;<\/p>\n\n\n\n<p>A ce propos, l\u2019ambassadeur de l&rsquo;Etat de Palestine \u00e0 Alger, Fayez Abu Aita, a affirm\u00e9, jeudi, que le Sommet arabe d&rsquo;Alger \u00abconstituera le plus grand \u00e9v\u00e9nement politique international en faveur de la cause palestinienne \u00bb, exprimant sa conviction quant \u00e0 la capacit\u00e9 de l&rsquo;Alg\u00e9rie, sous la direction du pr\u00e9sident Abdelmadjid Tebboune, d&rsquo;unifier les factions palestiniennes et de conjuguer les efforts des pays arabes pour relever les d\u00e9fis auxquels fait face la nation arabo-musulmane. M. Abu Aita a fait savoir en outre que le Sommet arabe d\u2019Alger sera \u00ab exceptionnel \u00bb sur tous les plans, compte tenu des pr\u00e9paratifs remarquables refl\u00e9tant \u00ab l&rsquo;attachement profond de l&rsquo;Alg\u00e9rie \u00bb \u00e0 prendre en charge toutes les questions arabes et \u00e0 relever tous les d\u00e9fis qui menacent l&rsquo;unit\u00e9 de ses rangs.<\/p>\n\n\n\n<p><strong>Khider Larbi<\/strong><\/p>\n","protected":false},"excerpt":{"rendered":"<p>Les repr\u00e9sentants de 14 factions palestiniennes sont attendus Alger pour amorcer des discussions afin de mettre fin aux profondes divisions<\/p>\n","protected":false},"author":3,"featured_media":28358,"comment_status":"open","ping_status":"closed","sticky":false,"template":"","format":"standard","meta":{"colormag_page_container_layout":"default_layout","colormag_page_sidebar_layout":"default_layout","om_disable_all_campaigns":false,"_monsterinsights_skip_tracking":false,"_monsterinsights_sitenote_active":false,"_monsterinsights_sitenote_note":"","_monsterinsights_sitenote_category":0,"footnotes":"","_wpscppro_dont_share_socialmedia":false,"_wpscppro_custom_social_share_image":0,"_facebook_share_type":"","_twitter_share_type":"","_linkedin_share_type":"","_pinterest_share_type":"","_linkedin_share_type_page":"","_instagram_share_type":"","_medium_share_type":"","_threads_share_type":"","_google_business_share_type":"","_selected_social_profile":[],"_wpsp_enable_custom_social_template":false,"_wpsp_social_scheduling":{"enabled":false,"datetime":null,"platforms":[],"status":"template_only","dateOption":"today","timeOption":"now","customDays":"","customHours":"","customDate":"","customTime":"","schedulingType":"absolute"},"_wpsp_active_default_template":true},"categories":[27],"tags":[],"class_list":["post-28353","post","type-post","status-publish","format-standard","has-post-thumbnail","hentry","category-actualite"],"aioseo_notices":[],"yoast_head":"<!-- This site is optimized with the Yoast SEO plugin v27.5 - https:\/\/yoast.com\/product\/yoast-seo-wordpress\/ -->\n<title>Les factions palestiniennes \u00e0 Alger pour se r\u00e9concilier\u00a0: Le pari de la paix - La Sentinelle<\/title>\n<meta name=\"robots\" content=\"index, follow, max-snippet:-1, max-image-preview:large, max-video-preview:-1\" \/>\n<link rel=\"canonical\" href=\"https:\/\/lasentinelle.dz\/index.php\/2022\/10\/02\/les-factions-palestiniennes-a-alger-pour-se-reconcilier-le-pari-de-la-paix\/\" \/>\n<meta property=\"og:locale\" content=\"fr_FR\" \/>\n<meta property=\"og:type\" content=\"article\" \/>\n<meta property=\"og:title\" content=\"Les factions palestiniennes \u00e0 Alger pour se r\u00e9concilier\u00a0: Le pari de la paix - La Sentinelle\" \/>\n<meta property=\"og:description\" content=\"Les repr\u00e9sentants de 14 factions palestiniennes sont attendus Alger pour amorcer des discussions afin de mettre fin aux profondes divisions\" \/>\n<meta property=\"og:url\" content=\"https:\/\/lasentinelle.dz\/index.php\/2022\/10\/02\/les-factions-palestiniennes-a-alger-pour-se-reconcilier-le-pari-de-la-paix\/\" \/>\n<meta property=\"og:site_name\" content=\"La Sentinelle\" \/>\n<meta property=\"article:publisher\" content=\"https:\/\/www.facebook.com\/La-Sentinelle-104059864394773\" \/>\n<meta property=\"article:published_time\" content=\"2022-10-01T23:05:00+00:00\" \/>\n<meta property=\"article:modified_time\" content=\"2022-10-02T19:49:41+00:00\" \/>\n<meta property=\"og:image\" content=\"https:\/\/lasentinelle.dz\/wp-content\/uploads\/2022\/10\/faction.png\" \/>\n\t<meta property=\"og:image:width\" content=\"1350\" \/>\n\t<meta property=\"og:image:height\" content=\"900\" \/>\n\t<meta property=\"og:image:type\" content=\"image\/png\" \/>\n<meta name=\"author\" content=\"La Sentinelle\" \/>\n<meta name=\"twitter:card\" content=\"summary_large_image\" \/>\n<meta name=\"twitter:label1\" content=\"\u00c9crit par\" \/>\n\t<meta name=\"twitter:data1\" content=\"La Sentinelle\" \/>\n\t<meta name=\"twitter:label2\" content=\"Dur\u00e9e de lecture estim\u00e9e\" \/>\n\t<meta name=\"twitter:data2\" content=\"5 minutes\" \/>\n<script type=\"application\/ld+json\" class=\"yoast-schema-graph\">{\"@context\":\"https:\\\/\\\/schema.org\",\"@graph\":[{\"@type\":\"Article\",\"@id\":\"https:\\\/\\\/lasentinelle.dz\\\/index.php\\\/2022\\\/10\\\/02\\\/les-factions-palestiniennes-a-alger-pour-se-reconcilier-le-pari-de-la-paix\\\/#article\",\"isPartOf\":{\"@id\":\"https:\\\/\\\/lasentinelle.dz\\\/index.php\\\/2022\\\/10\\\/02\\\/les-factions-palestiniennes-a-alger-pour-se-reconcilier-le-pari-de-la-paix\\\/\"},\"author\":{\"name\":\"La Sentinelle\",\"@id\":\"https:\\\/\\\/lasentinelle.dz\\\/#\\\/schema\\\/person\\\/d865044e22e70a75174ce8bcad3acfb3\"},\"headline\":\"Les factions palestiniennes \u00e0 Alger pour se r\u00e9concilier\u00a0: Le pari de la paix\",\"datePublished\":\"2022-10-01T23:05:00+00:00\",\"dateModified\":\"2022-10-02T19:49:41+00:00\",\"mainEntityOfPage\":{\"@id\":\"https:\\\/\\\/lasentinelle.dz\\\/index.php\\\/2022\\\/10\\\/02\\\/les-factions-palestiniennes-a-alger-pour-se-reconcilier-le-pari-de-la-paix\\\/\"},\"wordCount\":962,\"commentCount\":0,\"publisher\":{\"@id\":\"https:\\\/\\\/lasentinelle.dz\\\/#organization\"},\"image\":{\"@id\":\"https:\\\/\\\/lasentinelle.dz\\\/index.php\\\/2022\\\/10\\\/02\\\/les-factions-palestiniennes-a-alger-pour-se-reconcilier-le-pari-de-la-paix\\\/#primaryimage\"},\"thumbnailUrl\":\"https:\\\/\\\/lasentinelle.dz\\\/wp-content\\\/uploads\\\/2022\\\/10\\\/faction.png\",\"articleSection\":[\"Actualit\u00e9\"],\"inLanguage\":\"fr-FR\",\"potentialAction\":[{\"@type\":\"CommentAction\",\"name\":\"Comment\",\"target\":[\"https:\\\/\\\/lasentinelle.dz\\\/index.php\\\/2022\\\/10\\\/02\\\/les-factions-palestiniennes-a-alger-pour-se-reconcilier-le-pari-de-la-paix\\\/#respond\"]}]},{\"@type\":\"WebPage\",\"@id\":\"https:\\\/\\\/lasentinelle.dz\\\/index.php\\\/2022\\\/10\\\/02\\\/les-factions-palestiniennes-a-alger-pour-se-reconcilier-le-pari-de-la-paix\\\/\",\"url\":\"https:\\\/\\\/lasentinelle.dz\\\/index.php\\\/2022\\\/10\\\/02\\\/les-factions-palestiniennes-a-alger-pour-se-reconcilier-le-pari-de-la-paix\\\/\",\"name\":\"Les factions palestiniennes \u00e0 Alger pour se r\u00e9concilier\u00a0: Le pari de la paix - La Sentinelle\",\"isPartOf\":{\"@id\":\"https:\\\/\\\/lasentinelle.dz\\\/#website\"},\"primaryImageOfPage\":{\"@id\":\"https:\\\/\\\/lasentinelle.dz\\\/index.php\\\/2022\\\/10\\\/02\\\/les-factions-palestiniennes-a-alger-pour-se-reconcilier-le-pari-de-la-paix\\\/#primaryimage\"},\"image\":{\"@id\":\"https:\\\/\\\/lasentinelle.dz\\\/index.php\\\/2022\\\/10\\\/02\\\/les-factions-palestiniennes-a-alger-pour-se-reconcilier-le-pari-de-la-paix\\\/#primaryimage\"},\"thumbnailUrl\":\"https:\\\/\\\/lasentinelle.dz\\\/wp-content\\\/uploads\\\/2022\\\/10\\\/faction.png\",\"datePublished\":\"2022-10-01T23:05:00+00:00\",\"dateModified\":\"2022-10-02T19:49:41+00:00\",\"breadcrumb\":{\"@id\":\"https:\\\/\\\/lasentinelle.dz\\\/index.php\\\/2022\\\/10\\\/02\\\/les-factions-palestiniennes-a-alger-pour-se-reconcilier-le-pari-de-la-paix\\\/#breadcrumb\"},\"inLanguage\":\"fr-FR\",\"potentialAction\":[{\"@type\":\"ReadAction\",\"target\":[\"https:\\\/\\\/lasentinelle.dz\\\/index.php\\\/2022\\\/10\\\/02\\\/les-factions-palestiniennes-a-alger-pour-se-reconcilier-le-pari-de-la-paix\\\/\"]}]},{\"@type\":\"ImageObject\",\"inLanguage\":\"fr-FR\",\"@id\":\"https:\\\/\\\/lasentinelle.dz\\\/index.php\\\/2022\\\/10\\\/02\\\/les-factions-palestiniennes-a-alger-pour-se-reconcilier-le-pari-de-la-paix\\\/#primaryimage\",\"url\":\"https:\\\/\\\/lasentinelle.dz\\\/wp-content\\\/uploads\\\/2022\\\/10\\\/faction.png\",\"contentUrl\":\"https:\\\/\\\/lasentinelle.dz\\\/wp-content\\\/uploads\\\/2022\\\/10\\\/faction.png\",\"width\":1350,\"height\":900},{\"@type\":\"BreadcrumbList\",\"@id\":\"https:\\\/\\\/lasentinelle.dz\\\/index.php\\\/2022\\\/10\\\/02\\\/les-factions-palestiniennes-a-alger-pour-se-reconcilier-le-pari-de-la-paix\\\/#breadcrumb\",\"itemListElement\":[{\"@type\":\"ListItem\",\"position\":1,\"name\":\"Accueil\",\"item\":\"https:\\\/\\\/lasentinelle.dz\\\/\"},{\"@type\":\"ListItem\",\"position\":2,\"name\":\"Les factions palestiniennes \u00e0 Alger pour se r\u00e9concilier\u00a0: Le pari de la paix\"}]},{\"@type\":\"WebSite\",\"@id\":\"https:\\\/\\\/lasentinelle.dz\\\/#website\",\"url\":\"https:\\\/\\\/lasentinelle.dz\\\/\",\"name\":\"La Sentinelle\",\"description\":\"Quotidien national d&#039;information\",\"publisher\":{\"@id\":\"https:\\\/\\\/lasentinelle.dz\\\/#organization\"},\"potentialAction\":[{\"@type\":\"SearchAction\",\"target\":{\"@type\":\"EntryPoint\",\"urlTemplate\":\"https:\\\/\\\/lasentinelle.dz\\\/?s={search_term_string}\"},\"query-input\":{\"@type\":\"PropertyValueSpecification\",\"valueRequired\":true,\"valueName\":\"search_term_string\"}}],\"inLanguage\":\"fr-FR\"},{\"@type\":\"Organization\",\"@id\":\"https:\\\/\\\/lasentinelle.dz\\\/#organization\",\"name\":\"Quotidien La Sentinelle\",\"url\":\"https:\\\/\\\/lasentinelle.dz\\\/\",\"logo\":{\"@type\":\"ImageObject\",\"inLanguage\":\"fr-FR\",\"@id\":\"https:\\\/\\\/lasentinelle.dz\\\/#\\\/schema\\\/logo\\\/image\\\/\",\"url\":\"https:\\\/\\\/lasentinelle.dz\\\/wp-content\\\/uploads\\\/2021\\\/09\\\/logo-sentinelleSLOGAN-1.png\",\"contentUrl\":\"https:\\\/\\\/lasentinelle.dz\\\/wp-content\\\/uploads\\\/2021\\\/09\\\/logo-sentinelleSLOGAN-1.png\",\"width\":615,\"height\":142,\"caption\":\"Quotidien La Sentinelle\"},\"image\":{\"@id\":\"https:\\\/\\\/lasentinelle.dz\\\/#\\\/schema\\\/logo\\\/image\\\/\"},\"sameAs\":[\"https:\\\/\\\/www.facebook.com\\\/La-Sentinelle-104059864394773\"]},{\"@type\":\"Person\",\"@id\":\"https:\\\/\\\/lasentinelle.dz\\\/#\\\/schema\\\/person\\\/d865044e22e70a75174ce8bcad3acfb3\",\"name\":\"La Sentinelle\",\"image\":{\"@type\":\"ImageObject\",\"inLanguage\":\"fr-FR\",\"@id\":\"https:\\\/\\\/secure.gravatar.com\\\/avatar\\\/57de8e5d4b15d43fb361a71fbb36338450fe67865b528a43dd10ef7c51a20392?s=96&d=mm&r=g\",\"url\":\"https:\\\/\\\/secure.gravatar.com\\\/avatar\\\/57de8e5d4b15d43fb361a71fbb36338450fe67865b528a43dd10ef7c51a20392?s=96&d=mm&r=g\",\"contentUrl\":\"https:\\\/\\\/secure.gravatar.com\\\/avatar\\\/57de8e5d4b15d43fb361a71fbb36338450fe67865b528a43dd10ef7c51a20392?s=96&d=mm&r=g\",\"caption\":\"La Sentinelle\"},\"sameAs\":[\"http:\\\/\\\/www.lasentinelle.dz\"],\"url\":\"https:\\\/\\\/lasentinelle.dz\\\/author\\\/redaction\\\/\"}]}<\/script>\n<!-- \/ Yoast SEO plugin. -->","yoast_head_json":{"title":"Les factions palestiniennes \u00e0 Alger pour se r\u00e9concilier\u00a0: Le pari de la paix - La Sentinelle","robots":{"index":"index","follow":"follow","max-snippet":"max-snippet:-1","max-image-preview":"max-image-preview:large","max-video-preview":"max-video-preview:-1"},"canonical":"https:\/\/lasentinelle.dz\/index.php\/2022\/10\/02\/les-factions-palestiniennes-a-alger-pour-se-reconcilier-le-pari-de-la-paix\/","og_locale":"fr_FR","og_type":"article","og_title":"Les factions palestiniennes \u00e0 Alger pour se r\u00e9concilier\u00a0: Le pari de la paix - La Sentinelle","og_description":"Les repr\u00e9sentants de 14 factions palestiniennes sont attendus Alger pour amorcer des discussions afin de mettre fin aux profondes divisions","og_url":"https:\/\/lasentinelle.dz\/index.php\/2022\/10\/02\/les-factions-palestiniennes-a-alger-pour-se-reconcilier-le-pari-de-la-paix\/","og_site_name":"La Sentinelle","article_publisher":"https:\/\/www.facebook.com\/La-Sentinelle-104059864394773","article_published_time":"2022-10-01T23:05:00+00:00","article_modified_time":"2022-10-02T19:49:41+00:00","og_image":[{"width":1350,"height":900,"url":"https:\/\/lasentinelle.dz\/wp-content\/uploads\/2022\/10\/faction.png","type":"image\/png"}],"author":"La Sentinelle","twitter_card":"summary_large_image","twitter_misc":{"\u00c9crit par":"La Sentinelle","Dur\u00e9e de lecture estim\u00e9e":"5 minutes"},"schema":{"@context":"https:\/\/schema.org","@graph":[{"@type":"Article","@id":"https:\/\/lasentinelle.dz\/index.php\/2022\/10\/02\/les-factions-palestiniennes-a-alger-pour-se-reconcilier-le-pari-de-la-paix\/#article","isPartOf":{"@id":"https:\/\/lasentinelle.dz\/index.php\/2022\/10\/02\/les-factions-palestiniennes-a-alger-pour-se-reconcilier-le-pari-de-la-paix\/"},"author":{"name":"La Sentinelle","@id":"https:\/\/lasentinelle.dz\/#\/schema\/person\/d865044e22e70a75174ce8bcad3acfb3"},"headline":"Les factions palestiniennes \u00e0 Alger pour se r\u00e9concilier\u00a0: Le pari de la paix","datePublished":"2022-10-01T23:05:00+00:00","dateModified":"2022-10-02T19:49:41+00:00","mainEntityOfPage":{"@id":"https:\/\/lasentinelle.dz\/index.php\/2022\/10\/02\/les-factions-palestiniennes-a-alger-pour-se-reconcilier-le-pari-de-la-paix\/"},"wordCount":962,"commentCount":0,"publisher":{"@id":"https:\/\/lasentinelle.dz\/#organization"},"image":{"@id":"https:\/\/lasentinelle.dz\/index.php\/2022\/10\/02\/les-factions-palestiniennes-a-alger-pour-se-reconcilier-le-pari-de-la-paix\/#primaryimage"},"thumbnailUrl":"https:\/\/lasentinelle.dz\/wp-content\/uploads\/2022\/10\/faction.png","articleSection":["Actualit\u00e9"],"inLanguage":"fr-FR","potentialAction":[{"@type":"CommentAction","name":"Comment","target":["https:\/\/lasentinelle.dz\/index.php\/2022\/10\/02\/les-factions-palestiniennes-a-alger-pour-se-reconcilier-le-pari-de-la-paix\/#respond"]}]},{"@type":"WebPage","@id":"https:\/\/lasentinelle.dz\/index.php\/2022\/10\/02\/les-factions-palestiniennes-a-alger-pour-se-reconcilier-le-pari-de-la-paix\/","url":"https:\/\/lasentinelle.dz\/index.php\/2022\/10\/02\/les-factions-palestiniennes-a-alger-pour-se-reconcilier-le-pari-de-la-paix\/","name":"Les factions palestiniennes \u00e0 Alger pour se r\u00e9concilier\u00a0: Le pari de la paix - La Sentinelle","isPartOf":{"@id":"https:\/\/lasentinelle.dz\/#website"},"primaryImageOfPage":{"@id":"https:\/\/lasentinelle.dz\/index.php\/2022\/10\/02\/les-factions-palestiniennes-a-alger-pour-se-reconcilier-le-pari-de-la-paix\/#primaryimage"},"image":{"@id":"https:\/\/lasentinelle.dz\/index.php\/2022\/10\/02\/les-factions-palestiniennes-a-alger-pour-se-reconcilier-le-pari-de-la-paix\/#primaryimage"},"thumbnailUrl":"https:\/\/lasentinelle.dz\/wp-content\/uploads\/2022\/10\/faction.png","datePublished":"2022-10-01T23:05:00+00:00","dateModified":"2022-10-02T19:49:41+00:00","breadcrumb":{"@id":"https:\/\/lasentinelle.dz\/index.php\/2022\/10\/02\/les-factions-palestiniennes-a-alger-pour-se-reconcilier-le-pari-de-la-paix\/#breadcrumb"},"inLanguage":"fr-FR","potentialAction":[{"@type":"ReadAction","target":["https:\/\/lasentinelle.dz\/index.php\/2022\/10\/02\/les-factions-palestiniennes-a-alger-pour-se-reconcilier-le-pari-de-la-paix\/"]}]},{"@type":"ImageObject","inLanguage":"fr-FR","@id":"https:\/\/lasentinelle.dz\/index.php\/2022\/10\/02\/les-factions-palestiniennes-a-alger-pour-se-reconcilier-le-pari-de-la-paix\/#primaryimage","url":"https:\/\/lasentinelle.dz\/wp-content\/uploads\/2022\/10\/faction.png","contentUrl":"https:\/\/lasentinelle.dz\/wp-content\/uploads\/2022\/10\/faction.png","width":1350,"height":900},{"@type":"BreadcrumbList","@id":"https:\/\/lasentinelle.dz\/index.php\/2022\/10\/02\/les-factions-palestiniennes-a-alger-pour-se-reconcilier-le-pari-de-la-paix\/#breadcrumb","itemListElement":[{"@type":"ListItem","position":1,"name":"Accueil","item":"https:\/\/lasentinelle.dz\/"},{"@type":"ListItem","position":2,"name":"Les factions palestiniennes \u00e0 Alger pour se r\u00e9concilier\u00a0: Le pari de la paix"}]},{"@type":"WebSite","@id":"https:\/\/lasentinelle.dz\/#website","url":"https:\/\/lasentinelle.dz\/","name":"La Sentinelle","description":"Quotidien national d&#039;information","publisher":{"@id":"https:\/\/lasentinelle.dz\/#organization"},"potentialAction":[{"@type":"SearchAction","target":{"@type":"EntryPoint","urlTemplate":"https:\/\/lasentinelle.dz\/?s={search_term_string}"},"query-input":{"@type":"PropertyValueSpecification","valueRequired":true,"valueName":"search_term_string"}}],"inLanguage":"fr-FR"},{"@type":"Organization","@id":"https:\/\/lasentinelle.dz\/#organization","name":"Quotidien La Sentinelle","url":"https:\/\/lasentinelle.dz\/","logo":{"@type":"ImageObject","inLanguage":"fr-FR","@id":"https:\/\/lasentinelle.dz\/#\/schema\/logo\/image\/","url":"https:\/\/lasentinelle.dz\/wp-content\/uploads\/2021\/09\/logo-sentinelleSLOGAN-1.png","contentUrl":"https:\/\/lasentinelle.dz\/wp-content\/uploads\/2021\/09\/logo-sentinelleSLOGAN-1.png","width":615,"height":142,"caption":"Quotidien La Sentinelle"},"image":{"@id":"https:\/\/lasentinelle.dz\/#\/schema\/logo\/image\/"},"sameAs":["https:\/\/www.facebook.com\/La-Sentinelle-104059864394773"]},{"@type":"Person","@id":"https:\/\/lasentinelle.dz\/#\/schema\/person\/d865044e22e70a75174ce8bcad3acfb3","name":"La Sentinelle","image":{"@type":"ImageObject","inLanguage":"fr-FR","@id":"https:\/\/secure.gravatar.com\/avatar\/57de8e5d4b15d43fb361a71fbb36338450fe67865b528a43dd10ef7c51a20392?s=96&d=mm&r=g","url":"https:\/\/secure.gravatar.com\/avatar\/57de8e5d4b15d43fb361a71fbb36338450fe67865b528a43dd10ef7c51a20392?s=96&d=mm&r=g","contentUrl":"https:\/\/secure.gravatar.com\/avatar\/57de8e5d4b15d43fb361a71fbb36338450fe67865b528a43dd10ef7c51a20392?s=96&d=mm&r=g","caption":"La Sentinelle"},"sameAs":["http:\/\/www.lasentinelle.dz"],"url":"https:\/\/lasentinelle.dz\/author\/redaction\/"}]}},"_links":{"self":[{"href":"https:\/\/lasentinelle.dz\/index.php\/wp-json\/wp\/v2\/posts\/28353","targetHints":{"allow":["GET"]}}],"collection":[{"href":"https:\/\/lasentinelle.dz\/index.php\/wp-json\/wp\/v2\/posts"}],"about":[{"href":"https:\/\/lasentinelle.dz\/index.php\/wp-json\/wp\/v2\/types\/post"}],"author":[{"embeddable":true,"href":"https:\/\/lasentinelle.dz\/index.php\/wp-json\/wp\/v2\/users\/3"}],"replies":[{"embeddable":true,"href":"https:\/\/lasentinelle.dz\/index.php\/wp-json\/wp\/v2\/comments?post=28353"}],"version-history":[{"count":1,"href":"https:\/\/lasentinelle.dz\/index.php\/wp-json\/wp\/v2\/posts\/28353\/revisions"}],"predecessor-version":[{"id":28359,"href":"https:\/\/lasentinelle.dz\/index.php\/wp-json\/wp\/v2\/posts\/28353\/revisions\/28359"}],"wp:featuredmedia":[{"embeddable":true,"href":"https:\/\/lasentinelle.dz\/index.php\/wp-json\/wp\/v2\/media\/28358"}],"wp:attachment":[{"href":"https:\/\/lasentinelle.dz\/index.php\/wp-json\/wp\/v2\/media?parent=28353"}],"wp:term":[{"taxonomy":"category","embeddable":true,"href":"https:\/\/lasentinelle.dz\/index.php\/wp-json\/wp\/v2\/categories?post=28353"},{"taxonomy":"post_tag","embeddable":true,"href":"https:\/\/lasentinelle.dz\/index.php\/wp-json\/wp\/v2\/tags?post=28353"}],"curies":[{"name":"wp","href":"https:\/\/api.w.org\/{rel}","templated":true}]}}