{"id":28387,"date":"2022-10-03T22:00:00","date_gmt":"2022-10-03T21:00:00","guid":{"rendered":"https:\/\/lasentinelle.dz\/?p=28387"},"modified":"2022-10-03T18:29:13","modified_gmt":"2022-10-03T17:29:13","slug":"chan-2022-algerie-libye-en-ouverture-le-13-janvier-au-stade-de-baraki","status":"publish","type":"post","link":"https:\/\/lasentinelle.dz\/index.php\/2022\/10\/03\/chan-2022-algerie-libye-en-ouverture-le-13-janvier-au-stade-de-baraki\/","title":{"rendered":"CHAN 2022\u00a0: Alg\u00e9rie-Libye en ouverture le 13 janvier au stade de Baraki"},"content":{"rendered":"\n<p>La Conf\u00e9d\u00e9ration africaine de football a d\u00e9voil\u00e9 hier le calendrier des rencontres du Championnat d\u2019Afrique des Nations que l\u2019Alg\u00e9rie abritera du 13 janvier au 4 f\u00e9vrier prochains. Ce sont les poulains de Madjid Bougherra qui ouvriront le bal face \u00e0 la Libye.<\/p>\n\n\n\n<p>H\u00f4tes de la comp\u00e9tition continentale, les Alg\u00e9riens ouvriront le Championnat d\u2019Afrique des Nations le 13 janvier prochain au stade de Baraki \u00e0 Alger. En effet, selon le calendrier d\u00e9voil\u00e9 par la Conf\u00e9d\u00e9ration africaine (CAF), l&rsquo;\u00c9quipe nationale de football A&rsquo;, compos\u00e9e de joueurs locaux, affrontera son homologue libyenne, le vendredi 13 janvier prochain au stade de Baraki d&rsquo;Alger (17h00), en match d&rsquo;ouverture duCHAN-2022 (report\u00e9 \u00e0 2023), pr\u00e9vue en Alg\u00e9rie du 13 janvier au 4 f\u00e9vrier.L&rsquo;autre match du groupe A, domicili\u00e9 au nouveau stade de Baraki, opposera un peu plus tard en soir\u00e9e l&rsquo;Ethiopie au Mozambique (20h00).Le stade de Baraki doit, rappelons-le \u00eatre r\u00e9ceptionn\u00e9 au mois de d\u00e9cembre prochain et inaugur\u00e9 \u00e0 l\u2019occasion du CHAN.<\/p>\n\n\n\n<p>Les joueurs du s\u00e9lectionneur Madjid Bougherra encha\u00eeneront en affrontant mardi 17 janvier l&rsquo;Ethiopie (17h00), avant de boucler le premier tour en croisant le fer avec le Mozambique, samedi 21 janvier (20h00).Pour la premi\u00e8re fois, 18\u00e9quipes prendront part \u00e0 cette comp\u00e9tition, suite \u00e0 la d\u00e9cision de la CAF d&rsquo;augmenter le nombre d&rsquo;\u00e9quipes participantes. Les \u00e9quipes ont \u00e9t\u00e9 scind\u00e9es en trois groupes de quatre et deux groupes de trois. Les deux premiers des groupes A, B, et C, ainsi que seuls les premiers des groupes D et E se qualifieront pour les quarts de finale.La comp\u00e9tition se jouera aux stades de Baraki (Alger), du 19-mai 1956 (Annaba), Miloud-Hadefi (Oran), et Chahid-Hamlaoui (Constantine).Pour rappel, le tirage au sort de la phase finale s&rsquo;est d\u00e9roul\u00e9 samedi soir \u00e0 l&rsquo;Op\u00e9ra d&rsquo;Alger, en&nbsp; pr\u00e9sence du pr\u00e9sident de la Conf\u00e9d\u00e9ration africaine (CAF) le Sud-africain Patrice Motsepe, des membres du gouvernement, ainsi que d\u2019anciens joueurs de l\u2019\u00e9quipe nationale \u00e0 l&rsquo;instar de Rabah Madjer et Lakhdar Belloumi.<\/p>\n\n\n\n<p><strong>R.S.<\/strong><\/p>\n","protected":false},"excerpt":{"rendered":"<p>La Conf\u00e9d\u00e9ration africaine de football a d\u00e9voil\u00e9 hier le calendrier des rencontres du Championnat d\u2019Afrique des Nations que l\u2019Alg\u00e9rie abritera<\/p>\n","protected":false},"author":3,"featured_media":28391,"comment_status":"open","ping_status":"closed","sticky":false,"template":"","format":"standard","meta":{"colormag_page_container_layout":"default_layout","colormag_page_sidebar_layout":"default_layout","om_disable_all_campaigns":false,"_monsterinsights_skip_tracking":false,"_monsterinsights_sitenote_active":false,"_monsterinsights_sitenote_note":"","_monsterinsights_sitenote_category":0,"footnotes":"","_wpscppro_dont_share_socialmedia":false,"_wpscppro_custom_social_share_image":0,"_facebook_share_type":"","_twitter_share_type":"","_linkedin_share_type":"","_pinterest_share_type":"","_linkedin_share_type_page":"","_instagram_share_type":"","_medium_share_type":"","_threads_share_type":"","_google_business_share_type":"","_selected_social_profile":[],"_wpsp_enable_custom_social_template":false,"_wpsp_social_scheduling":{"enabled":false,"datetime":null,"platforms":[],"status":"template_only","dateOption":"today","timeOption":"now","customDays":"","customHours":"","customDate":"","customTime":"","schedulingType":"absolute"},"_wpsp_active_default_template":true},"categories":[33],"tags":[],"class_list":["post-28387","post","type-post","status-publish","format-standard","has-post-thumbnail","hentry","category-sports"],"aioseo_notices":[],"yoast_head":"<!-- This site is optimized with the Yoast SEO plugin v27.5 - https:\/\/yoast.com\/product\/yoast-seo-wordpress\/ -->\n<title>CHAN 2022\u00a0: Alg\u00e9rie-Libye en ouverture le 13 janvier au stade de Baraki - La Sentinelle<\/title>\n<meta name=\"robots\" content=\"index, follow, max-snippet:-1, max-image-preview:large, max-video-preview:-1\" \/>\n<link rel=\"canonical\" href=\"https:\/\/lasentinelle.dz\/index.php\/2022\/10\/03\/chan-2022-algerie-libye-en-ouverture-le-13-janvier-au-stade-de-baraki\/\" \/>\n<meta property=\"og:locale\" content=\"fr_FR\" \/>\n<meta property=\"og:type\" content=\"article\" \/>\n<meta property=\"og:title\" content=\"CHAN 2022\u00a0: Alg\u00e9rie-Libye en ouverture le 13 janvier au stade de Baraki - La Sentinelle\" \/>\n<meta property=\"og:description\" content=\"La Conf\u00e9d\u00e9ration africaine de football a d\u00e9voil\u00e9 hier le calendrier des rencontres du Championnat d\u2019Afrique des Nations que l\u2019Alg\u00e9rie abritera\" \/>\n<meta property=\"og:url\" content=\"https:\/\/lasentinelle.dz\/index.php\/2022\/10\/03\/chan-2022-algerie-libye-en-ouverture-le-13-janvier-au-stade-de-baraki\/\" \/>\n<meta property=\"og:site_name\" content=\"La Sentinelle\" \/>\n<meta property=\"article:publisher\" content=\"https:\/\/www.facebook.com\/La-Sentinelle-104059864394773\" \/>\n<meta property=\"article:published_time\" content=\"2022-10-03T21:00:00+00:00\" \/>\n<meta property=\"og:image\" content=\"https:\/\/lasentinelle.dz\/wp-content\/uploads\/2022\/10\/Chan.jpeg\" \/>\n\t<meta property=\"og:image:width\" content=\"580\" \/>\n\t<meta property=\"og:image:height\" content=\"350\" \/>\n\t<meta property=\"og:image:type\" content=\"image\/jpeg\" \/>\n<meta name=\"author\" content=\"La Sentinelle\" \/>\n<meta name=\"twitter:card\" content=\"summary_large_image\" \/>\n<meta name=\"twitter:label1\" content=\"\u00c9crit par\" \/>\n\t<meta name=\"twitter:data1\" content=\"La Sentinelle\" \/>\n\t<meta name=\"twitter:label2\" content=\"Dur\u00e9e de lecture estim\u00e9e\" \/>\n\t<meta name=\"twitter:data2\" content=\"2 minutes\" \/>\n<script type=\"application\/ld+json\" class=\"yoast-schema-graph\">{\"@context\":\"https:\\\/\\\/schema.org\",\"@graph\":[{\"@type\":\"Article\",\"@id\":\"https:\\\/\\\/lasentinelle.dz\\\/index.php\\\/2022\\\/10\\\/03\\\/chan-2022-algerie-libye-en-ouverture-le-13-janvier-au-stade-de-baraki\\\/#article\",\"isPartOf\":{\"@id\":\"https:\\\/\\\/lasentinelle.dz\\\/index.php\\\/2022\\\/10\\\/03\\\/chan-2022-algerie-libye-en-ouverture-le-13-janvier-au-stade-de-baraki\\\/\"},\"author\":{\"name\":\"La Sentinelle\",\"@id\":\"https:\\\/\\\/lasentinelle.dz\\\/#\\\/schema\\\/person\\\/d865044e22e70a75174ce8bcad3acfb3\"},\"headline\":\"CHAN 2022\u00a0: Alg\u00e9rie-Libye en ouverture le 13 janvier au stade de Baraki\",\"datePublished\":\"2022-10-03T21:00:00+00:00\",\"mainEntityOfPage\":{\"@id\":\"https:\\\/\\\/lasentinelle.dz\\\/index.php\\\/2022\\\/10\\\/03\\\/chan-2022-algerie-libye-en-ouverture-le-13-janvier-au-stade-de-baraki\\\/\"},\"wordCount\":363,\"commentCount\":0,\"publisher\":{\"@id\":\"https:\\\/\\\/lasentinelle.dz\\\/#organization\"},\"image\":{\"@id\":\"https:\\\/\\\/lasentinelle.dz\\\/index.php\\\/2022\\\/10\\\/03\\\/chan-2022-algerie-libye-en-ouverture-le-13-janvier-au-stade-de-baraki\\\/#primaryimage\"},\"thumbnailUrl\":\"https:\\\/\\\/lasentinelle.dz\\\/wp-content\\\/uploads\\\/2022\\\/10\\\/Chan.jpeg\",\"articleSection\":[\"Sports\"],\"inLanguage\":\"fr-FR\",\"potentialAction\":[{\"@type\":\"CommentAction\",\"name\":\"Comment\",\"target\":[\"https:\\\/\\\/lasentinelle.dz\\\/index.php\\\/2022\\\/10\\\/03\\\/chan-2022-algerie-libye-en-ouverture-le-13-janvier-au-stade-de-baraki\\\/#respond\"]}]},{\"@type\":\"WebPage\",\"@id\":\"https:\\\/\\\/lasentinelle.dz\\\/index.php\\\/2022\\\/10\\\/03\\\/chan-2022-algerie-libye-en-ouverture-le-13-janvier-au-stade-de-baraki\\\/\",\"url\":\"https:\\\/\\\/lasentinelle.dz\\\/index.php\\\/2022\\\/10\\\/03\\\/chan-2022-algerie-libye-en-ouverture-le-13-janvier-au-stade-de-baraki\\\/\",\"name\":\"CHAN 2022\u00a0: Alg\u00e9rie-Libye en ouverture le 13 janvier au stade de Baraki - La Sentinelle\",\"isPartOf\":{\"@id\":\"https:\\\/\\\/lasentinelle.dz\\\/#website\"},\"primaryImageOfPage\":{\"@id\":\"https:\\\/\\\/lasentinelle.dz\\\/index.php\\\/2022\\\/10\\\/03\\\/chan-2022-algerie-libye-en-ouverture-le-13-janvier-au-stade-de-baraki\\\/#primaryimage\"},\"image\":{\"@id\":\"https:\\\/\\\/lasentinelle.dz\\\/index.php\\\/2022\\\/10\\\/03\\\/chan-2022-algerie-libye-en-ouverture-le-13-janvier-au-stade-de-baraki\\\/#primaryimage\"},\"thumbnailUrl\":\"https:\\\/\\\/lasentinelle.dz\\\/wp-content\\\/uploads\\\/2022\\\/10\\\/Chan.jpeg\",\"datePublished\":\"2022-10-03T21:00:00+00:00\",\"breadcrumb\":{\"@id\":\"https:\\\/\\\/lasentinelle.dz\\\/index.php\\\/2022\\\/10\\\/03\\\/chan-2022-algerie-libye-en-ouverture-le-13-janvier-au-stade-de-baraki\\\/#breadcrumb\"},\"inLanguage\":\"fr-FR\",\"potentialAction\":[{\"@type\":\"ReadAction\",\"target\":[\"https:\\\/\\\/lasentinelle.dz\\\/index.php\\\/2022\\\/10\\\/03\\\/chan-2022-algerie-libye-en-ouverture-le-13-janvier-au-stade-de-baraki\\\/\"]}]},{\"@type\":\"ImageObject\",\"inLanguage\":\"fr-FR\",\"@id\":\"https:\\\/\\\/lasentinelle.dz\\\/index.php\\\/2022\\\/10\\\/03\\\/chan-2022-algerie-libye-en-ouverture-le-13-janvier-au-stade-de-baraki\\\/#primaryimage\",\"url\":\"https:\\\/\\\/lasentinelle.dz\\\/wp-content\\\/uploads\\\/2022\\\/10\\\/Chan.jpeg\",\"contentUrl\":\"https:\\\/\\\/lasentinelle.dz\\\/wp-content\\\/uploads\\\/2022\\\/10\\\/Chan.jpeg\",\"width\":580,\"height\":350},{\"@type\":\"BreadcrumbList\",\"@id\":\"https:\\\/\\\/lasentinelle.dz\\\/index.php\\\/2022\\\/10\\\/03\\\/chan-2022-algerie-libye-en-ouverture-le-13-janvier-au-stade-de-baraki\\\/#breadcrumb\",\"itemListElement\":[{\"@type\":\"ListItem\",\"position\":1,\"name\":\"Accueil\",\"item\":\"https:\\\/\\\/lasentinelle.dz\\\/\"},{\"@type\":\"ListItem\",\"position\":2,\"name\":\"CHAN 2022\u00a0: Alg\u00e9rie-Libye en ouverture le 13 janvier au stade de Baraki\"}]},{\"@type\":\"WebSite\",\"@id\":\"https:\\\/\\\/lasentinelle.dz\\\/#website\",\"url\":\"https:\\\/\\\/lasentinelle.dz\\\/\",\"name\":\"La Sentinelle\",\"description\":\"Quotidien national d&#039;information\",\"publisher\":{\"@id\":\"https:\\\/\\\/lasentinelle.dz\\\/#organization\"},\"potentialAction\":[{\"@type\":\"SearchAction\",\"target\":{\"@type\":\"EntryPoint\",\"urlTemplate\":\"https:\\\/\\\/lasentinelle.dz\\\/?s={search_term_string}\"},\"query-input\":{\"@type\":\"PropertyValueSpecification\",\"valueRequired\":true,\"valueName\":\"search_term_string\"}}],\"inLanguage\":\"fr-FR\"},{\"@type\":\"Organization\",\"@id\":\"https:\\\/\\\/lasentinelle.dz\\\/#organization\",\"name\":\"Quotidien La Sentinelle\",\"url\":\"https:\\\/\\\/lasentinelle.dz\\\/\",\"logo\":{\"@type\":\"ImageObject\",\"inLanguage\":\"fr-FR\",\"@id\":\"https:\\\/\\\/lasentinelle.dz\\\/#\\\/schema\\\/logo\\\/image\\\/\",\"url\":\"https:\\\/\\\/lasentinelle.dz\\\/wp-content\\\/uploads\\\/2021\\\/09\\\/logo-sentinelleSLOGAN-1.png\",\"contentUrl\":\"https:\\\/\\\/lasentinelle.dz\\\/wp-content\\\/uploads\\\/2021\\\/09\\\/logo-sentinelleSLOGAN-1.png\",\"width\":615,\"height\":142,\"caption\":\"Quotidien La Sentinelle\"},\"image\":{\"@id\":\"https:\\\/\\\/lasentinelle.dz\\\/#\\\/schema\\\/logo\\\/image\\\/\"},\"sameAs\":[\"https:\\\/\\\/www.facebook.com\\\/La-Sentinelle-104059864394773\"]},{\"@type\":\"Person\",\"@id\":\"https:\\\/\\\/lasentinelle.dz\\\/#\\\/schema\\\/person\\\/d865044e22e70a75174ce8bcad3acfb3\",\"name\":\"La Sentinelle\",\"image\":{\"@type\":\"ImageObject\",\"inLanguage\":\"fr-FR\",\"@id\":\"https:\\\/\\\/secure.gravatar.com\\\/avatar\\\/57de8e5d4b15d43fb361a71fbb36338450fe67865b528a43dd10ef7c51a20392?s=96&d=mm&r=g\",\"url\":\"https:\\\/\\\/secure.gravatar.com\\\/avatar\\\/57de8e5d4b15d43fb361a71fbb36338450fe67865b528a43dd10ef7c51a20392?s=96&d=mm&r=g\",\"contentUrl\":\"https:\\\/\\\/secure.gravatar.com\\\/avatar\\\/57de8e5d4b15d43fb361a71fbb36338450fe67865b528a43dd10ef7c51a20392?s=96&d=mm&r=g\",\"caption\":\"La Sentinelle\"},\"sameAs\":[\"http:\\\/\\\/www.lasentinelle.dz\"],\"url\":\"https:\\\/\\\/lasentinelle.dz\\\/author\\\/redaction\\\/\"}]}<\/script>\n<!-- \/ Yoast SEO plugin. -->","yoast_head_json":{"title":"CHAN 2022\u00a0: Alg\u00e9rie-Libye en ouverture le 13 janvier au stade de Baraki - La Sentinelle","robots":{"index":"index","follow":"follow","max-snippet":"max-snippet:-1","max-image-preview":"max-image-preview:large","max-video-preview":"max-video-preview:-1"},"canonical":"https:\/\/lasentinelle.dz\/index.php\/2022\/10\/03\/chan-2022-algerie-libye-en-ouverture-le-13-janvier-au-stade-de-baraki\/","og_locale":"fr_FR","og_type":"article","og_title":"CHAN 2022\u00a0: Alg\u00e9rie-Libye en ouverture le 13 janvier au stade de Baraki - La Sentinelle","og_description":"La Conf\u00e9d\u00e9ration africaine de football a d\u00e9voil\u00e9 hier le calendrier des rencontres du Championnat d\u2019Afrique des Nations que l\u2019Alg\u00e9rie abritera","og_url":"https:\/\/lasentinelle.dz\/index.php\/2022\/10\/03\/chan-2022-algerie-libye-en-ouverture-le-13-janvier-au-stade-de-baraki\/","og_site_name":"La Sentinelle","article_publisher":"https:\/\/www.facebook.com\/La-Sentinelle-104059864394773","article_published_time":"2022-10-03T21:00:00+00:00","og_image":[{"width":580,"height":350,"url":"https:\/\/lasentinelle.dz\/wp-content\/uploads\/2022\/10\/Chan.jpeg","type":"image\/jpeg"}],"author":"La Sentinelle","twitter_card":"summary_large_image","twitter_misc":{"\u00c9crit par":"La Sentinelle","Dur\u00e9e de lecture estim\u00e9e":"2 minutes"},"schema":{"@context":"https:\/\/schema.org","@graph":[{"@type":"Article","@id":"https:\/\/lasentinelle.dz\/index.php\/2022\/10\/03\/chan-2022-algerie-libye-en-ouverture-le-13-janvier-au-stade-de-baraki\/#article","isPartOf":{"@id":"https:\/\/lasentinelle.dz\/index.php\/2022\/10\/03\/chan-2022-algerie-libye-en-ouverture-le-13-janvier-au-stade-de-baraki\/"},"author":{"name":"La Sentinelle","@id":"https:\/\/lasentinelle.dz\/#\/schema\/person\/d865044e22e70a75174ce8bcad3acfb3"},"headline":"CHAN 2022\u00a0: Alg\u00e9rie-Libye en ouverture le 13 janvier au stade de Baraki","datePublished":"2022-10-03T21:00:00+00:00","mainEntityOfPage":{"@id":"https:\/\/lasentinelle.dz\/index.php\/2022\/10\/03\/chan-2022-algerie-libye-en-ouverture-le-13-janvier-au-stade-de-baraki\/"},"wordCount":363,"commentCount":0,"publisher":{"@id":"https:\/\/lasentinelle.dz\/#organization"},"image":{"@id":"https:\/\/lasentinelle.dz\/index.php\/2022\/10\/03\/chan-2022-algerie-libye-en-ouverture-le-13-janvier-au-stade-de-baraki\/#primaryimage"},"thumbnailUrl":"https:\/\/lasentinelle.dz\/wp-content\/uploads\/2022\/10\/Chan.jpeg","articleSection":["Sports"],"inLanguage":"fr-FR","potentialAction":[{"@type":"CommentAction","name":"Comment","target":["https:\/\/lasentinelle.dz\/index.php\/2022\/10\/03\/chan-2022-algerie-libye-en-ouverture-le-13-janvier-au-stade-de-baraki\/#respond"]}]},{"@type":"WebPage","@id":"https:\/\/lasentinelle.dz\/index.php\/2022\/10\/03\/chan-2022-algerie-libye-en-ouverture-le-13-janvier-au-stade-de-baraki\/","url":"https:\/\/lasentinelle.dz\/index.php\/2022\/10\/03\/chan-2022-algerie-libye-en-ouverture-le-13-janvier-au-stade-de-baraki\/","name":"CHAN 2022\u00a0: Alg\u00e9rie-Libye en ouverture le 13 janvier au stade de Baraki - La Sentinelle","isPartOf":{"@id":"https:\/\/lasentinelle.dz\/#website"},"primaryImageOfPage":{"@id":"https:\/\/lasentinelle.dz\/index.php\/2022\/10\/03\/chan-2022-algerie-libye-en-ouverture-le-13-janvier-au-stade-de-baraki\/#primaryimage"},"image":{"@id":"https:\/\/lasentinelle.dz\/index.php\/2022\/10\/03\/chan-2022-algerie-libye-en-ouverture-le-13-janvier-au-stade-de-baraki\/#primaryimage"},"thumbnailUrl":"https:\/\/lasentinelle.dz\/wp-content\/uploads\/2022\/10\/Chan.jpeg","datePublished":"2022-10-03T21:00:00+00:00","breadcrumb":{"@id":"https:\/\/lasentinelle.dz\/index.php\/2022\/10\/03\/chan-2022-algerie-libye-en-ouverture-le-13-janvier-au-stade-de-baraki\/#breadcrumb"},"inLanguage":"fr-FR","potentialAction":[{"@type":"ReadAction","target":["https:\/\/lasentinelle.dz\/index.php\/2022\/10\/03\/chan-2022-algerie-libye-en-ouverture-le-13-janvier-au-stade-de-baraki\/"]}]},{"@type":"ImageObject","inLanguage":"fr-FR","@id":"https:\/\/lasentinelle.dz\/index.php\/2022\/10\/03\/chan-2022-algerie-libye-en-ouverture-le-13-janvier-au-stade-de-baraki\/#primaryimage","url":"https:\/\/lasentinelle.dz\/wp-content\/uploads\/2022\/10\/Chan.jpeg","contentUrl":"https:\/\/lasentinelle.dz\/wp-content\/uploads\/2022\/10\/Chan.jpeg","width":580,"height":350},{"@type":"BreadcrumbList","@id":"https:\/\/lasentinelle.dz\/index.php\/2022\/10\/03\/chan-2022-algerie-libye-en-ouverture-le-13-janvier-au-stade-de-baraki\/#breadcrumb","itemListElement":[{"@type":"ListItem","position":1,"name":"Accueil","item":"https:\/\/lasentinelle.dz\/"},{"@type":"ListItem","position":2,"name":"CHAN 2022\u00a0: Alg\u00e9rie-Libye en ouverture le 13 janvier au stade de Baraki"}]},{"@type":"WebSite","@id":"https:\/\/lasentinelle.dz\/#website","url":"https:\/\/lasentinelle.dz\/","name":"La Sentinelle","description":"Quotidien national d&#039;information","publisher":{"@id":"https:\/\/lasentinelle.dz\/#organization"},"potentialAction":[{"@type":"SearchAction","target":{"@type":"EntryPoint","urlTemplate":"https:\/\/lasentinelle.dz\/?s={search_term_string}"},"query-input":{"@type":"PropertyValueSpecification","valueRequired":true,"valueName":"search_term_string"}}],"inLanguage":"fr-FR"},{"@type":"Organization","@id":"https:\/\/lasentinelle.dz\/#organization","name":"Quotidien La Sentinelle","url":"https:\/\/lasentinelle.dz\/","logo":{"@type":"ImageObject","inLanguage":"fr-FR","@id":"https:\/\/lasentinelle.dz\/#\/schema\/logo\/image\/","url":"https:\/\/lasentinelle.dz\/wp-content\/uploads\/2021\/09\/logo-sentinelleSLOGAN-1.png","contentUrl":"https:\/\/lasentinelle.dz\/wp-content\/uploads\/2021\/09\/logo-sentinelleSLOGAN-1.png","width":615,"height":142,"caption":"Quotidien La Sentinelle"},"image":{"@id":"https:\/\/lasentinelle.dz\/#\/schema\/logo\/image\/"},"sameAs":["https:\/\/www.facebook.com\/La-Sentinelle-104059864394773"]},{"@type":"Person","@id":"https:\/\/lasentinelle.dz\/#\/schema\/person\/d865044e22e70a75174ce8bcad3acfb3","name":"La Sentinelle","image":{"@type":"ImageObject","inLanguage":"fr-FR","@id":"https:\/\/secure.gravatar.com\/avatar\/57de8e5d4b15d43fb361a71fbb36338450fe67865b528a43dd10ef7c51a20392?s=96&d=mm&r=g","url":"https:\/\/secure.gravatar.com\/avatar\/57de8e5d4b15d43fb361a71fbb36338450fe67865b528a43dd10ef7c51a20392?s=96&d=mm&r=g","contentUrl":"https:\/\/secure.gravatar.com\/avatar\/57de8e5d4b15d43fb361a71fbb36338450fe67865b528a43dd10ef7c51a20392?s=96&d=mm&r=g","caption":"La Sentinelle"},"sameAs":["http:\/\/www.lasentinelle.dz"],"url":"https:\/\/lasentinelle.dz\/author\/redaction\/"}]}},"_links":{"self":[{"href":"https:\/\/lasentinelle.dz\/index.php\/wp-json\/wp\/v2\/posts\/28387","targetHints":{"allow":["GET"]}}],"collection":[{"href":"https:\/\/lasentinelle.dz\/index.php\/wp-json\/wp\/v2\/posts"}],"about":[{"href":"https:\/\/lasentinelle.dz\/index.php\/wp-json\/wp\/v2\/types\/post"}],"author":[{"embeddable":true,"href":"https:\/\/lasentinelle.dz\/index.php\/wp-json\/wp\/v2\/users\/3"}],"replies":[{"embeddable":true,"href":"https:\/\/lasentinelle.dz\/index.php\/wp-json\/wp\/v2\/comments?post=28387"}],"version-history":[{"count":1,"href":"https:\/\/lasentinelle.dz\/index.php\/wp-json\/wp\/v2\/posts\/28387\/revisions"}],"predecessor-version":[{"id":28392,"href":"https:\/\/lasentinelle.dz\/index.php\/wp-json\/wp\/v2\/posts\/28387\/revisions\/28392"}],"wp:featuredmedia":[{"embeddable":true,"href":"https:\/\/lasentinelle.dz\/index.php\/wp-json\/wp\/v2\/media\/28391"}],"wp:attachment":[{"href":"https:\/\/lasentinelle.dz\/index.php\/wp-json\/wp\/v2\/media?parent=28387"}],"wp:term":[{"taxonomy":"category","embeddable":true,"href":"https:\/\/lasentinelle.dz\/index.php\/wp-json\/wp\/v2\/categories?post=28387"},{"taxonomy":"post_tag","embeddable":true,"href":"https:\/\/lasentinelle.dz\/index.php\/wp-json\/wp\/v2\/tags?post=28387"}],"curies":[{"name":"wp","href":"https:\/\/api.w.org\/{rel}","templated":true}]}}