{"id":28389,"date":"2022-10-03T22:08:00","date_gmt":"2022-10-03T21:08:00","guid":{"rendered":"https:\/\/lasentinelle.dz\/?p=28389"},"modified":"2022-10-03T21:01:45","modified_gmt":"2022-10-03T20:01:45","slug":"statuts-particuliers-de-leducation-nationale-les-inspecteurs-de-leducation-appellent-au-dialogue","status":"publish","type":"post","link":"https:\/\/lasentinelle.dz\/index.php\/2022\/10\/03\/statuts-particuliers-de-leducation-nationale-les-inspecteurs-de-leducation-appellent-au-dialogue\/","title":{"rendered":"Statuts particuliers de l\u2019\u00e9ducation nationale\u00a0: Les inspecteurs de l\u2019\u00e9ducation appellent au dialogue"},"content":{"rendered":"\n<p>Les syndicats de l\u2019\u00e9ducation nationale montent au cr\u00e9neau et exigent l\u2019ouverture du dialogue avec la tutelle au sujet du projet de statut particulier des personnels du secteur. Apr\u00e8s le syndicat des adjoints d\u2019\u00e9ducation, c\u2019est au tour du Syndicat national des inspecteurs de l\u2019\u00e9ducation national de mettre en garde le d\u00e9partement d\u2019Abdelhakim Belabed et de souligner qu\u2019&nbsp;\u00ab&nbsp;ignorer&nbsp;\u00bb les propositions du syndicat pourrait amener&nbsp; \u00e0 des actions de protestation. Dans un communiqu\u00e9, le syndicat a fait part de sa crainte d\u2019occulter les aspiration des inspecteurs de l&rsquo;\u00e9ducation nationale dans le cadre du nouveau projet de statut particulier des personnels de l&rsquo;\u00e9ducation. Le syndicat a appel\u00e9 \u00e0 la publication urgente d\u2019un texte sp\u00e9cifique qui r\u00e9ponde aux aspirations des partenaires sociaux repr\u00e9sentant les diff\u00e9rentes couches, \u00e0 leur t\u00eate les inspecteurs de l&rsquo;\u00e9ducation nationale, qui repr\u00e9sentent le grade le plus \u00e9lev\u00e9 dans le secteur de l&rsquo;\u00e9ducation nationale, et l&rsquo;amendement des textes et des arr\u00eat\u00e9s r\u00e9glementant l&rsquo;activit\u00e9 de l&rsquo;inspecteur de l&rsquo;\u00e9ducation et d\u00e9finissant leurs attributions pour l&rsquo;exercice de leurs fonctions. Le syndicat a soulign\u00e9 \u00abla n\u00e9cessit\u00e9 de revoir le syst\u00e8me indemnitaire des inspecteurs de l&rsquo;\u00e9ducation en prenant en compte les contraintes&nbsp; li\u00e9es aux risques de d\u00e9placement et autres responsabilit\u00e9s entrant dans le cadre de leurs missions&nbsp;\u00bb. Il a \u00e9galement soulign\u00e9 \u00abla n\u00e9cessit\u00e9 d&rsquo;assoir un dialogue constructif avec le syndicat en tant que partenaire social du minist\u00e8re de l&rsquo;\u00c9ducation nationale afin de r\u00e9pondre efficacement aux revendications socioprofessionnelles des personnels du secteur. Notons que le minist\u00e8re de l\u2019\u00c9ducation nationale a organis\u00e9 le 11 ao\u00fbt dernier une rencontre avec les syndicats afin de d\u00e9battre du projet de statut particulier. Cependant, seule une dizaine de syndicats ont assist\u00e9 \u00e0 la r\u00e9union de la commission mixte charg\u00e9e de l\u2019examen du projet de statut particulier des fonctionnaires des corps sp\u00e9cifiques. Beaucoup, jugeant qu\u2019il n\u2019\u00e9tait pas utile d\u2019y prendre part, vu que le texte en question a \u00e9t\u00e9 pr\u00e9par\u00e9 sans concertation avec eux, ont carr\u00e9ment boycott\u00e9 la commission. D\u2019autres se sont retir\u00e9s apr\u00e8s l\u2019avoir int\u00e9gr\u00e9 et ce apr\u00e8s avoir constat\u00e9 que leurs propositions n\u2019avaient pas \u00e9t\u00e9 prises en compte. Les travaux de la commission ont d\u2019ailleurs \u00e9t\u00e9 prolong\u00e9s de trois semaines.<\/p>\n\n\n\n<p><strong>Salim Abdenour<\/strong><\/p>\n","protected":false},"excerpt":{"rendered":"<p>Les syndicats de l\u2019\u00e9ducation nationale montent au cr\u00e9neau et exigent l\u2019ouverture du dialogue avec la tutelle au sujet du projet<\/p>\n","protected":false},"author":3,"featured_media":21880,"comment_status":"open","ping_status":"closed","sticky":false,"template":"","format":"standard","meta":{"colormag_page_container_layout":"default_layout","colormag_page_sidebar_layout":"default_layout","om_disable_all_campaigns":false,"_monsterinsights_skip_tracking":false,"_monsterinsights_sitenote_active":false,"_monsterinsights_sitenote_note":"","_monsterinsights_sitenote_category":0,"footnotes":"","_wpscppro_dont_share_socialmedia":false,"_wpscppro_custom_social_share_image":0,"_facebook_share_type":"","_twitter_share_type":"","_linkedin_share_type":"","_pinterest_share_type":"","_linkedin_share_type_page":"","_instagram_share_type":"","_medium_share_type":"","_threads_share_type":"","_google_business_share_type":"","_selected_social_profile":[],"_wpsp_enable_custom_social_template":false,"_wpsp_social_scheduling":{"enabled":false,"datetime":null,"platforms":[],"status":"template_only","dateOption":"today","timeOption":"now","customDays":"","customHours":"","customDate":"","customTime":"","schedulingType":"absolute"},"_wpsp_active_default_template":true},"categories":[52,27],"tags":[],"class_list":["post-28389","post","type-post","status-publish","format-standard","has-post-thumbnail","hentry","category-a-la-une","category-actualite"],"aioseo_notices":[],"yoast_head":"<!-- This site is optimized with the Yoast SEO plugin v27.5 - https:\/\/yoast.com\/product\/yoast-seo-wordpress\/ -->\n<title>Statuts particuliers de l\u2019\u00e9ducation nationale\u00a0: Les inspecteurs de l\u2019\u00e9ducation appellent au dialogue - La Sentinelle<\/title>\n<meta name=\"robots\" content=\"index, follow, max-snippet:-1, max-image-preview:large, max-video-preview:-1\" \/>\n<link rel=\"canonical\" href=\"https:\/\/lasentinelle.dz\/index.php\/2022\/10\/03\/statuts-particuliers-de-leducation-nationale-les-inspecteurs-de-leducation-appellent-au-dialogue\/\" \/>\n<meta property=\"og:locale\" content=\"fr_FR\" \/>\n<meta property=\"og:type\" content=\"article\" \/>\n<meta property=\"og:title\" content=\"Statuts particuliers de l\u2019\u00e9ducation nationale\u00a0: Les inspecteurs de l\u2019\u00e9ducation appellent au dialogue - La Sentinelle\" \/>\n<meta property=\"og:description\" content=\"Les syndicats de l\u2019\u00e9ducation nationale montent au cr\u00e9neau et exigent l\u2019ouverture du dialogue avec la tutelle au sujet du projet\" \/>\n<meta property=\"og:url\" content=\"https:\/\/lasentinelle.dz\/index.php\/2022\/10\/03\/statuts-particuliers-de-leducation-nationale-les-inspecteurs-de-leducation-appellent-au-dialogue\/\" \/>\n<meta property=\"og:site_name\" content=\"La Sentinelle\" \/>\n<meta property=\"article:publisher\" content=\"https:\/\/www.facebook.com\/La-Sentinelle-104059864394773\" \/>\n<meta property=\"article:published_time\" content=\"2022-10-03T21:08:00+00:00\" \/>\n<meta property=\"og:image\" content=\"https:\/\/lasentinelle.dz\/wp-content\/uploads\/2022\/05\/education.png\" \/>\n\t<meta property=\"og:image:width\" content=\"1491\" \/>\n\t<meta property=\"og:image:height\" content=\"900\" \/>\n\t<meta property=\"og:image:type\" content=\"image\/png\" \/>\n<meta name=\"author\" content=\"La Sentinelle\" \/>\n<meta name=\"twitter:card\" content=\"summary_large_image\" \/>\n<meta name=\"twitter:label1\" content=\"\u00c9crit par\" \/>\n\t<meta name=\"twitter:data1\" content=\"La Sentinelle\" \/>\n\t<meta name=\"twitter:label2\" content=\"Dur\u00e9e de lecture estim\u00e9e\" \/>\n\t<meta name=\"twitter:data2\" content=\"2 minutes\" \/>\n<script type=\"application\/ld+json\" class=\"yoast-schema-graph\">{\"@context\":\"https:\\\/\\\/schema.org\",\"@graph\":[{\"@type\":\"Article\",\"@id\":\"https:\\\/\\\/lasentinelle.dz\\\/index.php\\\/2022\\\/10\\\/03\\\/statuts-particuliers-de-leducation-nationale-les-inspecteurs-de-leducation-appellent-au-dialogue\\\/#article\",\"isPartOf\":{\"@id\":\"https:\\\/\\\/lasentinelle.dz\\\/index.php\\\/2022\\\/10\\\/03\\\/statuts-particuliers-de-leducation-nationale-les-inspecteurs-de-leducation-appellent-au-dialogue\\\/\"},\"author\":{\"name\":\"La Sentinelle\",\"@id\":\"https:\\\/\\\/lasentinelle.dz\\\/#\\\/schema\\\/person\\\/d865044e22e70a75174ce8bcad3acfb3\"},\"headline\":\"Statuts particuliers de l\u2019\u00e9ducation nationale\u00a0: Les inspecteurs de l\u2019\u00e9ducation appellent au dialogue\",\"datePublished\":\"2022-10-03T21:08:00+00:00\",\"mainEntityOfPage\":{\"@id\":\"https:\\\/\\\/lasentinelle.dz\\\/index.php\\\/2022\\\/10\\\/03\\\/statuts-particuliers-de-leducation-nationale-les-inspecteurs-de-leducation-appellent-au-dialogue\\\/\"},\"wordCount\":429,\"commentCount\":0,\"publisher\":{\"@id\":\"https:\\\/\\\/lasentinelle.dz\\\/#organization\"},\"image\":{\"@id\":\"https:\\\/\\\/lasentinelle.dz\\\/index.php\\\/2022\\\/10\\\/03\\\/statuts-particuliers-de-leducation-nationale-les-inspecteurs-de-leducation-appellent-au-dialogue\\\/#primaryimage\"},\"thumbnailUrl\":\"https:\\\/\\\/lasentinelle.dz\\\/wp-content\\\/uploads\\\/2022\\\/05\\\/education.png\",\"articleSection\":[\"\u00c0 la Une\",\"Actualit\u00e9\"],\"inLanguage\":\"fr-FR\",\"potentialAction\":[{\"@type\":\"CommentAction\",\"name\":\"Comment\",\"target\":[\"https:\\\/\\\/lasentinelle.dz\\\/index.php\\\/2022\\\/10\\\/03\\\/statuts-particuliers-de-leducation-nationale-les-inspecteurs-de-leducation-appellent-au-dialogue\\\/#respond\"]}]},{\"@type\":\"WebPage\",\"@id\":\"https:\\\/\\\/lasentinelle.dz\\\/index.php\\\/2022\\\/10\\\/03\\\/statuts-particuliers-de-leducation-nationale-les-inspecteurs-de-leducation-appellent-au-dialogue\\\/\",\"url\":\"https:\\\/\\\/lasentinelle.dz\\\/index.php\\\/2022\\\/10\\\/03\\\/statuts-particuliers-de-leducation-nationale-les-inspecteurs-de-leducation-appellent-au-dialogue\\\/\",\"name\":\"Statuts particuliers de l\u2019\u00e9ducation nationale\u00a0: Les inspecteurs de l\u2019\u00e9ducation appellent au dialogue - La Sentinelle\",\"isPartOf\":{\"@id\":\"https:\\\/\\\/lasentinelle.dz\\\/#website\"},\"primaryImageOfPage\":{\"@id\":\"https:\\\/\\\/lasentinelle.dz\\\/index.php\\\/2022\\\/10\\\/03\\\/statuts-particuliers-de-leducation-nationale-les-inspecteurs-de-leducation-appellent-au-dialogue\\\/#primaryimage\"},\"image\":{\"@id\":\"https:\\\/\\\/lasentinelle.dz\\\/index.php\\\/2022\\\/10\\\/03\\\/statuts-particuliers-de-leducation-nationale-les-inspecteurs-de-leducation-appellent-au-dialogue\\\/#primaryimage\"},\"thumbnailUrl\":\"https:\\\/\\\/lasentinelle.dz\\\/wp-content\\\/uploads\\\/2022\\\/05\\\/education.png\",\"datePublished\":\"2022-10-03T21:08:00+00:00\",\"breadcrumb\":{\"@id\":\"https:\\\/\\\/lasentinelle.dz\\\/index.php\\\/2022\\\/10\\\/03\\\/statuts-particuliers-de-leducation-nationale-les-inspecteurs-de-leducation-appellent-au-dialogue\\\/#breadcrumb\"},\"inLanguage\":\"fr-FR\",\"potentialAction\":[{\"@type\":\"ReadAction\",\"target\":[\"https:\\\/\\\/lasentinelle.dz\\\/index.php\\\/2022\\\/10\\\/03\\\/statuts-particuliers-de-leducation-nationale-les-inspecteurs-de-leducation-appellent-au-dialogue\\\/\"]}]},{\"@type\":\"ImageObject\",\"inLanguage\":\"fr-FR\",\"@id\":\"https:\\\/\\\/lasentinelle.dz\\\/index.php\\\/2022\\\/10\\\/03\\\/statuts-particuliers-de-leducation-nationale-les-inspecteurs-de-leducation-appellent-au-dialogue\\\/#primaryimage\",\"url\":\"https:\\\/\\\/lasentinelle.dz\\\/wp-content\\\/uploads\\\/2022\\\/05\\\/education.png\",\"contentUrl\":\"https:\\\/\\\/lasentinelle.dz\\\/wp-content\\\/uploads\\\/2022\\\/05\\\/education.png\",\"width\":1491,\"height\":900},{\"@type\":\"BreadcrumbList\",\"@id\":\"https:\\\/\\\/lasentinelle.dz\\\/index.php\\\/2022\\\/10\\\/03\\\/statuts-particuliers-de-leducation-nationale-les-inspecteurs-de-leducation-appellent-au-dialogue\\\/#breadcrumb\",\"itemListElement\":[{\"@type\":\"ListItem\",\"position\":1,\"name\":\"Accueil\",\"item\":\"https:\\\/\\\/lasentinelle.dz\\\/\"},{\"@type\":\"ListItem\",\"position\":2,\"name\":\"Statuts particuliers de l\u2019\u00e9ducation nationale\u00a0: Les inspecteurs de l\u2019\u00e9ducation appellent au dialogue\"}]},{\"@type\":\"WebSite\",\"@id\":\"https:\\\/\\\/lasentinelle.dz\\\/#website\",\"url\":\"https:\\\/\\\/lasentinelle.dz\\\/\",\"name\":\"La Sentinelle\",\"description\":\"Quotidien national d&#039;information\",\"publisher\":{\"@id\":\"https:\\\/\\\/lasentinelle.dz\\\/#organization\"},\"potentialAction\":[{\"@type\":\"SearchAction\",\"target\":{\"@type\":\"EntryPoint\",\"urlTemplate\":\"https:\\\/\\\/lasentinelle.dz\\\/?s={search_term_string}\"},\"query-input\":{\"@type\":\"PropertyValueSpecification\",\"valueRequired\":true,\"valueName\":\"search_term_string\"}}],\"inLanguage\":\"fr-FR\"},{\"@type\":\"Organization\",\"@id\":\"https:\\\/\\\/lasentinelle.dz\\\/#organization\",\"name\":\"Quotidien La Sentinelle\",\"url\":\"https:\\\/\\\/lasentinelle.dz\\\/\",\"logo\":{\"@type\":\"ImageObject\",\"inLanguage\":\"fr-FR\",\"@id\":\"https:\\\/\\\/lasentinelle.dz\\\/#\\\/schema\\\/logo\\\/image\\\/\",\"url\":\"https:\\\/\\\/lasentinelle.dz\\\/wp-content\\\/uploads\\\/2021\\\/09\\\/logo-sentinelleSLOGAN-1.png\",\"contentUrl\":\"https:\\\/\\\/lasentinelle.dz\\\/wp-content\\\/uploads\\\/2021\\\/09\\\/logo-sentinelleSLOGAN-1.png\",\"width\":615,\"height\":142,\"caption\":\"Quotidien La Sentinelle\"},\"image\":{\"@id\":\"https:\\\/\\\/lasentinelle.dz\\\/#\\\/schema\\\/logo\\\/image\\\/\"},\"sameAs\":[\"https:\\\/\\\/www.facebook.com\\\/La-Sentinelle-104059864394773\"]},{\"@type\":\"Person\",\"@id\":\"https:\\\/\\\/lasentinelle.dz\\\/#\\\/schema\\\/person\\\/d865044e22e70a75174ce8bcad3acfb3\",\"name\":\"La Sentinelle\",\"image\":{\"@type\":\"ImageObject\",\"inLanguage\":\"fr-FR\",\"@id\":\"https:\\\/\\\/secure.gravatar.com\\\/avatar\\\/57de8e5d4b15d43fb361a71fbb36338450fe67865b528a43dd10ef7c51a20392?s=96&d=mm&r=g\",\"url\":\"https:\\\/\\\/secure.gravatar.com\\\/avatar\\\/57de8e5d4b15d43fb361a71fbb36338450fe67865b528a43dd10ef7c51a20392?s=96&d=mm&r=g\",\"contentUrl\":\"https:\\\/\\\/secure.gravatar.com\\\/avatar\\\/57de8e5d4b15d43fb361a71fbb36338450fe67865b528a43dd10ef7c51a20392?s=96&d=mm&r=g\",\"caption\":\"La Sentinelle\"},\"sameAs\":[\"http:\\\/\\\/www.lasentinelle.dz\"],\"url\":\"https:\\\/\\\/lasentinelle.dz\\\/author\\\/redaction\\\/\"}]}<\/script>\n<!-- \/ Yoast SEO plugin. -->","yoast_head_json":{"title":"Statuts particuliers de l\u2019\u00e9ducation nationale\u00a0: Les inspecteurs de l\u2019\u00e9ducation appellent au dialogue - La Sentinelle","robots":{"index":"index","follow":"follow","max-snippet":"max-snippet:-1","max-image-preview":"max-image-preview:large","max-video-preview":"max-video-preview:-1"},"canonical":"https:\/\/lasentinelle.dz\/index.php\/2022\/10\/03\/statuts-particuliers-de-leducation-nationale-les-inspecteurs-de-leducation-appellent-au-dialogue\/","og_locale":"fr_FR","og_type":"article","og_title":"Statuts particuliers de l\u2019\u00e9ducation nationale\u00a0: Les inspecteurs de l\u2019\u00e9ducation appellent au dialogue - La Sentinelle","og_description":"Les syndicats de l\u2019\u00e9ducation nationale montent au cr\u00e9neau et exigent l\u2019ouverture du dialogue avec la tutelle au sujet du projet","og_url":"https:\/\/lasentinelle.dz\/index.php\/2022\/10\/03\/statuts-particuliers-de-leducation-nationale-les-inspecteurs-de-leducation-appellent-au-dialogue\/","og_site_name":"La Sentinelle","article_publisher":"https:\/\/www.facebook.com\/La-Sentinelle-104059864394773","article_published_time":"2022-10-03T21:08:00+00:00","og_image":[{"width":1491,"height":900,"url":"https:\/\/lasentinelle.dz\/wp-content\/uploads\/2022\/05\/education.png","type":"image\/png"}],"author":"La Sentinelle","twitter_card":"summary_large_image","twitter_misc":{"\u00c9crit par":"La Sentinelle","Dur\u00e9e de lecture estim\u00e9e":"2 minutes"},"schema":{"@context":"https:\/\/schema.org","@graph":[{"@type":"Article","@id":"https:\/\/lasentinelle.dz\/index.php\/2022\/10\/03\/statuts-particuliers-de-leducation-nationale-les-inspecteurs-de-leducation-appellent-au-dialogue\/#article","isPartOf":{"@id":"https:\/\/lasentinelle.dz\/index.php\/2022\/10\/03\/statuts-particuliers-de-leducation-nationale-les-inspecteurs-de-leducation-appellent-au-dialogue\/"},"author":{"name":"La Sentinelle","@id":"https:\/\/lasentinelle.dz\/#\/schema\/person\/d865044e22e70a75174ce8bcad3acfb3"},"headline":"Statuts particuliers de l\u2019\u00e9ducation nationale\u00a0: Les inspecteurs de l\u2019\u00e9ducation appellent au dialogue","datePublished":"2022-10-03T21:08:00+00:00","mainEntityOfPage":{"@id":"https:\/\/lasentinelle.dz\/index.php\/2022\/10\/03\/statuts-particuliers-de-leducation-nationale-les-inspecteurs-de-leducation-appellent-au-dialogue\/"},"wordCount":429,"commentCount":0,"publisher":{"@id":"https:\/\/lasentinelle.dz\/#organization"},"image":{"@id":"https:\/\/lasentinelle.dz\/index.php\/2022\/10\/03\/statuts-particuliers-de-leducation-nationale-les-inspecteurs-de-leducation-appellent-au-dialogue\/#primaryimage"},"thumbnailUrl":"https:\/\/lasentinelle.dz\/wp-content\/uploads\/2022\/05\/education.png","articleSection":["\u00c0 la Une","Actualit\u00e9"],"inLanguage":"fr-FR","potentialAction":[{"@type":"CommentAction","name":"Comment","target":["https:\/\/lasentinelle.dz\/index.php\/2022\/10\/03\/statuts-particuliers-de-leducation-nationale-les-inspecteurs-de-leducation-appellent-au-dialogue\/#respond"]}]},{"@type":"WebPage","@id":"https:\/\/lasentinelle.dz\/index.php\/2022\/10\/03\/statuts-particuliers-de-leducation-nationale-les-inspecteurs-de-leducation-appellent-au-dialogue\/","url":"https:\/\/lasentinelle.dz\/index.php\/2022\/10\/03\/statuts-particuliers-de-leducation-nationale-les-inspecteurs-de-leducation-appellent-au-dialogue\/","name":"Statuts particuliers de l\u2019\u00e9ducation nationale\u00a0: Les inspecteurs de l\u2019\u00e9ducation appellent au dialogue - La Sentinelle","isPartOf":{"@id":"https:\/\/lasentinelle.dz\/#website"},"primaryImageOfPage":{"@id":"https:\/\/lasentinelle.dz\/index.php\/2022\/10\/03\/statuts-particuliers-de-leducation-nationale-les-inspecteurs-de-leducation-appellent-au-dialogue\/#primaryimage"},"image":{"@id":"https:\/\/lasentinelle.dz\/index.php\/2022\/10\/03\/statuts-particuliers-de-leducation-nationale-les-inspecteurs-de-leducation-appellent-au-dialogue\/#primaryimage"},"thumbnailUrl":"https:\/\/lasentinelle.dz\/wp-content\/uploads\/2022\/05\/education.png","datePublished":"2022-10-03T21:08:00+00:00","breadcrumb":{"@id":"https:\/\/lasentinelle.dz\/index.php\/2022\/10\/03\/statuts-particuliers-de-leducation-nationale-les-inspecteurs-de-leducation-appellent-au-dialogue\/#breadcrumb"},"inLanguage":"fr-FR","potentialAction":[{"@type":"ReadAction","target":["https:\/\/lasentinelle.dz\/index.php\/2022\/10\/03\/statuts-particuliers-de-leducation-nationale-les-inspecteurs-de-leducation-appellent-au-dialogue\/"]}]},{"@type":"ImageObject","inLanguage":"fr-FR","@id":"https:\/\/lasentinelle.dz\/index.php\/2022\/10\/03\/statuts-particuliers-de-leducation-nationale-les-inspecteurs-de-leducation-appellent-au-dialogue\/#primaryimage","url":"https:\/\/lasentinelle.dz\/wp-content\/uploads\/2022\/05\/education.png","contentUrl":"https:\/\/lasentinelle.dz\/wp-content\/uploads\/2022\/05\/education.png","width":1491,"height":900},{"@type":"BreadcrumbList","@id":"https:\/\/lasentinelle.dz\/index.php\/2022\/10\/03\/statuts-particuliers-de-leducation-nationale-les-inspecteurs-de-leducation-appellent-au-dialogue\/#breadcrumb","itemListElement":[{"@type":"ListItem","position":1,"name":"Accueil","item":"https:\/\/lasentinelle.dz\/"},{"@type":"ListItem","position":2,"name":"Statuts particuliers de l\u2019\u00e9ducation nationale\u00a0: Les inspecteurs de l\u2019\u00e9ducation appellent au dialogue"}]},{"@type":"WebSite","@id":"https:\/\/lasentinelle.dz\/#website","url":"https:\/\/lasentinelle.dz\/","name":"La Sentinelle","description":"Quotidien national d&#039;information","publisher":{"@id":"https:\/\/lasentinelle.dz\/#organization"},"potentialAction":[{"@type":"SearchAction","target":{"@type":"EntryPoint","urlTemplate":"https:\/\/lasentinelle.dz\/?s={search_term_string}"},"query-input":{"@type":"PropertyValueSpecification","valueRequired":true,"valueName":"search_term_string"}}],"inLanguage":"fr-FR"},{"@type":"Organization","@id":"https:\/\/lasentinelle.dz\/#organization","name":"Quotidien La Sentinelle","url":"https:\/\/lasentinelle.dz\/","logo":{"@type":"ImageObject","inLanguage":"fr-FR","@id":"https:\/\/lasentinelle.dz\/#\/schema\/logo\/image\/","url":"https:\/\/lasentinelle.dz\/wp-content\/uploads\/2021\/09\/logo-sentinelleSLOGAN-1.png","contentUrl":"https:\/\/lasentinelle.dz\/wp-content\/uploads\/2021\/09\/logo-sentinelleSLOGAN-1.png","width":615,"height":142,"caption":"Quotidien La Sentinelle"},"image":{"@id":"https:\/\/lasentinelle.dz\/#\/schema\/logo\/image\/"},"sameAs":["https:\/\/www.facebook.com\/La-Sentinelle-104059864394773"]},{"@type":"Person","@id":"https:\/\/lasentinelle.dz\/#\/schema\/person\/d865044e22e70a75174ce8bcad3acfb3","name":"La Sentinelle","image":{"@type":"ImageObject","inLanguage":"fr-FR","@id":"https:\/\/secure.gravatar.com\/avatar\/57de8e5d4b15d43fb361a71fbb36338450fe67865b528a43dd10ef7c51a20392?s=96&d=mm&r=g","url":"https:\/\/secure.gravatar.com\/avatar\/57de8e5d4b15d43fb361a71fbb36338450fe67865b528a43dd10ef7c51a20392?s=96&d=mm&r=g","contentUrl":"https:\/\/secure.gravatar.com\/avatar\/57de8e5d4b15d43fb361a71fbb36338450fe67865b528a43dd10ef7c51a20392?s=96&d=mm&r=g","caption":"La Sentinelle"},"sameAs":["http:\/\/www.lasentinelle.dz"],"url":"https:\/\/lasentinelle.dz\/author\/redaction\/"}]}},"_links":{"self":[{"href":"https:\/\/lasentinelle.dz\/index.php\/wp-json\/wp\/v2\/posts\/28389","targetHints":{"allow":["GET"]}}],"collection":[{"href":"https:\/\/lasentinelle.dz\/index.php\/wp-json\/wp\/v2\/posts"}],"about":[{"href":"https:\/\/lasentinelle.dz\/index.php\/wp-json\/wp\/v2\/types\/post"}],"author":[{"embeddable":true,"href":"https:\/\/lasentinelle.dz\/index.php\/wp-json\/wp\/v2\/users\/3"}],"replies":[{"embeddable":true,"href":"https:\/\/lasentinelle.dz\/index.php\/wp-json\/wp\/v2\/comments?post=28389"}],"version-history":[{"count":1,"href":"https:\/\/lasentinelle.dz\/index.php\/wp-json\/wp\/v2\/posts\/28389\/revisions"}],"predecessor-version":[{"id":28403,"href":"https:\/\/lasentinelle.dz\/index.php\/wp-json\/wp\/v2\/posts\/28389\/revisions\/28403"}],"wp:featuredmedia":[{"embeddable":true,"href":"https:\/\/lasentinelle.dz\/index.php\/wp-json\/wp\/v2\/media\/21880"}],"wp:attachment":[{"href":"https:\/\/lasentinelle.dz\/index.php\/wp-json\/wp\/v2\/media?parent=28389"}],"wp:term":[{"taxonomy":"category","embeddable":true,"href":"https:\/\/lasentinelle.dz\/index.php\/wp-json\/wp\/v2\/categories?post=28389"},{"taxonomy":"post_tag","embeddable":true,"href":"https:\/\/lasentinelle.dz\/index.php\/wp-json\/wp\/v2\/tags?post=28389"}],"curies":[{"name":"wp","href":"https:\/\/api.w.org\/{rel}","templated":true}]}}