{"id":28401,"date":"2022-10-03T22:05:00","date_gmt":"2022-10-03T21:05:00","guid":{"rendered":"https:\/\/lasentinelle.dz\/?p=28401"},"modified":"2022-10-03T19:48:36","modified_gmt":"2022-10-03T18:48:36","slug":"agriculture-saharienne-lancement-du-second-appel-a-projets-dinvestissement","status":"publish","type":"post","link":"https:\/\/lasentinelle.dz\/index.php\/2022\/10\/03\/agriculture-saharienne-lancement-du-second-appel-a-projets-dinvestissement\/","title":{"rendered":"Agriculture saharienne\u00a0: Lancement du second appel \u00e0 projets d&rsquo;investissement"},"content":{"rendered":"\n<p>Le minist\u00e8re de l&rsquo;Agriculture et du D\u00e9veloppement rural a annonc\u00e9, lundi dans un communiqu\u00e9, le lancement, par l&rsquo;Office de D\u00e9veloppement de l&rsquo;Agriculture industrielle en terres Sahariennes (ODAS), du second appel \u00e0 projets d&rsquo;investissement agricole et agro-industriel au profit des op\u00e9rateurs \u00e9conomiques.<\/p>\n\n\n\n<p>Cet appel \u00e0 projets est lanc\u00e9 depuis le 1er octobre sur la plateforme de l&rsquo;ODAS (https:\/\/odas.madr.gov.dz\/) et concerne sept p\u00e9rim\u00e8tres situ\u00e9s dans les wilayas d&rsquo;El Menia\u00e2, Gharda\u00efa, Touggourt et Ouargla, pr\u00e9cise le minist\u00e8re.Les porteurs de projets int\u00e9ress\u00e9s par l&rsquo;investissement agricole et agro-industriel dans les wilayas du sud, sont appel\u00e9s \u00e0 introduire leurs demandes, via cette plateforme, du 1er au 21 octobre 2022, d\u00e9taille le communiqu\u00e9.La fiche technique du p\u00e9rim\u00e8tre (\u00e0 imprimer \u00e0 partir de la plateforme) objet de la soumission doit \u00eatre int\u00e9gr\u00e9e dans le dossier transmis, a tenu \u00e0 pr\u00e9ciser le minist\u00e8re.A cet effet, le MADR \u00ab\u00a0convie tous les op\u00e9rateurs int\u00e9ress\u00e9s dans ce domaine \u00e0 faire preuve de c\u00e9l\u00e9rit\u00e9 dans les d\u00e9marches et les proc\u00e9dures \u00e0 mettre en \u0153uvre\u00a0\u00bb.En raison de l&rsquo;importance des projets et de leur impact sur la production nationale notamment des c\u00e9r\u00e9ales, les investisseurs sont inform\u00e9s que le cahier des charges int\u00e9grera obligatoirement les plans de culture et l&rsquo;orientation des syst\u00e8mes de production agricole vers des denr\u00e9es strat\u00e9giques: bl\u00e9 dur, bl\u00e9 tendre, ma\u00efs grain, tournesol et betterave sucri\u00e8re.Pour les p\u00e9rim\u00e8tres concern\u00e9s, il s&rsquo;agit de deux p\u00e9rim\u00e8tres \u00e0 Hassi Gara et Hassi Fehal (wilaya d&rsquo;El Menia\u00e2), un p\u00e9rim\u00e8tre \u00e0 Mansoura (wilaya de Gharda\u00efa), unp\u00e9rim\u00e8tre \u00e0 El Hadjira (wilaya de Touggourt) et enfin trois p\u00e9rim\u00e8tres \u00e0 Hassi Messaoud, Hassi Ben Abdelah et Rouissat (wilaya de Ouargla). Notons qu\u2019au mois de mai dernier, le Premier ministre a exig\u00e9 l\u2019attribution des surfaces agricoles mobilis\u00e9es dans le cadre du d\u00e9veloppement de l\u2019agriculture saharienne aux investisseurs avant la fin de l\u2019ann\u00e9e en cours. &nbsp;Lors d\u2019une r\u00e9union du gouvernement une communication avait \u00e9t\u00e9 pr\u00e9sent\u00e9e par le ministre de l\u2019Agriculture et du D\u00e9veloppement Rural sur le plan de charge et le bilan des r\u00e9alisations de l\u2019Office.Le Premier ministre avait alors tenu \u00e0 rappeler les orientations du pr\u00e9sident de la R\u00e9publique quant au r\u00f4le strat\u00e9gique de l\u2019ODAS ainsi que les efforts consentis pour sa mise en place, notamment sa dotation en moyens humains et mat\u00e9riels.Il a insist\u00e9 sur le fait que l\u2019ODAS doit, \u00e0 travers son guichet unique, \u00eatre au service des investisseurs en leur apportant toute l\u2019assistance n\u00e9cessaire pour l\u2019accomplissement de l\u2019ensemble des d\u00e9marches inh\u00e9rentes notamment au raccordement en \u00e9nergie et aux forages.Lors de la pr\u00e9sentation, il a \u00e9t\u00e9 fait part de la mobilisation d\u2019une premi\u00e8re tranche constitu\u00e9e de 134.000 ha \u00e0 attribuer aux investisseurs dont les demandes ont \u00e9t\u00e9 re\u00e7ues suivant une proc\u00e9dure en ligne via le site \u00e9lectronique de l\u2019ODAS.<\/p>\n\n\n\n<p>R.N.<\/p>\n","protected":false},"excerpt":{"rendered":"<p>Le minist\u00e8re de l&rsquo;Agriculture et du D\u00e9veloppement rural a annonc\u00e9, lundi dans un communiqu\u00e9, le lancement, par l&rsquo;Office de D\u00e9veloppement<\/p>\n","protected":false},"author":3,"featured_media":1469,"comment_status":"open","ping_status":"closed","sticky":false,"template":"","format":"standard","meta":{"colormag_page_container_layout":"default_layout","colormag_page_sidebar_layout":"default_layout","om_disable_all_campaigns":false,"_monsterinsights_skip_tracking":false,"_monsterinsights_sitenote_active":false,"_monsterinsights_sitenote_note":"","_monsterinsights_sitenote_category":0,"footnotes":"","_wpscppro_dont_share_socialmedia":false,"_wpscppro_custom_social_share_image":0,"_facebook_share_type":"","_twitter_share_type":"","_linkedin_share_type":"","_pinterest_share_type":"","_linkedin_share_type_page":"","_instagram_share_type":"","_medium_share_type":"","_threads_share_type":"","_google_business_share_type":"","_selected_social_profile":[],"_wpsp_enable_custom_social_template":false,"_wpsp_social_scheduling":{"enabled":false,"datetime":null,"platforms":[],"status":"template_only","dateOption":"today","timeOption":"now","customDays":"","customHours":"","customDate":"","customTime":"","schedulingType":"absolute"},"_wpsp_active_default_template":true},"categories":[27],"tags":[],"class_list":["post-28401","post","type-post","status-publish","format-standard","has-post-thumbnail","hentry","category-actualite"],"aioseo_notices":[],"yoast_head":"<!-- This site is optimized with the Yoast SEO plugin v27.5 - https:\/\/yoast.com\/product\/yoast-seo-wordpress\/ -->\n<title>Agriculture saharienne\u00a0: Lancement du second appel \u00e0 projets d&rsquo;investissement - La Sentinelle<\/title>\n<meta name=\"robots\" content=\"index, follow, max-snippet:-1, max-image-preview:large, max-video-preview:-1\" \/>\n<link rel=\"canonical\" href=\"https:\/\/lasentinelle.dz\/index.php\/2022\/10\/03\/agriculture-saharienne-lancement-du-second-appel-a-projets-dinvestissement\/\" \/>\n<meta property=\"og:locale\" content=\"fr_FR\" \/>\n<meta property=\"og:type\" content=\"article\" \/>\n<meta property=\"og:title\" content=\"Agriculture saharienne\u00a0: Lancement du second appel \u00e0 projets d&rsquo;investissement - La Sentinelle\" \/>\n<meta property=\"og:description\" content=\"Le minist\u00e8re de l&rsquo;Agriculture et du D\u00e9veloppement rural a annonc\u00e9, lundi dans un communiqu\u00e9, le lancement, par l&rsquo;Office de D\u00e9veloppement\" \/>\n<meta property=\"og:url\" content=\"https:\/\/lasentinelle.dz\/index.php\/2022\/10\/03\/agriculture-saharienne-lancement-du-second-appel-a-projets-dinvestissement\/\" \/>\n<meta property=\"og:site_name\" content=\"La Sentinelle\" \/>\n<meta property=\"article:publisher\" content=\"https:\/\/www.facebook.com\/La-Sentinelle-104059864394773\" \/>\n<meta property=\"article:published_time\" content=\"2022-10-03T21:05:00+00:00\" \/>\n<meta property=\"og:image\" content=\"https:\/\/lasentinelle.dz\/wp-content\/uploads\/2021\/07\/Agriculture-sahariennegri.png\" \/>\n\t<meta property=\"og:image:width\" content=\"1351\" \/>\n\t<meta property=\"og:image:height\" content=\"900\" \/>\n\t<meta property=\"og:image:type\" content=\"image\/png\" \/>\n<meta name=\"author\" content=\"La Sentinelle\" \/>\n<meta name=\"twitter:card\" content=\"summary_large_image\" \/>\n<meta name=\"twitter:label1\" content=\"\u00c9crit par\" \/>\n\t<meta name=\"twitter:data1\" content=\"La Sentinelle\" \/>\n\t<meta name=\"twitter:label2\" content=\"Dur\u00e9e de lecture estim\u00e9e\" \/>\n\t<meta name=\"twitter:data2\" content=\"3 minutes\" \/>\n<script type=\"application\/ld+json\" class=\"yoast-schema-graph\">{\"@context\":\"https:\\\/\\\/schema.org\",\"@graph\":[{\"@type\":\"Article\",\"@id\":\"https:\\\/\\\/lasentinelle.dz\\\/index.php\\\/2022\\\/10\\\/03\\\/agriculture-saharienne-lancement-du-second-appel-a-projets-dinvestissement\\\/#article\",\"isPartOf\":{\"@id\":\"https:\\\/\\\/lasentinelle.dz\\\/index.php\\\/2022\\\/10\\\/03\\\/agriculture-saharienne-lancement-du-second-appel-a-projets-dinvestissement\\\/\"},\"author\":{\"name\":\"La Sentinelle\",\"@id\":\"https:\\\/\\\/lasentinelle.dz\\\/#\\\/schema\\\/person\\\/d865044e22e70a75174ce8bcad3acfb3\"},\"headline\":\"Agriculture saharienne\u00a0: Lancement du second appel \u00e0 projets d&rsquo;investissement\",\"datePublished\":\"2022-10-03T21:05:00+00:00\",\"mainEntityOfPage\":{\"@id\":\"https:\\\/\\\/lasentinelle.dz\\\/index.php\\\/2022\\\/10\\\/03\\\/agriculture-saharienne-lancement-du-second-appel-a-projets-dinvestissement\\\/\"},\"wordCount\":540,\"commentCount\":0,\"publisher\":{\"@id\":\"https:\\\/\\\/lasentinelle.dz\\\/#organization\"},\"image\":{\"@id\":\"https:\\\/\\\/lasentinelle.dz\\\/index.php\\\/2022\\\/10\\\/03\\\/agriculture-saharienne-lancement-du-second-appel-a-projets-dinvestissement\\\/#primaryimage\"},\"thumbnailUrl\":\"https:\\\/\\\/lasentinelle.dz\\\/wp-content\\\/uploads\\\/2021\\\/07\\\/Agriculture-sahariennegri.png\",\"articleSection\":[\"Actualit\u00e9\"],\"inLanguage\":\"fr-FR\",\"potentialAction\":[{\"@type\":\"CommentAction\",\"name\":\"Comment\",\"target\":[\"https:\\\/\\\/lasentinelle.dz\\\/index.php\\\/2022\\\/10\\\/03\\\/agriculture-saharienne-lancement-du-second-appel-a-projets-dinvestissement\\\/#respond\"]}]},{\"@type\":\"WebPage\",\"@id\":\"https:\\\/\\\/lasentinelle.dz\\\/index.php\\\/2022\\\/10\\\/03\\\/agriculture-saharienne-lancement-du-second-appel-a-projets-dinvestissement\\\/\",\"url\":\"https:\\\/\\\/lasentinelle.dz\\\/index.php\\\/2022\\\/10\\\/03\\\/agriculture-saharienne-lancement-du-second-appel-a-projets-dinvestissement\\\/\",\"name\":\"Agriculture saharienne\u00a0: Lancement du second appel \u00e0 projets d&rsquo;investissement - La Sentinelle\",\"isPartOf\":{\"@id\":\"https:\\\/\\\/lasentinelle.dz\\\/#website\"},\"primaryImageOfPage\":{\"@id\":\"https:\\\/\\\/lasentinelle.dz\\\/index.php\\\/2022\\\/10\\\/03\\\/agriculture-saharienne-lancement-du-second-appel-a-projets-dinvestissement\\\/#primaryimage\"},\"image\":{\"@id\":\"https:\\\/\\\/lasentinelle.dz\\\/index.php\\\/2022\\\/10\\\/03\\\/agriculture-saharienne-lancement-du-second-appel-a-projets-dinvestissement\\\/#primaryimage\"},\"thumbnailUrl\":\"https:\\\/\\\/lasentinelle.dz\\\/wp-content\\\/uploads\\\/2021\\\/07\\\/Agriculture-sahariennegri.png\",\"datePublished\":\"2022-10-03T21:05:00+00:00\",\"breadcrumb\":{\"@id\":\"https:\\\/\\\/lasentinelle.dz\\\/index.php\\\/2022\\\/10\\\/03\\\/agriculture-saharienne-lancement-du-second-appel-a-projets-dinvestissement\\\/#breadcrumb\"},\"inLanguage\":\"fr-FR\",\"potentialAction\":[{\"@type\":\"ReadAction\",\"target\":[\"https:\\\/\\\/lasentinelle.dz\\\/index.php\\\/2022\\\/10\\\/03\\\/agriculture-saharienne-lancement-du-second-appel-a-projets-dinvestissement\\\/\"]}]},{\"@type\":\"ImageObject\",\"inLanguage\":\"fr-FR\",\"@id\":\"https:\\\/\\\/lasentinelle.dz\\\/index.php\\\/2022\\\/10\\\/03\\\/agriculture-saharienne-lancement-du-second-appel-a-projets-dinvestissement\\\/#primaryimage\",\"url\":\"https:\\\/\\\/lasentinelle.dz\\\/wp-content\\\/uploads\\\/2021\\\/07\\\/Agriculture-sahariennegri.png\",\"contentUrl\":\"https:\\\/\\\/lasentinelle.dz\\\/wp-content\\\/uploads\\\/2021\\\/07\\\/Agriculture-sahariennegri.png\",\"width\":1351,\"height\":900},{\"@type\":\"BreadcrumbList\",\"@id\":\"https:\\\/\\\/lasentinelle.dz\\\/index.php\\\/2022\\\/10\\\/03\\\/agriculture-saharienne-lancement-du-second-appel-a-projets-dinvestissement\\\/#breadcrumb\",\"itemListElement\":[{\"@type\":\"ListItem\",\"position\":1,\"name\":\"Accueil\",\"item\":\"https:\\\/\\\/lasentinelle.dz\\\/\"},{\"@type\":\"ListItem\",\"position\":2,\"name\":\"Agriculture saharienne\u00a0: Lancement du second appel \u00e0 projets d&rsquo;investissement\"}]},{\"@type\":\"WebSite\",\"@id\":\"https:\\\/\\\/lasentinelle.dz\\\/#website\",\"url\":\"https:\\\/\\\/lasentinelle.dz\\\/\",\"name\":\"La Sentinelle\",\"description\":\"Quotidien national d&#039;information\",\"publisher\":{\"@id\":\"https:\\\/\\\/lasentinelle.dz\\\/#organization\"},\"potentialAction\":[{\"@type\":\"SearchAction\",\"target\":{\"@type\":\"EntryPoint\",\"urlTemplate\":\"https:\\\/\\\/lasentinelle.dz\\\/?s={search_term_string}\"},\"query-input\":{\"@type\":\"PropertyValueSpecification\",\"valueRequired\":true,\"valueName\":\"search_term_string\"}}],\"inLanguage\":\"fr-FR\"},{\"@type\":\"Organization\",\"@id\":\"https:\\\/\\\/lasentinelle.dz\\\/#organization\",\"name\":\"Quotidien La Sentinelle\",\"url\":\"https:\\\/\\\/lasentinelle.dz\\\/\",\"logo\":{\"@type\":\"ImageObject\",\"inLanguage\":\"fr-FR\",\"@id\":\"https:\\\/\\\/lasentinelle.dz\\\/#\\\/schema\\\/logo\\\/image\\\/\",\"url\":\"https:\\\/\\\/lasentinelle.dz\\\/wp-content\\\/uploads\\\/2021\\\/09\\\/logo-sentinelleSLOGAN-1.png\",\"contentUrl\":\"https:\\\/\\\/lasentinelle.dz\\\/wp-content\\\/uploads\\\/2021\\\/09\\\/logo-sentinelleSLOGAN-1.png\",\"width\":615,\"height\":142,\"caption\":\"Quotidien La Sentinelle\"},\"image\":{\"@id\":\"https:\\\/\\\/lasentinelle.dz\\\/#\\\/schema\\\/logo\\\/image\\\/\"},\"sameAs\":[\"https:\\\/\\\/www.facebook.com\\\/La-Sentinelle-104059864394773\"]},{\"@type\":\"Person\",\"@id\":\"https:\\\/\\\/lasentinelle.dz\\\/#\\\/schema\\\/person\\\/d865044e22e70a75174ce8bcad3acfb3\",\"name\":\"La Sentinelle\",\"image\":{\"@type\":\"ImageObject\",\"inLanguage\":\"fr-FR\",\"@id\":\"https:\\\/\\\/secure.gravatar.com\\\/avatar\\\/57de8e5d4b15d43fb361a71fbb36338450fe67865b528a43dd10ef7c51a20392?s=96&d=mm&r=g\",\"url\":\"https:\\\/\\\/secure.gravatar.com\\\/avatar\\\/57de8e5d4b15d43fb361a71fbb36338450fe67865b528a43dd10ef7c51a20392?s=96&d=mm&r=g\",\"contentUrl\":\"https:\\\/\\\/secure.gravatar.com\\\/avatar\\\/57de8e5d4b15d43fb361a71fbb36338450fe67865b528a43dd10ef7c51a20392?s=96&d=mm&r=g\",\"caption\":\"La Sentinelle\"},\"sameAs\":[\"http:\\\/\\\/www.lasentinelle.dz\"],\"url\":\"https:\\\/\\\/lasentinelle.dz\\\/author\\\/redaction\\\/\"}]}<\/script>\n<!-- \/ Yoast SEO plugin. -->","yoast_head_json":{"title":"Agriculture saharienne\u00a0: Lancement du second appel \u00e0 projets d&rsquo;investissement - La Sentinelle","robots":{"index":"index","follow":"follow","max-snippet":"max-snippet:-1","max-image-preview":"max-image-preview:large","max-video-preview":"max-video-preview:-1"},"canonical":"https:\/\/lasentinelle.dz\/index.php\/2022\/10\/03\/agriculture-saharienne-lancement-du-second-appel-a-projets-dinvestissement\/","og_locale":"fr_FR","og_type":"article","og_title":"Agriculture saharienne\u00a0: Lancement du second appel \u00e0 projets d&rsquo;investissement - La Sentinelle","og_description":"Le minist\u00e8re de l&rsquo;Agriculture et du D\u00e9veloppement rural a annonc\u00e9, lundi dans un communiqu\u00e9, le lancement, par l&rsquo;Office de D\u00e9veloppement","og_url":"https:\/\/lasentinelle.dz\/index.php\/2022\/10\/03\/agriculture-saharienne-lancement-du-second-appel-a-projets-dinvestissement\/","og_site_name":"La Sentinelle","article_publisher":"https:\/\/www.facebook.com\/La-Sentinelle-104059864394773","article_published_time":"2022-10-03T21:05:00+00:00","og_image":[{"width":1351,"height":900,"url":"https:\/\/lasentinelle.dz\/wp-content\/uploads\/2021\/07\/Agriculture-sahariennegri.png","type":"image\/png"}],"author":"La Sentinelle","twitter_card":"summary_large_image","twitter_misc":{"\u00c9crit par":"La Sentinelle","Dur\u00e9e de lecture estim\u00e9e":"3 minutes"},"schema":{"@context":"https:\/\/schema.org","@graph":[{"@type":"Article","@id":"https:\/\/lasentinelle.dz\/index.php\/2022\/10\/03\/agriculture-saharienne-lancement-du-second-appel-a-projets-dinvestissement\/#article","isPartOf":{"@id":"https:\/\/lasentinelle.dz\/index.php\/2022\/10\/03\/agriculture-saharienne-lancement-du-second-appel-a-projets-dinvestissement\/"},"author":{"name":"La Sentinelle","@id":"https:\/\/lasentinelle.dz\/#\/schema\/person\/d865044e22e70a75174ce8bcad3acfb3"},"headline":"Agriculture saharienne\u00a0: Lancement du second appel \u00e0 projets d&rsquo;investissement","datePublished":"2022-10-03T21:05:00+00:00","mainEntityOfPage":{"@id":"https:\/\/lasentinelle.dz\/index.php\/2022\/10\/03\/agriculture-saharienne-lancement-du-second-appel-a-projets-dinvestissement\/"},"wordCount":540,"commentCount":0,"publisher":{"@id":"https:\/\/lasentinelle.dz\/#organization"},"image":{"@id":"https:\/\/lasentinelle.dz\/index.php\/2022\/10\/03\/agriculture-saharienne-lancement-du-second-appel-a-projets-dinvestissement\/#primaryimage"},"thumbnailUrl":"https:\/\/lasentinelle.dz\/wp-content\/uploads\/2021\/07\/Agriculture-sahariennegri.png","articleSection":["Actualit\u00e9"],"inLanguage":"fr-FR","potentialAction":[{"@type":"CommentAction","name":"Comment","target":["https:\/\/lasentinelle.dz\/index.php\/2022\/10\/03\/agriculture-saharienne-lancement-du-second-appel-a-projets-dinvestissement\/#respond"]}]},{"@type":"WebPage","@id":"https:\/\/lasentinelle.dz\/index.php\/2022\/10\/03\/agriculture-saharienne-lancement-du-second-appel-a-projets-dinvestissement\/","url":"https:\/\/lasentinelle.dz\/index.php\/2022\/10\/03\/agriculture-saharienne-lancement-du-second-appel-a-projets-dinvestissement\/","name":"Agriculture saharienne\u00a0: Lancement du second appel \u00e0 projets d&rsquo;investissement - La Sentinelle","isPartOf":{"@id":"https:\/\/lasentinelle.dz\/#website"},"primaryImageOfPage":{"@id":"https:\/\/lasentinelle.dz\/index.php\/2022\/10\/03\/agriculture-saharienne-lancement-du-second-appel-a-projets-dinvestissement\/#primaryimage"},"image":{"@id":"https:\/\/lasentinelle.dz\/index.php\/2022\/10\/03\/agriculture-saharienne-lancement-du-second-appel-a-projets-dinvestissement\/#primaryimage"},"thumbnailUrl":"https:\/\/lasentinelle.dz\/wp-content\/uploads\/2021\/07\/Agriculture-sahariennegri.png","datePublished":"2022-10-03T21:05:00+00:00","breadcrumb":{"@id":"https:\/\/lasentinelle.dz\/index.php\/2022\/10\/03\/agriculture-saharienne-lancement-du-second-appel-a-projets-dinvestissement\/#breadcrumb"},"inLanguage":"fr-FR","potentialAction":[{"@type":"ReadAction","target":["https:\/\/lasentinelle.dz\/index.php\/2022\/10\/03\/agriculture-saharienne-lancement-du-second-appel-a-projets-dinvestissement\/"]}]},{"@type":"ImageObject","inLanguage":"fr-FR","@id":"https:\/\/lasentinelle.dz\/index.php\/2022\/10\/03\/agriculture-saharienne-lancement-du-second-appel-a-projets-dinvestissement\/#primaryimage","url":"https:\/\/lasentinelle.dz\/wp-content\/uploads\/2021\/07\/Agriculture-sahariennegri.png","contentUrl":"https:\/\/lasentinelle.dz\/wp-content\/uploads\/2021\/07\/Agriculture-sahariennegri.png","width":1351,"height":900},{"@type":"BreadcrumbList","@id":"https:\/\/lasentinelle.dz\/index.php\/2022\/10\/03\/agriculture-saharienne-lancement-du-second-appel-a-projets-dinvestissement\/#breadcrumb","itemListElement":[{"@type":"ListItem","position":1,"name":"Accueil","item":"https:\/\/lasentinelle.dz\/"},{"@type":"ListItem","position":2,"name":"Agriculture saharienne\u00a0: Lancement du second appel \u00e0 projets d&rsquo;investissement"}]},{"@type":"WebSite","@id":"https:\/\/lasentinelle.dz\/#website","url":"https:\/\/lasentinelle.dz\/","name":"La Sentinelle","description":"Quotidien national d&#039;information","publisher":{"@id":"https:\/\/lasentinelle.dz\/#organization"},"potentialAction":[{"@type":"SearchAction","target":{"@type":"EntryPoint","urlTemplate":"https:\/\/lasentinelle.dz\/?s={search_term_string}"},"query-input":{"@type":"PropertyValueSpecification","valueRequired":true,"valueName":"search_term_string"}}],"inLanguage":"fr-FR"},{"@type":"Organization","@id":"https:\/\/lasentinelle.dz\/#organization","name":"Quotidien La Sentinelle","url":"https:\/\/lasentinelle.dz\/","logo":{"@type":"ImageObject","inLanguage":"fr-FR","@id":"https:\/\/lasentinelle.dz\/#\/schema\/logo\/image\/","url":"https:\/\/lasentinelle.dz\/wp-content\/uploads\/2021\/09\/logo-sentinelleSLOGAN-1.png","contentUrl":"https:\/\/lasentinelle.dz\/wp-content\/uploads\/2021\/09\/logo-sentinelleSLOGAN-1.png","width":615,"height":142,"caption":"Quotidien La Sentinelle"},"image":{"@id":"https:\/\/lasentinelle.dz\/#\/schema\/logo\/image\/"},"sameAs":["https:\/\/www.facebook.com\/La-Sentinelle-104059864394773"]},{"@type":"Person","@id":"https:\/\/lasentinelle.dz\/#\/schema\/person\/d865044e22e70a75174ce8bcad3acfb3","name":"La Sentinelle","image":{"@type":"ImageObject","inLanguage":"fr-FR","@id":"https:\/\/secure.gravatar.com\/avatar\/57de8e5d4b15d43fb361a71fbb36338450fe67865b528a43dd10ef7c51a20392?s=96&d=mm&r=g","url":"https:\/\/secure.gravatar.com\/avatar\/57de8e5d4b15d43fb361a71fbb36338450fe67865b528a43dd10ef7c51a20392?s=96&d=mm&r=g","contentUrl":"https:\/\/secure.gravatar.com\/avatar\/57de8e5d4b15d43fb361a71fbb36338450fe67865b528a43dd10ef7c51a20392?s=96&d=mm&r=g","caption":"La Sentinelle"},"sameAs":["http:\/\/www.lasentinelle.dz"],"url":"https:\/\/lasentinelle.dz\/author\/redaction\/"}]}},"_links":{"self":[{"href":"https:\/\/lasentinelle.dz\/index.php\/wp-json\/wp\/v2\/posts\/28401","targetHints":{"allow":["GET"]}}],"collection":[{"href":"https:\/\/lasentinelle.dz\/index.php\/wp-json\/wp\/v2\/posts"}],"about":[{"href":"https:\/\/lasentinelle.dz\/index.php\/wp-json\/wp\/v2\/types\/post"}],"author":[{"embeddable":true,"href":"https:\/\/lasentinelle.dz\/index.php\/wp-json\/wp\/v2\/users\/3"}],"replies":[{"embeddable":true,"href":"https:\/\/lasentinelle.dz\/index.php\/wp-json\/wp\/v2\/comments?post=28401"}],"version-history":[{"count":1,"href":"https:\/\/lasentinelle.dz\/index.php\/wp-json\/wp\/v2\/posts\/28401\/revisions"}],"predecessor-version":[{"id":28404,"href":"https:\/\/lasentinelle.dz\/index.php\/wp-json\/wp\/v2\/posts\/28401\/revisions\/28404"}],"wp:featuredmedia":[{"embeddable":true,"href":"https:\/\/lasentinelle.dz\/index.php\/wp-json\/wp\/v2\/media\/1469"}],"wp:attachment":[{"href":"https:\/\/lasentinelle.dz\/index.php\/wp-json\/wp\/v2\/media?parent=28401"}],"wp:term":[{"taxonomy":"category","embeddable":true,"href":"https:\/\/lasentinelle.dz\/index.php\/wp-json\/wp\/v2\/categories?post=28401"},{"taxonomy":"post_tag","embeddable":true,"href":"https:\/\/lasentinelle.dz\/index.php\/wp-json\/wp\/v2\/tags?post=28401"}],"curies":[{"name":"wp","href":"https:\/\/api.w.org\/{rel}","templated":true}]}}