{"id":28432,"date":"2022-10-04T22:00:00","date_gmt":"2022-10-04T21:00:00","guid":{"rendered":"https:\/\/lasentinelle.dz\/?p=28432"},"modified":"2022-10-04T16:00:45","modified_gmt":"2022-10-04T15:00:45","slug":"vote-aux-etats-unis-la-colere-monte-au-sein-de-la-communaute-afro-americaine","status":"publish","type":"post","link":"https:\/\/lasentinelle.dz\/index.php\/2022\/10\/04\/vote-aux-etats-unis-la-colere-monte-au-sein-de-la-communaute-afro-americaine\/","title":{"rendered":"Vote aux \u00c9tats-Unis\u00a0: La col\u00e8re monte au sein de la communaut\u00e9 afro-am\u00e9ricaine"},"content":{"rendered":"\n<p>La Cour supr\u00eame des \u00c9tats-Unis a commenc\u00e9 \u00e0 examiner hier un d\u00e9coupage des circonscriptions dans l&rsquo;\u00c9tat de l&rsquo;Alabama accus\u00e9 de diminuer l&rsquo;influence des \u00e9lecteurs noirs, qui sont cens\u00e9s pencher du c\u00f4t\u00e9 d\u00e9mocrate. Le dossier suscite beaucoup d&rsquo;attention car la haute juridiction, \u00e0 majorit\u00e9 conservatrice, pourrait en profiter pour rogner la port\u00e9e du \u00abVoting Rights Act\u00bb, la loi embl\u00e9matique de 1965 adopt\u00e9e pour mettre un terme aux efforts des anciens \u00c9tats s\u00e9gr\u00e9gationnistes pour priver les Afro-Am\u00e9ricains du droit de vote.<\/p>\n\n\n\n<p>Concr\u00e8tement, il porte sur une carte redessin\u00e9e en 2021 par les \u00e9lus r\u00e9publicains de l&rsquo;\u00c9tat pour attribuer les si\u00e8ges \u00e0 la Chambre des repr\u00e9sentants. Selon le d\u00e9coupage retenu, les \u00e9lecteurs noirs &#8211; qui repr\u00e9sentent environ un quart des inscrits &#8211; sont majoritaires dans une seule des sept circonscriptions. Une fa\u00e7on d&rsquo;augmenter les chances des r\u00e9publicains dans les six autres circonscriptions. Des citoyens et des associations ont saisi la justice en accusant les l\u00e9gislateurs d&rsquo;avoir viol\u00e9 un volet de la loi sur les droits civiques, qui interdit de diluer ainsi le vote des Afro-Am\u00e9ricains. Pour eux, la nouvelle carte passe au milieu d&rsquo;une r\u00e9gion majoritairement noire, la \u00abBlack Belt\u00bb, et la coupe en deux. Ils estiment que l&rsquo;Alabama aurait plut\u00f4t d\u00fb cr\u00e9er une seconde circonscription \u00e0 majorit\u00e9 noire.<\/p>\n\n\n\n<p>L&rsquo;enjeu est particuli\u00e8rement fort dans cet \u00c9tat, o\u00f9 les Afro-Am\u00e9ricains votent majoritairement d\u00e9mocrate, quand les Blancs votent pour la plupart r\u00e9publicain. En d\u00e9but d&rsquo;ann\u00e9e, un tribunal de premi\u00e8re instance avait donn\u00e9 raison aux plaignants et ordonn\u00e9 aux \u00e9lus locaux de rendre une nouvelle copie. Les autorit\u00e9s r\u00e9publicaines s&rsquo;\u00e9taient alors tourn\u00e9es en urgence vers la Cour supr\u00eame.<\/p>\n\n\n\n<p>En f\u00e9vrier, cinq des neuf sages de la prestigieuse institution les ont autoris\u00e9es \u00e0 conserver la carte de 2021 pour l&rsquo;instant &#8211; et donc pour les \u00e9lections de mi-mandat en novembre &#8211; tout en reportant \u00e0 plus tard l&rsquo;examen du dossier sur le fond. L&rsquo;heure est d\u00e9sormais arriv\u00e9e et les parties vont s&rsquo;affronter pendant une heure devant la haute cour pour faire pr\u00e9valoir leurs vues. Au-del\u00e0 du d\u00e9bat sur sa carte, l&rsquo;Alabama compte plaider que la Constitution des \u00c9tats-Unis interdit de prendre en compte des crit\u00e8res ethniques lors des d\u00e9coupages \u00e9lectoraux.<\/p>\n\n\n\n<p>Or, le Voting Rights Act autorise \u00e0 le faire pour assurer que les \u00e9lecteurs issus de groupes minoritaires puissent avoir des \u00e9lus refl\u00e9tant leurs vues. \u00ab Si la Cour autorise \u00e0 revenir l\u00e0-dessus, cela aura sans aucun doute un fort impact sur la repr\u00e9sentation des communaut\u00e9s\u00bb, a mis en garde Sophia Lin Lakin, qui suit le dossier pour l&rsquo;organisation de d\u00e9fense des droits civiques ACLU, lors d&rsquo;une conf\u00e9rence de presse. Le gouvernement du pr\u00e9sident d\u00e9mocrate Joe Biden soutient \u00e9galement le cadre l\u00e9gal actuel. C&rsquo;est \u00abune r\u00e9ponse mesur\u00e9e \u00e0 la r\u00e9alit\u00e9 malheureuse de la persistance de blocs \u00e9lectoraux\u00bb li\u00e9s \u00e0 la couleur de peau, a-t-il estim\u00e9 dans un argumentaire transmis \u00e0 la Cour.<\/p>\n\n\n\n<p><strong>&nbsp;Agences<\/strong><\/p>\n","protected":false},"excerpt":{"rendered":"<p>La Cour supr\u00eame des \u00c9tats-Unis a commenc\u00e9 \u00e0 examiner hier un d\u00e9coupage des circonscriptions dans l&rsquo;\u00c9tat de l&rsquo;Alabama accus\u00e9 de<\/p>\n","protected":false},"author":3,"featured_media":28444,"comment_status":"open","ping_status":"closed","sticky":false,"template":"","format":"standard","meta":{"colormag_page_container_layout":"default_layout","colormag_page_sidebar_layout":"default_layout","om_disable_all_campaigns":false,"_monsterinsights_skip_tracking":false,"_monsterinsights_sitenote_active":false,"_monsterinsights_sitenote_note":"","_monsterinsights_sitenote_category":0,"footnotes":"","_wpscppro_dont_share_socialmedia":false,"_wpscppro_custom_social_share_image":0,"_facebook_share_type":"","_twitter_share_type":"","_linkedin_share_type":"","_pinterest_share_type":"","_linkedin_share_type_page":"","_instagram_share_type":"","_medium_share_type":"","_threads_share_type":"","_google_business_share_type":"","_selected_social_profile":[],"_wpsp_enable_custom_social_template":false,"_wpsp_social_scheduling":{"enabled":false,"datetime":null,"platforms":[],"status":"template_only","dateOption":"today","timeOption":"now","customDays":"","customHours":"","customDate":"","customTime":"","schedulingType":"absolute"},"_wpsp_active_default_template":true},"categories":[37],"tags":[],"class_list":["post-28432","post","type-post","status-publish","format-standard","has-post-thumbnail","hentry","category-monde"],"aioseo_notices":[],"yoast_head":"<!-- This site is optimized with the Yoast SEO plugin v27.5 - https:\/\/yoast.com\/product\/yoast-seo-wordpress\/ -->\n<title>Vote aux \u00c9tats-Unis\u00a0: La col\u00e8re monte au sein de la communaut\u00e9 afro-am\u00e9ricaine - La Sentinelle<\/title>\n<meta name=\"robots\" content=\"index, follow, max-snippet:-1, max-image-preview:large, max-video-preview:-1\" \/>\n<link rel=\"canonical\" href=\"https:\/\/lasentinelle.dz\/index.php\/2022\/10\/04\/vote-aux-etats-unis-la-colere-monte-au-sein-de-la-communaute-afro-americaine\/\" \/>\n<meta property=\"og:locale\" content=\"fr_FR\" \/>\n<meta property=\"og:type\" content=\"article\" \/>\n<meta property=\"og:title\" content=\"Vote aux \u00c9tats-Unis\u00a0: La col\u00e8re monte au sein de la communaut\u00e9 afro-am\u00e9ricaine - La Sentinelle\" \/>\n<meta property=\"og:description\" content=\"La Cour supr\u00eame des \u00c9tats-Unis a commenc\u00e9 \u00e0 examiner hier un d\u00e9coupage des circonscriptions dans l&rsquo;\u00c9tat de l&rsquo;Alabama accus\u00e9 de\" \/>\n<meta property=\"og:url\" content=\"https:\/\/lasentinelle.dz\/index.php\/2022\/10\/04\/vote-aux-etats-unis-la-colere-monte-au-sein-de-la-communaute-afro-americaine\/\" \/>\n<meta property=\"og:site_name\" content=\"La Sentinelle\" \/>\n<meta property=\"article:publisher\" content=\"https:\/\/www.facebook.com\/La-Sentinelle-104059864394773\" \/>\n<meta property=\"article:published_time\" content=\"2022-10-04T21:00:00+00:00\" \/>\n<meta property=\"og:image\" content=\"https:\/\/lasentinelle.dz\/wp-content\/uploads\/2022\/10\/image_2022-10-04_155422411-1024x667.png\" \/>\n\t<meta property=\"og:image:width\" content=\"1024\" \/>\n\t<meta property=\"og:image:height\" content=\"667\" \/>\n\t<meta property=\"og:image:type\" content=\"image\/png\" \/>\n<meta name=\"author\" content=\"La Sentinelle\" \/>\n<meta name=\"twitter:card\" content=\"summary_large_image\" \/>\n<meta name=\"twitter:label1\" content=\"\u00c9crit par\" \/>\n\t<meta name=\"twitter:data1\" content=\"La Sentinelle\" \/>\n\t<meta name=\"twitter:label2\" content=\"Dur\u00e9e de lecture estim\u00e9e\" \/>\n\t<meta name=\"twitter:data2\" content=\"3 minutes\" \/>\n<script type=\"application\/ld+json\" class=\"yoast-schema-graph\">{\"@context\":\"https:\\\/\\\/schema.org\",\"@graph\":[{\"@type\":\"Article\",\"@id\":\"https:\\\/\\\/lasentinelle.dz\\\/index.php\\\/2022\\\/10\\\/04\\\/vote-aux-etats-unis-la-colere-monte-au-sein-de-la-communaute-afro-americaine\\\/#article\",\"isPartOf\":{\"@id\":\"https:\\\/\\\/lasentinelle.dz\\\/index.php\\\/2022\\\/10\\\/04\\\/vote-aux-etats-unis-la-colere-monte-au-sein-de-la-communaute-afro-americaine\\\/\"},\"author\":{\"name\":\"La Sentinelle\",\"@id\":\"https:\\\/\\\/lasentinelle.dz\\\/#\\\/schema\\\/person\\\/d865044e22e70a75174ce8bcad3acfb3\"},\"headline\":\"Vote aux \u00c9tats-Unis\u00a0: La col\u00e8re monte au sein de la communaut\u00e9 afro-am\u00e9ricaine\",\"datePublished\":\"2022-10-04T21:00:00+00:00\",\"mainEntityOfPage\":{\"@id\":\"https:\\\/\\\/lasentinelle.dz\\\/index.php\\\/2022\\\/10\\\/04\\\/vote-aux-etats-unis-la-colere-monte-au-sein-de-la-communaute-afro-americaine\\\/\"},\"wordCount\":543,\"commentCount\":0,\"publisher\":{\"@id\":\"https:\\\/\\\/lasentinelle.dz\\\/#organization\"},\"image\":{\"@id\":\"https:\\\/\\\/lasentinelle.dz\\\/index.php\\\/2022\\\/10\\\/04\\\/vote-aux-etats-unis-la-colere-monte-au-sein-de-la-communaute-afro-americaine\\\/#primaryimage\"},\"thumbnailUrl\":\"https:\\\/\\\/lasentinelle.dz\\\/wp-content\\\/uploads\\\/2022\\\/10\\\/image_2022-10-04_155422411.png\",\"articleSection\":[\"Monde\"],\"inLanguage\":\"fr-FR\",\"potentialAction\":[{\"@type\":\"CommentAction\",\"name\":\"Comment\",\"target\":[\"https:\\\/\\\/lasentinelle.dz\\\/index.php\\\/2022\\\/10\\\/04\\\/vote-aux-etats-unis-la-colere-monte-au-sein-de-la-communaute-afro-americaine\\\/#respond\"]}]},{\"@type\":\"WebPage\",\"@id\":\"https:\\\/\\\/lasentinelle.dz\\\/index.php\\\/2022\\\/10\\\/04\\\/vote-aux-etats-unis-la-colere-monte-au-sein-de-la-communaute-afro-americaine\\\/\",\"url\":\"https:\\\/\\\/lasentinelle.dz\\\/index.php\\\/2022\\\/10\\\/04\\\/vote-aux-etats-unis-la-colere-monte-au-sein-de-la-communaute-afro-americaine\\\/\",\"name\":\"Vote aux \u00c9tats-Unis\u00a0: La col\u00e8re monte au sein de la communaut\u00e9 afro-am\u00e9ricaine - La Sentinelle\",\"isPartOf\":{\"@id\":\"https:\\\/\\\/lasentinelle.dz\\\/#website\"},\"primaryImageOfPage\":{\"@id\":\"https:\\\/\\\/lasentinelle.dz\\\/index.php\\\/2022\\\/10\\\/04\\\/vote-aux-etats-unis-la-colere-monte-au-sein-de-la-communaute-afro-americaine\\\/#primaryimage\"},\"image\":{\"@id\":\"https:\\\/\\\/lasentinelle.dz\\\/index.php\\\/2022\\\/10\\\/04\\\/vote-aux-etats-unis-la-colere-monte-au-sein-de-la-communaute-afro-americaine\\\/#primaryimage\"},\"thumbnailUrl\":\"https:\\\/\\\/lasentinelle.dz\\\/wp-content\\\/uploads\\\/2022\\\/10\\\/image_2022-10-04_155422411.png\",\"datePublished\":\"2022-10-04T21:00:00+00:00\",\"breadcrumb\":{\"@id\":\"https:\\\/\\\/lasentinelle.dz\\\/index.php\\\/2022\\\/10\\\/04\\\/vote-aux-etats-unis-la-colere-monte-au-sein-de-la-communaute-afro-americaine\\\/#breadcrumb\"},\"inLanguage\":\"fr-FR\",\"potentialAction\":[{\"@type\":\"ReadAction\",\"target\":[\"https:\\\/\\\/lasentinelle.dz\\\/index.php\\\/2022\\\/10\\\/04\\\/vote-aux-etats-unis-la-colere-monte-au-sein-de-la-communaute-afro-americaine\\\/\"]}]},{\"@type\":\"ImageObject\",\"inLanguage\":\"fr-FR\",\"@id\":\"https:\\\/\\\/lasentinelle.dz\\\/index.php\\\/2022\\\/10\\\/04\\\/vote-aux-etats-unis-la-colere-monte-au-sein-de-la-communaute-afro-americaine\\\/#primaryimage\",\"url\":\"https:\\\/\\\/lasentinelle.dz\\\/wp-content\\\/uploads\\\/2022\\\/10\\\/image_2022-10-04_155422411.png\",\"contentUrl\":\"https:\\\/\\\/lasentinelle.dz\\\/wp-content\\\/uploads\\\/2022\\\/10\\\/image_2022-10-04_155422411.png\",\"width\":3500,\"height\":2280},{\"@type\":\"BreadcrumbList\",\"@id\":\"https:\\\/\\\/lasentinelle.dz\\\/index.php\\\/2022\\\/10\\\/04\\\/vote-aux-etats-unis-la-colere-monte-au-sein-de-la-communaute-afro-americaine\\\/#breadcrumb\",\"itemListElement\":[{\"@type\":\"ListItem\",\"position\":1,\"name\":\"Accueil\",\"item\":\"https:\\\/\\\/lasentinelle.dz\\\/\"},{\"@type\":\"ListItem\",\"position\":2,\"name\":\"Vote aux \u00c9tats-Unis\u00a0: La col\u00e8re monte au sein de la communaut\u00e9 afro-am\u00e9ricaine\"}]},{\"@type\":\"WebSite\",\"@id\":\"https:\\\/\\\/lasentinelle.dz\\\/#website\",\"url\":\"https:\\\/\\\/lasentinelle.dz\\\/\",\"name\":\"La Sentinelle\",\"description\":\"Quotidien national d&#039;information\",\"publisher\":{\"@id\":\"https:\\\/\\\/lasentinelle.dz\\\/#organization\"},\"potentialAction\":[{\"@type\":\"SearchAction\",\"target\":{\"@type\":\"EntryPoint\",\"urlTemplate\":\"https:\\\/\\\/lasentinelle.dz\\\/?s={search_term_string}\"},\"query-input\":{\"@type\":\"PropertyValueSpecification\",\"valueRequired\":true,\"valueName\":\"search_term_string\"}}],\"inLanguage\":\"fr-FR\"},{\"@type\":\"Organization\",\"@id\":\"https:\\\/\\\/lasentinelle.dz\\\/#organization\",\"name\":\"Quotidien La Sentinelle\",\"url\":\"https:\\\/\\\/lasentinelle.dz\\\/\",\"logo\":{\"@type\":\"ImageObject\",\"inLanguage\":\"fr-FR\",\"@id\":\"https:\\\/\\\/lasentinelle.dz\\\/#\\\/schema\\\/logo\\\/image\\\/\",\"url\":\"https:\\\/\\\/lasentinelle.dz\\\/wp-content\\\/uploads\\\/2021\\\/09\\\/logo-sentinelleSLOGAN-1.png\",\"contentUrl\":\"https:\\\/\\\/lasentinelle.dz\\\/wp-content\\\/uploads\\\/2021\\\/09\\\/logo-sentinelleSLOGAN-1.png\",\"width\":615,\"height\":142,\"caption\":\"Quotidien La Sentinelle\"},\"image\":{\"@id\":\"https:\\\/\\\/lasentinelle.dz\\\/#\\\/schema\\\/logo\\\/image\\\/\"},\"sameAs\":[\"https:\\\/\\\/www.facebook.com\\\/La-Sentinelle-104059864394773\"]},{\"@type\":\"Person\",\"@id\":\"https:\\\/\\\/lasentinelle.dz\\\/#\\\/schema\\\/person\\\/d865044e22e70a75174ce8bcad3acfb3\",\"name\":\"La Sentinelle\",\"image\":{\"@type\":\"ImageObject\",\"inLanguage\":\"fr-FR\",\"@id\":\"https:\\\/\\\/secure.gravatar.com\\\/avatar\\\/57de8e5d4b15d43fb361a71fbb36338450fe67865b528a43dd10ef7c51a20392?s=96&d=mm&r=g\",\"url\":\"https:\\\/\\\/secure.gravatar.com\\\/avatar\\\/57de8e5d4b15d43fb361a71fbb36338450fe67865b528a43dd10ef7c51a20392?s=96&d=mm&r=g\",\"contentUrl\":\"https:\\\/\\\/secure.gravatar.com\\\/avatar\\\/57de8e5d4b15d43fb361a71fbb36338450fe67865b528a43dd10ef7c51a20392?s=96&d=mm&r=g\",\"caption\":\"La Sentinelle\"},\"sameAs\":[\"http:\\\/\\\/www.lasentinelle.dz\"],\"url\":\"https:\\\/\\\/lasentinelle.dz\\\/author\\\/redaction\\\/\"}]}<\/script>\n<!-- \/ Yoast SEO plugin. -->","yoast_head_json":{"title":"Vote aux \u00c9tats-Unis\u00a0: La col\u00e8re monte au sein de la communaut\u00e9 afro-am\u00e9ricaine - La Sentinelle","robots":{"index":"index","follow":"follow","max-snippet":"max-snippet:-1","max-image-preview":"max-image-preview:large","max-video-preview":"max-video-preview:-1"},"canonical":"https:\/\/lasentinelle.dz\/index.php\/2022\/10\/04\/vote-aux-etats-unis-la-colere-monte-au-sein-de-la-communaute-afro-americaine\/","og_locale":"fr_FR","og_type":"article","og_title":"Vote aux \u00c9tats-Unis\u00a0: La col\u00e8re monte au sein de la communaut\u00e9 afro-am\u00e9ricaine - La Sentinelle","og_description":"La Cour supr\u00eame des \u00c9tats-Unis a commenc\u00e9 \u00e0 examiner hier un d\u00e9coupage des circonscriptions dans l&rsquo;\u00c9tat de l&rsquo;Alabama accus\u00e9 de","og_url":"https:\/\/lasentinelle.dz\/index.php\/2022\/10\/04\/vote-aux-etats-unis-la-colere-monte-au-sein-de-la-communaute-afro-americaine\/","og_site_name":"La Sentinelle","article_publisher":"https:\/\/www.facebook.com\/La-Sentinelle-104059864394773","article_published_time":"2022-10-04T21:00:00+00:00","og_image":[{"width":1024,"height":667,"url":"https:\/\/lasentinelle.dz\/wp-content\/uploads\/2022\/10\/image_2022-10-04_155422411-1024x667.png","type":"image\/png"}],"author":"La Sentinelle","twitter_card":"summary_large_image","twitter_misc":{"\u00c9crit par":"La Sentinelle","Dur\u00e9e de lecture estim\u00e9e":"3 minutes"},"schema":{"@context":"https:\/\/schema.org","@graph":[{"@type":"Article","@id":"https:\/\/lasentinelle.dz\/index.php\/2022\/10\/04\/vote-aux-etats-unis-la-colere-monte-au-sein-de-la-communaute-afro-americaine\/#article","isPartOf":{"@id":"https:\/\/lasentinelle.dz\/index.php\/2022\/10\/04\/vote-aux-etats-unis-la-colere-monte-au-sein-de-la-communaute-afro-americaine\/"},"author":{"name":"La Sentinelle","@id":"https:\/\/lasentinelle.dz\/#\/schema\/person\/d865044e22e70a75174ce8bcad3acfb3"},"headline":"Vote aux \u00c9tats-Unis\u00a0: La col\u00e8re monte au sein de la communaut\u00e9 afro-am\u00e9ricaine","datePublished":"2022-10-04T21:00:00+00:00","mainEntityOfPage":{"@id":"https:\/\/lasentinelle.dz\/index.php\/2022\/10\/04\/vote-aux-etats-unis-la-colere-monte-au-sein-de-la-communaute-afro-americaine\/"},"wordCount":543,"commentCount":0,"publisher":{"@id":"https:\/\/lasentinelle.dz\/#organization"},"image":{"@id":"https:\/\/lasentinelle.dz\/index.php\/2022\/10\/04\/vote-aux-etats-unis-la-colere-monte-au-sein-de-la-communaute-afro-americaine\/#primaryimage"},"thumbnailUrl":"https:\/\/lasentinelle.dz\/wp-content\/uploads\/2022\/10\/image_2022-10-04_155422411.png","articleSection":["Monde"],"inLanguage":"fr-FR","potentialAction":[{"@type":"CommentAction","name":"Comment","target":["https:\/\/lasentinelle.dz\/index.php\/2022\/10\/04\/vote-aux-etats-unis-la-colere-monte-au-sein-de-la-communaute-afro-americaine\/#respond"]}]},{"@type":"WebPage","@id":"https:\/\/lasentinelle.dz\/index.php\/2022\/10\/04\/vote-aux-etats-unis-la-colere-monte-au-sein-de-la-communaute-afro-americaine\/","url":"https:\/\/lasentinelle.dz\/index.php\/2022\/10\/04\/vote-aux-etats-unis-la-colere-monte-au-sein-de-la-communaute-afro-americaine\/","name":"Vote aux \u00c9tats-Unis\u00a0: La col\u00e8re monte au sein de la communaut\u00e9 afro-am\u00e9ricaine - La Sentinelle","isPartOf":{"@id":"https:\/\/lasentinelle.dz\/#website"},"primaryImageOfPage":{"@id":"https:\/\/lasentinelle.dz\/index.php\/2022\/10\/04\/vote-aux-etats-unis-la-colere-monte-au-sein-de-la-communaute-afro-americaine\/#primaryimage"},"image":{"@id":"https:\/\/lasentinelle.dz\/index.php\/2022\/10\/04\/vote-aux-etats-unis-la-colere-monte-au-sein-de-la-communaute-afro-americaine\/#primaryimage"},"thumbnailUrl":"https:\/\/lasentinelle.dz\/wp-content\/uploads\/2022\/10\/image_2022-10-04_155422411.png","datePublished":"2022-10-04T21:00:00+00:00","breadcrumb":{"@id":"https:\/\/lasentinelle.dz\/index.php\/2022\/10\/04\/vote-aux-etats-unis-la-colere-monte-au-sein-de-la-communaute-afro-americaine\/#breadcrumb"},"inLanguage":"fr-FR","potentialAction":[{"@type":"ReadAction","target":["https:\/\/lasentinelle.dz\/index.php\/2022\/10\/04\/vote-aux-etats-unis-la-colere-monte-au-sein-de-la-communaute-afro-americaine\/"]}]},{"@type":"ImageObject","inLanguage":"fr-FR","@id":"https:\/\/lasentinelle.dz\/index.php\/2022\/10\/04\/vote-aux-etats-unis-la-colere-monte-au-sein-de-la-communaute-afro-americaine\/#primaryimage","url":"https:\/\/lasentinelle.dz\/wp-content\/uploads\/2022\/10\/image_2022-10-04_155422411.png","contentUrl":"https:\/\/lasentinelle.dz\/wp-content\/uploads\/2022\/10\/image_2022-10-04_155422411.png","width":3500,"height":2280},{"@type":"BreadcrumbList","@id":"https:\/\/lasentinelle.dz\/index.php\/2022\/10\/04\/vote-aux-etats-unis-la-colere-monte-au-sein-de-la-communaute-afro-americaine\/#breadcrumb","itemListElement":[{"@type":"ListItem","position":1,"name":"Accueil","item":"https:\/\/lasentinelle.dz\/"},{"@type":"ListItem","position":2,"name":"Vote aux \u00c9tats-Unis\u00a0: La col\u00e8re monte au sein de la communaut\u00e9 afro-am\u00e9ricaine"}]},{"@type":"WebSite","@id":"https:\/\/lasentinelle.dz\/#website","url":"https:\/\/lasentinelle.dz\/","name":"La Sentinelle","description":"Quotidien national d&#039;information","publisher":{"@id":"https:\/\/lasentinelle.dz\/#organization"},"potentialAction":[{"@type":"SearchAction","target":{"@type":"EntryPoint","urlTemplate":"https:\/\/lasentinelle.dz\/?s={search_term_string}"},"query-input":{"@type":"PropertyValueSpecification","valueRequired":true,"valueName":"search_term_string"}}],"inLanguage":"fr-FR"},{"@type":"Organization","@id":"https:\/\/lasentinelle.dz\/#organization","name":"Quotidien La Sentinelle","url":"https:\/\/lasentinelle.dz\/","logo":{"@type":"ImageObject","inLanguage":"fr-FR","@id":"https:\/\/lasentinelle.dz\/#\/schema\/logo\/image\/","url":"https:\/\/lasentinelle.dz\/wp-content\/uploads\/2021\/09\/logo-sentinelleSLOGAN-1.png","contentUrl":"https:\/\/lasentinelle.dz\/wp-content\/uploads\/2021\/09\/logo-sentinelleSLOGAN-1.png","width":615,"height":142,"caption":"Quotidien La Sentinelle"},"image":{"@id":"https:\/\/lasentinelle.dz\/#\/schema\/logo\/image\/"},"sameAs":["https:\/\/www.facebook.com\/La-Sentinelle-104059864394773"]},{"@type":"Person","@id":"https:\/\/lasentinelle.dz\/#\/schema\/person\/d865044e22e70a75174ce8bcad3acfb3","name":"La Sentinelle","image":{"@type":"ImageObject","inLanguage":"fr-FR","@id":"https:\/\/secure.gravatar.com\/avatar\/57de8e5d4b15d43fb361a71fbb36338450fe67865b528a43dd10ef7c51a20392?s=96&d=mm&r=g","url":"https:\/\/secure.gravatar.com\/avatar\/57de8e5d4b15d43fb361a71fbb36338450fe67865b528a43dd10ef7c51a20392?s=96&d=mm&r=g","contentUrl":"https:\/\/secure.gravatar.com\/avatar\/57de8e5d4b15d43fb361a71fbb36338450fe67865b528a43dd10ef7c51a20392?s=96&d=mm&r=g","caption":"La Sentinelle"},"sameAs":["http:\/\/www.lasentinelle.dz"],"url":"https:\/\/lasentinelle.dz\/author\/redaction\/"}]}},"_links":{"self":[{"href":"https:\/\/lasentinelle.dz\/index.php\/wp-json\/wp\/v2\/posts\/28432","targetHints":{"allow":["GET"]}}],"collection":[{"href":"https:\/\/lasentinelle.dz\/index.php\/wp-json\/wp\/v2\/posts"}],"about":[{"href":"https:\/\/lasentinelle.dz\/index.php\/wp-json\/wp\/v2\/types\/post"}],"author":[{"embeddable":true,"href":"https:\/\/lasentinelle.dz\/index.php\/wp-json\/wp\/v2\/users\/3"}],"replies":[{"embeddable":true,"href":"https:\/\/lasentinelle.dz\/index.php\/wp-json\/wp\/v2\/comments?post=28432"}],"version-history":[{"count":1,"href":"https:\/\/lasentinelle.dz\/index.php\/wp-json\/wp\/v2\/posts\/28432\/revisions"}],"predecessor-version":[{"id":28445,"href":"https:\/\/lasentinelle.dz\/index.php\/wp-json\/wp\/v2\/posts\/28432\/revisions\/28445"}],"wp:featuredmedia":[{"embeddable":true,"href":"https:\/\/lasentinelle.dz\/index.php\/wp-json\/wp\/v2\/media\/28444"}],"wp:attachment":[{"href":"https:\/\/lasentinelle.dz\/index.php\/wp-json\/wp\/v2\/media?parent=28432"}],"wp:term":[{"taxonomy":"category","embeddable":true,"href":"https:\/\/lasentinelle.dz\/index.php\/wp-json\/wp\/v2\/categories?post=28432"},{"taxonomy":"post_tag","embeddable":true,"href":"https:\/\/lasentinelle.dz\/index.php\/wp-json\/wp\/v2\/tags?post=28432"}],"curies":[{"name":"wp","href":"https:\/\/api.w.org\/{rel}","templated":true}]}}