{"id":28454,"date":"2022-10-04T22:00:00","date_gmt":"2022-10-04T21:00:00","guid":{"rendered":"https:\/\/lasentinelle.dz\/?p=28454"},"modified":"2022-10-04T16:47:12","modified_gmt":"2022-10-04T15:47:12","slug":"fermeture-du-fdatic-les-tranches-de-16-projets-de-films-regles","status":"publish","type":"post","link":"https:\/\/lasentinelle.dz\/index.php\/2022\/10\/04\/fermeture-du-fdatic-les-tranches-de-16-projets-de-films-regles\/","title":{"rendered":"Fermeture du FDATIC\u00a0: Les tranches de 16 projets de films r\u00e9gl\u00e9s"},"content":{"rendered":"\n<p>Le minist\u00e8re de la Culture et des Arts a annonc\u00e9 lundi soir avoir mobilis\u00e9 une enveloppe de pr\u00e8s de 64 millions de dinars pour r\u00e9gler les tranches de pas moins de 16 films rest\u00e9s en suspens depuis la fermeture du FDATIC.<\/p>\n\n\n\n<p>Dans un communiqu\u00e9, le d\u00e9partement de Soraya Mouloudji a indiqu\u00e9 que dans le cadre du suivi du \u00ab processus de r\u00e8glement des sections de projets cin\u00e9matographiques, rest\u00e9 en suspens depuis la fermeture du Fonds pour la Promotion des Arts, Techniques et Lettres Cin\u00e9matographiques (FDATIC), et apr\u00e8s agr\u00e9ment des services du minist\u00e8re des Finances d\u2019octroyer la licence exceptionnelle pour ce proc\u00e9d\u00e9, et afin d&rsquo;informer les personnes concern\u00e9es de l&rsquo;\u00e9volution de ce dossier, le minist\u00e8re de la Culture et des Arts annonce le r\u00e8glement des tranches de 16 projets de films, d&rsquo;une valeur totale estim\u00e9e \u00e0 63 744 400 DA&nbsp;\u00bb. Il invite ainsi les initiateurs des nouveaux projets cin\u00e9matographiques, qui ont b\u00e9n\u00e9fici\u00e9 de la premi\u00e8re tranche de l&rsquo;aide, soit 57 projets, et afin de compl\u00e9ter les segments restants de la subvention accord\u00e9e, \u00e0 se rapprocher de la Direction du d\u00e9veloppement et de la promotion des arts du minist\u00e8re afin de d\u00e9poser les documents prouvant l&rsquo;ach\u00e8vement des travaux, avant le 15 novembre prochain. Le d\u00e9partement de Soraya Mouloudji souligne aussi que ses services \u00ab engageront des proc\u00e9dures administratives contre les institutions cin\u00e9matographiques qui ne se sont pas engag\u00e9es \u00e0 mener \u00e0 bien le projet dans les d\u00e9lais stipul\u00e9s dans la convention conclue avec le minist\u00e8re de la Culture et des Arts, en envoyant des avis selon les d\u00e9lais connus, et en cas d&rsquo;absence de r\u00e9ponse, des proc\u00e9dures judiciaires seront engag\u00e9es pour recouvrer ces subventions&nbsp;\u00bb.<\/p>\n\n\n\n<p>Enfin, le minist\u00e8re de la Culture et des Arts r\u00e9affirme le fait que l&rsquo;\u00c9tat \u00ab&nbsp;continuera \u00e0 soutenir le cin\u00e9ma \u00e0 travers de nouveaux m\u00e9canismes qui d\u00e9pendent du budget du programme, pour assurer plus de transparence dans l&rsquo;octroi des subventions et un suivi plus efficace de l&rsquo;avancement de la production cin\u00e9matographique&nbsp;\u00bb. Pour rappel, le gouvernement a d\u00e9cid\u00e9 de fermer le FDATIC dans le cadre de l\u2019op\u00e9ration d\u2019assainissement des comptes sp\u00e9ciaux du Tr\u00e9sor. Il a \u00e9t\u00e9 dissous dans le cadre de la loi de finances 2021.<\/p>\n\n\n\n<p><strong>Chokri Hafed<\/strong><\/p>\n","protected":false},"excerpt":{"rendered":"<p>Le minist\u00e8re de la Culture et des Arts a annonc\u00e9 lundi soir avoir mobilis\u00e9 une enveloppe de pr\u00e8s de 64<\/p>\n","protected":false},"author":3,"featured_media":28274,"comment_status":"open","ping_status":"closed","sticky":false,"template":"","format":"standard","meta":{"colormag_page_container_layout":"default_layout","colormag_page_sidebar_layout":"default_layout","om_disable_all_campaigns":false,"_monsterinsights_skip_tracking":false,"_monsterinsights_sitenote_active":false,"_monsterinsights_sitenote_note":"","_monsterinsights_sitenote_category":0,"footnotes":"","_wpscppro_dont_share_socialmedia":false,"_wpscppro_custom_social_share_image":0,"_facebook_share_type":"","_twitter_share_type":"","_linkedin_share_type":"","_pinterest_share_type":"","_linkedin_share_type_page":"","_instagram_share_type":"","_medium_share_type":"","_threads_share_type":"","_google_business_share_type":"","_selected_social_profile":[],"_wpsp_enable_custom_social_template":false,"_wpsp_social_scheduling":{"enabled":false,"datetime":null,"platforms":[],"status":"template_only","dateOption":"today","timeOption":"now","customDays":"","customHours":"","customDate":"","customTime":"","schedulingType":"absolute"},"_wpsp_active_default_template":true},"categories":[36],"tags":[],"class_list":["post-28454","post","type-post","status-publish","format-standard","has-post-thumbnail","hentry","category-culture"],"aioseo_notices":[],"yoast_head":"<!-- This site is optimized with the Yoast SEO plugin v27.5 - https:\/\/yoast.com\/product\/yoast-seo-wordpress\/ -->\n<title>Fermeture du FDATIC\u00a0: Les tranches de 16 projets de films r\u00e9gl\u00e9s - La Sentinelle<\/title>\n<meta name=\"robots\" content=\"index, follow, max-snippet:-1, max-image-preview:large, max-video-preview:-1\" \/>\n<link rel=\"canonical\" href=\"https:\/\/lasentinelle.dz\/index.php\/2022\/10\/04\/fermeture-du-fdatic-les-tranches-de-16-projets-de-films-regles\/\" \/>\n<meta property=\"og:locale\" content=\"fr_FR\" \/>\n<meta property=\"og:type\" content=\"article\" \/>\n<meta property=\"og:title\" content=\"Fermeture du FDATIC\u00a0: Les tranches de 16 projets de films r\u00e9gl\u00e9s - La Sentinelle\" \/>\n<meta property=\"og:description\" content=\"Le minist\u00e8re de la Culture et des Arts a annonc\u00e9 lundi soir avoir mobilis\u00e9 une enveloppe de pr\u00e8s de 64\" \/>\n<meta property=\"og:url\" content=\"https:\/\/lasentinelle.dz\/index.php\/2022\/10\/04\/fermeture-du-fdatic-les-tranches-de-16-projets-de-films-regles\/\" \/>\n<meta property=\"og:site_name\" content=\"La Sentinelle\" \/>\n<meta property=\"article:publisher\" content=\"https:\/\/www.facebook.com\/La-Sentinelle-104059864394773\" \/>\n<meta property=\"article:published_time\" content=\"2022-10-04T21:00:00+00:00\" \/>\n<meta property=\"og:image\" content=\"https:\/\/lasentinelle.dz\/wp-content\/uploads\/2022\/10\/ministere-de-la-culture-et-des-arts.png\" \/>\n\t<meta property=\"og:image:width\" content=\"1350\" \/>\n\t<meta property=\"og:image:height\" content=\"900\" \/>\n\t<meta property=\"og:image:type\" content=\"image\/png\" \/>\n<meta name=\"author\" content=\"La Sentinelle\" \/>\n<meta name=\"twitter:card\" content=\"summary_large_image\" \/>\n<meta name=\"twitter:label1\" content=\"\u00c9crit par\" \/>\n\t<meta name=\"twitter:data1\" content=\"La Sentinelle\" \/>\n\t<meta name=\"twitter:label2\" content=\"Dur\u00e9e de lecture estim\u00e9e\" \/>\n\t<meta name=\"twitter:data2\" content=\"2 minutes\" \/>\n<script type=\"application\/ld+json\" class=\"yoast-schema-graph\">{\"@context\":\"https:\\\/\\\/schema.org\",\"@graph\":[{\"@type\":\"Article\",\"@id\":\"https:\\\/\\\/lasentinelle.dz\\\/index.php\\\/2022\\\/10\\\/04\\\/fermeture-du-fdatic-les-tranches-de-16-projets-de-films-regles\\\/#article\",\"isPartOf\":{\"@id\":\"https:\\\/\\\/lasentinelle.dz\\\/index.php\\\/2022\\\/10\\\/04\\\/fermeture-du-fdatic-les-tranches-de-16-projets-de-films-regles\\\/\"},\"author\":{\"name\":\"La Sentinelle\",\"@id\":\"https:\\\/\\\/lasentinelle.dz\\\/#\\\/schema\\\/person\\\/d865044e22e70a75174ce8bcad3acfb3\"},\"headline\":\"Fermeture du FDATIC\u00a0: Les tranches de 16 projets de films r\u00e9gl\u00e9s\",\"datePublished\":\"2022-10-04T21:00:00+00:00\",\"mainEntityOfPage\":{\"@id\":\"https:\\\/\\\/lasentinelle.dz\\\/index.php\\\/2022\\\/10\\\/04\\\/fermeture-du-fdatic-les-tranches-de-16-projets-de-films-regles\\\/\"},\"wordCount\":416,\"commentCount\":0,\"publisher\":{\"@id\":\"https:\\\/\\\/lasentinelle.dz\\\/#organization\"},\"image\":{\"@id\":\"https:\\\/\\\/lasentinelle.dz\\\/index.php\\\/2022\\\/10\\\/04\\\/fermeture-du-fdatic-les-tranches-de-16-projets-de-films-regles\\\/#primaryimage\"},\"thumbnailUrl\":\"https:\\\/\\\/lasentinelle.dz\\\/wp-content\\\/uploads\\\/2022\\\/10\\\/ministere-de-la-culture-et-des-arts.png\",\"articleSection\":[\"Culture\"],\"inLanguage\":\"fr-FR\",\"potentialAction\":[{\"@type\":\"CommentAction\",\"name\":\"Comment\",\"target\":[\"https:\\\/\\\/lasentinelle.dz\\\/index.php\\\/2022\\\/10\\\/04\\\/fermeture-du-fdatic-les-tranches-de-16-projets-de-films-regles\\\/#respond\"]}]},{\"@type\":\"WebPage\",\"@id\":\"https:\\\/\\\/lasentinelle.dz\\\/index.php\\\/2022\\\/10\\\/04\\\/fermeture-du-fdatic-les-tranches-de-16-projets-de-films-regles\\\/\",\"url\":\"https:\\\/\\\/lasentinelle.dz\\\/index.php\\\/2022\\\/10\\\/04\\\/fermeture-du-fdatic-les-tranches-de-16-projets-de-films-regles\\\/\",\"name\":\"Fermeture du FDATIC\u00a0: Les tranches de 16 projets de films r\u00e9gl\u00e9s - La Sentinelle\",\"isPartOf\":{\"@id\":\"https:\\\/\\\/lasentinelle.dz\\\/#website\"},\"primaryImageOfPage\":{\"@id\":\"https:\\\/\\\/lasentinelle.dz\\\/index.php\\\/2022\\\/10\\\/04\\\/fermeture-du-fdatic-les-tranches-de-16-projets-de-films-regles\\\/#primaryimage\"},\"image\":{\"@id\":\"https:\\\/\\\/lasentinelle.dz\\\/index.php\\\/2022\\\/10\\\/04\\\/fermeture-du-fdatic-les-tranches-de-16-projets-de-films-regles\\\/#primaryimage\"},\"thumbnailUrl\":\"https:\\\/\\\/lasentinelle.dz\\\/wp-content\\\/uploads\\\/2022\\\/10\\\/ministere-de-la-culture-et-des-arts.png\",\"datePublished\":\"2022-10-04T21:00:00+00:00\",\"breadcrumb\":{\"@id\":\"https:\\\/\\\/lasentinelle.dz\\\/index.php\\\/2022\\\/10\\\/04\\\/fermeture-du-fdatic-les-tranches-de-16-projets-de-films-regles\\\/#breadcrumb\"},\"inLanguage\":\"fr-FR\",\"potentialAction\":[{\"@type\":\"ReadAction\",\"target\":[\"https:\\\/\\\/lasentinelle.dz\\\/index.php\\\/2022\\\/10\\\/04\\\/fermeture-du-fdatic-les-tranches-de-16-projets-de-films-regles\\\/\"]}]},{\"@type\":\"ImageObject\",\"inLanguage\":\"fr-FR\",\"@id\":\"https:\\\/\\\/lasentinelle.dz\\\/index.php\\\/2022\\\/10\\\/04\\\/fermeture-du-fdatic-les-tranches-de-16-projets-de-films-regles\\\/#primaryimage\",\"url\":\"https:\\\/\\\/lasentinelle.dz\\\/wp-content\\\/uploads\\\/2022\\\/10\\\/ministere-de-la-culture-et-des-arts.png\",\"contentUrl\":\"https:\\\/\\\/lasentinelle.dz\\\/wp-content\\\/uploads\\\/2022\\\/10\\\/ministere-de-la-culture-et-des-arts.png\",\"width\":1350,\"height\":900},{\"@type\":\"BreadcrumbList\",\"@id\":\"https:\\\/\\\/lasentinelle.dz\\\/index.php\\\/2022\\\/10\\\/04\\\/fermeture-du-fdatic-les-tranches-de-16-projets-de-films-regles\\\/#breadcrumb\",\"itemListElement\":[{\"@type\":\"ListItem\",\"position\":1,\"name\":\"Accueil\",\"item\":\"https:\\\/\\\/lasentinelle.dz\\\/\"},{\"@type\":\"ListItem\",\"position\":2,\"name\":\"Fermeture du FDATIC\u00a0: Les tranches de 16 projets de films r\u00e9gl\u00e9s\"}]},{\"@type\":\"WebSite\",\"@id\":\"https:\\\/\\\/lasentinelle.dz\\\/#website\",\"url\":\"https:\\\/\\\/lasentinelle.dz\\\/\",\"name\":\"La Sentinelle\",\"description\":\"Quotidien national d&#039;information\",\"publisher\":{\"@id\":\"https:\\\/\\\/lasentinelle.dz\\\/#organization\"},\"potentialAction\":[{\"@type\":\"SearchAction\",\"target\":{\"@type\":\"EntryPoint\",\"urlTemplate\":\"https:\\\/\\\/lasentinelle.dz\\\/?s={search_term_string}\"},\"query-input\":{\"@type\":\"PropertyValueSpecification\",\"valueRequired\":true,\"valueName\":\"search_term_string\"}}],\"inLanguage\":\"fr-FR\"},{\"@type\":\"Organization\",\"@id\":\"https:\\\/\\\/lasentinelle.dz\\\/#organization\",\"name\":\"Quotidien La Sentinelle\",\"url\":\"https:\\\/\\\/lasentinelle.dz\\\/\",\"logo\":{\"@type\":\"ImageObject\",\"inLanguage\":\"fr-FR\",\"@id\":\"https:\\\/\\\/lasentinelle.dz\\\/#\\\/schema\\\/logo\\\/image\\\/\",\"url\":\"https:\\\/\\\/lasentinelle.dz\\\/wp-content\\\/uploads\\\/2021\\\/09\\\/logo-sentinelleSLOGAN-1.png\",\"contentUrl\":\"https:\\\/\\\/lasentinelle.dz\\\/wp-content\\\/uploads\\\/2021\\\/09\\\/logo-sentinelleSLOGAN-1.png\",\"width\":615,\"height\":142,\"caption\":\"Quotidien La Sentinelle\"},\"image\":{\"@id\":\"https:\\\/\\\/lasentinelle.dz\\\/#\\\/schema\\\/logo\\\/image\\\/\"},\"sameAs\":[\"https:\\\/\\\/www.facebook.com\\\/La-Sentinelle-104059864394773\"]},{\"@type\":\"Person\",\"@id\":\"https:\\\/\\\/lasentinelle.dz\\\/#\\\/schema\\\/person\\\/d865044e22e70a75174ce8bcad3acfb3\",\"name\":\"La Sentinelle\",\"image\":{\"@type\":\"ImageObject\",\"inLanguage\":\"fr-FR\",\"@id\":\"https:\\\/\\\/secure.gravatar.com\\\/avatar\\\/57de8e5d4b15d43fb361a71fbb36338450fe67865b528a43dd10ef7c51a20392?s=96&d=mm&r=g\",\"url\":\"https:\\\/\\\/secure.gravatar.com\\\/avatar\\\/57de8e5d4b15d43fb361a71fbb36338450fe67865b528a43dd10ef7c51a20392?s=96&d=mm&r=g\",\"contentUrl\":\"https:\\\/\\\/secure.gravatar.com\\\/avatar\\\/57de8e5d4b15d43fb361a71fbb36338450fe67865b528a43dd10ef7c51a20392?s=96&d=mm&r=g\",\"caption\":\"La Sentinelle\"},\"sameAs\":[\"http:\\\/\\\/www.lasentinelle.dz\"],\"url\":\"https:\\\/\\\/lasentinelle.dz\\\/author\\\/redaction\\\/\"}]}<\/script>\n<!-- \/ Yoast SEO plugin. -->","yoast_head_json":{"title":"Fermeture du FDATIC\u00a0: Les tranches de 16 projets de films r\u00e9gl\u00e9s - La Sentinelle","robots":{"index":"index","follow":"follow","max-snippet":"max-snippet:-1","max-image-preview":"max-image-preview:large","max-video-preview":"max-video-preview:-1"},"canonical":"https:\/\/lasentinelle.dz\/index.php\/2022\/10\/04\/fermeture-du-fdatic-les-tranches-de-16-projets-de-films-regles\/","og_locale":"fr_FR","og_type":"article","og_title":"Fermeture du FDATIC\u00a0: Les tranches de 16 projets de films r\u00e9gl\u00e9s - La Sentinelle","og_description":"Le minist\u00e8re de la Culture et des Arts a annonc\u00e9 lundi soir avoir mobilis\u00e9 une enveloppe de pr\u00e8s de 64","og_url":"https:\/\/lasentinelle.dz\/index.php\/2022\/10\/04\/fermeture-du-fdatic-les-tranches-de-16-projets-de-films-regles\/","og_site_name":"La Sentinelle","article_publisher":"https:\/\/www.facebook.com\/La-Sentinelle-104059864394773","article_published_time":"2022-10-04T21:00:00+00:00","og_image":[{"width":1350,"height":900,"url":"https:\/\/lasentinelle.dz\/wp-content\/uploads\/2022\/10\/ministere-de-la-culture-et-des-arts.png","type":"image\/png"}],"author":"La Sentinelle","twitter_card":"summary_large_image","twitter_misc":{"\u00c9crit par":"La Sentinelle","Dur\u00e9e de lecture estim\u00e9e":"2 minutes"},"schema":{"@context":"https:\/\/schema.org","@graph":[{"@type":"Article","@id":"https:\/\/lasentinelle.dz\/index.php\/2022\/10\/04\/fermeture-du-fdatic-les-tranches-de-16-projets-de-films-regles\/#article","isPartOf":{"@id":"https:\/\/lasentinelle.dz\/index.php\/2022\/10\/04\/fermeture-du-fdatic-les-tranches-de-16-projets-de-films-regles\/"},"author":{"name":"La Sentinelle","@id":"https:\/\/lasentinelle.dz\/#\/schema\/person\/d865044e22e70a75174ce8bcad3acfb3"},"headline":"Fermeture du FDATIC\u00a0: Les tranches de 16 projets de films r\u00e9gl\u00e9s","datePublished":"2022-10-04T21:00:00+00:00","mainEntityOfPage":{"@id":"https:\/\/lasentinelle.dz\/index.php\/2022\/10\/04\/fermeture-du-fdatic-les-tranches-de-16-projets-de-films-regles\/"},"wordCount":416,"commentCount":0,"publisher":{"@id":"https:\/\/lasentinelle.dz\/#organization"},"image":{"@id":"https:\/\/lasentinelle.dz\/index.php\/2022\/10\/04\/fermeture-du-fdatic-les-tranches-de-16-projets-de-films-regles\/#primaryimage"},"thumbnailUrl":"https:\/\/lasentinelle.dz\/wp-content\/uploads\/2022\/10\/ministere-de-la-culture-et-des-arts.png","articleSection":["Culture"],"inLanguage":"fr-FR","potentialAction":[{"@type":"CommentAction","name":"Comment","target":["https:\/\/lasentinelle.dz\/index.php\/2022\/10\/04\/fermeture-du-fdatic-les-tranches-de-16-projets-de-films-regles\/#respond"]}]},{"@type":"WebPage","@id":"https:\/\/lasentinelle.dz\/index.php\/2022\/10\/04\/fermeture-du-fdatic-les-tranches-de-16-projets-de-films-regles\/","url":"https:\/\/lasentinelle.dz\/index.php\/2022\/10\/04\/fermeture-du-fdatic-les-tranches-de-16-projets-de-films-regles\/","name":"Fermeture du FDATIC\u00a0: Les tranches de 16 projets de films r\u00e9gl\u00e9s - La Sentinelle","isPartOf":{"@id":"https:\/\/lasentinelle.dz\/#website"},"primaryImageOfPage":{"@id":"https:\/\/lasentinelle.dz\/index.php\/2022\/10\/04\/fermeture-du-fdatic-les-tranches-de-16-projets-de-films-regles\/#primaryimage"},"image":{"@id":"https:\/\/lasentinelle.dz\/index.php\/2022\/10\/04\/fermeture-du-fdatic-les-tranches-de-16-projets-de-films-regles\/#primaryimage"},"thumbnailUrl":"https:\/\/lasentinelle.dz\/wp-content\/uploads\/2022\/10\/ministere-de-la-culture-et-des-arts.png","datePublished":"2022-10-04T21:00:00+00:00","breadcrumb":{"@id":"https:\/\/lasentinelle.dz\/index.php\/2022\/10\/04\/fermeture-du-fdatic-les-tranches-de-16-projets-de-films-regles\/#breadcrumb"},"inLanguage":"fr-FR","potentialAction":[{"@type":"ReadAction","target":["https:\/\/lasentinelle.dz\/index.php\/2022\/10\/04\/fermeture-du-fdatic-les-tranches-de-16-projets-de-films-regles\/"]}]},{"@type":"ImageObject","inLanguage":"fr-FR","@id":"https:\/\/lasentinelle.dz\/index.php\/2022\/10\/04\/fermeture-du-fdatic-les-tranches-de-16-projets-de-films-regles\/#primaryimage","url":"https:\/\/lasentinelle.dz\/wp-content\/uploads\/2022\/10\/ministere-de-la-culture-et-des-arts.png","contentUrl":"https:\/\/lasentinelle.dz\/wp-content\/uploads\/2022\/10\/ministere-de-la-culture-et-des-arts.png","width":1350,"height":900},{"@type":"BreadcrumbList","@id":"https:\/\/lasentinelle.dz\/index.php\/2022\/10\/04\/fermeture-du-fdatic-les-tranches-de-16-projets-de-films-regles\/#breadcrumb","itemListElement":[{"@type":"ListItem","position":1,"name":"Accueil","item":"https:\/\/lasentinelle.dz\/"},{"@type":"ListItem","position":2,"name":"Fermeture du FDATIC\u00a0: Les tranches de 16 projets de films r\u00e9gl\u00e9s"}]},{"@type":"WebSite","@id":"https:\/\/lasentinelle.dz\/#website","url":"https:\/\/lasentinelle.dz\/","name":"La Sentinelle","description":"Quotidien national d&#039;information","publisher":{"@id":"https:\/\/lasentinelle.dz\/#organization"},"potentialAction":[{"@type":"SearchAction","target":{"@type":"EntryPoint","urlTemplate":"https:\/\/lasentinelle.dz\/?s={search_term_string}"},"query-input":{"@type":"PropertyValueSpecification","valueRequired":true,"valueName":"search_term_string"}}],"inLanguage":"fr-FR"},{"@type":"Organization","@id":"https:\/\/lasentinelle.dz\/#organization","name":"Quotidien La Sentinelle","url":"https:\/\/lasentinelle.dz\/","logo":{"@type":"ImageObject","inLanguage":"fr-FR","@id":"https:\/\/lasentinelle.dz\/#\/schema\/logo\/image\/","url":"https:\/\/lasentinelle.dz\/wp-content\/uploads\/2021\/09\/logo-sentinelleSLOGAN-1.png","contentUrl":"https:\/\/lasentinelle.dz\/wp-content\/uploads\/2021\/09\/logo-sentinelleSLOGAN-1.png","width":615,"height":142,"caption":"Quotidien La Sentinelle"},"image":{"@id":"https:\/\/lasentinelle.dz\/#\/schema\/logo\/image\/"},"sameAs":["https:\/\/www.facebook.com\/La-Sentinelle-104059864394773"]},{"@type":"Person","@id":"https:\/\/lasentinelle.dz\/#\/schema\/person\/d865044e22e70a75174ce8bcad3acfb3","name":"La Sentinelle","image":{"@type":"ImageObject","inLanguage":"fr-FR","@id":"https:\/\/secure.gravatar.com\/avatar\/57de8e5d4b15d43fb361a71fbb36338450fe67865b528a43dd10ef7c51a20392?s=96&d=mm&r=g","url":"https:\/\/secure.gravatar.com\/avatar\/57de8e5d4b15d43fb361a71fbb36338450fe67865b528a43dd10ef7c51a20392?s=96&d=mm&r=g","contentUrl":"https:\/\/secure.gravatar.com\/avatar\/57de8e5d4b15d43fb361a71fbb36338450fe67865b528a43dd10ef7c51a20392?s=96&d=mm&r=g","caption":"La Sentinelle"},"sameAs":["http:\/\/www.lasentinelle.dz"],"url":"https:\/\/lasentinelle.dz\/author\/redaction\/"}]}},"_links":{"self":[{"href":"https:\/\/lasentinelle.dz\/index.php\/wp-json\/wp\/v2\/posts\/28454","targetHints":{"allow":["GET"]}}],"collection":[{"href":"https:\/\/lasentinelle.dz\/index.php\/wp-json\/wp\/v2\/posts"}],"about":[{"href":"https:\/\/lasentinelle.dz\/index.php\/wp-json\/wp\/v2\/types\/post"}],"author":[{"embeddable":true,"href":"https:\/\/lasentinelle.dz\/index.php\/wp-json\/wp\/v2\/users\/3"}],"replies":[{"embeddable":true,"href":"https:\/\/lasentinelle.dz\/index.php\/wp-json\/wp\/v2\/comments?post=28454"}],"version-history":[{"count":1,"href":"https:\/\/lasentinelle.dz\/index.php\/wp-json\/wp\/v2\/posts\/28454\/revisions"}],"predecessor-version":[{"id":28459,"href":"https:\/\/lasentinelle.dz\/index.php\/wp-json\/wp\/v2\/posts\/28454\/revisions\/28459"}],"wp:featuredmedia":[{"embeddable":true,"href":"https:\/\/lasentinelle.dz\/index.php\/wp-json\/wp\/v2\/media\/28274"}],"wp:attachment":[{"href":"https:\/\/lasentinelle.dz\/index.php\/wp-json\/wp\/v2\/media?parent=28454"}],"wp:term":[{"taxonomy":"category","embeddable":true,"href":"https:\/\/lasentinelle.dz\/index.php\/wp-json\/wp\/v2\/categories?post=28454"},{"taxonomy":"post_tag","embeddable":true,"href":"https:\/\/lasentinelle.dz\/index.php\/wp-json\/wp\/v2\/tags?post=28454"}],"curies":[{"name":"wp","href":"https:\/\/api.w.org\/{rel}","templated":true}]}}