{"id":28467,"date":"2022-10-04T22:08:00","date_gmt":"2022-10-04T21:08:00","guid":{"rendered":"https:\/\/lasentinelle.dz\/?p=28467"},"modified":"2022-10-04T18:30:46","modified_gmt":"2022-10-04T17:30:46","slug":"chan-2022-bougherra-prepare-son-plan-de-bataille","status":"publish","type":"post","link":"https:\/\/lasentinelle.dz\/index.php\/2022\/10\/04\/chan-2022-bougherra-prepare-son-plan-de-bataille\/","title":{"rendered":"CHAN-2022\u00a0: Bougherra pr\u00e9pare son plan de bataille"},"content":{"rendered":"\n<p>\u00c0 moins de 100 jours du d\u00e9but du Championnat d\u2019Afrique des Nations, le coach de l\u2019\u00c9quipe nationale des joueurs locaux acc\u00e9l\u00e8re les pr\u00e9paratifs. Lundi, Madjid Bougherra a lanc\u00e9 un cycle de consultations avec la Ligue professionnelle de football en pr\u00e9vision des prochains stages des Verts.<\/p>\n\n\n\n<p>Les Alg\u00e9riens ouvriront le bal du championnat d\u2019Afrique des Nations le 13 janvier prochain au Stade Baraki. Les \u00e9ch\u00e9ances approchent \u00e0 grand pas et le S\u00e9lectionneur de l\u2019\u00c9quipe nationale des joueurs locaux veut acc\u00e9l\u00e9rer la mise en \u0153uvre de son plan de pr\u00e9paration de son effectif. Dans ce sens une r\u00e9union in\u00e9dite qui s\u2019est tenue lundi au si\u00e8ge de la Ligue professionnelle de football. Celle-ci a r\u00e9uni des membres du staff techniques de l\u2019EN A\u2019 avec des responsables de la LFP. C\u2019est ainsi que des discussions ont \u00e9t\u00e9 ouvertes entre Lamine Kabir, membre du bureau ex\u00e9cutif et charg\u00e9 du d\u00e9partement des comp\u00e9tions et le secr\u00e9taire G\u00e9n\u00e9ral de la LFP, Mourad Boussafeur d\u2019un c\u00f4t\u00e9, et l\u2019entraineur de l\u2019Equipe nationale A\u2019 Madjid Bougherra, son entraineur adjoint Djamel Mesbah, Mohamed Benhamou entraineur des gardiens de butet M. Brahim Belyacine Manger de l\u2019Equipe, de l\u2019autre. A l\u2019ordre du jour de la rencontre, \u00ab&nbsp;une feuille de route a \u00e9t\u00e9 trac\u00e9e et un programme jusqu\u2019au mois de novembre a \u00e9t\u00e9 \u00e9tabli en prenant en consid\u00e9ration les dates FIFA et le regroupement de l\u2019Equipe Nationale A\u2019&nbsp;\u00bb. En termes plus clairs, il s\u2019agit de discuter des calendriers et de les ajuster afin de garantir les conditions optimales de pr\u00e9paration des joueurs de l\u2019\u00c9quipe A\u2019, en prenant en consid\u00e9ration leurs engagements avec leurs clubs en Ligue 1. D\u2019ailleurs cette premi\u00e8re r\u00e9union sera suivie d\u2019une seconde d\u2019ici \u00e0 la fin du mois en cours.<\/p>\n\n\n\n<p>Une coordination qui semble s\u2019imposer d\u2019autant plus que le coach des A\u2019 entend multiplier les stages de pr\u00e9parations avec ses poulains et acc\u00e9l\u00e9rer la cadence, d\u2019autant que l\u2019objectif qu\u2019il s\u2019est fix\u00e9 est ambitieux. Madjid Bougherra veut repartir avec le titre africain apr\u00e8s avoir \u00e9t\u00e9 couronn\u00e9 du titre arabe en d\u00e9cembre 2021. Il est utile de rappeler dans ce contexte que le coach national a indiqu\u00e9 jeudi \u00e0 la fin de son premier stage avec son nouvel effectif vouloir programmer un stage pour chacun des trois prochains mois qui pr\u00e9c\u00e8dent le CHAN pr\u00e9vu du 13 janvier au 4 f\u00e9vrier 2023 en Alg\u00e9rie.<\/p>\n\n\n\n<p>Pour rappel, l\u2019EN A\u2019 affrontera son homologue libyenne, le vendredi 13 janvier prochain au stade de Baraki d&rsquo;Alger, en match d&rsquo;ouverture du 7e CHAN.Les joueurs du s\u00e9lectionneur Madjid Bougherra encha\u00eeneront en affrontant mardi 17 janvier l&rsquo;Ethiopie (17h00), avant de boucler le premier tour en croisant le fer avec le Mozambique, samedi 21 janvier (20h00).<\/p>\n\n\n\n<p>Pour la premi\u00e8re fois, dix-huit \u00e9quipes prendront part \u00e0 cette comp\u00e9tition, suite \u00e0 la d\u00e9cision de la CAF d&rsquo;augmenter le nombre d&rsquo;\u00e9quipes participantes. Les \u00e9quipes ont \u00e9t\u00e9 scind\u00e9es en trois groupes de quatre et deux groupes de trois. Les deux premiers des groupes A, B, et C, ainsi que seuls les premiers des groupes D et E se qualifieront pour les quarts de finale.La comp\u00e9tition se jouera aux stades de Baraki (Alger), du 19-mai 1956 (Annaba), Miloud-Hadefi (Oran), et Chahid-Hamlaoui (Constantine).<strong>Chokri Hafed<\/strong><\/p>\n","protected":false},"excerpt":{"rendered":"<p>\u00c0 moins de 100 jours du d\u00e9but du Championnat d\u2019Afrique des Nations, le coach de l\u2019\u00c9quipe nationale des joueurs locaux<\/p>\n","protected":false},"author":3,"featured_media":28468,"comment_status":"open","ping_status":"closed","sticky":false,"template":"","format":"standard","meta":{"colormag_page_container_layout":"default_layout","colormag_page_sidebar_layout":"default_layout","om_disable_all_campaigns":false,"_monsterinsights_skip_tracking":false,"_monsterinsights_sitenote_active":false,"_monsterinsights_sitenote_note":"","_monsterinsights_sitenote_category":0,"footnotes":"","_wpscppro_dont_share_socialmedia":false,"_wpscppro_custom_social_share_image":0,"_facebook_share_type":"","_twitter_share_type":"","_linkedin_share_type":"","_pinterest_share_type":"","_linkedin_share_type_page":"","_instagram_share_type":"","_medium_share_type":"","_threads_share_type":"","_google_business_share_type":"","_selected_social_profile":[],"_wpsp_enable_custom_social_template":false,"_wpsp_social_scheduling":{"enabled":false,"datetime":null,"platforms":[],"status":"template_only","dateOption":"today","timeOption":"now","customDays":"","customHours":"","customDate":"","customTime":"","schedulingType":"absolute"},"_wpsp_active_default_template":true},"categories":[52,33],"tags":[],"class_list":["post-28467","post","type-post","status-publish","format-standard","has-post-thumbnail","hentry","category-a-la-une","category-sports"],"aioseo_notices":[],"yoast_head":"<!-- This site is optimized with the Yoast SEO plugin v27.5 - https:\/\/yoast.com\/product\/yoast-seo-wordpress\/ -->\n<title>CHAN-2022\u00a0: Bougherra pr\u00e9pare son plan de bataille - La Sentinelle<\/title>\n<meta name=\"robots\" content=\"index, follow, max-snippet:-1, max-image-preview:large, max-video-preview:-1\" \/>\n<link rel=\"canonical\" href=\"https:\/\/lasentinelle.dz\/index.php\/2022\/10\/04\/chan-2022-bougherra-prepare-son-plan-de-bataille\/\" \/>\n<meta property=\"og:locale\" content=\"fr_FR\" \/>\n<meta property=\"og:type\" content=\"article\" \/>\n<meta property=\"og:title\" content=\"CHAN-2022\u00a0: Bougherra pr\u00e9pare son plan de bataille - La Sentinelle\" \/>\n<meta property=\"og:description\" content=\"\u00c0 moins de 100 jours du d\u00e9but du Championnat d\u2019Afrique des Nations, le coach de l\u2019\u00c9quipe nationale des joueurs locaux\" \/>\n<meta property=\"og:url\" content=\"https:\/\/lasentinelle.dz\/index.php\/2022\/10\/04\/chan-2022-bougherra-prepare-son-plan-de-bataille\/\" \/>\n<meta property=\"og:site_name\" content=\"La Sentinelle\" \/>\n<meta property=\"article:publisher\" content=\"https:\/\/www.facebook.com\/La-Sentinelle-104059864394773\" \/>\n<meta property=\"article:published_time\" content=\"2022-10-04T21:08:00+00:00\" \/>\n<meta property=\"og:image\" content=\"https:\/\/lasentinelle.dz\/wp-content\/uploads\/2022\/10\/ssss.png\" \/>\n\t<meta property=\"og:image:width\" content=\"1200\" \/>\n\t<meta property=\"og:image:height\" content=\"900\" \/>\n\t<meta property=\"og:image:type\" content=\"image\/png\" \/>\n<meta name=\"author\" content=\"La Sentinelle\" \/>\n<meta name=\"twitter:card\" content=\"summary_large_image\" \/>\n<meta name=\"twitter:label1\" content=\"\u00c9crit par\" \/>\n\t<meta name=\"twitter:data1\" content=\"La Sentinelle\" \/>\n\t<meta name=\"twitter:label2\" content=\"Dur\u00e9e de lecture estim\u00e9e\" \/>\n\t<meta name=\"twitter:data2\" content=\"3 minutes\" \/>\n<script type=\"application\/ld+json\" class=\"yoast-schema-graph\">{\"@context\":\"https:\\\/\\\/schema.org\",\"@graph\":[{\"@type\":\"Article\",\"@id\":\"https:\\\/\\\/lasentinelle.dz\\\/index.php\\\/2022\\\/10\\\/04\\\/chan-2022-bougherra-prepare-son-plan-de-bataille\\\/#article\",\"isPartOf\":{\"@id\":\"https:\\\/\\\/lasentinelle.dz\\\/index.php\\\/2022\\\/10\\\/04\\\/chan-2022-bougherra-prepare-son-plan-de-bataille\\\/\"},\"author\":{\"name\":\"La Sentinelle\",\"@id\":\"https:\\\/\\\/lasentinelle.dz\\\/#\\\/schema\\\/person\\\/d865044e22e70a75174ce8bcad3acfb3\"},\"headline\":\"CHAN-2022\u00a0: Bougherra pr\u00e9pare son plan de bataille\",\"datePublished\":\"2022-10-04T21:08:00+00:00\",\"mainEntityOfPage\":{\"@id\":\"https:\\\/\\\/lasentinelle.dz\\\/index.php\\\/2022\\\/10\\\/04\\\/chan-2022-bougherra-prepare-son-plan-de-bataille\\\/\"},\"wordCount\":589,\"commentCount\":0,\"publisher\":{\"@id\":\"https:\\\/\\\/lasentinelle.dz\\\/#organization\"},\"image\":{\"@id\":\"https:\\\/\\\/lasentinelle.dz\\\/index.php\\\/2022\\\/10\\\/04\\\/chan-2022-bougherra-prepare-son-plan-de-bataille\\\/#primaryimage\"},\"thumbnailUrl\":\"https:\\\/\\\/lasentinelle.dz\\\/wp-content\\\/uploads\\\/2022\\\/10\\\/ssss.png\",\"articleSection\":[\"\u00c0 la Une\",\"Sports\"],\"inLanguage\":\"fr-FR\",\"potentialAction\":[{\"@type\":\"CommentAction\",\"name\":\"Comment\",\"target\":[\"https:\\\/\\\/lasentinelle.dz\\\/index.php\\\/2022\\\/10\\\/04\\\/chan-2022-bougherra-prepare-son-plan-de-bataille\\\/#respond\"]}]},{\"@type\":\"WebPage\",\"@id\":\"https:\\\/\\\/lasentinelle.dz\\\/index.php\\\/2022\\\/10\\\/04\\\/chan-2022-bougherra-prepare-son-plan-de-bataille\\\/\",\"url\":\"https:\\\/\\\/lasentinelle.dz\\\/index.php\\\/2022\\\/10\\\/04\\\/chan-2022-bougherra-prepare-son-plan-de-bataille\\\/\",\"name\":\"CHAN-2022\u00a0: Bougherra pr\u00e9pare son plan de bataille - La Sentinelle\",\"isPartOf\":{\"@id\":\"https:\\\/\\\/lasentinelle.dz\\\/#website\"},\"primaryImageOfPage\":{\"@id\":\"https:\\\/\\\/lasentinelle.dz\\\/index.php\\\/2022\\\/10\\\/04\\\/chan-2022-bougherra-prepare-son-plan-de-bataille\\\/#primaryimage\"},\"image\":{\"@id\":\"https:\\\/\\\/lasentinelle.dz\\\/index.php\\\/2022\\\/10\\\/04\\\/chan-2022-bougherra-prepare-son-plan-de-bataille\\\/#primaryimage\"},\"thumbnailUrl\":\"https:\\\/\\\/lasentinelle.dz\\\/wp-content\\\/uploads\\\/2022\\\/10\\\/ssss.png\",\"datePublished\":\"2022-10-04T21:08:00+00:00\",\"breadcrumb\":{\"@id\":\"https:\\\/\\\/lasentinelle.dz\\\/index.php\\\/2022\\\/10\\\/04\\\/chan-2022-bougherra-prepare-son-plan-de-bataille\\\/#breadcrumb\"},\"inLanguage\":\"fr-FR\",\"potentialAction\":[{\"@type\":\"ReadAction\",\"target\":[\"https:\\\/\\\/lasentinelle.dz\\\/index.php\\\/2022\\\/10\\\/04\\\/chan-2022-bougherra-prepare-son-plan-de-bataille\\\/\"]}]},{\"@type\":\"ImageObject\",\"inLanguage\":\"fr-FR\",\"@id\":\"https:\\\/\\\/lasentinelle.dz\\\/index.php\\\/2022\\\/10\\\/04\\\/chan-2022-bougherra-prepare-son-plan-de-bataille\\\/#primaryimage\",\"url\":\"https:\\\/\\\/lasentinelle.dz\\\/wp-content\\\/uploads\\\/2022\\\/10\\\/ssss.png\",\"contentUrl\":\"https:\\\/\\\/lasentinelle.dz\\\/wp-content\\\/uploads\\\/2022\\\/10\\\/ssss.png\",\"width\":1200,\"height\":900},{\"@type\":\"BreadcrumbList\",\"@id\":\"https:\\\/\\\/lasentinelle.dz\\\/index.php\\\/2022\\\/10\\\/04\\\/chan-2022-bougherra-prepare-son-plan-de-bataille\\\/#breadcrumb\",\"itemListElement\":[{\"@type\":\"ListItem\",\"position\":1,\"name\":\"Accueil\",\"item\":\"https:\\\/\\\/lasentinelle.dz\\\/\"},{\"@type\":\"ListItem\",\"position\":2,\"name\":\"CHAN-2022\u00a0: Bougherra pr\u00e9pare son plan de bataille\"}]},{\"@type\":\"WebSite\",\"@id\":\"https:\\\/\\\/lasentinelle.dz\\\/#website\",\"url\":\"https:\\\/\\\/lasentinelle.dz\\\/\",\"name\":\"La Sentinelle\",\"description\":\"Quotidien national d&#039;information\",\"publisher\":{\"@id\":\"https:\\\/\\\/lasentinelle.dz\\\/#organization\"},\"potentialAction\":[{\"@type\":\"SearchAction\",\"target\":{\"@type\":\"EntryPoint\",\"urlTemplate\":\"https:\\\/\\\/lasentinelle.dz\\\/?s={search_term_string}\"},\"query-input\":{\"@type\":\"PropertyValueSpecification\",\"valueRequired\":true,\"valueName\":\"search_term_string\"}}],\"inLanguage\":\"fr-FR\"},{\"@type\":\"Organization\",\"@id\":\"https:\\\/\\\/lasentinelle.dz\\\/#organization\",\"name\":\"Quotidien La Sentinelle\",\"url\":\"https:\\\/\\\/lasentinelle.dz\\\/\",\"logo\":{\"@type\":\"ImageObject\",\"inLanguage\":\"fr-FR\",\"@id\":\"https:\\\/\\\/lasentinelle.dz\\\/#\\\/schema\\\/logo\\\/image\\\/\",\"url\":\"https:\\\/\\\/lasentinelle.dz\\\/wp-content\\\/uploads\\\/2021\\\/09\\\/logo-sentinelleSLOGAN-1.png\",\"contentUrl\":\"https:\\\/\\\/lasentinelle.dz\\\/wp-content\\\/uploads\\\/2021\\\/09\\\/logo-sentinelleSLOGAN-1.png\",\"width\":615,\"height\":142,\"caption\":\"Quotidien La Sentinelle\"},\"image\":{\"@id\":\"https:\\\/\\\/lasentinelle.dz\\\/#\\\/schema\\\/logo\\\/image\\\/\"},\"sameAs\":[\"https:\\\/\\\/www.facebook.com\\\/La-Sentinelle-104059864394773\"]},{\"@type\":\"Person\",\"@id\":\"https:\\\/\\\/lasentinelle.dz\\\/#\\\/schema\\\/person\\\/d865044e22e70a75174ce8bcad3acfb3\",\"name\":\"La Sentinelle\",\"image\":{\"@type\":\"ImageObject\",\"inLanguage\":\"fr-FR\",\"@id\":\"https:\\\/\\\/secure.gravatar.com\\\/avatar\\\/57de8e5d4b15d43fb361a71fbb36338450fe67865b528a43dd10ef7c51a20392?s=96&d=mm&r=g\",\"url\":\"https:\\\/\\\/secure.gravatar.com\\\/avatar\\\/57de8e5d4b15d43fb361a71fbb36338450fe67865b528a43dd10ef7c51a20392?s=96&d=mm&r=g\",\"contentUrl\":\"https:\\\/\\\/secure.gravatar.com\\\/avatar\\\/57de8e5d4b15d43fb361a71fbb36338450fe67865b528a43dd10ef7c51a20392?s=96&d=mm&r=g\",\"caption\":\"La Sentinelle\"},\"sameAs\":[\"http:\\\/\\\/www.lasentinelle.dz\"],\"url\":\"https:\\\/\\\/lasentinelle.dz\\\/author\\\/redaction\\\/\"}]}<\/script>\n<!-- \/ Yoast SEO plugin. -->","yoast_head_json":{"title":"CHAN-2022\u00a0: Bougherra pr\u00e9pare son plan de bataille - La Sentinelle","robots":{"index":"index","follow":"follow","max-snippet":"max-snippet:-1","max-image-preview":"max-image-preview:large","max-video-preview":"max-video-preview:-1"},"canonical":"https:\/\/lasentinelle.dz\/index.php\/2022\/10\/04\/chan-2022-bougherra-prepare-son-plan-de-bataille\/","og_locale":"fr_FR","og_type":"article","og_title":"CHAN-2022\u00a0: Bougherra pr\u00e9pare son plan de bataille - La Sentinelle","og_description":"\u00c0 moins de 100 jours du d\u00e9but du Championnat d\u2019Afrique des Nations, le coach de l\u2019\u00c9quipe nationale des joueurs locaux","og_url":"https:\/\/lasentinelle.dz\/index.php\/2022\/10\/04\/chan-2022-bougherra-prepare-son-plan-de-bataille\/","og_site_name":"La Sentinelle","article_publisher":"https:\/\/www.facebook.com\/La-Sentinelle-104059864394773","article_published_time":"2022-10-04T21:08:00+00:00","og_image":[{"width":1200,"height":900,"url":"https:\/\/lasentinelle.dz\/wp-content\/uploads\/2022\/10\/ssss.png","type":"image\/png"}],"author":"La Sentinelle","twitter_card":"summary_large_image","twitter_misc":{"\u00c9crit par":"La Sentinelle","Dur\u00e9e de lecture estim\u00e9e":"3 minutes"},"schema":{"@context":"https:\/\/schema.org","@graph":[{"@type":"Article","@id":"https:\/\/lasentinelle.dz\/index.php\/2022\/10\/04\/chan-2022-bougherra-prepare-son-plan-de-bataille\/#article","isPartOf":{"@id":"https:\/\/lasentinelle.dz\/index.php\/2022\/10\/04\/chan-2022-bougherra-prepare-son-plan-de-bataille\/"},"author":{"name":"La Sentinelle","@id":"https:\/\/lasentinelle.dz\/#\/schema\/person\/d865044e22e70a75174ce8bcad3acfb3"},"headline":"CHAN-2022\u00a0: Bougherra pr\u00e9pare son plan de bataille","datePublished":"2022-10-04T21:08:00+00:00","mainEntityOfPage":{"@id":"https:\/\/lasentinelle.dz\/index.php\/2022\/10\/04\/chan-2022-bougherra-prepare-son-plan-de-bataille\/"},"wordCount":589,"commentCount":0,"publisher":{"@id":"https:\/\/lasentinelle.dz\/#organization"},"image":{"@id":"https:\/\/lasentinelle.dz\/index.php\/2022\/10\/04\/chan-2022-bougherra-prepare-son-plan-de-bataille\/#primaryimage"},"thumbnailUrl":"https:\/\/lasentinelle.dz\/wp-content\/uploads\/2022\/10\/ssss.png","articleSection":["\u00c0 la Une","Sports"],"inLanguage":"fr-FR","potentialAction":[{"@type":"CommentAction","name":"Comment","target":["https:\/\/lasentinelle.dz\/index.php\/2022\/10\/04\/chan-2022-bougherra-prepare-son-plan-de-bataille\/#respond"]}]},{"@type":"WebPage","@id":"https:\/\/lasentinelle.dz\/index.php\/2022\/10\/04\/chan-2022-bougherra-prepare-son-plan-de-bataille\/","url":"https:\/\/lasentinelle.dz\/index.php\/2022\/10\/04\/chan-2022-bougherra-prepare-son-plan-de-bataille\/","name":"CHAN-2022\u00a0: Bougherra pr\u00e9pare son plan de bataille - La Sentinelle","isPartOf":{"@id":"https:\/\/lasentinelle.dz\/#website"},"primaryImageOfPage":{"@id":"https:\/\/lasentinelle.dz\/index.php\/2022\/10\/04\/chan-2022-bougherra-prepare-son-plan-de-bataille\/#primaryimage"},"image":{"@id":"https:\/\/lasentinelle.dz\/index.php\/2022\/10\/04\/chan-2022-bougherra-prepare-son-plan-de-bataille\/#primaryimage"},"thumbnailUrl":"https:\/\/lasentinelle.dz\/wp-content\/uploads\/2022\/10\/ssss.png","datePublished":"2022-10-04T21:08:00+00:00","breadcrumb":{"@id":"https:\/\/lasentinelle.dz\/index.php\/2022\/10\/04\/chan-2022-bougherra-prepare-son-plan-de-bataille\/#breadcrumb"},"inLanguage":"fr-FR","potentialAction":[{"@type":"ReadAction","target":["https:\/\/lasentinelle.dz\/index.php\/2022\/10\/04\/chan-2022-bougherra-prepare-son-plan-de-bataille\/"]}]},{"@type":"ImageObject","inLanguage":"fr-FR","@id":"https:\/\/lasentinelle.dz\/index.php\/2022\/10\/04\/chan-2022-bougherra-prepare-son-plan-de-bataille\/#primaryimage","url":"https:\/\/lasentinelle.dz\/wp-content\/uploads\/2022\/10\/ssss.png","contentUrl":"https:\/\/lasentinelle.dz\/wp-content\/uploads\/2022\/10\/ssss.png","width":1200,"height":900},{"@type":"BreadcrumbList","@id":"https:\/\/lasentinelle.dz\/index.php\/2022\/10\/04\/chan-2022-bougherra-prepare-son-plan-de-bataille\/#breadcrumb","itemListElement":[{"@type":"ListItem","position":1,"name":"Accueil","item":"https:\/\/lasentinelle.dz\/"},{"@type":"ListItem","position":2,"name":"CHAN-2022\u00a0: Bougherra pr\u00e9pare son plan de bataille"}]},{"@type":"WebSite","@id":"https:\/\/lasentinelle.dz\/#website","url":"https:\/\/lasentinelle.dz\/","name":"La Sentinelle","description":"Quotidien national d&#039;information","publisher":{"@id":"https:\/\/lasentinelle.dz\/#organization"},"potentialAction":[{"@type":"SearchAction","target":{"@type":"EntryPoint","urlTemplate":"https:\/\/lasentinelle.dz\/?s={search_term_string}"},"query-input":{"@type":"PropertyValueSpecification","valueRequired":true,"valueName":"search_term_string"}}],"inLanguage":"fr-FR"},{"@type":"Organization","@id":"https:\/\/lasentinelle.dz\/#organization","name":"Quotidien La Sentinelle","url":"https:\/\/lasentinelle.dz\/","logo":{"@type":"ImageObject","inLanguage":"fr-FR","@id":"https:\/\/lasentinelle.dz\/#\/schema\/logo\/image\/","url":"https:\/\/lasentinelle.dz\/wp-content\/uploads\/2021\/09\/logo-sentinelleSLOGAN-1.png","contentUrl":"https:\/\/lasentinelle.dz\/wp-content\/uploads\/2021\/09\/logo-sentinelleSLOGAN-1.png","width":615,"height":142,"caption":"Quotidien La Sentinelle"},"image":{"@id":"https:\/\/lasentinelle.dz\/#\/schema\/logo\/image\/"},"sameAs":["https:\/\/www.facebook.com\/La-Sentinelle-104059864394773"]},{"@type":"Person","@id":"https:\/\/lasentinelle.dz\/#\/schema\/person\/d865044e22e70a75174ce8bcad3acfb3","name":"La Sentinelle","image":{"@type":"ImageObject","inLanguage":"fr-FR","@id":"https:\/\/secure.gravatar.com\/avatar\/57de8e5d4b15d43fb361a71fbb36338450fe67865b528a43dd10ef7c51a20392?s=96&d=mm&r=g","url":"https:\/\/secure.gravatar.com\/avatar\/57de8e5d4b15d43fb361a71fbb36338450fe67865b528a43dd10ef7c51a20392?s=96&d=mm&r=g","contentUrl":"https:\/\/secure.gravatar.com\/avatar\/57de8e5d4b15d43fb361a71fbb36338450fe67865b528a43dd10ef7c51a20392?s=96&d=mm&r=g","caption":"La Sentinelle"},"sameAs":["http:\/\/www.lasentinelle.dz"],"url":"https:\/\/lasentinelle.dz\/author\/redaction\/"}]}},"_links":{"self":[{"href":"https:\/\/lasentinelle.dz\/index.php\/wp-json\/wp\/v2\/posts\/28467","targetHints":{"allow":["GET"]}}],"collection":[{"href":"https:\/\/lasentinelle.dz\/index.php\/wp-json\/wp\/v2\/posts"}],"about":[{"href":"https:\/\/lasentinelle.dz\/index.php\/wp-json\/wp\/v2\/types\/post"}],"author":[{"embeddable":true,"href":"https:\/\/lasentinelle.dz\/index.php\/wp-json\/wp\/v2\/users\/3"}],"replies":[{"embeddable":true,"href":"https:\/\/lasentinelle.dz\/index.php\/wp-json\/wp\/v2\/comments?post=28467"}],"version-history":[{"count":1,"href":"https:\/\/lasentinelle.dz\/index.php\/wp-json\/wp\/v2\/posts\/28467\/revisions"}],"predecessor-version":[{"id":28469,"href":"https:\/\/lasentinelle.dz\/index.php\/wp-json\/wp\/v2\/posts\/28467\/revisions\/28469"}],"wp:featuredmedia":[{"embeddable":true,"href":"https:\/\/lasentinelle.dz\/index.php\/wp-json\/wp\/v2\/media\/28468"}],"wp:attachment":[{"href":"https:\/\/lasentinelle.dz\/index.php\/wp-json\/wp\/v2\/media?parent=28467"}],"wp:term":[{"taxonomy":"category","embeddable":true,"href":"https:\/\/lasentinelle.dz\/index.php\/wp-json\/wp\/v2\/categories?post=28467"},{"taxonomy":"post_tag","embeddable":true,"href":"https:\/\/lasentinelle.dz\/index.php\/wp-json\/wp\/v2\/tags?post=28467"}],"curies":[{"name":"wp","href":"https:\/\/api.w.org\/{rel}","templated":true}]}}