{"id":28523,"date":"2022-10-05T22:00:00","date_gmt":"2022-10-05T21:00:00","guid":{"rendered":"https:\/\/lasentinelle.dz\/?p=28523"},"modified":"2022-10-05T17:48:15","modified_gmt":"2022-10-05T16:48:15","slug":"chan-2023-le-stade-du-chahid-hamlaoui-sera-pret-prochainement","status":"publish","type":"post","link":"https:\/\/lasentinelle.dz\/index.php\/2022\/10\/05\/chan-2023-le-stade-du-chahid-hamlaoui-sera-pret-prochainement\/","title":{"rendered":"CHAN 2023\u00a0: Le stade du Chahid Hamlaoui sera pr\u00eat \u00ab\u00a0prochainement\u00a0\u00bb"},"content":{"rendered":"\n<p>Le stade du Chahid Hamlaoui de Constantine sera pr\u00eat \u00ab\u00a0au mois de novembre prochain\u00a0\u00bb pour domicilier une partie des rencontres de la 7\u00e8me \u00e9dition du championnat d\u2019Afrique des nations (CHAN), pr\u00e9vue du 13 janvier au 4 f\u00e9vrier 2023 en Alg\u00e9rie, a assur\u00e9 hier le directeur local de la jeunesse et des sports (DJS).<\/p>\n\n\n\n<p>S\u2019exprimant dans une d\u00e9claration \u00e0 l\u2019APS, M. Said Hogasse, a indiqu\u00e9 que dans le cadre des pr\u00e9paratifs visant \u00e0 assurer la r\u00e9ussite de l\u2019organisation du CHAN 2023 en Alg\u00e9rie, le stade \u00ab\u00a0chahid Hamlaoui\u00a0\u00bb a b\u00e9n\u00e9fici\u00e9, en 2020, d\u2019une enveloppe financi\u00e8re de 400 millions DA destin\u00e9e aux travaux de r\u00e9habilitation de sa structure et de toutes ses installations, soulignant que ce projet, est actuellement \u00ab\u00a0en phase finale\u00a0\u00bb et sera livr\u00e9 au cours du mois prochain apr\u00e8s l\u2019ach\u00e8vement des travaux de finition.Le stade mythique de Constantine, appel\u00e9 jadis \u00ab\u00a017 juin\u00a0\u00bb, dispose d\u00e9sormais d\u2019une nouvelle pelouse en gazon naturel, dot\u00e9e d\u2019un syst\u00e8me d\u2019absorption et d\u2019\u00e9vacuation des eaux pluviales, 26 portes d\u2019acc\u00e8s \u00e9lectroniques, 23.000 si\u00e8ges couvrant toute la tribune, un \u00e9cran g\u00e9ant de 84 m2, une piste d\u2019athl\u00e9tisme enti\u00e8rement r\u00e9nov\u00e9e, trois terrains d\u2019entrainement, une p\u00e9pini\u00e8re de gazon ainsi que 4 grands parkings et ce, \u00e0 la faveur de cette grande op\u00e9ration de r\u00e9habilitation, a fait savoir le m\u00eame responsable.Il a \u00e9galement soulign\u00e9 que \u00ab\u00a0le taux d\u2019ach\u00e8vement des travaux a atteint 95 % \u00ab\u00a0, apr\u00e8s avoir r\u00e9alis\u00e9 la quasi-totalit\u00e9 des lots du projet, notant que les vestiaires ont \u00e9t\u00e9 modernis\u00e9s et \u00e9quip\u00e9s par de nouveaux si\u00e8ges en sus de l\u2019am\u00e9nagement des all\u00e9es d\u00e9di\u00e9es \u00e0 la presse et aux supporteurs d\u2019\u00e9quipes adverses, la mise \u00e0 niveau de la cabine de presse et de la tribune officielle.\u00a0\u00bbIl ne reste que des travaux de finition et d\u2019am\u00e9nagement ext\u00e9rieur, notamment le remplacement de l\u2019ancien \u00e9clairage par un syst\u00e8me LED, l\u2019installation de la sonorisation ainsi que la peinture et la d\u00e9coration de toutes les fa\u00e7ades\u00a0\u00bb, a pr\u00e9cis\u00e9 le DJS.S\u2019agissant du retard enregistr\u00e9 dans la r\u00e9alisation de cette op\u00e9ration, M. Hogasse a expliqu\u00e9 que le chantier a d\u00fb s\u2019arr\u00eater plusieurs fois lors de la pand\u00e9mie du coronavirus ainsi qu\u2019en raison des entraves techniques, notamment les conditions climatiques et le retard dans la r\u00e9ception des moyens et mat\u00e9riaux n\u00e9cessaires.\u00a0\u00bbL\u2019Etat s\u2019est engag\u00e9 \u00e0 r\u00e9ussir la 7\u00e8me \u00e9dition du CHAN 2023 et veille \u00e0 ce que les conditions d\u2019homologation des terrains \u00e9dict\u00e9es par la conf\u00e9d\u00e9ration africaine de football (CAF) et la f\u00e9d\u00e9ration internationale de football (FIFA) soient respect\u00e9es\u00a0\u00bb, a assur\u00e9 le directeur de la jeunesse et des sports de la wilaya de Constantine.<\/p>\n\n\n\n<p>Apr\u00e8s le stage de l\u2019\u00e9quipe nationale A\u2019&nbsp; \u00e0 Constantine, qui a dur\u00e9 8 jours, le s\u00e9lectionneur national, Abdelmadjid Bougherra, est \u00ab\u00a0reparti satisfait apr\u00e8s avoir eu une bonne impression sur l\u2019\u00e9tat de la pelouse et de l\u2019am\u00e9nagement du stade, tout comme le staff de l\u2019\u00e9quipe nig\u00e9riane\u00a0\u00bb, a affirm\u00e9 M. Hogasse, notant qu\u2019aucune d\u00e9l\u00e9gation n\u2019a \u00e9mis de r\u00e9serves sur l\u2019appr\u00e9hension ou l\u2019\u00e9tat du terrain.L\u2019\u00e9quipe nationale des joueurs locaux disputera un autre match amical au mois d\u2019octobre courant au stade du chahid Hamlaoui de Constantine \u00e0 la demande du s\u00e9lectionneur national Bougherra qui a attest\u00e9 que la qualit\u00e9 de l\u2019herbe de la pelouse, les terrains d\u2019entrainement et les conditions d\u2019h\u00e9bergement \u00e0 Constantine \u00e9taient \u00e0 la hauteur des attentes, a r\u00e9v\u00e9l\u00e9 le m\u00eame responsable.La domiciliation du match des locaux (Alg\u00e9rie-Nig\u00e9ria) d\u00e9note de la qualit\u00e9 de l\u2019accueil et de l\u2019organisation d\u2019une rencontre de cette envergure et prouve que le stade du chahid Hamlaoui de Constantine pourra, apr\u00e8s l\u2019ach\u00e8vement de l\u2019op\u00e9ration de r\u00e9habilitation, abriter les rencontres pr\u00e9vues dans le cadre de la CHAN 2023, a estim\u00e9 M. Hogasse.Il a ajout\u00e9 que le pr\u00e9sident de la Conf\u00e9d\u00e9ration africaine de football (CAF) Patrice Motsepe, avait inspect\u00e9 quatre (4) fois l\u2019enceinte footballistique avant cette rencontre pour s\u2019enqu\u00e9rir de l\u2019\u00e9tat du stade et suivre l\u2019\u00e9volution des travaux de r\u00e9habilitation et de mise \u00e0 niveau.<\/p>\n\n\n\n<p>APS<\/p>\n","protected":false},"excerpt":{"rendered":"<p>Le stade du Chahid Hamlaoui de Constantine sera pr\u00eat \u00ab\u00a0au mois de novembre prochain\u00a0\u00bb pour domicilier une partie des rencontres<\/p>\n","protected":false},"author":3,"featured_media":28529,"comment_status":"open","ping_status":"closed","sticky":false,"template":"","format":"standard","meta":{"colormag_page_container_layout":"default_layout","colormag_page_sidebar_layout":"default_layout","om_disable_all_campaigns":false,"_monsterinsights_skip_tracking":false,"_monsterinsights_sitenote_active":false,"_monsterinsights_sitenote_note":"","_monsterinsights_sitenote_category":0,"footnotes":"","_wpscppro_dont_share_socialmedia":false,"_wpscppro_custom_social_share_image":0,"_facebook_share_type":"","_twitter_share_type":"","_linkedin_share_type":"","_pinterest_share_type":"","_linkedin_share_type_page":"","_instagram_share_type":"","_medium_share_type":"","_threads_share_type":"","_google_business_share_type":"","_selected_social_profile":[],"_wpsp_enable_custom_social_template":false,"_wpsp_social_scheduling":{"enabled":false,"datetime":null,"platforms":[],"status":"template_only","dateOption":"today","timeOption":"now","customDays":"","customHours":"","customDate":"","customTime":"","schedulingType":"absolute"},"_wpsp_active_default_template":true},"categories":[33],"tags":[],"class_list":["post-28523","post","type-post","status-publish","format-standard","has-post-thumbnail","hentry","category-sports"],"aioseo_notices":[],"yoast_head":"<!-- This site is optimized with the Yoast SEO plugin v27.5 - https:\/\/yoast.com\/product\/yoast-seo-wordpress\/ -->\n<title>CHAN 2023\u00a0: Le stade du Chahid Hamlaoui sera pr\u00eat \u00ab\u00a0prochainement\u00a0\u00bb - La Sentinelle<\/title>\n<meta name=\"robots\" content=\"index, follow, max-snippet:-1, max-image-preview:large, max-video-preview:-1\" \/>\n<link rel=\"canonical\" href=\"https:\/\/lasentinelle.dz\/index.php\/2022\/10\/05\/chan-2023-le-stade-du-chahid-hamlaoui-sera-pret-prochainement\/\" \/>\n<meta property=\"og:locale\" content=\"fr_FR\" \/>\n<meta property=\"og:type\" content=\"article\" \/>\n<meta property=\"og:title\" content=\"CHAN 2023\u00a0: Le stade du Chahid Hamlaoui sera pr\u00eat \u00ab\u00a0prochainement\u00a0\u00bb - La Sentinelle\" \/>\n<meta property=\"og:description\" content=\"Le stade du Chahid Hamlaoui de Constantine sera pr\u00eat \u00ab\u00a0au mois de novembre prochain\u00a0\u00bb pour domicilier une partie des rencontres\" \/>\n<meta property=\"og:url\" content=\"https:\/\/lasentinelle.dz\/index.php\/2022\/10\/05\/chan-2023-le-stade-du-chahid-hamlaoui-sera-pret-prochainement\/\" \/>\n<meta property=\"og:site_name\" content=\"La Sentinelle\" \/>\n<meta property=\"article:publisher\" content=\"https:\/\/www.facebook.com\/La-Sentinelle-104059864394773\" \/>\n<meta property=\"article:published_time\" content=\"2022-10-05T21:00:00+00:00\" \/>\n<meta property=\"og:image\" content=\"https:\/\/lasentinelle.dz\/wp-content\/uploads\/2022\/10\/image_2022-10-05_174737828.png\" \/>\n\t<meta property=\"og:image:width\" content=\"600\" \/>\n\t<meta property=\"og:image:height\" content=\"390\" \/>\n\t<meta property=\"og:image:type\" content=\"image\/png\" \/>\n<meta name=\"author\" content=\"La Sentinelle\" \/>\n<meta name=\"twitter:card\" content=\"summary_large_image\" \/>\n<meta name=\"twitter:label1\" content=\"\u00c9crit par\" \/>\n\t<meta name=\"twitter:data1\" content=\"La Sentinelle\" \/>\n\t<meta name=\"twitter:label2\" content=\"Dur\u00e9e de lecture estim\u00e9e\" \/>\n\t<meta name=\"twitter:data2\" content=\"4 minutes\" \/>\n<script type=\"application\/ld+json\" class=\"yoast-schema-graph\">{\"@context\":\"https:\\\/\\\/schema.org\",\"@graph\":[{\"@type\":\"Article\",\"@id\":\"https:\\\/\\\/lasentinelle.dz\\\/index.php\\\/2022\\\/10\\\/05\\\/chan-2023-le-stade-du-chahid-hamlaoui-sera-pret-prochainement\\\/#article\",\"isPartOf\":{\"@id\":\"https:\\\/\\\/lasentinelle.dz\\\/index.php\\\/2022\\\/10\\\/05\\\/chan-2023-le-stade-du-chahid-hamlaoui-sera-pret-prochainement\\\/\"},\"author\":{\"name\":\"La Sentinelle\",\"@id\":\"https:\\\/\\\/lasentinelle.dz\\\/#\\\/schema\\\/person\\\/d865044e22e70a75174ce8bcad3acfb3\"},\"headline\":\"CHAN 2023\u00a0: Le stade du Chahid Hamlaoui sera pr\u00eat \u00ab\u00a0prochainement\u00a0\u00bb\",\"datePublished\":\"2022-10-05T21:00:00+00:00\",\"mainEntityOfPage\":{\"@id\":\"https:\\\/\\\/lasentinelle.dz\\\/index.php\\\/2022\\\/10\\\/05\\\/chan-2023-le-stade-du-chahid-hamlaoui-sera-pret-prochainement\\\/\"},\"wordCount\":750,\"commentCount\":0,\"publisher\":{\"@id\":\"https:\\\/\\\/lasentinelle.dz\\\/#organization\"},\"image\":{\"@id\":\"https:\\\/\\\/lasentinelle.dz\\\/index.php\\\/2022\\\/10\\\/05\\\/chan-2023-le-stade-du-chahid-hamlaoui-sera-pret-prochainement\\\/#primaryimage\"},\"thumbnailUrl\":\"https:\\\/\\\/lasentinelle.dz\\\/wp-content\\\/uploads\\\/2022\\\/10\\\/image_2022-10-05_174737828.png\",\"articleSection\":[\"Sports\"],\"inLanguage\":\"fr-FR\",\"potentialAction\":[{\"@type\":\"CommentAction\",\"name\":\"Comment\",\"target\":[\"https:\\\/\\\/lasentinelle.dz\\\/index.php\\\/2022\\\/10\\\/05\\\/chan-2023-le-stade-du-chahid-hamlaoui-sera-pret-prochainement\\\/#respond\"]}]},{\"@type\":\"WebPage\",\"@id\":\"https:\\\/\\\/lasentinelle.dz\\\/index.php\\\/2022\\\/10\\\/05\\\/chan-2023-le-stade-du-chahid-hamlaoui-sera-pret-prochainement\\\/\",\"url\":\"https:\\\/\\\/lasentinelle.dz\\\/index.php\\\/2022\\\/10\\\/05\\\/chan-2023-le-stade-du-chahid-hamlaoui-sera-pret-prochainement\\\/\",\"name\":\"CHAN 2023\u00a0: Le stade du Chahid Hamlaoui sera pr\u00eat \u00ab\u00a0prochainement\u00a0\u00bb - La Sentinelle\",\"isPartOf\":{\"@id\":\"https:\\\/\\\/lasentinelle.dz\\\/#website\"},\"primaryImageOfPage\":{\"@id\":\"https:\\\/\\\/lasentinelle.dz\\\/index.php\\\/2022\\\/10\\\/05\\\/chan-2023-le-stade-du-chahid-hamlaoui-sera-pret-prochainement\\\/#primaryimage\"},\"image\":{\"@id\":\"https:\\\/\\\/lasentinelle.dz\\\/index.php\\\/2022\\\/10\\\/05\\\/chan-2023-le-stade-du-chahid-hamlaoui-sera-pret-prochainement\\\/#primaryimage\"},\"thumbnailUrl\":\"https:\\\/\\\/lasentinelle.dz\\\/wp-content\\\/uploads\\\/2022\\\/10\\\/image_2022-10-05_174737828.png\",\"datePublished\":\"2022-10-05T21:00:00+00:00\",\"breadcrumb\":{\"@id\":\"https:\\\/\\\/lasentinelle.dz\\\/index.php\\\/2022\\\/10\\\/05\\\/chan-2023-le-stade-du-chahid-hamlaoui-sera-pret-prochainement\\\/#breadcrumb\"},\"inLanguage\":\"fr-FR\",\"potentialAction\":[{\"@type\":\"ReadAction\",\"target\":[\"https:\\\/\\\/lasentinelle.dz\\\/index.php\\\/2022\\\/10\\\/05\\\/chan-2023-le-stade-du-chahid-hamlaoui-sera-pret-prochainement\\\/\"]}]},{\"@type\":\"ImageObject\",\"inLanguage\":\"fr-FR\",\"@id\":\"https:\\\/\\\/lasentinelle.dz\\\/index.php\\\/2022\\\/10\\\/05\\\/chan-2023-le-stade-du-chahid-hamlaoui-sera-pret-prochainement\\\/#primaryimage\",\"url\":\"https:\\\/\\\/lasentinelle.dz\\\/wp-content\\\/uploads\\\/2022\\\/10\\\/image_2022-10-05_174737828.png\",\"contentUrl\":\"https:\\\/\\\/lasentinelle.dz\\\/wp-content\\\/uploads\\\/2022\\\/10\\\/image_2022-10-05_174737828.png\",\"width\":600,\"height\":390},{\"@type\":\"BreadcrumbList\",\"@id\":\"https:\\\/\\\/lasentinelle.dz\\\/index.php\\\/2022\\\/10\\\/05\\\/chan-2023-le-stade-du-chahid-hamlaoui-sera-pret-prochainement\\\/#breadcrumb\",\"itemListElement\":[{\"@type\":\"ListItem\",\"position\":1,\"name\":\"Accueil\",\"item\":\"https:\\\/\\\/lasentinelle.dz\\\/\"},{\"@type\":\"ListItem\",\"position\":2,\"name\":\"CHAN 2023\u00a0: Le stade du Chahid Hamlaoui sera pr\u00eat \u00ab\u00a0prochainement\u00a0\u00bb\"}]},{\"@type\":\"WebSite\",\"@id\":\"https:\\\/\\\/lasentinelle.dz\\\/#website\",\"url\":\"https:\\\/\\\/lasentinelle.dz\\\/\",\"name\":\"La Sentinelle\",\"description\":\"Quotidien national d&#039;information\",\"publisher\":{\"@id\":\"https:\\\/\\\/lasentinelle.dz\\\/#organization\"},\"potentialAction\":[{\"@type\":\"SearchAction\",\"target\":{\"@type\":\"EntryPoint\",\"urlTemplate\":\"https:\\\/\\\/lasentinelle.dz\\\/?s={search_term_string}\"},\"query-input\":{\"@type\":\"PropertyValueSpecification\",\"valueRequired\":true,\"valueName\":\"search_term_string\"}}],\"inLanguage\":\"fr-FR\"},{\"@type\":\"Organization\",\"@id\":\"https:\\\/\\\/lasentinelle.dz\\\/#organization\",\"name\":\"Quotidien La Sentinelle\",\"url\":\"https:\\\/\\\/lasentinelle.dz\\\/\",\"logo\":{\"@type\":\"ImageObject\",\"inLanguage\":\"fr-FR\",\"@id\":\"https:\\\/\\\/lasentinelle.dz\\\/#\\\/schema\\\/logo\\\/image\\\/\",\"url\":\"https:\\\/\\\/lasentinelle.dz\\\/wp-content\\\/uploads\\\/2021\\\/09\\\/logo-sentinelleSLOGAN-1.png\",\"contentUrl\":\"https:\\\/\\\/lasentinelle.dz\\\/wp-content\\\/uploads\\\/2021\\\/09\\\/logo-sentinelleSLOGAN-1.png\",\"width\":615,\"height\":142,\"caption\":\"Quotidien La Sentinelle\"},\"image\":{\"@id\":\"https:\\\/\\\/lasentinelle.dz\\\/#\\\/schema\\\/logo\\\/image\\\/\"},\"sameAs\":[\"https:\\\/\\\/www.facebook.com\\\/La-Sentinelle-104059864394773\"]},{\"@type\":\"Person\",\"@id\":\"https:\\\/\\\/lasentinelle.dz\\\/#\\\/schema\\\/person\\\/d865044e22e70a75174ce8bcad3acfb3\",\"name\":\"La Sentinelle\",\"image\":{\"@type\":\"ImageObject\",\"inLanguage\":\"fr-FR\",\"@id\":\"https:\\\/\\\/secure.gravatar.com\\\/avatar\\\/57de8e5d4b15d43fb361a71fbb36338450fe67865b528a43dd10ef7c51a20392?s=96&d=mm&r=g\",\"url\":\"https:\\\/\\\/secure.gravatar.com\\\/avatar\\\/57de8e5d4b15d43fb361a71fbb36338450fe67865b528a43dd10ef7c51a20392?s=96&d=mm&r=g\",\"contentUrl\":\"https:\\\/\\\/secure.gravatar.com\\\/avatar\\\/57de8e5d4b15d43fb361a71fbb36338450fe67865b528a43dd10ef7c51a20392?s=96&d=mm&r=g\",\"caption\":\"La Sentinelle\"},\"sameAs\":[\"http:\\\/\\\/www.lasentinelle.dz\"],\"url\":\"https:\\\/\\\/lasentinelle.dz\\\/author\\\/redaction\\\/\"}]}<\/script>\n<!-- \/ Yoast SEO plugin. -->","yoast_head_json":{"title":"CHAN 2023\u00a0: Le stade du Chahid Hamlaoui sera pr\u00eat \u00ab\u00a0prochainement\u00a0\u00bb - La Sentinelle","robots":{"index":"index","follow":"follow","max-snippet":"max-snippet:-1","max-image-preview":"max-image-preview:large","max-video-preview":"max-video-preview:-1"},"canonical":"https:\/\/lasentinelle.dz\/index.php\/2022\/10\/05\/chan-2023-le-stade-du-chahid-hamlaoui-sera-pret-prochainement\/","og_locale":"fr_FR","og_type":"article","og_title":"CHAN 2023\u00a0: Le stade du Chahid Hamlaoui sera pr\u00eat \u00ab\u00a0prochainement\u00a0\u00bb - La Sentinelle","og_description":"Le stade du Chahid Hamlaoui de Constantine sera pr\u00eat \u00ab\u00a0au mois de novembre prochain\u00a0\u00bb pour domicilier une partie des rencontres","og_url":"https:\/\/lasentinelle.dz\/index.php\/2022\/10\/05\/chan-2023-le-stade-du-chahid-hamlaoui-sera-pret-prochainement\/","og_site_name":"La Sentinelle","article_publisher":"https:\/\/www.facebook.com\/La-Sentinelle-104059864394773","article_published_time":"2022-10-05T21:00:00+00:00","og_image":[{"width":600,"height":390,"url":"https:\/\/lasentinelle.dz\/wp-content\/uploads\/2022\/10\/image_2022-10-05_174737828.png","type":"image\/png"}],"author":"La Sentinelle","twitter_card":"summary_large_image","twitter_misc":{"\u00c9crit par":"La Sentinelle","Dur\u00e9e de lecture estim\u00e9e":"4 minutes"},"schema":{"@context":"https:\/\/schema.org","@graph":[{"@type":"Article","@id":"https:\/\/lasentinelle.dz\/index.php\/2022\/10\/05\/chan-2023-le-stade-du-chahid-hamlaoui-sera-pret-prochainement\/#article","isPartOf":{"@id":"https:\/\/lasentinelle.dz\/index.php\/2022\/10\/05\/chan-2023-le-stade-du-chahid-hamlaoui-sera-pret-prochainement\/"},"author":{"name":"La Sentinelle","@id":"https:\/\/lasentinelle.dz\/#\/schema\/person\/d865044e22e70a75174ce8bcad3acfb3"},"headline":"CHAN 2023\u00a0: Le stade du Chahid Hamlaoui sera pr\u00eat \u00ab\u00a0prochainement\u00a0\u00bb","datePublished":"2022-10-05T21:00:00+00:00","mainEntityOfPage":{"@id":"https:\/\/lasentinelle.dz\/index.php\/2022\/10\/05\/chan-2023-le-stade-du-chahid-hamlaoui-sera-pret-prochainement\/"},"wordCount":750,"commentCount":0,"publisher":{"@id":"https:\/\/lasentinelle.dz\/#organization"},"image":{"@id":"https:\/\/lasentinelle.dz\/index.php\/2022\/10\/05\/chan-2023-le-stade-du-chahid-hamlaoui-sera-pret-prochainement\/#primaryimage"},"thumbnailUrl":"https:\/\/lasentinelle.dz\/wp-content\/uploads\/2022\/10\/image_2022-10-05_174737828.png","articleSection":["Sports"],"inLanguage":"fr-FR","potentialAction":[{"@type":"CommentAction","name":"Comment","target":["https:\/\/lasentinelle.dz\/index.php\/2022\/10\/05\/chan-2023-le-stade-du-chahid-hamlaoui-sera-pret-prochainement\/#respond"]}]},{"@type":"WebPage","@id":"https:\/\/lasentinelle.dz\/index.php\/2022\/10\/05\/chan-2023-le-stade-du-chahid-hamlaoui-sera-pret-prochainement\/","url":"https:\/\/lasentinelle.dz\/index.php\/2022\/10\/05\/chan-2023-le-stade-du-chahid-hamlaoui-sera-pret-prochainement\/","name":"CHAN 2023\u00a0: Le stade du Chahid Hamlaoui sera pr\u00eat \u00ab\u00a0prochainement\u00a0\u00bb - La Sentinelle","isPartOf":{"@id":"https:\/\/lasentinelle.dz\/#website"},"primaryImageOfPage":{"@id":"https:\/\/lasentinelle.dz\/index.php\/2022\/10\/05\/chan-2023-le-stade-du-chahid-hamlaoui-sera-pret-prochainement\/#primaryimage"},"image":{"@id":"https:\/\/lasentinelle.dz\/index.php\/2022\/10\/05\/chan-2023-le-stade-du-chahid-hamlaoui-sera-pret-prochainement\/#primaryimage"},"thumbnailUrl":"https:\/\/lasentinelle.dz\/wp-content\/uploads\/2022\/10\/image_2022-10-05_174737828.png","datePublished":"2022-10-05T21:00:00+00:00","breadcrumb":{"@id":"https:\/\/lasentinelle.dz\/index.php\/2022\/10\/05\/chan-2023-le-stade-du-chahid-hamlaoui-sera-pret-prochainement\/#breadcrumb"},"inLanguage":"fr-FR","potentialAction":[{"@type":"ReadAction","target":["https:\/\/lasentinelle.dz\/index.php\/2022\/10\/05\/chan-2023-le-stade-du-chahid-hamlaoui-sera-pret-prochainement\/"]}]},{"@type":"ImageObject","inLanguage":"fr-FR","@id":"https:\/\/lasentinelle.dz\/index.php\/2022\/10\/05\/chan-2023-le-stade-du-chahid-hamlaoui-sera-pret-prochainement\/#primaryimage","url":"https:\/\/lasentinelle.dz\/wp-content\/uploads\/2022\/10\/image_2022-10-05_174737828.png","contentUrl":"https:\/\/lasentinelle.dz\/wp-content\/uploads\/2022\/10\/image_2022-10-05_174737828.png","width":600,"height":390},{"@type":"BreadcrumbList","@id":"https:\/\/lasentinelle.dz\/index.php\/2022\/10\/05\/chan-2023-le-stade-du-chahid-hamlaoui-sera-pret-prochainement\/#breadcrumb","itemListElement":[{"@type":"ListItem","position":1,"name":"Accueil","item":"https:\/\/lasentinelle.dz\/"},{"@type":"ListItem","position":2,"name":"CHAN 2023\u00a0: Le stade du Chahid Hamlaoui sera pr\u00eat \u00ab\u00a0prochainement\u00a0\u00bb"}]},{"@type":"WebSite","@id":"https:\/\/lasentinelle.dz\/#website","url":"https:\/\/lasentinelle.dz\/","name":"La Sentinelle","description":"Quotidien national d&#039;information","publisher":{"@id":"https:\/\/lasentinelle.dz\/#organization"},"potentialAction":[{"@type":"SearchAction","target":{"@type":"EntryPoint","urlTemplate":"https:\/\/lasentinelle.dz\/?s={search_term_string}"},"query-input":{"@type":"PropertyValueSpecification","valueRequired":true,"valueName":"search_term_string"}}],"inLanguage":"fr-FR"},{"@type":"Organization","@id":"https:\/\/lasentinelle.dz\/#organization","name":"Quotidien La Sentinelle","url":"https:\/\/lasentinelle.dz\/","logo":{"@type":"ImageObject","inLanguage":"fr-FR","@id":"https:\/\/lasentinelle.dz\/#\/schema\/logo\/image\/","url":"https:\/\/lasentinelle.dz\/wp-content\/uploads\/2021\/09\/logo-sentinelleSLOGAN-1.png","contentUrl":"https:\/\/lasentinelle.dz\/wp-content\/uploads\/2021\/09\/logo-sentinelleSLOGAN-1.png","width":615,"height":142,"caption":"Quotidien La Sentinelle"},"image":{"@id":"https:\/\/lasentinelle.dz\/#\/schema\/logo\/image\/"},"sameAs":["https:\/\/www.facebook.com\/La-Sentinelle-104059864394773"]},{"@type":"Person","@id":"https:\/\/lasentinelle.dz\/#\/schema\/person\/d865044e22e70a75174ce8bcad3acfb3","name":"La Sentinelle","image":{"@type":"ImageObject","inLanguage":"fr-FR","@id":"https:\/\/secure.gravatar.com\/avatar\/57de8e5d4b15d43fb361a71fbb36338450fe67865b528a43dd10ef7c51a20392?s=96&d=mm&r=g","url":"https:\/\/secure.gravatar.com\/avatar\/57de8e5d4b15d43fb361a71fbb36338450fe67865b528a43dd10ef7c51a20392?s=96&d=mm&r=g","contentUrl":"https:\/\/secure.gravatar.com\/avatar\/57de8e5d4b15d43fb361a71fbb36338450fe67865b528a43dd10ef7c51a20392?s=96&d=mm&r=g","caption":"La Sentinelle"},"sameAs":["http:\/\/www.lasentinelle.dz"],"url":"https:\/\/lasentinelle.dz\/author\/redaction\/"}]}},"_links":{"self":[{"href":"https:\/\/lasentinelle.dz\/index.php\/wp-json\/wp\/v2\/posts\/28523","targetHints":{"allow":["GET"]}}],"collection":[{"href":"https:\/\/lasentinelle.dz\/index.php\/wp-json\/wp\/v2\/posts"}],"about":[{"href":"https:\/\/lasentinelle.dz\/index.php\/wp-json\/wp\/v2\/types\/post"}],"author":[{"embeddable":true,"href":"https:\/\/lasentinelle.dz\/index.php\/wp-json\/wp\/v2\/users\/3"}],"replies":[{"embeddable":true,"href":"https:\/\/lasentinelle.dz\/index.php\/wp-json\/wp\/v2\/comments?post=28523"}],"version-history":[{"count":1,"href":"https:\/\/lasentinelle.dz\/index.php\/wp-json\/wp\/v2\/posts\/28523\/revisions"}],"predecessor-version":[{"id":28530,"href":"https:\/\/lasentinelle.dz\/index.php\/wp-json\/wp\/v2\/posts\/28523\/revisions\/28530"}],"wp:featuredmedia":[{"embeddable":true,"href":"https:\/\/lasentinelle.dz\/index.php\/wp-json\/wp\/v2\/media\/28529"}],"wp:attachment":[{"href":"https:\/\/lasentinelle.dz\/index.php\/wp-json\/wp\/v2\/media?parent=28523"}],"wp:term":[{"taxonomy":"category","embeddable":true,"href":"https:\/\/lasentinelle.dz\/index.php\/wp-json\/wp\/v2\/categories?post=28523"},{"taxonomy":"post_tag","embeddable":true,"href":"https:\/\/lasentinelle.dz\/index.php\/wp-json\/wp\/v2\/tags?post=28523"}],"curies":[{"name":"wp","href":"https:\/\/api.w.org\/{rel}","templated":true}]}}