{"id":2860,"date":"2021-07-31T00:01:00","date_gmt":"2021-07-30T23:01:00","guid":{"rendered":"https:\/\/lasentinelle.dz\/?p=2860"},"modified":"2021-07-30T18:02:18","modified_gmt":"2021-07-30T17:02:18","slug":"le-chef-detat-major-de-lanp-a-la-ceremonie-de-sortie-de-promotion-de-lesg-nous-devons-accorder-tout-linteret-necessaire-au-contexte-regional","status":"publish","type":"post","link":"https:\/\/lasentinelle.dz\/index.php\/2021\/07\/31\/le-chef-detat-major-de-lanp-a-la-ceremonie-de-sortie-de-promotion-de-lesg-nous-devons-accorder-tout-linteret-necessaire-au-contexte-regional\/","title":{"rendered":"Le chef d\u2019\u00c9tat-major de l\u2019ANP \u00e0 la c\u00e9r\u00e9monie de sortie de promotion de l\u2019ESG: \u00ab Nous devons accorder tout l\u2019int\u00e9r\u00eat n\u00e9cessaire au contexte r\u00e9gional\u00bb"},"content":{"rendered":"\n<p>Le chef d\u2019\u00c9tat-major de l\u2019Arm\u00e9e nationale populaire, le G\u00e9n\u00e9ral de corps d\u2019Arm\u00e9e Said Chengriha, a mis en avant jeudi, lors de la c\u00e9r\u00e9monie de sortie de promotion de l\u2019\u00c9cole sup\u00e9rieure de Guerre cle contexte \u00ab&nbsp;difficile que connait notre sous r\u00e9gion&nbsp;\u00bb. \u00ab Le contexte international actuel, conjugu\u00e9e aux conditions difficile que connait notre sous r\u00e9gion, sont tous des facteurs qui exigent de nous, plus que jamais, le processus d\u2019\u00e9dification d\u2019une arm\u00e9e moderne et professionnelle, qui se distingue par de grandes capacit\u00e9s et une doctrine&nbsp; militaire pertinente, inspir\u00e9e de nos valeurs immuables et de nos principes nationaux s\u00e9culaires et qui s\u2019adapte aux \u00e9volutions r\u00e9gionales et internationales \u00bb, a indiqu\u00e9 SaidChanegriha dans son allocution d\u2019ouverture.<\/p>\n\n\n\n<p>\u00ab Disposer d\u2019une arm\u00e9e capable de faire face aux d\u00e9fis actuels et de remporter les enjeux du futur, \u00e9tant les enjeux majeurs que nous nous sommes fix\u00e9s, conform\u00e9ment aux orientations de Monsieur le pr\u00e9sident de la R\u00e9publique, chef supr\u00eame des Forces arm\u00e9es et ministre de la d\u00e9fense nationale et que nous \u0153uvrons \u00e0 concr\u00e9tiser sur le terrain, avec d\u00e9termination \u00bb, a-t-il ajout\u00e9.<\/p>\n\n\n\n<p>Il saisira, dans son intervention, l\u2019occasion pour rappeler les efforts d\u00e9ploy\u00e9s en indiquant que ceux-ci, \u00ab refl\u00e8tent effectivement&nbsp; la ferme volont\u00e9 du Haut commandement militaire \u00e0 promouvoir l\u2019arm\u00e9e nationale populaire, au triple plan strat\u00e9gique, op\u00e9rationnel et tactique \u00bb, ajoutant que ces efforts visent \u00ab \u00e0 veiller constamment \u00e0 l\u2019am\u00e9lioration des capacit\u00e9s de combat et \u00e0 l\u2019am\u00e9lioration de notre appareil de combat, conform\u00e9ment aux arm\u00e9es modernes, et ce, \u00e0 travers la maitrise des programmes de formation, portant sur l\u2019art de combat, la strat\u00e9gie militaire, la d\u00e9fense et la s\u00e9curit\u00e9 \u00bb.<\/p>\n\n\n\n<p>\u00ab La formation qualitative que vous avez re\u00e7ue r\u00e9pondant efficacement et rigoureusement aux grandes \u00e9tapes franchies par l\u2019ANP, \u00e0 tous les niveaux, notamment dans le contexte s\u00e9curitaire pr\u00e9valant dans notre environnement proche et lointain, avec tout ce qu\u2019il nous impose, en tant que militaires, comme d\u00e9fis et menaces, auxquels nous devons accorder tout l\u2019int\u00e9r\u00eat acquis \u00bb, a soulign\u00e9 le G\u00e9n\u00e9ral de corps d\u2019Arm\u00e9e, en ajoutant que \u00ab nous devons \u00eatre pr\u00eats \u00e0 toutes \u00e9ventualit\u00e9s, et mettre en \u00e9chec tous les plans hostiles, ourdis secr\u00e8tement et au grand jour, contre l\u2019Alg\u00e9rie, par les ennemis d\u2019hier et d\u2019aujourd\u2019hui, visant sa stabilit\u00e9 et sa s\u00e9curit\u00e9 \u00bb.<\/p>\n\n\n\n<p>Le chef d\u2019\u00c9tat-major appellera enfinles dipl\u00f4m\u00e9s de l\u2019\u00c9cole sup\u00e9rieure de guerre \u00ab de tirer au maximum, profit de l\u2019enseignement que vous avez re\u00e7u tout au long de votre cursus de formation, au niveau de ce prestigieux \u00e9tablissement d\u2019enseignement, en faisant montre de perspicacit\u00e9 et d\u2019esprit d\u2019analyse pour mieux appr\u00e9hender les changements g\u00e9opolitiques et socio-\u00e9conomiques qui s\u2019op\u00e8rent et pouvoir, en tant que chefs et responsables, faire une lecture prospective des \u00e9v\u00e9nements et initier des approches objectives \u00e0 m\u00eame de nous permettre de relever les d\u00e9fis \u00e0 venir \u00bb.<\/p>\n\n\n\n<p>Rappelons que le chef d\u2019\u00c9tat-major de l\u2019ANP, a pr\u00e9sid\u00e9 jeudi pass\u00e9 au niveau de l\u2019\u00c9cole sup\u00e9rieure de guerre \u00e0 la c\u00e9r\u00e9monie de sortie de la 14e promotion du cours sup\u00e9rieur de guerre et \u00e0 son arriv\u00e9e, Said Chengriha avait \u00e9t\u00e9 accueilli par le G\u00e9n\u00e9ral-major Ali Sidane commandant de la 1<sup>RE<\/sup> R\u00e9gion militaire et le g\u00e9n\u00e9ral Nouredine Khaloui directeur de cette \u00e9cole sup\u00e9rieure.<\/p>\n\n\n\n<p><strong>Boubekeur Amrani&nbsp;<\/strong><\/p>\n","protected":false},"excerpt":{"rendered":"<p>Le chef d\u2019\u00c9tat-major de l\u2019Arm\u00e9e nationale populaire, le G\u00e9n\u00e9ral de corps d\u2019Arm\u00e9e Said Chengriha, a mis en avant jeudi, lors<\/p>\n","protected":false},"author":3,"featured_media":2868,"comment_status":"open","ping_status":"closed","sticky":false,"template":"","format":"standard","meta":{"colormag_page_container_layout":"default_layout","colormag_page_sidebar_layout":"default_layout","om_disable_all_campaigns":false,"_monsterinsights_skip_tracking":false,"_monsterinsights_sitenote_active":false,"_monsterinsights_sitenote_note":"","_monsterinsights_sitenote_category":0,"footnotes":"","_wpscppro_dont_share_socialmedia":false,"_wpscppro_custom_social_share_image":0,"_facebook_share_type":"","_twitter_share_type":"","_linkedin_share_type":"","_pinterest_share_type":"","_linkedin_share_type_page":"","_instagram_share_type":"","_medium_share_type":"","_threads_share_type":"","_google_business_share_type":"","_selected_social_profile":[],"_wpsp_enable_custom_social_template":false,"_wpsp_social_scheduling":{"enabled":false,"datetime":null,"platforms":[],"status":"template_only","dateOption":"today","timeOption":"now","customDays":"","customHours":"","customDate":"","customTime":"","schedulingType":"absolute"},"_wpsp_active_default_template":true},"categories":[27],"tags":[],"class_list":["post-2860","post","type-post","status-publish","format-standard","has-post-thumbnail","hentry","category-actualite"],"aioseo_notices":[],"yoast_head":"<!-- This site is optimized with the Yoast SEO plugin v27.5 - https:\/\/yoast.com\/product\/yoast-seo-wordpress\/ -->\n<title>Le chef d\u2019\u00c9tat-major de l\u2019ANP \u00e0 la c\u00e9r\u00e9monie de sortie de promotion de l\u2019ESG: \u00ab Nous devons accorder tout l\u2019int\u00e9r\u00eat n\u00e9cessaire au contexte r\u00e9gional\u00bb - La Sentinelle<\/title>\n<meta name=\"robots\" content=\"index, follow, max-snippet:-1, max-image-preview:large, max-video-preview:-1\" \/>\n<link rel=\"canonical\" href=\"https:\/\/lasentinelle.dz\/index.php\/2021\/07\/31\/le-chef-detat-major-de-lanp-a-la-ceremonie-de-sortie-de-promotion-de-lesg-nous-devons-accorder-tout-linteret-necessaire-au-contexte-regional\/\" \/>\n<meta property=\"og:locale\" content=\"fr_FR\" \/>\n<meta property=\"og:type\" content=\"article\" \/>\n<meta property=\"og:title\" content=\"Le chef d\u2019\u00c9tat-major de l\u2019ANP \u00e0 la c\u00e9r\u00e9monie de sortie de promotion de l\u2019ESG: \u00ab Nous devons accorder tout l\u2019int\u00e9r\u00eat n\u00e9cessaire au contexte r\u00e9gional\u00bb - La Sentinelle\" \/>\n<meta property=\"og:description\" content=\"Le chef d\u2019\u00c9tat-major de l\u2019Arm\u00e9e nationale populaire, le G\u00e9n\u00e9ral de corps d\u2019Arm\u00e9e Said Chengriha, a mis en avant jeudi, lors\" \/>\n<meta property=\"og:url\" content=\"https:\/\/lasentinelle.dz\/index.php\/2021\/07\/31\/le-chef-detat-major-de-lanp-a-la-ceremonie-de-sortie-de-promotion-de-lesg-nous-devons-accorder-tout-linteret-necessaire-au-contexte-regional\/\" \/>\n<meta property=\"og:site_name\" content=\"La Sentinelle\" \/>\n<meta property=\"article:publisher\" content=\"https:\/\/www.facebook.com\/La-Sentinelle-104059864394773\" \/>\n<meta property=\"article:published_time\" content=\"2021-07-30T23:01:00+00:00\" \/>\n<meta property=\"og:image\" content=\"https:\/\/lasentinelle.dz\/wp-content\/uploads\/2021\/07\/ecole-militaire.png\" \/>\n\t<meta property=\"og:image:width\" content=\"1349\" \/>\n\t<meta property=\"og:image:height\" content=\"900\" \/>\n\t<meta property=\"og:image:type\" content=\"image\/png\" \/>\n<meta name=\"author\" content=\"La Sentinelle\" \/>\n<meta name=\"twitter:card\" content=\"summary_large_image\" \/>\n<meta name=\"twitter:label1\" content=\"\u00c9crit par\" \/>\n\t<meta name=\"twitter:data1\" content=\"La Sentinelle\" \/>\n\t<meta name=\"twitter:label2\" content=\"Dur\u00e9e de lecture estim\u00e9e\" \/>\n\t<meta name=\"twitter:data2\" content=\"3 minutes\" \/>\n<script type=\"application\/ld+json\" class=\"yoast-schema-graph\">{\"@context\":\"https:\\\/\\\/schema.org\",\"@graph\":[{\"@type\":\"Article\",\"@id\":\"https:\\\/\\\/lasentinelle.dz\\\/index.php\\\/2021\\\/07\\\/31\\\/le-chef-detat-major-de-lanp-a-la-ceremonie-de-sortie-de-promotion-de-lesg-nous-devons-accorder-tout-linteret-necessaire-au-contexte-regional\\\/#article\",\"isPartOf\":{\"@id\":\"https:\\\/\\\/lasentinelle.dz\\\/index.php\\\/2021\\\/07\\\/31\\\/le-chef-detat-major-de-lanp-a-la-ceremonie-de-sortie-de-promotion-de-lesg-nous-devons-accorder-tout-linteret-necessaire-au-contexte-regional\\\/\"},\"author\":{\"name\":\"La Sentinelle\",\"@id\":\"https:\\\/\\\/lasentinelle.dz\\\/#\\\/schema\\\/person\\\/d865044e22e70a75174ce8bcad3acfb3\"},\"headline\":\"Le chef d\u2019\u00c9tat-major de l\u2019ANP \u00e0 la c\u00e9r\u00e9monie de sortie de promotion de l\u2019ESG: \u00ab Nous devons accorder tout l\u2019int\u00e9r\u00eat n\u00e9cessaire au contexte r\u00e9gional\u00bb\",\"datePublished\":\"2021-07-30T23:01:00+00:00\",\"mainEntityOfPage\":{\"@id\":\"https:\\\/\\\/lasentinelle.dz\\\/index.php\\\/2021\\\/07\\\/31\\\/le-chef-detat-major-de-lanp-a-la-ceremonie-de-sortie-de-promotion-de-lesg-nous-devons-accorder-tout-linteret-necessaire-au-contexte-regional\\\/\"},\"wordCount\":638,\"commentCount\":0,\"publisher\":{\"@id\":\"https:\\\/\\\/lasentinelle.dz\\\/#organization\"},\"image\":{\"@id\":\"https:\\\/\\\/lasentinelle.dz\\\/index.php\\\/2021\\\/07\\\/31\\\/le-chef-detat-major-de-lanp-a-la-ceremonie-de-sortie-de-promotion-de-lesg-nous-devons-accorder-tout-linteret-necessaire-au-contexte-regional\\\/#primaryimage\"},\"thumbnailUrl\":\"https:\\\/\\\/lasentinelle.dz\\\/wp-content\\\/uploads\\\/2021\\\/07\\\/ecole-militaire.png\",\"articleSection\":[\"Actualit\u00e9\"],\"inLanguage\":\"fr-FR\",\"potentialAction\":[{\"@type\":\"CommentAction\",\"name\":\"Comment\",\"target\":[\"https:\\\/\\\/lasentinelle.dz\\\/index.php\\\/2021\\\/07\\\/31\\\/le-chef-detat-major-de-lanp-a-la-ceremonie-de-sortie-de-promotion-de-lesg-nous-devons-accorder-tout-linteret-necessaire-au-contexte-regional\\\/#respond\"]}]},{\"@type\":\"WebPage\",\"@id\":\"https:\\\/\\\/lasentinelle.dz\\\/index.php\\\/2021\\\/07\\\/31\\\/le-chef-detat-major-de-lanp-a-la-ceremonie-de-sortie-de-promotion-de-lesg-nous-devons-accorder-tout-linteret-necessaire-au-contexte-regional\\\/\",\"url\":\"https:\\\/\\\/lasentinelle.dz\\\/index.php\\\/2021\\\/07\\\/31\\\/le-chef-detat-major-de-lanp-a-la-ceremonie-de-sortie-de-promotion-de-lesg-nous-devons-accorder-tout-linteret-necessaire-au-contexte-regional\\\/\",\"name\":\"Le chef d\u2019\u00c9tat-major de l\u2019ANP \u00e0 la c\u00e9r\u00e9monie de sortie de promotion de l\u2019ESG: \u00ab Nous devons accorder tout l\u2019int\u00e9r\u00eat n\u00e9cessaire au contexte r\u00e9gional\u00bb - La Sentinelle\",\"isPartOf\":{\"@id\":\"https:\\\/\\\/lasentinelle.dz\\\/#website\"},\"primaryImageOfPage\":{\"@id\":\"https:\\\/\\\/lasentinelle.dz\\\/index.php\\\/2021\\\/07\\\/31\\\/le-chef-detat-major-de-lanp-a-la-ceremonie-de-sortie-de-promotion-de-lesg-nous-devons-accorder-tout-linteret-necessaire-au-contexte-regional\\\/#primaryimage\"},\"image\":{\"@id\":\"https:\\\/\\\/lasentinelle.dz\\\/index.php\\\/2021\\\/07\\\/31\\\/le-chef-detat-major-de-lanp-a-la-ceremonie-de-sortie-de-promotion-de-lesg-nous-devons-accorder-tout-linteret-necessaire-au-contexte-regional\\\/#primaryimage\"},\"thumbnailUrl\":\"https:\\\/\\\/lasentinelle.dz\\\/wp-content\\\/uploads\\\/2021\\\/07\\\/ecole-militaire.png\",\"datePublished\":\"2021-07-30T23:01:00+00:00\",\"breadcrumb\":{\"@id\":\"https:\\\/\\\/lasentinelle.dz\\\/index.php\\\/2021\\\/07\\\/31\\\/le-chef-detat-major-de-lanp-a-la-ceremonie-de-sortie-de-promotion-de-lesg-nous-devons-accorder-tout-linteret-necessaire-au-contexte-regional\\\/#breadcrumb\"},\"inLanguage\":\"fr-FR\",\"potentialAction\":[{\"@type\":\"ReadAction\",\"target\":[\"https:\\\/\\\/lasentinelle.dz\\\/index.php\\\/2021\\\/07\\\/31\\\/le-chef-detat-major-de-lanp-a-la-ceremonie-de-sortie-de-promotion-de-lesg-nous-devons-accorder-tout-linteret-necessaire-au-contexte-regional\\\/\"]}]},{\"@type\":\"ImageObject\",\"inLanguage\":\"fr-FR\",\"@id\":\"https:\\\/\\\/lasentinelle.dz\\\/index.php\\\/2021\\\/07\\\/31\\\/le-chef-detat-major-de-lanp-a-la-ceremonie-de-sortie-de-promotion-de-lesg-nous-devons-accorder-tout-linteret-necessaire-au-contexte-regional\\\/#primaryimage\",\"url\":\"https:\\\/\\\/lasentinelle.dz\\\/wp-content\\\/uploads\\\/2021\\\/07\\\/ecole-militaire.png\",\"contentUrl\":\"https:\\\/\\\/lasentinelle.dz\\\/wp-content\\\/uploads\\\/2021\\\/07\\\/ecole-militaire.png\",\"width\":1349,\"height\":900},{\"@type\":\"BreadcrumbList\",\"@id\":\"https:\\\/\\\/lasentinelle.dz\\\/index.php\\\/2021\\\/07\\\/31\\\/le-chef-detat-major-de-lanp-a-la-ceremonie-de-sortie-de-promotion-de-lesg-nous-devons-accorder-tout-linteret-necessaire-au-contexte-regional\\\/#breadcrumb\",\"itemListElement\":[{\"@type\":\"ListItem\",\"position\":1,\"name\":\"Accueil\",\"item\":\"https:\\\/\\\/lasentinelle.dz\\\/\"},{\"@type\":\"ListItem\",\"position\":2,\"name\":\"Le chef d\u2019\u00c9tat-major de l\u2019ANP \u00e0 la c\u00e9r\u00e9monie de sortie de promotion de l\u2019ESG: \u00ab Nous devons accorder tout l\u2019int\u00e9r\u00eat n\u00e9cessaire au contexte r\u00e9gional\u00bb\"}]},{\"@type\":\"WebSite\",\"@id\":\"https:\\\/\\\/lasentinelle.dz\\\/#website\",\"url\":\"https:\\\/\\\/lasentinelle.dz\\\/\",\"name\":\"La Sentinelle\",\"description\":\"Quotidien national d&#039;information\",\"publisher\":{\"@id\":\"https:\\\/\\\/lasentinelle.dz\\\/#organization\"},\"potentialAction\":[{\"@type\":\"SearchAction\",\"target\":{\"@type\":\"EntryPoint\",\"urlTemplate\":\"https:\\\/\\\/lasentinelle.dz\\\/?s={search_term_string}\"},\"query-input\":{\"@type\":\"PropertyValueSpecification\",\"valueRequired\":true,\"valueName\":\"search_term_string\"}}],\"inLanguage\":\"fr-FR\"},{\"@type\":\"Organization\",\"@id\":\"https:\\\/\\\/lasentinelle.dz\\\/#organization\",\"name\":\"Quotidien La Sentinelle\",\"url\":\"https:\\\/\\\/lasentinelle.dz\\\/\",\"logo\":{\"@type\":\"ImageObject\",\"inLanguage\":\"fr-FR\",\"@id\":\"https:\\\/\\\/lasentinelle.dz\\\/#\\\/schema\\\/logo\\\/image\\\/\",\"url\":\"https:\\\/\\\/lasentinelle.dz\\\/wp-content\\\/uploads\\\/2021\\\/09\\\/logo-sentinelleSLOGAN-1.png\",\"contentUrl\":\"https:\\\/\\\/lasentinelle.dz\\\/wp-content\\\/uploads\\\/2021\\\/09\\\/logo-sentinelleSLOGAN-1.png\",\"width\":615,\"height\":142,\"caption\":\"Quotidien La Sentinelle\"},\"image\":{\"@id\":\"https:\\\/\\\/lasentinelle.dz\\\/#\\\/schema\\\/logo\\\/image\\\/\"},\"sameAs\":[\"https:\\\/\\\/www.facebook.com\\\/La-Sentinelle-104059864394773\"]},{\"@type\":\"Person\",\"@id\":\"https:\\\/\\\/lasentinelle.dz\\\/#\\\/schema\\\/person\\\/d865044e22e70a75174ce8bcad3acfb3\",\"name\":\"La Sentinelle\",\"image\":{\"@type\":\"ImageObject\",\"inLanguage\":\"fr-FR\",\"@id\":\"https:\\\/\\\/secure.gravatar.com\\\/avatar\\\/57de8e5d4b15d43fb361a71fbb36338450fe67865b528a43dd10ef7c51a20392?s=96&d=mm&r=g\",\"url\":\"https:\\\/\\\/secure.gravatar.com\\\/avatar\\\/57de8e5d4b15d43fb361a71fbb36338450fe67865b528a43dd10ef7c51a20392?s=96&d=mm&r=g\",\"contentUrl\":\"https:\\\/\\\/secure.gravatar.com\\\/avatar\\\/57de8e5d4b15d43fb361a71fbb36338450fe67865b528a43dd10ef7c51a20392?s=96&d=mm&r=g\",\"caption\":\"La Sentinelle\"},\"sameAs\":[\"http:\\\/\\\/www.lasentinelle.dz\"],\"url\":\"https:\\\/\\\/lasentinelle.dz\\\/author\\\/redaction\\\/\"}]}<\/script>\n<!-- \/ Yoast SEO plugin. -->","yoast_head_json":{"title":"Le chef d\u2019\u00c9tat-major de l\u2019ANP \u00e0 la c\u00e9r\u00e9monie de sortie de promotion de l\u2019ESG: \u00ab Nous devons accorder tout l\u2019int\u00e9r\u00eat n\u00e9cessaire au contexte r\u00e9gional\u00bb - La Sentinelle","robots":{"index":"index","follow":"follow","max-snippet":"max-snippet:-1","max-image-preview":"max-image-preview:large","max-video-preview":"max-video-preview:-1"},"canonical":"https:\/\/lasentinelle.dz\/index.php\/2021\/07\/31\/le-chef-detat-major-de-lanp-a-la-ceremonie-de-sortie-de-promotion-de-lesg-nous-devons-accorder-tout-linteret-necessaire-au-contexte-regional\/","og_locale":"fr_FR","og_type":"article","og_title":"Le chef d\u2019\u00c9tat-major de l\u2019ANP \u00e0 la c\u00e9r\u00e9monie de sortie de promotion de l\u2019ESG: \u00ab Nous devons accorder tout l\u2019int\u00e9r\u00eat n\u00e9cessaire au contexte r\u00e9gional\u00bb - La Sentinelle","og_description":"Le chef d\u2019\u00c9tat-major de l\u2019Arm\u00e9e nationale populaire, le G\u00e9n\u00e9ral de corps d\u2019Arm\u00e9e Said Chengriha, a mis en avant jeudi, lors","og_url":"https:\/\/lasentinelle.dz\/index.php\/2021\/07\/31\/le-chef-detat-major-de-lanp-a-la-ceremonie-de-sortie-de-promotion-de-lesg-nous-devons-accorder-tout-linteret-necessaire-au-contexte-regional\/","og_site_name":"La Sentinelle","article_publisher":"https:\/\/www.facebook.com\/La-Sentinelle-104059864394773","article_published_time":"2021-07-30T23:01:00+00:00","og_image":[{"width":1349,"height":900,"url":"https:\/\/lasentinelle.dz\/wp-content\/uploads\/2021\/07\/ecole-militaire.png","type":"image\/png"}],"author":"La Sentinelle","twitter_card":"summary_large_image","twitter_misc":{"\u00c9crit par":"La Sentinelle","Dur\u00e9e de lecture estim\u00e9e":"3 minutes"},"schema":{"@context":"https:\/\/schema.org","@graph":[{"@type":"Article","@id":"https:\/\/lasentinelle.dz\/index.php\/2021\/07\/31\/le-chef-detat-major-de-lanp-a-la-ceremonie-de-sortie-de-promotion-de-lesg-nous-devons-accorder-tout-linteret-necessaire-au-contexte-regional\/#article","isPartOf":{"@id":"https:\/\/lasentinelle.dz\/index.php\/2021\/07\/31\/le-chef-detat-major-de-lanp-a-la-ceremonie-de-sortie-de-promotion-de-lesg-nous-devons-accorder-tout-linteret-necessaire-au-contexte-regional\/"},"author":{"name":"La Sentinelle","@id":"https:\/\/lasentinelle.dz\/#\/schema\/person\/d865044e22e70a75174ce8bcad3acfb3"},"headline":"Le chef d\u2019\u00c9tat-major de l\u2019ANP \u00e0 la c\u00e9r\u00e9monie de sortie de promotion de l\u2019ESG: \u00ab Nous devons accorder tout l\u2019int\u00e9r\u00eat n\u00e9cessaire au contexte r\u00e9gional\u00bb","datePublished":"2021-07-30T23:01:00+00:00","mainEntityOfPage":{"@id":"https:\/\/lasentinelle.dz\/index.php\/2021\/07\/31\/le-chef-detat-major-de-lanp-a-la-ceremonie-de-sortie-de-promotion-de-lesg-nous-devons-accorder-tout-linteret-necessaire-au-contexte-regional\/"},"wordCount":638,"commentCount":0,"publisher":{"@id":"https:\/\/lasentinelle.dz\/#organization"},"image":{"@id":"https:\/\/lasentinelle.dz\/index.php\/2021\/07\/31\/le-chef-detat-major-de-lanp-a-la-ceremonie-de-sortie-de-promotion-de-lesg-nous-devons-accorder-tout-linteret-necessaire-au-contexte-regional\/#primaryimage"},"thumbnailUrl":"https:\/\/lasentinelle.dz\/wp-content\/uploads\/2021\/07\/ecole-militaire.png","articleSection":["Actualit\u00e9"],"inLanguage":"fr-FR","potentialAction":[{"@type":"CommentAction","name":"Comment","target":["https:\/\/lasentinelle.dz\/index.php\/2021\/07\/31\/le-chef-detat-major-de-lanp-a-la-ceremonie-de-sortie-de-promotion-de-lesg-nous-devons-accorder-tout-linteret-necessaire-au-contexte-regional\/#respond"]}]},{"@type":"WebPage","@id":"https:\/\/lasentinelle.dz\/index.php\/2021\/07\/31\/le-chef-detat-major-de-lanp-a-la-ceremonie-de-sortie-de-promotion-de-lesg-nous-devons-accorder-tout-linteret-necessaire-au-contexte-regional\/","url":"https:\/\/lasentinelle.dz\/index.php\/2021\/07\/31\/le-chef-detat-major-de-lanp-a-la-ceremonie-de-sortie-de-promotion-de-lesg-nous-devons-accorder-tout-linteret-necessaire-au-contexte-regional\/","name":"Le chef d\u2019\u00c9tat-major de l\u2019ANP \u00e0 la c\u00e9r\u00e9monie de sortie de promotion de l\u2019ESG: \u00ab Nous devons accorder tout l\u2019int\u00e9r\u00eat n\u00e9cessaire au contexte r\u00e9gional\u00bb - La Sentinelle","isPartOf":{"@id":"https:\/\/lasentinelle.dz\/#website"},"primaryImageOfPage":{"@id":"https:\/\/lasentinelle.dz\/index.php\/2021\/07\/31\/le-chef-detat-major-de-lanp-a-la-ceremonie-de-sortie-de-promotion-de-lesg-nous-devons-accorder-tout-linteret-necessaire-au-contexte-regional\/#primaryimage"},"image":{"@id":"https:\/\/lasentinelle.dz\/index.php\/2021\/07\/31\/le-chef-detat-major-de-lanp-a-la-ceremonie-de-sortie-de-promotion-de-lesg-nous-devons-accorder-tout-linteret-necessaire-au-contexte-regional\/#primaryimage"},"thumbnailUrl":"https:\/\/lasentinelle.dz\/wp-content\/uploads\/2021\/07\/ecole-militaire.png","datePublished":"2021-07-30T23:01:00+00:00","breadcrumb":{"@id":"https:\/\/lasentinelle.dz\/index.php\/2021\/07\/31\/le-chef-detat-major-de-lanp-a-la-ceremonie-de-sortie-de-promotion-de-lesg-nous-devons-accorder-tout-linteret-necessaire-au-contexte-regional\/#breadcrumb"},"inLanguage":"fr-FR","potentialAction":[{"@type":"ReadAction","target":["https:\/\/lasentinelle.dz\/index.php\/2021\/07\/31\/le-chef-detat-major-de-lanp-a-la-ceremonie-de-sortie-de-promotion-de-lesg-nous-devons-accorder-tout-linteret-necessaire-au-contexte-regional\/"]}]},{"@type":"ImageObject","inLanguage":"fr-FR","@id":"https:\/\/lasentinelle.dz\/index.php\/2021\/07\/31\/le-chef-detat-major-de-lanp-a-la-ceremonie-de-sortie-de-promotion-de-lesg-nous-devons-accorder-tout-linteret-necessaire-au-contexte-regional\/#primaryimage","url":"https:\/\/lasentinelle.dz\/wp-content\/uploads\/2021\/07\/ecole-militaire.png","contentUrl":"https:\/\/lasentinelle.dz\/wp-content\/uploads\/2021\/07\/ecole-militaire.png","width":1349,"height":900},{"@type":"BreadcrumbList","@id":"https:\/\/lasentinelle.dz\/index.php\/2021\/07\/31\/le-chef-detat-major-de-lanp-a-la-ceremonie-de-sortie-de-promotion-de-lesg-nous-devons-accorder-tout-linteret-necessaire-au-contexte-regional\/#breadcrumb","itemListElement":[{"@type":"ListItem","position":1,"name":"Accueil","item":"https:\/\/lasentinelle.dz\/"},{"@type":"ListItem","position":2,"name":"Le chef d\u2019\u00c9tat-major de l\u2019ANP \u00e0 la c\u00e9r\u00e9monie de sortie de promotion de l\u2019ESG: \u00ab Nous devons accorder tout l\u2019int\u00e9r\u00eat n\u00e9cessaire au contexte r\u00e9gional\u00bb"}]},{"@type":"WebSite","@id":"https:\/\/lasentinelle.dz\/#website","url":"https:\/\/lasentinelle.dz\/","name":"La Sentinelle","description":"Quotidien national d&#039;information","publisher":{"@id":"https:\/\/lasentinelle.dz\/#organization"},"potentialAction":[{"@type":"SearchAction","target":{"@type":"EntryPoint","urlTemplate":"https:\/\/lasentinelle.dz\/?s={search_term_string}"},"query-input":{"@type":"PropertyValueSpecification","valueRequired":true,"valueName":"search_term_string"}}],"inLanguage":"fr-FR"},{"@type":"Organization","@id":"https:\/\/lasentinelle.dz\/#organization","name":"Quotidien La Sentinelle","url":"https:\/\/lasentinelle.dz\/","logo":{"@type":"ImageObject","inLanguage":"fr-FR","@id":"https:\/\/lasentinelle.dz\/#\/schema\/logo\/image\/","url":"https:\/\/lasentinelle.dz\/wp-content\/uploads\/2021\/09\/logo-sentinelleSLOGAN-1.png","contentUrl":"https:\/\/lasentinelle.dz\/wp-content\/uploads\/2021\/09\/logo-sentinelleSLOGAN-1.png","width":615,"height":142,"caption":"Quotidien La Sentinelle"},"image":{"@id":"https:\/\/lasentinelle.dz\/#\/schema\/logo\/image\/"},"sameAs":["https:\/\/www.facebook.com\/La-Sentinelle-104059864394773"]},{"@type":"Person","@id":"https:\/\/lasentinelle.dz\/#\/schema\/person\/d865044e22e70a75174ce8bcad3acfb3","name":"La Sentinelle","image":{"@type":"ImageObject","inLanguage":"fr-FR","@id":"https:\/\/secure.gravatar.com\/avatar\/57de8e5d4b15d43fb361a71fbb36338450fe67865b528a43dd10ef7c51a20392?s=96&d=mm&r=g","url":"https:\/\/secure.gravatar.com\/avatar\/57de8e5d4b15d43fb361a71fbb36338450fe67865b528a43dd10ef7c51a20392?s=96&d=mm&r=g","contentUrl":"https:\/\/secure.gravatar.com\/avatar\/57de8e5d4b15d43fb361a71fbb36338450fe67865b528a43dd10ef7c51a20392?s=96&d=mm&r=g","caption":"La Sentinelle"},"sameAs":["http:\/\/www.lasentinelle.dz"],"url":"https:\/\/lasentinelle.dz\/author\/redaction\/"}]}},"_links":{"self":[{"href":"https:\/\/lasentinelle.dz\/index.php\/wp-json\/wp\/v2\/posts\/2860","targetHints":{"allow":["GET"]}}],"collection":[{"href":"https:\/\/lasentinelle.dz\/index.php\/wp-json\/wp\/v2\/posts"}],"about":[{"href":"https:\/\/lasentinelle.dz\/index.php\/wp-json\/wp\/v2\/types\/post"}],"author":[{"embeddable":true,"href":"https:\/\/lasentinelle.dz\/index.php\/wp-json\/wp\/v2\/users\/3"}],"replies":[{"embeddable":true,"href":"https:\/\/lasentinelle.dz\/index.php\/wp-json\/wp\/v2\/comments?post=2860"}],"version-history":[{"count":1,"href":"https:\/\/lasentinelle.dz\/index.php\/wp-json\/wp\/v2\/posts\/2860\/revisions"}],"predecessor-version":[{"id":2869,"href":"https:\/\/lasentinelle.dz\/index.php\/wp-json\/wp\/v2\/posts\/2860\/revisions\/2869"}],"wp:featuredmedia":[{"embeddable":true,"href":"https:\/\/lasentinelle.dz\/index.php\/wp-json\/wp\/v2\/media\/2868"}],"wp:attachment":[{"href":"https:\/\/lasentinelle.dz\/index.php\/wp-json\/wp\/v2\/media?parent=2860"}],"wp:term":[{"taxonomy":"category","embeddable":true,"href":"https:\/\/lasentinelle.dz\/index.php\/wp-json\/wp\/v2\/categories?post=2860"},{"taxonomy":"post_tag","embeddable":true,"href":"https:\/\/lasentinelle.dz\/index.php\/wp-json\/wp\/v2\/tags?post=2860"}],"curies":[{"name":"wp","href":"https:\/\/api.w.org\/{rel}","templated":true}]}}