{"id":28609,"date":"2022-10-08T22:08:00","date_gmt":"2022-10-08T21:08:00","guid":{"rendered":"https:\/\/lasentinelle.dz\/?p=28609"},"modified":"2022-10-08T19:43:18","modified_gmt":"2022-10-08T18:43:18","slug":"les-differentes-parties-ont-repondu-favorablement-a-la-demande-de-lalgerie-les-factions-palestiniennes-se-reuniront-les-11-et-12-octobre","status":"publish","type":"post","link":"https:\/\/lasentinelle.dz\/index.php\/2022\/10\/08\/les-differentes-parties-ont-repondu-favorablement-a-la-demande-de-lalgerie-les-factions-palestiniennes-se-reuniront-les-11-et-12-octobre\/","title":{"rendered":"Les diff\u00e9rentes parties ont r\u00e9pondu favorablement \u00e0 la demande de l\u2019Alg\u00e9rie\u00a0: Les factions palestiniennes se r\u00e9uniront les 11 et 12 octobre"},"content":{"rendered":"\n<p>&nbsp;La r\u00e9union des factions palestiniennes, que l\u2019Alg\u00e9rie va accueillir, aura finalement lieu les 11 et 12 octobre en cours. C\u2019est ce qu\u2019a affirm\u00e9, hier, l\u2019ambassadeur de Palestine en Alg\u00e9rie, Fayez Abu Aita, \u00e0 la radio publique \u00abla voix de la Palestine\u00bb, comme cela a \u00e9t\u00e9 rapport\u00e9 par plusieurs m\u00e9dias palestiniens. Le diplomate avait d\u00e9j\u00e0 annonc\u00e9, \u00e0 la fin du mois pass\u00e9, que cette rencontre allait avoir lieu d\u00e9but octobre. Finalement, les diff\u00e9rentes parties se sont entendues sur cette date du 11 et 12 octobre. Fayez Abu Aita a donc estim\u00e9 que cette r\u00e9union d\u2019Alger allait permettre de \u00ab s\u2019accorder\u00bb sur la \u00abvision de l\u2019Alg\u00e9rie\u00bb pour mettre un terme aux divisions palestiniennes. Il a ajout\u00e9 que ce sont douze factions de l\u2019Organisation de la lib\u00e9ration de la Palestine (OLP), dont la Fatah, ainsi que les mouvements Hamas et le Jihad Islamique, qui vont prendre part \u00e0 cette r\u00e9union, qui intervient \u00abapr\u00e8s des mois d\u2019efforts consenti par l\u2019Alg\u00e9rie pour arriver \u00e0 une vision unificatrice et consensuelle que partageront toutes les parties de l\u2019action nationale palestinienne\u00bb.<\/p>\n\n\n\n<p>C\u2019est le 6 d\u00e9cembre de l\u2019ann\u00e9e derni\u00e8re, faut-il le rappeler, que le Pr\u00e9sident de la R\u00e9publique, Abdelmadjid Tebboune, avait annonc\u00e9 la tenue de cette r\u00e9union entre les diff\u00e9rentes factions palestiniennes. Une initiative qui, selon toute vraisemblance, s\u2019est concr\u00e9tis\u00e9e moins d\u2019une ann\u00e9e apr\u00e8s. Salu\u00e9 par plus d\u2019un, notamment les parties concern\u00e9es, comme Fatah et le Hamas, tous comme bien entendu l\u2019autorit\u00e9 palestinienne, qui, par la voix du Pr\u00e9sident palestinien, Mahmoud Abbas, a aussit\u00f4t accueillie favorablement l\u2019id\u00e9e, cette r\u00e9union pourrait contribuer ainsi \u00e0 unifier les rangs des Palestiniens. Un rendez-vous qui va pr\u00e9c\u00e9der le sommet de la Ligue arabe, pr\u00e9vu les 1er et 2 novembre prochain, qui se veut \u00e9galement \u00abunificateur\u00bb, comme exprim\u00e9 maintes fois par le Pr\u00e9sident Abdelmadjid Tebboune. D\u2019ailleurs, l&rsquo;agence de presse palestinienne Wafa, a rapport\u00e9 jeudi que le pr\u00e9sident palestinien, Mahmoud Abbas, a mis l\u2019accent \u00e0 Ramallah \u00absur l&rsquo;importance du Sommet arabe d&rsquo;Alger, pr\u00e9vu le mois prochain, pour la mise en \u0153uvre des r\u00e9solutions pr\u00e9c\u00e9dentes des Sommets arabes, notamment en ce qui concerne le soutien au peuple palestinien vivant sous l&rsquo;occupation sioniste\u00bb. Au-del\u00e0 donc de la r\u00e9union des factions, dont l\u2019objectif est d&rsquo;unifier leurs rangs, les Palestiniens attendent de ce sommet arabe d\u2019Alger la r\u00e9unification des positions des \u00c9tats arabes par rapport \u00e0 leur cause. C\u2019est dans ce sens que l&rsquo;ambassadeur de l&rsquo;Etat de Palestine \u00e0 Alger, Fayez Abu Aita, a d\u00e9clar\u00e9 \u00e0 la fin du mois dernier au forum du journal \u00abEl Moudjahid\u00bb, que \u00able Sommet arabe d&rsquo;Alger constituera le plus grand \u00e9v\u00e9nement politique international en faveur de la cause palestinienne\u00bb. Il a, dans le m\u00eame ordre, exprim\u00e9 son souhait que \u00ables conclusions de ce sommet soient exceptionnelles en ce qui concerne l&rsquo;unification des factions palestiniennes et la convergence de la position arabe vis-\u00e0-vis de la cause palestinienne\u00bb. \u00abNous aspirons \u00e0 ce que l&rsquo;Initiative arabe de paix figure parmi les conclusions du Sommet d&rsquo;Alger\u00bb, a-t-il encore ajout\u00e9. Ayant tout le temps \u00e9t\u00e9 en premi\u00e8re ligne de la d\u00e9fense de la cause palestinienne, l\u2019Alg\u00e9rie veut peser de tout son poids pour, d\u2019un c\u00f4t\u00e9, unifier les rangs des Palestiniens, et de l\u2019autre, arriver \u00e0 r\u00e9unifier les positions des \u00c9tats arabes par rapport \u00e0 la cause palestinienne.<\/p>\n\n\n\n<p><strong>Elyas Nour<\/strong><\/p>\n","protected":false},"excerpt":{"rendered":"<p>&nbsp;La r\u00e9union des factions palestiniennes, que l\u2019Alg\u00e9rie va accueillir, aura finalement lieu les 11 et 12 octobre en cours. C\u2019est<\/p>\n","protected":false},"author":3,"featured_media":28487,"comment_status":"open","ping_status":"closed","sticky":false,"template":"","format":"standard","meta":{"colormag_page_container_layout":"default_layout","colormag_page_sidebar_layout":"default_layout","om_disable_all_campaigns":false,"_monsterinsights_skip_tracking":false,"_monsterinsights_sitenote_active":false,"_monsterinsights_sitenote_note":"","_monsterinsights_sitenote_category":0,"footnotes":"","_wpscppro_dont_share_socialmedia":false,"_wpscppro_custom_social_share_image":0,"_facebook_share_type":"","_twitter_share_type":"","_linkedin_share_type":"","_pinterest_share_type":"","_linkedin_share_type_page":"","_instagram_share_type":"","_medium_share_type":"","_threads_share_type":"","_google_business_share_type":"","_selected_social_profile":[],"_wpsp_enable_custom_social_template":false,"_wpsp_social_scheduling":{"enabled":false,"datetime":null,"platforms":[],"status":"template_only","dateOption":"today","timeOption":"now","customDays":"","customHours":"","customDate":"","customTime":"","schedulingType":"absolute"},"_wpsp_active_default_template":true},"categories":[52,27],"tags":[],"class_list":["post-28609","post","type-post","status-publish","format-standard","has-post-thumbnail","hentry","category-a-la-une","category-actualite"],"aioseo_notices":[],"yoast_head":"<!-- This site is optimized with the Yoast SEO plugin v27.5 - https:\/\/yoast.com\/product\/yoast-seo-wordpress\/ -->\n<title>Les diff\u00e9rentes parties ont r\u00e9pondu favorablement \u00e0 la demande de l\u2019Alg\u00e9rie\u00a0: Les factions palestiniennes se r\u00e9uniront les 11 et 12 octobre - La Sentinelle<\/title>\n<meta name=\"robots\" content=\"index, follow, max-snippet:-1, max-image-preview:large, max-video-preview:-1\" \/>\n<link rel=\"canonical\" href=\"https:\/\/lasentinelle.dz\/index.php\/2022\/10\/08\/les-differentes-parties-ont-repondu-favorablement-a-la-demande-de-lalgerie-les-factions-palestiniennes-se-reuniront-les-11-et-12-octobre\/\" \/>\n<meta property=\"og:locale\" content=\"fr_FR\" \/>\n<meta property=\"og:type\" content=\"article\" \/>\n<meta property=\"og:title\" content=\"Les diff\u00e9rentes parties ont r\u00e9pondu favorablement \u00e0 la demande de l\u2019Alg\u00e9rie\u00a0: Les factions palestiniennes se r\u00e9uniront les 11 et 12 octobre - La Sentinelle\" \/>\n<meta property=\"og:description\" content=\"&nbsp;La r\u00e9union des factions palestiniennes, que l\u2019Alg\u00e9rie va accueillir, aura finalement lieu les 11 et 12 octobre en cours. C\u2019est\" \/>\n<meta property=\"og:url\" content=\"https:\/\/lasentinelle.dz\/index.php\/2022\/10\/08\/les-differentes-parties-ont-repondu-favorablement-a-la-demande-de-lalgerie-les-factions-palestiniennes-se-reuniront-les-11-et-12-octobre\/\" \/>\n<meta property=\"og:site_name\" content=\"La Sentinelle\" \/>\n<meta property=\"article:publisher\" content=\"https:\/\/www.facebook.com\/La-Sentinelle-104059864394773\" \/>\n<meta property=\"article:published_time\" content=\"2022-10-08T21:08:00+00:00\" \/>\n<meta property=\"og:image\" content=\"https:\/\/lasentinelle.dz\/wp-content\/uploads\/2022\/10\/Factions.png\" \/>\n\t<meta property=\"og:image:width\" content=\"1350\" \/>\n\t<meta property=\"og:image:height\" content=\"900\" \/>\n\t<meta property=\"og:image:type\" content=\"image\/png\" \/>\n<meta name=\"author\" content=\"La Sentinelle\" \/>\n<meta name=\"twitter:card\" content=\"summary_large_image\" \/>\n<meta name=\"twitter:label1\" content=\"\u00c9crit par\" \/>\n\t<meta name=\"twitter:data1\" content=\"La Sentinelle\" \/>\n\t<meta name=\"twitter:label2\" content=\"Dur\u00e9e de lecture estim\u00e9e\" \/>\n\t<meta name=\"twitter:data2\" content=\"3 minutes\" \/>\n<script type=\"application\/ld+json\" class=\"yoast-schema-graph\">{\"@context\":\"https:\\\/\\\/schema.org\",\"@graph\":[{\"@type\":\"Article\",\"@id\":\"https:\\\/\\\/lasentinelle.dz\\\/index.php\\\/2022\\\/10\\\/08\\\/les-differentes-parties-ont-repondu-favorablement-a-la-demande-de-lalgerie-les-factions-palestiniennes-se-reuniront-les-11-et-12-octobre\\\/#article\",\"isPartOf\":{\"@id\":\"https:\\\/\\\/lasentinelle.dz\\\/index.php\\\/2022\\\/10\\\/08\\\/les-differentes-parties-ont-repondu-favorablement-a-la-demande-de-lalgerie-les-factions-palestiniennes-se-reuniront-les-11-et-12-octobre\\\/\"},\"author\":{\"name\":\"La Sentinelle\",\"@id\":\"https:\\\/\\\/lasentinelle.dz\\\/#\\\/schema\\\/person\\\/d865044e22e70a75174ce8bcad3acfb3\"},\"headline\":\"Les diff\u00e9rentes parties ont r\u00e9pondu favorablement \u00e0 la demande de l\u2019Alg\u00e9rie\u00a0: Les factions palestiniennes se r\u00e9uniront les 11 et 12 octobre\",\"datePublished\":\"2022-10-08T21:08:00+00:00\",\"mainEntityOfPage\":{\"@id\":\"https:\\\/\\\/lasentinelle.dz\\\/index.php\\\/2022\\\/10\\\/08\\\/les-differentes-parties-ont-repondu-favorablement-a-la-demande-de-lalgerie-les-factions-palestiniennes-se-reuniront-les-11-et-12-octobre\\\/\"},\"wordCount\":622,\"commentCount\":0,\"publisher\":{\"@id\":\"https:\\\/\\\/lasentinelle.dz\\\/#organization\"},\"image\":{\"@id\":\"https:\\\/\\\/lasentinelle.dz\\\/index.php\\\/2022\\\/10\\\/08\\\/les-differentes-parties-ont-repondu-favorablement-a-la-demande-de-lalgerie-les-factions-palestiniennes-se-reuniront-les-11-et-12-octobre\\\/#primaryimage\"},\"thumbnailUrl\":\"https:\\\/\\\/lasentinelle.dz\\\/wp-content\\\/uploads\\\/2022\\\/10\\\/Factions.png\",\"articleSection\":[\"\u00c0 la Une\",\"Actualit\u00e9\"],\"inLanguage\":\"fr-FR\",\"potentialAction\":[{\"@type\":\"CommentAction\",\"name\":\"Comment\",\"target\":[\"https:\\\/\\\/lasentinelle.dz\\\/index.php\\\/2022\\\/10\\\/08\\\/les-differentes-parties-ont-repondu-favorablement-a-la-demande-de-lalgerie-les-factions-palestiniennes-se-reuniront-les-11-et-12-octobre\\\/#respond\"]}]},{\"@type\":\"WebPage\",\"@id\":\"https:\\\/\\\/lasentinelle.dz\\\/index.php\\\/2022\\\/10\\\/08\\\/les-differentes-parties-ont-repondu-favorablement-a-la-demande-de-lalgerie-les-factions-palestiniennes-se-reuniront-les-11-et-12-octobre\\\/\",\"url\":\"https:\\\/\\\/lasentinelle.dz\\\/index.php\\\/2022\\\/10\\\/08\\\/les-differentes-parties-ont-repondu-favorablement-a-la-demande-de-lalgerie-les-factions-palestiniennes-se-reuniront-les-11-et-12-octobre\\\/\",\"name\":\"Les diff\u00e9rentes parties ont r\u00e9pondu favorablement \u00e0 la demande de l\u2019Alg\u00e9rie\u00a0: Les factions palestiniennes se r\u00e9uniront les 11 et 12 octobre - La Sentinelle\",\"isPartOf\":{\"@id\":\"https:\\\/\\\/lasentinelle.dz\\\/#website\"},\"primaryImageOfPage\":{\"@id\":\"https:\\\/\\\/lasentinelle.dz\\\/index.php\\\/2022\\\/10\\\/08\\\/les-differentes-parties-ont-repondu-favorablement-a-la-demande-de-lalgerie-les-factions-palestiniennes-se-reuniront-les-11-et-12-octobre\\\/#primaryimage\"},\"image\":{\"@id\":\"https:\\\/\\\/lasentinelle.dz\\\/index.php\\\/2022\\\/10\\\/08\\\/les-differentes-parties-ont-repondu-favorablement-a-la-demande-de-lalgerie-les-factions-palestiniennes-se-reuniront-les-11-et-12-octobre\\\/#primaryimage\"},\"thumbnailUrl\":\"https:\\\/\\\/lasentinelle.dz\\\/wp-content\\\/uploads\\\/2022\\\/10\\\/Factions.png\",\"datePublished\":\"2022-10-08T21:08:00+00:00\",\"breadcrumb\":{\"@id\":\"https:\\\/\\\/lasentinelle.dz\\\/index.php\\\/2022\\\/10\\\/08\\\/les-differentes-parties-ont-repondu-favorablement-a-la-demande-de-lalgerie-les-factions-palestiniennes-se-reuniront-les-11-et-12-octobre\\\/#breadcrumb\"},\"inLanguage\":\"fr-FR\",\"potentialAction\":[{\"@type\":\"ReadAction\",\"target\":[\"https:\\\/\\\/lasentinelle.dz\\\/index.php\\\/2022\\\/10\\\/08\\\/les-differentes-parties-ont-repondu-favorablement-a-la-demande-de-lalgerie-les-factions-palestiniennes-se-reuniront-les-11-et-12-octobre\\\/\"]}]},{\"@type\":\"ImageObject\",\"inLanguage\":\"fr-FR\",\"@id\":\"https:\\\/\\\/lasentinelle.dz\\\/index.php\\\/2022\\\/10\\\/08\\\/les-differentes-parties-ont-repondu-favorablement-a-la-demande-de-lalgerie-les-factions-palestiniennes-se-reuniront-les-11-et-12-octobre\\\/#primaryimage\",\"url\":\"https:\\\/\\\/lasentinelle.dz\\\/wp-content\\\/uploads\\\/2022\\\/10\\\/Factions.png\",\"contentUrl\":\"https:\\\/\\\/lasentinelle.dz\\\/wp-content\\\/uploads\\\/2022\\\/10\\\/Factions.png\",\"width\":1350,\"height\":900},{\"@type\":\"BreadcrumbList\",\"@id\":\"https:\\\/\\\/lasentinelle.dz\\\/index.php\\\/2022\\\/10\\\/08\\\/les-differentes-parties-ont-repondu-favorablement-a-la-demande-de-lalgerie-les-factions-palestiniennes-se-reuniront-les-11-et-12-octobre\\\/#breadcrumb\",\"itemListElement\":[{\"@type\":\"ListItem\",\"position\":1,\"name\":\"Accueil\",\"item\":\"https:\\\/\\\/lasentinelle.dz\\\/\"},{\"@type\":\"ListItem\",\"position\":2,\"name\":\"Les diff\u00e9rentes parties ont r\u00e9pondu favorablement \u00e0 la demande de l\u2019Alg\u00e9rie\u00a0: Les factions palestiniennes se r\u00e9uniront les 11 et 12 octobre\"}]},{\"@type\":\"WebSite\",\"@id\":\"https:\\\/\\\/lasentinelle.dz\\\/#website\",\"url\":\"https:\\\/\\\/lasentinelle.dz\\\/\",\"name\":\"La Sentinelle\",\"description\":\"Quotidien national d&#039;information\",\"publisher\":{\"@id\":\"https:\\\/\\\/lasentinelle.dz\\\/#organization\"},\"potentialAction\":[{\"@type\":\"SearchAction\",\"target\":{\"@type\":\"EntryPoint\",\"urlTemplate\":\"https:\\\/\\\/lasentinelle.dz\\\/?s={search_term_string}\"},\"query-input\":{\"@type\":\"PropertyValueSpecification\",\"valueRequired\":true,\"valueName\":\"search_term_string\"}}],\"inLanguage\":\"fr-FR\"},{\"@type\":\"Organization\",\"@id\":\"https:\\\/\\\/lasentinelle.dz\\\/#organization\",\"name\":\"Quotidien La Sentinelle\",\"url\":\"https:\\\/\\\/lasentinelle.dz\\\/\",\"logo\":{\"@type\":\"ImageObject\",\"inLanguage\":\"fr-FR\",\"@id\":\"https:\\\/\\\/lasentinelle.dz\\\/#\\\/schema\\\/logo\\\/image\\\/\",\"url\":\"https:\\\/\\\/lasentinelle.dz\\\/wp-content\\\/uploads\\\/2021\\\/09\\\/logo-sentinelleSLOGAN-1.png\",\"contentUrl\":\"https:\\\/\\\/lasentinelle.dz\\\/wp-content\\\/uploads\\\/2021\\\/09\\\/logo-sentinelleSLOGAN-1.png\",\"width\":615,\"height\":142,\"caption\":\"Quotidien La Sentinelle\"},\"image\":{\"@id\":\"https:\\\/\\\/lasentinelle.dz\\\/#\\\/schema\\\/logo\\\/image\\\/\"},\"sameAs\":[\"https:\\\/\\\/www.facebook.com\\\/La-Sentinelle-104059864394773\"]},{\"@type\":\"Person\",\"@id\":\"https:\\\/\\\/lasentinelle.dz\\\/#\\\/schema\\\/person\\\/d865044e22e70a75174ce8bcad3acfb3\",\"name\":\"La Sentinelle\",\"image\":{\"@type\":\"ImageObject\",\"inLanguage\":\"fr-FR\",\"@id\":\"https:\\\/\\\/secure.gravatar.com\\\/avatar\\\/57de8e5d4b15d43fb361a71fbb36338450fe67865b528a43dd10ef7c51a20392?s=96&d=mm&r=g\",\"url\":\"https:\\\/\\\/secure.gravatar.com\\\/avatar\\\/57de8e5d4b15d43fb361a71fbb36338450fe67865b528a43dd10ef7c51a20392?s=96&d=mm&r=g\",\"contentUrl\":\"https:\\\/\\\/secure.gravatar.com\\\/avatar\\\/57de8e5d4b15d43fb361a71fbb36338450fe67865b528a43dd10ef7c51a20392?s=96&d=mm&r=g\",\"caption\":\"La Sentinelle\"},\"sameAs\":[\"http:\\\/\\\/www.lasentinelle.dz\"],\"url\":\"https:\\\/\\\/lasentinelle.dz\\\/author\\\/redaction\\\/\"}]}<\/script>\n<!-- \/ Yoast SEO plugin. -->","yoast_head_json":{"title":"Les diff\u00e9rentes parties ont r\u00e9pondu favorablement \u00e0 la demande de l\u2019Alg\u00e9rie\u00a0: Les factions palestiniennes se r\u00e9uniront les 11 et 12 octobre - La Sentinelle","robots":{"index":"index","follow":"follow","max-snippet":"max-snippet:-1","max-image-preview":"max-image-preview:large","max-video-preview":"max-video-preview:-1"},"canonical":"https:\/\/lasentinelle.dz\/index.php\/2022\/10\/08\/les-differentes-parties-ont-repondu-favorablement-a-la-demande-de-lalgerie-les-factions-palestiniennes-se-reuniront-les-11-et-12-octobre\/","og_locale":"fr_FR","og_type":"article","og_title":"Les diff\u00e9rentes parties ont r\u00e9pondu favorablement \u00e0 la demande de l\u2019Alg\u00e9rie\u00a0: Les factions palestiniennes se r\u00e9uniront les 11 et 12 octobre - La Sentinelle","og_description":"&nbsp;La r\u00e9union des factions palestiniennes, que l\u2019Alg\u00e9rie va accueillir, aura finalement lieu les 11 et 12 octobre en cours. C\u2019est","og_url":"https:\/\/lasentinelle.dz\/index.php\/2022\/10\/08\/les-differentes-parties-ont-repondu-favorablement-a-la-demande-de-lalgerie-les-factions-palestiniennes-se-reuniront-les-11-et-12-octobre\/","og_site_name":"La Sentinelle","article_publisher":"https:\/\/www.facebook.com\/La-Sentinelle-104059864394773","article_published_time":"2022-10-08T21:08:00+00:00","og_image":[{"width":1350,"height":900,"url":"https:\/\/lasentinelle.dz\/wp-content\/uploads\/2022\/10\/Factions.png","type":"image\/png"}],"author":"La Sentinelle","twitter_card":"summary_large_image","twitter_misc":{"\u00c9crit par":"La Sentinelle","Dur\u00e9e de lecture estim\u00e9e":"3 minutes"},"schema":{"@context":"https:\/\/schema.org","@graph":[{"@type":"Article","@id":"https:\/\/lasentinelle.dz\/index.php\/2022\/10\/08\/les-differentes-parties-ont-repondu-favorablement-a-la-demande-de-lalgerie-les-factions-palestiniennes-se-reuniront-les-11-et-12-octobre\/#article","isPartOf":{"@id":"https:\/\/lasentinelle.dz\/index.php\/2022\/10\/08\/les-differentes-parties-ont-repondu-favorablement-a-la-demande-de-lalgerie-les-factions-palestiniennes-se-reuniront-les-11-et-12-octobre\/"},"author":{"name":"La Sentinelle","@id":"https:\/\/lasentinelle.dz\/#\/schema\/person\/d865044e22e70a75174ce8bcad3acfb3"},"headline":"Les diff\u00e9rentes parties ont r\u00e9pondu favorablement \u00e0 la demande de l\u2019Alg\u00e9rie\u00a0: Les factions palestiniennes se r\u00e9uniront les 11 et 12 octobre","datePublished":"2022-10-08T21:08:00+00:00","mainEntityOfPage":{"@id":"https:\/\/lasentinelle.dz\/index.php\/2022\/10\/08\/les-differentes-parties-ont-repondu-favorablement-a-la-demande-de-lalgerie-les-factions-palestiniennes-se-reuniront-les-11-et-12-octobre\/"},"wordCount":622,"commentCount":0,"publisher":{"@id":"https:\/\/lasentinelle.dz\/#organization"},"image":{"@id":"https:\/\/lasentinelle.dz\/index.php\/2022\/10\/08\/les-differentes-parties-ont-repondu-favorablement-a-la-demande-de-lalgerie-les-factions-palestiniennes-se-reuniront-les-11-et-12-octobre\/#primaryimage"},"thumbnailUrl":"https:\/\/lasentinelle.dz\/wp-content\/uploads\/2022\/10\/Factions.png","articleSection":["\u00c0 la Une","Actualit\u00e9"],"inLanguage":"fr-FR","potentialAction":[{"@type":"CommentAction","name":"Comment","target":["https:\/\/lasentinelle.dz\/index.php\/2022\/10\/08\/les-differentes-parties-ont-repondu-favorablement-a-la-demande-de-lalgerie-les-factions-palestiniennes-se-reuniront-les-11-et-12-octobre\/#respond"]}]},{"@type":"WebPage","@id":"https:\/\/lasentinelle.dz\/index.php\/2022\/10\/08\/les-differentes-parties-ont-repondu-favorablement-a-la-demande-de-lalgerie-les-factions-palestiniennes-se-reuniront-les-11-et-12-octobre\/","url":"https:\/\/lasentinelle.dz\/index.php\/2022\/10\/08\/les-differentes-parties-ont-repondu-favorablement-a-la-demande-de-lalgerie-les-factions-palestiniennes-se-reuniront-les-11-et-12-octobre\/","name":"Les diff\u00e9rentes parties ont r\u00e9pondu favorablement \u00e0 la demande de l\u2019Alg\u00e9rie\u00a0: Les factions palestiniennes se r\u00e9uniront les 11 et 12 octobre - La Sentinelle","isPartOf":{"@id":"https:\/\/lasentinelle.dz\/#website"},"primaryImageOfPage":{"@id":"https:\/\/lasentinelle.dz\/index.php\/2022\/10\/08\/les-differentes-parties-ont-repondu-favorablement-a-la-demande-de-lalgerie-les-factions-palestiniennes-se-reuniront-les-11-et-12-octobre\/#primaryimage"},"image":{"@id":"https:\/\/lasentinelle.dz\/index.php\/2022\/10\/08\/les-differentes-parties-ont-repondu-favorablement-a-la-demande-de-lalgerie-les-factions-palestiniennes-se-reuniront-les-11-et-12-octobre\/#primaryimage"},"thumbnailUrl":"https:\/\/lasentinelle.dz\/wp-content\/uploads\/2022\/10\/Factions.png","datePublished":"2022-10-08T21:08:00+00:00","breadcrumb":{"@id":"https:\/\/lasentinelle.dz\/index.php\/2022\/10\/08\/les-differentes-parties-ont-repondu-favorablement-a-la-demande-de-lalgerie-les-factions-palestiniennes-se-reuniront-les-11-et-12-octobre\/#breadcrumb"},"inLanguage":"fr-FR","potentialAction":[{"@type":"ReadAction","target":["https:\/\/lasentinelle.dz\/index.php\/2022\/10\/08\/les-differentes-parties-ont-repondu-favorablement-a-la-demande-de-lalgerie-les-factions-palestiniennes-se-reuniront-les-11-et-12-octobre\/"]}]},{"@type":"ImageObject","inLanguage":"fr-FR","@id":"https:\/\/lasentinelle.dz\/index.php\/2022\/10\/08\/les-differentes-parties-ont-repondu-favorablement-a-la-demande-de-lalgerie-les-factions-palestiniennes-se-reuniront-les-11-et-12-octobre\/#primaryimage","url":"https:\/\/lasentinelle.dz\/wp-content\/uploads\/2022\/10\/Factions.png","contentUrl":"https:\/\/lasentinelle.dz\/wp-content\/uploads\/2022\/10\/Factions.png","width":1350,"height":900},{"@type":"BreadcrumbList","@id":"https:\/\/lasentinelle.dz\/index.php\/2022\/10\/08\/les-differentes-parties-ont-repondu-favorablement-a-la-demande-de-lalgerie-les-factions-palestiniennes-se-reuniront-les-11-et-12-octobre\/#breadcrumb","itemListElement":[{"@type":"ListItem","position":1,"name":"Accueil","item":"https:\/\/lasentinelle.dz\/"},{"@type":"ListItem","position":2,"name":"Les diff\u00e9rentes parties ont r\u00e9pondu favorablement \u00e0 la demande de l\u2019Alg\u00e9rie\u00a0: Les factions palestiniennes se r\u00e9uniront les 11 et 12 octobre"}]},{"@type":"WebSite","@id":"https:\/\/lasentinelle.dz\/#website","url":"https:\/\/lasentinelle.dz\/","name":"La Sentinelle","description":"Quotidien national d&#039;information","publisher":{"@id":"https:\/\/lasentinelle.dz\/#organization"},"potentialAction":[{"@type":"SearchAction","target":{"@type":"EntryPoint","urlTemplate":"https:\/\/lasentinelle.dz\/?s={search_term_string}"},"query-input":{"@type":"PropertyValueSpecification","valueRequired":true,"valueName":"search_term_string"}}],"inLanguage":"fr-FR"},{"@type":"Organization","@id":"https:\/\/lasentinelle.dz\/#organization","name":"Quotidien La Sentinelle","url":"https:\/\/lasentinelle.dz\/","logo":{"@type":"ImageObject","inLanguage":"fr-FR","@id":"https:\/\/lasentinelle.dz\/#\/schema\/logo\/image\/","url":"https:\/\/lasentinelle.dz\/wp-content\/uploads\/2021\/09\/logo-sentinelleSLOGAN-1.png","contentUrl":"https:\/\/lasentinelle.dz\/wp-content\/uploads\/2021\/09\/logo-sentinelleSLOGAN-1.png","width":615,"height":142,"caption":"Quotidien La Sentinelle"},"image":{"@id":"https:\/\/lasentinelle.dz\/#\/schema\/logo\/image\/"},"sameAs":["https:\/\/www.facebook.com\/La-Sentinelle-104059864394773"]},{"@type":"Person","@id":"https:\/\/lasentinelle.dz\/#\/schema\/person\/d865044e22e70a75174ce8bcad3acfb3","name":"La Sentinelle","image":{"@type":"ImageObject","inLanguage":"fr-FR","@id":"https:\/\/secure.gravatar.com\/avatar\/57de8e5d4b15d43fb361a71fbb36338450fe67865b528a43dd10ef7c51a20392?s=96&d=mm&r=g","url":"https:\/\/secure.gravatar.com\/avatar\/57de8e5d4b15d43fb361a71fbb36338450fe67865b528a43dd10ef7c51a20392?s=96&d=mm&r=g","contentUrl":"https:\/\/secure.gravatar.com\/avatar\/57de8e5d4b15d43fb361a71fbb36338450fe67865b528a43dd10ef7c51a20392?s=96&d=mm&r=g","caption":"La Sentinelle"},"sameAs":["http:\/\/www.lasentinelle.dz"],"url":"https:\/\/lasentinelle.dz\/author\/redaction\/"}]}},"_links":{"self":[{"href":"https:\/\/lasentinelle.dz\/index.php\/wp-json\/wp\/v2\/posts\/28609","targetHints":{"allow":["GET"]}}],"collection":[{"href":"https:\/\/lasentinelle.dz\/index.php\/wp-json\/wp\/v2\/posts"}],"about":[{"href":"https:\/\/lasentinelle.dz\/index.php\/wp-json\/wp\/v2\/types\/post"}],"author":[{"embeddable":true,"href":"https:\/\/lasentinelle.dz\/index.php\/wp-json\/wp\/v2\/users\/3"}],"replies":[{"embeddable":true,"href":"https:\/\/lasentinelle.dz\/index.php\/wp-json\/wp\/v2\/comments?post=28609"}],"version-history":[{"count":1,"href":"https:\/\/lasentinelle.dz\/index.php\/wp-json\/wp\/v2\/posts\/28609\/revisions"}],"predecessor-version":[{"id":28615,"href":"https:\/\/lasentinelle.dz\/index.php\/wp-json\/wp\/v2\/posts\/28609\/revisions\/28615"}],"wp:featuredmedia":[{"embeddable":true,"href":"https:\/\/lasentinelle.dz\/index.php\/wp-json\/wp\/v2\/media\/28487"}],"wp:attachment":[{"href":"https:\/\/lasentinelle.dz\/index.php\/wp-json\/wp\/v2\/media?parent=28609"}],"wp:term":[{"taxonomy":"category","embeddable":true,"href":"https:\/\/lasentinelle.dz\/index.php\/wp-json\/wp\/v2\/categories?post=28609"},{"taxonomy":"post_tag","embeddable":true,"href":"https:\/\/lasentinelle.dz\/index.php\/wp-json\/wp\/v2\/tags?post=28609"}],"curies":[{"name":"wp","href":"https:\/\/api.w.org\/{rel}","templated":true}]}}