{"id":2874,"date":"2021-07-31T00:09:00","date_gmt":"2021-07-30T23:09:00","guid":{"rendered":"https:\/\/lasentinelle.dz\/?p=2874"},"modified":"2021-07-30T19:00:41","modified_gmt":"2021-07-30T18:00:41","slug":"le-ministre-de-la-sante-la-annonce-jeudi-passe-prochaine-reception-de-6-000concentrateurs-doxygene","status":"publish","type":"post","link":"https:\/\/lasentinelle.dz\/index.php\/2021\/07\/31\/le-ministre-de-la-sante-la-annonce-jeudi-passe-prochaine-reception-de-6-000concentrateurs-doxygene\/","title":{"rendered":"Le ministre de la Sant\u00e9 l\u2019a annonc\u00e9 jeudi : Prochaine r\u00e9ception de 6.000concentrateurs d\u2019oxyg\u00e8ne"},"content":{"rendered":"\n<p>Face \u00e0 la crise de la disponibilit\u00e9 de l\u2019oxyg\u00e8ne pour l\u2019oxyg\u00e9noth\u00e9rapie, \u00e0 l\u2019\u00e9chelle nationale en plein crise sanitaire, le minist\u00e8re de la Sant\u00e9, de la Population et de la R\u00e9forme hospitali\u00e8re a d\u00e9cid\u00e9 de prendre le taureau par les cornes, en&nbsp; proc\u00e9dant \u00e0 l\u2019importation de 6.000 concentrateurs d\u2019oxyg\u00e8ne pour mettre fin aux souffrances des malades atteints de covid et \u00e0 la d\u00e9tresse de leurs proches qui courent dans tous les sens pour se procurer ce produit devenu subitement une denr\u00e9e rare et couteuse.<\/p>\n\n\n\n<p>En effet, c\u2019est lors d\u2019une rencontre tenue en visioconf\u00e9rence jeudi pass\u00e9 avec les directeurs de la sant\u00e9 des wilayas du pays qu\u2019Abderhmane Benbouzid avait affirm\u00e9 que \u00ab le probl\u00e8me majeur dont souffrent les h\u00f4pitaux alg\u00e9riens actuellement est le manque d\u2019oxyg\u00e8ne et non celui de lits \u00bb, appelant \u00ab \u00e0 la coop\u00e9ration entre tous pour surpasser cette crise \u00bb, avant de rassurer le citoyen sur \u00ab une op\u00e9ration d\u2019acquisition de 6.000 concentrateurs d\u2019oxyg\u00e8ne \u00bb.<\/p>\n\n\n\n<p>Une op\u00e9ration \u00ab qui n\u2019est pas facile compte tenu de la demande importante \u00e0 travers le monde, notamment par les grandes puissances \u00bb, tenait \u00e0 pr\u00e9ciser le ministre de la Sant\u00e9 qui a \u00e9galement exhort\u00e9 les directeurs de la sant\u00e9 \u00e0 l\u2019\u00e9chelle des wilayas du pays, notamment celles les plus touch\u00e9es par la crise sanitaire \u00e0 la r\u00e9quisition des structures h\u00f4teli\u00e8res et d\u2019autres infrastructures pouvant servir de lieux d\u2019accueil aux personnes atteintes de covid qui ne n\u00e9cessitent pas plus de dix litres d\u2019oxyg\u00e8ne et ce pour permettre aux h\u00f4pitaux de se consacrer aux cas jug\u00e9s plus graves et compliqu\u00e9s.<\/p>\n\n\n\n<p>Le ministre a, \u00e9galement, fait \u00e9tat de contacts avec nos ambassadeurs en Italie, en Belgique, en Allemagne, en France et en Espagne, pour l\u2019acquisition de concentrateurs et de g\u00e9n\u00e9rateurs d\u2019oxyg\u00e8ne aupr\u00e8s des producteurs de cette mati\u00e8re vitale \u00ab dans les plus brefs d\u00e9lais \u00bb.Il annoncera \u00e0 ce sujet l\u2019arriv\u00e9e dimanche pass\u00e9&nbsp; d\u2019un&nbsp; lot de 1.050 concentrateurs d\u2019oxyg\u00e8ne \u00e0 usage individuel en attendant la r\u00e9ception graduelle de 9.000autres unit\u00e9s&nbsp; dans deux semaines.Qualifiant la situation \u00e9pid\u00e9miologique de \u00ab tr\u00e8s inqui\u00e9tante \u00bb, le Pr Benbouzid, a fait \u00e9tat \u00ab d\u2019une grande pression \u00bb sur l\u2019oxyg\u00e8ne au niveau des h\u00f4pitaux, malgr\u00e9 les efforts d\u00e9ploy\u00e9s par la cellule de coordination aupr\u00e8s du Premier minist\u00e8re, soutenue par d\u2019autres cellules locales \u00bb, avait d\u00e9clar\u00e9 le ministre de la sant\u00e9 alors qu\u2019il supervisait l\u2019op\u00e9ration de vaccination des Moudjahidines et des ayants droits en compagnie du ministre des Moudjahidines Laib Rebigua.Il tenait \u00e9galement \u00e0 rassurer que \u00ab les choses vont s\u2019am\u00e9liorer lorsque les h\u00f4pitaux seront dot\u00e9s d\u2019appareils et concentrateurs d\u2019oxyg\u00e8nes et s\u2019approvisionneront ind\u00e9pendamment de cette mati\u00e8re vitale \u00bb.<\/p>\n\n\n\n<p><strong>Boubekeur Amrani<\/strong><\/p>\n","protected":false},"excerpt":{"rendered":"<p>Face \u00e0 la crise de la disponibilit\u00e9 de l\u2019oxyg\u00e8ne pour l\u2019oxyg\u00e9noth\u00e9rapie, \u00e0 l\u2019\u00e9chelle nationale en plein crise sanitaire, le minist\u00e8re<\/p>\n","protected":false},"author":3,"featured_media":2704,"comment_status":"open","ping_status":"closed","sticky":false,"template":"","format":"standard","meta":{"colormag_page_container_layout":"default_layout","colormag_page_sidebar_layout":"default_layout","om_disable_all_campaigns":false,"_monsterinsights_skip_tracking":false,"_monsterinsights_sitenote_active":false,"_monsterinsights_sitenote_note":"","_monsterinsights_sitenote_category":0,"footnotes":"","_wpscppro_dont_share_socialmedia":false,"_wpscppro_custom_social_share_image":0,"_facebook_share_type":"","_twitter_share_type":"","_linkedin_share_type":"","_pinterest_share_type":"","_linkedin_share_type_page":"","_instagram_share_type":"","_medium_share_type":"","_threads_share_type":"","_google_business_share_type":"","_selected_social_profile":[],"_wpsp_enable_custom_social_template":false,"_wpsp_social_scheduling":{"enabled":false,"datetime":null,"platforms":[],"status":"template_only","dateOption":"today","timeOption":"now","customDays":"","customHours":"","customDate":"","customTime":"","schedulingType":"absolute"},"_wpsp_active_default_template":true},"categories":[27],"tags":[],"class_list":["post-2874","post","type-post","status-publish","format-standard","has-post-thumbnail","hentry","category-actualite"],"aioseo_notices":[],"yoast_head":"<!-- This site is optimized with the Yoast SEO plugin v27.5 - https:\/\/yoast.com\/product\/yoast-seo-wordpress\/ -->\n<title>Le ministre de la Sant\u00e9 l\u2019a annonc\u00e9 jeudi : Prochaine r\u00e9ception de 6.000concentrateurs d\u2019oxyg\u00e8ne - La Sentinelle<\/title>\n<meta name=\"robots\" content=\"index, follow, max-snippet:-1, max-image-preview:large, max-video-preview:-1\" \/>\n<link rel=\"canonical\" href=\"https:\/\/lasentinelle.dz\/index.php\/2021\/07\/31\/le-ministre-de-la-sante-la-annonce-jeudi-passe-prochaine-reception-de-6-000concentrateurs-doxygene\/\" \/>\n<meta property=\"og:locale\" content=\"fr_FR\" \/>\n<meta property=\"og:type\" content=\"article\" \/>\n<meta property=\"og:title\" content=\"Le ministre de la Sant\u00e9 l\u2019a annonc\u00e9 jeudi : Prochaine r\u00e9ception de 6.000concentrateurs d\u2019oxyg\u00e8ne - La Sentinelle\" \/>\n<meta property=\"og:description\" content=\"Face \u00e0 la crise de la disponibilit\u00e9 de l\u2019oxyg\u00e8ne pour l\u2019oxyg\u00e9noth\u00e9rapie, \u00e0 l\u2019\u00e9chelle nationale en plein crise sanitaire, le minist\u00e8re\" \/>\n<meta property=\"og:url\" content=\"https:\/\/lasentinelle.dz\/index.php\/2021\/07\/31\/le-ministre-de-la-sante-la-annonce-jeudi-passe-prochaine-reception-de-6-000concentrateurs-doxygene\/\" \/>\n<meta property=\"og:site_name\" content=\"La Sentinelle\" \/>\n<meta property=\"article:publisher\" content=\"https:\/\/www.facebook.com\/La-Sentinelle-104059864394773\" \/>\n<meta property=\"article:published_time\" content=\"2021-07-30T23:09:00+00:00\" \/>\n<meta property=\"og:image\" content=\"https:\/\/lasentinelle.dz\/wp-content\/uploads\/2021\/07\/benbouzid-1.png\" \/>\n\t<meta property=\"og:image:width\" content=\"1800\" \/>\n\t<meta property=\"og:image:height\" content=\"900\" \/>\n\t<meta property=\"og:image:type\" content=\"image\/png\" \/>\n<meta name=\"author\" content=\"La Sentinelle\" \/>\n<meta name=\"twitter:card\" content=\"summary_large_image\" \/>\n<meta name=\"twitter:label1\" content=\"\u00c9crit par\" \/>\n\t<meta name=\"twitter:data1\" content=\"La Sentinelle\" \/>\n\t<meta name=\"twitter:label2\" content=\"Dur\u00e9e de lecture estim\u00e9e\" \/>\n\t<meta name=\"twitter:data2\" content=\"2 minutes\" \/>\n<script type=\"application\/ld+json\" class=\"yoast-schema-graph\">{\"@context\":\"https:\\\/\\\/schema.org\",\"@graph\":[{\"@type\":\"Article\",\"@id\":\"https:\\\/\\\/lasentinelle.dz\\\/index.php\\\/2021\\\/07\\\/31\\\/le-ministre-de-la-sante-la-annonce-jeudi-passe-prochaine-reception-de-6-000concentrateurs-doxygene\\\/#article\",\"isPartOf\":{\"@id\":\"https:\\\/\\\/lasentinelle.dz\\\/index.php\\\/2021\\\/07\\\/31\\\/le-ministre-de-la-sante-la-annonce-jeudi-passe-prochaine-reception-de-6-000concentrateurs-doxygene\\\/\"},\"author\":{\"name\":\"La Sentinelle\",\"@id\":\"https:\\\/\\\/lasentinelle.dz\\\/#\\\/schema\\\/person\\\/d865044e22e70a75174ce8bcad3acfb3\"},\"headline\":\"Le ministre de la Sant\u00e9 l\u2019a annonc\u00e9 jeudi : Prochaine r\u00e9ception de 6.000concentrateurs d\u2019oxyg\u00e8ne\",\"datePublished\":\"2021-07-30T23:09:00+00:00\",\"mainEntityOfPage\":{\"@id\":\"https:\\\/\\\/lasentinelle.dz\\\/index.php\\\/2021\\\/07\\\/31\\\/le-ministre-de-la-sante-la-annonce-jeudi-passe-prochaine-reception-de-6-000concentrateurs-doxygene\\\/\"},\"wordCount\":505,\"commentCount\":0,\"publisher\":{\"@id\":\"https:\\\/\\\/lasentinelle.dz\\\/#organization\"},\"image\":{\"@id\":\"https:\\\/\\\/lasentinelle.dz\\\/index.php\\\/2021\\\/07\\\/31\\\/le-ministre-de-la-sante-la-annonce-jeudi-passe-prochaine-reception-de-6-000concentrateurs-doxygene\\\/#primaryimage\"},\"thumbnailUrl\":\"https:\\\/\\\/lasentinelle.dz\\\/wp-content\\\/uploads\\\/2021\\\/07\\\/benbouzid-1.png\",\"articleSection\":[\"Actualit\u00e9\"],\"inLanguage\":\"fr-FR\",\"potentialAction\":[{\"@type\":\"CommentAction\",\"name\":\"Comment\",\"target\":[\"https:\\\/\\\/lasentinelle.dz\\\/index.php\\\/2021\\\/07\\\/31\\\/le-ministre-de-la-sante-la-annonce-jeudi-passe-prochaine-reception-de-6-000concentrateurs-doxygene\\\/#respond\"]}]},{\"@type\":\"WebPage\",\"@id\":\"https:\\\/\\\/lasentinelle.dz\\\/index.php\\\/2021\\\/07\\\/31\\\/le-ministre-de-la-sante-la-annonce-jeudi-passe-prochaine-reception-de-6-000concentrateurs-doxygene\\\/\",\"url\":\"https:\\\/\\\/lasentinelle.dz\\\/index.php\\\/2021\\\/07\\\/31\\\/le-ministre-de-la-sante-la-annonce-jeudi-passe-prochaine-reception-de-6-000concentrateurs-doxygene\\\/\",\"name\":\"Le ministre de la Sant\u00e9 l\u2019a annonc\u00e9 jeudi : Prochaine r\u00e9ception de 6.000concentrateurs d\u2019oxyg\u00e8ne - La Sentinelle\",\"isPartOf\":{\"@id\":\"https:\\\/\\\/lasentinelle.dz\\\/#website\"},\"primaryImageOfPage\":{\"@id\":\"https:\\\/\\\/lasentinelle.dz\\\/index.php\\\/2021\\\/07\\\/31\\\/le-ministre-de-la-sante-la-annonce-jeudi-passe-prochaine-reception-de-6-000concentrateurs-doxygene\\\/#primaryimage\"},\"image\":{\"@id\":\"https:\\\/\\\/lasentinelle.dz\\\/index.php\\\/2021\\\/07\\\/31\\\/le-ministre-de-la-sante-la-annonce-jeudi-passe-prochaine-reception-de-6-000concentrateurs-doxygene\\\/#primaryimage\"},\"thumbnailUrl\":\"https:\\\/\\\/lasentinelle.dz\\\/wp-content\\\/uploads\\\/2021\\\/07\\\/benbouzid-1.png\",\"datePublished\":\"2021-07-30T23:09:00+00:00\",\"breadcrumb\":{\"@id\":\"https:\\\/\\\/lasentinelle.dz\\\/index.php\\\/2021\\\/07\\\/31\\\/le-ministre-de-la-sante-la-annonce-jeudi-passe-prochaine-reception-de-6-000concentrateurs-doxygene\\\/#breadcrumb\"},\"inLanguage\":\"fr-FR\",\"potentialAction\":[{\"@type\":\"ReadAction\",\"target\":[\"https:\\\/\\\/lasentinelle.dz\\\/index.php\\\/2021\\\/07\\\/31\\\/le-ministre-de-la-sante-la-annonce-jeudi-passe-prochaine-reception-de-6-000concentrateurs-doxygene\\\/\"]}]},{\"@type\":\"ImageObject\",\"inLanguage\":\"fr-FR\",\"@id\":\"https:\\\/\\\/lasentinelle.dz\\\/index.php\\\/2021\\\/07\\\/31\\\/le-ministre-de-la-sante-la-annonce-jeudi-passe-prochaine-reception-de-6-000concentrateurs-doxygene\\\/#primaryimage\",\"url\":\"https:\\\/\\\/lasentinelle.dz\\\/wp-content\\\/uploads\\\/2021\\\/07\\\/benbouzid-1.png\",\"contentUrl\":\"https:\\\/\\\/lasentinelle.dz\\\/wp-content\\\/uploads\\\/2021\\\/07\\\/benbouzid-1.png\",\"width\":1800,\"height\":900},{\"@type\":\"BreadcrumbList\",\"@id\":\"https:\\\/\\\/lasentinelle.dz\\\/index.php\\\/2021\\\/07\\\/31\\\/le-ministre-de-la-sante-la-annonce-jeudi-passe-prochaine-reception-de-6-000concentrateurs-doxygene\\\/#breadcrumb\",\"itemListElement\":[{\"@type\":\"ListItem\",\"position\":1,\"name\":\"Accueil\",\"item\":\"https:\\\/\\\/lasentinelle.dz\\\/\"},{\"@type\":\"ListItem\",\"position\":2,\"name\":\"Le ministre de la Sant\u00e9 l\u2019a annonc\u00e9 jeudi : Prochaine r\u00e9ception de 6.000concentrateurs d\u2019oxyg\u00e8ne\"}]},{\"@type\":\"WebSite\",\"@id\":\"https:\\\/\\\/lasentinelle.dz\\\/#website\",\"url\":\"https:\\\/\\\/lasentinelle.dz\\\/\",\"name\":\"La Sentinelle\",\"description\":\"Quotidien national d&#039;information\",\"publisher\":{\"@id\":\"https:\\\/\\\/lasentinelle.dz\\\/#organization\"},\"potentialAction\":[{\"@type\":\"SearchAction\",\"target\":{\"@type\":\"EntryPoint\",\"urlTemplate\":\"https:\\\/\\\/lasentinelle.dz\\\/?s={search_term_string}\"},\"query-input\":{\"@type\":\"PropertyValueSpecification\",\"valueRequired\":true,\"valueName\":\"search_term_string\"}}],\"inLanguage\":\"fr-FR\"},{\"@type\":\"Organization\",\"@id\":\"https:\\\/\\\/lasentinelle.dz\\\/#organization\",\"name\":\"Quotidien La Sentinelle\",\"url\":\"https:\\\/\\\/lasentinelle.dz\\\/\",\"logo\":{\"@type\":\"ImageObject\",\"inLanguage\":\"fr-FR\",\"@id\":\"https:\\\/\\\/lasentinelle.dz\\\/#\\\/schema\\\/logo\\\/image\\\/\",\"url\":\"https:\\\/\\\/lasentinelle.dz\\\/wp-content\\\/uploads\\\/2021\\\/09\\\/logo-sentinelleSLOGAN-1.png\",\"contentUrl\":\"https:\\\/\\\/lasentinelle.dz\\\/wp-content\\\/uploads\\\/2021\\\/09\\\/logo-sentinelleSLOGAN-1.png\",\"width\":615,\"height\":142,\"caption\":\"Quotidien La Sentinelle\"},\"image\":{\"@id\":\"https:\\\/\\\/lasentinelle.dz\\\/#\\\/schema\\\/logo\\\/image\\\/\"},\"sameAs\":[\"https:\\\/\\\/www.facebook.com\\\/La-Sentinelle-104059864394773\"]},{\"@type\":\"Person\",\"@id\":\"https:\\\/\\\/lasentinelle.dz\\\/#\\\/schema\\\/person\\\/d865044e22e70a75174ce8bcad3acfb3\",\"name\":\"La Sentinelle\",\"image\":{\"@type\":\"ImageObject\",\"inLanguage\":\"fr-FR\",\"@id\":\"https:\\\/\\\/secure.gravatar.com\\\/avatar\\\/57de8e5d4b15d43fb361a71fbb36338450fe67865b528a43dd10ef7c51a20392?s=96&d=mm&r=g\",\"url\":\"https:\\\/\\\/secure.gravatar.com\\\/avatar\\\/57de8e5d4b15d43fb361a71fbb36338450fe67865b528a43dd10ef7c51a20392?s=96&d=mm&r=g\",\"contentUrl\":\"https:\\\/\\\/secure.gravatar.com\\\/avatar\\\/57de8e5d4b15d43fb361a71fbb36338450fe67865b528a43dd10ef7c51a20392?s=96&d=mm&r=g\",\"caption\":\"La Sentinelle\"},\"sameAs\":[\"http:\\\/\\\/www.lasentinelle.dz\"],\"url\":\"https:\\\/\\\/lasentinelle.dz\\\/author\\\/redaction\\\/\"}]}<\/script>\n<!-- \/ Yoast SEO plugin. -->","yoast_head_json":{"title":"Le ministre de la Sant\u00e9 l\u2019a annonc\u00e9 jeudi : Prochaine r\u00e9ception de 6.000concentrateurs d\u2019oxyg\u00e8ne - La Sentinelle","robots":{"index":"index","follow":"follow","max-snippet":"max-snippet:-1","max-image-preview":"max-image-preview:large","max-video-preview":"max-video-preview:-1"},"canonical":"https:\/\/lasentinelle.dz\/index.php\/2021\/07\/31\/le-ministre-de-la-sante-la-annonce-jeudi-passe-prochaine-reception-de-6-000concentrateurs-doxygene\/","og_locale":"fr_FR","og_type":"article","og_title":"Le ministre de la Sant\u00e9 l\u2019a annonc\u00e9 jeudi : Prochaine r\u00e9ception de 6.000concentrateurs d\u2019oxyg\u00e8ne - La Sentinelle","og_description":"Face \u00e0 la crise de la disponibilit\u00e9 de l\u2019oxyg\u00e8ne pour l\u2019oxyg\u00e9noth\u00e9rapie, \u00e0 l\u2019\u00e9chelle nationale en plein crise sanitaire, le minist\u00e8re","og_url":"https:\/\/lasentinelle.dz\/index.php\/2021\/07\/31\/le-ministre-de-la-sante-la-annonce-jeudi-passe-prochaine-reception-de-6-000concentrateurs-doxygene\/","og_site_name":"La Sentinelle","article_publisher":"https:\/\/www.facebook.com\/La-Sentinelle-104059864394773","article_published_time":"2021-07-30T23:09:00+00:00","og_image":[{"width":1800,"height":900,"url":"https:\/\/lasentinelle.dz\/wp-content\/uploads\/2021\/07\/benbouzid-1.png","type":"image\/png"}],"author":"La Sentinelle","twitter_card":"summary_large_image","twitter_misc":{"\u00c9crit par":"La Sentinelle","Dur\u00e9e de lecture estim\u00e9e":"2 minutes"},"schema":{"@context":"https:\/\/schema.org","@graph":[{"@type":"Article","@id":"https:\/\/lasentinelle.dz\/index.php\/2021\/07\/31\/le-ministre-de-la-sante-la-annonce-jeudi-passe-prochaine-reception-de-6-000concentrateurs-doxygene\/#article","isPartOf":{"@id":"https:\/\/lasentinelle.dz\/index.php\/2021\/07\/31\/le-ministre-de-la-sante-la-annonce-jeudi-passe-prochaine-reception-de-6-000concentrateurs-doxygene\/"},"author":{"name":"La Sentinelle","@id":"https:\/\/lasentinelle.dz\/#\/schema\/person\/d865044e22e70a75174ce8bcad3acfb3"},"headline":"Le ministre de la Sant\u00e9 l\u2019a annonc\u00e9 jeudi : Prochaine r\u00e9ception de 6.000concentrateurs d\u2019oxyg\u00e8ne","datePublished":"2021-07-30T23:09:00+00:00","mainEntityOfPage":{"@id":"https:\/\/lasentinelle.dz\/index.php\/2021\/07\/31\/le-ministre-de-la-sante-la-annonce-jeudi-passe-prochaine-reception-de-6-000concentrateurs-doxygene\/"},"wordCount":505,"commentCount":0,"publisher":{"@id":"https:\/\/lasentinelle.dz\/#organization"},"image":{"@id":"https:\/\/lasentinelle.dz\/index.php\/2021\/07\/31\/le-ministre-de-la-sante-la-annonce-jeudi-passe-prochaine-reception-de-6-000concentrateurs-doxygene\/#primaryimage"},"thumbnailUrl":"https:\/\/lasentinelle.dz\/wp-content\/uploads\/2021\/07\/benbouzid-1.png","articleSection":["Actualit\u00e9"],"inLanguage":"fr-FR","potentialAction":[{"@type":"CommentAction","name":"Comment","target":["https:\/\/lasentinelle.dz\/index.php\/2021\/07\/31\/le-ministre-de-la-sante-la-annonce-jeudi-passe-prochaine-reception-de-6-000concentrateurs-doxygene\/#respond"]}]},{"@type":"WebPage","@id":"https:\/\/lasentinelle.dz\/index.php\/2021\/07\/31\/le-ministre-de-la-sante-la-annonce-jeudi-passe-prochaine-reception-de-6-000concentrateurs-doxygene\/","url":"https:\/\/lasentinelle.dz\/index.php\/2021\/07\/31\/le-ministre-de-la-sante-la-annonce-jeudi-passe-prochaine-reception-de-6-000concentrateurs-doxygene\/","name":"Le ministre de la Sant\u00e9 l\u2019a annonc\u00e9 jeudi : Prochaine r\u00e9ception de 6.000concentrateurs d\u2019oxyg\u00e8ne - La Sentinelle","isPartOf":{"@id":"https:\/\/lasentinelle.dz\/#website"},"primaryImageOfPage":{"@id":"https:\/\/lasentinelle.dz\/index.php\/2021\/07\/31\/le-ministre-de-la-sante-la-annonce-jeudi-passe-prochaine-reception-de-6-000concentrateurs-doxygene\/#primaryimage"},"image":{"@id":"https:\/\/lasentinelle.dz\/index.php\/2021\/07\/31\/le-ministre-de-la-sante-la-annonce-jeudi-passe-prochaine-reception-de-6-000concentrateurs-doxygene\/#primaryimage"},"thumbnailUrl":"https:\/\/lasentinelle.dz\/wp-content\/uploads\/2021\/07\/benbouzid-1.png","datePublished":"2021-07-30T23:09:00+00:00","breadcrumb":{"@id":"https:\/\/lasentinelle.dz\/index.php\/2021\/07\/31\/le-ministre-de-la-sante-la-annonce-jeudi-passe-prochaine-reception-de-6-000concentrateurs-doxygene\/#breadcrumb"},"inLanguage":"fr-FR","potentialAction":[{"@type":"ReadAction","target":["https:\/\/lasentinelle.dz\/index.php\/2021\/07\/31\/le-ministre-de-la-sante-la-annonce-jeudi-passe-prochaine-reception-de-6-000concentrateurs-doxygene\/"]}]},{"@type":"ImageObject","inLanguage":"fr-FR","@id":"https:\/\/lasentinelle.dz\/index.php\/2021\/07\/31\/le-ministre-de-la-sante-la-annonce-jeudi-passe-prochaine-reception-de-6-000concentrateurs-doxygene\/#primaryimage","url":"https:\/\/lasentinelle.dz\/wp-content\/uploads\/2021\/07\/benbouzid-1.png","contentUrl":"https:\/\/lasentinelle.dz\/wp-content\/uploads\/2021\/07\/benbouzid-1.png","width":1800,"height":900},{"@type":"BreadcrumbList","@id":"https:\/\/lasentinelle.dz\/index.php\/2021\/07\/31\/le-ministre-de-la-sante-la-annonce-jeudi-passe-prochaine-reception-de-6-000concentrateurs-doxygene\/#breadcrumb","itemListElement":[{"@type":"ListItem","position":1,"name":"Accueil","item":"https:\/\/lasentinelle.dz\/"},{"@type":"ListItem","position":2,"name":"Le ministre de la Sant\u00e9 l\u2019a annonc\u00e9 jeudi : Prochaine r\u00e9ception de 6.000concentrateurs d\u2019oxyg\u00e8ne"}]},{"@type":"WebSite","@id":"https:\/\/lasentinelle.dz\/#website","url":"https:\/\/lasentinelle.dz\/","name":"La Sentinelle","description":"Quotidien national d&#039;information","publisher":{"@id":"https:\/\/lasentinelle.dz\/#organization"},"potentialAction":[{"@type":"SearchAction","target":{"@type":"EntryPoint","urlTemplate":"https:\/\/lasentinelle.dz\/?s={search_term_string}"},"query-input":{"@type":"PropertyValueSpecification","valueRequired":true,"valueName":"search_term_string"}}],"inLanguage":"fr-FR"},{"@type":"Organization","@id":"https:\/\/lasentinelle.dz\/#organization","name":"Quotidien La Sentinelle","url":"https:\/\/lasentinelle.dz\/","logo":{"@type":"ImageObject","inLanguage":"fr-FR","@id":"https:\/\/lasentinelle.dz\/#\/schema\/logo\/image\/","url":"https:\/\/lasentinelle.dz\/wp-content\/uploads\/2021\/09\/logo-sentinelleSLOGAN-1.png","contentUrl":"https:\/\/lasentinelle.dz\/wp-content\/uploads\/2021\/09\/logo-sentinelleSLOGAN-1.png","width":615,"height":142,"caption":"Quotidien La Sentinelle"},"image":{"@id":"https:\/\/lasentinelle.dz\/#\/schema\/logo\/image\/"},"sameAs":["https:\/\/www.facebook.com\/La-Sentinelle-104059864394773"]},{"@type":"Person","@id":"https:\/\/lasentinelle.dz\/#\/schema\/person\/d865044e22e70a75174ce8bcad3acfb3","name":"La Sentinelle","image":{"@type":"ImageObject","inLanguage":"fr-FR","@id":"https:\/\/secure.gravatar.com\/avatar\/57de8e5d4b15d43fb361a71fbb36338450fe67865b528a43dd10ef7c51a20392?s=96&d=mm&r=g","url":"https:\/\/secure.gravatar.com\/avatar\/57de8e5d4b15d43fb361a71fbb36338450fe67865b528a43dd10ef7c51a20392?s=96&d=mm&r=g","contentUrl":"https:\/\/secure.gravatar.com\/avatar\/57de8e5d4b15d43fb361a71fbb36338450fe67865b528a43dd10ef7c51a20392?s=96&d=mm&r=g","caption":"La Sentinelle"},"sameAs":["http:\/\/www.lasentinelle.dz"],"url":"https:\/\/lasentinelle.dz\/author\/redaction\/"}]}},"_links":{"self":[{"href":"https:\/\/lasentinelle.dz\/index.php\/wp-json\/wp\/v2\/posts\/2874","targetHints":{"allow":["GET"]}}],"collection":[{"href":"https:\/\/lasentinelle.dz\/index.php\/wp-json\/wp\/v2\/posts"}],"about":[{"href":"https:\/\/lasentinelle.dz\/index.php\/wp-json\/wp\/v2\/types\/post"}],"author":[{"embeddable":true,"href":"https:\/\/lasentinelle.dz\/index.php\/wp-json\/wp\/v2\/users\/3"}],"replies":[{"embeddable":true,"href":"https:\/\/lasentinelle.dz\/index.php\/wp-json\/wp\/v2\/comments?post=2874"}],"version-history":[{"count":2,"href":"https:\/\/lasentinelle.dz\/index.php\/wp-json\/wp\/v2\/posts\/2874\/revisions"}],"predecessor-version":[{"id":2881,"href":"https:\/\/lasentinelle.dz\/index.php\/wp-json\/wp\/v2\/posts\/2874\/revisions\/2881"}],"wp:featuredmedia":[{"embeddable":true,"href":"https:\/\/lasentinelle.dz\/index.php\/wp-json\/wp\/v2\/media\/2704"}],"wp:attachment":[{"href":"https:\/\/lasentinelle.dz\/index.php\/wp-json\/wp\/v2\/media?parent=2874"}],"wp:term":[{"taxonomy":"category","embeddable":true,"href":"https:\/\/lasentinelle.dz\/index.php\/wp-json\/wp\/v2\/categories?post=2874"},{"taxonomy":"post_tag","embeddable":true,"href":"https:\/\/lasentinelle.dz\/index.php\/wp-json\/wp\/v2\/tags?post=2874"}],"curies":[{"name":"wp","href":"https:\/\/api.w.org\/{rel}","templated":true}]}}