{"id":28796,"date":"2022-10-11T22:00:00","date_gmt":"2022-10-11T21:00:00","guid":{"rendered":"https:\/\/lasentinelle.dz\/?p=28796"},"modified":"2022-10-11T17:04:05","modified_gmt":"2022-10-11T16:04:05","slug":"emigration-clandestine-un-reseau-de-passeur-tombe-a-annaba","status":"publish","type":"post","link":"https:\/\/lasentinelle.dz\/index.php\/2022\/10\/11\/emigration-clandestine-un-reseau-de-passeur-tombe-a-annaba\/","title":{"rendered":"\u00c9migration clandestine\u00a0: Un r\u00e9seau de passeur tombe \u00e0 Annaba"},"content":{"rendered":"\n<p>La brigade de recherches de la Gendarmerie nationale \u00e0 Annaba est parvenue \u00e0 mettre fin \u00e0 l\u2019activit\u00e9 criminelle d\u2019un r\u00e9seau de passeurs, apprend-on de source s\u00e9curitaire. Ce coup de filet est le r\u00e9sultat de l\u2019exploitation d\u2019informations parvenues \u00e0 la Gendarmerie nationale, sur la planification, par un r\u00e9seau tr\u00e8s actif dans la wilaya d\u2019Annaba, d\u2019une sortie en mer de mani\u00e8re clandestine,a fait savoir notre source. Aussit\u00f4t, l&rsquo;\u00e9l\u00e9ment d&rsquo;information a \u00e9t\u00e9 activ\u00e9 et un plan judicieux&nbsp; a \u00e9t\u00e9 \u00e9labor\u00e9 et qui s\u2019est sold\u00e9 par&nbsp; l&rsquo;arrestation de cinq&nbsp; membres&nbsp; du r\u00e9seau en pleine pr\u00e9paration d\u2019une action d\u2019\u00e9migration clandestine, a pr\u00e9cis\u00e9 la m\u00eame source. Au titre de cette op\u00e9ration,&nbsp; un moteur de 40 chevaux de marque Yamaha a \u00e9t\u00e9 saisi de m\u00eame qu\u2019une somme d&rsquo;argent en monnaie nationale et \u00e9trang\u00e8re ainsi qu\u2019un v\u00e9hicule touristique, des t\u00e9l\u00e9phones portables, en plus d\u2019autres \u00e9quipements utilis\u00e9s dans g\u00e9n\u00e9ralement dans les op\u00e9rations d\u2019immigration clandestine, a-t-on ajout\u00e9. Les cinq passeurs originaires des&nbsp; wilayas d\u2019Annaba et El Tarf, sont tr\u00e8s actifs et tr\u00e8s convoit\u00e9s par les pr\u00e9tendants \u00e0 l\u2019\u00e9migration clandestine.&nbsp; Ag\u00e9s de 28 \u00e0 35 ans les marchands de mort font&nbsp; au moment de la mise sous presse objet d\u2019interrogatoire, dans le cadre des proc\u00e9dures judiciaires d\u2019usageet seront traduits aujourd\u2019hui, mercredi, devant les instances de justice comp\u00e9tentes pour&nbsp; le crime de trafic d&rsquo;\u00e9migrants ill\u00e9gaux par voie maritime.&nbsp; Il est \u00e0 souligner qu\u2019apr\u00e8s une relative accalmie, le ph\u00e9nom\u00e8ne de l\u2019immigration clandestine depuis les c\u00f4tes Est du pays, notamment \u00e0 Annaba et El Tarf, reprend de plus belle. Encourag\u00e9s par des passeurs qui ne reculent pas devant la mort, et par les conditions climatiques favorables, les harragas sont pr\u00eats \u00e0 payer de leurs vies, le passage.<\/p>\n\n\n\n<p><strong>S. Chahine&nbsp;<\/strong><\/p>\n","protected":false},"excerpt":{"rendered":"<p>La brigade de recherches de la Gendarmerie nationale \u00e0 Annaba est parvenue \u00e0 mettre fin \u00e0 l\u2019activit\u00e9 criminelle d\u2019un r\u00e9seau<\/p>\n","protected":false},"author":3,"featured_media":28799,"comment_status":"open","ping_status":"closed","sticky":false,"template":"","format":"standard","meta":{"colormag_page_container_layout":"default_layout","colormag_page_sidebar_layout":"default_layout","om_disable_all_campaigns":false,"_monsterinsights_skip_tracking":false,"_monsterinsights_sitenote_active":false,"_monsterinsights_sitenote_note":"","_monsterinsights_sitenote_category":0,"footnotes":"","_wpscppro_dont_share_socialmedia":false,"_wpscppro_custom_social_share_image":0,"_facebook_share_type":"","_twitter_share_type":"","_linkedin_share_type":"","_pinterest_share_type":"","_linkedin_share_type_page":"","_instagram_share_type":"","_medium_share_type":"","_threads_share_type":"","_google_business_share_type":"","_selected_social_profile":[],"_wpsp_enable_custom_social_template":false,"_wpsp_social_scheduling":{"enabled":false,"datetime":null,"platforms":[],"status":"template_only","dateOption":"today","timeOption":"now","customDays":"","customHours":"","customDate":"","customTime":"","schedulingType":"absolute"},"_wpsp_active_default_template":true},"categories":[31],"tags":[],"class_list":["post-28796","post","type-post","status-publish","format-standard","has-post-thumbnail","hentry","category-regions"],"aioseo_notices":[],"yoast_head":"<!-- This site is optimized with the Yoast SEO plugin v27.4 - https:\/\/yoast.com\/product\/yoast-seo-wordpress\/ -->\n<title>\u00c9migration clandestine\u00a0: Un r\u00e9seau de passeur tombe \u00e0 Annaba - La Sentinelle<\/title>\n<meta name=\"robots\" content=\"index, follow, max-snippet:-1, max-image-preview:large, max-video-preview:-1\" \/>\n<link rel=\"canonical\" href=\"https:\/\/lasentinelle.dz\/index.php\/2022\/10\/11\/emigration-clandestine-un-reseau-de-passeur-tombe-a-annaba\/\" \/>\n<meta property=\"og:locale\" content=\"fr_FR\" \/>\n<meta property=\"og:type\" content=\"article\" \/>\n<meta property=\"og:title\" content=\"\u00c9migration clandestine\u00a0: Un r\u00e9seau de passeur tombe \u00e0 Annaba - La Sentinelle\" \/>\n<meta property=\"og:description\" content=\"La brigade de recherches de la Gendarmerie nationale \u00e0 Annaba est parvenue \u00e0 mettre fin \u00e0 l\u2019activit\u00e9 criminelle d\u2019un r\u00e9seau\" \/>\n<meta property=\"og:url\" content=\"https:\/\/lasentinelle.dz\/index.php\/2022\/10\/11\/emigration-clandestine-un-reseau-de-passeur-tombe-a-annaba\/\" \/>\n<meta property=\"og:site_name\" content=\"La Sentinelle\" \/>\n<meta property=\"article:publisher\" content=\"https:\/\/www.facebook.com\/La-Sentinelle-104059864394773\" \/>\n<meta property=\"article:published_time\" content=\"2022-10-11T21:00:00+00:00\" \/>\n<meta property=\"og:image\" content=\"https:\/\/lasentinelle.dz\/wp-content\/uploads\/2022\/10\/image_2022-10-11_170228832.png\" \/>\n\t<meta property=\"og:image:width\" content=\"450\" \/>\n\t<meta property=\"og:image:height\" content=\"250\" \/>\n\t<meta property=\"og:image:type\" content=\"image\/png\" \/>\n<meta name=\"author\" content=\"La Sentinelle\" \/>\n<meta name=\"twitter:card\" content=\"summary_large_image\" \/>\n<meta name=\"twitter:label1\" content=\"\u00c9crit par\" \/>\n\t<meta name=\"twitter:data1\" content=\"La Sentinelle\" \/>\n\t<meta name=\"twitter:label2\" content=\"Dur\u00e9e de lecture estim\u00e9e\" \/>\n\t<meta name=\"twitter:data2\" content=\"2 minutes\" \/>\n<script type=\"application\/ld+json\" class=\"yoast-schema-graph\">{\"@context\":\"https:\\\/\\\/schema.org\",\"@graph\":[{\"@type\":\"Article\",\"@id\":\"https:\\\/\\\/lasentinelle.dz\\\/index.php\\\/2022\\\/10\\\/11\\\/emigration-clandestine-un-reseau-de-passeur-tombe-a-annaba\\\/#article\",\"isPartOf\":{\"@id\":\"https:\\\/\\\/lasentinelle.dz\\\/index.php\\\/2022\\\/10\\\/11\\\/emigration-clandestine-un-reseau-de-passeur-tombe-a-annaba\\\/\"},\"author\":{\"name\":\"La Sentinelle\",\"@id\":\"https:\\\/\\\/lasentinelle.dz\\\/#\\\/schema\\\/person\\\/d865044e22e70a75174ce8bcad3acfb3\"},\"headline\":\"\u00c9migration clandestine\u00a0: Un r\u00e9seau de passeur tombe \u00e0 Annaba\",\"datePublished\":\"2022-10-11T21:00:00+00:00\",\"mainEntityOfPage\":{\"@id\":\"https:\\\/\\\/lasentinelle.dz\\\/index.php\\\/2022\\\/10\\\/11\\\/emigration-clandestine-un-reseau-de-passeur-tombe-a-annaba\\\/\"},\"wordCount\":345,\"commentCount\":0,\"publisher\":{\"@id\":\"https:\\\/\\\/lasentinelle.dz\\\/#organization\"},\"image\":{\"@id\":\"https:\\\/\\\/lasentinelle.dz\\\/index.php\\\/2022\\\/10\\\/11\\\/emigration-clandestine-un-reseau-de-passeur-tombe-a-annaba\\\/#primaryimage\"},\"thumbnailUrl\":\"https:\\\/\\\/lasentinelle.dz\\\/wp-content\\\/uploads\\\/2022\\\/10\\\/image_2022-10-11_170228832.png\",\"articleSection\":[\"R\u00e9gions\"],\"inLanguage\":\"fr-FR\",\"potentialAction\":[{\"@type\":\"CommentAction\",\"name\":\"Comment\",\"target\":[\"https:\\\/\\\/lasentinelle.dz\\\/index.php\\\/2022\\\/10\\\/11\\\/emigration-clandestine-un-reseau-de-passeur-tombe-a-annaba\\\/#respond\"]}]},{\"@type\":\"WebPage\",\"@id\":\"https:\\\/\\\/lasentinelle.dz\\\/index.php\\\/2022\\\/10\\\/11\\\/emigration-clandestine-un-reseau-de-passeur-tombe-a-annaba\\\/\",\"url\":\"https:\\\/\\\/lasentinelle.dz\\\/index.php\\\/2022\\\/10\\\/11\\\/emigration-clandestine-un-reseau-de-passeur-tombe-a-annaba\\\/\",\"name\":\"\u00c9migration clandestine\u00a0: Un r\u00e9seau de passeur tombe \u00e0 Annaba - La Sentinelle\",\"isPartOf\":{\"@id\":\"https:\\\/\\\/lasentinelle.dz\\\/#website\"},\"primaryImageOfPage\":{\"@id\":\"https:\\\/\\\/lasentinelle.dz\\\/index.php\\\/2022\\\/10\\\/11\\\/emigration-clandestine-un-reseau-de-passeur-tombe-a-annaba\\\/#primaryimage\"},\"image\":{\"@id\":\"https:\\\/\\\/lasentinelle.dz\\\/index.php\\\/2022\\\/10\\\/11\\\/emigration-clandestine-un-reseau-de-passeur-tombe-a-annaba\\\/#primaryimage\"},\"thumbnailUrl\":\"https:\\\/\\\/lasentinelle.dz\\\/wp-content\\\/uploads\\\/2022\\\/10\\\/image_2022-10-11_170228832.png\",\"datePublished\":\"2022-10-11T21:00:00+00:00\",\"breadcrumb\":{\"@id\":\"https:\\\/\\\/lasentinelle.dz\\\/index.php\\\/2022\\\/10\\\/11\\\/emigration-clandestine-un-reseau-de-passeur-tombe-a-annaba\\\/#breadcrumb\"},\"inLanguage\":\"fr-FR\",\"potentialAction\":[{\"@type\":\"ReadAction\",\"target\":[\"https:\\\/\\\/lasentinelle.dz\\\/index.php\\\/2022\\\/10\\\/11\\\/emigration-clandestine-un-reseau-de-passeur-tombe-a-annaba\\\/\"]}]},{\"@type\":\"ImageObject\",\"inLanguage\":\"fr-FR\",\"@id\":\"https:\\\/\\\/lasentinelle.dz\\\/index.php\\\/2022\\\/10\\\/11\\\/emigration-clandestine-un-reseau-de-passeur-tombe-a-annaba\\\/#primaryimage\",\"url\":\"https:\\\/\\\/lasentinelle.dz\\\/wp-content\\\/uploads\\\/2022\\\/10\\\/image_2022-10-11_170228832.png\",\"contentUrl\":\"https:\\\/\\\/lasentinelle.dz\\\/wp-content\\\/uploads\\\/2022\\\/10\\\/image_2022-10-11_170228832.png\",\"width\":450,\"height\":250},{\"@type\":\"BreadcrumbList\",\"@id\":\"https:\\\/\\\/lasentinelle.dz\\\/index.php\\\/2022\\\/10\\\/11\\\/emigration-clandestine-un-reseau-de-passeur-tombe-a-annaba\\\/#breadcrumb\",\"itemListElement\":[{\"@type\":\"ListItem\",\"position\":1,\"name\":\"Accueil\",\"item\":\"https:\\\/\\\/lasentinelle.dz\\\/\"},{\"@type\":\"ListItem\",\"position\":2,\"name\":\"\u00c9migration clandestine\u00a0: Un r\u00e9seau de passeur tombe \u00e0 Annaba\"}]},{\"@type\":\"WebSite\",\"@id\":\"https:\\\/\\\/lasentinelle.dz\\\/#website\",\"url\":\"https:\\\/\\\/lasentinelle.dz\\\/\",\"name\":\"La Sentinelle\",\"description\":\"Quotidien national d&#039;information\",\"publisher\":{\"@id\":\"https:\\\/\\\/lasentinelle.dz\\\/#organization\"},\"potentialAction\":[{\"@type\":\"SearchAction\",\"target\":{\"@type\":\"EntryPoint\",\"urlTemplate\":\"https:\\\/\\\/lasentinelle.dz\\\/?s={search_term_string}\"},\"query-input\":{\"@type\":\"PropertyValueSpecification\",\"valueRequired\":true,\"valueName\":\"search_term_string\"}}],\"inLanguage\":\"fr-FR\"},{\"@type\":\"Organization\",\"@id\":\"https:\\\/\\\/lasentinelle.dz\\\/#organization\",\"name\":\"Quotidien La Sentinelle\",\"url\":\"https:\\\/\\\/lasentinelle.dz\\\/\",\"logo\":{\"@type\":\"ImageObject\",\"inLanguage\":\"fr-FR\",\"@id\":\"https:\\\/\\\/lasentinelle.dz\\\/#\\\/schema\\\/logo\\\/image\\\/\",\"url\":\"https:\\\/\\\/lasentinelle.dz\\\/wp-content\\\/uploads\\\/2021\\\/09\\\/logo-sentinelleSLOGAN-1.png\",\"contentUrl\":\"https:\\\/\\\/lasentinelle.dz\\\/wp-content\\\/uploads\\\/2021\\\/09\\\/logo-sentinelleSLOGAN-1.png\",\"width\":615,\"height\":142,\"caption\":\"Quotidien La Sentinelle\"},\"image\":{\"@id\":\"https:\\\/\\\/lasentinelle.dz\\\/#\\\/schema\\\/logo\\\/image\\\/\"},\"sameAs\":[\"https:\\\/\\\/www.facebook.com\\\/La-Sentinelle-104059864394773\"]},{\"@type\":\"Person\",\"@id\":\"https:\\\/\\\/lasentinelle.dz\\\/#\\\/schema\\\/person\\\/d865044e22e70a75174ce8bcad3acfb3\",\"name\":\"La Sentinelle\",\"image\":{\"@type\":\"ImageObject\",\"inLanguage\":\"fr-FR\",\"@id\":\"https:\\\/\\\/secure.gravatar.com\\\/avatar\\\/57de8e5d4b15d43fb361a71fbb36338450fe67865b528a43dd10ef7c51a20392?s=96&d=mm&r=g\",\"url\":\"https:\\\/\\\/secure.gravatar.com\\\/avatar\\\/57de8e5d4b15d43fb361a71fbb36338450fe67865b528a43dd10ef7c51a20392?s=96&d=mm&r=g\",\"contentUrl\":\"https:\\\/\\\/secure.gravatar.com\\\/avatar\\\/57de8e5d4b15d43fb361a71fbb36338450fe67865b528a43dd10ef7c51a20392?s=96&d=mm&r=g\",\"caption\":\"La Sentinelle\"},\"sameAs\":[\"http:\\\/\\\/www.lasentinelle.dz\"],\"url\":\"https:\\\/\\\/lasentinelle.dz\\\/author\\\/redaction\\\/\"}]}<\/script>\n<!-- \/ Yoast SEO plugin. -->","yoast_head_json":{"title":"\u00c9migration clandestine\u00a0: Un r\u00e9seau de passeur tombe \u00e0 Annaba - La Sentinelle","robots":{"index":"index","follow":"follow","max-snippet":"max-snippet:-1","max-image-preview":"max-image-preview:large","max-video-preview":"max-video-preview:-1"},"canonical":"https:\/\/lasentinelle.dz\/index.php\/2022\/10\/11\/emigration-clandestine-un-reseau-de-passeur-tombe-a-annaba\/","og_locale":"fr_FR","og_type":"article","og_title":"\u00c9migration clandestine\u00a0: Un r\u00e9seau de passeur tombe \u00e0 Annaba - La Sentinelle","og_description":"La brigade de recherches de la Gendarmerie nationale \u00e0 Annaba est parvenue \u00e0 mettre fin \u00e0 l\u2019activit\u00e9 criminelle d\u2019un r\u00e9seau","og_url":"https:\/\/lasentinelle.dz\/index.php\/2022\/10\/11\/emigration-clandestine-un-reseau-de-passeur-tombe-a-annaba\/","og_site_name":"La Sentinelle","article_publisher":"https:\/\/www.facebook.com\/La-Sentinelle-104059864394773","article_published_time":"2022-10-11T21:00:00+00:00","og_image":[{"width":450,"height":250,"url":"https:\/\/lasentinelle.dz\/wp-content\/uploads\/2022\/10\/image_2022-10-11_170228832.png","type":"image\/png"}],"author":"La Sentinelle","twitter_card":"summary_large_image","twitter_misc":{"\u00c9crit par":"La Sentinelle","Dur\u00e9e de lecture estim\u00e9e":"2 minutes"},"schema":{"@context":"https:\/\/schema.org","@graph":[{"@type":"Article","@id":"https:\/\/lasentinelle.dz\/index.php\/2022\/10\/11\/emigration-clandestine-un-reseau-de-passeur-tombe-a-annaba\/#article","isPartOf":{"@id":"https:\/\/lasentinelle.dz\/index.php\/2022\/10\/11\/emigration-clandestine-un-reseau-de-passeur-tombe-a-annaba\/"},"author":{"name":"La Sentinelle","@id":"https:\/\/lasentinelle.dz\/#\/schema\/person\/d865044e22e70a75174ce8bcad3acfb3"},"headline":"\u00c9migration clandestine\u00a0: Un r\u00e9seau de passeur tombe \u00e0 Annaba","datePublished":"2022-10-11T21:00:00+00:00","mainEntityOfPage":{"@id":"https:\/\/lasentinelle.dz\/index.php\/2022\/10\/11\/emigration-clandestine-un-reseau-de-passeur-tombe-a-annaba\/"},"wordCount":345,"commentCount":0,"publisher":{"@id":"https:\/\/lasentinelle.dz\/#organization"},"image":{"@id":"https:\/\/lasentinelle.dz\/index.php\/2022\/10\/11\/emigration-clandestine-un-reseau-de-passeur-tombe-a-annaba\/#primaryimage"},"thumbnailUrl":"https:\/\/lasentinelle.dz\/wp-content\/uploads\/2022\/10\/image_2022-10-11_170228832.png","articleSection":["R\u00e9gions"],"inLanguage":"fr-FR","potentialAction":[{"@type":"CommentAction","name":"Comment","target":["https:\/\/lasentinelle.dz\/index.php\/2022\/10\/11\/emigration-clandestine-un-reseau-de-passeur-tombe-a-annaba\/#respond"]}]},{"@type":"WebPage","@id":"https:\/\/lasentinelle.dz\/index.php\/2022\/10\/11\/emigration-clandestine-un-reseau-de-passeur-tombe-a-annaba\/","url":"https:\/\/lasentinelle.dz\/index.php\/2022\/10\/11\/emigration-clandestine-un-reseau-de-passeur-tombe-a-annaba\/","name":"\u00c9migration clandestine\u00a0: Un r\u00e9seau de passeur tombe \u00e0 Annaba - La Sentinelle","isPartOf":{"@id":"https:\/\/lasentinelle.dz\/#website"},"primaryImageOfPage":{"@id":"https:\/\/lasentinelle.dz\/index.php\/2022\/10\/11\/emigration-clandestine-un-reseau-de-passeur-tombe-a-annaba\/#primaryimage"},"image":{"@id":"https:\/\/lasentinelle.dz\/index.php\/2022\/10\/11\/emigration-clandestine-un-reseau-de-passeur-tombe-a-annaba\/#primaryimage"},"thumbnailUrl":"https:\/\/lasentinelle.dz\/wp-content\/uploads\/2022\/10\/image_2022-10-11_170228832.png","datePublished":"2022-10-11T21:00:00+00:00","breadcrumb":{"@id":"https:\/\/lasentinelle.dz\/index.php\/2022\/10\/11\/emigration-clandestine-un-reseau-de-passeur-tombe-a-annaba\/#breadcrumb"},"inLanguage":"fr-FR","potentialAction":[{"@type":"ReadAction","target":["https:\/\/lasentinelle.dz\/index.php\/2022\/10\/11\/emigration-clandestine-un-reseau-de-passeur-tombe-a-annaba\/"]}]},{"@type":"ImageObject","inLanguage":"fr-FR","@id":"https:\/\/lasentinelle.dz\/index.php\/2022\/10\/11\/emigration-clandestine-un-reseau-de-passeur-tombe-a-annaba\/#primaryimage","url":"https:\/\/lasentinelle.dz\/wp-content\/uploads\/2022\/10\/image_2022-10-11_170228832.png","contentUrl":"https:\/\/lasentinelle.dz\/wp-content\/uploads\/2022\/10\/image_2022-10-11_170228832.png","width":450,"height":250},{"@type":"BreadcrumbList","@id":"https:\/\/lasentinelle.dz\/index.php\/2022\/10\/11\/emigration-clandestine-un-reseau-de-passeur-tombe-a-annaba\/#breadcrumb","itemListElement":[{"@type":"ListItem","position":1,"name":"Accueil","item":"https:\/\/lasentinelle.dz\/"},{"@type":"ListItem","position":2,"name":"\u00c9migration clandestine\u00a0: Un r\u00e9seau de passeur tombe \u00e0 Annaba"}]},{"@type":"WebSite","@id":"https:\/\/lasentinelle.dz\/#website","url":"https:\/\/lasentinelle.dz\/","name":"La Sentinelle","description":"Quotidien national d&#039;information","publisher":{"@id":"https:\/\/lasentinelle.dz\/#organization"},"potentialAction":[{"@type":"SearchAction","target":{"@type":"EntryPoint","urlTemplate":"https:\/\/lasentinelle.dz\/?s={search_term_string}"},"query-input":{"@type":"PropertyValueSpecification","valueRequired":true,"valueName":"search_term_string"}}],"inLanguage":"fr-FR"},{"@type":"Organization","@id":"https:\/\/lasentinelle.dz\/#organization","name":"Quotidien La Sentinelle","url":"https:\/\/lasentinelle.dz\/","logo":{"@type":"ImageObject","inLanguage":"fr-FR","@id":"https:\/\/lasentinelle.dz\/#\/schema\/logo\/image\/","url":"https:\/\/lasentinelle.dz\/wp-content\/uploads\/2021\/09\/logo-sentinelleSLOGAN-1.png","contentUrl":"https:\/\/lasentinelle.dz\/wp-content\/uploads\/2021\/09\/logo-sentinelleSLOGAN-1.png","width":615,"height":142,"caption":"Quotidien La Sentinelle"},"image":{"@id":"https:\/\/lasentinelle.dz\/#\/schema\/logo\/image\/"},"sameAs":["https:\/\/www.facebook.com\/La-Sentinelle-104059864394773"]},{"@type":"Person","@id":"https:\/\/lasentinelle.dz\/#\/schema\/person\/d865044e22e70a75174ce8bcad3acfb3","name":"La Sentinelle","image":{"@type":"ImageObject","inLanguage":"fr-FR","@id":"https:\/\/secure.gravatar.com\/avatar\/57de8e5d4b15d43fb361a71fbb36338450fe67865b528a43dd10ef7c51a20392?s=96&d=mm&r=g","url":"https:\/\/secure.gravatar.com\/avatar\/57de8e5d4b15d43fb361a71fbb36338450fe67865b528a43dd10ef7c51a20392?s=96&d=mm&r=g","contentUrl":"https:\/\/secure.gravatar.com\/avatar\/57de8e5d4b15d43fb361a71fbb36338450fe67865b528a43dd10ef7c51a20392?s=96&d=mm&r=g","caption":"La Sentinelle"},"sameAs":["http:\/\/www.lasentinelle.dz"],"url":"https:\/\/lasentinelle.dz\/author\/redaction\/"}]}},"_links":{"self":[{"href":"https:\/\/lasentinelle.dz\/index.php\/wp-json\/wp\/v2\/posts\/28796","targetHints":{"allow":["GET"]}}],"collection":[{"href":"https:\/\/lasentinelle.dz\/index.php\/wp-json\/wp\/v2\/posts"}],"about":[{"href":"https:\/\/lasentinelle.dz\/index.php\/wp-json\/wp\/v2\/types\/post"}],"author":[{"embeddable":true,"href":"https:\/\/lasentinelle.dz\/index.php\/wp-json\/wp\/v2\/users\/3"}],"replies":[{"embeddable":true,"href":"https:\/\/lasentinelle.dz\/index.php\/wp-json\/wp\/v2\/comments?post=28796"}],"version-history":[{"count":1,"href":"https:\/\/lasentinelle.dz\/index.php\/wp-json\/wp\/v2\/posts\/28796\/revisions"}],"predecessor-version":[{"id":28802,"href":"https:\/\/lasentinelle.dz\/index.php\/wp-json\/wp\/v2\/posts\/28796\/revisions\/28802"}],"wp:featuredmedia":[{"embeddable":true,"href":"https:\/\/lasentinelle.dz\/index.php\/wp-json\/wp\/v2\/media\/28799"}],"wp:attachment":[{"href":"https:\/\/lasentinelle.dz\/index.php\/wp-json\/wp\/v2\/media?parent=28796"}],"wp:term":[{"taxonomy":"category","embeddable":true,"href":"https:\/\/lasentinelle.dz\/index.php\/wp-json\/wp\/v2\/categories?post=28796"},{"taxonomy":"post_tag","embeddable":true,"href":"https:\/\/lasentinelle.dz\/index.php\/wp-json\/wp\/v2\/tags?post=28796"}],"curies":[{"name":"wp","href":"https:\/\/api.w.org\/{rel}","templated":true}]}}