{"id":2882,"date":"2021-07-31T00:02:00","date_gmt":"2021-07-30T23:02:00","guid":{"rendered":"https:\/\/lasentinelle.dz\/?p=2882"},"modified":"2021-07-30T18:47:35","modified_gmt":"2021-07-30T17:47:35","slug":"situation-epidemiologique-ne-pas-ceder-a-la-panique","status":"publish","type":"post","link":"https:\/\/lasentinelle.dz\/index.php\/2021\/07\/31\/situation-epidemiologique-ne-pas-ceder-a-la-panique\/","title":{"rendered":"Ne pas c\u00e9der \u00e0 la panique\u00a0!"},"content":{"rendered":"\n<p>La situation \u00e9pid\u00e9miologique est inqui\u00e9tante. Les cas de contamination au coronavirus se multiplient, sur fond de propagation du variant Delta. Les structures sanitaires sont prises d\u2019assaut et des tensions se font sentir sur l\u2019approvisionnement en oxyg\u00e8ne n\u00e9cessaire au traitement des patients en d\u00e9tresse respiratoire. Cela a suscit\u00e9 un vent de panique au sein des populations, aliment\u00e9 par la rumeur et l\u2019intox. Ce qui fait le lit des sp\u00e9culateurs et des marchands de mort.<br>Dans ce sens, le Premier ministre, A\u00efmen Benabderrahmane a annonc\u00e9 jeudi soir des mesures d\u2019urgences pour parer au manque d\u2019oxyg\u00e8ne afin de rassurer la population. Il a surtout tenu \u00e0 appeler les citoyens \u00e0 ne point c\u00e9der \u00e0 la panique et \u00e0 se laisser pi\u00e9ger par l\u2019intox distill\u00e9e \u00e0 travers les r\u00e9seaux sociaux. Ainsi et au registre des mesures prises pour garantir la disponibilit\u00e9 des \u00e9quipements n\u00e9cessaires \u00e0 l\u2019oxyg\u00e9noth\u00e9rapie, le Premier ministre et ministre des Finances, A\u00efmene Benabderrahmane a expliqu\u00e9 que \u00ab&nbsp;la hausse brusque de la demande d\u2019oxyg\u00e8ne a amen\u00e9 \u00e0 prendre des d\u00e9cisions et des mesures pour venir en appui \u00e0 une production nationale estim\u00e9e \u00e0 quelques 400.000 litres par jour. Il s\u2019agit, entre autres, du recours \u00e0 \u00ab&nbsp;l\u2019importation de 15.000 concentrateurs d\u2019oxyg\u00e8ne, dont 1.050 d\u00e9j\u00e0 r\u00e9ceptionn\u00e9s, et 750 autres nous parviendront demain vendredi (hier, NDLR)&nbsp;\u00bb, mais \u00e9galement de l\u2019acquisition de \u00ab&nbsp;2.250 concentrateurs entre les 3 et 5 ao\u00fbt prochain, tandis que d\u2019autres cargaisons seront re\u00e7ues par lots \u00e0 compter du 10 ao\u00fbt&nbsp;\u00bb.<br>Toujours dans l\u2019optique de poursuivre l\u2019effort de satisfaire la demande nationale dans les plus br\u00e8fs d\u00e9lais, A\u00efmene Benabderrahmane a indiqu\u00e9 que l\u2019Alg\u00e9rie a pass\u00e9 une commande pour l\u2019acquisition de quelques \u00ab&nbsp;10 unit\u00e9s de production d\u2019oxyg\u00e8ne d\u2019une capacit\u00e9 de 20.000 et 40.000 litres\/jour et les r\u00e9partir sur les grands \u00e9tablissements hospitaliers&nbsp;\u00bb, ce qui permettra, explique-t-il, \u00ab&nbsp;d\u2019att\u00e9nuer la pression qui pr\u00e9vaut actuellement au sein des h\u00f4pitaux&nbsp;\u00bb. Il s\u2019agit aussi de l\u2019importation en toute urgence de \u00ab&nbsp;plus de 160.000 litres d\u2019oxyg\u00e8ne, en sus d\u2019autres quantit\u00e9s&nbsp;\u00bb.<br>Une s\u00e9rie de mesures attendue<br>Dans l\u2019\u2019optique de rendre fluides les op\u00e9rations de prise en charge des patients, le Premier ministre a annonc\u00e9 une autre s\u00e9rie de mesures \u00e0 l\u2019instar de l\u2019affectation des structures h\u00f4teli\u00e8res aux patients afin de mieux les prendre en charge et de leur fournir les quantit\u00e9s d\u2019oxyg\u00e8ne n\u00e9cessaires, tout en soulignant que \u00ab&nbsp;l\u2019immensit\u00e9 du territoire national n\u00e9cessite la mise en place des m\u00e9canismes permettant de r\u00e9pondre \u00e0 tous les besoins en temps opportun, et c\u2019est ce que nous avons fait \u00e0 travers la cr\u00e9ation d\u2019une cellule de crise au niveau du Premier minist\u00e8re, qui a g\u00e9r\u00e9 cette phase de mani\u00e8re efficace et efficiente, en sus d\u2019une cellule op\u00e9rationnelle qui a commenc\u00e9 son travail mercredi, dans le but de r\u00e9pondre op\u00e9rationnellement \u00e0 tous les besoins au niveau des centres hospitaliers&nbsp;\u00bb. Il est utile de noter que le Premier minist\u00e8re a pr\u00e9cis\u00e9 hier, dans un communiqu\u00e9 que la production journali\u00e8re nationale d\u2019oxyg\u00e8ne et gaz m\u00e9dicaux, atteint une moyenne de 400.000 litres livr\u00e9s aux \u00e9tablissements hospitaliers. Pour ce qui est de l\u2019\u00e9volution de la production journali\u00e8re d\u2019oxyg\u00e8ne m\u00e9dical en litres, le Premier minist\u00e8re explique que 5 op\u00e9rateurs sont agr\u00e9\u00e9s par le minist\u00e8re de l\u2019Industrie pharmaceutique, \u00e0 savoir Linde Gaz, Calgaz, Sidal, Aures Gaz Et Sarl Gaz Industriel, avec une capacit\u00e9 globale install\u00e9e est de 340.000 litres\/jour, alors que la production journali\u00e8re effective est d\u2019environ 300.000 litres\/jour. En sus, 3 producteurs d\u2019oxyg\u00e8ne industriel convertible en oxyg\u00e8ne m\u00e9dical relevant du domaine sid\u00e9rurgique ont \u00e9galement contribu\u00e9 \u00e0 fournir l\u2019oxyg\u00e8ne, \u00e0 savoir Tosyali-Oran, AQS -Jijel Et Sider-Annaba. Ces 3 op\u00e9rateurs ont fourni une production moyenne de 95.000 litres\/jour. Pour les concentrateurs, un total de 15.050 concentrateurs dont, 1.050 concentrateurs ont \u00e9t\u00e9 acquis le 25 juillet 2021, tandis que 750 concentrateurs sont pr\u00e9vus pour demain et 2.250 concentrateurs entre le 3 et le 5 ao\u00fbt 2021 prochain \u00e0 partir d\u2019un don du PNUD. La m\u00eame source a aussi soulign\u00e9 une commande lanc\u00e9e pour l\u2019acquisition 5.000 concentrateurs, ainsi que les autorisations accord\u00e9es aux op\u00e9rateurs priv\u00e9s pour l\u2019acquisition de 6.000 concentrateurs. S\u2019ajoute \u00e0 cela, la lev\u00e9e de toute contrainte administrative pour l\u2019importation de concentrateurs par les particuliers. S\u2019agissant des g\u00e9n\u00e9rateurs d\u2019oxyg\u00e8ne, la m\u00eame source a rappel\u00e9 qu\u2019une op\u00e9ration a \u00e9t\u00e9 lanc\u00e9e pour la dotation des h\u00f4pitaux de g\u00e9n\u00e9rateurs d\u2019oxyg\u00e8ne, ainsi que les autorisations accord\u00e9es aux op\u00e9rateurs priv\u00e9s pour l\u2019acquisition de g\u00e9n\u00e9rateurs d\u2019oxyg\u00e8ne. Pour l\u2019importation de l\u2019oxyg\u00e8ne, trois citernes cryog\u00e9niques d\u2019une capacit\u00e9 de 60.000 litres liquide, ainsi que 10 unit\u00e9s mobiles g\u00e9n\u00e9rateurs d\u2019oxyg\u00e8ne d\u2019une capacit\u00e9 de 20.000 \u00e0 40.000 litres jour \u00absont en cours d\u2019acquisition\u00bb r\u00e9v\u00e8le la m\u00eame source.<br>3,5 millions d\u2019Alg\u00e9riens vaccin\u00e9s<br>Sur le registre de la vaccination, A\u00efmene Benabderrahmane a indiqu\u00e9 jeudi soir que \u00ab&nbsp;plus de 9 millions de vaccins ont \u00e9t\u00e9 import\u00e9s, en plus de la r\u00e9ception en ao\u00fbt de 9,2 millions de doses suppl\u00e9mentaires, en sus de 5 millions d\u2019autres qui arriveront en septembre&nbsp;\u00bb, en attendant l\u2019entr\u00e9e en production d\u2019une unit\u00e9 de production de vaccins \u00e0 Constantine, d\u00e8s la mi-septembre, avec une capacit\u00e9 de production de 2,5 millions de doses. Notons \u00e0 ce sujet que le bilan du Premier minist\u00e8re publi\u00e9 hier que pr\u00e8s de 3,5 millions de personnes ont \u00e9t\u00e9 vaccin\u00e9es en Alg\u00e9rie depuis l\u2019entame de l\u2019op\u00e9ration de vaccination. \u00abUn total de 3.421.279 personnes vaccin\u00e9es, dont, 2.696.467 personnes ont re\u00e7u la premi\u00e8re dose de vaccin, tandis que 724.812 personnes ont re\u00e7u la deuxi\u00e8me dose de vaccin\u00bb, a pr\u00e9cis\u00e9 la m\u00eame source. S\u2019agissant de la progression de l\u2019op\u00e9ration de vaccination, la m\u00eame source affirme qu\u2019au 26 du mois de juillet courant 211.186 personnes ont \u00e9t\u00e9 vaccin\u00e9es, 246.676 personnes le 27 du m\u00eame mois et 214.866 personnes pour la journ\u00e9e du 28 juillet. A propos de l\u2019acquisition des doses de vaccins, les services du Premier minist\u00e8re indiquent qu\u2019un total de 9.273.200 doses ont \u00e9t\u00e9 acquises \u00e0 fin juillet 2021, alors que les pr\u00e9visions pour le mois d\u2019ao\u00fbt sont arr\u00eat\u00e9es \u00e0 8.200.000 doses du vaccin Sinovac pour le 30 juillet 2021, 758.000 doses d\u2019Astra Zeneca (dans le cadre Covax) et 650.000 doses de Sputnik V. Pour ce qui est du mois de septembre 2021, la m\u00eame source affirme qu\u2019il est pr\u00e9vu l\u2019acquisition de 5.000.000 doses du vaccin Sinovac, en attendant le lancement de la production nationale de ce vaccin chinois pr\u00e9vue au mois de septembre prochain avec une quantit\u00e9 mensuelle de 2.500.000 doses. Des donn\u00e9es destin\u00e9es \u00e0 faire toute la lumi\u00e8re sur les op\u00e9rations en cours et les mesures prises afin de parer \u00e0 la crise sanitaire, en toute transparence. Il s\u2019agit \u00e9galement de faire face \u00e0 toute l\u2019intox destin\u00e9e \u00e0 alimenter le sentiment de peur et de d\u00e9sespoir au sein de la population. \u00c0 ce propos, le Premier ministre a lanc\u00e9 un appel aux citoyens afin de \u00abrespecter les mesures de pr\u00e9vention et \u00e0 aller se faire vacciner, tout en faisant montre du plus haut degr\u00e9 de conscience et en \u00e9vitant les \u00e9tats de panique que certains r\u00e9seaux sociaux tentent de semer en diffusant des informations fausses et sans fondement\u00bb qu\u2019il a qualifi\u00e9es \u00abd\u2019exploitation des patients et de leurs familles\u00bb.<br>Ali Amor<\/p>\n","protected":false},"excerpt":{"rendered":"<p>La situation \u00e9pid\u00e9miologique est inqui\u00e9tante. Les cas de contamination au coronavirus se multiplient, sur fond de propagation du variant Delta.<\/p>\n","protected":false},"author":3,"featured_media":2884,"comment_status":"open","ping_status":"closed","sticky":false,"template":"","format":"standard","meta":{"colormag_page_container_layout":"default_layout","colormag_page_sidebar_layout":"default_layout","om_disable_all_campaigns":false,"_monsterinsights_skip_tracking":false,"_monsterinsights_sitenote_active":false,"_monsterinsights_sitenote_note":"","_monsterinsights_sitenote_category":0,"footnotes":"","_wpscppro_dont_share_socialmedia":false,"_wpscppro_custom_social_share_image":0,"_facebook_share_type":"","_twitter_share_type":"","_linkedin_share_type":"","_pinterest_share_type":"","_linkedin_share_type_page":"","_instagram_share_type":"","_medium_share_type":"","_threads_share_type":"","_google_business_share_type":"","_selected_social_profile":[],"_wpsp_enable_custom_social_template":false,"_wpsp_social_scheduling":{"enabled":false,"datetime":null,"platforms":[],"status":"template_only","dateOption":"today","timeOption":"now","customDays":"","customHours":"","customDate":"","customTime":"","schedulingType":"absolute"},"_wpsp_active_default_template":true},"categories":[52,27],"tags":[],"class_list":["post-2882","post","type-post","status-publish","format-standard","has-post-thumbnail","hentry","category-a-la-une","category-actualite"],"aioseo_notices":[],"yoast_head":"<!-- This site is optimized with the Yoast SEO plugin v27.5 - https:\/\/yoast.com\/product\/yoast-seo-wordpress\/ -->\n<title>Ne pas c\u00e9der \u00e0 la panique\u00a0! - La Sentinelle<\/title>\n<meta name=\"robots\" content=\"index, follow, max-snippet:-1, max-image-preview:large, max-video-preview:-1\" \/>\n<link rel=\"canonical\" href=\"https:\/\/lasentinelle.dz\/index.php\/2021\/07\/31\/situation-epidemiologique-ne-pas-ceder-a-la-panique\/\" \/>\n<meta property=\"og:locale\" content=\"fr_FR\" \/>\n<meta property=\"og:type\" content=\"article\" \/>\n<meta property=\"og:title\" content=\"Ne pas c\u00e9der \u00e0 la panique\u00a0! - La Sentinelle\" \/>\n<meta property=\"og:description\" content=\"La situation \u00e9pid\u00e9miologique est inqui\u00e9tante. Les cas de contamination au coronavirus se multiplient, sur fond de propagation du variant Delta.\" \/>\n<meta property=\"og:url\" content=\"https:\/\/lasentinelle.dz\/index.php\/2021\/07\/31\/situation-epidemiologique-ne-pas-ceder-a-la-panique\/\" \/>\n<meta property=\"og:site_name\" content=\"La Sentinelle\" \/>\n<meta property=\"article:publisher\" content=\"https:\/\/www.facebook.com\/La-Sentinelle-104059864394773\" \/>\n<meta property=\"article:published_time\" content=\"2021-07-30T23:02:00+00:00\" \/>\n<meta property=\"og:image\" content=\"https:\/\/lasentinelle.dz\/wp-content\/uploads\/2021\/07\/panique.png\" \/>\n\t<meta property=\"og:image:width\" content=\"1350\" \/>\n\t<meta property=\"og:image:height\" content=\"900\" \/>\n\t<meta property=\"og:image:type\" content=\"image\/png\" \/>\n<meta name=\"author\" content=\"La Sentinelle\" \/>\n<meta name=\"twitter:card\" content=\"summary_large_image\" \/>\n<meta name=\"twitter:label1\" content=\"\u00c9crit par\" \/>\n\t<meta name=\"twitter:data1\" content=\"La Sentinelle\" \/>\n\t<meta name=\"twitter:label2\" content=\"Dur\u00e9e de lecture estim\u00e9e\" \/>\n\t<meta name=\"twitter:data2\" content=\"6 minutes\" \/>\n<script type=\"application\/ld+json\" class=\"yoast-schema-graph\">{\"@context\":\"https:\\\/\\\/schema.org\",\"@graph\":[{\"@type\":\"Article\",\"@id\":\"https:\\\/\\\/lasentinelle.dz\\\/index.php\\\/2021\\\/07\\\/31\\\/situation-epidemiologique-ne-pas-ceder-a-la-panique\\\/#article\",\"isPartOf\":{\"@id\":\"https:\\\/\\\/lasentinelle.dz\\\/index.php\\\/2021\\\/07\\\/31\\\/situation-epidemiologique-ne-pas-ceder-a-la-panique\\\/\"},\"author\":{\"name\":\"La Sentinelle\",\"@id\":\"https:\\\/\\\/lasentinelle.dz\\\/#\\\/schema\\\/person\\\/d865044e22e70a75174ce8bcad3acfb3\"},\"headline\":\"Ne pas c\u00e9der \u00e0 la panique\u00a0!\",\"datePublished\":\"2021-07-30T23:02:00+00:00\",\"mainEntityOfPage\":{\"@id\":\"https:\\\/\\\/lasentinelle.dz\\\/index.php\\\/2021\\\/07\\\/31\\\/situation-epidemiologique-ne-pas-ceder-a-la-panique\\\/\"},\"wordCount\":1308,\"commentCount\":0,\"publisher\":{\"@id\":\"https:\\\/\\\/lasentinelle.dz\\\/#organization\"},\"image\":{\"@id\":\"https:\\\/\\\/lasentinelle.dz\\\/index.php\\\/2021\\\/07\\\/31\\\/situation-epidemiologique-ne-pas-ceder-a-la-panique\\\/#primaryimage\"},\"thumbnailUrl\":\"https:\\\/\\\/lasentinelle.dz\\\/wp-content\\\/uploads\\\/2021\\\/07\\\/panique.png\",\"articleSection\":[\"\u00c0 la Une\",\"Actualit\u00e9\"],\"inLanguage\":\"fr-FR\",\"potentialAction\":[{\"@type\":\"CommentAction\",\"name\":\"Comment\",\"target\":[\"https:\\\/\\\/lasentinelle.dz\\\/index.php\\\/2021\\\/07\\\/31\\\/situation-epidemiologique-ne-pas-ceder-a-la-panique\\\/#respond\"]}]},{\"@type\":\"WebPage\",\"@id\":\"https:\\\/\\\/lasentinelle.dz\\\/index.php\\\/2021\\\/07\\\/31\\\/situation-epidemiologique-ne-pas-ceder-a-la-panique\\\/\",\"url\":\"https:\\\/\\\/lasentinelle.dz\\\/index.php\\\/2021\\\/07\\\/31\\\/situation-epidemiologique-ne-pas-ceder-a-la-panique\\\/\",\"name\":\"Ne pas c\u00e9der \u00e0 la panique\u00a0! - La Sentinelle\",\"isPartOf\":{\"@id\":\"https:\\\/\\\/lasentinelle.dz\\\/#website\"},\"primaryImageOfPage\":{\"@id\":\"https:\\\/\\\/lasentinelle.dz\\\/index.php\\\/2021\\\/07\\\/31\\\/situation-epidemiologique-ne-pas-ceder-a-la-panique\\\/#primaryimage\"},\"image\":{\"@id\":\"https:\\\/\\\/lasentinelle.dz\\\/index.php\\\/2021\\\/07\\\/31\\\/situation-epidemiologique-ne-pas-ceder-a-la-panique\\\/#primaryimage\"},\"thumbnailUrl\":\"https:\\\/\\\/lasentinelle.dz\\\/wp-content\\\/uploads\\\/2021\\\/07\\\/panique.png\",\"datePublished\":\"2021-07-30T23:02:00+00:00\",\"breadcrumb\":{\"@id\":\"https:\\\/\\\/lasentinelle.dz\\\/index.php\\\/2021\\\/07\\\/31\\\/situation-epidemiologique-ne-pas-ceder-a-la-panique\\\/#breadcrumb\"},\"inLanguage\":\"fr-FR\",\"potentialAction\":[{\"@type\":\"ReadAction\",\"target\":[\"https:\\\/\\\/lasentinelle.dz\\\/index.php\\\/2021\\\/07\\\/31\\\/situation-epidemiologique-ne-pas-ceder-a-la-panique\\\/\"]}]},{\"@type\":\"ImageObject\",\"inLanguage\":\"fr-FR\",\"@id\":\"https:\\\/\\\/lasentinelle.dz\\\/index.php\\\/2021\\\/07\\\/31\\\/situation-epidemiologique-ne-pas-ceder-a-la-panique\\\/#primaryimage\",\"url\":\"https:\\\/\\\/lasentinelle.dz\\\/wp-content\\\/uploads\\\/2021\\\/07\\\/panique.png\",\"contentUrl\":\"https:\\\/\\\/lasentinelle.dz\\\/wp-content\\\/uploads\\\/2021\\\/07\\\/panique.png\",\"width\":1350,\"height\":900},{\"@type\":\"BreadcrumbList\",\"@id\":\"https:\\\/\\\/lasentinelle.dz\\\/index.php\\\/2021\\\/07\\\/31\\\/situation-epidemiologique-ne-pas-ceder-a-la-panique\\\/#breadcrumb\",\"itemListElement\":[{\"@type\":\"ListItem\",\"position\":1,\"name\":\"Accueil\",\"item\":\"https:\\\/\\\/lasentinelle.dz\\\/\"},{\"@type\":\"ListItem\",\"position\":2,\"name\":\"Ne pas c\u00e9der \u00e0 la panique\u00a0!\"}]},{\"@type\":\"WebSite\",\"@id\":\"https:\\\/\\\/lasentinelle.dz\\\/#website\",\"url\":\"https:\\\/\\\/lasentinelle.dz\\\/\",\"name\":\"La Sentinelle\",\"description\":\"Quotidien national d&#039;information\",\"publisher\":{\"@id\":\"https:\\\/\\\/lasentinelle.dz\\\/#organization\"},\"potentialAction\":[{\"@type\":\"SearchAction\",\"target\":{\"@type\":\"EntryPoint\",\"urlTemplate\":\"https:\\\/\\\/lasentinelle.dz\\\/?s={search_term_string}\"},\"query-input\":{\"@type\":\"PropertyValueSpecification\",\"valueRequired\":true,\"valueName\":\"search_term_string\"}}],\"inLanguage\":\"fr-FR\"},{\"@type\":\"Organization\",\"@id\":\"https:\\\/\\\/lasentinelle.dz\\\/#organization\",\"name\":\"Quotidien La Sentinelle\",\"url\":\"https:\\\/\\\/lasentinelle.dz\\\/\",\"logo\":{\"@type\":\"ImageObject\",\"inLanguage\":\"fr-FR\",\"@id\":\"https:\\\/\\\/lasentinelle.dz\\\/#\\\/schema\\\/logo\\\/image\\\/\",\"url\":\"https:\\\/\\\/lasentinelle.dz\\\/wp-content\\\/uploads\\\/2021\\\/09\\\/logo-sentinelleSLOGAN-1.png\",\"contentUrl\":\"https:\\\/\\\/lasentinelle.dz\\\/wp-content\\\/uploads\\\/2021\\\/09\\\/logo-sentinelleSLOGAN-1.png\",\"width\":615,\"height\":142,\"caption\":\"Quotidien La Sentinelle\"},\"image\":{\"@id\":\"https:\\\/\\\/lasentinelle.dz\\\/#\\\/schema\\\/logo\\\/image\\\/\"},\"sameAs\":[\"https:\\\/\\\/www.facebook.com\\\/La-Sentinelle-104059864394773\"]},{\"@type\":\"Person\",\"@id\":\"https:\\\/\\\/lasentinelle.dz\\\/#\\\/schema\\\/person\\\/d865044e22e70a75174ce8bcad3acfb3\",\"name\":\"La Sentinelle\",\"image\":{\"@type\":\"ImageObject\",\"inLanguage\":\"fr-FR\",\"@id\":\"https:\\\/\\\/secure.gravatar.com\\\/avatar\\\/57de8e5d4b15d43fb361a71fbb36338450fe67865b528a43dd10ef7c51a20392?s=96&d=mm&r=g\",\"url\":\"https:\\\/\\\/secure.gravatar.com\\\/avatar\\\/57de8e5d4b15d43fb361a71fbb36338450fe67865b528a43dd10ef7c51a20392?s=96&d=mm&r=g\",\"contentUrl\":\"https:\\\/\\\/secure.gravatar.com\\\/avatar\\\/57de8e5d4b15d43fb361a71fbb36338450fe67865b528a43dd10ef7c51a20392?s=96&d=mm&r=g\",\"caption\":\"La Sentinelle\"},\"sameAs\":[\"http:\\\/\\\/www.lasentinelle.dz\"],\"url\":\"https:\\\/\\\/lasentinelle.dz\\\/author\\\/redaction\\\/\"}]}<\/script>\n<!-- \/ Yoast SEO plugin. -->","yoast_head_json":{"title":"Ne pas c\u00e9der \u00e0 la panique\u00a0! - La Sentinelle","robots":{"index":"index","follow":"follow","max-snippet":"max-snippet:-1","max-image-preview":"max-image-preview:large","max-video-preview":"max-video-preview:-1"},"canonical":"https:\/\/lasentinelle.dz\/index.php\/2021\/07\/31\/situation-epidemiologique-ne-pas-ceder-a-la-panique\/","og_locale":"fr_FR","og_type":"article","og_title":"Ne pas c\u00e9der \u00e0 la panique\u00a0! - La Sentinelle","og_description":"La situation \u00e9pid\u00e9miologique est inqui\u00e9tante. Les cas de contamination au coronavirus se multiplient, sur fond de propagation du variant Delta.","og_url":"https:\/\/lasentinelle.dz\/index.php\/2021\/07\/31\/situation-epidemiologique-ne-pas-ceder-a-la-panique\/","og_site_name":"La Sentinelle","article_publisher":"https:\/\/www.facebook.com\/La-Sentinelle-104059864394773","article_published_time":"2021-07-30T23:02:00+00:00","og_image":[{"width":1350,"height":900,"url":"https:\/\/lasentinelle.dz\/wp-content\/uploads\/2021\/07\/panique.png","type":"image\/png"}],"author":"La Sentinelle","twitter_card":"summary_large_image","twitter_misc":{"\u00c9crit par":"La Sentinelle","Dur\u00e9e de lecture estim\u00e9e":"6 minutes"},"schema":{"@context":"https:\/\/schema.org","@graph":[{"@type":"Article","@id":"https:\/\/lasentinelle.dz\/index.php\/2021\/07\/31\/situation-epidemiologique-ne-pas-ceder-a-la-panique\/#article","isPartOf":{"@id":"https:\/\/lasentinelle.dz\/index.php\/2021\/07\/31\/situation-epidemiologique-ne-pas-ceder-a-la-panique\/"},"author":{"name":"La Sentinelle","@id":"https:\/\/lasentinelle.dz\/#\/schema\/person\/d865044e22e70a75174ce8bcad3acfb3"},"headline":"Ne pas c\u00e9der \u00e0 la panique\u00a0!","datePublished":"2021-07-30T23:02:00+00:00","mainEntityOfPage":{"@id":"https:\/\/lasentinelle.dz\/index.php\/2021\/07\/31\/situation-epidemiologique-ne-pas-ceder-a-la-panique\/"},"wordCount":1308,"commentCount":0,"publisher":{"@id":"https:\/\/lasentinelle.dz\/#organization"},"image":{"@id":"https:\/\/lasentinelle.dz\/index.php\/2021\/07\/31\/situation-epidemiologique-ne-pas-ceder-a-la-panique\/#primaryimage"},"thumbnailUrl":"https:\/\/lasentinelle.dz\/wp-content\/uploads\/2021\/07\/panique.png","articleSection":["\u00c0 la Une","Actualit\u00e9"],"inLanguage":"fr-FR","potentialAction":[{"@type":"CommentAction","name":"Comment","target":["https:\/\/lasentinelle.dz\/index.php\/2021\/07\/31\/situation-epidemiologique-ne-pas-ceder-a-la-panique\/#respond"]}]},{"@type":"WebPage","@id":"https:\/\/lasentinelle.dz\/index.php\/2021\/07\/31\/situation-epidemiologique-ne-pas-ceder-a-la-panique\/","url":"https:\/\/lasentinelle.dz\/index.php\/2021\/07\/31\/situation-epidemiologique-ne-pas-ceder-a-la-panique\/","name":"Ne pas c\u00e9der \u00e0 la panique\u00a0! - La Sentinelle","isPartOf":{"@id":"https:\/\/lasentinelle.dz\/#website"},"primaryImageOfPage":{"@id":"https:\/\/lasentinelle.dz\/index.php\/2021\/07\/31\/situation-epidemiologique-ne-pas-ceder-a-la-panique\/#primaryimage"},"image":{"@id":"https:\/\/lasentinelle.dz\/index.php\/2021\/07\/31\/situation-epidemiologique-ne-pas-ceder-a-la-panique\/#primaryimage"},"thumbnailUrl":"https:\/\/lasentinelle.dz\/wp-content\/uploads\/2021\/07\/panique.png","datePublished":"2021-07-30T23:02:00+00:00","breadcrumb":{"@id":"https:\/\/lasentinelle.dz\/index.php\/2021\/07\/31\/situation-epidemiologique-ne-pas-ceder-a-la-panique\/#breadcrumb"},"inLanguage":"fr-FR","potentialAction":[{"@type":"ReadAction","target":["https:\/\/lasentinelle.dz\/index.php\/2021\/07\/31\/situation-epidemiologique-ne-pas-ceder-a-la-panique\/"]}]},{"@type":"ImageObject","inLanguage":"fr-FR","@id":"https:\/\/lasentinelle.dz\/index.php\/2021\/07\/31\/situation-epidemiologique-ne-pas-ceder-a-la-panique\/#primaryimage","url":"https:\/\/lasentinelle.dz\/wp-content\/uploads\/2021\/07\/panique.png","contentUrl":"https:\/\/lasentinelle.dz\/wp-content\/uploads\/2021\/07\/panique.png","width":1350,"height":900},{"@type":"BreadcrumbList","@id":"https:\/\/lasentinelle.dz\/index.php\/2021\/07\/31\/situation-epidemiologique-ne-pas-ceder-a-la-panique\/#breadcrumb","itemListElement":[{"@type":"ListItem","position":1,"name":"Accueil","item":"https:\/\/lasentinelle.dz\/"},{"@type":"ListItem","position":2,"name":"Ne pas c\u00e9der \u00e0 la panique\u00a0!"}]},{"@type":"WebSite","@id":"https:\/\/lasentinelle.dz\/#website","url":"https:\/\/lasentinelle.dz\/","name":"La Sentinelle","description":"Quotidien national d&#039;information","publisher":{"@id":"https:\/\/lasentinelle.dz\/#organization"},"potentialAction":[{"@type":"SearchAction","target":{"@type":"EntryPoint","urlTemplate":"https:\/\/lasentinelle.dz\/?s={search_term_string}"},"query-input":{"@type":"PropertyValueSpecification","valueRequired":true,"valueName":"search_term_string"}}],"inLanguage":"fr-FR"},{"@type":"Organization","@id":"https:\/\/lasentinelle.dz\/#organization","name":"Quotidien La Sentinelle","url":"https:\/\/lasentinelle.dz\/","logo":{"@type":"ImageObject","inLanguage":"fr-FR","@id":"https:\/\/lasentinelle.dz\/#\/schema\/logo\/image\/","url":"https:\/\/lasentinelle.dz\/wp-content\/uploads\/2021\/09\/logo-sentinelleSLOGAN-1.png","contentUrl":"https:\/\/lasentinelle.dz\/wp-content\/uploads\/2021\/09\/logo-sentinelleSLOGAN-1.png","width":615,"height":142,"caption":"Quotidien La Sentinelle"},"image":{"@id":"https:\/\/lasentinelle.dz\/#\/schema\/logo\/image\/"},"sameAs":["https:\/\/www.facebook.com\/La-Sentinelle-104059864394773"]},{"@type":"Person","@id":"https:\/\/lasentinelle.dz\/#\/schema\/person\/d865044e22e70a75174ce8bcad3acfb3","name":"La Sentinelle","image":{"@type":"ImageObject","inLanguage":"fr-FR","@id":"https:\/\/secure.gravatar.com\/avatar\/57de8e5d4b15d43fb361a71fbb36338450fe67865b528a43dd10ef7c51a20392?s=96&d=mm&r=g","url":"https:\/\/secure.gravatar.com\/avatar\/57de8e5d4b15d43fb361a71fbb36338450fe67865b528a43dd10ef7c51a20392?s=96&d=mm&r=g","contentUrl":"https:\/\/secure.gravatar.com\/avatar\/57de8e5d4b15d43fb361a71fbb36338450fe67865b528a43dd10ef7c51a20392?s=96&d=mm&r=g","caption":"La Sentinelle"},"sameAs":["http:\/\/www.lasentinelle.dz"],"url":"https:\/\/lasentinelle.dz\/author\/redaction\/"}]}},"_links":{"self":[{"href":"https:\/\/lasentinelle.dz\/index.php\/wp-json\/wp\/v2\/posts\/2882","targetHints":{"allow":["GET"]}}],"collection":[{"href":"https:\/\/lasentinelle.dz\/index.php\/wp-json\/wp\/v2\/posts"}],"about":[{"href":"https:\/\/lasentinelle.dz\/index.php\/wp-json\/wp\/v2\/types\/post"}],"author":[{"embeddable":true,"href":"https:\/\/lasentinelle.dz\/index.php\/wp-json\/wp\/v2\/users\/3"}],"replies":[{"embeddable":true,"href":"https:\/\/lasentinelle.dz\/index.php\/wp-json\/wp\/v2\/comments?post=2882"}],"version-history":[{"count":2,"href":"https:\/\/lasentinelle.dz\/index.php\/wp-json\/wp\/v2\/posts\/2882\/revisions"}],"predecessor-version":[{"id":2886,"href":"https:\/\/lasentinelle.dz\/index.php\/wp-json\/wp\/v2\/posts\/2882\/revisions\/2886"}],"wp:featuredmedia":[{"embeddable":true,"href":"https:\/\/lasentinelle.dz\/index.php\/wp-json\/wp\/v2\/media\/2884"}],"wp:attachment":[{"href":"https:\/\/lasentinelle.dz\/index.php\/wp-json\/wp\/v2\/media?parent=2882"}],"wp:term":[{"taxonomy":"category","embeddable":true,"href":"https:\/\/lasentinelle.dz\/index.php\/wp-json\/wp\/v2\/categories?post=2882"},{"taxonomy":"post_tag","embeddable":true,"href":"https:\/\/lasentinelle.dz\/index.php\/wp-json\/wp\/v2\/tags?post=2882"}],"curies":[{"name":"wp","href":"https:\/\/api.w.org\/{rel}","templated":true}]}}