{"id":28838,"date":"2022-10-11T22:08:00","date_gmt":"2022-10-11T21:08:00","guid":{"rendered":"https:\/\/lasentinelle.dz\/?p=28838"},"modified":"2022-10-11T21:23:56","modified_gmt":"2022-10-11T20:23:56","slug":"benabderrahmane-presente-la-declaration-de-politique-generale-au-conseil-de-la-nation-priorite-a-lamelioration-du-pouvoir-dachat","status":"publish","type":"post","link":"https:\/\/lasentinelle.dz\/index.php\/2022\/10\/11\/benabderrahmane-presente-la-declaration-de-politique-generale-au-conseil-de-la-nation-priorite-a-lamelioration-du-pouvoir-dachat\/","title":{"rendered":"Benabderrahmane pr\u00e9sente la D\u00e9claration de politique g\u00e9n\u00e9rale au Conseil de la Nation\u00a0: Priorit\u00e9 \u00e0 l\u2019am\u00e9lioration du pouvoir d\u2019achat"},"content":{"rendered":"\n<p>Apr\u00e8s l\u2019Assembl\u00e9e populaire nationale, le Premier ministre, A\u00efm\u00e8ne Benabderrahmane a pr\u00e9sent\u00e9 hier sa D\u00e9claration de politique g\u00e9n\u00e9rale devant les membres de la Chambre haute du Parlement. L\u2019occasion pour le chef de l\u2019Ex\u00e9cutif de souligner, une nouvelle fois, les mesures prises par les pouvoirs publics afin de stimuler la croissance et am\u00e9liorer le pouvoir d\u2019achat des m\u00e9nages, malgr\u00e9 un contexte \u00e9conomique et g\u00e9opolitique complexe.<\/p>\n\n\n\n<p>Et la question du pouvoir d\u2019achat s\u2019est impos\u00e9e comme la pr\u00e9occupation majeure notamment dans le contexte actuel. Dans ce sens, Benabderrahmanea rappel\u00e9 les r\u00e9alisations phares du Gouvernement concernant le soutien \u00e0 la stabilit\u00e9 des prix et la pr\u00e9servation de l&rsquo;activit\u00e9 des entreprises.Dans ce sens, M. Benabderrahmane a fait savoir que le budget annuel affect\u00e9 aux transferts sociaux directs indirects avait touch\u00e9 les 5.000 mds da, ajoutant que la d\u00e9pense fiscale a atteint ces deux derni\u00e8res ann\u00e9es une moyenne annuelle de 440 milliards de dinars.Par ailleurs, le Premier ministre a rappel\u00e9 la mesure prise par le Gouvernement en application d&rsquo;une instruction du pr\u00e9sident de la R\u00e9publique relative \u00e0 l&rsquo;exon\u00e9ration des salaires inf\u00e9rieurs \u00e0 30.000 DA de l&rsquo;Imp\u00f4t sur le revenu global (IRG) par souci d&rsquo;augmenter le pouvoir d&rsquo;achat du citoyen. La mesure en question a concern\u00e9 plus de 5 millions de personnes, dont 2,6 millions de retrait\u00e9s, repr\u00e9sentant une d\u00e9pense fiscale de plus de 84 milliards DA\/an.Le Gouvernement a \u0153uvr\u00e9 \u00e0 la r\u00e9duction des taux de l&rsquo;imp\u00f4t sur le revenu global (IRG), une mesure qui a profit\u00e9 \u00e0 plus de 9 millions de citoyens pour une d\u00e9pense fiscale de plus de 195 milliards DA, a-t-il ajout\u00e9.Par ailleurs, le Gouvernement a veill\u00e9 au renforcement du stock national de c\u00e9r\u00e9ales, en apportant un appui financier important \u00e0 l&rsquo;Office alg\u00e9rien interprofessionnel des c\u00e9r\u00e9ales (OIAC), estim\u00e9 \u00e0 plus de 900 milliards DA en 2021 et 2022, selon le Premier ministre.Le Premier ministre a relev\u00e9, en outre, les mesures prises au profit des agriculteurs, ayant permis de r\u00e9aliser une production agricole en 2022 d&rsquo;une valeur de pr\u00e8s de 4.500 Mds Da.Le Gouvernement a \u00e9galement maintenu la subvention des produits alimentaires de large consommation (huile, lait, c\u00e9r\u00e9ales, sucre), et d&rsquo;all\u00e9ger l&rsquo;augmentation de ses prix au niveau des march\u00e9s mondiaux sur le citoyen alg\u00e9rien, d&rsquo;une enveloppe de l&rsquo;ordre de 613 Mds Da en 2022.<\/p>\n\n\n\n<p>Le Premier ministre a soulign\u00e9 que \u00ab\u00a0la conjoncture internationale difficile n&rsquo;a pas emp\u00each\u00e9 l&rsquo;Etat de poursuivre la mise en place de toutes les mesures susceptibles de relancer l&rsquo;activit\u00e9 \u00e9conomique et d&rsquo;all\u00e9ger le fardeau des entreprises touch\u00e9es en sus du soutien au pouvoir d&rsquo;achat du citoyen\u00a0\u00bb.<\/p>\n\n\n\n<p><strong>500.000 logements attribu\u00e9s<\/strong><\/p>\n\n\n\n<p>Autres mesures destin\u00e9es \u00e0 am\u00e9liorer le quotidien des citoyens, celles relatives \u00e0 l\u2019acc\u00e8s au logement. Le chef de l\u2019Ex\u00e9cutif rappelle ainsi que dans le souci de permettre aux citoyens d\u2019avoir l\u2019acc\u00e8s \u00e0 un logement d\u00e9cent, un total de 500.000 unit\u00e9s de logements, tous segments confondus, ont \u00e9t\u00e9 attribu\u00e9s, en sus de l&rsquo;acc\u00e9l\u00e9ration de la r\u00e9alisation des quotas restants et du lancement d&rsquo;un nouveau programme pour la r\u00e9alisation d&rsquo;un million de logements. Enfin en ce qui concerne la stimulation de la croissance, le Premier ministre a indiqu\u00e9 que \u00ab&nbsp;l&rsquo;Alg\u00e9rie a \u0153uvr\u00e9, en 2021, \u00e0 la reprise de l&rsquo;activit\u00e9 \u00e9conomique apr\u00e8s une baisse significative enregistr\u00e9e en 2020 du fait de la pand\u00e9mie de la Covid-19&nbsp;\u00bb, relevant que \u00ab\u00a0l&rsquo;\u00e9conomie alg\u00e9rienne a ainsi connu, en 2021, un effet de rattrapage caract\u00e9ris\u00e9 par une croissance \u00e9conomique de +4,7%\u00a0\u00bb.Il a estim\u00e9, en outre, que \u00ab\u00a0la promotion de la production nationale repose sur la n\u00e9cessit\u00e9 imp\u00e9rieuse de r\u00e9aliser l&rsquo;\u00e9quilibre de la balance commerciale de mani\u00e8re viable \u00e0 travers la r\u00e9duction des importations non productives et la promotion des exportations hors hydrocarbures\u00a0\u00bb, soulignant que les m\u00e9canismes devant permettre de favoriser la r\u00e9silience de l&rsquo;\u00e9conomie nationale aux chocs ext\u00e9rieurs \u00e9taient \u00ab\u00a0l&rsquo;une des priorit\u00e9s du Gouvernement\u00a0\u00bb.<strong>Chokri Hafed<\/strong><\/p>\n","protected":false},"excerpt":{"rendered":"<p>Apr\u00e8s l\u2019Assembl\u00e9e populaire nationale, le Premier ministre, A\u00efm\u00e8ne Benabderrahmane a pr\u00e9sent\u00e9 hier sa D\u00e9claration de politique g\u00e9n\u00e9rale devant les membres<\/p>\n","protected":false},"author":3,"featured_media":26864,"comment_status":"open","ping_status":"closed","sticky":false,"template":"","format":"standard","meta":{"colormag_page_container_layout":"default_layout","colormag_page_sidebar_layout":"default_layout","om_disable_all_campaigns":false,"_monsterinsights_skip_tracking":false,"_monsterinsights_sitenote_active":false,"_monsterinsights_sitenote_note":"","_monsterinsights_sitenote_category":0,"footnotes":"","_wpscppro_dont_share_socialmedia":false,"_wpscppro_custom_social_share_image":0,"_facebook_share_type":"","_twitter_share_type":"","_linkedin_share_type":"","_pinterest_share_type":"","_linkedin_share_type_page":"","_instagram_share_type":"","_medium_share_type":"","_threads_share_type":"","_google_business_share_type":"","_selected_social_profile":[],"_wpsp_enable_custom_social_template":false,"_wpsp_social_scheduling":{"enabled":false,"datetime":null,"platforms":[],"status":"template_only","dateOption":"today","timeOption":"now","customDays":"","customHours":"","customDate":"","customTime":"","schedulingType":"absolute"},"_wpsp_active_default_template":true},"categories":[52,27],"tags":[],"class_list":["post-28838","post","type-post","status-publish","format-standard","has-post-thumbnail","hentry","category-a-la-une","category-actualite"],"aioseo_notices":[],"yoast_head":"<!-- This site is optimized with the Yoast SEO plugin v27.5 - https:\/\/yoast.com\/product\/yoast-seo-wordpress\/ -->\n<title>Benabderrahmane pr\u00e9sente la D\u00e9claration de politique g\u00e9n\u00e9rale au Conseil de la Nation\u00a0: Priorit\u00e9 \u00e0 l\u2019am\u00e9lioration du pouvoir d\u2019achat - La Sentinelle<\/title>\n<meta name=\"robots\" content=\"index, follow, max-snippet:-1, max-image-preview:large, max-video-preview:-1\" \/>\n<link rel=\"canonical\" href=\"https:\/\/lasentinelle.dz\/index.php\/2022\/10\/11\/benabderrahmane-presente-la-declaration-de-politique-generale-au-conseil-de-la-nation-priorite-a-lamelioration-du-pouvoir-dachat\/\" \/>\n<meta property=\"og:locale\" content=\"fr_FR\" \/>\n<meta property=\"og:type\" content=\"article\" \/>\n<meta property=\"og:title\" content=\"Benabderrahmane pr\u00e9sente la D\u00e9claration de politique g\u00e9n\u00e9rale au Conseil de la Nation\u00a0: Priorit\u00e9 \u00e0 l\u2019am\u00e9lioration du pouvoir d\u2019achat - La Sentinelle\" \/>\n<meta property=\"og:description\" content=\"Apr\u00e8s l\u2019Assembl\u00e9e populaire nationale, le Premier ministre, A\u00efm\u00e8ne Benabderrahmane a pr\u00e9sent\u00e9 hier sa D\u00e9claration de politique g\u00e9n\u00e9rale devant les membres\" \/>\n<meta property=\"og:url\" content=\"https:\/\/lasentinelle.dz\/index.php\/2022\/10\/11\/benabderrahmane-presente-la-declaration-de-politique-generale-au-conseil-de-la-nation-priorite-a-lamelioration-du-pouvoir-dachat\/\" \/>\n<meta property=\"og:site_name\" content=\"La Sentinelle\" \/>\n<meta property=\"article:publisher\" content=\"https:\/\/www.facebook.com\/La-Sentinelle-104059864394773\" \/>\n<meta property=\"article:published_time\" content=\"2022-10-11T21:08:00+00:00\" \/>\n<meta property=\"og:image\" content=\"https:\/\/lasentinelle.dz\/wp-content\/uploads\/2022\/09\/aimene.png\" \/>\n\t<meta property=\"og:image:width\" content=\"1500\" \/>\n\t<meta property=\"og:image:height\" content=\"900\" \/>\n\t<meta property=\"og:image:type\" content=\"image\/png\" \/>\n<meta name=\"author\" content=\"La Sentinelle\" \/>\n<meta name=\"twitter:card\" content=\"summary_large_image\" \/>\n<meta name=\"twitter:label1\" content=\"\u00c9crit par\" \/>\n\t<meta name=\"twitter:data1\" content=\"La Sentinelle\" \/>\n\t<meta name=\"twitter:label2\" content=\"Dur\u00e9e de lecture estim\u00e9e\" \/>\n\t<meta name=\"twitter:data2\" content=\"4 minutes\" \/>\n<script type=\"application\/ld+json\" class=\"yoast-schema-graph\">{\"@context\":\"https:\\\/\\\/schema.org\",\"@graph\":[{\"@type\":\"Article\",\"@id\":\"https:\\\/\\\/lasentinelle.dz\\\/index.php\\\/2022\\\/10\\\/11\\\/benabderrahmane-presente-la-declaration-de-politique-generale-au-conseil-de-la-nation-priorite-a-lamelioration-du-pouvoir-dachat\\\/#article\",\"isPartOf\":{\"@id\":\"https:\\\/\\\/lasentinelle.dz\\\/index.php\\\/2022\\\/10\\\/11\\\/benabderrahmane-presente-la-declaration-de-politique-generale-au-conseil-de-la-nation-priorite-a-lamelioration-du-pouvoir-dachat\\\/\"},\"author\":{\"name\":\"La Sentinelle\",\"@id\":\"https:\\\/\\\/lasentinelle.dz\\\/#\\\/schema\\\/person\\\/d865044e22e70a75174ce8bcad3acfb3\"},\"headline\":\"Benabderrahmane pr\u00e9sente la D\u00e9claration de politique g\u00e9n\u00e9rale au Conseil de la Nation\u00a0: Priorit\u00e9 \u00e0 l\u2019am\u00e9lioration du pouvoir d\u2019achat\",\"datePublished\":\"2022-10-11T21:08:00+00:00\",\"mainEntityOfPage\":{\"@id\":\"https:\\\/\\\/lasentinelle.dz\\\/index.php\\\/2022\\\/10\\\/11\\\/benabderrahmane-presente-la-declaration-de-politique-generale-au-conseil-de-la-nation-priorite-a-lamelioration-du-pouvoir-dachat\\\/\"},\"wordCount\":726,\"commentCount\":0,\"publisher\":{\"@id\":\"https:\\\/\\\/lasentinelle.dz\\\/#organization\"},\"image\":{\"@id\":\"https:\\\/\\\/lasentinelle.dz\\\/index.php\\\/2022\\\/10\\\/11\\\/benabderrahmane-presente-la-declaration-de-politique-generale-au-conseil-de-la-nation-priorite-a-lamelioration-du-pouvoir-dachat\\\/#primaryimage\"},\"thumbnailUrl\":\"https:\\\/\\\/lasentinelle.dz\\\/wp-content\\\/uploads\\\/2022\\\/09\\\/aimene.png\",\"articleSection\":[\"\u00c0 la Une\",\"Actualit\u00e9\"],\"inLanguage\":\"fr-FR\",\"potentialAction\":[{\"@type\":\"CommentAction\",\"name\":\"Comment\",\"target\":[\"https:\\\/\\\/lasentinelle.dz\\\/index.php\\\/2022\\\/10\\\/11\\\/benabderrahmane-presente-la-declaration-de-politique-generale-au-conseil-de-la-nation-priorite-a-lamelioration-du-pouvoir-dachat\\\/#respond\"]}]},{\"@type\":\"WebPage\",\"@id\":\"https:\\\/\\\/lasentinelle.dz\\\/index.php\\\/2022\\\/10\\\/11\\\/benabderrahmane-presente-la-declaration-de-politique-generale-au-conseil-de-la-nation-priorite-a-lamelioration-du-pouvoir-dachat\\\/\",\"url\":\"https:\\\/\\\/lasentinelle.dz\\\/index.php\\\/2022\\\/10\\\/11\\\/benabderrahmane-presente-la-declaration-de-politique-generale-au-conseil-de-la-nation-priorite-a-lamelioration-du-pouvoir-dachat\\\/\",\"name\":\"Benabderrahmane pr\u00e9sente la D\u00e9claration de politique g\u00e9n\u00e9rale au Conseil de la Nation\u00a0: Priorit\u00e9 \u00e0 l\u2019am\u00e9lioration du pouvoir d\u2019achat - La Sentinelle\",\"isPartOf\":{\"@id\":\"https:\\\/\\\/lasentinelle.dz\\\/#website\"},\"primaryImageOfPage\":{\"@id\":\"https:\\\/\\\/lasentinelle.dz\\\/index.php\\\/2022\\\/10\\\/11\\\/benabderrahmane-presente-la-declaration-de-politique-generale-au-conseil-de-la-nation-priorite-a-lamelioration-du-pouvoir-dachat\\\/#primaryimage\"},\"image\":{\"@id\":\"https:\\\/\\\/lasentinelle.dz\\\/index.php\\\/2022\\\/10\\\/11\\\/benabderrahmane-presente-la-declaration-de-politique-generale-au-conseil-de-la-nation-priorite-a-lamelioration-du-pouvoir-dachat\\\/#primaryimage\"},\"thumbnailUrl\":\"https:\\\/\\\/lasentinelle.dz\\\/wp-content\\\/uploads\\\/2022\\\/09\\\/aimene.png\",\"datePublished\":\"2022-10-11T21:08:00+00:00\",\"breadcrumb\":{\"@id\":\"https:\\\/\\\/lasentinelle.dz\\\/index.php\\\/2022\\\/10\\\/11\\\/benabderrahmane-presente-la-declaration-de-politique-generale-au-conseil-de-la-nation-priorite-a-lamelioration-du-pouvoir-dachat\\\/#breadcrumb\"},\"inLanguage\":\"fr-FR\",\"potentialAction\":[{\"@type\":\"ReadAction\",\"target\":[\"https:\\\/\\\/lasentinelle.dz\\\/index.php\\\/2022\\\/10\\\/11\\\/benabderrahmane-presente-la-declaration-de-politique-generale-au-conseil-de-la-nation-priorite-a-lamelioration-du-pouvoir-dachat\\\/\"]}]},{\"@type\":\"ImageObject\",\"inLanguage\":\"fr-FR\",\"@id\":\"https:\\\/\\\/lasentinelle.dz\\\/index.php\\\/2022\\\/10\\\/11\\\/benabderrahmane-presente-la-declaration-de-politique-generale-au-conseil-de-la-nation-priorite-a-lamelioration-du-pouvoir-dachat\\\/#primaryimage\",\"url\":\"https:\\\/\\\/lasentinelle.dz\\\/wp-content\\\/uploads\\\/2022\\\/09\\\/aimene.png\",\"contentUrl\":\"https:\\\/\\\/lasentinelle.dz\\\/wp-content\\\/uploads\\\/2022\\\/09\\\/aimene.png\",\"width\":1500,\"height\":900},{\"@type\":\"BreadcrumbList\",\"@id\":\"https:\\\/\\\/lasentinelle.dz\\\/index.php\\\/2022\\\/10\\\/11\\\/benabderrahmane-presente-la-declaration-de-politique-generale-au-conseil-de-la-nation-priorite-a-lamelioration-du-pouvoir-dachat\\\/#breadcrumb\",\"itemListElement\":[{\"@type\":\"ListItem\",\"position\":1,\"name\":\"Accueil\",\"item\":\"https:\\\/\\\/lasentinelle.dz\\\/\"},{\"@type\":\"ListItem\",\"position\":2,\"name\":\"Benabderrahmane pr\u00e9sente la D\u00e9claration de politique g\u00e9n\u00e9rale au Conseil de la Nation\u00a0: Priorit\u00e9 \u00e0 l\u2019am\u00e9lioration du pouvoir d\u2019achat\"}]},{\"@type\":\"WebSite\",\"@id\":\"https:\\\/\\\/lasentinelle.dz\\\/#website\",\"url\":\"https:\\\/\\\/lasentinelle.dz\\\/\",\"name\":\"La Sentinelle\",\"description\":\"Quotidien national d&#039;information\",\"publisher\":{\"@id\":\"https:\\\/\\\/lasentinelle.dz\\\/#organization\"},\"potentialAction\":[{\"@type\":\"SearchAction\",\"target\":{\"@type\":\"EntryPoint\",\"urlTemplate\":\"https:\\\/\\\/lasentinelle.dz\\\/?s={search_term_string}\"},\"query-input\":{\"@type\":\"PropertyValueSpecification\",\"valueRequired\":true,\"valueName\":\"search_term_string\"}}],\"inLanguage\":\"fr-FR\"},{\"@type\":\"Organization\",\"@id\":\"https:\\\/\\\/lasentinelle.dz\\\/#organization\",\"name\":\"Quotidien La Sentinelle\",\"url\":\"https:\\\/\\\/lasentinelle.dz\\\/\",\"logo\":{\"@type\":\"ImageObject\",\"inLanguage\":\"fr-FR\",\"@id\":\"https:\\\/\\\/lasentinelle.dz\\\/#\\\/schema\\\/logo\\\/image\\\/\",\"url\":\"https:\\\/\\\/lasentinelle.dz\\\/wp-content\\\/uploads\\\/2021\\\/09\\\/logo-sentinelleSLOGAN-1.png\",\"contentUrl\":\"https:\\\/\\\/lasentinelle.dz\\\/wp-content\\\/uploads\\\/2021\\\/09\\\/logo-sentinelleSLOGAN-1.png\",\"width\":615,\"height\":142,\"caption\":\"Quotidien La Sentinelle\"},\"image\":{\"@id\":\"https:\\\/\\\/lasentinelle.dz\\\/#\\\/schema\\\/logo\\\/image\\\/\"},\"sameAs\":[\"https:\\\/\\\/www.facebook.com\\\/La-Sentinelle-104059864394773\"]},{\"@type\":\"Person\",\"@id\":\"https:\\\/\\\/lasentinelle.dz\\\/#\\\/schema\\\/person\\\/d865044e22e70a75174ce8bcad3acfb3\",\"name\":\"La Sentinelle\",\"image\":{\"@type\":\"ImageObject\",\"inLanguage\":\"fr-FR\",\"@id\":\"https:\\\/\\\/secure.gravatar.com\\\/avatar\\\/57de8e5d4b15d43fb361a71fbb36338450fe67865b528a43dd10ef7c51a20392?s=96&d=mm&r=g\",\"url\":\"https:\\\/\\\/secure.gravatar.com\\\/avatar\\\/57de8e5d4b15d43fb361a71fbb36338450fe67865b528a43dd10ef7c51a20392?s=96&d=mm&r=g\",\"contentUrl\":\"https:\\\/\\\/secure.gravatar.com\\\/avatar\\\/57de8e5d4b15d43fb361a71fbb36338450fe67865b528a43dd10ef7c51a20392?s=96&d=mm&r=g\",\"caption\":\"La Sentinelle\"},\"sameAs\":[\"http:\\\/\\\/www.lasentinelle.dz\"],\"url\":\"https:\\\/\\\/lasentinelle.dz\\\/author\\\/redaction\\\/\"}]}<\/script>\n<!-- \/ Yoast SEO plugin. -->","yoast_head_json":{"title":"Benabderrahmane pr\u00e9sente la D\u00e9claration de politique g\u00e9n\u00e9rale au Conseil de la Nation\u00a0: Priorit\u00e9 \u00e0 l\u2019am\u00e9lioration du pouvoir d\u2019achat - La Sentinelle","robots":{"index":"index","follow":"follow","max-snippet":"max-snippet:-1","max-image-preview":"max-image-preview:large","max-video-preview":"max-video-preview:-1"},"canonical":"https:\/\/lasentinelle.dz\/index.php\/2022\/10\/11\/benabderrahmane-presente-la-declaration-de-politique-generale-au-conseil-de-la-nation-priorite-a-lamelioration-du-pouvoir-dachat\/","og_locale":"fr_FR","og_type":"article","og_title":"Benabderrahmane pr\u00e9sente la D\u00e9claration de politique g\u00e9n\u00e9rale au Conseil de la Nation\u00a0: Priorit\u00e9 \u00e0 l\u2019am\u00e9lioration du pouvoir d\u2019achat - La Sentinelle","og_description":"Apr\u00e8s l\u2019Assembl\u00e9e populaire nationale, le Premier ministre, A\u00efm\u00e8ne Benabderrahmane a pr\u00e9sent\u00e9 hier sa D\u00e9claration de politique g\u00e9n\u00e9rale devant les membres","og_url":"https:\/\/lasentinelle.dz\/index.php\/2022\/10\/11\/benabderrahmane-presente-la-declaration-de-politique-generale-au-conseil-de-la-nation-priorite-a-lamelioration-du-pouvoir-dachat\/","og_site_name":"La Sentinelle","article_publisher":"https:\/\/www.facebook.com\/La-Sentinelle-104059864394773","article_published_time":"2022-10-11T21:08:00+00:00","og_image":[{"width":1500,"height":900,"url":"https:\/\/lasentinelle.dz\/wp-content\/uploads\/2022\/09\/aimene.png","type":"image\/png"}],"author":"La Sentinelle","twitter_card":"summary_large_image","twitter_misc":{"\u00c9crit par":"La Sentinelle","Dur\u00e9e de lecture estim\u00e9e":"4 minutes"},"schema":{"@context":"https:\/\/schema.org","@graph":[{"@type":"Article","@id":"https:\/\/lasentinelle.dz\/index.php\/2022\/10\/11\/benabderrahmane-presente-la-declaration-de-politique-generale-au-conseil-de-la-nation-priorite-a-lamelioration-du-pouvoir-dachat\/#article","isPartOf":{"@id":"https:\/\/lasentinelle.dz\/index.php\/2022\/10\/11\/benabderrahmane-presente-la-declaration-de-politique-generale-au-conseil-de-la-nation-priorite-a-lamelioration-du-pouvoir-dachat\/"},"author":{"name":"La Sentinelle","@id":"https:\/\/lasentinelle.dz\/#\/schema\/person\/d865044e22e70a75174ce8bcad3acfb3"},"headline":"Benabderrahmane pr\u00e9sente la D\u00e9claration de politique g\u00e9n\u00e9rale au Conseil de la Nation\u00a0: Priorit\u00e9 \u00e0 l\u2019am\u00e9lioration du pouvoir d\u2019achat","datePublished":"2022-10-11T21:08:00+00:00","mainEntityOfPage":{"@id":"https:\/\/lasentinelle.dz\/index.php\/2022\/10\/11\/benabderrahmane-presente-la-declaration-de-politique-generale-au-conseil-de-la-nation-priorite-a-lamelioration-du-pouvoir-dachat\/"},"wordCount":726,"commentCount":0,"publisher":{"@id":"https:\/\/lasentinelle.dz\/#organization"},"image":{"@id":"https:\/\/lasentinelle.dz\/index.php\/2022\/10\/11\/benabderrahmane-presente-la-declaration-de-politique-generale-au-conseil-de-la-nation-priorite-a-lamelioration-du-pouvoir-dachat\/#primaryimage"},"thumbnailUrl":"https:\/\/lasentinelle.dz\/wp-content\/uploads\/2022\/09\/aimene.png","articleSection":["\u00c0 la Une","Actualit\u00e9"],"inLanguage":"fr-FR","potentialAction":[{"@type":"CommentAction","name":"Comment","target":["https:\/\/lasentinelle.dz\/index.php\/2022\/10\/11\/benabderrahmane-presente-la-declaration-de-politique-generale-au-conseil-de-la-nation-priorite-a-lamelioration-du-pouvoir-dachat\/#respond"]}]},{"@type":"WebPage","@id":"https:\/\/lasentinelle.dz\/index.php\/2022\/10\/11\/benabderrahmane-presente-la-declaration-de-politique-generale-au-conseil-de-la-nation-priorite-a-lamelioration-du-pouvoir-dachat\/","url":"https:\/\/lasentinelle.dz\/index.php\/2022\/10\/11\/benabderrahmane-presente-la-declaration-de-politique-generale-au-conseil-de-la-nation-priorite-a-lamelioration-du-pouvoir-dachat\/","name":"Benabderrahmane pr\u00e9sente la D\u00e9claration de politique g\u00e9n\u00e9rale au Conseil de la Nation\u00a0: Priorit\u00e9 \u00e0 l\u2019am\u00e9lioration du pouvoir d\u2019achat - La Sentinelle","isPartOf":{"@id":"https:\/\/lasentinelle.dz\/#website"},"primaryImageOfPage":{"@id":"https:\/\/lasentinelle.dz\/index.php\/2022\/10\/11\/benabderrahmane-presente-la-declaration-de-politique-generale-au-conseil-de-la-nation-priorite-a-lamelioration-du-pouvoir-dachat\/#primaryimage"},"image":{"@id":"https:\/\/lasentinelle.dz\/index.php\/2022\/10\/11\/benabderrahmane-presente-la-declaration-de-politique-generale-au-conseil-de-la-nation-priorite-a-lamelioration-du-pouvoir-dachat\/#primaryimage"},"thumbnailUrl":"https:\/\/lasentinelle.dz\/wp-content\/uploads\/2022\/09\/aimene.png","datePublished":"2022-10-11T21:08:00+00:00","breadcrumb":{"@id":"https:\/\/lasentinelle.dz\/index.php\/2022\/10\/11\/benabderrahmane-presente-la-declaration-de-politique-generale-au-conseil-de-la-nation-priorite-a-lamelioration-du-pouvoir-dachat\/#breadcrumb"},"inLanguage":"fr-FR","potentialAction":[{"@type":"ReadAction","target":["https:\/\/lasentinelle.dz\/index.php\/2022\/10\/11\/benabderrahmane-presente-la-declaration-de-politique-generale-au-conseil-de-la-nation-priorite-a-lamelioration-du-pouvoir-dachat\/"]}]},{"@type":"ImageObject","inLanguage":"fr-FR","@id":"https:\/\/lasentinelle.dz\/index.php\/2022\/10\/11\/benabderrahmane-presente-la-declaration-de-politique-generale-au-conseil-de-la-nation-priorite-a-lamelioration-du-pouvoir-dachat\/#primaryimage","url":"https:\/\/lasentinelle.dz\/wp-content\/uploads\/2022\/09\/aimene.png","contentUrl":"https:\/\/lasentinelle.dz\/wp-content\/uploads\/2022\/09\/aimene.png","width":1500,"height":900},{"@type":"BreadcrumbList","@id":"https:\/\/lasentinelle.dz\/index.php\/2022\/10\/11\/benabderrahmane-presente-la-declaration-de-politique-generale-au-conseil-de-la-nation-priorite-a-lamelioration-du-pouvoir-dachat\/#breadcrumb","itemListElement":[{"@type":"ListItem","position":1,"name":"Accueil","item":"https:\/\/lasentinelle.dz\/"},{"@type":"ListItem","position":2,"name":"Benabderrahmane pr\u00e9sente la D\u00e9claration de politique g\u00e9n\u00e9rale au Conseil de la Nation\u00a0: Priorit\u00e9 \u00e0 l\u2019am\u00e9lioration du pouvoir d\u2019achat"}]},{"@type":"WebSite","@id":"https:\/\/lasentinelle.dz\/#website","url":"https:\/\/lasentinelle.dz\/","name":"La Sentinelle","description":"Quotidien national d&#039;information","publisher":{"@id":"https:\/\/lasentinelle.dz\/#organization"},"potentialAction":[{"@type":"SearchAction","target":{"@type":"EntryPoint","urlTemplate":"https:\/\/lasentinelle.dz\/?s={search_term_string}"},"query-input":{"@type":"PropertyValueSpecification","valueRequired":true,"valueName":"search_term_string"}}],"inLanguage":"fr-FR"},{"@type":"Organization","@id":"https:\/\/lasentinelle.dz\/#organization","name":"Quotidien La Sentinelle","url":"https:\/\/lasentinelle.dz\/","logo":{"@type":"ImageObject","inLanguage":"fr-FR","@id":"https:\/\/lasentinelle.dz\/#\/schema\/logo\/image\/","url":"https:\/\/lasentinelle.dz\/wp-content\/uploads\/2021\/09\/logo-sentinelleSLOGAN-1.png","contentUrl":"https:\/\/lasentinelle.dz\/wp-content\/uploads\/2021\/09\/logo-sentinelleSLOGAN-1.png","width":615,"height":142,"caption":"Quotidien La Sentinelle"},"image":{"@id":"https:\/\/lasentinelle.dz\/#\/schema\/logo\/image\/"},"sameAs":["https:\/\/www.facebook.com\/La-Sentinelle-104059864394773"]},{"@type":"Person","@id":"https:\/\/lasentinelle.dz\/#\/schema\/person\/d865044e22e70a75174ce8bcad3acfb3","name":"La Sentinelle","image":{"@type":"ImageObject","inLanguage":"fr-FR","@id":"https:\/\/secure.gravatar.com\/avatar\/57de8e5d4b15d43fb361a71fbb36338450fe67865b528a43dd10ef7c51a20392?s=96&d=mm&r=g","url":"https:\/\/secure.gravatar.com\/avatar\/57de8e5d4b15d43fb361a71fbb36338450fe67865b528a43dd10ef7c51a20392?s=96&d=mm&r=g","contentUrl":"https:\/\/secure.gravatar.com\/avatar\/57de8e5d4b15d43fb361a71fbb36338450fe67865b528a43dd10ef7c51a20392?s=96&d=mm&r=g","caption":"La Sentinelle"},"sameAs":["http:\/\/www.lasentinelle.dz"],"url":"https:\/\/lasentinelle.dz\/author\/redaction\/"}]}},"_links":{"self":[{"href":"https:\/\/lasentinelle.dz\/index.php\/wp-json\/wp\/v2\/posts\/28838","targetHints":{"allow":["GET"]}}],"collection":[{"href":"https:\/\/lasentinelle.dz\/index.php\/wp-json\/wp\/v2\/posts"}],"about":[{"href":"https:\/\/lasentinelle.dz\/index.php\/wp-json\/wp\/v2\/types\/post"}],"author":[{"embeddable":true,"href":"https:\/\/lasentinelle.dz\/index.php\/wp-json\/wp\/v2\/users\/3"}],"replies":[{"embeddable":true,"href":"https:\/\/lasentinelle.dz\/index.php\/wp-json\/wp\/v2\/comments?post=28838"}],"version-history":[{"count":1,"href":"https:\/\/lasentinelle.dz\/index.php\/wp-json\/wp\/v2\/posts\/28838\/revisions"}],"predecessor-version":[{"id":28858,"href":"https:\/\/lasentinelle.dz\/index.php\/wp-json\/wp\/v2\/posts\/28838\/revisions\/28858"}],"wp:featuredmedia":[{"embeddable":true,"href":"https:\/\/lasentinelle.dz\/index.php\/wp-json\/wp\/v2\/media\/26864"}],"wp:attachment":[{"href":"https:\/\/lasentinelle.dz\/index.php\/wp-json\/wp\/v2\/media?parent=28838"}],"wp:term":[{"taxonomy":"category","embeddable":true,"href":"https:\/\/lasentinelle.dz\/index.php\/wp-json\/wp\/v2\/categories?post=28838"},{"taxonomy":"post_tag","embeddable":true,"href":"https:\/\/lasentinelle.dz\/index.php\/wp-json\/wp\/v2\/tags?post=28838"}],"curies":[{"name":"wp","href":"https:\/\/api.w.org\/{rel}","templated":true}]}}