{"id":28890,"date":"2022-10-12T22:05:00","date_gmt":"2022-10-12T21:05:00","guid":{"rendered":"https:\/\/lasentinelle.dz\/?p=28890"},"modified":"2022-10-12T19:26:27","modified_gmt":"2022-10-12T18:26:27","slug":"declaration-de-politique-generale-les-senateurs-encensent-le-bilan-du-gouvernement","status":"publish","type":"post","link":"https:\/\/lasentinelle.dz\/index.php\/2022\/10\/12\/declaration-de-politique-generale-les-senateurs-encensent-le-bilan-du-gouvernement\/","title":{"rendered":"D\u00e9claration de politique g\u00e9n\u00e9rale\u00a0: Les s\u00e9nateurs encensent le bilan du Gouvernement"},"content":{"rendered":"\n<p>La majorit\u00e9 des membres du Conseil de la Nation intervenant, mercredi, lors de la pl\u00e9ni\u00e8re consacr\u00e9e au d\u00e9bat autour de la D\u00e9claration de politique g\u00e9n\u00e9rale du Gouvernement, ont salu\u00e9 la bilan des r\u00e9alisations, notamment sur les plans \u00e9conomique et diplomatique, appelant \u00e0 la poursuite du travail pour concr\u00e9tiser le plan d&rsquo;action du gouvernement.Dans ce contexte, le s\u00e9nateur du Mouvement El-Bina, Mohamed Romani, a mis l&rsquo;accent sur l&rsquo;importance d&rsquo;un traitement pr\u00e9cis et \u00e9tudi\u00e9 du dossier de gestion des march\u00e9s de produits alimentaires, appelant au renforcement de l&rsquo;activit\u00e9 agricole \u00e0 travers l&rsquo;assainissement du foncier, l&rsquo;augmentation du soutien financier destin\u00e9 au secteur, et l&rsquo;\u00e9lectrification des exploitations agricoles.Abondant dans le m\u00eame sens, le s\u00e9nateur du parti du Front de lib\u00e9ration nationale (FLN), M. Abdelkader Grinik, a relev\u00e9 la n\u00e9cessit\u00e9 de lancer une r\u00e9flexion pour faire face \u00e0 la p\u00e9nurie des produits de consommation, et appel\u00e9 au durcissement du contr\u00f4le sur les sp\u00e9culateurs.Il a salu\u00e9, par l\u00e0 m\u00eame, les d\u00e9cisions prises lors du dernier Conseil des ministres en faveur du secteur agricole, soulignant l&rsquo;importance d&rsquo;accorder davantage d&rsquo;int\u00e9r\u00eat aux r\u00e9gions rurales qui doivent jouer le r\u00f4le de catalyseur de l&rsquo;activit\u00e9 agricole. Il a appel\u00e9, \u00e0 ce titre, \u00e0 soutenir les activit\u00e9s d&rsquo;\u00e9levage de vaches laiti\u00e8res et de culture fourrag\u00e8re et au raccordement des exploitations agricoles aux sources d&rsquo;\u00e9nergie et d&rsquo;eau.Moumene Elghali du parti du FLN, a plaid\u00e9, de son c\u00f4t\u00e9, pour la transition vers une \u00e9conomie diversifi\u00e9e et productrice de richesses et de l&rsquo;agriculture traditionnelle vers l&rsquo;agriculture moderne. Il a soulign\u00e9 l&rsquo;importance de l&rsquo;\u00e9laboration de statistiques de r\u00e9f\u00e9rence pr\u00e9cises et d&rsquo;objectifs mesurables permettant une \u00e9valuation optimale des politiques \u00e9tablies, outre la cr\u00e9ation d&rsquo;universit\u00e9s et d&rsquo;instituts sp\u00e9cialis\u00e9s dans le march\u00e9 de l&#8217;emploi.Pour sa part, le s\u00e9nateur du Front \u00ab\u00a0El Moustakbal\u00a0\u00bb, Tahar Ghezil, a \u00e9voqu\u00e9 les capacit\u00e9s des entreprises publiques dans le domaine des travaux publics, appelant \u00e0 l&rsquo;examen des moyens de leur renforcement pour la r\u00e9alisation de projets dans des pays africains.Mohamed R\u00e9da Boussahla du Tiers pr\u00e9sidentiel a \u00e9voqu\u00e9, lui, la performance de plusieurs entreprises publiques qui doit \u00eatre r\u00e9examin\u00e9e.Soulignant la n\u00e9cessit\u00e9 de r\u00e9viser le syst\u00e8me douanier pour accompagner les op\u00e9rations d&rsquo;importation des v\u00e9hicules et des tracteurs dans le cadre de la loi de finances 2023, le m\u00eame intervenant a qualifi\u00e9 la d\u00e9cision d&rsquo;autoriser leur importation de d\u00e9marche \u00ab\u00a0tr\u00e8s importante\u00a0\u00bb.Pour sa part, le s\u00e9nateur du RND a focalis\u00e9, dans son intervention, sur la question de la bureaucratie et \u00ab\u00a0le laxisme des responsables locaux dans l&rsquo;exercice de leur r\u00f4le en taux qu&rsquo;\u00e9lus du peuple\u00a0\u00bb.<\/p>\n\n\n\n<p>R.N.\/APS<\/p>\n","protected":false},"excerpt":{"rendered":"<p>La majorit\u00e9 des membres du Conseil de la Nation intervenant, mercredi, lors de la pl\u00e9ni\u00e8re consacr\u00e9e au d\u00e9bat autour de<\/p>\n","protected":false},"author":3,"featured_media":14292,"comment_status":"open","ping_status":"closed","sticky":false,"template":"","format":"standard","meta":{"colormag_page_container_layout":"default_layout","colormag_page_sidebar_layout":"default_layout","om_disable_all_campaigns":false,"_monsterinsights_skip_tracking":false,"_monsterinsights_sitenote_active":false,"_monsterinsights_sitenote_note":"","_monsterinsights_sitenote_category":0,"footnotes":"","_wpscppro_dont_share_socialmedia":false,"_wpscppro_custom_social_share_image":0,"_facebook_share_type":"","_twitter_share_type":"","_linkedin_share_type":"","_pinterest_share_type":"","_linkedin_share_type_page":"","_instagram_share_type":"","_medium_share_type":"","_threads_share_type":"","_google_business_share_type":"","_selected_social_profile":[],"_wpsp_enable_custom_social_template":false,"_wpsp_social_scheduling":{"enabled":false,"datetime":null,"platforms":[],"status":"template_only","dateOption":"today","timeOption":"now","customDays":"","customHours":"","customDate":"","customTime":"","schedulingType":"absolute"},"_wpsp_active_default_template":true},"categories":[27],"tags":[],"class_list":["post-28890","post","type-post","status-publish","format-standard","has-post-thumbnail","hentry","category-actualite"],"aioseo_notices":[],"yoast_head":"<!-- This site is optimized with the Yoast SEO plugin v27.5 - https:\/\/yoast.com\/product\/yoast-seo-wordpress\/ -->\n<title>D\u00e9claration de politique g\u00e9n\u00e9rale\u00a0: Les s\u00e9nateurs encensent le bilan du Gouvernement - La Sentinelle<\/title>\n<meta name=\"robots\" content=\"index, follow, max-snippet:-1, max-image-preview:large, max-video-preview:-1\" \/>\n<link rel=\"canonical\" href=\"https:\/\/lasentinelle.dz\/index.php\/2022\/10\/12\/declaration-de-politique-generale-les-senateurs-encensent-le-bilan-du-gouvernement\/\" \/>\n<meta property=\"og:locale\" content=\"fr_FR\" \/>\n<meta property=\"og:type\" content=\"article\" \/>\n<meta property=\"og:title\" content=\"D\u00e9claration de politique g\u00e9n\u00e9rale\u00a0: Les s\u00e9nateurs encensent le bilan du Gouvernement - La Sentinelle\" \/>\n<meta property=\"og:description\" content=\"La majorit\u00e9 des membres du Conseil de la Nation intervenant, mercredi, lors de la pl\u00e9ni\u00e8re consacr\u00e9e au d\u00e9bat autour de\" \/>\n<meta property=\"og:url\" content=\"https:\/\/lasentinelle.dz\/index.php\/2022\/10\/12\/declaration-de-politique-generale-les-senateurs-encensent-le-bilan-du-gouvernement\/\" \/>\n<meta property=\"og:site_name\" content=\"La Sentinelle\" \/>\n<meta property=\"article:publisher\" content=\"https:\/\/www.facebook.com\/La-Sentinelle-104059864394773\" \/>\n<meta property=\"article:published_time\" content=\"2022-10-12T21:05:00+00:00\" \/>\n<meta property=\"og:image\" content=\"https:\/\/lasentinelle.dz\/wp-content\/uploads\/2021\/11\/consiel.jpg\" \/>\n\t<meta property=\"og:image:width\" content=\"745\" \/>\n\t<meta property=\"og:image:height\" content=\"470\" \/>\n\t<meta property=\"og:image:type\" content=\"image\/jpeg\" \/>\n<meta name=\"author\" content=\"La Sentinelle\" \/>\n<meta name=\"twitter:card\" content=\"summary_large_image\" \/>\n<meta name=\"twitter:label1\" content=\"\u00c9crit par\" \/>\n\t<meta name=\"twitter:data1\" content=\"La Sentinelle\" \/>\n\t<meta name=\"twitter:label2\" content=\"Dur\u00e9e de lecture estim\u00e9e\" \/>\n\t<meta name=\"twitter:data2\" content=\"3 minutes\" \/>\n<script type=\"application\/ld+json\" class=\"yoast-schema-graph\">{\"@context\":\"https:\\\/\\\/schema.org\",\"@graph\":[{\"@type\":\"Article\",\"@id\":\"https:\\\/\\\/lasentinelle.dz\\\/index.php\\\/2022\\\/10\\\/12\\\/declaration-de-politique-generale-les-senateurs-encensent-le-bilan-du-gouvernement\\\/#article\",\"isPartOf\":{\"@id\":\"https:\\\/\\\/lasentinelle.dz\\\/index.php\\\/2022\\\/10\\\/12\\\/declaration-de-politique-generale-les-senateurs-encensent-le-bilan-du-gouvernement\\\/\"},\"author\":{\"name\":\"La Sentinelle\",\"@id\":\"https:\\\/\\\/lasentinelle.dz\\\/#\\\/schema\\\/person\\\/d865044e22e70a75174ce8bcad3acfb3\"},\"headline\":\"D\u00e9claration de politique g\u00e9n\u00e9rale\u00a0: Les s\u00e9nateurs encensent le bilan du Gouvernement\",\"datePublished\":\"2022-10-12T21:05:00+00:00\",\"mainEntityOfPage\":{\"@id\":\"https:\\\/\\\/lasentinelle.dz\\\/index.php\\\/2022\\\/10\\\/12\\\/declaration-de-politique-generale-les-senateurs-encensent-le-bilan-du-gouvernement\\\/\"},\"wordCount\":509,\"commentCount\":0,\"publisher\":{\"@id\":\"https:\\\/\\\/lasentinelle.dz\\\/#organization\"},\"image\":{\"@id\":\"https:\\\/\\\/lasentinelle.dz\\\/index.php\\\/2022\\\/10\\\/12\\\/declaration-de-politique-generale-les-senateurs-encensent-le-bilan-du-gouvernement\\\/#primaryimage\"},\"thumbnailUrl\":\"https:\\\/\\\/lasentinelle.dz\\\/wp-content\\\/uploads\\\/2021\\\/11\\\/consiel.jpg\",\"articleSection\":[\"Actualit\u00e9\"],\"inLanguage\":\"fr-FR\",\"potentialAction\":[{\"@type\":\"CommentAction\",\"name\":\"Comment\",\"target\":[\"https:\\\/\\\/lasentinelle.dz\\\/index.php\\\/2022\\\/10\\\/12\\\/declaration-de-politique-generale-les-senateurs-encensent-le-bilan-du-gouvernement\\\/#respond\"]}]},{\"@type\":\"WebPage\",\"@id\":\"https:\\\/\\\/lasentinelle.dz\\\/index.php\\\/2022\\\/10\\\/12\\\/declaration-de-politique-generale-les-senateurs-encensent-le-bilan-du-gouvernement\\\/\",\"url\":\"https:\\\/\\\/lasentinelle.dz\\\/index.php\\\/2022\\\/10\\\/12\\\/declaration-de-politique-generale-les-senateurs-encensent-le-bilan-du-gouvernement\\\/\",\"name\":\"D\u00e9claration de politique g\u00e9n\u00e9rale\u00a0: Les s\u00e9nateurs encensent le bilan du Gouvernement - La Sentinelle\",\"isPartOf\":{\"@id\":\"https:\\\/\\\/lasentinelle.dz\\\/#website\"},\"primaryImageOfPage\":{\"@id\":\"https:\\\/\\\/lasentinelle.dz\\\/index.php\\\/2022\\\/10\\\/12\\\/declaration-de-politique-generale-les-senateurs-encensent-le-bilan-du-gouvernement\\\/#primaryimage\"},\"image\":{\"@id\":\"https:\\\/\\\/lasentinelle.dz\\\/index.php\\\/2022\\\/10\\\/12\\\/declaration-de-politique-generale-les-senateurs-encensent-le-bilan-du-gouvernement\\\/#primaryimage\"},\"thumbnailUrl\":\"https:\\\/\\\/lasentinelle.dz\\\/wp-content\\\/uploads\\\/2021\\\/11\\\/consiel.jpg\",\"datePublished\":\"2022-10-12T21:05:00+00:00\",\"breadcrumb\":{\"@id\":\"https:\\\/\\\/lasentinelle.dz\\\/index.php\\\/2022\\\/10\\\/12\\\/declaration-de-politique-generale-les-senateurs-encensent-le-bilan-du-gouvernement\\\/#breadcrumb\"},\"inLanguage\":\"fr-FR\",\"potentialAction\":[{\"@type\":\"ReadAction\",\"target\":[\"https:\\\/\\\/lasentinelle.dz\\\/index.php\\\/2022\\\/10\\\/12\\\/declaration-de-politique-generale-les-senateurs-encensent-le-bilan-du-gouvernement\\\/\"]}]},{\"@type\":\"ImageObject\",\"inLanguage\":\"fr-FR\",\"@id\":\"https:\\\/\\\/lasentinelle.dz\\\/index.php\\\/2022\\\/10\\\/12\\\/declaration-de-politique-generale-les-senateurs-encensent-le-bilan-du-gouvernement\\\/#primaryimage\",\"url\":\"https:\\\/\\\/lasentinelle.dz\\\/wp-content\\\/uploads\\\/2021\\\/11\\\/consiel.jpg\",\"contentUrl\":\"https:\\\/\\\/lasentinelle.dz\\\/wp-content\\\/uploads\\\/2021\\\/11\\\/consiel.jpg\",\"width\":745,\"height\":470},{\"@type\":\"BreadcrumbList\",\"@id\":\"https:\\\/\\\/lasentinelle.dz\\\/index.php\\\/2022\\\/10\\\/12\\\/declaration-de-politique-generale-les-senateurs-encensent-le-bilan-du-gouvernement\\\/#breadcrumb\",\"itemListElement\":[{\"@type\":\"ListItem\",\"position\":1,\"name\":\"Accueil\",\"item\":\"https:\\\/\\\/lasentinelle.dz\\\/\"},{\"@type\":\"ListItem\",\"position\":2,\"name\":\"D\u00e9claration de politique g\u00e9n\u00e9rale\u00a0: Les s\u00e9nateurs encensent le bilan du Gouvernement\"}]},{\"@type\":\"WebSite\",\"@id\":\"https:\\\/\\\/lasentinelle.dz\\\/#website\",\"url\":\"https:\\\/\\\/lasentinelle.dz\\\/\",\"name\":\"La Sentinelle\",\"description\":\"Quotidien national d&#039;information\",\"publisher\":{\"@id\":\"https:\\\/\\\/lasentinelle.dz\\\/#organization\"},\"potentialAction\":[{\"@type\":\"SearchAction\",\"target\":{\"@type\":\"EntryPoint\",\"urlTemplate\":\"https:\\\/\\\/lasentinelle.dz\\\/?s={search_term_string}\"},\"query-input\":{\"@type\":\"PropertyValueSpecification\",\"valueRequired\":true,\"valueName\":\"search_term_string\"}}],\"inLanguage\":\"fr-FR\"},{\"@type\":\"Organization\",\"@id\":\"https:\\\/\\\/lasentinelle.dz\\\/#organization\",\"name\":\"Quotidien La Sentinelle\",\"url\":\"https:\\\/\\\/lasentinelle.dz\\\/\",\"logo\":{\"@type\":\"ImageObject\",\"inLanguage\":\"fr-FR\",\"@id\":\"https:\\\/\\\/lasentinelle.dz\\\/#\\\/schema\\\/logo\\\/image\\\/\",\"url\":\"https:\\\/\\\/lasentinelle.dz\\\/wp-content\\\/uploads\\\/2021\\\/09\\\/logo-sentinelleSLOGAN-1.png\",\"contentUrl\":\"https:\\\/\\\/lasentinelle.dz\\\/wp-content\\\/uploads\\\/2021\\\/09\\\/logo-sentinelleSLOGAN-1.png\",\"width\":615,\"height\":142,\"caption\":\"Quotidien La Sentinelle\"},\"image\":{\"@id\":\"https:\\\/\\\/lasentinelle.dz\\\/#\\\/schema\\\/logo\\\/image\\\/\"},\"sameAs\":[\"https:\\\/\\\/www.facebook.com\\\/La-Sentinelle-104059864394773\"]},{\"@type\":\"Person\",\"@id\":\"https:\\\/\\\/lasentinelle.dz\\\/#\\\/schema\\\/person\\\/d865044e22e70a75174ce8bcad3acfb3\",\"name\":\"La Sentinelle\",\"image\":{\"@type\":\"ImageObject\",\"inLanguage\":\"fr-FR\",\"@id\":\"https:\\\/\\\/secure.gravatar.com\\\/avatar\\\/57de8e5d4b15d43fb361a71fbb36338450fe67865b528a43dd10ef7c51a20392?s=96&d=mm&r=g\",\"url\":\"https:\\\/\\\/secure.gravatar.com\\\/avatar\\\/57de8e5d4b15d43fb361a71fbb36338450fe67865b528a43dd10ef7c51a20392?s=96&d=mm&r=g\",\"contentUrl\":\"https:\\\/\\\/secure.gravatar.com\\\/avatar\\\/57de8e5d4b15d43fb361a71fbb36338450fe67865b528a43dd10ef7c51a20392?s=96&d=mm&r=g\",\"caption\":\"La Sentinelle\"},\"sameAs\":[\"http:\\\/\\\/www.lasentinelle.dz\"],\"url\":\"https:\\\/\\\/lasentinelle.dz\\\/author\\\/redaction\\\/\"}]}<\/script>\n<!-- \/ Yoast SEO plugin. -->","yoast_head_json":{"title":"D\u00e9claration de politique g\u00e9n\u00e9rale\u00a0: Les s\u00e9nateurs encensent le bilan du Gouvernement - La Sentinelle","robots":{"index":"index","follow":"follow","max-snippet":"max-snippet:-1","max-image-preview":"max-image-preview:large","max-video-preview":"max-video-preview:-1"},"canonical":"https:\/\/lasentinelle.dz\/index.php\/2022\/10\/12\/declaration-de-politique-generale-les-senateurs-encensent-le-bilan-du-gouvernement\/","og_locale":"fr_FR","og_type":"article","og_title":"D\u00e9claration de politique g\u00e9n\u00e9rale\u00a0: Les s\u00e9nateurs encensent le bilan du Gouvernement - La Sentinelle","og_description":"La majorit\u00e9 des membres du Conseil de la Nation intervenant, mercredi, lors de la pl\u00e9ni\u00e8re consacr\u00e9e au d\u00e9bat autour de","og_url":"https:\/\/lasentinelle.dz\/index.php\/2022\/10\/12\/declaration-de-politique-generale-les-senateurs-encensent-le-bilan-du-gouvernement\/","og_site_name":"La Sentinelle","article_publisher":"https:\/\/www.facebook.com\/La-Sentinelle-104059864394773","article_published_time":"2022-10-12T21:05:00+00:00","og_image":[{"width":745,"height":470,"url":"https:\/\/lasentinelle.dz\/wp-content\/uploads\/2021\/11\/consiel.jpg","type":"image\/jpeg"}],"author":"La Sentinelle","twitter_card":"summary_large_image","twitter_misc":{"\u00c9crit par":"La Sentinelle","Dur\u00e9e de lecture estim\u00e9e":"3 minutes"},"schema":{"@context":"https:\/\/schema.org","@graph":[{"@type":"Article","@id":"https:\/\/lasentinelle.dz\/index.php\/2022\/10\/12\/declaration-de-politique-generale-les-senateurs-encensent-le-bilan-du-gouvernement\/#article","isPartOf":{"@id":"https:\/\/lasentinelle.dz\/index.php\/2022\/10\/12\/declaration-de-politique-generale-les-senateurs-encensent-le-bilan-du-gouvernement\/"},"author":{"name":"La Sentinelle","@id":"https:\/\/lasentinelle.dz\/#\/schema\/person\/d865044e22e70a75174ce8bcad3acfb3"},"headline":"D\u00e9claration de politique g\u00e9n\u00e9rale\u00a0: Les s\u00e9nateurs encensent le bilan du Gouvernement","datePublished":"2022-10-12T21:05:00+00:00","mainEntityOfPage":{"@id":"https:\/\/lasentinelle.dz\/index.php\/2022\/10\/12\/declaration-de-politique-generale-les-senateurs-encensent-le-bilan-du-gouvernement\/"},"wordCount":509,"commentCount":0,"publisher":{"@id":"https:\/\/lasentinelle.dz\/#organization"},"image":{"@id":"https:\/\/lasentinelle.dz\/index.php\/2022\/10\/12\/declaration-de-politique-generale-les-senateurs-encensent-le-bilan-du-gouvernement\/#primaryimage"},"thumbnailUrl":"https:\/\/lasentinelle.dz\/wp-content\/uploads\/2021\/11\/consiel.jpg","articleSection":["Actualit\u00e9"],"inLanguage":"fr-FR","potentialAction":[{"@type":"CommentAction","name":"Comment","target":["https:\/\/lasentinelle.dz\/index.php\/2022\/10\/12\/declaration-de-politique-generale-les-senateurs-encensent-le-bilan-du-gouvernement\/#respond"]}]},{"@type":"WebPage","@id":"https:\/\/lasentinelle.dz\/index.php\/2022\/10\/12\/declaration-de-politique-generale-les-senateurs-encensent-le-bilan-du-gouvernement\/","url":"https:\/\/lasentinelle.dz\/index.php\/2022\/10\/12\/declaration-de-politique-generale-les-senateurs-encensent-le-bilan-du-gouvernement\/","name":"D\u00e9claration de politique g\u00e9n\u00e9rale\u00a0: Les s\u00e9nateurs encensent le bilan du Gouvernement - La Sentinelle","isPartOf":{"@id":"https:\/\/lasentinelle.dz\/#website"},"primaryImageOfPage":{"@id":"https:\/\/lasentinelle.dz\/index.php\/2022\/10\/12\/declaration-de-politique-generale-les-senateurs-encensent-le-bilan-du-gouvernement\/#primaryimage"},"image":{"@id":"https:\/\/lasentinelle.dz\/index.php\/2022\/10\/12\/declaration-de-politique-generale-les-senateurs-encensent-le-bilan-du-gouvernement\/#primaryimage"},"thumbnailUrl":"https:\/\/lasentinelle.dz\/wp-content\/uploads\/2021\/11\/consiel.jpg","datePublished":"2022-10-12T21:05:00+00:00","breadcrumb":{"@id":"https:\/\/lasentinelle.dz\/index.php\/2022\/10\/12\/declaration-de-politique-generale-les-senateurs-encensent-le-bilan-du-gouvernement\/#breadcrumb"},"inLanguage":"fr-FR","potentialAction":[{"@type":"ReadAction","target":["https:\/\/lasentinelle.dz\/index.php\/2022\/10\/12\/declaration-de-politique-generale-les-senateurs-encensent-le-bilan-du-gouvernement\/"]}]},{"@type":"ImageObject","inLanguage":"fr-FR","@id":"https:\/\/lasentinelle.dz\/index.php\/2022\/10\/12\/declaration-de-politique-generale-les-senateurs-encensent-le-bilan-du-gouvernement\/#primaryimage","url":"https:\/\/lasentinelle.dz\/wp-content\/uploads\/2021\/11\/consiel.jpg","contentUrl":"https:\/\/lasentinelle.dz\/wp-content\/uploads\/2021\/11\/consiel.jpg","width":745,"height":470},{"@type":"BreadcrumbList","@id":"https:\/\/lasentinelle.dz\/index.php\/2022\/10\/12\/declaration-de-politique-generale-les-senateurs-encensent-le-bilan-du-gouvernement\/#breadcrumb","itemListElement":[{"@type":"ListItem","position":1,"name":"Accueil","item":"https:\/\/lasentinelle.dz\/"},{"@type":"ListItem","position":2,"name":"D\u00e9claration de politique g\u00e9n\u00e9rale\u00a0: Les s\u00e9nateurs encensent le bilan du Gouvernement"}]},{"@type":"WebSite","@id":"https:\/\/lasentinelle.dz\/#website","url":"https:\/\/lasentinelle.dz\/","name":"La Sentinelle","description":"Quotidien national d&#039;information","publisher":{"@id":"https:\/\/lasentinelle.dz\/#organization"},"potentialAction":[{"@type":"SearchAction","target":{"@type":"EntryPoint","urlTemplate":"https:\/\/lasentinelle.dz\/?s={search_term_string}"},"query-input":{"@type":"PropertyValueSpecification","valueRequired":true,"valueName":"search_term_string"}}],"inLanguage":"fr-FR"},{"@type":"Organization","@id":"https:\/\/lasentinelle.dz\/#organization","name":"Quotidien La Sentinelle","url":"https:\/\/lasentinelle.dz\/","logo":{"@type":"ImageObject","inLanguage":"fr-FR","@id":"https:\/\/lasentinelle.dz\/#\/schema\/logo\/image\/","url":"https:\/\/lasentinelle.dz\/wp-content\/uploads\/2021\/09\/logo-sentinelleSLOGAN-1.png","contentUrl":"https:\/\/lasentinelle.dz\/wp-content\/uploads\/2021\/09\/logo-sentinelleSLOGAN-1.png","width":615,"height":142,"caption":"Quotidien La Sentinelle"},"image":{"@id":"https:\/\/lasentinelle.dz\/#\/schema\/logo\/image\/"},"sameAs":["https:\/\/www.facebook.com\/La-Sentinelle-104059864394773"]},{"@type":"Person","@id":"https:\/\/lasentinelle.dz\/#\/schema\/person\/d865044e22e70a75174ce8bcad3acfb3","name":"La Sentinelle","image":{"@type":"ImageObject","inLanguage":"fr-FR","@id":"https:\/\/secure.gravatar.com\/avatar\/57de8e5d4b15d43fb361a71fbb36338450fe67865b528a43dd10ef7c51a20392?s=96&d=mm&r=g","url":"https:\/\/secure.gravatar.com\/avatar\/57de8e5d4b15d43fb361a71fbb36338450fe67865b528a43dd10ef7c51a20392?s=96&d=mm&r=g","contentUrl":"https:\/\/secure.gravatar.com\/avatar\/57de8e5d4b15d43fb361a71fbb36338450fe67865b528a43dd10ef7c51a20392?s=96&d=mm&r=g","caption":"La Sentinelle"},"sameAs":["http:\/\/www.lasentinelle.dz"],"url":"https:\/\/lasentinelle.dz\/author\/redaction\/"}]}},"_links":{"self":[{"href":"https:\/\/lasentinelle.dz\/index.php\/wp-json\/wp\/v2\/posts\/28890","targetHints":{"allow":["GET"]}}],"collection":[{"href":"https:\/\/lasentinelle.dz\/index.php\/wp-json\/wp\/v2\/posts"}],"about":[{"href":"https:\/\/lasentinelle.dz\/index.php\/wp-json\/wp\/v2\/types\/post"}],"author":[{"embeddable":true,"href":"https:\/\/lasentinelle.dz\/index.php\/wp-json\/wp\/v2\/users\/3"}],"replies":[{"embeddable":true,"href":"https:\/\/lasentinelle.dz\/index.php\/wp-json\/wp\/v2\/comments?post=28890"}],"version-history":[{"count":1,"href":"https:\/\/lasentinelle.dz\/index.php\/wp-json\/wp\/v2\/posts\/28890\/revisions"}],"predecessor-version":[{"id":28900,"href":"https:\/\/lasentinelle.dz\/index.php\/wp-json\/wp\/v2\/posts\/28890\/revisions\/28900"}],"wp:featuredmedia":[{"embeddable":true,"href":"https:\/\/lasentinelle.dz\/index.php\/wp-json\/wp\/v2\/media\/14292"}],"wp:attachment":[{"href":"https:\/\/lasentinelle.dz\/index.php\/wp-json\/wp\/v2\/media?parent=28890"}],"wp:term":[{"taxonomy":"category","embeddable":true,"href":"https:\/\/lasentinelle.dz\/index.php\/wp-json\/wp\/v2\/categories?post=28890"},{"taxonomy":"post_tag","embeddable":true,"href":"https:\/\/lasentinelle.dz\/index.php\/wp-json\/wp\/v2\/tags?post=28890"}],"curies":[{"name":"wp","href":"https:\/\/api.w.org\/{rel}","templated":true}]}}