{"id":28898,"date":"2022-10-12T22:08:00","date_gmt":"2022-10-12T21:08:00","guid":{"rendered":"https:\/\/lasentinelle.dz\/?p=28898"},"modified":"2022-10-12T20:54:35","modified_gmt":"2022-10-12T19:54:35","slug":"election-locale-partielle-du-15-octobre-place-au-verdict-des-urnes","status":"publish","type":"post","link":"https:\/\/lasentinelle.dz\/index.php\/2022\/10\/12\/election-locale-partielle-du-15-octobre-place-au-verdict-des-urnes\/","title":{"rendered":"Election locale partielle du 15 octobre\u00a0: Place au verdict des urnes"},"content":{"rendered":"\n<p>La campagne \u00e9lectorale pour l&rsquo;\u00e9lection locale partielle devant avoir lieu ce samedi 15 octobre, au niveau de six communes des wilayas de B\u00e9jaia et Tizi Ouzou, s&rsquo;est termin\u00e9e mardi \u00e0 minuit.<\/p>\n\n\n\n<p>Certaines formations politiques, \u00e0 l&rsquo;image du Front de lib\u00e9ration nationale (FLN) et le Rassemblement national d\u00e9mocratique (RND) ont multipli\u00e9 les sorties, notamment durant cette derni\u00e8re semaine de la campagne, dans l&rsquo;espoir de mobiliser l&rsquo;\u00e9lectorat dans une r\u00e9gion o\u00f9 les rendez-vous \u00e9lectoraux sont caract\u00e9ris\u00e9s ces derni\u00e8res ann\u00e9es par une d\u00e9saffection populaire importante. Mardi, soit \u00e0 quelques heures de la fin de la campagne, c&rsquo;est le premier responsable du FLN, Abou El Fadl Baadji, qui s&rsquo;\u00e9tait d\u00e9plac\u00e9 \u00e0 Akbou, dans la wilaya de B\u00e9jaia, pour animer un meeting. Deux jours auparavant, le secr\u00e9taire g\u00e9n\u00e9ral du RND, Tayeb Zitouni, en avait fait de m\u00eame au niveau de cette m\u00eame localit\u00e9, la plus importante, en terme de nombre d&rsquo;\u00e9lecteurs, sur les six concern\u00e9es. Les deux chefs de partis avaient appel\u00e9 la population \u00e0 participer massivement \u00e0 cette \u00e9lection. Le Front des forces socialistes (FFS), formation politique ayant pourtant une base militante importante dans la r\u00e9gion, a \u00e9t\u00e9 moins pr\u00e9sent, pour ce qui est de sa direction, sachant qu&rsquo;il n&rsquo;a pr\u00e9sent\u00e9 que deux listes sur les six communes, une \u00e0 B\u00e9jaia et une \u00e0 Tizi Ouzou. Lors d&rsquo;une conf\u00e9rence de presse anim\u00e9e le 6 septembre dernier, le pr\u00e9sident de l\u2019Autorit\u00e9 nationale ind\u00e9pendante des \u00e9lections (ANIE), Mohamed Charfi, avait indiqu\u00e9 que 401 candidats \u00e9taient en lice pour les 90 si\u00e8ges en jeu dans ces six communes, \u00e0 savoir Feraoun, M\u2019cisna, Toudja et Akbou dans la wilaya de B\u00e9jaia, et Ait Mahmoud et Ait Boumahdi dans la wilaya de Tizi-Ouzou, o\u00f9 les \u00e9lections n&rsquo;ont pu se tenir le 27 novembre 2021 faute candidats. Il avait ajout\u00e9 que 53 dossiers, dont 38 de partis politiques et 15 d\u2019ind\u00e9pendants, avaient \u00e9t\u00e9 retir\u00e9s. Les partis politiques qui ont donc d\u00e9pos\u00e9 des dossiers sont le Front des forces socialistes (FFS), Front de lib\u00e9ration national (FLN), Rassemblement national d\u00e9mocratique (RND), Front Al Mostaqbal, Al Binaa et le Mouvement de la jeunesse alg\u00e9rienne (MJA). Le dernier d\u00e9lai pour le d\u00e9p\u00f4t des candidatures avait \u00e9t\u00e9 fix\u00e9 au 25 ao\u00fbt dernier. L&rsquo;ANIE avait m\u00eame pris le soin de le proroger de quelques heures, du moins pour ce qui est du d\u00e9p\u00f4t des dossiers au niveau des d\u00e9l\u00e9gations communales de l&rsquo;ANIE, afin de faciliter les choses pour les diff\u00e9rents candidats. La campagne \u00e9lectorale a donc d\u00e9but\u00e9 le 22 septembre dernier pour une dur\u00e9e de vingt jours comme stipul\u00e9 dans la loi \u00e9lectorale. M\u00eame si l&rsquo;\u00e9lection ne concerne que six communes, Mohamed Charfi, avait tenu \u00e0 affirmer, lors de sa conf\u00e9rence de presse, que l&rsquo;op\u00e9ration n\u00e9cessite beaucoup de moyens. Il a cit\u00e9 l&rsquo;exemple de la commune d&rsquo;Akbou, avec 23 si\u00e8ges en jeu, pour laquelle il faut mobiliser 539 encadreurs pour 14 centres et 67 bureaux de vote. Il faut rappeler, en dernier lieu, que c\u2019est le 17 juillet dernier que le corps \u00e9lectoral avait \u00e9t\u00e9 convoqu\u00e9 par le pr\u00e9sident de la R\u00e9publique, Abdelmadjid Tebboune, en vue de ces \u00e9lections partielles. Depuis le 27 novembre dernier, et cons\u00e9quemment \u00e0 la fin de mandat des pr\u00e9c\u00e9dents \u00e9lus, ces six communes sont g\u00e9r\u00e9es par des administrateurs.<\/p>\n\n\n\n<p><strong>Elyas Nour<\/strong><\/p>\n","protected":false},"excerpt":{"rendered":"<p>La campagne \u00e9lectorale pour l&rsquo;\u00e9lection locale partielle devant avoir lieu ce samedi 15 octobre, au niveau de six communes des<\/p>\n","protected":false},"author":3,"featured_media":28899,"comment_status":"open","ping_status":"closed","sticky":false,"template":"","format":"standard","meta":{"colormag_page_container_layout":"default_layout","colormag_page_sidebar_layout":"default_layout","om_disable_all_campaigns":false,"_monsterinsights_skip_tracking":false,"_monsterinsights_sitenote_active":false,"_monsterinsights_sitenote_note":"","_monsterinsights_sitenote_category":0,"footnotes":"","_wpscppro_dont_share_socialmedia":false,"_wpscppro_custom_social_share_image":0,"_facebook_share_type":"","_twitter_share_type":"","_linkedin_share_type":"","_pinterest_share_type":"","_linkedin_share_type_page":"","_instagram_share_type":"","_medium_share_type":"","_threads_share_type":"","_google_business_share_type":"","_selected_social_profile":[],"_wpsp_enable_custom_social_template":false,"_wpsp_social_scheduling":{"enabled":false,"datetime":null,"platforms":[],"status":"template_only","dateOption":"today","timeOption":"now","customDays":"","customHours":"","customDate":"","customTime":"","schedulingType":"absolute"},"_wpsp_active_default_template":true},"categories":[52,27],"tags":[],"class_list":["post-28898","post","type-post","status-publish","format-standard","has-post-thumbnail","hentry","category-a-la-une","category-actualite"],"aioseo_notices":[],"yoast_head":"<!-- This site is optimized with the Yoast SEO plugin v27.5 - https:\/\/yoast.com\/product\/yoast-seo-wordpress\/ -->\n<title>Election locale partielle du 15 octobre\u00a0: Place au verdict des urnes - La Sentinelle<\/title>\n<meta name=\"robots\" content=\"index, follow, max-snippet:-1, max-image-preview:large, max-video-preview:-1\" \/>\n<link rel=\"canonical\" href=\"https:\/\/lasentinelle.dz\/index.php\/2022\/10\/12\/election-locale-partielle-du-15-octobre-place-au-verdict-des-urnes\/\" \/>\n<meta property=\"og:locale\" content=\"fr_FR\" \/>\n<meta property=\"og:type\" content=\"article\" \/>\n<meta property=\"og:title\" content=\"Election locale partielle du 15 octobre\u00a0: Place au verdict des urnes - La Sentinelle\" \/>\n<meta property=\"og:description\" content=\"La campagne \u00e9lectorale pour l&rsquo;\u00e9lection locale partielle devant avoir lieu ce samedi 15 octobre, au niveau de six communes des\" \/>\n<meta property=\"og:url\" content=\"https:\/\/lasentinelle.dz\/index.php\/2022\/10\/12\/election-locale-partielle-du-15-octobre-place-au-verdict-des-urnes\/\" \/>\n<meta property=\"og:site_name\" content=\"La Sentinelle\" \/>\n<meta property=\"article:publisher\" content=\"https:\/\/www.facebook.com\/La-Sentinelle-104059864394773\" \/>\n<meta property=\"article:published_time\" content=\"2022-10-12T21:08:00+00:00\" \/>\n<meta property=\"og:image\" content=\"https:\/\/lasentinelle.dz\/wp-content\/uploads\/2022\/10\/vote.png\" \/>\n\t<meta property=\"og:image:width\" content=\"1353\" \/>\n\t<meta property=\"og:image:height\" content=\"900\" \/>\n\t<meta property=\"og:image:type\" content=\"image\/png\" \/>\n<meta name=\"author\" content=\"La Sentinelle\" \/>\n<meta name=\"twitter:card\" content=\"summary_large_image\" \/>\n<meta name=\"twitter:label1\" content=\"\u00c9crit par\" \/>\n\t<meta name=\"twitter:data1\" content=\"La Sentinelle\" \/>\n\t<meta name=\"twitter:label2\" content=\"Dur\u00e9e de lecture estim\u00e9e\" \/>\n\t<meta name=\"twitter:data2\" content=\"3 minutes\" \/>\n<script type=\"application\/ld+json\" class=\"yoast-schema-graph\">{\"@context\":\"https:\\\/\\\/schema.org\",\"@graph\":[{\"@type\":\"Article\",\"@id\":\"https:\\\/\\\/lasentinelle.dz\\\/index.php\\\/2022\\\/10\\\/12\\\/election-locale-partielle-du-15-octobre-place-au-verdict-des-urnes\\\/#article\",\"isPartOf\":{\"@id\":\"https:\\\/\\\/lasentinelle.dz\\\/index.php\\\/2022\\\/10\\\/12\\\/election-locale-partielle-du-15-octobre-place-au-verdict-des-urnes\\\/\"},\"author\":{\"name\":\"La Sentinelle\",\"@id\":\"https:\\\/\\\/lasentinelle.dz\\\/#\\\/schema\\\/person\\\/d865044e22e70a75174ce8bcad3acfb3\"},\"headline\":\"Election locale partielle du 15 octobre\u00a0: Place au verdict des urnes\",\"datePublished\":\"2022-10-12T21:08:00+00:00\",\"mainEntityOfPage\":{\"@id\":\"https:\\\/\\\/lasentinelle.dz\\\/index.php\\\/2022\\\/10\\\/12\\\/election-locale-partielle-du-15-octobre-place-au-verdict-des-urnes\\\/\"},\"wordCount\":592,\"commentCount\":0,\"publisher\":{\"@id\":\"https:\\\/\\\/lasentinelle.dz\\\/#organization\"},\"image\":{\"@id\":\"https:\\\/\\\/lasentinelle.dz\\\/index.php\\\/2022\\\/10\\\/12\\\/election-locale-partielle-du-15-octobre-place-au-verdict-des-urnes\\\/#primaryimage\"},\"thumbnailUrl\":\"https:\\\/\\\/lasentinelle.dz\\\/wp-content\\\/uploads\\\/2022\\\/10\\\/vote.png\",\"articleSection\":[\"\u00c0 la Une\",\"Actualit\u00e9\"],\"inLanguage\":\"fr-FR\",\"potentialAction\":[{\"@type\":\"CommentAction\",\"name\":\"Comment\",\"target\":[\"https:\\\/\\\/lasentinelle.dz\\\/index.php\\\/2022\\\/10\\\/12\\\/election-locale-partielle-du-15-octobre-place-au-verdict-des-urnes\\\/#respond\"]}]},{\"@type\":\"WebPage\",\"@id\":\"https:\\\/\\\/lasentinelle.dz\\\/index.php\\\/2022\\\/10\\\/12\\\/election-locale-partielle-du-15-octobre-place-au-verdict-des-urnes\\\/\",\"url\":\"https:\\\/\\\/lasentinelle.dz\\\/index.php\\\/2022\\\/10\\\/12\\\/election-locale-partielle-du-15-octobre-place-au-verdict-des-urnes\\\/\",\"name\":\"Election locale partielle du 15 octobre\u00a0: Place au verdict des urnes - La Sentinelle\",\"isPartOf\":{\"@id\":\"https:\\\/\\\/lasentinelle.dz\\\/#website\"},\"primaryImageOfPage\":{\"@id\":\"https:\\\/\\\/lasentinelle.dz\\\/index.php\\\/2022\\\/10\\\/12\\\/election-locale-partielle-du-15-octobre-place-au-verdict-des-urnes\\\/#primaryimage\"},\"image\":{\"@id\":\"https:\\\/\\\/lasentinelle.dz\\\/index.php\\\/2022\\\/10\\\/12\\\/election-locale-partielle-du-15-octobre-place-au-verdict-des-urnes\\\/#primaryimage\"},\"thumbnailUrl\":\"https:\\\/\\\/lasentinelle.dz\\\/wp-content\\\/uploads\\\/2022\\\/10\\\/vote.png\",\"datePublished\":\"2022-10-12T21:08:00+00:00\",\"breadcrumb\":{\"@id\":\"https:\\\/\\\/lasentinelle.dz\\\/index.php\\\/2022\\\/10\\\/12\\\/election-locale-partielle-du-15-octobre-place-au-verdict-des-urnes\\\/#breadcrumb\"},\"inLanguage\":\"fr-FR\",\"potentialAction\":[{\"@type\":\"ReadAction\",\"target\":[\"https:\\\/\\\/lasentinelle.dz\\\/index.php\\\/2022\\\/10\\\/12\\\/election-locale-partielle-du-15-octobre-place-au-verdict-des-urnes\\\/\"]}]},{\"@type\":\"ImageObject\",\"inLanguage\":\"fr-FR\",\"@id\":\"https:\\\/\\\/lasentinelle.dz\\\/index.php\\\/2022\\\/10\\\/12\\\/election-locale-partielle-du-15-octobre-place-au-verdict-des-urnes\\\/#primaryimage\",\"url\":\"https:\\\/\\\/lasentinelle.dz\\\/wp-content\\\/uploads\\\/2022\\\/10\\\/vote.png\",\"contentUrl\":\"https:\\\/\\\/lasentinelle.dz\\\/wp-content\\\/uploads\\\/2022\\\/10\\\/vote.png\",\"width\":1353,\"height\":900},{\"@type\":\"BreadcrumbList\",\"@id\":\"https:\\\/\\\/lasentinelle.dz\\\/index.php\\\/2022\\\/10\\\/12\\\/election-locale-partielle-du-15-octobre-place-au-verdict-des-urnes\\\/#breadcrumb\",\"itemListElement\":[{\"@type\":\"ListItem\",\"position\":1,\"name\":\"Accueil\",\"item\":\"https:\\\/\\\/lasentinelle.dz\\\/\"},{\"@type\":\"ListItem\",\"position\":2,\"name\":\"Election locale partielle du 15 octobre\u00a0: Place au verdict des urnes\"}]},{\"@type\":\"WebSite\",\"@id\":\"https:\\\/\\\/lasentinelle.dz\\\/#website\",\"url\":\"https:\\\/\\\/lasentinelle.dz\\\/\",\"name\":\"La Sentinelle\",\"description\":\"Quotidien national d&#039;information\",\"publisher\":{\"@id\":\"https:\\\/\\\/lasentinelle.dz\\\/#organization\"},\"potentialAction\":[{\"@type\":\"SearchAction\",\"target\":{\"@type\":\"EntryPoint\",\"urlTemplate\":\"https:\\\/\\\/lasentinelle.dz\\\/?s={search_term_string}\"},\"query-input\":{\"@type\":\"PropertyValueSpecification\",\"valueRequired\":true,\"valueName\":\"search_term_string\"}}],\"inLanguage\":\"fr-FR\"},{\"@type\":\"Organization\",\"@id\":\"https:\\\/\\\/lasentinelle.dz\\\/#organization\",\"name\":\"Quotidien La Sentinelle\",\"url\":\"https:\\\/\\\/lasentinelle.dz\\\/\",\"logo\":{\"@type\":\"ImageObject\",\"inLanguage\":\"fr-FR\",\"@id\":\"https:\\\/\\\/lasentinelle.dz\\\/#\\\/schema\\\/logo\\\/image\\\/\",\"url\":\"https:\\\/\\\/lasentinelle.dz\\\/wp-content\\\/uploads\\\/2021\\\/09\\\/logo-sentinelleSLOGAN-1.png\",\"contentUrl\":\"https:\\\/\\\/lasentinelle.dz\\\/wp-content\\\/uploads\\\/2021\\\/09\\\/logo-sentinelleSLOGAN-1.png\",\"width\":615,\"height\":142,\"caption\":\"Quotidien La Sentinelle\"},\"image\":{\"@id\":\"https:\\\/\\\/lasentinelle.dz\\\/#\\\/schema\\\/logo\\\/image\\\/\"},\"sameAs\":[\"https:\\\/\\\/www.facebook.com\\\/La-Sentinelle-104059864394773\"]},{\"@type\":\"Person\",\"@id\":\"https:\\\/\\\/lasentinelle.dz\\\/#\\\/schema\\\/person\\\/d865044e22e70a75174ce8bcad3acfb3\",\"name\":\"La Sentinelle\",\"image\":{\"@type\":\"ImageObject\",\"inLanguage\":\"fr-FR\",\"@id\":\"https:\\\/\\\/secure.gravatar.com\\\/avatar\\\/57de8e5d4b15d43fb361a71fbb36338450fe67865b528a43dd10ef7c51a20392?s=96&d=mm&r=g\",\"url\":\"https:\\\/\\\/secure.gravatar.com\\\/avatar\\\/57de8e5d4b15d43fb361a71fbb36338450fe67865b528a43dd10ef7c51a20392?s=96&d=mm&r=g\",\"contentUrl\":\"https:\\\/\\\/secure.gravatar.com\\\/avatar\\\/57de8e5d4b15d43fb361a71fbb36338450fe67865b528a43dd10ef7c51a20392?s=96&d=mm&r=g\",\"caption\":\"La Sentinelle\"},\"sameAs\":[\"http:\\\/\\\/www.lasentinelle.dz\"],\"url\":\"https:\\\/\\\/lasentinelle.dz\\\/author\\\/redaction\\\/\"}]}<\/script>\n<!-- \/ Yoast SEO plugin. -->","yoast_head_json":{"title":"Election locale partielle du 15 octobre\u00a0: Place au verdict des urnes - La Sentinelle","robots":{"index":"index","follow":"follow","max-snippet":"max-snippet:-1","max-image-preview":"max-image-preview:large","max-video-preview":"max-video-preview:-1"},"canonical":"https:\/\/lasentinelle.dz\/index.php\/2022\/10\/12\/election-locale-partielle-du-15-octobre-place-au-verdict-des-urnes\/","og_locale":"fr_FR","og_type":"article","og_title":"Election locale partielle du 15 octobre\u00a0: Place au verdict des urnes - La Sentinelle","og_description":"La campagne \u00e9lectorale pour l&rsquo;\u00e9lection locale partielle devant avoir lieu ce samedi 15 octobre, au niveau de six communes des","og_url":"https:\/\/lasentinelle.dz\/index.php\/2022\/10\/12\/election-locale-partielle-du-15-octobre-place-au-verdict-des-urnes\/","og_site_name":"La Sentinelle","article_publisher":"https:\/\/www.facebook.com\/La-Sentinelle-104059864394773","article_published_time":"2022-10-12T21:08:00+00:00","og_image":[{"width":1353,"height":900,"url":"https:\/\/lasentinelle.dz\/wp-content\/uploads\/2022\/10\/vote.png","type":"image\/png"}],"author":"La Sentinelle","twitter_card":"summary_large_image","twitter_misc":{"\u00c9crit par":"La Sentinelle","Dur\u00e9e de lecture estim\u00e9e":"3 minutes"},"schema":{"@context":"https:\/\/schema.org","@graph":[{"@type":"Article","@id":"https:\/\/lasentinelle.dz\/index.php\/2022\/10\/12\/election-locale-partielle-du-15-octobre-place-au-verdict-des-urnes\/#article","isPartOf":{"@id":"https:\/\/lasentinelle.dz\/index.php\/2022\/10\/12\/election-locale-partielle-du-15-octobre-place-au-verdict-des-urnes\/"},"author":{"name":"La Sentinelle","@id":"https:\/\/lasentinelle.dz\/#\/schema\/person\/d865044e22e70a75174ce8bcad3acfb3"},"headline":"Election locale partielle du 15 octobre\u00a0: Place au verdict des urnes","datePublished":"2022-10-12T21:08:00+00:00","mainEntityOfPage":{"@id":"https:\/\/lasentinelle.dz\/index.php\/2022\/10\/12\/election-locale-partielle-du-15-octobre-place-au-verdict-des-urnes\/"},"wordCount":592,"commentCount":0,"publisher":{"@id":"https:\/\/lasentinelle.dz\/#organization"},"image":{"@id":"https:\/\/lasentinelle.dz\/index.php\/2022\/10\/12\/election-locale-partielle-du-15-octobre-place-au-verdict-des-urnes\/#primaryimage"},"thumbnailUrl":"https:\/\/lasentinelle.dz\/wp-content\/uploads\/2022\/10\/vote.png","articleSection":["\u00c0 la Une","Actualit\u00e9"],"inLanguage":"fr-FR","potentialAction":[{"@type":"CommentAction","name":"Comment","target":["https:\/\/lasentinelle.dz\/index.php\/2022\/10\/12\/election-locale-partielle-du-15-octobre-place-au-verdict-des-urnes\/#respond"]}]},{"@type":"WebPage","@id":"https:\/\/lasentinelle.dz\/index.php\/2022\/10\/12\/election-locale-partielle-du-15-octobre-place-au-verdict-des-urnes\/","url":"https:\/\/lasentinelle.dz\/index.php\/2022\/10\/12\/election-locale-partielle-du-15-octobre-place-au-verdict-des-urnes\/","name":"Election locale partielle du 15 octobre\u00a0: Place au verdict des urnes - La Sentinelle","isPartOf":{"@id":"https:\/\/lasentinelle.dz\/#website"},"primaryImageOfPage":{"@id":"https:\/\/lasentinelle.dz\/index.php\/2022\/10\/12\/election-locale-partielle-du-15-octobre-place-au-verdict-des-urnes\/#primaryimage"},"image":{"@id":"https:\/\/lasentinelle.dz\/index.php\/2022\/10\/12\/election-locale-partielle-du-15-octobre-place-au-verdict-des-urnes\/#primaryimage"},"thumbnailUrl":"https:\/\/lasentinelle.dz\/wp-content\/uploads\/2022\/10\/vote.png","datePublished":"2022-10-12T21:08:00+00:00","breadcrumb":{"@id":"https:\/\/lasentinelle.dz\/index.php\/2022\/10\/12\/election-locale-partielle-du-15-octobre-place-au-verdict-des-urnes\/#breadcrumb"},"inLanguage":"fr-FR","potentialAction":[{"@type":"ReadAction","target":["https:\/\/lasentinelle.dz\/index.php\/2022\/10\/12\/election-locale-partielle-du-15-octobre-place-au-verdict-des-urnes\/"]}]},{"@type":"ImageObject","inLanguage":"fr-FR","@id":"https:\/\/lasentinelle.dz\/index.php\/2022\/10\/12\/election-locale-partielle-du-15-octobre-place-au-verdict-des-urnes\/#primaryimage","url":"https:\/\/lasentinelle.dz\/wp-content\/uploads\/2022\/10\/vote.png","contentUrl":"https:\/\/lasentinelle.dz\/wp-content\/uploads\/2022\/10\/vote.png","width":1353,"height":900},{"@type":"BreadcrumbList","@id":"https:\/\/lasentinelle.dz\/index.php\/2022\/10\/12\/election-locale-partielle-du-15-octobre-place-au-verdict-des-urnes\/#breadcrumb","itemListElement":[{"@type":"ListItem","position":1,"name":"Accueil","item":"https:\/\/lasentinelle.dz\/"},{"@type":"ListItem","position":2,"name":"Election locale partielle du 15 octobre\u00a0: Place au verdict des urnes"}]},{"@type":"WebSite","@id":"https:\/\/lasentinelle.dz\/#website","url":"https:\/\/lasentinelle.dz\/","name":"La Sentinelle","description":"Quotidien national d&#039;information","publisher":{"@id":"https:\/\/lasentinelle.dz\/#organization"},"potentialAction":[{"@type":"SearchAction","target":{"@type":"EntryPoint","urlTemplate":"https:\/\/lasentinelle.dz\/?s={search_term_string}"},"query-input":{"@type":"PropertyValueSpecification","valueRequired":true,"valueName":"search_term_string"}}],"inLanguage":"fr-FR"},{"@type":"Organization","@id":"https:\/\/lasentinelle.dz\/#organization","name":"Quotidien La Sentinelle","url":"https:\/\/lasentinelle.dz\/","logo":{"@type":"ImageObject","inLanguage":"fr-FR","@id":"https:\/\/lasentinelle.dz\/#\/schema\/logo\/image\/","url":"https:\/\/lasentinelle.dz\/wp-content\/uploads\/2021\/09\/logo-sentinelleSLOGAN-1.png","contentUrl":"https:\/\/lasentinelle.dz\/wp-content\/uploads\/2021\/09\/logo-sentinelleSLOGAN-1.png","width":615,"height":142,"caption":"Quotidien La Sentinelle"},"image":{"@id":"https:\/\/lasentinelle.dz\/#\/schema\/logo\/image\/"},"sameAs":["https:\/\/www.facebook.com\/La-Sentinelle-104059864394773"]},{"@type":"Person","@id":"https:\/\/lasentinelle.dz\/#\/schema\/person\/d865044e22e70a75174ce8bcad3acfb3","name":"La Sentinelle","image":{"@type":"ImageObject","inLanguage":"fr-FR","@id":"https:\/\/secure.gravatar.com\/avatar\/57de8e5d4b15d43fb361a71fbb36338450fe67865b528a43dd10ef7c51a20392?s=96&d=mm&r=g","url":"https:\/\/secure.gravatar.com\/avatar\/57de8e5d4b15d43fb361a71fbb36338450fe67865b528a43dd10ef7c51a20392?s=96&d=mm&r=g","contentUrl":"https:\/\/secure.gravatar.com\/avatar\/57de8e5d4b15d43fb361a71fbb36338450fe67865b528a43dd10ef7c51a20392?s=96&d=mm&r=g","caption":"La Sentinelle"},"sameAs":["http:\/\/www.lasentinelle.dz"],"url":"https:\/\/lasentinelle.dz\/author\/redaction\/"}]}},"_links":{"self":[{"href":"https:\/\/lasentinelle.dz\/index.php\/wp-json\/wp\/v2\/posts\/28898","targetHints":{"allow":["GET"]}}],"collection":[{"href":"https:\/\/lasentinelle.dz\/index.php\/wp-json\/wp\/v2\/posts"}],"about":[{"href":"https:\/\/lasentinelle.dz\/index.php\/wp-json\/wp\/v2\/types\/post"}],"author":[{"embeddable":true,"href":"https:\/\/lasentinelle.dz\/index.php\/wp-json\/wp\/v2\/users\/3"}],"replies":[{"embeddable":true,"href":"https:\/\/lasentinelle.dz\/index.php\/wp-json\/wp\/v2\/comments?post=28898"}],"version-history":[{"count":1,"href":"https:\/\/lasentinelle.dz\/index.php\/wp-json\/wp\/v2\/posts\/28898\/revisions"}],"predecessor-version":[{"id":28901,"href":"https:\/\/lasentinelle.dz\/index.php\/wp-json\/wp\/v2\/posts\/28898\/revisions\/28901"}],"wp:featuredmedia":[{"embeddable":true,"href":"https:\/\/lasentinelle.dz\/index.php\/wp-json\/wp\/v2\/media\/28899"}],"wp:attachment":[{"href":"https:\/\/lasentinelle.dz\/index.php\/wp-json\/wp\/v2\/media?parent=28898"}],"wp:term":[{"taxonomy":"category","embeddable":true,"href":"https:\/\/lasentinelle.dz\/index.php\/wp-json\/wp\/v2\/categories?post=28898"},{"taxonomy":"post_tag","embeddable":true,"href":"https:\/\/lasentinelle.dz\/index.php\/wp-json\/wp\/v2\/tags?post=28898"}],"curies":[{"name":"wp","href":"https:\/\/api.w.org\/{rel}","templated":true}]}}