{"id":28960,"date":"2022-10-15T22:05:00","date_gmt":"2022-10-15T21:05:00","guid":{"rendered":"https:\/\/lasentinelle.dz\/?p=28960"},"modified":"2022-10-15T20:25:09","modified_gmt":"2022-10-15T19:25:09","slug":"une-plaque-commemorative-en-hommage-au-president-americain-john-f-kennedy-ami-de-la-revolution-consolider-les-rapports-de-cooperation-algero-americaine","status":"publish","type":"post","link":"https:\/\/lasentinelle.dz\/index.php\/2022\/10\/15\/une-plaque-commemorative-en-hommage-au-president-americain-john-f-kennedy-ami-de-la-revolution-consolider-les-rapports-de-cooperation-algero-americaine\/","title":{"rendered":"Une plaque comm\u00e9morative en hommage au pr\u00e9sident am\u00e9ricain John F. Kennedy, ami de la R\u00e9volution\u00a0: Consolider les rapports de coop\u00e9ration alg\u00e9ro-am\u00e9ricaine"},"content":{"rendered":"\n<p>Le ministre des Moudjahidine et des Ayants-droit, La\u00efd Rebiga a pr\u00e9sid\u00e9, hier \u00e0 Alger, la c\u00e9r\u00e9monie d&rsquo;inauguration d&rsquo;une plaque comm\u00e9morative en hommage \u00e0 l&rsquo;ami de la R\u00e9volution, l&rsquo;ancien pr\u00e9sident am\u00e9ricain, John Kennedy en reconnaissance \u00e0 ses positions soutenant la Guerre de lib\u00e9ration et l&rsquo;ind\u00e9pendance de l&rsquo;Alg\u00e9rie.La c\u00e9r\u00e9monie s&rsquo;est d\u00e9roul\u00e9e en pr\u00e9sence du Conseiller du pr\u00e9sident de la R\u00e9publique charg\u00e9 des Relations ext\u00e9rieures, M. Abdelhafidh Allahoum, du Conseiller du pr\u00e9sident de la R\u00e9publique charg\u00e9 des archives nationales et de la M\u00e9moire nationale, M. Abdelmadjid Chikhi et du conseiller du Pr\u00e9sident de la R\u00e9publique charg\u00e9 du cin\u00e9ma et de l&rsquo;audiovisuel, Ahmed Rachedi.Le secr\u00e9taire g\u00e9n\u00e9ral du minist\u00e8re des Affaires \u00e9trang\u00e8res et de la Communaut\u00e9 nationale \u00e0 l&rsquo;\u00e9tranger, M. Amar Belani et l\u2019ambassadrice des Etats-Unis \u00e0 Alger, Mme Elizabeth Moore Aubin, ont \u00e9galement pris part \u00e0 cette c\u00e9r\u00e9monie.<\/p>\n\n\n\n<p>Dans son intervention, M. Rebiga a affirm\u00e9 que cette plaque inaugur\u00e9e en hommage \u00e0 l&rsquo;ami de la R\u00e9volution alg\u00e9rienne, l&rsquo;ancien pr\u00e9sident am\u00e9ricain, John Fitzgerald Kennedy \u00ab\u00a0intervient en application de la d\u00e9cision du Pr\u00e9sident de la R\u00e9publique, M. Abdelmadjid Tebboune. Elle se veut une reconnaissance de l&rsquo;Alg\u00e9rie \u00e0 cet homme qui a exprim\u00e9 son soutien au droit du peuple alg\u00e9rien \u00e0 la libert\u00e9 et l&rsquo;ind\u00e9pendance\u00a0\u00bb.\u00a0\u00bbL&rsquo;hommage fait, en ce jour en particulier, \u00e0 cette grande personnalit\u00e9 internationale vient comm\u00e9morer la visite du regrett\u00e9 pr\u00e9sident, Ahmed Benbella aux Etats-Unis le 15 octobre 1962 et l&rsquo;accueil chaleureux qui lui a \u00e9t\u00e9 r\u00e9serv\u00e9 par le pr\u00e9sident Kennedy\u00a0\u00bb, a-t-il ajout\u00e9.Le Pr\u00e9sident Tebboune a \u00e9galement d\u00e9cid\u00e9 de \u00ab\u00a0d\u00e9cerner au d\u00e9funt pr\u00e9sident Kennedy la m\u00e9daille des amis de la R\u00e9volution\u00a0\u00bb, a fait savoir M. Rebiga, relevant qu'\u00a0\u00bbune c\u00e9r\u00e9monie sera organis\u00e9e prochainement pour la remise de cette m\u00e9daille\u00a0\u00bb.<\/p>\n\n\n\n<p>De son c\u00f4t\u00e9, l&rsquo;ambassadrice am\u00e9ricaine en Alg\u00e9rie, a \u00e9mis le v\u0153u de \u00ab\u00a0consolider les relations de coop\u00e9ration et d&rsquo;amiti\u00e9 avec l&rsquo;Alg\u00e9rie dans divers domaines, notamment les secteurs \u00e9conomiques et culturels\u00a0\u00bb, estimant que cette occasion \u00ab\u00a0est une opportunit\u00e9 pour faire connaitre son pays et son peuple, ainsi que l&rsquo;amiti\u00e9 privil\u00e9gi\u00e9e et solide entre l&rsquo;Alg\u00e9rie et les Etats-Unis\u00a0\u00bb. Elle a salu\u00e9, dans ce sens, ce geste envers John Kennedy qui a \u00ab\u00a0beaucoup apport\u00e9 \u00e0 la cause alg\u00e9rienne\u00a0\u00bb.La diplomate am\u00e9ricaine a annonc\u00e9, par la m\u00eame occasion, \u00ab\u00a0l&rsquo;ouverture prochaine d&rsquo;un centre culturel am\u00e9ricain dans la wilaya de B\u00e9char \u00e0 l&rsquo;image des autres centres culturels r\u00e9partis sur Alger, Oran, Ouargla et Constantine\u00a0\u00bb. Elle \u00e9galement rappel\u00e9 les discussions en cours pour l\u2019ouverture d\u2019une ligne a\u00e9rienne directe entre Alger et New York.<\/p>\n\n\n\n<p>R.N.<\/p>\n","protected":false},"excerpt":{"rendered":"<p>Le ministre des Moudjahidine et des Ayants-droit, La\u00efd Rebiga a pr\u00e9sid\u00e9, hier \u00e0 Alger, la c\u00e9r\u00e9monie d&rsquo;inauguration d&rsquo;une plaque comm\u00e9morative<\/p>\n","protected":false},"author":3,"featured_media":28998,"comment_status":"open","ping_status":"closed","sticky":false,"template":"","format":"standard","meta":{"colormag_page_container_layout":"default_layout","colormag_page_sidebar_layout":"default_layout","om_disable_all_campaigns":false,"_monsterinsights_skip_tracking":false,"_monsterinsights_sitenote_active":false,"_monsterinsights_sitenote_note":"","_monsterinsights_sitenote_category":0,"footnotes":"","_wpscppro_dont_share_socialmedia":false,"_wpscppro_custom_social_share_image":0,"_facebook_share_type":"","_twitter_share_type":"","_linkedin_share_type":"","_pinterest_share_type":"","_linkedin_share_type_page":"","_instagram_share_type":"","_medium_share_type":"","_threads_share_type":"","_google_business_share_type":"","_selected_social_profile":[],"_wpsp_enable_custom_social_template":false,"_wpsp_social_scheduling":{"enabled":false,"datetime":null,"platforms":[],"status":"template_only","dateOption":"today","timeOption":"now","customDays":"","customHours":"","customDate":"","customTime":"","schedulingType":"absolute"},"_wpsp_active_default_template":true},"categories":[27],"tags":[],"class_list":["post-28960","post","type-post","status-publish","format-standard","has-post-thumbnail","hentry","category-actualite"],"aioseo_notices":[],"yoast_head":"<!-- This site is optimized with the Yoast SEO plugin v27.5 - https:\/\/yoast.com\/product\/yoast-seo-wordpress\/ -->\n<title>Une plaque comm\u00e9morative en hommage au pr\u00e9sident am\u00e9ricain John F. Kennedy, ami de la R\u00e9volution\u00a0: Consolider les rapports de coop\u00e9ration alg\u00e9ro-am\u00e9ricaine - La Sentinelle<\/title>\n<meta name=\"robots\" content=\"index, follow, max-snippet:-1, max-image-preview:large, max-video-preview:-1\" \/>\n<link rel=\"canonical\" href=\"https:\/\/lasentinelle.dz\/index.php\/2022\/10\/15\/une-plaque-commemorative-en-hommage-au-president-americain-john-f-kennedy-ami-de-la-revolution-consolider-les-rapports-de-cooperation-algero-americaine\/\" \/>\n<meta property=\"og:locale\" content=\"fr_FR\" \/>\n<meta property=\"og:type\" content=\"article\" \/>\n<meta property=\"og:title\" content=\"Une plaque comm\u00e9morative en hommage au pr\u00e9sident am\u00e9ricain John F. Kennedy, ami de la R\u00e9volution\u00a0: Consolider les rapports de coop\u00e9ration alg\u00e9ro-am\u00e9ricaine - La Sentinelle\" \/>\n<meta property=\"og:description\" content=\"Le ministre des Moudjahidine et des Ayants-droit, La\u00efd Rebiga a pr\u00e9sid\u00e9, hier \u00e0 Alger, la c\u00e9r\u00e9monie d&rsquo;inauguration d&rsquo;une plaque comm\u00e9morative\" \/>\n<meta property=\"og:url\" content=\"https:\/\/lasentinelle.dz\/index.php\/2022\/10\/15\/une-plaque-commemorative-en-hommage-au-president-americain-john-f-kennedy-ami-de-la-revolution-consolider-les-rapports-de-cooperation-algero-americaine\/\" \/>\n<meta property=\"og:site_name\" content=\"La Sentinelle\" \/>\n<meta property=\"article:publisher\" content=\"https:\/\/www.facebook.com\/La-Sentinelle-104059864394773\" \/>\n<meta property=\"article:published_time\" content=\"2022-10-15T21:05:00+00:00\" \/>\n<meta property=\"og:image\" content=\"https:\/\/lasentinelle.dz\/wp-content\/uploads\/2022\/10\/image_2022-10-15_202445891.png\" \/>\n\t<meta property=\"og:image:width\" content=\"640\" \/>\n\t<meta property=\"og:image:height\" content=\"485\" \/>\n\t<meta property=\"og:image:type\" content=\"image\/png\" \/>\n<meta name=\"author\" content=\"La Sentinelle\" \/>\n<meta name=\"twitter:card\" content=\"summary_large_image\" \/>\n<meta name=\"twitter:label1\" content=\"\u00c9crit par\" \/>\n\t<meta name=\"twitter:data1\" content=\"La Sentinelle\" \/>\n\t<meta name=\"twitter:label2\" content=\"Dur\u00e9e de lecture estim\u00e9e\" \/>\n\t<meta name=\"twitter:data2\" content=\"3 minutes\" \/>\n<script type=\"application\/ld+json\" class=\"yoast-schema-graph\">{\"@context\":\"https:\\\/\\\/schema.org\",\"@graph\":[{\"@type\":\"Article\",\"@id\":\"https:\\\/\\\/lasentinelle.dz\\\/index.php\\\/2022\\\/10\\\/15\\\/une-plaque-commemorative-en-hommage-au-president-americain-john-f-kennedy-ami-de-la-revolution-consolider-les-rapports-de-cooperation-algero-americaine\\\/#article\",\"isPartOf\":{\"@id\":\"https:\\\/\\\/lasentinelle.dz\\\/index.php\\\/2022\\\/10\\\/15\\\/une-plaque-commemorative-en-hommage-au-president-americain-john-f-kennedy-ami-de-la-revolution-consolider-les-rapports-de-cooperation-algero-americaine\\\/\"},\"author\":{\"name\":\"La Sentinelle\",\"@id\":\"https:\\\/\\\/lasentinelle.dz\\\/#\\\/schema\\\/person\\\/d865044e22e70a75174ce8bcad3acfb3\"},\"headline\":\"Une plaque comm\u00e9morative en hommage au pr\u00e9sident am\u00e9ricain John F. Kennedy, ami de la R\u00e9volution\u00a0: Consolider les rapports de coop\u00e9ration alg\u00e9ro-am\u00e9ricaine\",\"datePublished\":\"2022-10-15T21:05:00+00:00\",\"mainEntityOfPage\":{\"@id\":\"https:\\\/\\\/lasentinelle.dz\\\/index.php\\\/2022\\\/10\\\/15\\\/une-plaque-commemorative-en-hommage-au-president-americain-john-f-kennedy-ami-de-la-revolution-consolider-les-rapports-de-cooperation-algero-americaine\\\/\"},\"wordCount\":520,\"commentCount\":0,\"publisher\":{\"@id\":\"https:\\\/\\\/lasentinelle.dz\\\/#organization\"},\"image\":{\"@id\":\"https:\\\/\\\/lasentinelle.dz\\\/index.php\\\/2022\\\/10\\\/15\\\/une-plaque-commemorative-en-hommage-au-president-americain-john-f-kennedy-ami-de-la-revolution-consolider-les-rapports-de-cooperation-algero-americaine\\\/#primaryimage\"},\"thumbnailUrl\":\"https:\\\/\\\/lasentinelle.dz\\\/wp-content\\\/uploads\\\/2022\\\/10\\\/image_2022-10-15_202445891.png\",\"articleSection\":[\"Actualit\u00e9\"],\"inLanguage\":\"fr-FR\",\"potentialAction\":[{\"@type\":\"CommentAction\",\"name\":\"Comment\",\"target\":[\"https:\\\/\\\/lasentinelle.dz\\\/index.php\\\/2022\\\/10\\\/15\\\/une-plaque-commemorative-en-hommage-au-president-americain-john-f-kennedy-ami-de-la-revolution-consolider-les-rapports-de-cooperation-algero-americaine\\\/#respond\"]}]},{\"@type\":\"WebPage\",\"@id\":\"https:\\\/\\\/lasentinelle.dz\\\/index.php\\\/2022\\\/10\\\/15\\\/une-plaque-commemorative-en-hommage-au-president-americain-john-f-kennedy-ami-de-la-revolution-consolider-les-rapports-de-cooperation-algero-americaine\\\/\",\"url\":\"https:\\\/\\\/lasentinelle.dz\\\/index.php\\\/2022\\\/10\\\/15\\\/une-plaque-commemorative-en-hommage-au-president-americain-john-f-kennedy-ami-de-la-revolution-consolider-les-rapports-de-cooperation-algero-americaine\\\/\",\"name\":\"Une plaque comm\u00e9morative en hommage au pr\u00e9sident am\u00e9ricain John F. Kennedy, ami de la R\u00e9volution\u00a0: Consolider les rapports de coop\u00e9ration alg\u00e9ro-am\u00e9ricaine - La Sentinelle\",\"isPartOf\":{\"@id\":\"https:\\\/\\\/lasentinelle.dz\\\/#website\"},\"primaryImageOfPage\":{\"@id\":\"https:\\\/\\\/lasentinelle.dz\\\/index.php\\\/2022\\\/10\\\/15\\\/une-plaque-commemorative-en-hommage-au-president-americain-john-f-kennedy-ami-de-la-revolution-consolider-les-rapports-de-cooperation-algero-americaine\\\/#primaryimage\"},\"image\":{\"@id\":\"https:\\\/\\\/lasentinelle.dz\\\/index.php\\\/2022\\\/10\\\/15\\\/une-plaque-commemorative-en-hommage-au-president-americain-john-f-kennedy-ami-de-la-revolution-consolider-les-rapports-de-cooperation-algero-americaine\\\/#primaryimage\"},\"thumbnailUrl\":\"https:\\\/\\\/lasentinelle.dz\\\/wp-content\\\/uploads\\\/2022\\\/10\\\/image_2022-10-15_202445891.png\",\"datePublished\":\"2022-10-15T21:05:00+00:00\",\"breadcrumb\":{\"@id\":\"https:\\\/\\\/lasentinelle.dz\\\/index.php\\\/2022\\\/10\\\/15\\\/une-plaque-commemorative-en-hommage-au-president-americain-john-f-kennedy-ami-de-la-revolution-consolider-les-rapports-de-cooperation-algero-americaine\\\/#breadcrumb\"},\"inLanguage\":\"fr-FR\",\"potentialAction\":[{\"@type\":\"ReadAction\",\"target\":[\"https:\\\/\\\/lasentinelle.dz\\\/index.php\\\/2022\\\/10\\\/15\\\/une-plaque-commemorative-en-hommage-au-president-americain-john-f-kennedy-ami-de-la-revolution-consolider-les-rapports-de-cooperation-algero-americaine\\\/\"]}]},{\"@type\":\"ImageObject\",\"inLanguage\":\"fr-FR\",\"@id\":\"https:\\\/\\\/lasentinelle.dz\\\/index.php\\\/2022\\\/10\\\/15\\\/une-plaque-commemorative-en-hommage-au-president-americain-john-f-kennedy-ami-de-la-revolution-consolider-les-rapports-de-cooperation-algero-americaine\\\/#primaryimage\",\"url\":\"https:\\\/\\\/lasentinelle.dz\\\/wp-content\\\/uploads\\\/2022\\\/10\\\/image_2022-10-15_202445891.png\",\"contentUrl\":\"https:\\\/\\\/lasentinelle.dz\\\/wp-content\\\/uploads\\\/2022\\\/10\\\/image_2022-10-15_202445891.png\",\"width\":640,\"height\":485},{\"@type\":\"BreadcrumbList\",\"@id\":\"https:\\\/\\\/lasentinelle.dz\\\/index.php\\\/2022\\\/10\\\/15\\\/une-plaque-commemorative-en-hommage-au-president-americain-john-f-kennedy-ami-de-la-revolution-consolider-les-rapports-de-cooperation-algero-americaine\\\/#breadcrumb\",\"itemListElement\":[{\"@type\":\"ListItem\",\"position\":1,\"name\":\"Accueil\",\"item\":\"https:\\\/\\\/lasentinelle.dz\\\/\"},{\"@type\":\"ListItem\",\"position\":2,\"name\":\"Une plaque comm\u00e9morative en hommage au pr\u00e9sident am\u00e9ricain John F. Kennedy, ami de la R\u00e9volution\u00a0: Consolider les rapports de coop\u00e9ration alg\u00e9ro-am\u00e9ricaine\"}]},{\"@type\":\"WebSite\",\"@id\":\"https:\\\/\\\/lasentinelle.dz\\\/#website\",\"url\":\"https:\\\/\\\/lasentinelle.dz\\\/\",\"name\":\"La Sentinelle\",\"description\":\"Quotidien national d&#039;information\",\"publisher\":{\"@id\":\"https:\\\/\\\/lasentinelle.dz\\\/#organization\"},\"potentialAction\":[{\"@type\":\"SearchAction\",\"target\":{\"@type\":\"EntryPoint\",\"urlTemplate\":\"https:\\\/\\\/lasentinelle.dz\\\/?s={search_term_string}\"},\"query-input\":{\"@type\":\"PropertyValueSpecification\",\"valueRequired\":true,\"valueName\":\"search_term_string\"}}],\"inLanguage\":\"fr-FR\"},{\"@type\":\"Organization\",\"@id\":\"https:\\\/\\\/lasentinelle.dz\\\/#organization\",\"name\":\"Quotidien La Sentinelle\",\"url\":\"https:\\\/\\\/lasentinelle.dz\\\/\",\"logo\":{\"@type\":\"ImageObject\",\"inLanguage\":\"fr-FR\",\"@id\":\"https:\\\/\\\/lasentinelle.dz\\\/#\\\/schema\\\/logo\\\/image\\\/\",\"url\":\"https:\\\/\\\/lasentinelle.dz\\\/wp-content\\\/uploads\\\/2021\\\/09\\\/logo-sentinelleSLOGAN-1.png\",\"contentUrl\":\"https:\\\/\\\/lasentinelle.dz\\\/wp-content\\\/uploads\\\/2021\\\/09\\\/logo-sentinelleSLOGAN-1.png\",\"width\":615,\"height\":142,\"caption\":\"Quotidien La Sentinelle\"},\"image\":{\"@id\":\"https:\\\/\\\/lasentinelle.dz\\\/#\\\/schema\\\/logo\\\/image\\\/\"},\"sameAs\":[\"https:\\\/\\\/www.facebook.com\\\/La-Sentinelle-104059864394773\"]},{\"@type\":\"Person\",\"@id\":\"https:\\\/\\\/lasentinelle.dz\\\/#\\\/schema\\\/person\\\/d865044e22e70a75174ce8bcad3acfb3\",\"name\":\"La Sentinelle\",\"image\":{\"@type\":\"ImageObject\",\"inLanguage\":\"fr-FR\",\"@id\":\"https:\\\/\\\/secure.gravatar.com\\\/avatar\\\/57de8e5d4b15d43fb361a71fbb36338450fe67865b528a43dd10ef7c51a20392?s=96&d=mm&r=g\",\"url\":\"https:\\\/\\\/secure.gravatar.com\\\/avatar\\\/57de8e5d4b15d43fb361a71fbb36338450fe67865b528a43dd10ef7c51a20392?s=96&d=mm&r=g\",\"contentUrl\":\"https:\\\/\\\/secure.gravatar.com\\\/avatar\\\/57de8e5d4b15d43fb361a71fbb36338450fe67865b528a43dd10ef7c51a20392?s=96&d=mm&r=g\",\"caption\":\"La Sentinelle\"},\"sameAs\":[\"http:\\\/\\\/www.lasentinelle.dz\"],\"url\":\"https:\\\/\\\/lasentinelle.dz\\\/author\\\/redaction\\\/\"}]}<\/script>\n<!-- \/ Yoast SEO plugin. -->","yoast_head_json":{"title":"Une plaque comm\u00e9morative en hommage au pr\u00e9sident am\u00e9ricain John F. Kennedy, ami de la R\u00e9volution\u00a0: Consolider les rapports de coop\u00e9ration alg\u00e9ro-am\u00e9ricaine - La Sentinelle","robots":{"index":"index","follow":"follow","max-snippet":"max-snippet:-1","max-image-preview":"max-image-preview:large","max-video-preview":"max-video-preview:-1"},"canonical":"https:\/\/lasentinelle.dz\/index.php\/2022\/10\/15\/une-plaque-commemorative-en-hommage-au-president-americain-john-f-kennedy-ami-de-la-revolution-consolider-les-rapports-de-cooperation-algero-americaine\/","og_locale":"fr_FR","og_type":"article","og_title":"Une plaque comm\u00e9morative en hommage au pr\u00e9sident am\u00e9ricain John F. Kennedy, ami de la R\u00e9volution\u00a0: Consolider les rapports de coop\u00e9ration alg\u00e9ro-am\u00e9ricaine - La Sentinelle","og_description":"Le ministre des Moudjahidine et des Ayants-droit, La\u00efd Rebiga a pr\u00e9sid\u00e9, hier \u00e0 Alger, la c\u00e9r\u00e9monie d&rsquo;inauguration d&rsquo;une plaque comm\u00e9morative","og_url":"https:\/\/lasentinelle.dz\/index.php\/2022\/10\/15\/une-plaque-commemorative-en-hommage-au-president-americain-john-f-kennedy-ami-de-la-revolution-consolider-les-rapports-de-cooperation-algero-americaine\/","og_site_name":"La Sentinelle","article_publisher":"https:\/\/www.facebook.com\/La-Sentinelle-104059864394773","article_published_time":"2022-10-15T21:05:00+00:00","og_image":[{"width":640,"height":485,"url":"https:\/\/lasentinelle.dz\/wp-content\/uploads\/2022\/10\/image_2022-10-15_202445891.png","type":"image\/png"}],"author":"La Sentinelle","twitter_card":"summary_large_image","twitter_misc":{"\u00c9crit par":"La Sentinelle","Dur\u00e9e de lecture estim\u00e9e":"3 minutes"},"schema":{"@context":"https:\/\/schema.org","@graph":[{"@type":"Article","@id":"https:\/\/lasentinelle.dz\/index.php\/2022\/10\/15\/une-plaque-commemorative-en-hommage-au-president-americain-john-f-kennedy-ami-de-la-revolution-consolider-les-rapports-de-cooperation-algero-americaine\/#article","isPartOf":{"@id":"https:\/\/lasentinelle.dz\/index.php\/2022\/10\/15\/une-plaque-commemorative-en-hommage-au-president-americain-john-f-kennedy-ami-de-la-revolution-consolider-les-rapports-de-cooperation-algero-americaine\/"},"author":{"name":"La Sentinelle","@id":"https:\/\/lasentinelle.dz\/#\/schema\/person\/d865044e22e70a75174ce8bcad3acfb3"},"headline":"Une plaque comm\u00e9morative en hommage au pr\u00e9sident am\u00e9ricain John F. Kennedy, ami de la R\u00e9volution\u00a0: Consolider les rapports de coop\u00e9ration alg\u00e9ro-am\u00e9ricaine","datePublished":"2022-10-15T21:05:00+00:00","mainEntityOfPage":{"@id":"https:\/\/lasentinelle.dz\/index.php\/2022\/10\/15\/une-plaque-commemorative-en-hommage-au-president-americain-john-f-kennedy-ami-de-la-revolution-consolider-les-rapports-de-cooperation-algero-americaine\/"},"wordCount":520,"commentCount":0,"publisher":{"@id":"https:\/\/lasentinelle.dz\/#organization"},"image":{"@id":"https:\/\/lasentinelle.dz\/index.php\/2022\/10\/15\/une-plaque-commemorative-en-hommage-au-president-americain-john-f-kennedy-ami-de-la-revolution-consolider-les-rapports-de-cooperation-algero-americaine\/#primaryimage"},"thumbnailUrl":"https:\/\/lasentinelle.dz\/wp-content\/uploads\/2022\/10\/image_2022-10-15_202445891.png","articleSection":["Actualit\u00e9"],"inLanguage":"fr-FR","potentialAction":[{"@type":"CommentAction","name":"Comment","target":["https:\/\/lasentinelle.dz\/index.php\/2022\/10\/15\/une-plaque-commemorative-en-hommage-au-president-americain-john-f-kennedy-ami-de-la-revolution-consolider-les-rapports-de-cooperation-algero-americaine\/#respond"]}]},{"@type":"WebPage","@id":"https:\/\/lasentinelle.dz\/index.php\/2022\/10\/15\/une-plaque-commemorative-en-hommage-au-president-americain-john-f-kennedy-ami-de-la-revolution-consolider-les-rapports-de-cooperation-algero-americaine\/","url":"https:\/\/lasentinelle.dz\/index.php\/2022\/10\/15\/une-plaque-commemorative-en-hommage-au-president-americain-john-f-kennedy-ami-de-la-revolution-consolider-les-rapports-de-cooperation-algero-americaine\/","name":"Une plaque comm\u00e9morative en hommage au pr\u00e9sident am\u00e9ricain John F. Kennedy, ami de la R\u00e9volution\u00a0: Consolider les rapports de coop\u00e9ration alg\u00e9ro-am\u00e9ricaine - La Sentinelle","isPartOf":{"@id":"https:\/\/lasentinelle.dz\/#website"},"primaryImageOfPage":{"@id":"https:\/\/lasentinelle.dz\/index.php\/2022\/10\/15\/une-plaque-commemorative-en-hommage-au-president-americain-john-f-kennedy-ami-de-la-revolution-consolider-les-rapports-de-cooperation-algero-americaine\/#primaryimage"},"image":{"@id":"https:\/\/lasentinelle.dz\/index.php\/2022\/10\/15\/une-plaque-commemorative-en-hommage-au-president-americain-john-f-kennedy-ami-de-la-revolution-consolider-les-rapports-de-cooperation-algero-americaine\/#primaryimage"},"thumbnailUrl":"https:\/\/lasentinelle.dz\/wp-content\/uploads\/2022\/10\/image_2022-10-15_202445891.png","datePublished":"2022-10-15T21:05:00+00:00","breadcrumb":{"@id":"https:\/\/lasentinelle.dz\/index.php\/2022\/10\/15\/une-plaque-commemorative-en-hommage-au-president-americain-john-f-kennedy-ami-de-la-revolution-consolider-les-rapports-de-cooperation-algero-americaine\/#breadcrumb"},"inLanguage":"fr-FR","potentialAction":[{"@type":"ReadAction","target":["https:\/\/lasentinelle.dz\/index.php\/2022\/10\/15\/une-plaque-commemorative-en-hommage-au-president-americain-john-f-kennedy-ami-de-la-revolution-consolider-les-rapports-de-cooperation-algero-americaine\/"]}]},{"@type":"ImageObject","inLanguage":"fr-FR","@id":"https:\/\/lasentinelle.dz\/index.php\/2022\/10\/15\/une-plaque-commemorative-en-hommage-au-president-americain-john-f-kennedy-ami-de-la-revolution-consolider-les-rapports-de-cooperation-algero-americaine\/#primaryimage","url":"https:\/\/lasentinelle.dz\/wp-content\/uploads\/2022\/10\/image_2022-10-15_202445891.png","contentUrl":"https:\/\/lasentinelle.dz\/wp-content\/uploads\/2022\/10\/image_2022-10-15_202445891.png","width":640,"height":485},{"@type":"BreadcrumbList","@id":"https:\/\/lasentinelle.dz\/index.php\/2022\/10\/15\/une-plaque-commemorative-en-hommage-au-president-americain-john-f-kennedy-ami-de-la-revolution-consolider-les-rapports-de-cooperation-algero-americaine\/#breadcrumb","itemListElement":[{"@type":"ListItem","position":1,"name":"Accueil","item":"https:\/\/lasentinelle.dz\/"},{"@type":"ListItem","position":2,"name":"Une plaque comm\u00e9morative en hommage au pr\u00e9sident am\u00e9ricain John F. Kennedy, ami de la R\u00e9volution\u00a0: Consolider les rapports de coop\u00e9ration alg\u00e9ro-am\u00e9ricaine"}]},{"@type":"WebSite","@id":"https:\/\/lasentinelle.dz\/#website","url":"https:\/\/lasentinelle.dz\/","name":"La Sentinelle","description":"Quotidien national d&#039;information","publisher":{"@id":"https:\/\/lasentinelle.dz\/#organization"},"potentialAction":[{"@type":"SearchAction","target":{"@type":"EntryPoint","urlTemplate":"https:\/\/lasentinelle.dz\/?s={search_term_string}"},"query-input":{"@type":"PropertyValueSpecification","valueRequired":true,"valueName":"search_term_string"}}],"inLanguage":"fr-FR"},{"@type":"Organization","@id":"https:\/\/lasentinelle.dz\/#organization","name":"Quotidien La Sentinelle","url":"https:\/\/lasentinelle.dz\/","logo":{"@type":"ImageObject","inLanguage":"fr-FR","@id":"https:\/\/lasentinelle.dz\/#\/schema\/logo\/image\/","url":"https:\/\/lasentinelle.dz\/wp-content\/uploads\/2021\/09\/logo-sentinelleSLOGAN-1.png","contentUrl":"https:\/\/lasentinelle.dz\/wp-content\/uploads\/2021\/09\/logo-sentinelleSLOGAN-1.png","width":615,"height":142,"caption":"Quotidien La Sentinelle"},"image":{"@id":"https:\/\/lasentinelle.dz\/#\/schema\/logo\/image\/"},"sameAs":["https:\/\/www.facebook.com\/La-Sentinelle-104059864394773"]},{"@type":"Person","@id":"https:\/\/lasentinelle.dz\/#\/schema\/person\/d865044e22e70a75174ce8bcad3acfb3","name":"La Sentinelle","image":{"@type":"ImageObject","inLanguage":"fr-FR","@id":"https:\/\/secure.gravatar.com\/avatar\/57de8e5d4b15d43fb361a71fbb36338450fe67865b528a43dd10ef7c51a20392?s=96&d=mm&r=g","url":"https:\/\/secure.gravatar.com\/avatar\/57de8e5d4b15d43fb361a71fbb36338450fe67865b528a43dd10ef7c51a20392?s=96&d=mm&r=g","contentUrl":"https:\/\/secure.gravatar.com\/avatar\/57de8e5d4b15d43fb361a71fbb36338450fe67865b528a43dd10ef7c51a20392?s=96&d=mm&r=g","caption":"La Sentinelle"},"sameAs":["http:\/\/www.lasentinelle.dz"],"url":"https:\/\/lasentinelle.dz\/author\/redaction\/"}]}},"_links":{"self":[{"href":"https:\/\/lasentinelle.dz\/index.php\/wp-json\/wp\/v2\/posts\/28960","targetHints":{"allow":["GET"]}}],"collection":[{"href":"https:\/\/lasentinelle.dz\/index.php\/wp-json\/wp\/v2\/posts"}],"about":[{"href":"https:\/\/lasentinelle.dz\/index.php\/wp-json\/wp\/v2\/types\/post"}],"author":[{"embeddable":true,"href":"https:\/\/lasentinelle.dz\/index.php\/wp-json\/wp\/v2\/users\/3"}],"replies":[{"embeddable":true,"href":"https:\/\/lasentinelle.dz\/index.php\/wp-json\/wp\/v2\/comments?post=28960"}],"version-history":[{"count":1,"href":"https:\/\/lasentinelle.dz\/index.php\/wp-json\/wp\/v2\/posts\/28960\/revisions"}],"predecessor-version":[{"id":28999,"href":"https:\/\/lasentinelle.dz\/index.php\/wp-json\/wp\/v2\/posts\/28960\/revisions\/28999"}],"wp:featuredmedia":[{"embeddable":true,"href":"https:\/\/lasentinelle.dz\/index.php\/wp-json\/wp\/v2\/media\/28998"}],"wp:attachment":[{"href":"https:\/\/lasentinelle.dz\/index.php\/wp-json\/wp\/v2\/media?parent=28960"}],"wp:term":[{"taxonomy":"category","embeddable":true,"href":"https:\/\/lasentinelle.dz\/index.php\/wp-json\/wp\/v2\/categories?post=28960"},{"taxonomy":"post_tag","embeddable":true,"href":"https:\/\/lasentinelle.dz\/index.php\/wp-json\/wp\/v2\/tags?post=28960"}],"curies":[{"name":"wp","href":"https:\/\/api.w.org\/{rel}","templated":true}]}}