{"id":29052,"date":"2022-10-16T22:10:00","date_gmt":"2022-10-16T21:10:00","guid":{"rendered":"https:\/\/lasentinelle.dz\/?p=29052"},"modified":"2022-10-16T21:44:03","modified_gmt":"2022-10-16T20:44:03","slug":"projet-de-loi-de-finances-2023-des-mesures-pour-lutter-contre-les-penuries","status":"publish","type":"post","link":"https:\/\/lasentinelle.dz\/index.php\/2022\/10\/16\/projet-de-loi-de-finances-2023-des-mesures-pour-lutter-contre-les-penuries\/","title":{"rendered":"Projet de loi de finances 2023\u00a0: Des mesures pour lutter contre les p\u00e9nuries"},"content":{"rendered":"\n<p>La stimulation de la croissance et la stabilisation du march\u00e9 afin de soutenir le pouvoir d\u2019achat des m\u00e9nages sont clairement les objectifs que s\u2019assigne l\u2019Ex\u00e9cutif pour l\u2019exercice 2023. Des objectifstraduits par les mesures introduites dans le cadre du projet de loi de finances 2023.<\/p>\n\n\n\n<p>Le projet de budget pour le prochain exercice introduits plusieurs mesures dans l\u2019objectif de stabiliser et assurer un approvisionnement r\u00e9gulier du march\u00e9 national. Il s\u2019agit pour l\u2019Ex\u00e9cutif de traiter les tensions en amont et mettre fin aux principaux facteurs qui alimentent les comportements d\u00e9viants. Le Gouvernement adopte ainsi une d\u00e9marche plus flexible assise sur la prise en compte des probl\u00e9matiques soulev\u00e9e par les op\u00e9rateurs \u00e9conomique, d\u2019un c\u00f4t\u00e9, mais aussi sur le renforcement des sanctions contre les pratiques d\u00e9lictuelles. C\u2019est cette approche qui pr\u00e9side \u00e0 la r\u00e9daction de la nouvelle loi de finances qui introduit des nouveaut\u00e9s dans le traitement fiscal des op\u00e9rateurs sur le march\u00e9 de la distribution au d\u00e9tail des produits alimentaire de base, notamment les produits subventionn\u00e9s, mais aussi sur le march\u00e9 des m\u00e9dicaments.<\/p>\n\n\n\n<p>L\u2019Ex\u00e9cutif travaille ainsi sur les assiettes soumises \u00e0 l\u2019imposition afin de lever les contraintes auxquels sont soumis les op\u00e9rateurs activant dans la distribution en imposant les marges commerciales, au lieu de l\u2019ensemble du chiffre d\u2019affaires global. Des mesures destin\u00e9es \u00e0 les inciter \u00e0 s\u2019inscrire dans des pratiques commerciales plus saines et encourager les d\u00e9clarations. Des d\u00e9clarations essentielles pour la ma\u00eetrise du march\u00e9.<\/p>\n\n\n\n<p>Ainsi, l\u2019article 15 du PLF introduit un amendement de l\u2019article 282 bis du Code des imp\u00f4ts directs et taxes assimil\u00e9es lequel permet d\u00e9sormais de faire b\u00e9n\u00e9ficier les distributeurs de produits de large consommation dont les marges sont plafonn\u00e9es ou fix\u00e9es par la r\u00e9glementation de la mesure permettant de ne compter dans l\u2019assiette fiscale imposable que ces marges. Une disposition qui permet de lever toutes les conditionnalit\u00e9s dont est tributaire le b\u00e9n\u00e9fice de cette mesure. Selon l\u2019expos\u00e9 des motifs, cet amendement a \u00e9t\u00e9 d\u00e9cid\u00e9 apr\u00e8s le constat que les distributeurs de certains produits de base \u00e0 l\u2019image du lait et de l\u2019huile de table \u00e9taient exclus de ce b\u00e9n\u00e9fice. Une situation qui a mis nombre d\u2019op\u00e9rateurs en difficult\u00e9s et qui les a pouss\u00e9s \u00e0 verser dans certaines pratiques qui ont contribu\u00e9 \u00e0 perturber le march\u00e9 et cr\u00e9er des tensions. C\u2019est le cas notamment pour l\u2019huile de table, vu que des commer\u00e7ant de d\u00e9tail ont commenc\u00e9 \u00e0 refuser de recevoir de l\u2019huile de table soumise \u00e0 l\u2019obligation de facturation pour se d\u00e9faire de leurs obligations fiscales.<\/p>\n\n\n\n<p><strong>Stabiliser le march\u00e9 des m\u00e9dicaments<\/strong><\/p>\n\n\n\n<p>Idem pour les pharmaciens d\u2019officines, qui b\u00e9n\u00e9ficient de mesures fiscales tendant \u00e0 fixer l\u2019assiette fiscale imposable sur la base de la marge. Une mesure destin\u00e9e, selon l\u2019expos\u00e9 des motifs \u00e0 lever les contraintes et prendre en compte les difficult\u00e9s financi\u00e8res auxquelles font face les pharmacies d\u2019officines, d\u2019autant que les marges de ces derni\u00e8res ne cessent de d\u00e9cliner de mani\u00e8re constante depuis 2014. Une mesure dont la pleine entr\u00e9e en vigueur reste tributaire de la publication d\u2019un texte d\u2019application conjoint entre le d\u00e9partement du Commerce, celui des Finances et celui de l\u2019Industrie pharmaceutique. Par ailleurs et afin d\u2019\u00e9viter toute perturbation future du march\u00e9 des m\u00e9dicament, le nouveau texte introduit des dispositions tendant \u00e0 imposer le respect des obligations li\u00e9es aux programmes d\u2019importation et de production des m\u00e9dicaments, de m\u00eame que celles li\u00e9es \u00e0 la transmission des donn\u00e9es du march\u00e9 \u00e0 l\u2019Observatoire de veille du m\u00e9dicament. Les op\u00e9rateurs sont ainsi soumis, selon les dispositions de l\u2019article 60 du PLF \u00e0 une amende d\u2019un million de dinars, en cas de non-respect de l\u2019obligation de transmission des donn\u00e9es relatives au niveau des stocks des m\u00e9dicaments \u00e0 la plateforme mise en place par le minist\u00e8re de l\u2019Industrie pharmaceutique \u00e0 cet effet. Les op\u00e9rateurs s\u2019exposent \u00e9galement \u00e0 une amende \u00e9quivalente \u00e0 10% du chiffre d\u2019affaires pr\u00e9visionnel pour le produit pharmaceutique concern\u00e9 en cas de non-respect des programmes pr\u00e9visionnels d\u2019importation et de production.<\/p>\n\n\n\n<p><strong>VASFE \u00e9largie pour traquer l\u2019informel<\/strong><\/p>\n\n\n\n<p>En sus de ces dispositions destin\u00e9es \u00e0 all\u00e9ger la pression fiscale sur certaines cat\u00e9gories d\u2019op\u00e9rateurs en difficult\u00e9s pour les \u00e9loigner de la tentation de l\u2019\u00e9vasion fiscale et des transactions informelles, les pouvoirs publics ont pris des mesures destin\u00e9es \u00e0 traquer les r\u00e9seaux informels et les fortunes amass\u00e9es de mani\u00e8re illicite. Dans ce sens et dans le cadre des mesures destin\u00e9es \u00e0 consolider le dispositif li\u00e9 \u00e0 l\u2019imp\u00f4t sur la fortune, l\u2019article 34 du PLF 2023 amende l\u2019article 21 du Code des proc\u00e9dures fiscales pour \u00e9largir la soumission \u00e0 la V\u00e9rification de la situation fiscale d\u2019ensemble, \u00e0 tout citoyen disposant d\u2019une r\u00e9sidence fiscale en Alg\u00e9rie, qu\u2019il soit concern\u00e9 par l\u2019Imp\u00f4t sur le revenu global et l\u2019ISF ou pas. Il s\u2019agit de permettre aux agents de l\u2019administration fiscale de mener des enqu\u00eates sur les revenus et le patrimoine de chacun non seulement sur la base des revenus d\u00e9clar\u00e9s par les contribuables, mais aussi sur la base des \u00e9l\u00e9ments constituant la fortune, et qui sont fix\u00e9s par le code des proc\u00e9dures fiscales. Il s\u2019agit des biens fonciers, immobiliers, les titres mobiliers, les bijoux, les v\u00e9hicules de luxe, les bateaux de plaisance et les chevaux de course. Une bien belle mani\u00e8re de d\u00e9busquer les revenus non d\u00e9clar\u00e9s et recycl\u00e9s dans l\u2019acquisition de biens.<\/p>\n\n\n\n<p><strong>Samira Ghrib<\/strong><\/p>\n","protected":false},"excerpt":{"rendered":"<p>La stimulation de la croissance et la stabilisation du march\u00e9 afin de soutenir le pouvoir d\u2019achat des m\u00e9nages sont clairement<\/p>\n","protected":false},"author":2,"featured_media":29076,"comment_status":"open","ping_status":"closed","sticky":false,"template":"","format":"standard","meta":{"colormag_page_container_layout":"default_layout","colormag_page_sidebar_layout":"default_layout","om_disable_all_campaigns":false,"_monsterinsights_skip_tracking":false,"_monsterinsights_sitenote_active":false,"_monsterinsights_sitenote_note":"","_monsterinsights_sitenote_category":0,"footnotes":"","_wpscppro_dont_share_socialmedia":false,"_wpscppro_custom_social_share_image":0,"_facebook_share_type":"","_twitter_share_type":"","_linkedin_share_type":"","_pinterest_share_type":"","_linkedin_share_type_page":"","_instagram_share_type":"","_medium_share_type":"","_threads_share_type":"","_google_business_share_type":"","_selected_social_profile":[],"_wpsp_enable_custom_social_template":false,"_wpsp_social_scheduling":{"enabled":false,"datetime":null,"platforms":[],"status":"template_only","dateOption":"today","timeOption":"now","customDays":"","customHours":"","customDate":"","customTime":"","schedulingType":"absolute"},"_wpsp_active_default_template":true},"categories":[52,27],"tags":[],"class_list":["post-29052","post","type-post","status-publish","format-standard","has-post-thumbnail","hentry","category-a-la-une","category-actualite"],"aioseo_notices":[],"yoast_head":"<!-- This site is optimized with the Yoast SEO plugin v27.4 - https:\/\/yoast.com\/product\/yoast-seo-wordpress\/ -->\n<title>Projet de loi de finances 2023\u00a0: Des mesures pour lutter contre les p\u00e9nuries - La Sentinelle<\/title>\n<meta name=\"robots\" content=\"index, follow, max-snippet:-1, max-image-preview:large, max-video-preview:-1\" \/>\n<link rel=\"canonical\" href=\"https:\/\/lasentinelle.dz\/index.php\/2022\/10\/16\/projet-de-loi-de-finances-2023-des-mesures-pour-lutter-contre-les-penuries\/\" \/>\n<meta property=\"og:locale\" content=\"fr_FR\" \/>\n<meta property=\"og:type\" content=\"article\" \/>\n<meta property=\"og:title\" content=\"Projet de loi de finances 2023\u00a0: Des mesures pour lutter contre les p\u00e9nuries - La Sentinelle\" \/>\n<meta property=\"og:description\" content=\"La stimulation de la croissance et la stabilisation du march\u00e9 afin de soutenir le pouvoir d\u2019achat des m\u00e9nages sont clairement\" \/>\n<meta property=\"og:url\" content=\"https:\/\/lasentinelle.dz\/index.php\/2022\/10\/16\/projet-de-loi-de-finances-2023-des-mesures-pour-lutter-contre-les-penuries\/\" \/>\n<meta property=\"og:site_name\" content=\"La Sentinelle\" \/>\n<meta property=\"article:publisher\" content=\"https:\/\/www.facebook.com\/La-Sentinelle-104059864394773\" \/>\n<meta property=\"article:published_time\" content=\"2022-10-16T21:10:00+00:00\" \/>\n<meta property=\"og:image\" content=\"https:\/\/lasentinelle.dz\/wp-content\/uploads\/2022\/10\/Sans-titre-9-2.png\" \/>\n\t<meta property=\"og:image:width\" content=\"1427\" \/>\n\t<meta property=\"og:image:height\" content=\"900\" \/>\n\t<meta property=\"og:image:type\" content=\"image\/png\" \/>\n<meta name=\"author\" content=\"Azzedine Belferag\" \/>\n<meta name=\"twitter:card\" content=\"summary_large_image\" \/>\n<meta name=\"twitter:label1\" content=\"\u00c9crit par\" \/>\n\t<meta name=\"twitter:data1\" content=\"Azzedine Belferag\" \/>\n\t<meta name=\"twitter:label2\" content=\"Dur\u00e9e de lecture estim\u00e9e\" \/>\n\t<meta name=\"twitter:data2\" content=\"5 minutes\" \/>\n<script type=\"application\/ld+json\" class=\"yoast-schema-graph\">{\"@context\":\"https:\\\/\\\/schema.org\",\"@graph\":[{\"@type\":\"Article\",\"@id\":\"https:\\\/\\\/lasentinelle.dz\\\/index.php\\\/2022\\\/10\\\/16\\\/projet-de-loi-de-finances-2023-des-mesures-pour-lutter-contre-les-penuries\\\/#article\",\"isPartOf\":{\"@id\":\"https:\\\/\\\/lasentinelle.dz\\\/index.php\\\/2022\\\/10\\\/16\\\/projet-de-loi-de-finances-2023-des-mesures-pour-lutter-contre-les-penuries\\\/\"},\"author\":{\"name\":\"Azzedine Belferag\",\"@id\":\"https:\\\/\\\/lasentinelle.dz\\\/#\\\/schema\\\/person\\\/e22c868643946ece5f328ac9d185b29f\"},\"headline\":\"Projet de loi de finances 2023\u00a0: Des mesures pour lutter contre les p\u00e9nuries\",\"datePublished\":\"2022-10-16T21:10:00+00:00\",\"mainEntityOfPage\":{\"@id\":\"https:\\\/\\\/lasentinelle.dz\\\/index.php\\\/2022\\\/10\\\/16\\\/projet-de-loi-de-finances-2023-des-mesures-pour-lutter-contre-les-penuries\\\/\"},\"wordCount\":988,\"commentCount\":0,\"publisher\":{\"@id\":\"https:\\\/\\\/lasentinelle.dz\\\/#organization\"},\"image\":{\"@id\":\"https:\\\/\\\/lasentinelle.dz\\\/index.php\\\/2022\\\/10\\\/16\\\/projet-de-loi-de-finances-2023-des-mesures-pour-lutter-contre-les-penuries\\\/#primaryimage\"},\"thumbnailUrl\":\"https:\\\/\\\/lasentinelle.dz\\\/wp-content\\\/uploads\\\/2022\\\/10\\\/Sans-titre-9-2.png\",\"articleSection\":[\"\u00c0 la Une\",\"Actualit\u00e9\"],\"inLanguage\":\"fr-FR\",\"potentialAction\":[{\"@type\":\"CommentAction\",\"name\":\"Comment\",\"target\":[\"https:\\\/\\\/lasentinelle.dz\\\/index.php\\\/2022\\\/10\\\/16\\\/projet-de-loi-de-finances-2023-des-mesures-pour-lutter-contre-les-penuries\\\/#respond\"]}]},{\"@type\":\"WebPage\",\"@id\":\"https:\\\/\\\/lasentinelle.dz\\\/index.php\\\/2022\\\/10\\\/16\\\/projet-de-loi-de-finances-2023-des-mesures-pour-lutter-contre-les-penuries\\\/\",\"url\":\"https:\\\/\\\/lasentinelle.dz\\\/index.php\\\/2022\\\/10\\\/16\\\/projet-de-loi-de-finances-2023-des-mesures-pour-lutter-contre-les-penuries\\\/\",\"name\":\"Projet de loi de finances 2023\u00a0: Des mesures pour lutter contre les p\u00e9nuries - La Sentinelle\",\"isPartOf\":{\"@id\":\"https:\\\/\\\/lasentinelle.dz\\\/#website\"},\"primaryImageOfPage\":{\"@id\":\"https:\\\/\\\/lasentinelle.dz\\\/index.php\\\/2022\\\/10\\\/16\\\/projet-de-loi-de-finances-2023-des-mesures-pour-lutter-contre-les-penuries\\\/#primaryimage\"},\"image\":{\"@id\":\"https:\\\/\\\/lasentinelle.dz\\\/index.php\\\/2022\\\/10\\\/16\\\/projet-de-loi-de-finances-2023-des-mesures-pour-lutter-contre-les-penuries\\\/#primaryimage\"},\"thumbnailUrl\":\"https:\\\/\\\/lasentinelle.dz\\\/wp-content\\\/uploads\\\/2022\\\/10\\\/Sans-titre-9-2.png\",\"datePublished\":\"2022-10-16T21:10:00+00:00\",\"breadcrumb\":{\"@id\":\"https:\\\/\\\/lasentinelle.dz\\\/index.php\\\/2022\\\/10\\\/16\\\/projet-de-loi-de-finances-2023-des-mesures-pour-lutter-contre-les-penuries\\\/#breadcrumb\"},\"inLanguage\":\"fr-FR\",\"potentialAction\":[{\"@type\":\"ReadAction\",\"target\":[\"https:\\\/\\\/lasentinelle.dz\\\/index.php\\\/2022\\\/10\\\/16\\\/projet-de-loi-de-finances-2023-des-mesures-pour-lutter-contre-les-penuries\\\/\"]}]},{\"@type\":\"ImageObject\",\"inLanguage\":\"fr-FR\",\"@id\":\"https:\\\/\\\/lasentinelle.dz\\\/index.php\\\/2022\\\/10\\\/16\\\/projet-de-loi-de-finances-2023-des-mesures-pour-lutter-contre-les-penuries\\\/#primaryimage\",\"url\":\"https:\\\/\\\/lasentinelle.dz\\\/wp-content\\\/uploads\\\/2022\\\/10\\\/Sans-titre-9-2.png\",\"contentUrl\":\"https:\\\/\\\/lasentinelle.dz\\\/wp-content\\\/uploads\\\/2022\\\/10\\\/Sans-titre-9-2.png\",\"width\":1427,\"height\":900},{\"@type\":\"BreadcrumbList\",\"@id\":\"https:\\\/\\\/lasentinelle.dz\\\/index.php\\\/2022\\\/10\\\/16\\\/projet-de-loi-de-finances-2023-des-mesures-pour-lutter-contre-les-penuries\\\/#breadcrumb\",\"itemListElement\":[{\"@type\":\"ListItem\",\"position\":1,\"name\":\"Accueil\",\"item\":\"https:\\\/\\\/lasentinelle.dz\\\/\"},{\"@type\":\"ListItem\",\"position\":2,\"name\":\"Projet de loi de finances 2023\u00a0: Des mesures pour lutter contre les p\u00e9nuries\"}]},{\"@type\":\"WebSite\",\"@id\":\"https:\\\/\\\/lasentinelle.dz\\\/#website\",\"url\":\"https:\\\/\\\/lasentinelle.dz\\\/\",\"name\":\"La Sentinelle\",\"description\":\"Quotidien national d&#039;information\",\"publisher\":{\"@id\":\"https:\\\/\\\/lasentinelle.dz\\\/#organization\"},\"potentialAction\":[{\"@type\":\"SearchAction\",\"target\":{\"@type\":\"EntryPoint\",\"urlTemplate\":\"https:\\\/\\\/lasentinelle.dz\\\/?s={search_term_string}\"},\"query-input\":{\"@type\":\"PropertyValueSpecification\",\"valueRequired\":true,\"valueName\":\"search_term_string\"}}],\"inLanguage\":\"fr-FR\"},{\"@type\":\"Organization\",\"@id\":\"https:\\\/\\\/lasentinelle.dz\\\/#organization\",\"name\":\"Quotidien La Sentinelle\",\"url\":\"https:\\\/\\\/lasentinelle.dz\\\/\",\"logo\":{\"@type\":\"ImageObject\",\"inLanguage\":\"fr-FR\",\"@id\":\"https:\\\/\\\/lasentinelle.dz\\\/#\\\/schema\\\/logo\\\/image\\\/\",\"url\":\"https:\\\/\\\/lasentinelle.dz\\\/wp-content\\\/uploads\\\/2021\\\/09\\\/logo-sentinelleSLOGAN-1.png\",\"contentUrl\":\"https:\\\/\\\/lasentinelle.dz\\\/wp-content\\\/uploads\\\/2021\\\/09\\\/logo-sentinelleSLOGAN-1.png\",\"width\":615,\"height\":142,\"caption\":\"Quotidien La Sentinelle\"},\"image\":{\"@id\":\"https:\\\/\\\/lasentinelle.dz\\\/#\\\/schema\\\/logo\\\/image\\\/\"},\"sameAs\":[\"https:\\\/\\\/www.facebook.com\\\/La-Sentinelle-104059864394773\"]},{\"@type\":\"Person\",\"@id\":\"https:\\\/\\\/lasentinelle.dz\\\/#\\\/schema\\\/person\\\/e22c868643946ece5f328ac9d185b29f\",\"name\":\"Azzedine Belferag\",\"image\":{\"@type\":\"ImageObject\",\"inLanguage\":\"fr-FR\",\"@id\":\"https:\\\/\\\/secure.gravatar.com\\\/avatar\\\/767ecc3bfcf23cd6d0dae1705f124feb13a88fded1daa56498e4fb3aa3fc36a1?s=96&d=mm&r=g\",\"url\":\"https:\\\/\\\/secure.gravatar.com\\\/avatar\\\/767ecc3bfcf23cd6d0dae1705f124feb13a88fded1daa56498e4fb3aa3fc36a1?s=96&d=mm&r=g\",\"contentUrl\":\"https:\\\/\\\/secure.gravatar.com\\\/avatar\\\/767ecc3bfcf23cd6d0dae1705f124feb13a88fded1daa56498e4fb3aa3fc36a1?s=96&d=mm&r=g\",\"caption\":\"Azzedine Belferag\"},\"sameAs\":[\"http:\\\/\\\/www.lasentinelle.dz\"],\"url\":\"https:\\\/\\\/lasentinelle.dz\\\/author\\\/belferag\\\/\"}]}<\/script>\n<!-- \/ Yoast SEO plugin. -->","yoast_head_json":{"title":"Projet de loi de finances 2023\u00a0: Des mesures pour lutter contre les p\u00e9nuries - La Sentinelle","robots":{"index":"index","follow":"follow","max-snippet":"max-snippet:-1","max-image-preview":"max-image-preview:large","max-video-preview":"max-video-preview:-1"},"canonical":"https:\/\/lasentinelle.dz\/index.php\/2022\/10\/16\/projet-de-loi-de-finances-2023-des-mesures-pour-lutter-contre-les-penuries\/","og_locale":"fr_FR","og_type":"article","og_title":"Projet de loi de finances 2023\u00a0: Des mesures pour lutter contre les p\u00e9nuries - La Sentinelle","og_description":"La stimulation de la croissance et la stabilisation du march\u00e9 afin de soutenir le pouvoir d\u2019achat des m\u00e9nages sont clairement","og_url":"https:\/\/lasentinelle.dz\/index.php\/2022\/10\/16\/projet-de-loi-de-finances-2023-des-mesures-pour-lutter-contre-les-penuries\/","og_site_name":"La Sentinelle","article_publisher":"https:\/\/www.facebook.com\/La-Sentinelle-104059864394773","article_published_time":"2022-10-16T21:10:00+00:00","og_image":[{"width":1427,"height":900,"url":"https:\/\/lasentinelle.dz\/wp-content\/uploads\/2022\/10\/Sans-titre-9-2.png","type":"image\/png"}],"author":"Azzedine Belferag","twitter_card":"summary_large_image","twitter_misc":{"\u00c9crit par":"Azzedine Belferag","Dur\u00e9e de lecture estim\u00e9e":"5 minutes"},"schema":{"@context":"https:\/\/schema.org","@graph":[{"@type":"Article","@id":"https:\/\/lasentinelle.dz\/index.php\/2022\/10\/16\/projet-de-loi-de-finances-2023-des-mesures-pour-lutter-contre-les-penuries\/#article","isPartOf":{"@id":"https:\/\/lasentinelle.dz\/index.php\/2022\/10\/16\/projet-de-loi-de-finances-2023-des-mesures-pour-lutter-contre-les-penuries\/"},"author":{"name":"Azzedine Belferag","@id":"https:\/\/lasentinelle.dz\/#\/schema\/person\/e22c868643946ece5f328ac9d185b29f"},"headline":"Projet de loi de finances 2023\u00a0: Des mesures pour lutter contre les p\u00e9nuries","datePublished":"2022-10-16T21:10:00+00:00","mainEntityOfPage":{"@id":"https:\/\/lasentinelle.dz\/index.php\/2022\/10\/16\/projet-de-loi-de-finances-2023-des-mesures-pour-lutter-contre-les-penuries\/"},"wordCount":988,"commentCount":0,"publisher":{"@id":"https:\/\/lasentinelle.dz\/#organization"},"image":{"@id":"https:\/\/lasentinelle.dz\/index.php\/2022\/10\/16\/projet-de-loi-de-finances-2023-des-mesures-pour-lutter-contre-les-penuries\/#primaryimage"},"thumbnailUrl":"https:\/\/lasentinelle.dz\/wp-content\/uploads\/2022\/10\/Sans-titre-9-2.png","articleSection":["\u00c0 la Une","Actualit\u00e9"],"inLanguage":"fr-FR","potentialAction":[{"@type":"CommentAction","name":"Comment","target":["https:\/\/lasentinelle.dz\/index.php\/2022\/10\/16\/projet-de-loi-de-finances-2023-des-mesures-pour-lutter-contre-les-penuries\/#respond"]}]},{"@type":"WebPage","@id":"https:\/\/lasentinelle.dz\/index.php\/2022\/10\/16\/projet-de-loi-de-finances-2023-des-mesures-pour-lutter-contre-les-penuries\/","url":"https:\/\/lasentinelle.dz\/index.php\/2022\/10\/16\/projet-de-loi-de-finances-2023-des-mesures-pour-lutter-contre-les-penuries\/","name":"Projet de loi de finances 2023\u00a0: Des mesures pour lutter contre les p\u00e9nuries - La Sentinelle","isPartOf":{"@id":"https:\/\/lasentinelle.dz\/#website"},"primaryImageOfPage":{"@id":"https:\/\/lasentinelle.dz\/index.php\/2022\/10\/16\/projet-de-loi-de-finances-2023-des-mesures-pour-lutter-contre-les-penuries\/#primaryimage"},"image":{"@id":"https:\/\/lasentinelle.dz\/index.php\/2022\/10\/16\/projet-de-loi-de-finances-2023-des-mesures-pour-lutter-contre-les-penuries\/#primaryimage"},"thumbnailUrl":"https:\/\/lasentinelle.dz\/wp-content\/uploads\/2022\/10\/Sans-titre-9-2.png","datePublished":"2022-10-16T21:10:00+00:00","breadcrumb":{"@id":"https:\/\/lasentinelle.dz\/index.php\/2022\/10\/16\/projet-de-loi-de-finances-2023-des-mesures-pour-lutter-contre-les-penuries\/#breadcrumb"},"inLanguage":"fr-FR","potentialAction":[{"@type":"ReadAction","target":["https:\/\/lasentinelle.dz\/index.php\/2022\/10\/16\/projet-de-loi-de-finances-2023-des-mesures-pour-lutter-contre-les-penuries\/"]}]},{"@type":"ImageObject","inLanguage":"fr-FR","@id":"https:\/\/lasentinelle.dz\/index.php\/2022\/10\/16\/projet-de-loi-de-finances-2023-des-mesures-pour-lutter-contre-les-penuries\/#primaryimage","url":"https:\/\/lasentinelle.dz\/wp-content\/uploads\/2022\/10\/Sans-titre-9-2.png","contentUrl":"https:\/\/lasentinelle.dz\/wp-content\/uploads\/2022\/10\/Sans-titre-9-2.png","width":1427,"height":900},{"@type":"BreadcrumbList","@id":"https:\/\/lasentinelle.dz\/index.php\/2022\/10\/16\/projet-de-loi-de-finances-2023-des-mesures-pour-lutter-contre-les-penuries\/#breadcrumb","itemListElement":[{"@type":"ListItem","position":1,"name":"Accueil","item":"https:\/\/lasentinelle.dz\/"},{"@type":"ListItem","position":2,"name":"Projet de loi de finances 2023\u00a0: Des mesures pour lutter contre les p\u00e9nuries"}]},{"@type":"WebSite","@id":"https:\/\/lasentinelle.dz\/#website","url":"https:\/\/lasentinelle.dz\/","name":"La Sentinelle","description":"Quotidien national d&#039;information","publisher":{"@id":"https:\/\/lasentinelle.dz\/#organization"},"potentialAction":[{"@type":"SearchAction","target":{"@type":"EntryPoint","urlTemplate":"https:\/\/lasentinelle.dz\/?s={search_term_string}"},"query-input":{"@type":"PropertyValueSpecification","valueRequired":true,"valueName":"search_term_string"}}],"inLanguage":"fr-FR"},{"@type":"Organization","@id":"https:\/\/lasentinelle.dz\/#organization","name":"Quotidien La Sentinelle","url":"https:\/\/lasentinelle.dz\/","logo":{"@type":"ImageObject","inLanguage":"fr-FR","@id":"https:\/\/lasentinelle.dz\/#\/schema\/logo\/image\/","url":"https:\/\/lasentinelle.dz\/wp-content\/uploads\/2021\/09\/logo-sentinelleSLOGAN-1.png","contentUrl":"https:\/\/lasentinelle.dz\/wp-content\/uploads\/2021\/09\/logo-sentinelleSLOGAN-1.png","width":615,"height":142,"caption":"Quotidien La Sentinelle"},"image":{"@id":"https:\/\/lasentinelle.dz\/#\/schema\/logo\/image\/"},"sameAs":["https:\/\/www.facebook.com\/La-Sentinelle-104059864394773"]},{"@type":"Person","@id":"https:\/\/lasentinelle.dz\/#\/schema\/person\/e22c868643946ece5f328ac9d185b29f","name":"Azzedine Belferag","image":{"@type":"ImageObject","inLanguage":"fr-FR","@id":"https:\/\/secure.gravatar.com\/avatar\/767ecc3bfcf23cd6d0dae1705f124feb13a88fded1daa56498e4fb3aa3fc36a1?s=96&d=mm&r=g","url":"https:\/\/secure.gravatar.com\/avatar\/767ecc3bfcf23cd6d0dae1705f124feb13a88fded1daa56498e4fb3aa3fc36a1?s=96&d=mm&r=g","contentUrl":"https:\/\/secure.gravatar.com\/avatar\/767ecc3bfcf23cd6d0dae1705f124feb13a88fded1daa56498e4fb3aa3fc36a1?s=96&d=mm&r=g","caption":"Azzedine Belferag"},"sameAs":["http:\/\/www.lasentinelle.dz"],"url":"https:\/\/lasentinelle.dz\/author\/belferag\/"}]}},"_links":{"self":[{"href":"https:\/\/lasentinelle.dz\/index.php\/wp-json\/wp\/v2\/posts\/29052","targetHints":{"allow":["GET"]}}],"collection":[{"href":"https:\/\/lasentinelle.dz\/index.php\/wp-json\/wp\/v2\/posts"}],"about":[{"href":"https:\/\/lasentinelle.dz\/index.php\/wp-json\/wp\/v2\/types\/post"}],"author":[{"embeddable":true,"href":"https:\/\/lasentinelle.dz\/index.php\/wp-json\/wp\/v2\/users\/2"}],"replies":[{"embeddable":true,"href":"https:\/\/lasentinelle.dz\/index.php\/wp-json\/wp\/v2\/comments?post=29052"}],"version-history":[{"count":1,"href":"https:\/\/lasentinelle.dz\/index.php\/wp-json\/wp\/v2\/posts\/29052\/revisions"}],"predecessor-version":[{"id":29077,"href":"https:\/\/lasentinelle.dz\/index.php\/wp-json\/wp\/v2\/posts\/29052\/revisions\/29077"}],"wp:featuredmedia":[{"embeddable":true,"href":"https:\/\/lasentinelle.dz\/index.php\/wp-json\/wp\/v2\/media\/29076"}],"wp:attachment":[{"href":"https:\/\/lasentinelle.dz\/index.php\/wp-json\/wp\/v2\/media?parent=29052"}],"wp:term":[{"taxonomy":"category","embeddable":true,"href":"https:\/\/lasentinelle.dz\/index.php\/wp-json\/wp\/v2\/categories?post=29052"},{"taxonomy":"post_tag","embeddable":true,"href":"https:\/\/lasentinelle.dz\/index.php\/wp-json\/wp\/v2\/tags?post=29052"}],"curies":[{"name":"wp","href":"https:\/\/api.w.org\/{rel}","templated":true}]}}