{"id":29156,"date":"2022-10-17T22:10:00","date_gmt":"2022-10-17T21:10:00","guid":{"rendered":"https:\/\/lasentinelle.dz\/?p=29156"},"modified":"2022-10-17T20:55:29","modified_gmt":"2022-10-17T19:55:29","slug":"le-secretaire-general-de-la-ligue-des-etats-arabe-en-algerie-cap-sur-le-sommet-dalger","status":"publish","type":"post","link":"https:\/\/lasentinelle.dz\/index.php\/2022\/10\/17\/le-secretaire-general-de-la-ligue-des-etats-arabe-en-algerie-cap-sur-le-sommet-dalger\/","title":{"rendered":"Le Secr\u00e9taire g\u00e9n\u00e9ral de la Ligue des \u00c9tats arabes en Alg\u00e9rie\u00a0: Cap sur le Sommet d\u2019Alger"},"content":{"rendered":"\n<p>C\u2019est la derni\u00e8re ligne droite avant le Sommet arabe d\u2019Alger. A J-15, le Secr\u00e9taire g\u00e9n\u00e9ral de la Ligue des \u00c9tats arabes, Ahmed Abou El-Gheith a atterri \u00e0 Alger dimanche pour faire le point avec les autorit\u00e9s alg\u00e9riennes sur les derniers d\u00e9tails de ce rendez-vous, qui sera celui de l\u2019unit\u00e9 et du resserrement des rangs arabe.<\/p>\n\n\n\n<p>C\u2019est dans le cadre des efforts de coordination entre la Ligue arabe et l\u2019Alg\u00e9rie qu\u2019Ahmed Abou El-Gheith a eu des entretiens avec plusieurs hauts responsables pour r\u00e9gler les derniers d\u00e9tails du Sommet pr\u00e9vu les 1<sup>er<\/sup> et 2 novembre prochain \u00e0 Alger. Hier, le SG de la Ligue arabe a \u00e9t\u00e9 re\u00e7u par le pr\u00e9sident de la R\u00e9publique, Abdelmadjid Tebboune. Des entretiens au cours desquels la volont\u00e9 de garantir le succ\u00e8s du rendez-vous arabe a \u00e9t\u00e9 clairement affich\u00e9e. Un Sommet qui aura pour objectif de relancer l\u2019action arabe commune, resserrer les rangs et surtout relancer l\u2019Initiative arabe de paix pour une r\u00e8glement juste et durable de la question palestinienne. Ahmed Aboul Gheit a d\u2019ailleurs affich\u00e9 son optimisme quant au succ\u00e8s du Sommet d\u2019Alger. Dans une d\u00e9claration \u00e0 la presse au sortir de l\u2019audience avec le Pr\u00e9sident Tebboune, le SG de la Ligue arabe a indiqu\u00e9 que le Sommet arabe d\u2019 Alger sera \u00ab&nbsp;un sommet rassembleur&nbsp;\u00bb.Aboul Gheit a pr\u00e9cis\u00e9 que \u00ab&nbsp;la rencontre (avec le Pr\u00e9sident Tebboune, NDLR) a \u00e9t\u00e9 empreinte de volont\u00e9 affirm\u00e9e d&rsquo;assurer le plein succ\u00e8s de ce sommet&nbsp;\u00bb.Le Pr\u00e9sident Tebboune est \u00ab\u00a0une personnalit\u00e9 remarquable\u00a0\u00bb et est \u00ab\u00a0pleinement inform\u00e9 de toutes les dispositions relatives au sommet\u00a0\u00bb, ajoute le SG de la Ligue arabe.<\/p>\n\n\n\n<p>Aboul Gheit souhaite que les prochaines r\u00e9unions des d\u00e9l\u00e9gu\u00e9s permanents et des ministres des Affaires \u00e9trang\u00e8res puissent aboutir \u00e0 \u00ab\u00a0un consensus total\u00a0\u00bb, ajoutant que \u00ab\u00a0bon nombre de dirigeants arabes\u00a0\u00bb seront pr\u00e9sents les 1er et 2 novembre en Alg\u00e9rie o\u00f9 r\u00e8gnera une ambiance festive.sa mise en \u0153uvre au pied de la lettre et en toute honn\u00eatet\u00e9 pour d\u00e9fendre l&rsquo;avenir de la Palestine\u00a0\u00bb.A cette occasion, le SG de la Ligue arabe a f\u00e9licit\u00e9 le Pr\u00e9sident Tebboune pour avoir r\u00e9ussi \u00e0 concr\u00e9tiser la r\u00e9conciliation palestinienne. \u00ab\u00a0Nous souhaitons que les Palestiniens veillent \u00e0 sa mise en \u0153uvre au pied de la lettre et en toute honn\u00eatet\u00e9 pour d\u00e9fendre l&rsquo;avenir de la Palestine\u00a0\u00bb.<\/p>\n\n\n\n<p>Notons que dans cette perspective le SG de la Ligue arabe a tenu une s\u00e9ance de travail dimanche avec le ministre des Affaires \u00e9trang\u00e8res et de la Communaut\u00e9 nationale \u00e0 l&rsquo;\u00e9tranger, Ramtane Lamamra, laquelle a port\u00e9 sur \u00ab&nbsp;les aspects essentiels ayant trait au Sommet arabe. Les deux parties ont \u00e9voqu\u00e9 les principaux th\u00e8mes inscrits \u00e0 l&rsquo;ordre du jour de ce rendez-vous, outre les perspectives d&rsquo;\u00e9laboration de d\u00e9cisions ambitieuses \u00e0 m\u00eame de cr\u00e9er une nouvelle dynamique pour la promotion de l&rsquo;action arabe commune&nbsp;\u00bb, selon un communiqu\u00e9 du MAE. \u00ab&nbsp;Il sera \u00e9galement question de relever, de mani\u00e8re collective et consensuelle, les d\u00e9fis sur la sc\u00e8ne arabe dans les domaines politique, s\u00e9curitaire et \u00e9conomique afin de permettre \u00e0 l&rsquo;organisme arabe de se positionner en tant qu&rsquo;acteur influent sur la sc\u00e8ne internationale, notamment \u00e0 la lumi\u00e8re des mutations importantes que connait le monde&nbsp;\u00bb,&nbsp; a pr\u00e9cis\u00e9 la m\u00eame source.Le secr\u00e9taire g\u00e9n\u00e9ral de la Ligue arabe a salu\u00e9 \u00ab\u00a0le r\u00f4le du pr\u00e9sident de la R\u00e9publique, M. Abdelmadjid Tebboune, et ses louables efforts couronn\u00e9s d&rsquo;un accord entre les dirigeants des factions palestiniennes et la signature de la D\u00e9claration d&rsquo;Alger pour l&rsquo;unification des rangs palestiniens.Les deux parties ont soulign\u00e9 l&rsquo;importance de \u00ab\u00a0promouvoir l&rsquo;\u00e9lan insuffl\u00e9 par cet exploit historique pour la r\u00e9alisation des objectifs strat\u00e9giques du Sommet en vue d&rsquo;unifier les rangs arabes au service de l&rsquo;int\u00e9r\u00eat supr\u00eame de la Nation arabe\u00a0\u00bb.<\/p>\n\n\n\n<p>Chokri Hafed<\/p>\n","protected":false},"excerpt":{"rendered":"<p>C\u2019est la derni\u00e8re ligne droite avant le Sommet arabe d\u2019Alger. A J-15, le Secr\u00e9taire g\u00e9n\u00e9ral de la Ligue des \u00c9tats<\/p>\n","protected":false},"author":3,"featured_media":29158,"comment_status":"open","ping_status":"closed","sticky":false,"template":"","format":"standard","meta":{"colormag_page_container_layout":"default_layout","colormag_page_sidebar_layout":"default_layout","om_disable_all_campaigns":false,"_monsterinsights_skip_tracking":false,"_monsterinsights_sitenote_active":false,"_monsterinsights_sitenote_note":"","_monsterinsights_sitenote_category":0,"footnotes":"","_wpscppro_dont_share_socialmedia":false,"_wpscppro_custom_social_share_image":0,"_facebook_share_type":"","_twitter_share_type":"","_linkedin_share_type":"","_pinterest_share_type":"","_linkedin_share_type_page":"","_instagram_share_type":"","_medium_share_type":"","_threads_share_type":"","_google_business_share_type":"","_selected_social_profile":[],"_wpsp_enable_custom_social_template":false,"_wpsp_social_scheduling":{"enabled":false,"datetime":null,"platforms":[],"status":"template_only","dateOption":"today","timeOption":"now","customDays":"","customHours":"","customDate":"","customTime":"","schedulingType":"absolute"},"_wpsp_active_default_template":true},"categories":[52,27],"tags":[],"class_list":["post-29156","post","type-post","status-publish","format-standard","has-post-thumbnail","hentry","category-a-la-une","category-actualite"],"aioseo_notices":[],"yoast_head":"<!-- This site is optimized with the Yoast SEO plugin v27.5 - https:\/\/yoast.com\/product\/yoast-seo-wordpress\/ -->\n<title>Le Secr\u00e9taire g\u00e9n\u00e9ral de la Ligue des \u00c9tats arabes en Alg\u00e9rie\u00a0: Cap sur le Sommet d\u2019Alger - La Sentinelle<\/title>\n<meta name=\"robots\" content=\"index, follow, max-snippet:-1, max-image-preview:large, max-video-preview:-1\" \/>\n<link rel=\"canonical\" href=\"https:\/\/lasentinelle.dz\/index.php\/2022\/10\/17\/le-secretaire-general-de-la-ligue-des-etats-arabe-en-algerie-cap-sur-le-sommet-dalger\/\" \/>\n<meta property=\"og:locale\" content=\"fr_FR\" \/>\n<meta property=\"og:type\" content=\"article\" \/>\n<meta property=\"og:title\" content=\"Le Secr\u00e9taire g\u00e9n\u00e9ral de la Ligue des \u00c9tats arabes en Alg\u00e9rie\u00a0: Cap sur le Sommet d\u2019Alger - La Sentinelle\" \/>\n<meta property=\"og:description\" content=\"C\u2019est la derni\u00e8re ligne droite avant le Sommet arabe d\u2019Alger. A J-15, le Secr\u00e9taire g\u00e9n\u00e9ral de la Ligue des \u00c9tats\" \/>\n<meta property=\"og:url\" content=\"https:\/\/lasentinelle.dz\/index.php\/2022\/10\/17\/le-secretaire-general-de-la-ligue-des-etats-arabe-en-algerie-cap-sur-le-sommet-dalger\/\" \/>\n<meta property=\"og:site_name\" content=\"La Sentinelle\" \/>\n<meta property=\"article:publisher\" content=\"https:\/\/www.facebook.com\/La-Sentinelle-104059864394773\" \/>\n<meta property=\"article:published_time\" content=\"2022-10-17T21:10:00+00:00\" \/>\n<meta property=\"og:image\" content=\"https:\/\/lasentinelle.dz\/wp-content\/uploads\/2022\/10\/tebboune-1.png\" \/>\n\t<meta property=\"og:image:width\" content=\"1600\" \/>\n\t<meta property=\"og:image:height\" content=\"900\" \/>\n\t<meta property=\"og:image:type\" content=\"image\/png\" \/>\n<meta name=\"author\" content=\"La Sentinelle\" \/>\n<meta name=\"twitter:card\" content=\"summary_large_image\" \/>\n<meta name=\"twitter:label1\" content=\"\u00c9crit par\" \/>\n\t<meta name=\"twitter:data1\" content=\"La Sentinelle\" \/>\n\t<meta name=\"twitter:label2\" content=\"Dur\u00e9e de lecture estim\u00e9e\" \/>\n\t<meta name=\"twitter:data2\" content=\"4 minutes\" \/>\n<script type=\"application\/ld+json\" class=\"yoast-schema-graph\">{\"@context\":\"https:\\\/\\\/schema.org\",\"@graph\":[{\"@type\":\"Article\",\"@id\":\"https:\\\/\\\/lasentinelle.dz\\\/index.php\\\/2022\\\/10\\\/17\\\/le-secretaire-general-de-la-ligue-des-etats-arabe-en-algerie-cap-sur-le-sommet-dalger\\\/#article\",\"isPartOf\":{\"@id\":\"https:\\\/\\\/lasentinelle.dz\\\/index.php\\\/2022\\\/10\\\/17\\\/le-secretaire-general-de-la-ligue-des-etats-arabe-en-algerie-cap-sur-le-sommet-dalger\\\/\"},\"author\":{\"name\":\"La Sentinelle\",\"@id\":\"https:\\\/\\\/lasentinelle.dz\\\/#\\\/schema\\\/person\\\/d865044e22e70a75174ce8bcad3acfb3\"},\"headline\":\"Le Secr\u00e9taire g\u00e9n\u00e9ral de la Ligue des \u00c9tats arabes en Alg\u00e9rie\u00a0: Cap sur le Sommet d\u2019Alger\",\"datePublished\":\"2022-10-17T21:10:00+00:00\",\"mainEntityOfPage\":{\"@id\":\"https:\\\/\\\/lasentinelle.dz\\\/index.php\\\/2022\\\/10\\\/17\\\/le-secretaire-general-de-la-ligue-des-etats-arabe-en-algerie-cap-sur-le-sommet-dalger\\\/\"},\"wordCount\":709,\"commentCount\":0,\"publisher\":{\"@id\":\"https:\\\/\\\/lasentinelle.dz\\\/#organization\"},\"image\":{\"@id\":\"https:\\\/\\\/lasentinelle.dz\\\/index.php\\\/2022\\\/10\\\/17\\\/le-secretaire-general-de-la-ligue-des-etats-arabe-en-algerie-cap-sur-le-sommet-dalger\\\/#primaryimage\"},\"thumbnailUrl\":\"https:\\\/\\\/lasentinelle.dz\\\/wp-content\\\/uploads\\\/2022\\\/10\\\/tebboune-1.png\",\"articleSection\":[\"\u00c0 la Une\",\"Actualit\u00e9\"],\"inLanguage\":\"fr-FR\",\"potentialAction\":[{\"@type\":\"CommentAction\",\"name\":\"Comment\",\"target\":[\"https:\\\/\\\/lasentinelle.dz\\\/index.php\\\/2022\\\/10\\\/17\\\/le-secretaire-general-de-la-ligue-des-etats-arabe-en-algerie-cap-sur-le-sommet-dalger\\\/#respond\"]}]},{\"@type\":\"WebPage\",\"@id\":\"https:\\\/\\\/lasentinelle.dz\\\/index.php\\\/2022\\\/10\\\/17\\\/le-secretaire-general-de-la-ligue-des-etats-arabe-en-algerie-cap-sur-le-sommet-dalger\\\/\",\"url\":\"https:\\\/\\\/lasentinelle.dz\\\/index.php\\\/2022\\\/10\\\/17\\\/le-secretaire-general-de-la-ligue-des-etats-arabe-en-algerie-cap-sur-le-sommet-dalger\\\/\",\"name\":\"Le Secr\u00e9taire g\u00e9n\u00e9ral de la Ligue des \u00c9tats arabes en Alg\u00e9rie\u00a0: Cap sur le Sommet d\u2019Alger - La Sentinelle\",\"isPartOf\":{\"@id\":\"https:\\\/\\\/lasentinelle.dz\\\/#website\"},\"primaryImageOfPage\":{\"@id\":\"https:\\\/\\\/lasentinelle.dz\\\/index.php\\\/2022\\\/10\\\/17\\\/le-secretaire-general-de-la-ligue-des-etats-arabe-en-algerie-cap-sur-le-sommet-dalger\\\/#primaryimage\"},\"image\":{\"@id\":\"https:\\\/\\\/lasentinelle.dz\\\/index.php\\\/2022\\\/10\\\/17\\\/le-secretaire-general-de-la-ligue-des-etats-arabe-en-algerie-cap-sur-le-sommet-dalger\\\/#primaryimage\"},\"thumbnailUrl\":\"https:\\\/\\\/lasentinelle.dz\\\/wp-content\\\/uploads\\\/2022\\\/10\\\/tebboune-1.png\",\"datePublished\":\"2022-10-17T21:10:00+00:00\",\"breadcrumb\":{\"@id\":\"https:\\\/\\\/lasentinelle.dz\\\/index.php\\\/2022\\\/10\\\/17\\\/le-secretaire-general-de-la-ligue-des-etats-arabe-en-algerie-cap-sur-le-sommet-dalger\\\/#breadcrumb\"},\"inLanguage\":\"fr-FR\",\"potentialAction\":[{\"@type\":\"ReadAction\",\"target\":[\"https:\\\/\\\/lasentinelle.dz\\\/index.php\\\/2022\\\/10\\\/17\\\/le-secretaire-general-de-la-ligue-des-etats-arabe-en-algerie-cap-sur-le-sommet-dalger\\\/\"]}]},{\"@type\":\"ImageObject\",\"inLanguage\":\"fr-FR\",\"@id\":\"https:\\\/\\\/lasentinelle.dz\\\/index.php\\\/2022\\\/10\\\/17\\\/le-secretaire-general-de-la-ligue-des-etats-arabe-en-algerie-cap-sur-le-sommet-dalger\\\/#primaryimage\",\"url\":\"https:\\\/\\\/lasentinelle.dz\\\/wp-content\\\/uploads\\\/2022\\\/10\\\/tebboune-1.png\",\"contentUrl\":\"https:\\\/\\\/lasentinelle.dz\\\/wp-content\\\/uploads\\\/2022\\\/10\\\/tebboune-1.png\",\"width\":1600,\"height\":900},{\"@type\":\"BreadcrumbList\",\"@id\":\"https:\\\/\\\/lasentinelle.dz\\\/index.php\\\/2022\\\/10\\\/17\\\/le-secretaire-general-de-la-ligue-des-etats-arabe-en-algerie-cap-sur-le-sommet-dalger\\\/#breadcrumb\",\"itemListElement\":[{\"@type\":\"ListItem\",\"position\":1,\"name\":\"Accueil\",\"item\":\"https:\\\/\\\/lasentinelle.dz\\\/\"},{\"@type\":\"ListItem\",\"position\":2,\"name\":\"Le Secr\u00e9taire g\u00e9n\u00e9ral de la Ligue des \u00c9tats arabes en Alg\u00e9rie\u00a0: Cap sur le Sommet d\u2019Alger\"}]},{\"@type\":\"WebSite\",\"@id\":\"https:\\\/\\\/lasentinelle.dz\\\/#website\",\"url\":\"https:\\\/\\\/lasentinelle.dz\\\/\",\"name\":\"La Sentinelle\",\"description\":\"Quotidien national d&#039;information\",\"publisher\":{\"@id\":\"https:\\\/\\\/lasentinelle.dz\\\/#organization\"},\"potentialAction\":[{\"@type\":\"SearchAction\",\"target\":{\"@type\":\"EntryPoint\",\"urlTemplate\":\"https:\\\/\\\/lasentinelle.dz\\\/?s={search_term_string}\"},\"query-input\":{\"@type\":\"PropertyValueSpecification\",\"valueRequired\":true,\"valueName\":\"search_term_string\"}}],\"inLanguage\":\"fr-FR\"},{\"@type\":\"Organization\",\"@id\":\"https:\\\/\\\/lasentinelle.dz\\\/#organization\",\"name\":\"Quotidien La Sentinelle\",\"url\":\"https:\\\/\\\/lasentinelle.dz\\\/\",\"logo\":{\"@type\":\"ImageObject\",\"inLanguage\":\"fr-FR\",\"@id\":\"https:\\\/\\\/lasentinelle.dz\\\/#\\\/schema\\\/logo\\\/image\\\/\",\"url\":\"https:\\\/\\\/lasentinelle.dz\\\/wp-content\\\/uploads\\\/2021\\\/09\\\/logo-sentinelleSLOGAN-1.png\",\"contentUrl\":\"https:\\\/\\\/lasentinelle.dz\\\/wp-content\\\/uploads\\\/2021\\\/09\\\/logo-sentinelleSLOGAN-1.png\",\"width\":615,\"height\":142,\"caption\":\"Quotidien La Sentinelle\"},\"image\":{\"@id\":\"https:\\\/\\\/lasentinelle.dz\\\/#\\\/schema\\\/logo\\\/image\\\/\"},\"sameAs\":[\"https:\\\/\\\/www.facebook.com\\\/La-Sentinelle-104059864394773\"]},{\"@type\":\"Person\",\"@id\":\"https:\\\/\\\/lasentinelle.dz\\\/#\\\/schema\\\/person\\\/d865044e22e70a75174ce8bcad3acfb3\",\"name\":\"La Sentinelle\",\"image\":{\"@type\":\"ImageObject\",\"inLanguage\":\"fr-FR\",\"@id\":\"https:\\\/\\\/secure.gravatar.com\\\/avatar\\\/57de8e5d4b15d43fb361a71fbb36338450fe67865b528a43dd10ef7c51a20392?s=96&d=mm&r=g\",\"url\":\"https:\\\/\\\/secure.gravatar.com\\\/avatar\\\/57de8e5d4b15d43fb361a71fbb36338450fe67865b528a43dd10ef7c51a20392?s=96&d=mm&r=g\",\"contentUrl\":\"https:\\\/\\\/secure.gravatar.com\\\/avatar\\\/57de8e5d4b15d43fb361a71fbb36338450fe67865b528a43dd10ef7c51a20392?s=96&d=mm&r=g\",\"caption\":\"La Sentinelle\"},\"sameAs\":[\"http:\\\/\\\/www.lasentinelle.dz\"],\"url\":\"https:\\\/\\\/lasentinelle.dz\\\/author\\\/redaction\\\/\"}]}<\/script>\n<!-- \/ Yoast SEO plugin. -->","yoast_head_json":{"title":"Le Secr\u00e9taire g\u00e9n\u00e9ral de la Ligue des \u00c9tats arabes en Alg\u00e9rie\u00a0: Cap sur le Sommet d\u2019Alger - La Sentinelle","robots":{"index":"index","follow":"follow","max-snippet":"max-snippet:-1","max-image-preview":"max-image-preview:large","max-video-preview":"max-video-preview:-1"},"canonical":"https:\/\/lasentinelle.dz\/index.php\/2022\/10\/17\/le-secretaire-general-de-la-ligue-des-etats-arabe-en-algerie-cap-sur-le-sommet-dalger\/","og_locale":"fr_FR","og_type":"article","og_title":"Le Secr\u00e9taire g\u00e9n\u00e9ral de la Ligue des \u00c9tats arabes en Alg\u00e9rie\u00a0: Cap sur le Sommet d\u2019Alger - La Sentinelle","og_description":"C\u2019est la derni\u00e8re ligne droite avant le Sommet arabe d\u2019Alger. A J-15, le Secr\u00e9taire g\u00e9n\u00e9ral de la Ligue des \u00c9tats","og_url":"https:\/\/lasentinelle.dz\/index.php\/2022\/10\/17\/le-secretaire-general-de-la-ligue-des-etats-arabe-en-algerie-cap-sur-le-sommet-dalger\/","og_site_name":"La Sentinelle","article_publisher":"https:\/\/www.facebook.com\/La-Sentinelle-104059864394773","article_published_time":"2022-10-17T21:10:00+00:00","og_image":[{"width":1600,"height":900,"url":"https:\/\/lasentinelle.dz\/wp-content\/uploads\/2022\/10\/tebboune-1.png","type":"image\/png"}],"author":"La Sentinelle","twitter_card":"summary_large_image","twitter_misc":{"\u00c9crit par":"La Sentinelle","Dur\u00e9e de lecture estim\u00e9e":"4 minutes"},"schema":{"@context":"https:\/\/schema.org","@graph":[{"@type":"Article","@id":"https:\/\/lasentinelle.dz\/index.php\/2022\/10\/17\/le-secretaire-general-de-la-ligue-des-etats-arabe-en-algerie-cap-sur-le-sommet-dalger\/#article","isPartOf":{"@id":"https:\/\/lasentinelle.dz\/index.php\/2022\/10\/17\/le-secretaire-general-de-la-ligue-des-etats-arabe-en-algerie-cap-sur-le-sommet-dalger\/"},"author":{"name":"La Sentinelle","@id":"https:\/\/lasentinelle.dz\/#\/schema\/person\/d865044e22e70a75174ce8bcad3acfb3"},"headline":"Le Secr\u00e9taire g\u00e9n\u00e9ral de la Ligue des \u00c9tats arabes en Alg\u00e9rie\u00a0: Cap sur le Sommet d\u2019Alger","datePublished":"2022-10-17T21:10:00+00:00","mainEntityOfPage":{"@id":"https:\/\/lasentinelle.dz\/index.php\/2022\/10\/17\/le-secretaire-general-de-la-ligue-des-etats-arabe-en-algerie-cap-sur-le-sommet-dalger\/"},"wordCount":709,"commentCount":0,"publisher":{"@id":"https:\/\/lasentinelle.dz\/#organization"},"image":{"@id":"https:\/\/lasentinelle.dz\/index.php\/2022\/10\/17\/le-secretaire-general-de-la-ligue-des-etats-arabe-en-algerie-cap-sur-le-sommet-dalger\/#primaryimage"},"thumbnailUrl":"https:\/\/lasentinelle.dz\/wp-content\/uploads\/2022\/10\/tebboune-1.png","articleSection":["\u00c0 la Une","Actualit\u00e9"],"inLanguage":"fr-FR","potentialAction":[{"@type":"CommentAction","name":"Comment","target":["https:\/\/lasentinelle.dz\/index.php\/2022\/10\/17\/le-secretaire-general-de-la-ligue-des-etats-arabe-en-algerie-cap-sur-le-sommet-dalger\/#respond"]}]},{"@type":"WebPage","@id":"https:\/\/lasentinelle.dz\/index.php\/2022\/10\/17\/le-secretaire-general-de-la-ligue-des-etats-arabe-en-algerie-cap-sur-le-sommet-dalger\/","url":"https:\/\/lasentinelle.dz\/index.php\/2022\/10\/17\/le-secretaire-general-de-la-ligue-des-etats-arabe-en-algerie-cap-sur-le-sommet-dalger\/","name":"Le Secr\u00e9taire g\u00e9n\u00e9ral de la Ligue des \u00c9tats arabes en Alg\u00e9rie\u00a0: Cap sur le Sommet d\u2019Alger - La Sentinelle","isPartOf":{"@id":"https:\/\/lasentinelle.dz\/#website"},"primaryImageOfPage":{"@id":"https:\/\/lasentinelle.dz\/index.php\/2022\/10\/17\/le-secretaire-general-de-la-ligue-des-etats-arabe-en-algerie-cap-sur-le-sommet-dalger\/#primaryimage"},"image":{"@id":"https:\/\/lasentinelle.dz\/index.php\/2022\/10\/17\/le-secretaire-general-de-la-ligue-des-etats-arabe-en-algerie-cap-sur-le-sommet-dalger\/#primaryimage"},"thumbnailUrl":"https:\/\/lasentinelle.dz\/wp-content\/uploads\/2022\/10\/tebboune-1.png","datePublished":"2022-10-17T21:10:00+00:00","breadcrumb":{"@id":"https:\/\/lasentinelle.dz\/index.php\/2022\/10\/17\/le-secretaire-general-de-la-ligue-des-etats-arabe-en-algerie-cap-sur-le-sommet-dalger\/#breadcrumb"},"inLanguage":"fr-FR","potentialAction":[{"@type":"ReadAction","target":["https:\/\/lasentinelle.dz\/index.php\/2022\/10\/17\/le-secretaire-general-de-la-ligue-des-etats-arabe-en-algerie-cap-sur-le-sommet-dalger\/"]}]},{"@type":"ImageObject","inLanguage":"fr-FR","@id":"https:\/\/lasentinelle.dz\/index.php\/2022\/10\/17\/le-secretaire-general-de-la-ligue-des-etats-arabe-en-algerie-cap-sur-le-sommet-dalger\/#primaryimage","url":"https:\/\/lasentinelle.dz\/wp-content\/uploads\/2022\/10\/tebboune-1.png","contentUrl":"https:\/\/lasentinelle.dz\/wp-content\/uploads\/2022\/10\/tebboune-1.png","width":1600,"height":900},{"@type":"BreadcrumbList","@id":"https:\/\/lasentinelle.dz\/index.php\/2022\/10\/17\/le-secretaire-general-de-la-ligue-des-etats-arabe-en-algerie-cap-sur-le-sommet-dalger\/#breadcrumb","itemListElement":[{"@type":"ListItem","position":1,"name":"Accueil","item":"https:\/\/lasentinelle.dz\/"},{"@type":"ListItem","position":2,"name":"Le Secr\u00e9taire g\u00e9n\u00e9ral de la Ligue des \u00c9tats arabes en Alg\u00e9rie\u00a0: Cap sur le Sommet d\u2019Alger"}]},{"@type":"WebSite","@id":"https:\/\/lasentinelle.dz\/#website","url":"https:\/\/lasentinelle.dz\/","name":"La Sentinelle","description":"Quotidien national d&#039;information","publisher":{"@id":"https:\/\/lasentinelle.dz\/#organization"},"potentialAction":[{"@type":"SearchAction","target":{"@type":"EntryPoint","urlTemplate":"https:\/\/lasentinelle.dz\/?s={search_term_string}"},"query-input":{"@type":"PropertyValueSpecification","valueRequired":true,"valueName":"search_term_string"}}],"inLanguage":"fr-FR"},{"@type":"Organization","@id":"https:\/\/lasentinelle.dz\/#organization","name":"Quotidien La Sentinelle","url":"https:\/\/lasentinelle.dz\/","logo":{"@type":"ImageObject","inLanguage":"fr-FR","@id":"https:\/\/lasentinelle.dz\/#\/schema\/logo\/image\/","url":"https:\/\/lasentinelle.dz\/wp-content\/uploads\/2021\/09\/logo-sentinelleSLOGAN-1.png","contentUrl":"https:\/\/lasentinelle.dz\/wp-content\/uploads\/2021\/09\/logo-sentinelleSLOGAN-1.png","width":615,"height":142,"caption":"Quotidien La Sentinelle"},"image":{"@id":"https:\/\/lasentinelle.dz\/#\/schema\/logo\/image\/"},"sameAs":["https:\/\/www.facebook.com\/La-Sentinelle-104059864394773"]},{"@type":"Person","@id":"https:\/\/lasentinelle.dz\/#\/schema\/person\/d865044e22e70a75174ce8bcad3acfb3","name":"La Sentinelle","image":{"@type":"ImageObject","inLanguage":"fr-FR","@id":"https:\/\/secure.gravatar.com\/avatar\/57de8e5d4b15d43fb361a71fbb36338450fe67865b528a43dd10ef7c51a20392?s=96&d=mm&r=g","url":"https:\/\/secure.gravatar.com\/avatar\/57de8e5d4b15d43fb361a71fbb36338450fe67865b528a43dd10ef7c51a20392?s=96&d=mm&r=g","contentUrl":"https:\/\/secure.gravatar.com\/avatar\/57de8e5d4b15d43fb361a71fbb36338450fe67865b528a43dd10ef7c51a20392?s=96&d=mm&r=g","caption":"La Sentinelle"},"sameAs":["http:\/\/www.lasentinelle.dz"],"url":"https:\/\/lasentinelle.dz\/author\/redaction\/"}]}},"_links":{"self":[{"href":"https:\/\/lasentinelle.dz\/index.php\/wp-json\/wp\/v2\/posts\/29156","targetHints":{"allow":["GET"]}}],"collection":[{"href":"https:\/\/lasentinelle.dz\/index.php\/wp-json\/wp\/v2\/posts"}],"about":[{"href":"https:\/\/lasentinelle.dz\/index.php\/wp-json\/wp\/v2\/types\/post"}],"author":[{"embeddable":true,"href":"https:\/\/lasentinelle.dz\/index.php\/wp-json\/wp\/v2\/users\/3"}],"replies":[{"embeddable":true,"href":"https:\/\/lasentinelle.dz\/index.php\/wp-json\/wp\/v2\/comments?post=29156"}],"version-history":[{"count":2,"href":"https:\/\/lasentinelle.dz\/index.php\/wp-json\/wp\/v2\/posts\/29156\/revisions"}],"predecessor-version":[{"id":29164,"href":"https:\/\/lasentinelle.dz\/index.php\/wp-json\/wp\/v2\/posts\/29156\/revisions\/29164"}],"wp:featuredmedia":[{"embeddable":true,"href":"https:\/\/lasentinelle.dz\/index.php\/wp-json\/wp\/v2\/media\/29158"}],"wp:attachment":[{"href":"https:\/\/lasentinelle.dz\/index.php\/wp-json\/wp\/v2\/media?parent=29156"}],"wp:term":[{"taxonomy":"category","embeddable":true,"href":"https:\/\/lasentinelle.dz\/index.php\/wp-json\/wp\/v2\/categories?post=29156"},{"taxonomy":"post_tag","embeddable":true,"href":"https:\/\/lasentinelle.dz\/index.php\/wp-json\/wp\/v2\/tags?post=29156"}],"curies":[{"name":"wp","href":"https:\/\/api.w.org\/{rel}","templated":true}]}}