{"id":2919,"date":"2021-08-01T00:01:00","date_gmt":"2021-07-31T23:01:00","guid":{"rendered":"https:\/\/lasentinelle.dz\/?p=2919"},"modified":"2021-07-31T15:45:13","modified_gmt":"2021-07-31T14:45:13","slug":"coronavirus-le-secteur-de-la-culture-sadapte-au-confinement","status":"publish","type":"post","link":"https:\/\/lasentinelle.dz\/index.php\/2021\/08\/01\/coronavirus-le-secteur-de-la-culture-sadapte-au-confinement\/","title":{"rendered":"Coronavirus :Le secteur de la culture s\u2019adapte au confinement"},"content":{"rendered":"\n<p>La d\u00e9gradation de la situation \u00e9pid\u00e9miologique a induit de nouvelles mesures de pr\u00e9vention, avec un confinement plus \u00e9largi. Le secteur de la culture a donc d\u00fb s\u2019adapter et renouer avec les activit\u00e9s virtuelles.<\/p>\n\n\n\n<p>Concerts de musique, spectacles de th\u00e9\u00e2tre et rencontres litt\u00e9raires seront programm\u00e9s en ligne durant tout le mois d&rsquo;ao\u00fbt, a indiqu\u00e9 jeudi le Th\u00e9\u00e2tre national alg\u00e9rien Mahi\u00e9ddine-Bachtarzi sur sa page Facebook.Des pi\u00e8ces de th\u00e9\u00e2tre comme \u00ab\u00a0Torchaka\u00a0\u00bb (Allumette), \u00e9crite et mise en sc\u00e8ne par Ahmed Rezzak, \u00ab\u00a0GPS\u00a0\u00bb et \u00ab\u00a0El Haicha\u00a0\u00bb de Mohamed Charchal, et&nbsp; \u00ab\u00a0Mouhakma\u00a0\u00bb (Le proc\u00e8s), mise en sc\u00e8ne par Djame Guermi, seront diffus\u00e9s sur la chaine Youtube du TNA.Le programme pr\u00e9voit \u00e9galement la diffusion d&rsquo;un r\u00e9cital soufi de la cantatrice et chanteuse andalouse Lila Borsali, \u00e0 l&rsquo;occasion de la c\u00e9l\u00e9bration du 1er Mouharam, nouvel an de l&rsquo;H\u00e9gire, et la f\u00eate de l&rsquo;Achoura.Par ailleurs, des rencontres litt\u00e9raires-dont les th\u00e8mes n&rsquo;ont pas encore \u00e9t\u00e9 communiqu\u00e9es, font partie de ce programme visant \u00e0 \u00ab\u00a0maintenir une vie culturelle\u00a0\u00bb en format virtuel.Les romanciers Amine Zaoui et Nadjib Stambouli ainsi que l&rsquo;artiste et musicologue Salim Dada, ancien Secr\u00e9taire d&rsquo;Etat charg\u00e9 de la Production culturelle aupr\u00e8s du minist\u00e8re de la Culture et des Arts, devront animer ces rencontres virtuelles, visibles sur la page Facebook du TNA.Le Conseil des ministres, r\u00e9uni le 25 juillet sous la pr\u00e9sidence du pr\u00e9sident de la R\u00e9publique, Abdelmadjid Tebboune, a d\u00e9cid\u00e9 de la \u00ab\u00a0suspension des activit\u00e9s des maisons de jeunes et des centres culturels\u00a0\u00bb dans le cadre du renforcement du dispositif de gestion de la crise sanitaire li\u00e9e \u00e0 la pand\u00e9mie du Coronavirus (Covid-19) et la recrudescence des cas de contamination par ce virus \u00e0 travers le pays.<\/p>\n\n\n\n<p>Par ailleurs, le minist\u00e8re de la Culture et des Arts a lanc\u00e9 une campagne nationale de d\u00e9sinfection des structures culturelles et artistiques au niveau national et ce, dans le cadre de l\u2019intensification des mesures pr\u00e9ventives de lutte contre la propagation de l\u2019\u00e9pid\u00e9mie de Coronavirus (Covid-19).\u00ab Il a \u00e9t\u00e9 proc\u00e9d\u00e9 au lancement d\u2019une campagne de d\u00e9sinfection de grande envergure englobant toutes les structures culturelles au niveau national, y compris les si\u00e8ges administratifs, les salles de projection et cin\u00e9matographiques, les sites historiques et les mus\u00e9es et ce, depuis jeudi 9 juillet 2021 \u00bb, lit-on dans un communiqu\u00e9 du minist\u00e8re publi\u00e9 sur son site officiel.La m\u00eame source indique que ces mesures interviennent \u00ab sur orientations de la ministre de la Culture et des Arts, Dr. Wafa Cha\u00e2lal, relatives \u00e0 l\u2019intensification des mesures pr\u00e9ventives de lutte contre la propagation de l\u2019\u00e9pid\u00e9mie de la Covid-19, parall\u00e8lement \u00e0 sa supervision de l\u2019op\u00e9ration de vaccination des cadres et personnels du secteur et de leurs familles \u00bb.Selon le communiqu\u00e9, \u00ab la campagne nationale de d\u00e9sinfection des structures culturelles et artistiques se fait avec la contribution des entreprises sp\u00e9cialis\u00e9es et de la soci\u00e9t\u00e9 civile repr\u00e9sent\u00e9e en le mouvement associatif et les Scouts musulmans alg\u00e9riens (SMA) et en coordination avec les autorit\u00e9s locales \u00bb.\u00ab Cette op\u00e9ration sera suivie d\u2019autres campagnes prochainement \u00bb, assure-t-on dans le communiqu\u00e9.<\/p>\n\n\n\n<p>R.C.<\/p>\n","protected":false},"excerpt":{"rendered":"<p>La d\u00e9gradation de la situation \u00e9pid\u00e9miologique a induit de nouvelles mesures de pr\u00e9vention, avec un confinement plus \u00e9largi. Le secteur<\/p>\n","protected":false},"author":3,"featured_media":2967,"comment_status":"open","ping_status":"closed","sticky":false,"template":"","format":"standard","meta":{"colormag_page_container_layout":"default_layout","colormag_page_sidebar_layout":"default_layout","om_disable_all_campaigns":false,"_monsterinsights_skip_tracking":false,"_monsterinsights_sitenote_active":false,"_monsterinsights_sitenote_note":"","_monsterinsights_sitenote_category":0,"footnotes":"","_wpscppro_dont_share_socialmedia":false,"_wpscppro_custom_social_share_image":0,"_facebook_share_type":"","_twitter_share_type":"","_linkedin_share_type":"","_pinterest_share_type":"","_linkedin_share_type_page":"","_instagram_share_type":"","_medium_share_type":"","_threads_share_type":"","_google_business_share_type":"","_selected_social_profile":[],"_wpsp_enable_custom_social_template":false,"_wpsp_social_scheduling":{"enabled":false,"datetime":null,"platforms":[],"status":"template_only","dateOption":"today","timeOption":"now","customDays":"","customHours":"","customDate":"","customTime":"","schedulingType":"absolute"},"_wpsp_active_default_template":true},"categories":[36],"tags":[],"class_list":["post-2919","post","type-post","status-publish","format-standard","has-post-thumbnail","hentry","category-culture"],"aioseo_notices":[],"yoast_head":"<!-- This site is optimized with the Yoast SEO plugin v27.5 - https:\/\/yoast.com\/product\/yoast-seo-wordpress\/ -->\n<title>Coronavirus :Le secteur de la culture s\u2019adapte au confinement - La Sentinelle<\/title>\n<meta name=\"robots\" content=\"index, follow, max-snippet:-1, max-image-preview:large, max-video-preview:-1\" \/>\n<link rel=\"canonical\" href=\"https:\/\/lasentinelle.dz\/index.php\/2021\/08\/01\/coronavirus-le-secteur-de-la-culture-sadapte-au-confinement\/\" \/>\n<meta property=\"og:locale\" content=\"fr_FR\" \/>\n<meta property=\"og:type\" content=\"article\" \/>\n<meta property=\"og:title\" content=\"Coronavirus :Le secteur de la culture s\u2019adapte au confinement - La Sentinelle\" \/>\n<meta property=\"og:description\" content=\"La d\u00e9gradation de la situation \u00e9pid\u00e9miologique a induit de nouvelles mesures de pr\u00e9vention, avec un confinement plus \u00e9largi. Le secteur\" \/>\n<meta property=\"og:url\" content=\"https:\/\/lasentinelle.dz\/index.php\/2021\/08\/01\/coronavirus-le-secteur-de-la-culture-sadapte-au-confinement\/\" \/>\n<meta property=\"og:site_name\" content=\"La Sentinelle\" \/>\n<meta property=\"article:publisher\" content=\"https:\/\/www.facebook.com\/La-Sentinelle-104059864394773\" \/>\n<meta property=\"article:published_time\" content=\"2021-07-31T23:01:00+00:00\" \/>\n<meta property=\"og:image\" content=\"https:\/\/lasentinelle.dz\/wp-content\/uploads\/2021\/07\/TNA.png\" \/>\n\t<meta property=\"og:image:width\" content=\"1573\" \/>\n\t<meta property=\"og:image:height\" content=\"900\" \/>\n\t<meta property=\"og:image:type\" content=\"image\/png\" \/>\n<meta name=\"author\" content=\"La Sentinelle\" \/>\n<meta name=\"twitter:card\" content=\"summary_large_image\" \/>\n<meta name=\"twitter:label1\" content=\"\u00c9crit par\" \/>\n\t<meta name=\"twitter:data1\" content=\"La Sentinelle\" \/>\n\t<meta name=\"twitter:label2\" content=\"Dur\u00e9e de lecture estim\u00e9e\" \/>\n\t<meta name=\"twitter:data2\" content=\"3 minutes\" \/>\n<script type=\"application\/ld+json\" class=\"yoast-schema-graph\">{\"@context\":\"https:\\\/\\\/schema.org\",\"@graph\":[{\"@type\":\"Article\",\"@id\":\"https:\\\/\\\/lasentinelle.dz\\\/index.php\\\/2021\\\/08\\\/01\\\/coronavirus-le-secteur-de-la-culture-sadapte-au-confinement\\\/#article\",\"isPartOf\":{\"@id\":\"https:\\\/\\\/lasentinelle.dz\\\/index.php\\\/2021\\\/08\\\/01\\\/coronavirus-le-secteur-de-la-culture-sadapte-au-confinement\\\/\"},\"author\":{\"name\":\"La Sentinelle\",\"@id\":\"https:\\\/\\\/lasentinelle.dz\\\/#\\\/schema\\\/person\\\/d865044e22e70a75174ce8bcad3acfb3\"},\"headline\":\"Coronavirus :Le secteur de la culture s\u2019adapte au confinement\",\"datePublished\":\"2021-07-31T23:01:00+00:00\",\"mainEntityOfPage\":{\"@id\":\"https:\\\/\\\/lasentinelle.dz\\\/index.php\\\/2021\\\/08\\\/01\\\/coronavirus-le-secteur-de-la-culture-sadapte-au-confinement\\\/\"},\"wordCount\":567,\"commentCount\":0,\"publisher\":{\"@id\":\"https:\\\/\\\/lasentinelle.dz\\\/#organization\"},\"image\":{\"@id\":\"https:\\\/\\\/lasentinelle.dz\\\/index.php\\\/2021\\\/08\\\/01\\\/coronavirus-le-secteur-de-la-culture-sadapte-au-confinement\\\/#primaryimage\"},\"thumbnailUrl\":\"https:\\\/\\\/lasentinelle.dz\\\/wp-content\\\/uploads\\\/2021\\\/07\\\/TNA.png\",\"articleSection\":[\"Culture\"],\"inLanguage\":\"fr-FR\",\"potentialAction\":[{\"@type\":\"CommentAction\",\"name\":\"Comment\",\"target\":[\"https:\\\/\\\/lasentinelle.dz\\\/index.php\\\/2021\\\/08\\\/01\\\/coronavirus-le-secteur-de-la-culture-sadapte-au-confinement\\\/#respond\"]}]},{\"@type\":\"WebPage\",\"@id\":\"https:\\\/\\\/lasentinelle.dz\\\/index.php\\\/2021\\\/08\\\/01\\\/coronavirus-le-secteur-de-la-culture-sadapte-au-confinement\\\/\",\"url\":\"https:\\\/\\\/lasentinelle.dz\\\/index.php\\\/2021\\\/08\\\/01\\\/coronavirus-le-secteur-de-la-culture-sadapte-au-confinement\\\/\",\"name\":\"Coronavirus :Le secteur de la culture s\u2019adapte au confinement - La Sentinelle\",\"isPartOf\":{\"@id\":\"https:\\\/\\\/lasentinelle.dz\\\/#website\"},\"primaryImageOfPage\":{\"@id\":\"https:\\\/\\\/lasentinelle.dz\\\/index.php\\\/2021\\\/08\\\/01\\\/coronavirus-le-secteur-de-la-culture-sadapte-au-confinement\\\/#primaryimage\"},\"image\":{\"@id\":\"https:\\\/\\\/lasentinelle.dz\\\/index.php\\\/2021\\\/08\\\/01\\\/coronavirus-le-secteur-de-la-culture-sadapte-au-confinement\\\/#primaryimage\"},\"thumbnailUrl\":\"https:\\\/\\\/lasentinelle.dz\\\/wp-content\\\/uploads\\\/2021\\\/07\\\/TNA.png\",\"datePublished\":\"2021-07-31T23:01:00+00:00\",\"breadcrumb\":{\"@id\":\"https:\\\/\\\/lasentinelle.dz\\\/index.php\\\/2021\\\/08\\\/01\\\/coronavirus-le-secteur-de-la-culture-sadapte-au-confinement\\\/#breadcrumb\"},\"inLanguage\":\"fr-FR\",\"potentialAction\":[{\"@type\":\"ReadAction\",\"target\":[\"https:\\\/\\\/lasentinelle.dz\\\/index.php\\\/2021\\\/08\\\/01\\\/coronavirus-le-secteur-de-la-culture-sadapte-au-confinement\\\/\"]}]},{\"@type\":\"ImageObject\",\"inLanguage\":\"fr-FR\",\"@id\":\"https:\\\/\\\/lasentinelle.dz\\\/index.php\\\/2021\\\/08\\\/01\\\/coronavirus-le-secteur-de-la-culture-sadapte-au-confinement\\\/#primaryimage\",\"url\":\"https:\\\/\\\/lasentinelle.dz\\\/wp-content\\\/uploads\\\/2021\\\/07\\\/TNA.png\",\"contentUrl\":\"https:\\\/\\\/lasentinelle.dz\\\/wp-content\\\/uploads\\\/2021\\\/07\\\/TNA.png\",\"width\":1573,\"height\":900},{\"@type\":\"BreadcrumbList\",\"@id\":\"https:\\\/\\\/lasentinelle.dz\\\/index.php\\\/2021\\\/08\\\/01\\\/coronavirus-le-secteur-de-la-culture-sadapte-au-confinement\\\/#breadcrumb\",\"itemListElement\":[{\"@type\":\"ListItem\",\"position\":1,\"name\":\"Accueil\",\"item\":\"https:\\\/\\\/lasentinelle.dz\\\/\"},{\"@type\":\"ListItem\",\"position\":2,\"name\":\"Coronavirus :Le secteur de la culture s\u2019adapte au confinement\"}]},{\"@type\":\"WebSite\",\"@id\":\"https:\\\/\\\/lasentinelle.dz\\\/#website\",\"url\":\"https:\\\/\\\/lasentinelle.dz\\\/\",\"name\":\"La Sentinelle\",\"description\":\"Quotidien national d&#039;information\",\"publisher\":{\"@id\":\"https:\\\/\\\/lasentinelle.dz\\\/#organization\"},\"potentialAction\":[{\"@type\":\"SearchAction\",\"target\":{\"@type\":\"EntryPoint\",\"urlTemplate\":\"https:\\\/\\\/lasentinelle.dz\\\/?s={search_term_string}\"},\"query-input\":{\"@type\":\"PropertyValueSpecification\",\"valueRequired\":true,\"valueName\":\"search_term_string\"}}],\"inLanguage\":\"fr-FR\"},{\"@type\":\"Organization\",\"@id\":\"https:\\\/\\\/lasentinelle.dz\\\/#organization\",\"name\":\"Quotidien La Sentinelle\",\"url\":\"https:\\\/\\\/lasentinelle.dz\\\/\",\"logo\":{\"@type\":\"ImageObject\",\"inLanguage\":\"fr-FR\",\"@id\":\"https:\\\/\\\/lasentinelle.dz\\\/#\\\/schema\\\/logo\\\/image\\\/\",\"url\":\"https:\\\/\\\/lasentinelle.dz\\\/wp-content\\\/uploads\\\/2021\\\/09\\\/logo-sentinelleSLOGAN-1.png\",\"contentUrl\":\"https:\\\/\\\/lasentinelle.dz\\\/wp-content\\\/uploads\\\/2021\\\/09\\\/logo-sentinelleSLOGAN-1.png\",\"width\":615,\"height\":142,\"caption\":\"Quotidien La Sentinelle\"},\"image\":{\"@id\":\"https:\\\/\\\/lasentinelle.dz\\\/#\\\/schema\\\/logo\\\/image\\\/\"},\"sameAs\":[\"https:\\\/\\\/www.facebook.com\\\/La-Sentinelle-104059864394773\"]},{\"@type\":\"Person\",\"@id\":\"https:\\\/\\\/lasentinelle.dz\\\/#\\\/schema\\\/person\\\/d865044e22e70a75174ce8bcad3acfb3\",\"name\":\"La Sentinelle\",\"image\":{\"@type\":\"ImageObject\",\"inLanguage\":\"fr-FR\",\"@id\":\"https:\\\/\\\/secure.gravatar.com\\\/avatar\\\/57de8e5d4b15d43fb361a71fbb36338450fe67865b528a43dd10ef7c51a20392?s=96&d=mm&r=g\",\"url\":\"https:\\\/\\\/secure.gravatar.com\\\/avatar\\\/57de8e5d4b15d43fb361a71fbb36338450fe67865b528a43dd10ef7c51a20392?s=96&d=mm&r=g\",\"contentUrl\":\"https:\\\/\\\/secure.gravatar.com\\\/avatar\\\/57de8e5d4b15d43fb361a71fbb36338450fe67865b528a43dd10ef7c51a20392?s=96&d=mm&r=g\",\"caption\":\"La Sentinelle\"},\"sameAs\":[\"http:\\\/\\\/www.lasentinelle.dz\"],\"url\":\"https:\\\/\\\/lasentinelle.dz\\\/author\\\/redaction\\\/\"}]}<\/script>\n<!-- \/ Yoast SEO plugin. -->","yoast_head_json":{"title":"Coronavirus :Le secteur de la culture s\u2019adapte au confinement - La Sentinelle","robots":{"index":"index","follow":"follow","max-snippet":"max-snippet:-1","max-image-preview":"max-image-preview:large","max-video-preview":"max-video-preview:-1"},"canonical":"https:\/\/lasentinelle.dz\/index.php\/2021\/08\/01\/coronavirus-le-secteur-de-la-culture-sadapte-au-confinement\/","og_locale":"fr_FR","og_type":"article","og_title":"Coronavirus :Le secteur de la culture s\u2019adapte au confinement - La Sentinelle","og_description":"La d\u00e9gradation de la situation \u00e9pid\u00e9miologique a induit de nouvelles mesures de pr\u00e9vention, avec un confinement plus \u00e9largi. Le secteur","og_url":"https:\/\/lasentinelle.dz\/index.php\/2021\/08\/01\/coronavirus-le-secteur-de-la-culture-sadapte-au-confinement\/","og_site_name":"La Sentinelle","article_publisher":"https:\/\/www.facebook.com\/La-Sentinelle-104059864394773","article_published_time":"2021-07-31T23:01:00+00:00","og_image":[{"width":1573,"height":900,"url":"https:\/\/lasentinelle.dz\/wp-content\/uploads\/2021\/07\/TNA.png","type":"image\/png"}],"author":"La Sentinelle","twitter_card":"summary_large_image","twitter_misc":{"\u00c9crit par":"La Sentinelle","Dur\u00e9e de lecture estim\u00e9e":"3 minutes"},"schema":{"@context":"https:\/\/schema.org","@graph":[{"@type":"Article","@id":"https:\/\/lasentinelle.dz\/index.php\/2021\/08\/01\/coronavirus-le-secteur-de-la-culture-sadapte-au-confinement\/#article","isPartOf":{"@id":"https:\/\/lasentinelle.dz\/index.php\/2021\/08\/01\/coronavirus-le-secteur-de-la-culture-sadapte-au-confinement\/"},"author":{"name":"La Sentinelle","@id":"https:\/\/lasentinelle.dz\/#\/schema\/person\/d865044e22e70a75174ce8bcad3acfb3"},"headline":"Coronavirus :Le secteur de la culture s\u2019adapte au confinement","datePublished":"2021-07-31T23:01:00+00:00","mainEntityOfPage":{"@id":"https:\/\/lasentinelle.dz\/index.php\/2021\/08\/01\/coronavirus-le-secteur-de-la-culture-sadapte-au-confinement\/"},"wordCount":567,"commentCount":0,"publisher":{"@id":"https:\/\/lasentinelle.dz\/#organization"},"image":{"@id":"https:\/\/lasentinelle.dz\/index.php\/2021\/08\/01\/coronavirus-le-secteur-de-la-culture-sadapte-au-confinement\/#primaryimage"},"thumbnailUrl":"https:\/\/lasentinelle.dz\/wp-content\/uploads\/2021\/07\/TNA.png","articleSection":["Culture"],"inLanguage":"fr-FR","potentialAction":[{"@type":"CommentAction","name":"Comment","target":["https:\/\/lasentinelle.dz\/index.php\/2021\/08\/01\/coronavirus-le-secteur-de-la-culture-sadapte-au-confinement\/#respond"]}]},{"@type":"WebPage","@id":"https:\/\/lasentinelle.dz\/index.php\/2021\/08\/01\/coronavirus-le-secteur-de-la-culture-sadapte-au-confinement\/","url":"https:\/\/lasentinelle.dz\/index.php\/2021\/08\/01\/coronavirus-le-secteur-de-la-culture-sadapte-au-confinement\/","name":"Coronavirus :Le secteur de la culture s\u2019adapte au confinement - La Sentinelle","isPartOf":{"@id":"https:\/\/lasentinelle.dz\/#website"},"primaryImageOfPage":{"@id":"https:\/\/lasentinelle.dz\/index.php\/2021\/08\/01\/coronavirus-le-secteur-de-la-culture-sadapte-au-confinement\/#primaryimage"},"image":{"@id":"https:\/\/lasentinelle.dz\/index.php\/2021\/08\/01\/coronavirus-le-secteur-de-la-culture-sadapte-au-confinement\/#primaryimage"},"thumbnailUrl":"https:\/\/lasentinelle.dz\/wp-content\/uploads\/2021\/07\/TNA.png","datePublished":"2021-07-31T23:01:00+00:00","breadcrumb":{"@id":"https:\/\/lasentinelle.dz\/index.php\/2021\/08\/01\/coronavirus-le-secteur-de-la-culture-sadapte-au-confinement\/#breadcrumb"},"inLanguage":"fr-FR","potentialAction":[{"@type":"ReadAction","target":["https:\/\/lasentinelle.dz\/index.php\/2021\/08\/01\/coronavirus-le-secteur-de-la-culture-sadapte-au-confinement\/"]}]},{"@type":"ImageObject","inLanguage":"fr-FR","@id":"https:\/\/lasentinelle.dz\/index.php\/2021\/08\/01\/coronavirus-le-secteur-de-la-culture-sadapte-au-confinement\/#primaryimage","url":"https:\/\/lasentinelle.dz\/wp-content\/uploads\/2021\/07\/TNA.png","contentUrl":"https:\/\/lasentinelle.dz\/wp-content\/uploads\/2021\/07\/TNA.png","width":1573,"height":900},{"@type":"BreadcrumbList","@id":"https:\/\/lasentinelle.dz\/index.php\/2021\/08\/01\/coronavirus-le-secteur-de-la-culture-sadapte-au-confinement\/#breadcrumb","itemListElement":[{"@type":"ListItem","position":1,"name":"Accueil","item":"https:\/\/lasentinelle.dz\/"},{"@type":"ListItem","position":2,"name":"Coronavirus :Le secteur de la culture s\u2019adapte au confinement"}]},{"@type":"WebSite","@id":"https:\/\/lasentinelle.dz\/#website","url":"https:\/\/lasentinelle.dz\/","name":"La Sentinelle","description":"Quotidien national d&#039;information","publisher":{"@id":"https:\/\/lasentinelle.dz\/#organization"},"potentialAction":[{"@type":"SearchAction","target":{"@type":"EntryPoint","urlTemplate":"https:\/\/lasentinelle.dz\/?s={search_term_string}"},"query-input":{"@type":"PropertyValueSpecification","valueRequired":true,"valueName":"search_term_string"}}],"inLanguage":"fr-FR"},{"@type":"Organization","@id":"https:\/\/lasentinelle.dz\/#organization","name":"Quotidien La Sentinelle","url":"https:\/\/lasentinelle.dz\/","logo":{"@type":"ImageObject","inLanguage":"fr-FR","@id":"https:\/\/lasentinelle.dz\/#\/schema\/logo\/image\/","url":"https:\/\/lasentinelle.dz\/wp-content\/uploads\/2021\/09\/logo-sentinelleSLOGAN-1.png","contentUrl":"https:\/\/lasentinelle.dz\/wp-content\/uploads\/2021\/09\/logo-sentinelleSLOGAN-1.png","width":615,"height":142,"caption":"Quotidien La Sentinelle"},"image":{"@id":"https:\/\/lasentinelle.dz\/#\/schema\/logo\/image\/"},"sameAs":["https:\/\/www.facebook.com\/La-Sentinelle-104059864394773"]},{"@type":"Person","@id":"https:\/\/lasentinelle.dz\/#\/schema\/person\/d865044e22e70a75174ce8bcad3acfb3","name":"La Sentinelle","image":{"@type":"ImageObject","inLanguage":"fr-FR","@id":"https:\/\/secure.gravatar.com\/avatar\/57de8e5d4b15d43fb361a71fbb36338450fe67865b528a43dd10ef7c51a20392?s=96&d=mm&r=g","url":"https:\/\/secure.gravatar.com\/avatar\/57de8e5d4b15d43fb361a71fbb36338450fe67865b528a43dd10ef7c51a20392?s=96&d=mm&r=g","contentUrl":"https:\/\/secure.gravatar.com\/avatar\/57de8e5d4b15d43fb361a71fbb36338450fe67865b528a43dd10ef7c51a20392?s=96&d=mm&r=g","caption":"La Sentinelle"},"sameAs":["http:\/\/www.lasentinelle.dz"],"url":"https:\/\/lasentinelle.dz\/author\/redaction\/"}]}},"_links":{"self":[{"href":"https:\/\/lasentinelle.dz\/index.php\/wp-json\/wp\/v2\/posts\/2919","targetHints":{"allow":["GET"]}}],"collection":[{"href":"https:\/\/lasentinelle.dz\/index.php\/wp-json\/wp\/v2\/posts"}],"about":[{"href":"https:\/\/lasentinelle.dz\/index.php\/wp-json\/wp\/v2\/types\/post"}],"author":[{"embeddable":true,"href":"https:\/\/lasentinelle.dz\/index.php\/wp-json\/wp\/v2\/users\/3"}],"replies":[{"embeddable":true,"href":"https:\/\/lasentinelle.dz\/index.php\/wp-json\/wp\/v2\/comments?post=2919"}],"version-history":[{"count":1,"href":"https:\/\/lasentinelle.dz\/index.php\/wp-json\/wp\/v2\/posts\/2919\/revisions"}],"predecessor-version":[{"id":2968,"href":"https:\/\/lasentinelle.dz\/index.php\/wp-json\/wp\/v2\/posts\/2919\/revisions\/2968"}],"wp:featuredmedia":[{"embeddable":true,"href":"https:\/\/lasentinelle.dz\/index.php\/wp-json\/wp\/v2\/media\/2967"}],"wp:attachment":[{"href":"https:\/\/lasentinelle.dz\/index.php\/wp-json\/wp\/v2\/media?parent=2919"}],"wp:term":[{"taxonomy":"category","embeddable":true,"href":"https:\/\/lasentinelle.dz\/index.php\/wp-json\/wp\/v2\/categories?post=2919"},{"taxonomy":"post_tag","embeddable":true,"href":"https:\/\/lasentinelle.dz\/index.php\/wp-json\/wp\/v2\/tags?post=2919"}],"curies":[{"name":"wp","href":"https:\/\/api.w.org\/{rel}","templated":true}]}}