{"id":29219,"date":"2022-10-18T22:05:00","date_gmt":"2022-10-18T21:05:00","guid":{"rendered":"https:\/\/lasentinelle.dz\/?p=29219"},"modified":"2022-10-18T20:23:05","modified_gmt":"2022-10-18T19:23:05","slug":"biden-annonce-la-liberation-des-stocks-strategiques-crise-energetique-loccident-en-mal-de-solutions","status":"publish","type":"post","link":"https:\/\/lasentinelle.dz\/index.php\/2022\/10\/18\/biden-annonce-la-liberation-des-stocks-strategiques-crise-energetique-loccident-en-mal-de-solutions\/","title":{"rendered":"Biden annonce la lib\u00e9ration des stocks strat\u00e9giques\u00a0: Crise \u00e9nerg\u00e9tique\u00a0: l\u2019Occident en mal de solutions"},"content":{"rendered":"\n<p>La crise \u00e9nerg\u00e9tique alimente le m\u00e9contentement des populations et risque d\u2019emporter de nombreux gouvernements europ\u00e9ens. Les plans d\u2019\u00e9conomies d\u2019\u00e9nergie annonc\u00e9es alimentent les craintes alors que le m\u00e9contentement induit par l\u2019inflation, la hausse des prix de l\u2019\u00e9nergie et la baisse du pouvoir d\u2019achat est son paroxysme. En mal d\u2019alternatives, l\u2019Union europ\u00e9enne annonce un plan d\u2019aide de 40 milliards d\u2019euros, des fonds qu\u2019elle devra bien puiser quelque part, pour contrer la flamb\u00e9e des prix de l\u2019\u00e9nergie.&nbsp; La situation n\u2019est pas plus reluisante chez l\u2019Oncle Sam. Pi\u00e9g\u00e9 par l\u2019inflation dont il a fait sa priorit\u00e9, mais surtout par son discours sciemment orient\u00e9 sur le rapport inflation-prix de l\u2019\u00e9nergie, Joe Biden doit trouver des r\u00e9ponses et vite pour contenter l\u2019opinion alors que les \u00e9lections du mi-mandat du 8 novembre approchent \u00e0 grands pas. Mais dans un march\u00e9 aux mains d\u2019op\u00e9rateurs priv\u00e9s, les gouvernements de l\u2019Otan doivent apprendre \u00e0 composer, d\u2019autant que les tactiques destin\u00e9es \u00e0 mettre les producteurs d\u2019\u00e9nergie au banc des accus\u00e9s ne prennent plus.<\/p>\n\n\n\n<p>L\u2019administration Biden persiste pourtant \u00e0 chercher \u00e0 infl\u00e9chir les \u00e9quilibres du march\u00e9 p\u00e9trolier par l\u2019offre, bien que ce dernier soit sujet \u00e0 des fluctuations intempestives en raison des incertitudes sur la demande et les tensions g\u00e9opolitiques. Ainsi, et apr\u00e8s avoir \u00e9chou\u00e9 \u00e0 faire plier l\u2019Opep \u00e0 ses d\u00e9sid\u00e9ratas, la Maison-Blanche annonce la lib\u00e9ration de 40 millions de barils de p\u00e9trole de ses stocks strat\u00e9giques pour peser sur le march\u00e9. Et au moment o\u00f9 les stocks baissent, l&rsquo;administration Biden dit discuter avec les soci\u00e9t\u00e9s \u00e9nerg\u00e9tiques de la possibilit\u00e9 de racheter du p\u00e9trole jusqu&rsquo;en 2025 pour reconstituer ses r\u00e9serves.Les discussions, qui impliquent de puiser une nouvelle fois dans les r\u00e9serves strat\u00e9giques du pays et de fixer le calendrier de rachat du p\u00e9trole. Biden a annonc\u00e9 en mars dernier un plan pour lib\u00e9rer jusqu&rsquo;\u00e0 180 millions de barils de stocks strat\u00e9giques entre mai et octobre, le plus grand pr\u00e9l\u00e8vement jamais effectu\u00e9 sur sa r\u00e9serve strat\u00e9gique, afin de faire baisser les prix.Les \u00c9tats-Unis se pr\u00e9parent \u00e9galement \u00e0 lib\u00e9rer environ 40 millions de barils suppl\u00e9mentaires de p\u00e9trole de leur r\u00e9serve strat\u00e9gique, ce qui pourrait \u00eatre annonc\u00e9 prochainement, ont indiqu\u00e9 \u00e0 l\u2019AFP des sources de la Maison Blanche. Une option que Washington agite alors que ces annonces ont d\u00e9montr\u00e9 leur effet limit\u00e9 sur le march\u00e9. Ces annonces ressemblent plus \u00e0 une man\u0153uvre politique qu\u2019\u00e0 l\u2019esquisse d\u2019une r\u00e9ponse s\u00e9rieuse \u00e0 la crise dont les racines sont surtout g\u00e9opolitiques. \u00ab&nbsp;L&rsquo;administration dispose d&rsquo;une petite fen\u00eatre avant les \u00e9lections de mi-mandat pour essayer de faire baisser les prix du carburant, ou du moins montrer qu&rsquo;elle essaie\u00a0\u00bb, a d\u00e9clar\u00e9 \u00e0 l\u2019AFP, une source au fait des d\u00e9lib\u00e9rations de la Maison Blanche.<\/p>\n\n\n\n<p>Sur les march\u00e9s, l\u2019incertitude est plus que jamais la r\u00e8gle. Vers 10H30 GMT, le baril de Brent de la mer du Nord pour livraison en d\u00e9cembre c\u00e9dait 0,20% \u00e0 91,44 dollars.Le baril de West Texas Intermediate (WTI) am\u00e9ricain pour livraison en novembre perdait 0,25% \u00e0 85,25 dollars.<\/p>\n\n\n\n<p>L&rsquo;Organisation des pays exportateurs de p\u00e9trole (OPEP), l&rsquo;Agence internationale de l&rsquo;\u00e9nergie (AIE) et l&rsquo;Agence am\u00e9ricaine d&rsquo;information sur l&rsquo;\u00e9nergie (EIA) se sont accord\u00e9es la semaine derni\u00e8re sur une demande moins robuste que pr\u00e9vu en 2022 et 2023 dans leurs rapports mensuels respectifs sur le march\u00e9 de l&rsquo;or noir.Du c\u00f4t\u00e9 du gaz, le gaz naturel poursuivait quant \u00e0 lui son repli, le contrat \u00e0 terme du TTF n\u00e9erlandais, r\u00e9f\u00e9rence du gaz naturel en Europe, \u00e9voluant \u00e0 118,50 euros le m\u00e9gawattheure (MWh) apr\u00e8s avoir recul\u00e9 jusqu&rsquo;\u00e0 115 euros, son plus bas niveau depuis fin juin.<\/p>\n\n\n\n<p><strong>Chokri Hafed<\/strong><\/p>\n","protected":false},"excerpt":{"rendered":"<p>La crise \u00e9nerg\u00e9tique alimente le m\u00e9contentement des populations et risque d\u2019emporter de nombreux gouvernements europ\u00e9ens. Les plans d\u2019\u00e9conomies d\u2019\u00e9nergie annonc\u00e9es<\/p>\n","protected":false},"author":3,"featured_media":29223,"comment_status":"open","ping_status":"closed","sticky":false,"template":"","format":"standard","meta":{"colormag_page_container_layout":"default_layout","colormag_page_sidebar_layout":"default_layout","om_disable_all_campaigns":false,"_monsterinsights_skip_tracking":false,"_monsterinsights_sitenote_active":false,"_monsterinsights_sitenote_note":"","_monsterinsights_sitenote_category":0,"footnotes":"","_wpscppro_dont_share_socialmedia":false,"_wpscppro_custom_social_share_image":0,"_facebook_share_type":"","_twitter_share_type":"","_linkedin_share_type":"","_pinterest_share_type":"","_linkedin_share_type_page":"","_instagram_share_type":"","_medium_share_type":"","_threads_share_type":"","_google_business_share_type":"","_selected_social_profile":[],"_wpsp_enable_custom_social_template":false,"_wpsp_social_scheduling":{"enabled":false,"datetime":null,"platforms":[],"status":"template_only","dateOption":"today","timeOption":"now","customDays":"","customHours":"","customDate":"","customTime":"","schedulingType":"absolute"},"_wpsp_active_default_template":true},"categories":[27],"tags":[],"class_list":["post-29219","post","type-post","status-publish","format-standard","has-post-thumbnail","hentry","category-actualite"],"aioseo_notices":[],"yoast_head":"<!-- This site is optimized with the Yoast SEO plugin v27.5 - https:\/\/yoast.com\/product\/yoast-seo-wordpress\/ -->\n<title>Biden annonce la lib\u00e9ration des stocks strat\u00e9giques\u00a0: Crise \u00e9nerg\u00e9tique\u00a0: l\u2019Occident en mal de solutions - La Sentinelle<\/title>\n<meta name=\"robots\" content=\"index, follow, max-snippet:-1, max-image-preview:large, max-video-preview:-1\" \/>\n<link rel=\"canonical\" href=\"https:\/\/lasentinelle.dz\/index.php\/2022\/10\/18\/biden-annonce-la-liberation-des-stocks-strategiques-crise-energetique-loccident-en-mal-de-solutions\/\" \/>\n<meta property=\"og:locale\" content=\"fr_FR\" \/>\n<meta property=\"og:type\" content=\"article\" \/>\n<meta property=\"og:title\" content=\"Biden annonce la lib\u00e9ration des stocks strat\u00e9giques\u00a0: Crise \u00e9nerg\u00e9tique\u00a0: l\u2019Occident en mal de solutions - La Sentinelle\" \/>\n<meta property=\"og:description\" content=\"La crise \u00e9nerg\u00e9tique alimente le m\u00e9contentement des populations et risque d\u2019emporter de nombreux gouvernements europ\u00e9ens. Les plans d\u2019\u00e9conomies d\u2019\u00e9nergie annonc\u00e9es\" \/>\n<meta property=\"og:url\" content=\"https:\/\/lasentinelle.dz\/index.php\/2022\/10\/18\/biden-annonce-la-liberation-des-stocks-strategiques-crise-energetique-loccident-en-mal-de-solutions\/\" \/>\n<meta property=\"og:site_name\" content=\"La Sentinelle\" \/>\n<meta property=\"article:publisher\" content=\"https:\/\/www.facebook.com\/La-Sentinelle-104059864394773\" \/>\n<meta property=\"article:published_time\" content=\"2022-10-18T21:05:00+00:00\" \/>\n<meta property=\"og:image\" content=\"https:\/\/lasentinelle.dz\/wp-content\/uploads\/2022\/10\/biden.png\" \/>\n\t<meta property=\"og:image:width\" content=\"1350\" \/>\n\t<meta property=\"og:image:height\" content=\"900\" \/>\n\t<meta property=\"og:image:type\" content=\"image\/png\" \/>\n<meta name=\"author\" content=\"La Sentinelle\" \/>\n<meta name=\"twitter:card\" content=\"summary_large_image\" \/>\n<meta name=\"twitter:label1\" content=\"\u00c9crit par\" \/>\n\t<meta name=\"twitter:data1\" content=\"La Sentinelle\" \/>\n\t<meta name=\"twitter:label2\" content=\"Dur\u00e9e de lecture estim\u00e9e\" \/>\n\t<meta name=\"twitter:data2\" content=\"3 minutes\" \/>\n<script type=\"application\/ld+json\" class=\"yoast-schema-graph\">{\"@context\":\"https:\\\/\\\/schema.org\",\"@graph\":[{\"@type\":\"Article\",\"@id\":\"https:\\\/\\\/lasentinelle.dz\\\/index.php\\\/2022\\\/10\\\/18\\\/biden-annonce-la-liberation-des-stocks-strategiques-crise-energetique-loccident-en-mal-de-solutions\\\/#article\",\"isPartOf\":{\"@id\":\"https:\\\/\\\/lasentinelle.dz\\\/index.php\\\/2022\\\/10\\\/18\\\/biden-annonce-la-liberation-des-stocks-strategiques-crise-energetique-loccident-en-mal-de-solutions\\\/\"},\"author\":{\"name\":\"La Sentinelle\",\"@id\":\"https:\\\/\\\/lasentinelle.dz\\\/#\\\/schema\\\/person\\\/d865044e22e70a75174ce8bcad3acfb3\"},\"headline\":\"Biden annonce la lib\u00e9ration des stocks strat\u00e9giques\u00a0: Crise \u00e9nerg\u00e9tique\u00a0: l\u2019Occident en mal de solutions\",\"datePublished\":\"2022-10-18T21:05:00+00:00\",\"mainEntityOfPage\":{\"@id\":\"https:\\\/\\\/lasentinelle.dz\\\/index.php\\\/2022\\\/10\\\/18\\\/biden-annonce-la-liberation-des-stocks-strategiques-crise-energetique-loccident-en-mal-de-solutions\\\/\"},\"wordCount\":673,\"commentCount\":0,\"publisher\":{\"@id\":\"https:\\\/\\\/lasentinelle.dz\\\/#organization\"},\"image\":{\"@id\":\"https:\\\/\\\/lasentinelle.dz\\\/index.php\\\/2022\\\/10\\\/18\\\/biden-annonce-la-liberation-des-stocks-strategiques-crise-energetique-loccident-en-mal-de-solutions\\\/#primaryimage\"},\"thumbnailUrl\":\"https:\\\/\\\/lasentinelle.dz\\\/wp-content\\\/uploads\\\/2022\\\/10\\\/biden.png\",\"articleSection\":[\"Actualit\u00e9\"],\"inLanguage\":\"fr-FR\",\"potentialAction\":[{\"@type\":\"CommentAction\",\"name\":\"Comment\",\"target\":[\"https:\\\/\\\/lasentinelle.dz\\\/index.php\\\/2022\\\/10\\\/18\\\/biden-annonce-la-liberation-des-stocks-strategiques-crise-energetique-loccident-en-mal-de-solutions\\\/#respond\"]}]},{\"@type\":\"WebPage\",\"@id\":\"https:\\\/\\\/lasentinelle.dz\\\/index.php\\\/2022\\\/10\\\/18\\\/biden-annonce-la-liberation-des-stocks-strategiques-crise-energetique-loccident-en-mal-de-solutions\\\/\",\"url\":\"https:\\\/\\\/lasentinelle.dz\\\/index.php\\\/2022\\\/10\\\/18\\\/biden-annonce-la-liberation-des-stocks-strategiques-crise-energetique-loccident-en-mal-de-solutions\\\/\",\"name\":\"Biden annonce la lib\u00e9ration des stocks strat\u00e9giques\u00a0: Crise \u00e9nerg\u00e9tique\u00a0: l\u2019Occident en mal de solutions - La Sentinelle\",\"isPartOf\":{\"@id\":\"https:\\\/\\\/lasentinelle.dz\\\/#website\"},\"primaryImageOfPage\":{\"@id\":\"https:\\\/\\\/lasentinelle.dz\\\/index.php\\\/2022\\\/10\\\/18\\\/biden-annonce-la-liberation-des-stocks-strategiques-crise-energetique-loccident-en-mal-de-solutions\\\/#primaryimage\"},\"image\":{\"@id\":\"https:\\\/\\\/lasentinelle.dz\\\/index.php\\\/2022\\\/10\\\/18\\\/biden-annonce-la-liberation-des-stocks-strategiques-crise-energetique-loccident-en-mal-de-solutions\\\/#primaryimage\"},\"thumbnailUrl\":\"https:\\\/\\\/lasentinelle.dz\\\/wp-content\\\/uploads\\\/2022\\\/10\\\/biden.png\",\"datePublished\":\"2022-10-18T21:05:00+00:00\",\"breadcrumb\":{\"@id\":\"https:\\\/\\\/lasentinelle.dz\\\/index.php\\\/2022\\\/10\\\/18\\\/biden-annonce-la-liberation-des-stocks-strategiques-crise-energetique-loccident-en-mal-de-solutions\\\/#breadcrumb\"},\"inLanguage\":\"fr-FR\",\"potentialAction\":[{\"@type\":\"ReadAction\",\"target\":[\"https:\\\/\\\/lasentinelle.dz\\\/index.php\\\/2022\\\/10\\\/18\\\/biden-annonce-la-liberation-des-stocks-strategiques-crise-energetique-loccident-en-mal-de-solutions\\\/\"]}]},{\"@type\":\"ImageObject\",\"inLanguage\":\"fr-FR\",\"@id\":\"https:\\\/\\\/lasentinelle.dz\\\/index.php\\\/2022\\\/10\\\/18\\\/biden-annonce-la-liberation-des-stocks-strategiques-crise-energetique-loccident-en-mal-de-solutions\\\/#primaryimage\",\"url\":\"https:\\\/\\\/lasentinelle.dz\\\/wp-content\\\/uploads\\\/2022\\\/10\\\/biden.png\",\"contentUrl\":\"https:\\\/\\\/lasentinelle.dz\\\/wp-content\\\/uploads\\\/2022\\\/10\\\/biden.png\",\"width\":1350,\"height\":900},{\"@type\":\"BreadcrumbList\",\"@id\":\"https:\\\/\\\/lasentinelle.dz\\\/index.php\\\/2022\\\/10\\\/18\\\/biden-annonce-la-liberation-des-stocks-strategiques-crise-energetique-loccident-en-mal-de-solutions\\\/#breadcrumb\",\"itemListElement\":[{\"@type\":\"ListItem\",\"position\":1,\"name\":\"Accueil\",\"item\":\"https:\\\/\\\/lasentinelle.dz\\\/\"},{\"@type\":\"ListItem\",\"position\":2,\"name\":\"Biden annonce la lib\u00e9ration des stocks strat\u00e9giques\u00a0: Crise \u00e9nerg\u00e9tique\u00a0: l\u2019Occident en mal de solutions\"}]},{\"@type\":\"WebSite\",\"@id\":\"https:\\\/\\\/lasentinelle.dz\\\/#website\",\"url\":\"https:\\\/\\\/lasentinelle.dz\\\/\",\"name\":\"La Sentinelle\",\"description\":\"Quotidien national d&#039;information\",\"publisher\":{\"@id\":\"https:\\\/\\\/lasentinelle.dz\\\/#organization\"},\"potentialAction\":[{\"@type\":\"SearchAction\",\"target\":{\"@type\":\"EntryPoint\",\"urlTemplate\":\"https:\\\/\\\/lasentinelle.dz\\\/?s={search_term_string}\"},\"query-input\":{\"@type\":\"PropertyValueSpecification\",\"valueRequired\":true,\"valueName\":\"search_term_string\"}}],\"inLanguage\":\"fr-FR\"},{\"@type\":\"Organization\",\"@id\":\"https:\\\/\\\/lasentinelle.dz\\\/#organization\",\"name\":\"Quotidien La Sentinelle\",\"url\":\"https:\\\/\\\/lasentinelle.dz\\\/\",\"logo\":{\"@type\":\"ImageObject\",\"inLanguage\":\"fr-FR\",\"@id\":\"https:\\\/\\\/lasentinelle.dz\\\/#\\\/schema\\\/logo\\\/image\\\/\",\"url\":\"https:\\\/\\\/lasentinelle.dz\\\/wp-content\\\/uploads\\\/2021\\\/09\\\/logo-sentinelleSLOGAN-1.png\",\"contentUrl\":\"https:\\\/\\\/lasentinelle.dz\\\/wp-content\\\/uploads\\\/2021\\\/09\\\/logo-sentinelleSLOGAN-1.png\",\"width\":615,\"height\":142,\"caption\":\"Quotidien La Sentinelle\"},\"image\":{\"@id\":\"https:\\\/\\\/lasentinelle.dz\\\/#\\\/schema\\\/logo\\\/image\\\/\"},\"sameAs\":[\"https:\\\/\\\/www.facebook.com\\\/La-Sentinelle-104059864394773\"]},{\"@type\":\"Person\",\"@id\":\"https:\\\/\\\/lasentinelle.dz\\\/#\\\/schema\\\/person\\\/d865044e22e70a75174ce8bcad3acfb3\",\"name\":\"La Sentinelle\",\"image\":{\"@type\":\"ImageObject\",\"inLanguage\":\"fr-FR\",\"@id\":\"https:\\\/\\\/secure.gravatar.com\\\/avatar\\\/57de8e5d4b15d43fb361a71fbb36338450fe67865b528a43dd10ef7c51a20392?s=96&d=mm&r=g\",\"url\":\"https:\\\/\\\/secure.gravatar.com\\\/avatar\\\/57de8e5d4b15d43fb361a71fbb36338450fe67865b528a43dd10ef7c51a20392?s=96&d=mm&r=g\",\"contentUrl\":\"https:\\\/\\\/secure.gravatar.com\\\/avatar\\\/57de8e5d4b15d43fb361a71fbb36338450fe67865b528a43dd10ef7c51a20392?s=96&d=mm&r=g\",\"caption\":\"La Sentinelle\"},\"sameAs\":[\"http:\\\/\\\/www.lasentinelle.dz\"],\"url\":\"https:\\\/\\\/lasentinelle.dz\\\/author\\\/redaction\\\/\"}]}<\/script>\n<!-- \/ Yoast SEO plugin. -->","yoast_head_json":{"title":"Biden annonce la lib\u00e9ration des stocks strat\u00e9giques\u00a0: Crise \u00e9nerg\u00e9tique\u00a0: l\u2019Occident en mal de solutions - La Sentinelle","robots":{"index":"index","follow":"follow","max-snippet":"max-snippet:-1","max-image-preview":"max-image-preview:large","max-video-preview":"max-video-preview:-1"},"canonical":"https:\/\/lasentinelle.dz\/index.php\/2022\/10\/18\/biden-annonce-la-liberation-des-stocks-strategiques-crise-energetique-loccident-en-mal-de-solutions\/","og_locale":"fr_FR","og_type":"article","og_title":"Biden annonce la lib\u00e9ration des stocks strat\u00e9giques\u00a0: Crise \u00e9nerg\u00e9tique\u00a0: l\u2019Occident en mal de solutions - La Sentinelle","og_description":"La crise \u00e9nerg\u00e9tique alimente le m\u00e9contentement des populations et risque d\u2019emporter de nombreux gouvernements europ\u00e9ens. Les plans d\u2019\u00e9conomies d\u2019\u00e9nergie annonc\u00e9es","og_url":"https:\/\/lasentinelle.dz\/index.php\/2022\/10\/18\/biden-annonce-la-liberation-des-stocks-strategiques-crise-energetique-loccident-en-mal-de-solutions\/","og_site_name":"La Sentinelle","article_publisher":"https:\/\/www.facebook.com\/La-Sentinelle-104059864394773","article_published_time":"2022-10-18T21:05:00+00:00","og_image":[{"width":1350,"height":900,"url":"https:\/\/lasentinelle.dz\/wp-content\/uploads\/2022\/10\/biden.png","type":"image\/png"}],"author":"La Sentinelle","twitter_card":"summary_large_image","twitter_misc":{"\u00c9crit par":"La Sentinelle","Dur\u00e9e de lecture estim\u00e9e":"3 minutes"},"schema":{"@context":"https:\/\/schema.org","@graph":[{"@type":"Article","@id":"https:\/\/lasentinelle.dz\/index.php\/2022\/10\/18\/biden-annonce-la-liberation-des-stocks-strategiques-crise-energetique-loccident-en-mal-de-solutions\/#article","isPartOf":{"@id":"https:\/\/lasentinelle.dz\/index.php\/2022\/10\/18\/biden-annonce-la-liberation-des-stocks-strategiques-crise-energetique-loccident-en-mal-de-solutions\/"},"author":{"name":"La Sentinelle","@id":"https:\/\/lasentinelle.dz\/#\/schema\/person\/d865044e22e70a75174ce8bcad3acfb3"},"headline":"Biden annonce la lib\u00e9ration des stocks strat\u00e9giques\u00a0: Crise \u00e9nerg\u00e9tique\u00a0: l\u2019Occident en mal de solutions","datePublished":"2022-10-18T21:05:00+00:00","mainEntityOfPage":{"@id":"https:\/\/lasentinelle.dz\/index.php\/2022\/10\/18\/biden-annonce-la-liberation-des-stocks-strategiques-crise-energetique-loccident-en-mal-de-solutions\/"},"wordCount":673,"commentCount":0,"publisher":{"@id":"https:\/\/lasentinelle.dz\/#organization"},"image":{"@id":"https:\/\/lasentinelle.dz\/index.php\/2022\/10\/18\/biden-annonce-la-liberation-des-stocks-strategiques-crise-energetique-loccident-en-mal-de-solutions\/#primaryimage"},"thumbnailUrl":"https:\/\/lasentinelle.dz\/wp-content\/uploads\/2022\/10\/biden.png","articleSection":["Actualit\u00e9"],"inLanguage":"fr-FR","potentialAction":[{"@type":"CommentAction","name":"Comment","target":["https:\/\/lasentinelle.dz\/index.php\/2022\/10\/18\/biden-annonce-la-liberation-des-stocks-strategiques-crise-energetique-loccident-en-mal-de-solutions\/#respond"]}]},{"@type":"WebPage","@id":"https:\/\/lasentinelle.dz\/index.php\/2022\/10\/18\/biden-annonce-la-liberation-des-stocks-strategiques-crise-energetique-loccident-en-mal-de-solutions\/","url":"https:\/\/lasentinelle.dz\/index.php\/2022\/10\/18\/biden-annonce-la-liberation-des-stocks-strategiques-crise-energetique-loccident-en-mal-de-solutions\/","name":"Biden annonce la lib\u00e9ration des stocks strat\u00e9giques\u00a0: Crise \u00e9nerg\u00e9tique\u00a0: l\u2019Occident en mal de solutions - La Sentinelle","isPartOf":{"@id":"https:\/\/lasentinelle.dz\/#website"},"primaryImageOfPage":{"@id":"https:\/\/lasentinelle.dz\/index.php\/2022\/10\/18\/biden-annonce-la-liberation-des-stocks-strategiques-crise-energetique-loccident-en-mal-de-solutions\/#primaryimage"},"image":{"@id":"https:\/\/lasentinelle.dz\/index.php\/2022\/10\/18\/biden-annonce-la-liberation-des-stocks-strategiques-crise-energetique-loccident-en-mal-de-solutions\/#primaryimage"},"thumbnailUrl":"https:\/\/lasentinelle.dz\/wp-content\/uploads\/2022\/10\/biden.png","datePublished":"2022-10-18T21:05:00+00:00","breadcrumb":{"@id":"https:\/\/lasentinelle.dz\/index.php\/2022\/10\/18\/biden-annonce-la-liberation-des-stocks-strategiques-crise-energetique-loccident-en-mal-de-solutions\/#breadcrumb"},"inLanguage":"fr-FR","potentialAction":[{"@type":"ReadAction","target":["https:\/\/lasentinelle.dz\/index.php\/2022\/10\/18\/biden-annonce-la-liberation-des-stocks-strategiques-crise-energetique-loccident-en-mal-de-solutions\/"]}]},{"@type":"ImageObject","inLanguage":"fr-FR","@id":"https:\/\/lasentinelle.dz\/index.php\/2022\/10\/18\/biden-annonce-la-liberation-des-stocks-strategiques-crise-energetique-loccident-en-mal-de-solutions\/#primaryimage","url":"https:\/\/lasentinelle.dz\/wp-content\/uploads\/2022\/10\/biden.png","contentUrl":"https:\/\/lasentinelle.dz\/wp-content\/uploads\/2022\/10\/biden.png","width":1350,"height":900},{"@type":"BreadcrumbList","@id":"https:\/\/lasentinelle.dz\/index.php\/2022\/10\/18\/biden-annonce-la-liberation-des-stocks-strategiques-crise-energetique-loccident-en-mal-de-solutions\/#breadcrumb","itemListElement":[{"@type":"ListItem","position":1,"name":"Accueil","item":"https:\/\/lasentinelle.dz\/"},{"@type":"ListItem","position":2,"name":"Biden annonce la lib\u00e9ration des stocks strat\u00e9giques\u00a0: Crise \u00e9nerg\u00e9tique\u00a0: l\u2019Occident en mal de solutions"}]},{"@type":"WebSite","@id":"https:\/\/lasentinelle.dz\/#website","url":"https:\/\/lasentinelle.dz\/","name":"La Sentinelle","description":"Quotidien national d&#039;information","publisher":{"@id":"https:\/\/lasentinelle.dz\/#organization"},"potentialAction":[{"@type":"SearchAction","target":{"@type":"EntryPoint","urlTemplate":"https:\/\/lasentinelle.dz\/?s={search_term_string}"},"query-input":{"@type":"PropertyValueSpecification","valueRequired":true,"valueName":"search_term_string"}}],"inLanguage":"fr-FR"},{"@type":"Organization","@id":"https:\/\/lasentinelle.dz\/#organization","name":"Quotidien La Sentinelle","url":"https:\/\/lasentinelle.dz\/","logo":{"@type":"ImageObject","inLanguage":"fr-FR","@id":"https:\/\/lasentinelle.dz\/#\/schema\/logo\/image\/","url":"https:\/\/lasentinelle.dz\/wp-content\/uploads\/2021\/09\/logo-sentinelleSLOGAN-1.png","contentUrl":"https:\/\/lasentinelle.dz\/wp-content\/uploads\/2021\/09\/logo-sentinelleSLOGAN-1.png","width":615,"height":142,"caption":"Quotidien La Sentinelle"},"image":{"@id":"https:\/\/lasentinelle.dz\/#\/schema\/logo\/image\/"},"sameAs":["https:\/\/www.facebook.com\/La-Sentinelle-104059864394773"]},{"@type":"Person","@id":"https:\/\/lasentinelle.dz\/#\/schema\/person\/d865044e22e70a75174ce8bcad3acfb3","name":"La Sentinelle","image":{"@type":"ImageObject","inLanguage":"fr-FR","@id":"https:\/\/secure.gravatar.com\/avatar\/57de8e5d4b15d43fb361a71fbb36338450fe67865b528a43dd10ef7c51a20392?s=96&d=mm&r=g","url":"https:\/\/secure.gravatar.com\/avatar\/57de8e5d4b15d43fb361a71fbb36338450fe67865b528a43dd10ef7c51a20392?s=96&d=mm&r=g","contentUrl":"https:\/\/secure.gravatar.com\/avatar\/57de8e5d4b15d43fb361a71fbb36338450fe67865b528a43dd10ef7c51a20392?s=96&d=mm&r=g","caption":"La Sentinelle"},"sameAs":["http:\/\/www.lasentinelle.dz"],"url":"https:\/\/lasentinelle.dz\/author\/redaction\/"}]}},"_links":{"self":[{"href":"https:\/\/lasentinelle.dz\/index.php\/wp-json\/wp\/v2\/posts\/29219","targetHints":{"allow":["GET"]}}],"collection":[{"href":"https:\/\/lasentinelle.dz\/index.php\/wp-json\/wp\/v2\/posts"}],"about":[{"href":"https:\/\/lasentinelle.dz\/index.php\/wp-json\/wp\/v2\/types\/post"}],"author":[{"embeddable":true,"href":"https:\/\/lasentinelle.dz\/index.php\/wp-json\/wp\/v2\/users\/3"}],"replies":[{"embeddable":true,"href":"https:\/\/lasentinelle.dz\/index.php\/wp-json\/wp\/v2\/comments?post=29219"}],"version-history":[{"count":1,"href":"https:\/\/lasentinelle.dz\/index.php\/wp-json\/wp\/v2\/posts\/29219\/revisions"}],"predecessor-version":[{"id":29225,"href":"https:\/\/lasentinelle.dz\/index.php\/wp-json\/wp\/v2\/posts\/29219\/revisions\/29225"}],"wp:featuredmedia":[{"embeddable":true,"href":"https:\/\/lasentinelle.dz\/index.php\/wp-json\/wp\/v2\/media\/29223"}],"wp:attachment":[{"href":"https:\/\/lasentinelle.dz\/index.php\/wp-json\/wp\/v2\/media?parent=29219"}],"wp:term":[{"taxonomy":"category","embeddable":true,"href":"https:\/\/lasentinelle.dz\/index.php\/wp-json\/wp\/v2\/categories?post=29219"},{"taxonomy":"post_tag","embeddable":true,"href":"https:\/\/lasentinelle.dz\/index.php\/wp-json\/wp\/v2\/tags?post=29219"}],"curies":[{"name":"wp","href":"https:\/\/api.w.org\/{rel}","templated":true}]}}