{"id":29257,"date":"2022-10-19T22:08:00","date_gmt":"2022-10-19T21:08:00","guid":{"rendered":"https:\/\/lasentinelle.dz\/?p=29257"},"modified":"2022-10-19T20:42:19","modified_gmt":"2022-10-19T19:42:19","slug":"guerre-en-ukraine-leurope-face-au-risque-de-guerres-civiles","status":"publish","type":"post","link":"https:\/\/lasentinelle.dz\/index.php\/2022\/10\/19\/guerre-en-ukraine-leurope-face-au-risque-de-guerres-civiles\/","title":{"rendered":"Guerre en Ukraine\u00a0: L\u2019Europe face au risque de guerres civiles"},"content":{"rendered":"\n<p>La crise \u00e9nerg\u00e9tique issue du conflit ukrainien pourrait faire basculer l\u2019Europe dans d\u2019importants troubles civils, affirme l\u2019historien hongrois Laszlo Bernat Veszpremy.<\/p>\n\n\n\n<p>Alors que la grogne sociale monte en France et que les manifestations se multiplient, c\u2019est toute l\u2019Europe qui pourrait bient\u00f4t s\u2019embraser, a affirm\u00e9 l\u2019historien hongrois Laszlo Bernat Veszpremy, dans un article publi\u00e9 par The American Conservative repris hier par le site russe Sputnik.L\u2019historien estime que la crise de l\u2019\u00e9nergie pourrait se conjuguer \u00e0 d\u2019autres ph\u00e9nom\u00e8nes, comme la crise de l\u2019immigration, pour se transformer en troubles civiles. En plus du ras-le-bol des populations contre la vie ch\u00e8re, des \u00e9meutes pourraient ainsi survenir dans les quartiers \u00e0 fortes proportions d\u2019immigr\u00e9es. Des frictions avec l\u2019extr\u00eame droite radicale pourraient aussi survenir. \u00ab\u00a0L&rsquo;Europe a connu des crises sociales croissantes au cours des dix derni\u00e8res ann\u00e9es, depuis l\u2019augmentation majeure du co\u00fbt de la vie jusqu\u2019\u00e0 l&rsquo;immigration massive, en passant par les confinements. Un hiver sans \u00e9nergie pourrait s&rsquo;av\u00e9rer \u00eatre la goutte d&rsquo;eau qui fait d\u00e9border le vase\u00a0\u00bb, \u00e9crit ainsi Laszlo Bernat Veszpremy.<\/p>\n\n\n\n<p>Le constat de l\u2019historien hongrois est partag\u00e9 par plusieurs autres observateurs. La crise de l\u2019\u00e9nergie pourrait entra\u00eener des r\u00e9actions en cha\u00eene allant jusqu\u2019\u00e0 la perturbation des r\u00e9seaux de t\u00e9l\u00e9phonie, aux cons\u00e9quences difficilement cernables. \u00ab\u00a0S&rsquo;il y a des coupures de courant, si les gens ont froid, s&rsquo;il y a des p\u00e9nuries alimentaires, si les r\u00e9seaux de t\u00e9l\u00e9phonie mobile tombent en panne, les r\u00e9sultats seront impr\u00e9visibles\u00a0\u00bb, explique ainsi le politologue John Laughland, chercheur invit\u00e9 au Matthias Corvinus Collegium.Pour l\u2019heure, la grogne sociale ne s\u2019est pas mu\u00e9e en troubles d\u2019ampleur, mais les manifestations se multiplient en Europe. En France, les employ\u00e9s de TotalEnergies et Esso se sont mis en gr\u00e8ve, entra\u00eenant une p\u00e9nurie de carburant. Une marche contre la vie ch\u00e8re a eu lieu \u00e0 Paris le 16 octobre, rassemblant 30.000 protestataires selon la police et 140.000 selon les organisateurs.<\/p>\n\n\n\n<p>Mardi, une nouvelle mobilisation a eu lieu en France pour la hausse des salaires et contre les r\u00e9quisitions de gr\u00e9vistes. Des manifestations anti-gouvernementales avaient \u00e9galement eu lieu d\u00e9but septembre, en Allemagne, aux Pays-Bas et en R\u00e9publique tch\u00e8que. Certains manifestants avaient parfois li\u00e9 l\u2019Ukraine \u00e0 leur contestation sociale, demandant l\u2019arr\u00eat des livraisons d\u2019armes occidentales, la lev\u00e9e des sanctions ou la tenue de pourparlers. \u00ab\u00a0Les gens exhortent l\u2019Occident \u00e0 faire des compromis\u00a0\u00bb, r\u00e9sumait r\u00e9cemment \u00e0 Sputnik Yang Mian, analyste de l\u2019universit\u00e9 de communication de Chine.<\/p>\n\n\n\n<p>R.I.<\/p>\n","protected":false},"excerpt":{"rendered":"<p>La crise \u00e9nerg\u00e9tique issue du conflit ukrainien pourrait faire basculer l\u2019Europe dans d\u2019importants troubles civils, affirme l\u2019historien hongrois Laszlo Bernat<\/p>\n","protected":false},"author":3,"featured_media":29268,"comment_status":"open","ping_status":"closed","sticky":false,"template":"","format":"standard","meta":{"colormag_page_container_layout":"default_layout","colormag_page_sidebar_layout":"default_layout","om_disable_all_campaigns":false,"_monsterinsights_skip_tracking":false,"_monsterinsights_sitenote_active":false,"_monsterinsights_sitenote_note":"","_monsterinsights_sitenote_category":0,"footnotes":"","_wpscppro_dont_share_socialmedia":false,"_wpscppro_custom_social_share_image":0,"_facebook_share_type":"","_twitter_share_type":"","_linkedin_share_type":"","_pinterest_share_type":"","_linkedin_share_type_page":"","_instagram_share_type":"","_medium_share_type":"","_threads_share_type":"","_google_business_share_type":"","_selected_social_profile":[],"_wpsp_enable_custom_social_template":false,"_wpsp_social_scheduling":{"enabled":false,"datetime":null,"platforms":[],"status":"template_only","dateOption":"today","timeOption":"now","customDays":"","customHours":"","customDate":"","customTime":"","schedulingType":"absolute"},"_wpsp_active_default_template":true},"categories":[52,37],"tags":[],"class_list":["post-29257","post","type-post","status-publish","format-standard","has-post-thumbnail","hentry","category-a-la-une","category-monde"],"aioseo_notices":[],"yoast_head":"<!-- This site is optimized with the Yoast SEO plugin v27.5 - https:\/\/yoast.com\/product\/yoast-seo-wordpress\/ -->\n<title>Guerre en Ukraine\u00a0: L\u2019Europe face au risque de guerres civiles - La Sentinelle<\/title>\n<meta name=\"robots\" content=\"index, follow, max-snippet:-1, max-image-preview:large, max-video-preview:-1\" \/>\n<link rel=\"canonical\" href=\"https:\/\/lasentinelle.dz\/index.php\/2022\/10\/19\/guerre-en-ukraine-leurope-face-au-risque-de-guerres-civiles\/\" \/>\n<meta property=\"og:locale\" content=\"fr_FR\" \/>\n<meta property=\"og:type\" content=\"article\" \/>\n<meta property=\"og:title\" content=\"Guerre en Ukraine\u00a0: L\u2019Europe face au risque de guerres civiles - La Sentinelle\" \/>\n<meta property=\"og:description\" content=\"La crise \u00e9nerg\u00e9tique issue du conflit ukrainien pourrait faire basculer l\u2019Europe dans d\u2019importants troubles civils, affirme l\u2019historien hongrois Laszlo Bernat\" \/>\n<meta property=\"og:url\" content=\"https:\/\/lasentinelle.dz\/index.php\/2022\/10\/19\/guerre-en-ukraine-leurope-face-au-risque-de-guerres-civiles\/\" \/>\n<meta property=\"og:site_name\" content=\"La Sentinelle\" \/>\n<meta property=\"article:publisher\" content=\"https:\/\/www.facebook.com\/La-Sentinelle-104059864394773\" \/>\n<meta property=\"article:published_time\" content=\"2022-10-19T21:08:00+00:00\" \/>\n<meta property=\"og:image\" content=\"https:\/\/lasentinelle.dz\/wp-content\/uploads\/2022\/10\/manif.png\" \/>\n\t<meta property=\"og:image:width\" content=\"1600\" \/>\n\t<meta property=\"og:image:height\" content=\"900\" \/>\n\t<meta property=\"og:image:type\" content=\"image\/png\" \/>\n<meta name=\"author\" content=\"La Sentinelle\" \/>\n<meta name=\"twitter:card\" content=\"summary_large_image\" \/>\n<meta name=\"twitter:label1\" content=\"\u00c9crit par\" \/>\n\t<meta name=\"twitter:data1\" content=\"La Sentinelle\" \/>\n\t<meta name=\"twitter:label2\" content=\"Dur\u00e9e de lecture estim\u00e9e\" \/>\n\t<meta name=\"twitter:data2\" content=\"2 minutes\" \/>\n<script type=\"application\/ld+json\" class=\"yoast-schema-graph\">{\"@context\":\"https:\\\/\\\/schema.org\",\"@graph\":[{\"@type\":\"Article\",\"@id\":\"https:\\\/\\\/lasentinelle.dz\\\/index.php\\\/2022\\\/10\\\/19\\\/guerre-en-ukraine-leurope-face-au-risque-de-guerres-civiles\\\/#article\",\"isPartOf\":{\"@id\":\"https:\\\/\\\/lasentinelle.dz\\\/index.php\\\/2022\\\/10\\\/19\\\/guerre-en-ukraine-leurope-face-au-risque-de-guerres-civiles\\\/\"},\"author\":{\"name\":\"La Sentinelle\",\"@id\":\"https:\\\/\\\/lasentinelle.dz\\\/#\\\/schema\\\/person\\\/d865044e22e70a75174ce8bcad3acfb3\"},\"headline\":\"Guerre en Ukraine\u00a0: L\u2019Europe face au risque de guerres civiles\",\"datePublished\":\"2022-10-19T21:08:00+00:00\",\"mainEntityOfPage\":{\"@id\":\"https:\\\/\\\/lasentinelle.dz\\\/index.php\\\/2022\\\/10\\\/19\\\/guerre-en-ukraine-leurope-face-au-risque-de-guerres-civiles\\\/\"},\"wordCount\":463,\"commentCount\":0,\"publisher\":{\"@id\":\"https:\\\/\\\/lasentinelle.dz\\\/#organization\"},\"image\":{\"@id\":\"https:\\\/\\\/lasentinelle.dz\\\/index.php\\\/2022\\\/10\\\/19\\\/guerre-en-ukraine-leurope-face-au-risque-de-guerres-civiles\\\/#primaryimage\"},\"thumbnailUrl\":\"https:\\\/\\\/lasentinelle.dz\\\/wp-content\\\/uploads\\\/2022\\\/10\\\/manif.png\",\"articleSection\":[\"\u00c0 la Une\",\"Monde\"],\"inLanguage\":\"fr-FR\",\"potentialAction\":[{\"@type\":\"CommentAction\",\"name\":\"Comment\",\"target\":[\"https:\\\/\\\/lasentinelle.dz\\\/index.php\\\/2022\\\/10\\\/19\\\/guerre-en-ukraine-leurope-face-au-risque-de-guerres-civiles\\\/#respond\"]}]},{\"@type\":\"WebPage\",\"@id\":\"https:\\\/\\\/lasentinelle.dz\\\/index.php\\\/2022\\\/10\\\/19\\\/guerre-en-ukraine-leurope-face-au-risque-de-guerres-civiles\\\/\",\"url\":\"https:\\\/\\\/lasentinelle.dz\\\/index.php\\\/2022\\\/10\\\/19\\\/guerre-en-ukraine-leurope-face-au-risque-de-guerres-civiles\\\/\",\"name\":\"Guerre en Ukraine\u00a0: L\u2019Europe face au risque de guerres civiles - La Sentinelle\",\"isPartOf\":{\"@id\":\"https:\\\/\\\/lasentinelle.dz\\\/#website\"},\"primaryImageOfPage\":{\"@id\":\"https:\\\/\\\/lasentinelle.dz\\\/index.php\\\/2022\\\/10\\\/19\\\/guerre-en-ukraine-leurope-face-au-risque-de-guerres-civiles\\\/#primaryimage\"},\"image\":{\"@id\":\"https:\\\/\\\/lasentinelle.dz\\\/index.php\\\/2022\\\/10\\\/19\\\/guerre-en-ukraine-leurope-face-au-risque-de-guerres-civiles\\\/#primaryimage\"},\"thumbnailUrl\":\"https:\\\/\\\/lasentinelle.dz\\\/wp-content\\\/uploads\\\/2022\\\/10\\\/manif.png\",\"datePublished\":\"2022-10-19T21:08:00+00:00\",\"breadcrumb\":{\"@id\":\"https:\\\/\\\/lasentinelle.dz\\\/index.php\\\/2022\\\/10\\\/19\\\/guerre-en-ukraine-leurope-face-au-risque-de-guerres-civiles\\\/#breadcrumb\"},\"inLanguage\":\"fr-FR\",\"potentialAction\":[{\"@type\":\"ReadAction\",\"target\":[\"https:\\\/\\\/lasentinelle.dz\\\/index.php\\\/2022\\\/10\\\/19\\\/guerre-en-ukraine-leurope-face-au-risque-de-guerres-civiles\\\/\"]}]},{\"@type\":\"ImageObject\",\"inLanguage\":\"fr-FR\",\"@id\":\"https:\\\/\\\/lasentinelle.dz\\\/index.php\\\/2022\\\/10\\\/19\\\/guerre-en-ukraine-leurope-face-au-risque-de-guerres-civiles\\\/#primaryimage\",\"url\":\"https:\\\/\\\/lasentinelle.dz\\\/wp-content\\\/uploads\\\/2022\\\/10\\\/manif.png\",\"contentUrl\":\"https:\\\/\\\/lasentinelle.dz\\\/wp-content\\\/uploads\\\/2022\\\/10\\\/manif.png\",\"width\":1600,\"height\":900},{\"@type\":\"BreadcrumbList\",\"@id\":\"https:\\\/\\\/lasentinelle.dz\\\/index.php\\\/2022\\\/10\\\/19\\\/guerre-en-ukraine-leurope-face-au-risque-de-guerres-civiles\\\/#breadcrumb\",\"itemListElement\":[{\"@type\":\"ListItem\",\"position\":1,\"name\":\"Accueil\",\"item\":\"https:\\\/\\\/lasentinelle.dz\\\/\"},{\"@type\":\"ListItem\",\"position\":2,\"name\":\"Guerre en Ukraine\u00a0: L\u2019Europe face au risque de guerres civiles\"}]},{\"@type\":\"WebSite\",\"@id\":\"https:\\\/\\\/lasentinelle.dz\\\/#website\",\"url\":\"https:\\\/\\\/lasentinelle.dz\\\/\",\"name\":\"La Sentinelle\",\"description\":\"Quotidien national d&#039;information\",\"publisher\":{\"@id\":\"https:\\\/\\\/lasentinelle.dz\\\/#organization\"},\"potentialAction\":[{\"@type\":\"SearchAction\",\"target\":{\"@type\":\"EntryPoint\",\"urlTemplate\":\"https:\\\/\\\/lasentinelle.dz\\\/?s={search_term_string}\"},\"query-input\":{\"@type\":\"PropertyValueSpecification\",\"valueRequired\":true,\"valueName\":\"search_term_string\"}}],\"inLanguage\":\"fr-FR\"},{\"@type\":\"Organization\",\"@id\":\"https:\\\/\\\/lasentinelle.dz\\\/#organization\",\"name\":\"Quotidien La Sentinelle\",\"url\":\"https:\\\/\\\/lasentinelle.dz\\\/\",\"logo\":{\"@type\":\"ImageObject\",\"inLanguage\":\"fr-FR\",\"@id\":\"https:\\\/\\\/lasentinelle.dz\\\/#\\\/schema\\\/logo\\\/image\\\/\",\"url\":\"https:\\\/\\\/lasentinelle.dz\\\/wp-content\\\/uploads\\\/2021\\\/09\\\/logo-sentinelleSLOGAN-1.png\",\"contentUrl\":\"https:\\\/\\\/lasentinelle.dz\\\/wp-content\\\/uploads\\\/2021\\\/09\\\/logo-sentinelleSLOGAN-1.png\",\"width\":615,\"height\":142,\"caption\":\"Quotidien La Sentinelle\"},\"image\":{\"@id\":\"https:\\\/\\\/lasentinelle.dz\\\/#\\\/schema\\\/logo\\\/image\\\/\"},\"sameAs\":[\"https:\\\/\\\/www.facebook.com\\\/La-Sentinelle-104059864394773\"]},{\"@type\":\"Person\",\"@id\":\"https:\\\/\\\/lasentinelle.dz\\\/#\\\/schema\\\/person\\\/d865044e22e70a75174ce8bcad3acfb3\",\"name\":\"La Sentinelle\",\"image\":{\"@type\":\"ImageObject\",\"inLanguage\":\"fr-FR\",\"@id\":\"https:\\\/\\\/secure.gravatar.com\\\/avatar\\\/57de8e5d4b15d43fb361a71fbb36338450fe67865b528a43dd10ef7c51a20392?s=96&d=mm&r=g\",\"url\":\"https:\\\/\\\/secure.gravatar.com\\\/avatar\\\/57de8e5d4b15d43fb361a71fbb36338450fe67865b528a43dd10ef7c51a20392?s=96&d=mm&r=g\",\"contentUrl\":\"https:\\\/\\\/secure.gravatar.com\\\/avatar\\\/57de8e5d4b15d43fb361a71fbb36338450fe67865b528a43dd10ef7c51a20392?s=96&d=mm&r=g\",\"caption\":\"La Sentinelle\"},\"sameAs\":[\"http:\\\/\\\/www.lasentinelle.dz\"],\"url\":\"https:\\\/\\\/lasentinelle.dz\\\/author\\\/redaction\\\/\"}]}<\/script>\n<!-- \/ Yoast SEO plugin. -->","yoast_head_json":{"title":"Guerre en Ukraine\u00a0: L\u2019Europe face au risque de guerres civiles - La Sentinelle","robots":{"index":"index","follow":"follow","max-snippet":"max-snippet:-1","max-image-preview":"max-image-preview:large","max-video-preview":"max-video-preview:-1"},"canonical":"https:\/\/lasentinelle.dz\/index.php\/2022\/10\/19\/guerre-en-ukraine-leurope-face-au-risque-de-guerres-civiles\/","og_locale":"fr_FR","og_type":"article","og_title":"Guerre en Ukraine\u00a0: L\u2019Europe face au risque de guerres civiles - La Sentinelle","og_description":"La crise \u00e9nerg\u00e9tique issue du conflit ukrainien pourrait faire basculer l\u2019Europe dans d\u2019importants troubles civils, affirme l\u2019historien hongrois Laszlo Bernat","og_url":"https:\/\/lasentinelle.dz\/index.php\/2022\/10\/19\/guerre-en-ukraine-leurope-face-au-risque-de-guerres-civiles\/","og_site_name":"La Sentinelle","article_publisher":"https:\/\/www.facebook.com\/La-Sentinelle-104059864394773","article_published_time":"2022-10-19T21:08:00+00:00","og_image":[{"width":1600,"height":900,"url":"https:\/\/lasentinelle.dz\/wp-content\/uploads\/2022\/10\/manif.png","type":"image\/png"}],"author":"La Sentinelle","twitter_card":"summary_large_image","twitter_misc":{"\u00c9crit par":"La Sentinelle","Dur\u00e9e de lecture estim\u00e9e":"2 minutes"},"schema":{"@context":"https:\/\/schema.org","@graph":[{"@type":"Article","@id":"https:\/\/lasentinelle.dz\/index.php\/2022\/10\/19\/guerre-en-ukraine-leurope-face-au-risque-de-guerres-civiles\/#article","isPartOf":{"@id":"https:\/\/lasentinelle.dz\/index.php\/2022\/10\/19\/guerre-en-ukraine-leurope-face-au-risque-de-guerres-civiles\/"},"author":{"name":"La Sentinelle","@id":"https:\/\/lasentinelle.dz\/#\/schema\/person\/d865044e22e70a75174ce8bcad3acfb3"},"headline":"Guerre en Ukraine\u00a0: L\u2019Europe face au risque de guerres civiles","datePublished":"2022-10-19T21:08:00+00:00","mainEntityOfPage":{"@id":"https:\/\/lasentinelle.dz\/index.php\/2022\/10\/19\/guerre-en-ukraine-leurope-face-au-risque-de-guerres-civiles\/"},"wordCount":463,"commentCount":0,"publisher":{"@id":"https:\/\/lasentinelle.dz\/#organization"},"image":{"@id":"https:\/\/lasentinelle.dz\/index.php\/2022\/10\/19\/guerre-en-ukraine-leurope-face-au-risque-de-guerres-civiles\/#primaryimage"},"thumbnailUrl":"https:\/\/lasentinelle.dz\/wp-content\/uploads\/2022\/10\/manif.png","articleSection":["\u00c0 la Une","Monde"],"inLanguage":"fr-FR","potentialAction":[{"@type":"CommentAction","name":"Comment","target":["https:\/\/lasentinelle.dz\/index.php\/2022\/10\/19\/guerre-en-ukraine-leurope-face-au-risque-de-guerres-civiles\/#respond"]}]},{"@type":"WebPage","@id":"https:\/\/lasentinelle.dz\/index.php\/2022\/10\/19\/guerre-en-ukraine-leurope-face-au-risque-de-guerres-civiles\/","url":"https:\/\/lasentinelle.dz\/index.php\/2022\/10\/19\/guerre-en-ukraine-leurope-face-au-risque-de-guerres-civiles\/","name":"Guerre en Ukraine\u00a0: L\u2019Europe face au risque de guerres civiles - La Sentinelle","isPartOf":{"@id":"https:\/\/lasentinelle.dz\/#website"},"primaryImageOfPage":{"@id":"https:\/\/lasentinelle.dz\/index.php\/2022\/10\/19\/guerre-en-ukraine-leurope-face-au-risque-de-guerres-civiles\/#primaryimage"},"image":{"@id":"https:\/\/lasentinelle.dz\/index.php\/2022\/10\/19\/guerre-en-ukraine-leurope-face-au-risque-de-guerres-civiles\/#primaryimage"},"thumbnailUrl":"https:\/\/lasentinelle.dz\/wp-content\/uploads\/2022\/10\/manif.png","datePublished":"2022-10-19T21:08:00+00:00","breadcrumb":{"@id":"https:\/\/lasentinelle.dz\/index.php\/2022\/10\/19\/guerre-en-ukraine-leurope-face-au-risque-de-guerres-civiles\/#breadcrumb"},"inLanguage":"fr-FR","potentialAction":[{"@type":"ReadAction","target":["https:\/\/lasentinelle.dz\/index.php\/2022\/10\/19\/guerre-en-ukraine-leurope-face-au-risque-de-guerres-civiles\/"]}]},{"@type":"ImageObject","inLanguage":"fr-FR","@id":"https:\/\/lasentinelle.dz\/index.php\/2022\/10\/19\/guerre-en-ukraine-leurope-face-au-risque-de-guerres-civiles\/#primaryimage","url":"https:\/\/lasentinelle.dz\/wp-content\/uploads\/2022\/10\/manif.png","contentUrl":"https:\/\/lasentinelle.dz\/wp-content\/uploads\/2022\/10\/manif.png","width":1600,"height":900},{"@type":"BreadcrumbList","@id":"https:\/\/lasentinelle.dz\/index.php\/2022\/10\/19\/guerre-en-ukraine-leurope-face-au-risque-de-guerres-civiles\/#breadcrumb","itemListElement":[{"@type":"ListItem","position":1,"name":"Accueil","item":"https:\/\/lasentinelle.dz\/"},{"@type":"ListItem","position":2,"name":"Guerre en Ukraine\u00a0: L\u2019Europe face au risque de guerres civiles"}]},{"@type":"WebSite","@id":"https:\/\/lasentinelle.dz\/#website","url":"https:\/\/lasentinelle.dz\/","name":"La Sentinelle","description":"Quotidien national d&#039;information","publisher":{"@id":"https:\/\/lasentinelle.dz\/#organization"},"potentialAction":[{"@type":"SearchAction","target":{"@type":"EntryPoint","urlTemplate":"https:\/\/lasentinelle.dz\/?s={search_term_string}"},"query-input":{"@type":"PropertyValueSpecification","valueRequired":true,"valueName":"search_term_string"}}],"inLanguage":"fr-FR"},{"@type":"Organization","@id":"https:\/\/lasentinelle.dz\/#organization","name":"Quotidien La Sentinelle","url":"https:\/\/lasentinelle.dz\/","logo":{"@type":"ImageObject","inLanguage":"fr-FR","@id":"https:\/\/lasentinelle.dz\/#\/schema\/logo\/image\/","url":"https:\/\/lasentinelle.dz\/wp-content\/uploads\/2021\/09\/logo-sentinelleSLOGAN-1.png","contentUrl":"https:\/\/lasentinelle.dz\/wp-content\/uploads\/2021\/09\/logo-sentinelleSLOGAN-1.png","width":615,"height":142,"caption":"Quotidien La Sentinelle"},"image":{"@id":"https:\/\/lasentinelle.dz\/#\/schema\/logo\/image\/"},"sameAs":["https:\/\/www.facebook.com\/La-Sentinelle-104059864394773"]},{"@type":"Person","@id":"https:\/\/lasentinelle.dz\/#\/schema\/person\/d865044e22e70a75174ce8bcad3acfb3","name":"La Sentinelle","image":{"@type":"ImageObject","inLanguage":"fr-FR","@id":"https:\/\/secure.gravatar.com\/avatar\/57de8e5d4b15d43fb361a71fbb36338450fe67865b528a43dd10ef7c51a20392?s=96&d=mm&r=g","url":"https:\/\/secure.gravatar.com\/avatar\/57de8e5d4b15d43fb361a71fbb36338450fe67865b528a43dd10ef7c51a20392?s=96&d=mm&r=g","contentUrl":"https:\/\/secure.gravatar.com\/avatar\/57de8e5d4b15d43fb361a71fbb36338450fe67865b528a43dd10ef7c51a20392?s=96&d=mm&r=g","caption":"La Sentinelle"},"sameAs":["http:\/\/www.lasentinelle.dz"],"url":"https:\/\/lasentinelle.dz\/author\/redaction\/"}]}},"_links":{"self":[{"href":"https:\/\/lasentinelle.dz\/index.php\/wp-json\/wp\/v2\/posts\/29257","targetHints":{"allow":["GET"]}}],"collection":[{"href":"https:\/\/lasentinelle.dz\/index.php\/wp-json\/wp\/v2\/posts"}],"about":[{"href":"https:\/\/lasentinelle.dz\/index.php\/wp-json\/wp\/v2\/types\/post"}],"author":[{"embeddable":true,"href":"https:\/\/lasentinelle.dz\/index.php\/wp-json\/wp\/v2\/users\/3"}],"replies":[{"embeddable":true,"href":"https:\/\/lasentinelle.dz\/index.php\/wp-json\/wp\/v2\/comments?post=29257"}],"version-history":[{"count":1,"href":"https:\/\/lasentinelle.dz\/index.php\/wp-json\/wp\/v2\/posts\/29257\/revisions"}],"predecessor-version":[{"id":29269,"href":"https:\/\/lasentinelle.dz\/index.php\/wp-json\/wp\/v2\/posts\/29257\/revisions\/29269"}],"wp:featuredmedia":[{"embeddable":true,"href":"https:\/\/lasentinelle.dz\/index.php\/wp-json\/wp\/v2\/media\/29268"}],"wp:attachment":[{"href":"https:\/\/lasentinelle.dz\/index.php\/wp-json\/wp\/v2\/media?parent=29257"}],"wp:term":[{"taxonomy":"category","embeddable":true,"href":"https:\/\/lasentinelle.dz\/index.php\/wp-json\/wp\/v2\/categories?post=29257"},{"taxonomy":"post_tag","embeddable":true,"href":"https:\/\/lasentinelle.dz\/index.php\/wp-json\/wp\/v2\/tags?post=29257"}],"curies":[{"name":"wp","href":"https:\/\/api.w.org\/{rel}","templated":true}]}}